{"id":52533,"date":"2022-02-23T16:04:35","date_gmt":"2022-02-23T15:04:35","guid":{"rendered":"https:\/\/schoenstattdev.wpenginepowered.com\/?p=23848"},"modified":"2025-05-16T00:40:31","modified_gmt":"2025-05-15T22:40:31","slug":"o-papa-convoca-dia-de-oracao-e-jejum-em-2-de-marco-a-paz-de-todos-esta-ameacada","status":"publish","type":"post","link":"https:\/\/schoenstatt.com\/pt-pt\/o-papa-convoca-dia-de-oracao-e-jejum-em-2-de-marco-a-paz-de-todos-esta-ameacada\/","title":{"rendered":"O Papa convoca Dia de ora\u00e7\u00e3o e jejum em 2 de mar\u00e7o: a paz de todos est\u00e1 amea\u00e7ada"},"content":{"rendered":"<p>&#8220;Pe\u00e7o a todas as partes envolvidas para que se abstenham de qualquer a\u00e7\u00e3o que possa causar ainda mais sofrimento \u00e0s popula\u00e7\u00f5es, desestabilizando a conviv\u00eancia entre as na\u00e7\u00f5es e desacreditando o direito internacional&#8221;. Dessa maneira o <a href=\"https:\/\/www.vaticannews.va\/pt.html\">Papa Francisco<\/a> no final da Audi\u00eancia Geral, falou sobre a situa\u00e7\u00e3o na Ucr\u00e2nia, apelando &#8220;aos que t\u00eam responsabilidade pol\u00edtica para fazer um s\u00e9rio exame de consci\u00eancia diante de Deus, que \u00e9 o Deus da paz e n\u00e3o da guerra&#8221; e que &#8220;quer que sejamos irm\u00e3os e n\u00e3o inimigos&#8221;. &#8220;Mais uma vez, a paz de todos est\u00e1 amea\u00e7ada por interesses de parte&#8221;.<\/p>\n<p><em><strong>Tenho uma grande tristeza em meu cora\u00e7\u00e3o com o agravamento da situa\u00e7\u00e3o na Ucr\u00e2nia. Apesar dos esfor\u00e7os diplom\u00e1ticos das \u00faltimas semanas, cen\u00e1rios cada vez mais alarmantes est\u00e3o se abrindo. Como eu, muitas pessoas ao redor do mundo est\u00e3o experimentando ang\u00fastia e preocupa\u00e7\u00e3o. Mais uma vez, a paz de todos est\u00e1 amea\u00e7ada por interesses de parte. Gostaria de apelar aos respons\u00e1veis pol\u00edticos para que fa\u00e7am um s\u00e9rio exame de consci\u00eancia diante de Deus, que \u00e9 o Deus da paz e n\u00e3o da guerra, o Pai de todos, n\u00e3o apenas de alguns, que quer que sejamos irm\u00e3os e n\u00e3o inimigos. Pe\u00e7o a todas as partes envolvidas que se abstenham de qualquer a\u00e7\u00e3o que possa causar ainda mais sofrimento \u00e0s popula\u00e7\u00f5es, desestabilizando a conviv\u00eancia entre as na\u00e7\u00f5es e desacreditando o direito internacional.<\/strong><\/em><\/p>\n<p><img fetchpriority=\"high\" decoding=\"async\" class=\"size-full wp-image-23845 aligncenter\" src=\"https:\/\/schoenstatt.com\/wp-content\/uploads\/2022\/02\/Ucrania-2-1.png\" alt=\"O Papa\" width=\"734\" height=\"394\" \/><\/p>\n<h3>E o Papa Francisco fez um apelo a todos, crentes e n\u00e3o crentes:<\/h3>\n<p>Jesus nos ensinou que \u00e0 insist\u00eancia diab\u00f3lica, \u00e0 diab\u00f3lica insensatez da viol\u00eancia se responde com as armas de Deus: com a ora\u00e7\u00e3o e o jejum. Convido a todos a fazerem no pr\u00f3ximo 2 de mar\u00e7o, Quarta-feira de Cinzas, um dia de jejum pela paz. Encorajo, de modo especial os crentes a se dedicarem intensamente \u00e0<a href=\"https:\/\/schoenstattdev.wpenginepowered.com\/pt-pt\/igreja\/praca-sao-pedro-em-silencio-na-oracao-pela-ucrania-todos-esforcos-pela-paz\/\"> ora\u00e7\u00e3o<\/a> e ao jejum naquele dia. Que a Rainha da Paz preserve o mundo da loucura da guerra.<\/p>\n","protected":false},"excerpt":{"rendered":"<p>Na Audi\u00eancia geral desta quarta-feira o Papa Francisco falou da sua tristeza sobre o agravamento da situa\u00e7\u00e3o na Ucr\u00e2nia e convocou um Dia de ora\u00e7\u00e3o e jejum pela paz.<\/p>\n","protected":false},"author":1,"featured_media":23838,"comment_status":"closed","ping_status":"closed","sticky":false,"template":"","format":"standard","meta":{"footnotes":""},"categories":[916],"tags":[],"class_list":["post-52533","post","type-post","status-publish","format-standard","has-post-thumbnail","hentry","category-espiritualidade-pt-pt"],"yoast_head":"<!-- This site is optimized with the Yoast SEO Premium plugin v27.4 (Yoast SEO v27.5) - https:\/\/yoast.com\/product\/yoast-seo-premium-wordpress\/ -->\n<title>O Papa convoca Dia de ora\u00e7\u00e3o e jejum em 2 de mar\u00e7o: a paz de todos est\u00e1 amea\u00e7ada - Schoenstatt<\/title>\n<meta name=\"description\" content=\"O Papa Francisco falou da sua tristeza sobre o agravamento da situa\u00e7\u00e3o na Ucr\u00e2nia e convocou um Dia de ora\u00e7\u00e3o e jejum pela paz.\" \/>\n<meta name=\"robots\" content=\"index, follow, max-snippet:-1, max-image-preview:large, max-video-preview:-1\" \/>\n<link rel=\"canonical\" href=\"https:\/\/schoenstatt.com\/pt-pt\/o-papa-convoca-dia-de-oracao-e-jejum-em-2-de-marco-a-paz-de-todos-esta-ameacada\/\" \/>\n<meta property=\"og:locale\" content=\"pt_PT\" \/>\n<meta property=\"og:type\" content=\"article\" \/>\n<meta property=\"og:title\" content=\"O Papa convoca Dia de ora\u00e7\u00e3o e jejum em 2 de mar\u00e7o: a paz de todos est\u00e1 amea\u00e7ada\" \/>\n<meta property=\"og:description\" content=\"O Papa Francisco falou da sua tristeza sobre o agravamento da situa\u00e7\u00e3o na Ucr\u00e2nia e convocou um Dia de ora\u00e7\u00e3o e jejum pela paz.\" \/>\n<meta property=\"og:url\" content=\"https:\/\/schoenstatt.com\/pt-pt\/o-papa-convoca-dia-de-oracao-e-jejum-em-2-de-marco-a-paz-de-todos-esta-ameacada\/\" \/>\n<meta property=\"og:site_name\" content=\"Schoenstatt\" \/>\n<meta property=\"article:published_time\" content=\"2022-02-23T15:04:35+00:00\" \/>\n<meta property=\"article:modified_time\" content=\"2025-05-15T22:40:31+00:00\" \/>\n<meta property=\"og:image\" content=\"https:\/\/schoenstatt.com\/wp-content\/uploads\/2022\/02\/Ucrania-1.png\" \/>\n\t<meta property=\"og:image:width\" content=\"742\" \/>\n\t<meta property=\"og:image:height\" content=\"380\" \/>\n\t<meta property=\"og:image:type\" content=\"image\/png\" \/>\n<meta name=\"author\" content=\"admin\" \/>\n<meta name=\"twitter:card\" content=\"summary_large_image\" \/>\n<meta name=\"twitter:label1\" content=\"Escrito por\" \/>\n\t<meta name=\"twitter:data1\" content=\"admin\" \/>\n\t<meta name=\"twitter:label2\" content=\"Tempo estimado de leitura\" \/>\n\t<meta name=\"twitter:data2\" content=\"2 minutos\" \/>\n<script type=\"application\/ld+json\" class=\"yoast-schema-graph\">{\"@context\":\"https:\\\/\\\/schema.org\",\"@graph\":[{\"@type\":\"Article\",\"@id\":\"https:\\\/\\\/schoenstatt.com\\\/pt-pt\\\/o-papa-convoca-dia-de-oracao-e-jejum-em-2-de-marco-a-paz-de-todos-esta-ameacada\\\/#article\",\"isPartOf\":{\"@id\":\"https:\\\/\\\/schoenstatt.com\\\/pt-pt\\\/o-papa-convoca-dia-de-oracao-e-jejum-em-2-de-marco-a-paz-de-todos-esta-ameacada\\\/\"},\"author\":{\"name\":\"admin\",\"@id\":\"https:\\\/\\\/schoenstatt.com\\\/pt-pt\\\/#\\\/schema\\\/person\\\/489465b1850e7b216fe2c10dfc262551\"},\"headline\":\"O Papa convoca Dia de ora\u00e7\u00e3o e jejum em 2 de mar\u00e7o: a paz de todos est\u00e1 amea\u00e7ada\",\"datePublished\":\"2022-02-23T15:04:35+00:00\",\"dateModified\":\"2025-05-15T22:40:31+00:00\",\"mainEntityOfPage\":{\"@id\":\"https:\\\/\\\/schoenstatt.com\\\/pt-pt\\\/o-papa-convoca-dia-de-oracao-e-jejum-em-2-de-marco-a-paz-de-todos-esta-ameacada\\\/\"},\"wordCount\":375,\"publisher\":{\"@id\":\"https:\\\/\\\/schoenstatt.com\\\/pt-pt\\\/#organization\"},\"image\":{\"@id\":\"https:\\\/\\\/schoenstatt.com\\\/pt-pt\\\/o-papa-convoca-dia-de-oracao-e-jejum-em-2-de-marco-a-paz-de-todos-esta-ameacada\\\/#primaryimage\"},\"thumbnailUrl\":\"https:\\\/\\\/schoenstatt.com\\\/wp-content\\\/uploads\\\/2022\\\/02\\\/Ucrania-1.png\",\"articleSection\":[\"Espiritualidade\"],\"inLanguage\":\"pt-PT\"},{\"@type\":\"WebPage\",\"@id\":\"https:\\\/\\\/schoenstatt.com\\\/pt-pt\\\/o-papa-convoca-dia-de-oracao-e-jejum-em-2-de-marco-a-paz-de-todos-esta-ameacada\\\/\",\"url\":\"https:\\\/\\\/schoenstatt.com\\\/pt-pt\\\/o-papa-convoca-dia-de-oracao-e-jejum-em-2-de-marco-a-paz-de-todos-esta-ameacada\\\/\",\"name\":\"O Papa convoca Dia de ora\u00e7\u00e3o e jejum em 2 de mar\u00e7o: a paz de todos est\u00e1 amea\u00e7ada - Schoenstatt\",\"isPartOf\":{\"@id\":\"https:\\\/\\\/schoenstatt.com\\\/pt-pt\\\/#website\"},\"primaryImageOfPage\":{\"@id\":\"https:\\\/\\\/schoenstatt.com\\\/pt-pt\\\/o-papa-convoca-dia-de-oracao-e-jejum-em-2-de-marco-a-paz-de-todos-esta-ameacada\\\/#primaryimage\"},\"image\":{\"@id\":\"https:\\\/\\\/schoenstatt.com\\\/pt-pt\\\/o-papa-convoca-dia-de-oracao-e-jejum-em-2-de-marco-a-paz-de-todos-esta-ameacada\\\/#primaryimage\"},\"thumbnailUrl\":\"https:\\\/\\\/schoenstatt.com\\\/wp-content\\\/uploads\\\/2022\\\/02\\\/Ucrania-1.png\",\"datePublished\":\"2022-02-23T15:04:35+00:00\",\"dateModified\":\"2025-05-15T22:40:31+00:00\",\"description\":\"O Papa Francisco falou da sua tristeza sobre o agravamento da situa\u00e7\u00e3o na Ucr\u00e2nia e convocou um Dia de ora\u00e7\u00e3o e jejum pela paz.\",\"breadcrumb\":{\"@id\":\"https:\\\/\\\/schoenstatt.com\\\/pt-pt\\\/o-papa-convoca-dia-de-oracao-e-jejum-em-2-de-marco-a-paz-de-todos-esta-ameacada\\\/#breadcrumb\"},\"inLanguage\":\"pt-PT\",\"potentialAction\":[{\"@type\":\"ReadAction\",\"target\":[\"https:\\\/\\\/schoenstatt.com\\\/pt-pt\\\/o-papa-convoca-dia-de-oracao-e-jejum-em-2-de-marco-a-paz-de-todos-esta-ameacada\\\/\"]}]},{\"@type\":\"ImageObject\",\"inLanguage\":\"pt-PT\",\"@id\":\"https:\\\/\\\/schoenstatt.com\\\/pt-pt\\\/o-papa-convoca-dia-de-oracao-e-jejum-em-2-de-marco-a-paz-de-todos-esta-ameacada\\\/#primaryimage\",\"url\":\"https:\\\/\\\/schoenstatt.com\\\/wp-content\\\/uploads\\\/2022\\\/02\\\/Ucrania-1.png\",\"contentUrl\":\"https:\\\/\\\/schoenstatt.com\\\/wp-content\\\/uploads\\\/2022\\\/02\\\/Ucrania-1.png\",\"width\":742,\"height\":380,\"caption\":\"O Papa\"},{\"@type\":\"BreadcrumbList\",\"@id\":\"https:\\\/\\\/schoenstatt.com\\\/pt-pt\\\/o-papa-convoca-dia-de-oracao-e-jejum-em-2-de-marco-a-paz-de-todos-esta-ameacada\\\/#breadcrumb\",\"itemListElement\":[{\"@type\":\"ListItem\",\"position\":1,\"name\":\"Portada\",\"item\":\"https:\\\/\\\/schoenstatt.com\\\/pt-pt\\\/home\\\/\"},{\"@type\":\"ListItem\",\"position\":2,\"name\":\"O Papa convoca Dia de ora\u00e7\u00e3o e jejum em 2 de mar\u00e7o: a paz de todos est\u00e1 amea\u00e7ada\"}]},{\"@type\":\"WebSite\",\"@id\":\"https:\\\/\\\/schoenstatt.com\\\/pt-pt\\\/#website\",\"url\":\"https:\\\/\\\/schoenstatt.com\\\/pt-pt\\\/\",\"name\":\"Schoenstatt\",\"description\":\"Apostolic Movement\",\"publisher\":{\"@id\":\"https:\\\/\\\/schoenstatt.com\\\/pt-pt\\\/#organization\"},\"potentialAction\":[{\"@type\":\"SearchAction\",\"target\":{\"@type\":\"EntryPoint\",\"urlTemplate\":\"https:\\\/\\\/schoenstatt.com\\\/pt-pt\\\/?s={search_term_string}\"},\"query-input\":{\"@type\":\"PropertyValueSpecification\",\"valueRequired\":true,\"valueName\":\"search_term_string\"}}],\"inLanguage\":\"pt-PT\"},{\"@type\":\"Organization\",\"@id\":\"https:\\\/\\\/schoenstatt.com\\\/pt-pt\\\/#organization\",\"name\":\"Schoenstatt\",\"url\":\"https:\\\/\\\/schoenstatt.com\\\/pt-pt\\\/\",\"logo\":{\"@type\":\"ImageObject\",\"inLanguage\":\"pt-PT\",\"@id\":\"https:\\\/\\\/schoenstatt.com\\\/pt-pt\\\/#\\\/schema\\\/logo\\\/image\\\/\",\"url\":\"https:\\\/\\\/schoenstatt.com\\\/wp-content\\\/uploads\\\/2025\\\/04\\\/logo-schoenstatt-white-696x696-1.png\",\"contentUrl\":\"https:\\\/\\\/schoenstatt.com\\\/wp-content\\\/uploads\\\/2025\\\/04\\\/logo-schoenstatt-white-696x696-1.png\",\"width\":696,\"height\":694,\"caption\":\"Schoenstatt\"},\"image\":{\"@id\":\"https:\\\/\\\/schoenstatt.com\\\/pt-pt\\\/#\\\/schema\\\/logo\\\/image\\\/\"}},{\"@type\":\"Person\",\"@id\":\"https:\\\/\\\/schoenstatt.com\\\/pt-pt\\\/#\\\/schema\\\/person\\\/489465b1850e7b216fe2c10dfc262551\",\"name\":\"admin\",\"image\":{\"@type\":\"ImageObject\",\"inLanguage\":\"pt-PT\",\"@id\":\"https:\\\/\\\/secure.gravatar.com\\\/avatar\\\/02e8345e1ec40ab0e0a2a98fdde64a684bbaf994cddcb778b25b8b024ee9dfe6?s=96&d=mm&r=g\",\"url\":\"https:\\\/\\\/secure.gravatar.com\\\/avatar\\\/02e8345e1ec40ab0e0a2a98fdde64a684bbaf994cddcb778b25b8b024ee9dfe6?s=96&d=mm&r=g\",\"contentUrl\":\"https:\\\/\\\/secure.gravatar.com\\\/avatar\\\/02e8345e1ec40ab0e0a2a98fdde64a684bbaf994cddcb778b25b8b024ee9dfe6?s=96&d=mm&r=g\",\"caption\":\"admin\"},\"sameAs\":[\"https:\\\/\\\/schoenstatt.com\"],\"url\":\"https:\\\/\\\/schoenstatt.com\\\/pt-pt\\\/author\\\/admin\\\/\"}]}<\/script>\n<!-- \/ Yoast SEO Premium plugin. -->","yoast_head_json":{"title":"O Papa convoca Dia de ora\u00e7\u00e3o e jejum em 2 de mar\u00e7o: a paz de todos est\u00e1 amea\u00e7ada - Schoenstatt","description":"O Papa Francisco falou da sua tristeza sobre o agravamento da situa\u00e7\u00e3o na Ucr\u00e2nia e convocou um Dia de ora\u00e7\u00e3o e jejum pela paz.","robots":{"index":"index","follow":"follow","max-snippet":"max-snippet:-1","max-image-preview":"max-image-preview:large","max-video-preview":"max-video-preview:-1"},"canonical":"https:\/\/schoenstatt.com\/pt-pt\/o-papa-convoca-dia-de-oracao-e-jejum-em-2-de-marco-a-paz-de-todos-esta-ameacada\/","og_locale":"pt_PT","og_type":"article","og_title":"O Papa convoca Dia de ora\u00e7\u00e3o e jejum em 2 de mar\u00e7o: a paz de todos est\u00e1 amea\u00e7ada","og_description":"O Papa Francisco falou da sua tristeza sobre o agravamento da situa\u00e7\u00e3o na Ucr\u00e2nia e convocou um Dia de ora\u00e7\u00e3o e jejum pela paz.","og_url":"https:\/\/schoenstatt.com\/pt-pt\/o-papa-convoca-dia-de-oracao-e-jejum-em-2-de-marco-a-paz-de-todos-esta-ameacada\/","og_site_name":"Schoenstatt","article_published_time":"2022-02-23T15:04:35+00:00","article_modified_time":"2025-05-15T22:40:31+00:00","og_image":[{"width":742,"height":380,"url":"https:\/\/schoenstatt.com\/wp-content\/uploads\/2022\/02\/Ucrania-1.png","type":"image\/png"}],"author":"admin","twitter_card":"summary_large_image","twitter_misc":{"Escrito por":"admin","Tempo estimado de leitura":"2 minutos"},"schema":{"@context":"https:\/\/schema.org","@graph":[{"@type":"Article","@id":"https:\/\/schoenstatt.com\/pt-pt\/o-papa-convoca-dia-de-oracao-e-jejum-em-2-de-marco-a-paz-de-todos-esta-ameacada\/#article","isPartOf":{"@id":"https:\/\/schoenstatt.com\/pt-pt\/o-papa-convoca-dia-de-oracao-e-jejum-em-2-de-marco-a-paz-de-todos-esta-ameacada\/"},"author":{"name":"admin","@id":"https:\/\/schoenstatt.com\/pt-pt\/#\/schema\/person\/489465b1850e7b216fe2c10dfc262551"},"headline":"O Papa convoca Dia de ora\u00e7\u00e3o e jejum em 2 de mar\u00e7o: a paz de todos est\u00e1 amea\u00e7ada","datePublished":"2022-02-23T15:04:35+00:00","dateModified":"2025-05-15T22:40:31+00:00","mainEntityOfPage":{"@id":"https:\/\/schoenstatt.com\/pt-pt\/o-papa-convoca-dia-de-oracao-e-jejum-em-2-de-marco-a-paz-de-todos-esta-ameacada\/"},"wordCount":375,"publisher":{"@id":"https:\/\/schoenstatt.com\/pt-pt\/#organization"},"image":{"@id":"https:\/\/schoenstatt.com\/pt-pt\/o-papa-convoca-dia-de-oracao-e-jejum-em-2-de-marco-a-paz-de-todos-esta-ameacada\/#primaryimage"},"thumbnailUrl":"https:\/\/schoenstatt.com\/wp-content\/uploads\/2022\/02\/Ucrania-1.png","articleSection":["Espiritualidade"],"inLanguage":"pt-PT"},{"@type":"WebPage","@id":"https:\/\/schoenstatt.com\/pt-pt\/o-papa-convoca-dia-de-oracao-e-jejum-em-2-de-marco-a-paz-de-todos-esta-ameacada\/","url":"https:\/\/schoenstatt.com\/pt-pt\/o-papa-convoca-dia-de-oracao-e-jejum-em-2-de-marco-a-paz-de-todos-esta-ameacada\/","name":"O Papa convoca Dia de ora\u00e7\u00e3o e jejum em 2 de mar\u00e7o: a paz de todos est\u00e1 amea\u00e7ada - Schoenstatt","isPartOf":{"@id":"https:\/\/schoenstatt.com\/pt-pt\/#website"},"primaryImageOfPage":{"@id":"https:\/\/schoenstatt.com\/pt-pt\/o-papa-convoca-dia-de-oracao-e-jejum-em-2-de-marco-a-paz-de-todos-esta-ameacada\/#primaryimage"},"image":{"@id":"https:\/\/schoenstatt.com\/pt-pt\/o-papa-convoca-dia-de-oracao-e-jejum-em-2-de-marco-a-paz-de-todos-esta-ameacada\/#primaryimage"},"thumbnailUrl":"https:\/\/schoenstatt.com\/wp-content\/uploads\/2022\/02\/Ucrania-1.png","datePublished":"2022-02-23T15:04:35+00:00","dateModified":"2025-05-15T22:40:31+00:00","description":"O Papa Francisco falou da sua tristeza sobre o agravamento da situa\u00e7\u00e3o na Ucr\u00e2nia e convocou um Dia de ora\u00e7\u00e3o e jejum pela paz.","breadcrumb":{"@id":"https:\/\/schoenstatt.com\/pt-pt\/o-papa-convoca-dia-de-oracao-e-jejum-em-2-de-marco-a-paz-de-todos-esta-ameacada\/#breadcrumb"},"inLanguage":"pt-PT","potentialAction":[{"@type":"ReadAction","target":["https:\/\/schoenstatt.com\/pt-pt\/o-papa-convoca-dia-de-oracao-e-jejum-em-2-de-marco-a-paz-de-todos-esta-ameacada\/"]}]},{"@type":"ImageObject","inLanguage":"pt-PT","@id":"https:\/\/schoenstatt.com\/pt-pt\/o-papa-convoca-dia-de-oracao-e-jejum-em-2-de-marco-a-paz-de-todos-esta-ameacada\/#primaryimage","url":"https:\/\/schoenstatt.com\/wp-content\/uploads\/2022\/02\/Ucrania-1.png","contentUrl":"https:\/\/schoenstatt.com\/wp-content\/uploads\/2022\/02\/Ucrania-1.png","width":742,"height":380,"caption":"O Papa"},{"@type":"BreadcrumbList","@id":"https:\/\/schoenstatt.com\/pt-pt\/o-papa-convoca-dia-de-oracao-e-jejum-em-2-de-marco-a-paz-de-todos-esta-ameacada\/#breadcrumb","itemListElement":[{"@type":"ListItem","position":1,"name":"Portada","item":"https:\/\/schoenstatt.com\/pt-pt\/home\/"},{"@type":"ListItem","position":2,"name":"O Papa convoca Dia de ora\u00e7\u00e3o e jejum em 2 de mar\u00e7o: a paz de todos est\u00e1 amea\u00e7ada"}]},{"@type":"WebSite","@id":"https:\/\/schoenstatt.com\/pt-pt\/#website","url":"https:\/\/schoenstatt.com\/pt-pt\/","name":"Schoenstatt","description":"Apostolic Movement","publisher":{"@id":"https:\/\/schoenstatt.com\/pt-pt\/#organization"},"potentialAction":[{"@type":"SearchAction","target":{"@type":"EntryPoint","urlTemplate":"https:\/\/schoenstatt.com\/pt-pt\/?s={search_term_string}"},"query-input":{"@type":"PropertyValueSpecification","valueRequired":true,"valueName":"search_term_string"}}],"inLanguage":"pt-PT"},{"@type":"Organization","@id":"https:\/\/schoenstatt.com\/pt-pt\/#organization","name":"Schoenstatt","url":"https:\/\/schoenstatt.com\/pt-pt\/","logo":{"@type":"ImageObject","inLanguage":"pt-PT","@id":"https:\/\/schoenstatt.com\/pt-pt\/#\/schema\/logo\/image\/","url":"https:\/\/schoenstatt.com\/wp-content\/uploads\/2025\/04\/logo-schoenstatt-white-696x696-1.png","contentUrl":"https:\/\/schoenstatt.com\/wp-content\/uploads\/2025\/04\/logo-schoenstatt-white-696x696-1.png","width":696,"height":694,"caption":"Schoenstatt"},"image":{"@id":"https:\/\/schoenstatt.com\/pt-pt\/#\/schema\/logo\/image\/"}},{"@type":"Person","@id":"https:\/\/schoenstatt.com\/pt-pt\/#\/schema\/person\/489465b1850e7b216fe2c10dfc262551","name":"admin","image":{"@type":"ImageObject","inLanguage":"pt-PT","@id":"https:\/\/secure.gravatar.com\/avatar\/02e8345e1ec40ab0e0a2a98fdde64a684bbaf994cddcb778b25b8b024ee9dfe6?s=96&d=mm&r=g","url":"https:\/\/secure.gravatar.com\/avatar\/02e8345e1ec40ab0e0a2a98fdde64a684bbaf994cddcb778b25b8b024ee9dfe6?s=96&d=mm&r=g","contentUrl":"https:\/\/secure.gravatar.com\/avatar\/02e8345e1ec40ab0e0a2a98fdde64a684bbaf994cddcb778b25b8b024ee9dfe6?s=96&d=mm&r=g","caption":"admin"},"sameAs":["https:\/\/schoenstatt.com"],"url":"https:\/\/schoenstatt.com\/pt-pt\/author\/admin\/"}]}},"_links":{"self":[{"href":"https:\/\/schoenstatt.com\/pt-pt\/wp-json\/wp\/v2\/posts\/52533","targetHints":{"allow":["GET"]}}],"collection":[{"href":"https:\/\/schoenstatt.com\/pt-pt\/wp-json\/wp\/v2\/posts"}],"about":[{"href":"https:\/\/schoenstatt.com\/pt-pt\/wp-json\/wp\/v2\/types\/post"}],"author":[{"embeddable":true,"href":"https:\/\/schoenstatt.com\/pt-pt\/wp-json\/wp\/v2\/users\/1"}],"replies":[{"embeddable":true,"href":"https:\/\/schoenstatt.com\/pt-pt\/wp-json\/wp\/v2\/comments?post=52533"}],"version-history":[{"count":1,"href":"https:\/\/schoenstatt.com\/pt-pt\/wp-json\/wp\/v2\/posts\/52533\/revisions"}],"predecessor-version":[{"id":52656,"href":"https:\/\/schoenstatt.com\/pt-pt\/wp-json\/wp\/v2\/posts\/52533\/revisions\/52656"}],"wp:featuredmedia":[{"embeddable":true,"href":"https:\/\/schoenstatt.com\/pt-pt\/wp-json\/wp\/v2\/media\/23838"}],"wp:attachment":[{"href":"https:\/\/schoenstatt.com\/pt-pt\/wp-json\/wp\/v2\/media?parent=52533"}],"wp:term":[{"taxonomy":"category","embeddable":true,"href":"https:\/\/schoenstatt.com\/pt-pt\/wp-json\/wp\/v2\/categories?post=52533"},{"taxonomy":"post_tag","embeddable":true,"href":"https:\/\/schoenstatt.com\/pt-pt\/wp-json\/wp\/v2\/tags?post=52533"}],"curies":[{"name":"wp","href":"https:\/\/api.w.org\/{rel}","templated":true}]}}