{"id":52390,"date":"2022-03-24T15:00:36","date_gmt":"2022-03-24T14:00:36","guid":{"rendered":"https:\/\/schoenstattdev.wpenginepowered.com\/?p=24162"},"modified":"2025-05-16T03:21:43","modified_gmt":"2025-05-16T01:21:43","slug":"a-oracao-do-papa-na-consagracao-da-russia-e-da-ucrania-a-maria","status":"publish","type":"post","link":"https:\/\/schoenstatt.com\/pt-pt\/a-oracao-do-papa-na-consagracao-da-russia-e-da-ucrania-a-maria\/","title":{"rendered":"A ora\u00e7\u00e3o do Papa na consagra\u00e7\u00e3o da R\u00fassia e da Ucr\u00e2nia a Maria"},"content":{"rendered":"<p>&#8220;Nesta hora, a humanidade, exausta e transtornada, est\u00e1 ao p\u00e9 da cruz convosco. E tem necessidade de se confiar a V\u00f3s, de se consagrar a Cristo por vosso interm\u00e9dio. O povo ucraniano e o povo russo, que Vos veneram com amor, recorrem a V\u00f3s\u2026\u201d.<\/p>\n<p>\u00c9 uma das passagens centrais da ora\u00e7\u00e3o que o Papa elevar\u00e1 depois de amanh\u00e3 para consagrar e confiar a humanidade, e especialmente a R\u00fassia e a Ucr\u00e2nia, ao <a href=\"https:\/\/schoenstattdev.wpenginepowered.com\/pt-pt\/igreja\/o-papa-consagrara-a-russia-e-a-ucrania-ao-imaculado-coracao-de-maria\/\">Imaculado Cora\u00e7\u00e3o de Maria<\/a>. Francisco pronunciar\u00e1 a ora\u00e7\u00e3o no final da liturgia da penit\u00eancia na Bas\u00edlica de S\u00e3o Pedro, na tarde de sexta-feira, 25 de mar\u00e7o, festa da Anuncia\u00e7\u00e3o. A liturgia ter\u00e1 in\u00edcio \u00e0s <strong>17h00 (hora de Roma)<\/strong>, enquanto a consagra\u00e7\u00e3o ter\u00e1 lugar por volta das 18h30:<\/p>\n<p>\u00d3 Maria, M\u00e3e de Deus e nossa M\u00e3e, recorremos a V\u00f3s nesta hora de tribula\u00e7\u00e3o. V\u00f3s sois M\u00e3e, amais-nos e conheceis-nos: de quanto temos no cora\u00e7\u00e3o, nada Vos \u00e9 oculto. M\u00e3e de miseric\u00f3rdia, muitas vezes experimentamos a vossa ternura providente, a vossa presen\u00e7a que faz voltar a paz, porque sempre nos guiais para Jesus, Pr\u00edncipe da paz.<\/p>\n<p>Mas perdemos o caminho da paz. Esquecemos a li\u00e7\u00e3o das trag\u00e9dias do s\u00e9culo passado, o sacrif\u00edcio de milh\u00f5es de mortos nas guerras mundiais. Descuidamos os compromissos assumidos como Comunidade das Na\u00e7\u00f5es e estamos a atrai\u00e7oar os sonhos de paz dos povos e as esperan\u00e7as dos jovens. Adoecemos de gan\u00e2ncia, fechamo-nos em interesses nacionalistas, deixamo-nos ressequir pela indiferen\u00e7a e paralisar pelo ego\u00edsmo. Preferimos ignorar Deus, conviver com as nossas falsidades, alimentar a agressividade, suprimir vidas e acumular armas, esquecendo-nos que somos guardi\u00f5es do nosso pr\u00f3ximo e da pr\u00f3pria casa comum. Dilaceramos com a guerra o jardim da Terra, ferimos com o pecado o cora\u00e7\u00e3o do nosso Pai, que nos quer irm\u00e3os e irm\u00e3s. Tornamo-nos indiferentes a todos e a tudo, exceto a n\u00f3s mesmos. E, com vergonha, dizemos: perdoai-nos, Senhor!<\/p>\n<p>Na mis\u00e9ria do pecado, das nossas fadigas e fragilidades, no mist\u00e9rio de iniquidade do mal e da guerra, V\u00f3s, M\u00e3e Santa, lembrai-nos que Deus n\u00e3o nos abandona, mas continua a olhar-nos com amor, desejoso de nos perdoar e levantar novamente. Foi Ele que Vos deu a n\u00f3s e colocou no vosso Imaculado Cora\u00e7\u00e3o um ref\u00fagio para a Igreja e para a humanidade. Por bondade divina, estais connosco e conduzis-nos com ternura mesmo nos transes mais apertados da hist\u00f3ria.<\/p>\n<p>Por isso recorremos a V\u00f3s, batemos \u00e0 porta do vosso Cora\u00e7\u00e3o, n\u00f3s os vossos queridos filhos que n\u00e3o Vos cansais de visitar em todo o tempo e convidar \u00e0 convers\u00e3o. Nesta hora escura, vinde socorrer-nos e consolar-nos. Repeti a cada um de n\u00f3s: \u00abN\u00e3o estou porventura aqui Eu, que sou tua m\u00e3e?\u00bb V\u00f3s sabeis como desfazer os emaranhados do nosso cora\u00e7\u00e3o e desatar os n\u00f3s do nosso tempo. Repomos a nossa confian\u00e7a em V\u00f3s. Temos a certeza de que V\u00f3s, especialmente no momento da prova, n\u00e3o desprezais as nossas s\u00faplicas e vindes em nosso aux\u00edlio.<\/p>\n<p>Assim fizestes em Can\u00e1 da Galileia, quando apressastes a hora da interven\u00e7\u00e3o de Jesus e introduzistes no mundo o seu primeiro sinal. Quando a festa se mudara em tristeza, dissestes-Lhe: \u00abN\u00e3o t\u00eam vinho!\u00bb (Jo\u00a02, 3). \u00d3 M\u00e3e, repeti-o mais uma vez a Deus, porque hoje esgotamos o vinho da esperan\u00e7a, desvaneceu-se a alegria, diluiu-se a fraternidade. Perdemos a humanidade, malbaratamos a paz. Tornamo-nos capazes de toda a viol\u00eancia e destrui\u00e7\u00e3o. Temos necessidade urgente da vossa interven\u00e7\u00e3o materna.<\/p>\n<p>Por isso acolhei, \u00f3 M\u00e3e, esta nossa s\u00faplica:<\/p>\n<p>V\u00f3s, estrela do mar, n\u00e3o nos deixeis naufragar na tempestade da guerra;<\/p>\n<p>V\u00f3s, arca da nova alian\u00e7a, inspirai projetos e caminhos de reconcilia\u00e7\u00e3o;<\/p>\n<p>V\u00f3s, \u00abterra do C\u00e9u\u00bb, trazei de volta ao mundo a conc\u00f3rdia de Deus;<\/p>\n<p>Apagai o \u00f3dio, acalmai a vingan\u00e7a, ensinai-nos o perd\u00e3o;<\/p>\n<p>Libertai-nos da guerra, preservai o mundo da amea\u00e7a nuclear;<\/p>\n<p>Rainha do Ros\u00e1rio, despertai em n\u00f3s a necessidade de rezar e amar;<\/p>\n<p>Rainha da fam\u00edlia humana, mostrai aos povos o caminho da fraternidade;<\/p>\n<p>Rainha da paz, alcan\u00e7ai a paz para o mundo.<\/p>\n<p>O vosso pranto, \u00f3 M\u00e3e, comova os nossos cora\u00e7\u00f5es endurecidos. As l\u00e1grimas, que por n\u00f3s derramastes, fa\u00e7am reflorescer este vale que o nosso \u00f3dio secou. E, enquanto o rumor das armas n\u00e3o se cala, que a vossa ora\u00e7\u00e3o nos predisponha para a paz. As vossas m\u00e3os maternas acariciem quantos sofrem e fogem sob o peso das bombas. O vosso abra\u00e7o materno console quantos s\u00e3o obrigados a deixar as suas casas e o seu pa\u00eds. Que o vosso doloroso Cora\u00e7\u00e3o nos mova \u00e0 compaix\u00e3o e estimule a abrir as portas e cuidar da humanidade ferida e descartada.<\/p>\n<p>Santa M\u00e3e de Deus, enquanto est\u00e1veis ao p\u00e9 da cruz, Jesus, ao ver o disc\u00edpulo junto de V\u00f3s, disse-Vos: \u00abEis o teu filho!\u00bb (Jo\u00a019, 26). Assim Vos confiou cada um de n\u00f3s. Depois disse ao disc\u00edpulo, a cada um de n\u00f3s: \u00abEis a tua m\u00e3e!\u00bb (19, 27). M\u00e3e, agora queremos acolher-Vos na nossa vida e na nossa hist\u00f3ria. Nesta hora, a humanidade, exausta e transtornada, est\u00e1 ao p\u00e9 da cruz convosco. E tem necessidade de se confiar a V\u00f3s, de se consagrar a Cristo por vosso interm\u00e9dio. O povo ucraniano e o povo russo, que Vos veneram com amor, recorrem a V\u00f3s, enquanto o vosso Cora\u00e7\u00e3o palpita por eles e por todos os povos ceifados pela guerra, a fome, a injusti\u00e7a e a mis\u00e9ria.<\/p>\n<p>Por isso n\u00f3s, \u00f3 M\u00e3e de Deus e nossa, solenemente confiamos e consagramos ao vosso Imaculado Cora\u00e7\u00e3o n\u00f3s mesmos, a Igreja e a humanidade inteira, de modo especial a R\u00fassia e a Ucr\u00e2nia. Acolhei este nosso ato que realizamos com confian\u00e7a e amor, fazei que cesse a guerra, providenciai ao mundo a paz. O sim que brotou do vosso Cora\u00e7\u00e3o abriu as portas da hist\u00f3ria ao Pr\u00edncipe da Paz; confiamos que mais uma vez, por meio do vosso Cora\u00e7\u00e3o, vir\u00e1 a paz. Assim a V\u00f3s consagramos o futuro da fam\u00edlia humana inteira, as necessidades e os anseios dos povos, as ang\u00fastias e as esperan\u00e7as do mundo.<\/p>\n<p>Por vosso interm\u00e9dio, derrame-se sobre a Terra a Miseric\u00f3rdia divina e o doce palpitar da paz volte a marcar as nossas jornadas. Mulher do sim, sobre Quem desceu o Esp\u00edrito Santo, trazei de volta ao nosso meio a harmonia de Deus. Dessedentai a aridez do nosso cora\u00e7\u00e3o, V\u00f3s que \u00absois fonte viva de esperan\u00e7a\u00bb. Tecestes a humanidade para Jesus, fazei de n\u00f3s artes\u00e3os de comunh\u00e3o. Caminhastes pelas nossas estradas, guiai-nos pelas sendas da paz. Amen.<\/p>\n<p>Fonte: <a href=\"https:\/\/www.vaticannews.va\/es\/papa\/news\/2022-03\/oracion-de-consagracion-a-rusia-y-ucrania-a-la-santisima-virgen.html\">Vatican News<\/a><\/p>\n","protected":false},"excerpt":{"rendered":"<p>Aqui o texto completo que Francisco pronunciar\u00e1 na tarde de 25 de mar\u00e7o, durante a liturgia penitencial na Bas\u00edlica de S\u00e3o Pedro. Todos os bispos e todos os sacerdotes do mundo s\u00e3o convidados a unir-se nesta s\u00faplica.<\/p>\n","protected":false},"author":6,"featured_media":24150,"comment_status":"closed","ping_status":"closed","sticky":false,"template":"","format":"standard","meta":{"footnotes":""},"categories":[608,906],"tags":[],"class_list":["post-52390","post","type-post","status-publish","format-standard","has-post-thumbnail","hentry","category-igreja-pt-pt","category-papa-francisco-pt-pt"],"yoast_head":"<!-- This site is optimized with the Yoast SEO Premium plugin v27.4 (Yoast SEO v27.5) - https:\/\/yoast.com\/product\/yoast-seo-premium-wordpress\/ -->\n<title>A ora\u00e7\u00e3o do Papa na consagra\u00e7\u00e3o da R\u00fassia e da Ucr\u00e2nia a Maria<\/title>\n<meta name=\"description\" content=\"Aqui o texto completo que Francisco pronunciar\u00e1 na tarde de 25 de mar\u00e7o, durante a liturgia penitencial na Bas\u00edlica de S\u00e3o Pedro.\" \/>\n<meta name=\"robots\" content=\"index, follow, max-snippet:-1, max-image-preview:large, max-video-preview:-1\" \/>\n<link rel=\"canonical\" href=\"https:\/\/schoenstatt.com\/pt-pt\/a-oracao-do-papa-na-consagracao-da-russia-e-da-ucrania-a-maria\/\" \/>\n<meta property=\"og:locale\" content=\"pt_PT\" \/>\n<meta property=\"og:type\" content=\"article\" \/>\n<meta property=\"og:title\" content=\"A ora\u00e7\u00e3o do Papa na consagra\u00e7\u00e3o da R\u00fassia e da Ucr\u00e2nia a Maria\" \/>\n<meta property=\"og:description\" content=\"Aqui o texto completo que Francisco pronunciar\u00e1 na tarde de 25 de mar\u00e7o, durante a liturgia penitencial na Bas\u00edlica de S\u00e3o Pedro.\" \/>\n<meta property=\"og:url\" content=\"https:\/\/schoenstatt.com\/pt-pt\/a-oracao-do-papa-na-consagracao-da-russia-e-da-ucrania-a-maria\/\" \/>\n<meta property=\"og:site_name\" content=\"Schoenstatt\" \/>\n<meta property=\"article:published_time\" content=\"2022-03-24T14:00:36+00:00\" \/>\n<meta property=\"article:modified_time\" content=\"2025-05-16T01:21:43+00:00\" \/>\n<meta property=\"og:image\" content=\"https:\/\/schoenstatt.com\/wp-content\/uploads\/2022\/03\/Virgen-con-el-Nino-1.png\" \/>\n\t<meta property=\"og:image:width\" content=\"1113\" \/>\n\t<meta property=\"og:image:height\" content=\"577\" \/>\n\t<meta property=\"og:image:type\" content=\"image\/png\" \/>\n<meta name=\"author\" content=\"Vanessa Franke\" \/>\n<meta name=\"twitter:card\" content=\"summary_large_image\" \/>\n<meta name=\"twitter:label1\" content=\"Escrito por\" \/>\n\t<meta name=\"twitter:data1\" content=\"Vanessa Franke\" \/>\n\t<meta name=\"twitter:label2\" content=\"Tempo estimado de leitura\" \/>\n\t<meta name=\"twitter:data2\" content=\"5 minutos\" \/>\n<script type=\"application\/ld+json\" class=\"yoast-schema-graph\">{\"@context\":\"https:\\\/\\\/schema.org\",\"@graph\":[{\"@type\":\"Article\",\"@id\":\"https:\\\/\\\/schoenstatt.com\\\/pt-pt\\\/a-oracao-do-papa-na-consagracao-da-russia-e-da-ucrania-a-maria\\\/#article\",\"isPartOf\":{\"@id\":\"https:\\\/\\\/schoenstatt.com\\\/pt-pt\\\/a-oracao-do-papa-na-consagracao-da-russia-e-da-ucrania-a-maria\\\/\"},\"author\":{\"name\":\"Vanessa Franke\",\"@id\":\"https:\\\/\\\/schoenstatt.com\\\/pt-pt\\\/#\\\/schema\\\/person\\\/ea97a60c723e21c923e2177f0f3163f7\"},\"headline\":\"A ora\u00e7\u00e3o do Papa na consagra\u00e7\u00e3o da R\u00fassia e da Ucr\u00e2nia a Maria\",\"datePublished\":\"2022-03-24T14:00:36+00:00\",\"dateModified\":\"2025-05-16T01:21:43+00:00\",\"mainEntityOfPage\":{\"@id\":\"https:\\\/\\\/schoenstatt.com\\\/pt-pt\\\/a-oracao-do-papa-na-consagracao-da-russia-e-da-ucrania-a-maria\\\/\"},\"wordCount\":1203,\"publisher\":{\"@id\":\"https:\\\/\\\/schoenstatt.com\\\/pt-pt\\\/#organization\"},\"image\":{\"@id\":\"https:\\\/\\\/schoenstatt.com\\\/pt-pt\\\/a-oracao-do-papa-na-consagracao-da-russia-e-da-ucrania-a-maria\\\/#primaryimage\"},\"thumbnailUrl\":\"https:\\\/\\\/schoenstatt.com\\\/wp-content\\\/uploads\\\/2022\\\/03\\\/Virgen-con-el-Nino-1.png\",\"articleSection\":[\"Igreja\",\"Papa Francisco\"],\"inLanguage\":\"pt-PT\"},{\"@type\":\"WebPage\",\"@id\":\"https:\\\/\\\/schoenstatt.com\\\/pt-pt\\\/a-oracao-do-papa-na-consagracao-da-russia-e-da-ucrania-a-maria\\\/\",\"url\":\"https:\\\/\\\/schoenstatt.com\\\/pt-pt\\\/a-oracao-do-papa-na-consagracao-da-russia-e-da-ucrania-a-maria\\\/\",\"name\":\"A ora\u00e7\u00e3o do Papa na consagra\u00e7\u00e3o da R\u00fassia e da Ucr\u00e2nia a Maria\",\"isPartOf\":{\"@id\":\"https:\\\/\\\/schoenstatt.com\\\/pt-pt\\\/#website\"},\"primaryImageOfPage\":{\"@id\":\"https:\\\/\\\/schoenstatt.com\\\/pt-pt\\\/a-oracao-do-papa-na-consagracao-da-russia-e-da-ucrania-a-maria\\\/#primaryimage\"},\"image\":{\"@id\":\"https:\\\/\\\/schoenstatt.com\\\/pt-pt\\\/a-oracao-do-papa-na-consagracao-da-russia-e-da-ucrania-a-maria\\\/#primaryimage\"},\"thumbnailUrl\":\"https:\\\/\\\/schoenstatt.com\\\/wp-content\\\/uploads\\\/2022\\\/03\\\/Virgen-con-el-Nino-1.png\",\"datePublished\":\"2022-03-24T14:00:36+00:00\",\"dateModified\":\"2025-05-16T01:21:43+00:00\",\"description\":\"Aqui o texto completo que Francisco pronunciar\u00e1 na tarde de 25 de mar\u00e7o, durante a liturgia penitencial na Bas\u00edlica de S\u00e3o Pedro.\",\"breadcrumb\":{\"@id\":\"https:\\\/\\\/schoenstatt.com\\\/pt-pt\\\/a-oracao-do-papa-na-consagracao-da-russia-e-da-ucrania-a-maria\\\/#breadcrumb\"},\"inLanguage\":\"pt-PT\",\"potentialAction\":[{\"@type\":\"ReadAction\",\"target\":[\"https:\\\/\\\/schoenstatt.com\\\/pt-pt\\\/a-oracao-do-papa-na-consagracao-da-russia-e-da-ucrania-a-maria\\\/\"]}]},{\"@type\":\"ImageObject\",\"inLanguage\":\"pt-PT\",\"@id\":\"https:\\\/\\\/schoenstatt.com\\\/pt-pt\\\/a-oracao-do-papa-na-consagracao-da-russia-e-da-ucrania-a-maria\\\/#primaryimage\",\"url\":\"https:\\\/\\\/schoenstatt.com\\\/wp-content\\\/uploads\\\/2022\\\/03\\\/Virgen-con-el-Nino-1.png\",\"contentUrl\":\"https:\\\/\\\/schoenstatt.com\\\/wp-content\\\/uploads\\\/2022\\\/03\\\/Virgen-con-el-Nino-1.png\",\"width\":1113,\"height\":577,\"caption\":\"consagraci\u00f3n\"},{\"@type\":\"BreadcrumbList\",\"@id\":\"https:\\\/\\\/schoenstatt.com\\\/pt-pt\\\/a-oracao-do-papa-na-consagracao-da-russia-e-da-ucrania-a-maria\\\/#breadcrumb\",\"itemListElement\":[{\"@type\":\"ListItem\",\"position\":1,\"name\":\"Portada\",\"item\":\"https:\\\/\\\/schoenstatt.com\\\/pt-pt\\\/home\\\/\"},{\"@type\":\"ListItem\",\"position\":2,\"name\":\"A ora\u00e7\u00e3o do Papa na consagra\u00e7\u00e3o da R\u00fassia e da Ucr\u00e2nia a Maria\"}]},{\"@type\":\"WebSite\",\"@id\":\"https:\\\/\\\/schoenstatt.com\\\/pt-pt\\\/#website\",\"url\":\"https:\\\/\\\/schoenstatt.com\\\/pt-pt\\\/\",\"name\":\"Schoenstatt\",\"description\":\"Apostolic Movement\",\"publisher\":{\"@id\":\"https:\\\/\\\/schoenstatt.com\\\/pt-pt\\\/#organization\"},\"potentialAction\":[{\"@type\":\"SearchAction\",\"target\":{\"@type\":\"EntryPoint\",\"urlTemplate\":\"https:\\\/\\\/schoenstatt.com\\\/pt-pt\\\/?s={search_term_string}\"},\"query-input\":{\"@type\":\"PropertyValueSpecification\",\"valueRequired\":true,\"valueName\":\"search_term_string\"}}],\"inLanguage\":\"pt-PT\"},{\"@type\":\"Organization\",\"@id\":\"https:\\\/\\\/schoenstatt.com\\\/pt-pt\\\/#organization\",\"name\":\"Schoenstatt\",\"url\":\"https:\\\/\\\/schoenstatt.com\\\/pt-pt\\\/\",\"logo\":{\"@type\":\"ImageObject\",\"inLanguage\":\"pt-PT\",\"@id\":\"https:\\\/\\\/schoenstatt.com\\\/pt-pt\\\/#\\\/schema\\\/logo\\\/image\\\/\",\"url\":\"https:\\\/\\\/schoenstatt.com\\\/wp-content\\\/uploads\\\/2025\\\/04\\\/logo-schoenstatt-white-696x696-1.png\",\"contentUrl\":\"https:\\\/\\\/schoenstatt.com\\\/wp-content\\\/uploads\\\/2025\\\/04\\\/logo-schoenstatt-white-696x696-1.png\",\"width\":696,\"height\":694,\"caption\":\"Schoenstatt\"},\"image\":{\"@id\":\"https:\\\/\\\/schoenstatt.com\\\/pt-pt\\\/#\\\/schema\\\/logo\\\/image\\\/\"}},{\"@type\":\"Person\",\"@id\":\"https:\\\/\\\/schoenstatt.com\\\/pt-pt\\\/#\\\/schema\\\/person\\\/ea97a60c723e21c923e2177f0f3163f7\",\"name\":\"Vanessa Franke\",\"image\":{\"@type\":\"ImageObject\",\"inLanguage\":\"pt-PT\",\"@id\":\"https:\\\/\\\/secure.gravatar.com\\\/avatar\\\/a9bcca3409928ccd3195eca11e2ccbb2e5d7c7912e9a945d4f326f81a0a5cb4a?s=96&d=mm&r=g\",\"url\":\"https:\\\/\\\/secure.gravatar.com\\\/avatar\\\/a9bcca3409928ccd3195eca11e2ccbb2e5d7c7912e9a945d4f326f81a0a5cb4a?s=96&d=mm&r=g\",\"contentUrl\":\"https:\\\/\\\/secure.gravatar.com\\\/avatar\\\/a9bcca3409928ccd3195eca11e2ccbb2e5d7c7912e9a945d4f326f81a0a5cb4a?s=96&d=mm&r=g\",\"caption\":\"Vanessa Franke\"},\"url\":\"https:\\\/\\\/schoenstatt.com\\\/pt-pt\\\/author\\\/vanessa-franke\\\/\"}]}<\/script>\n<!-- \/ Yoast SEO Premium plugin. -->","yoast_head_json":{"title":"A ora\u00e7\u00e3o do Papa na consagra\u00e7\u00e3o da R\u00fassia e da Ucr\u00e2nia a Maria","description":"Aqui o texto completo que Francisco pronunciar\u00e1 na tarde de 25 de mar\u00e7o, durante a liturgia penitencial na Bas\u00edlica de S\u00e3o Pedro.","robots":{"index":"index","follow":"follow","max-snippet":"max-snippet:-1","max-image-preview":"max-image-preview:large","max-video-preview":"max-video-preview:-1"},"canonical":"https:\/\/schoenstatt.com\/pt-pt\/a-oracao-do-papa-na-consagracao-da-russia-e-da-ucrania-a-maria\/","og_locale":"pt_PT","og_type":"article","og_title":"A ora\u00e7\u00e3o do Papa na consagra\u00e7\u00e3o da R\u00fassia e da Ucr\u00e2nia a Maria","og_description":"Aqui o texto completo que Francisco pronunciar\u00e1 na tarde de 25 de mar\u00e7o, durante a liturgia penitencial na Bas\u00edlica de S\u00e3o Pedro.","og_url":"https:\/\/schoenstatt.com\/pt-pt\/a-oracao-do-papa-na-consagracao-da-russia-e-da-ucrania-a-maria\/","og_site_name":"Schoenstatt","article_published_time":"2022-03-24T14:00:36+00:00","article_modified_time":"2025-05-16T01:21:43+00:00","og_image":[{"width":1113,"height":577,"url":"https:\/\/schoenstatt.com\/wp-content\/uploads\/2022\/03\/Virgen-con-el-Nino-1.png","type":"image\/png"}],"author":"Vanessa Franke","twitter_card":"summary_large_image","twitter_misc":{"Escrito por":"Vanessa Franke","Tempo estimado de leitura":"5 minutos"},"schema":{"@context":"https:\/\/schema.org","@graph":[{"@type":"Article","@id":"https:\/\/schoenstatt.com\/pt-pt\/a-oracao-do-papa-na-consagracao-da-russia-e-da-ucrania-a-maria\/#article","isPartOf":{"@id":"https:\/\/schoenstatt.com\/pt-pt\/a-oracao-do-papa-na-consagracao-da-russia-e-da-ucrania-a-maria\/"},"author":{"name":"Vanessa Franke","@id":"https:\/\/schoenstatt.com\/pt-pt\/#\/schema\/person\/ea97a60c723e21c923e2177f0f3163f7"},"headline":"A ora\u00e7\u00e3o do Papa na consagra\u00e7\u00e3o da R\u00fassia e da Ucr\u00e2nia a Maria","datePublished":"2022-03-24T14:00:36+00:00","dateModified":"2025-05-16T01:21:43+00:00","mainEntityOfPage":{"@id":"https:\/\/schoenstatt.com\/pt-pt\/a-oracao-do-papa-na-consagracao-da-russia-e-da-ucrania-a-maria\/"},"wordCount":1203,"publisher":{"@id":"https:\/\/schoenstatt.com\/pt-pt\/#organization"},"image":{"@id":"https:\/\/schoenstatt.com\/pt-pt\/a-oracao-do-papa-na-consagracao-da-russia-e-da-ucrania-a-maria\/#primaryimage"},"thumbnailUrl":"https:\/\/schoenstatt.com\/wp-content\/uploads\/2022\/03\/Virgen-con-el-Nino-1.png","articleSection":["Igreja","Papa Francisco"],"inLanguage":"pt-PT"},{"@type":"WebPage","@id":"https:\/\/schoenstatt.com\/pt-pt\/a-oracao-do-papa-na-consagracao-da-russia-e-da-ucrania-a-maria\/","url":"https:\/\/schoenstatt.com\/pt-pt\/a-oracao-do-papa-na-consagracao-da-russia-e-da-ucrania-a-maria\/","name":"A ora\u00e7\u00e3o do Papa na consagra\u00e7\u00e3o da R\u00fassia e da Ucr\u00e2nia a Maria","isPartOf":{"@id":"https:\/\/schoenstatt.com\/pt-pt\/#website"},"primaryImageOfPage":{"@id":"https:\/\/schoenstatt.com\/pt-pt\/a-oracao-do-papa-na-consagracao-da-russia-e-da-ucrania-a-maria\/#primaryimage"},"image":{"@id":"https:\/\/schoenstatt.com\/pt-pt\/a-oracao-do-papa-na-consagracao-da-russia-e-da-ucrania-a-maria\/#primaryimage"},"thumbnailUrl":"https:\/\/schoenstatt.com\/wp-content\/uploads\/2022\/03\/Virgen-con-el-Nino-1.png","datePublished":"2022-03-24T14:00:36+00:00","dateModified":"2025-05-16T01:21:43+00:00","description":"Aqui o texto completo que Francisco pronunciar\u00e1 na tarde de 25 de mar\u00e7o, durante a liturgia penitencial na Bas\u00edlica de S\u00e3o Pedro.","breadcrumb":{"@id":"https:\/\/schoenstatt.com\/pt-pt\/a-oracao-do-papa-na-consagracao-da-russia-e-da-ucrania-a-maria\/#breadcrumb"},"inLanguage":"pt-PT","potentialAction":[{"@type":"ReadAction","target":["https:\/\/schoenstatt.com\/pt-pt\/a-oracao-do-papa-na-consagracao-da-russia-e-da-ucrania-a-maria\/"]}]},{"@type":"ImageObject","inLanguage":"pt-PT","@id":"https:\/\/schoenstatt.com\/pt-pt\/a-oracao-do-papa-na-consagracao-da-russia-e-da-ucrania-a-maria\/#primaryimage","url":"https:\/\/schoenstatt.com\/wp-content\/uploads\/2022\/03\/Virgen-con-el-Nino-1.png","contentUrl":"https:\/\/schoenstatt.com\/wp-content\/uploads\/2022\/03\/Virgen-con-el-Nino-1.png","width":1113,"height":577,"caption":"consagraci\u00f3n"},{"@type":"BreadcrumbList","@id":"https:\/\/schoenstatt.com\/pt-pt\/a-oracao-do-papa-na-consagracao-da-russia-e-da-ucrania-a-maria\/#breadcrumb","itemListElement":[{"@type":"ListItem","position":1,"name":"Portada","item":"https:\/\/schoenstatt.com\/pt-pt\/home\/"},{"@type":"ListItem","position":2,"name":"A ora\u00e7\u00e3o do Papa na consagra\u00e7\u00e3o da R\u00fassia e da Ucr\u00e2nia a Maria"}]},{"@type":"WebSite","@id":"https:\/\/schoenstatt.com\/pt-pt\/#website","url":"https:\/\/schoenstatt.com\/pt-pt\/","name":"Schoenstatt","description":"Apostolic Movement","publisher":{"@id":"https:\/\/schoenstatt.com\/pt-pt\/#organization"},"potentialAction":[{"@type":"SearchAction","target":{"@type":"EntryPoint","urlTemplate":"https:\/\/schoenstatt.com\/pt-pt\/?s={search_term_string}"},"query-input":{"@type":"PropertyValueSpecification","valueRequired":true,"valueName":"search_term_string"}}],"inLanguage":"pt-PT"},{"@type":"Organization","@id":"https:\/\/schoenstatt.com\/pt-pt\/#organization","name":"Schoenstatt","url":"https:\/\/schoenstatt.com\/pt-pt\/","logo":{"@type":"ImageObject","inLanguage":"pt-PT","@id":"https:\/\/schoenstatt.com\/pt-pt\/#\/schema\/logo\/image\/","url":"https:\/\/schoenstatt.com\/wp-content\/uploads\/2025\/04\/logo-schoenstatt-white-696x696-1.png","contentUrl":"https:\/\/schoenstatt.com\/wp-content\/uploads\/2025\/04\/logo-schoenstatt-white-696x696-1.png","width":696,"height":694,"caption":"Schoenstatt"},"image":{"@id":"https:\/\/schoenstatt.com\/pt-pt\/#\/schema\/logo\/image\/"}},{"@type":"Person","@id":"https:\/\/schoenstatt.com\/pt-pt\/#\/schema\/person\/ea97a60c723e21c923e2177f0f3163f7","name":"Vanessa Franke","image":{"@type":"ImageObject","inLanguage":"pt-PT","@id":"https:\/\/secure.gravatar.com\/avatar\/a9bcca3409928ccd3195eca11e2ccbb2e5d7c7912e9a945d4f326f81a0a5cb4a?s=96&d=mm&r=g","url":"https:\/\/secure.gravatar.com\/avatar\/a9bcca3409928ccd3195eca11e2ccbb2e5d7c7912e9a945d4f326f81a0a5cb4a?s=96&d=mm&r=g","contentUrl":"https:\/\/secure.gravatar.com\/avatar\/a9bcca3409928ccd3195eca11e2ccbb2e5d7c7912e9a945d4f326f81a0a5cb4a?s=96&d=mm&r=g","caption":"Vanessa Franke"},"url":"https:\/\/schoenstatt.com\/pt-pt\/author\/vanessa-franke\/"}]}},"_links":{"self":[{"href":"https:\/\/schoenstatt.com\/pt-pt\/wp-json\/wp\/v2\/posts\/52390","targetHints":{"allow":["GET"]}}],"collection":[{"href":"https:\/\/schoenstatt.com\/pt-pt\/wp-json\/wp\/v2\/posts"}],"about":[{"href":"https:\/\/schoenstatt.com\/pt-pt\/wp-json\/wp\/v2\/types\/post"}],"author":[{"embeddable":true,"href":"https:\/\/schoenstatt.com\/pt-pt\/wp-json\/wp\/v2\/users\/6"}],"replies":[{"embeddable":true,"href":"https:\/\/schoenstatt.com\/pt-pt\/wp-json\/wp\/v2\/comments?post=52390"}],"version-history":[{"count":1,"href":"https:\/\/schoenstatt.com\/pt-pt\/wp-json\/wp\/v2\/posts\/52390\/revisions"}],"predecessor-version":[{"id":52494,"href":"https:\/\/schoenstatt.com\/pt-pt\/wp-json\/wp\/v2\/posts\/52390\/revisions\/52494"}],"wp:featuredmedia":[{"embeddable":true,"href":"https:\/\/schoenstatt.com\/pt-pt\/wp-json\/wp\/v2\/media\/24150"}],"wp:attachment":[{"href":"https:\/\/schoenstatt.com\/pt-pt\/wp-json\/wp\/v2\/media?parent=52390"}],"wp:term":[{"taxonomy":"category","embeddable":true,"href":"https:\/\/schoenstatt.com\/pt-pt\/wp-json\/wp\/v2\/categories?post=52390"},{"taxonomy":"post_tag","embeddable":true,"href":"https:\/\/schoenstatt.com\/pt-pt\/wp-json\/wp\/v2\/tags?post=52390"}],"curies":[{"name":"wp","href":"https:\/\/api.w.org\/{rel}","templated":true}]}}