{"id":52168,"date":"2022-04-21T22:19:17","date_gmt":"2022-04-21T20:19:17","guid":{"rendered":"https:\/\/schoenstattdev.wpenginepowered.com\/?p=24470"},"modified":"2025-05-16T00:18:59","modified_gmt":"2025-05-15T22:18:59","slug":"liderando-para-o-amor-reiniciar-em-2022","status":"publish","type":"post","link":"https:\/\/schoenstatt.com\/pt-pt\/liderando-para-o-amor-reiniciar-em-2022\/","title":{"rendered":"Liderando para o Amor \u2013 Reiniciar em 2022"},"content":{"rendered":"<h3>O Semin\u00e1rio &#8220;Lideran\u00e7a por Amor&#8221; \u00e9 reiniciado<\/h3>\n<p>Embora continuemos a sentir as consequ\u00eancias da pandemia e agora se acrescentem novas preocupa\u00e7\u00f5es, como a deteriora\u00e7\u00e3o da situa\u00e7\u00e3o econ\u00f3mica e a guerra entre a Ucr\u00e2nia e a R\u00fassia, configurando um panorama global de grande incerteza, acreditamos que Deus est\u00e1 a convidar-nos a aprender a viver com essas realidades, que t\u00eam muitas semelhan\u00e7as com o que nosso Pai e Fundador experimentou ao longo de sua vida.<\/p>\n<p>Por isso, a equipe organizadora do semin\u00e1rio decidiu oferec\u00ea-lo novamente e saber como esta iniciativa \u00e9 recebida pela Obra de Fam\u00edlias Internacional de Schoenstatt.<\/p>\n<p><img fetchpriority=\"high\" decoding=\"async\" class=\"alignnone size-full wp-image-24457\" src=\"https:\/\/schoenstatt.com\/wp-content\/uploads\/2022\/04\/c45c2ada-0cda-4043-997f-a80c562eabb4-e1650571838662-1.jpg\" alt=\"Liderazgo\" width=\"968\" height=\"1061\" \/><\/p>\n<p>&nbsp;<\/p>\n<p>&#8220;<em><strong>Liderando para o Amor<\/strong><\/em>&#8221; \u00e9 um semin\u00e1rio nascido de um impulso mission\u00e1rio do Centen\u00e1rio 2014, como servi\u00e7o \u00e0 Obra de Fam\u00edlias, que busca apoiar o crescimento espiritual dos casais e fam\u00edlias de Schoenstatt e desenvolver suas habilidades de lideran\u00e7a, a partir de um profundo encontro com o Fundador e seu estilo de lideran\u00e7a.<\/p>\n<p>O semin\u00e1rio \u00e9 realizado presencialmente na Casa de Familia del Monte Nazaret em Schoenstatt &#8211; Alemanha, de onde s\u00e3o visitados os lugares mais significativos da hist\u00f3ria do Movimento, e est\u00e1 estruturado de forma din\u00e2mica e vivencial, permitindo assim aos participantes n\u00e3o s\u00f3 aprofundar o conhecimento, mas passar pelo cora\u00e7\u00e3o e pela hist\u00f3ria pessoal os marcos dessa hist\u00f3ria sagrada.<\/p>\n<p><img decoding=\"async\" class=\"wp-image-24465 size-medium alignright\" src=\"https:\/\/schoenstatt.com\/wp-content\/uploads\/2022\/04\/22de338c-b1d4-4228-a7aa-c1830c9411d6-1.jpg\" alt=\"Lideran\u00e7a\" width=\"300\" height=\"199\" \/><\/p>\n<p>Da mesma forma, procura constituir um ponto de encontro internacional da<a href=\"https:\/\/schoenstattdev.wpenginepowered.com\/pt-pt\/familia\/comunidades-do-movimento-apostolico-de-schoenstatt\/familias\/\"> Obra de Fam\u00edlias<\/a>, a partir do qual se articulam estrat\u00e9gias e a\u00e7\u00f5es concretas em favor do matrim\u00f4nio e da fam\u00edlia crist\u00e3, inspiradas na Sagrada Fam\u00edlia de Nazar\u00e9, como afirmou nosso Fundador na Carta de Santa Maria.<\/p>\n<h3>3 datas marcadas:<\/h3>\n<p>\u2022 Em<em><strong> ingl\u00eas<\/strong><\/em>: 15 a 22 de agosto<\/p>\n<p>\u2022 Em <em><strong>espanhol<\/strong><\/em>: 25 de agosto a 1\u00ba de setembro<\/p>\n<p>\u2022 Em <em><strong>portugu\u00eas<\/strong><\/em>: 4 a 11 de setembro<\/p>\n<p>Todas as informa\u00e7\u00f5es podem ser baixadas no seguinte link: <a href=\"https:\/\/www.dropbox.com\/sh\/2rvlscbo4dhosfp\/AABgGeGWwKDPyzgD_uwuurX-a?dl=0\">https:\/\/www.dropbox.com\/sh\/2rvlscbo4dhosfp\/AABgGeGWwKDPyzgD_uwuurX-a?dl=0\u00a0<\/a><\/p>\n<p>O prazo para se inscrever \u00e9 at\u00e9 <em><strong>30 de abril<\/strong><\/em>. Voc\u00ea tamb\u00e9m pode baixar o formul\u00e1rio de inscri\u00e7\u00e3o no mesmo link.<\/p>\n<p>O convite \u00e9 juntar-se a este desafio numa hora incerta da humanidade, que precisa de fam\u00edlias robustas, alegres e audazes, profundamente ancoradas no mundo sobrenatural, capazes de serem portadoras de Cristo para o mundo. Os Esperamos!<\/p>\n<p>&nbsp;<\/p>\n","protected":false},"excerpt":{"rendered":"<p>Depois de dois anos em que a situa\u00e7\u00e3o causada pelo COVID 19 n\u00e3o nos permitiu realizar este semin\u00e1rio, nos animamos a propor o rein\u00edcio em 2022 de uma atividade que j\u00e1 contou com a participa\u00e7\u00e3o de 58 casais da Obra de Fam\u00edlias de Schoenstatt, vindos de v\u00e1rios lugares do mundo.<\/p>\n","protected":false},"author":1,"featured_media":24458,"comment_status":"closed","ping_status":"closed","sticky":false,"template":"","format":"standard","meta":{"footnotes":""},"categories":[908,636],"tags":[],"class_list":["post-52168","post","type-post","status-publish","format-standard","has-post-thumbnail","hentry","category-comunidades-de-schoenstatt-pt-pt","category-eventos-pt-pt"],"yoast_head":"<!-- This site is optimized with the Yoast SEO Premium plugin v27.4 (Yoast SEO v27.4) - https:\/\/yoast.com\/product\/yoast-seo-premium-wordpress\/ -->\n<title>Liderando para o Amor \u2013 Reiniciar em 2022 - Schoenstatt<\/title>\n<meta name=\"description\" content=\"Ap\u00f3s dois anos, reiniciamos o semin\u00e1rio &quot;Liderando para o Amor&quot; 2022. \u00c9 uma atividade da Obra Familiar de Schoenstatt.\" \/>\n<meta name=\"robots\" content=\"index, follow, max-snippet:-1, max-image-preview:large, max-video-preview:-1\" \/>\n<link rel=\"canonical\" href=\"https:\/\/schoenstatt.com\/pt-pt\/liderando-para-o-amor-reiniciar-em-2022\/\" \/>\n<meta property=\"og:locale\" content=\"pt_PT\" \/>\n<meta property=\"og:type\" content=\"article\" \/>\n<meta property=\"og:title\" content=\"Liderando para o Amor \u2013 Reiniciar em 2022\" \/>\n<meta property=\"og:description\" content=\"Ap\u00f3s dois anos, reiniciamos o semin\u00e1rio &quot;Liderando para o Amor&quot; 2022. \u00c9 uma atividade da Obra Familiar de Schoenstatt.\" \/>\n<meta property=\"og:url\" content=\"https:\/\/schoenstatt.com\/pt-pt\/liderando-para-o-amor-reiniciar-em-2022\/\" \/>\n<meta property=\"og:site_name\" content=\"Schoenstatt\" \/>\n<meta property=\"article:published_time\" content=\"2022-04-21T20:19:17+00:00\" \/>\n<meta property=\"article:modified_time\" content=\"2025-05-15T22:18:59+00:00\" \/>\n<meta property=\"og:image\" content=\"https:\/\/schoenstatt.com\/wp-content\/uploads\/2022\/04\/4a9c2949-eb57-458a-9396-db683cb28504-1.jpg\" \/>\n\t<meta property=\"og:image:width\" content=\"1280\" \/>\n\t<meta property=\"og:image:height\" content=\"851\" \/>\n\t<meta property=\"og:image:type\" content=\"image\/jpeg\" \/>\n<meta name=\"author\" content=\"admin\" \/>\n<meta name=\"twitter:card\" content=\"summary_large_image\" \/>\n<meta name=\"twitter:label1\" content=\"Escrito por\" \/>\n\t<meta name=\"twitter:data1\" content=\"admin\" \/>\n\t<meta name=\"twitter:label2\" content=\"Tempo estimado de leitura\" \/>\n\t<meta name=\"twitter:data2\" content=\"2 minutos\" \/>\n<script type=\"application\/ld+json\" class=\"yoast-schema-graph\">{\"@context\":\"https:\\\/\\\/schema.org\",\"@graph\":[{\"@type\":\"Article\",\"@id\":\"https:\\\/\\\/schoenstatt.com\\\/pt-pt\\\/liderando-para-o-amor-reiniciar-em-2022\\\/#article\",\"isPartOf\":{\"@id\":\"https:\\\/\\\/schoenstatt.com\\\/pt-pt\\\/liderando-para-o-amor-reiniciar-em-2022\\\/\"},\"author\":{\"name\":\"admin\",\"@id\":\"https:\\\/\\\/schoenstatt.com\\\/pt-pt\\\/#\\\/schema\\\/person\\\/489465b1850e7b216fe2c10dfc262551\"},\"headline\":\"Liderando para o Amor \u2013 Reiniciar em 2022\",\"datePublished\":\"2022-04-21T20:19:17+00:00\",\"dateModified\":\"2025-05-15T22:18:59+00:00\",\"mainEntityOfPage\":{\"@id\":\"https:\\\/\\\/schoenstatt.com\\\/pt-pt\\\/liderando-para-o-amor-reiniciar-em-2022\\\/\"},\"wordCount\":392,\"publisher\":{\"@id\":\"https:\\\/\\\/schoenstatt.com\\\/pt-pt\\\/#organization\"},\"image\":{\"@id\":\"https:\\\/\\\/schoenstatt.com\\\/pt-pt\\\/liderando-para-o-amor-reiniciar-em-2022\\\/#primaryimage\"},\"thumbnailUrl\":\"https:\\\/\\\/schoenstatt.com\\\/wp-content\\\/uploads\\\/2022\\\/04\\\/4a9c2949-eb57-458a-9396-db683cb28504-1.jpg\",\"articleSection\":[\"Comunidades de Schoenstatt\",\"Eventos\"],\"inLanguage\":\"pt-PT\"},{\"@type\":\"WebPage\",\"@id\":\"https:\\\/\\\/schoenstatt.com\\\/pt-pt\\\/liderando-para-o-amor-reiniciar-em-2022\\\/\",\"url\":\"https:\\\/\\\/schoenstatt.com\\\/pt-pt\\\/liderando-para-o-amor-reiniciar-em-2022\\\/\",\"name\":\"Liderando para o Amor \u2013 Reiniciar em 2022 - Schoenstatt\",\"isPartOf\":{\"@id\":\"https:\\\/\\\/schoenstatt.com\\\/pt-pt\\\/#website\"},\"primaryImageOfPage\":{\"@id\":\"https:\\\/\\\/schoenstatt.com\\\/pt-pt\\\/liderando-para-o-amor-reiniciar-em-2022\\\/#primaryimage\"},\"image\":{\"@id\":\"https:\\\/\\\/schoenstatt.com\\\/pt-pt\\\/liderando-para-o-amor-reiniciar-em-2022\\\/#primaryimage\"},\"thumbnailUrl\":\"https:\\\/\\\/schoenstatt.com\\\/wp-content\\\/uploads\\\/2022\\\/04\\\/4a9c2949-eb57-458a-9396-db683cb28504-1.jpg\",\"datePublished\":\"2022-04-21T20:19:17+00:00\",\"dateModified\":\"2025-05-15T22:18:59+00:00\",\"description\":\"Ap\u00f3s dois anos, reiniciamos o semin\u00e1rio \\\"Liderando para o Amor\\\" 2022. \u00c9 uma atividade da Obra Familiar de Schoenstatt.\",\"breadcrumb\":{\"@id\":\"https:\\\/\\\/schoenstatt.com\\\/pt-pt\\\/liderando-para-o-amor-reiniciar-em-2022\\\/#breadcrumb\"},\"inLanguage\":\"pt-PT\",\"potentialAction\":[{\"@type\":\"ReadAction\",\"target\":[\"https:\\\/\\\/schoenstatt.com\\\/pt-pt\\\/liderando-para-o-amor-reiniciar-em-2022\\\/\"]}]},{\"@type\":\"ImageObject\",\"inLanguage\":\"pt-PT\",\"@id\":\"https:\\\/\\\/schoenstatt.com\\\/pt-pt\\\/liderando-para-o-amor-reiniciar-em-2022\\\/#primaryimage\",\"url\":\"https:\\\/\\\/schoenstatt.com\\\/wp-content\\\/uploads\\\/2022\\\/04\\\/4a9c2949-eb57-458a-9396-db683cb28504-1.jpg\",\"contentUrl\":\"https:\\\/\\\/schoenstatt.com\\\/wp-content\\\/uploads\\\/2022\\\/04\\\/4a9c2949-eb57-458a-9396-db683cb28504-1.jpg\",\"width\":1280,\"height\":851,\"caption\":\"Leading\"},{\"@type\":\"BreadcrumbList\",\"@id\":\"https:\\\/\\\/schoenstatt.com\\\/pt-pt\\\/liderando-para-o-amor-reiniciar-em-2022\\\/#breadcrumb\",\"itemListElement\":[{\"@type\":\"ListItem\",\"position\":1,\"name\":\"Portada\",\"item\":\"https:\\\/\\\/schoenstatt.com\\\/pt-pt\\\/home\\\/\"},{\"@type\":\"ListItem\",\"position\":2,\"name\":\"Liderando para o Amor \u2013 Reiniciar em 2022\"}]},{\"@type\":\"WebSite\",\"@id\":\"https:\\\/\\\/schoenstatt.com\\\/pt-pt\\\/#website\",\"url\":\"https:\\\/\\\/schoenstatt.com\\\/pt-pt\\\/\",\"name\":\"Schoenstatt\",\"description\":\"Apostolic Movement\",\"publisher\":{\"@id\":\"https:\\\/\\\/schoenstatt.com\\\/pt-pt\\\/#organization\"},\"potentialAction\":[{\"@type\":\"SearchAction\",\"target\":{\"@type\":\"EntryPoint\",\"urlTemplate\":\"https:\\\/\\\/schoenstatt.com\\\/pt-pt\\\/?s={search_term_string}\"},\"query-input\":{\"@type\":\"PropertyValueSpecification\",\"valueRequired\":true,\"valueName\":\"search_term_string\"}}],\"inLanguage\":\"pt-PT\"},{\"@type\":\"Organization\",\"@id\":\"https:\\\/\\\/schoenstatt.com\\\/pt-pt\\\/#organization\",\"name\":\"Schoenstatt\",\"url\":\"https:\\\/\\\/schoenstatt.com\\\/pt-pt\\\/\",\"logo\":{\"@type\":\"ImageObject\",\"inLanguage\":\"pt-PT\",\"@id\":\"https:\\\/\\\/schoenstatt.com\\\/pt-pt\\\/#\\\/schema\\\/logo\\\/image\\\/\",\"url\":\"https:\\\/\\\/schoenstatt.com\\\/wp-content\\\/uploads\\\/2025\\\/04\\\/logo-schoenstatt-white-696x696-1.png\",\"contentUrl\":\"https:\\\/\\\/schoenstatt.com\\\/wp-content\\\/uploads\\\/2025\\\/04\\\/logo-schoenstatt-white-696x696-1.png\",\"width\":696,\"height\":694,\"caption\":\"Schoenstatt\"},\"image\":{\"@id\":\"https:\\\/\\\/schoenstatt.com\\\/pt-pt\\\/#\\\/schema\\\/logo\\\/image\\\/\"}},{\"@type\":\"Person\",\"@id\":\"https:\\\/\\\/schoenstatt.com\\\/pt-pt\\\/#\\\/schema\\\/person\\\/489465b1850e7b216fe2c10dfc262551\",\"name\":\"admin\",\"image\":{\"@type\":\"ImageObject\",\"inLanguage\":\"pt-PT\",\"@id\":\"https:\\\/\\\/secure.gravatar.com\\\/avatar\\\/02e8345e1ec40ab0e0a2a98fdde64a684bbaf994cddcb778b25b8b024ee9dfe6?s=96&d=mm&r=g\",\"url\":\"https:\\\/\\\/secure.gravatar.com\\\/avatar\\\/02e8345e1ec40ab0e0a2a98fdde64a684bbaf994cddcb778b25b8b024ee9dfe6?s=96&d=mm&r=g\",\"contentUrl\":\"https:\\\/\\\/secure.gravatar.com\\\/avatar\\\/02e8345e1ec40ab0e0a2a98fdde64a684bbaf994cddcb778b25b8b024ee9dfe6?s=96&d=mm&r=g\",\"caption\":\"admin\"},\"sameAs\":[\"https:\\\/\\\/schoenstatt.com\"],\"url\":\"https:\\\/\\\/schoenstatt.com\\\/pt-pt\\\/author\\\/admin\\\/\"}]}<\/script>\n<!-- \/ Yoast SEO Premium plugin. -->","yoast_head_json":{"title":"Liderando para o Amor \u2013 Reiniciar em 2022 - Schoenstatt","description":"Ap\u00f3s dois anos, reiniciamos o semin\u00e1rio \"Liderando para o Amor\" 2022. \u00c9 uma atividade da Obra Familiar de Schoenstatt.","robots":{"index":"index","follow":"follow","max-snippet":"max-snippet:-1","max-image-preview":"max-image-preview:large","max-video-preview":"max-video-preview:-1"},"canonical":"https:\/\/schoenstatt.com\/pt-pt\/liderando-para-o-amor-reiniciar-em-2022\/","og_locale":"pt_PT","og_type":"article","og_title":"Liderando para o Amor \u2013 Reiniciar em 2022","og_description":"Ap\u00f3s dois anos, reiniciamos o semin\u00e1rio \"Liderando para o Amor\" 2022. \u00c9 uma atividade da Obra Familiar de Schoenstatt.","og_url":"https:\/\/schoenstatt.com\/pt-pt\/liderando-para-o-amor-reiniciar-em-2022\/","og_site_name":"Schoenstatt","article_published_time":"2022-04-21T20:19:17+00:00","article_modified_time":"2025-05-15T22:18:59+00:00","og_image":[{"width":1280,"height":851,"url":"https:\/\/schoenstatt.com\/wp-content\/uploads\/2022\/04\/4a9c2949-eb57-458a-9396-db683cb28504-1.jpg","type":"image\/jpeg"}],"author":"admin","twitter_card":"summary_large_image","twitter_misc":{"Escrito por":"admin","Tempo estimado de leitura":"2 minutos"},"schema":{"@context":"https:\/\/schema.org","@graph":[{"@type":"Article","@id":"https:\/\/schoenstatt.com\/pt-pt\/liderando-para-o-amor-reiniciar-em-2022\/#article","isPartOf":{"@id":"https:\/\/schoenstatt.com\/pt-pt\/liderando-para-o-amor-reiniciar-em-2022\/"},"author":{"name":"admin","@id":"https:\/\/schoenstatt.com\/pt-pt\/#\/schema\/person\/489465b1850e7b216fe2c10dfc262551"},"headline":"Liderando para o Amor \u2013 Reiniciar em 2022","datePublished":"2022-04-21T20:19:17+00:00","dateModified":"2025-05-15T22:18:59+00:00","mainEntityOfPage":{"@id":"https:\/\/schoenstatt.com\/pt-pt\/liderando-para-o-amor-reiniciar-em-2022\/"},"wordCount":392,"publisher":{"@id":"https:\/\/schoenstatt.com\/pt-pt\/#organization"},"image":{"@id":"https:\/\/schoenstatt.com\/pt-pt\/liderando-para-o-amor-reiniciar-em-2022\/#primaryimage"},"thumbnailUrl":"https:\/\/schoenstatt.com\/wp-content\/uploads\/2022\/04\/4a9c2949-eb57-458a-9396-db683cb28504-1.jpg","articleSection":["Comunidades de Schoenstatt","Eventos"],"inLanguage":"pt-PT"},{"@type":"WebPage","@id":"https:\/\/schoenstatt.com\/pt-pt\/liderando-para-o-amor-reiniciar-em-2022\/","url":"https:\/\/schoenstatt.com\/pt-pt\/liderando-para-o-amor-reiniciar-em-2022\/","name":"Liderando para o Amor \u2013 Reiniciar em 2022 - Schoenstatt","isPartOf":{"@id":"https:\/\/schoenstatt.com\/pt-pt\/#website"},"primaryImageOfPage":{"@id":"https:\/\/schoenstatt.com\/pt-pt\/liderando-para-o-amor-reiniciar-em-2022\/#primaryimage"},"image":{"@id":"https:\/\/schoenstatt.com\/pt-pt\/liderando-para-o-amor-reiniciar-em-2022\/#primaryimage"},"thumbnailUrl":"https:\/\/schoenstatt.com\/wp-content\/uploads\/2022\/04\/4a9c2949-eb57-458a-9396-db683cb28504-1.jpg","datePublished":"2022-04-21T20:19:17+00:00","dateModified":"2025-05-15T22:18:59+00:00","description":"Ap\u00f3s dois anos, reiniciamos o semin\u00e1rio \"Liderando para o Amor\" 2022. \u00c9 uma atividade da Obra Familiar de Schoenstatt.","breadcrumb":{"@id":"https:\/\/schoenstatt.com\/pt-pt\/liderando-para-o-amor-reiniciar-em-2022\/#breadcrumb"},"inLanguage":"pt-PT","potentialAction":[{"@type":"ReadAction","target":["https:\/\/schoenstatt.com\/pt-pt\/liderando-para-o-amor-reiniciar-em-2022\/"]}]},{"@type":"ImageObject","inLanguage":"pt-PT","@id":"https:\/\/schoenstatt.com\/pt-pt\/liderando-para-o-amor-reiniciar-em-2022\/#primaryimage","url":"https:\/\/schoenstatt.com\/wp-content\/uploads\/2022\/04\/4a9c2949-eb57-458a-9396-db683cb28504-1.jpg","contentUrl":"https:\/\/schoenstatt.com\/wp-content\/uploads\/2022\/04\/4a9c2949-eb57-458a-9396-db683cb28504-1.jpg","width":1280,"height":851,"caption":"Leading"},{"@type":"BreadcrumbList","@id":"https:\/\/schoenstatt.com\/pt-pt\/liderando-para-o-amor-reiniciar-em-2022\/#breadcrumb","itemListElement":[{"@type":"ListItem","position":1,"name":"Portada","item":"https:\/\/schoenstatt.com\/pt-pt\/home\/"},{"@type":"ListItem","position":2,"name":"Liderando para o Amor \u2013 Reiniciar em 2022"}]},{"@type":"WebSite","@id":"https:\/\/schoenstatt.com\/pt-pt\/#website","url":"https:\/\/schoenstatt.com\/pt-pt\/","name":"Schoenstatt","description":"Apostolic Movement","publisher":{"@id":"https:\/\/schoenstatt.com\/pt-pt\/#organization"},"potentialAction":[{"@type":"SearchAction","target":{"@type":"EntryPoint","urlTemplate":"https:\/\/schoenstatt.com\/pt-pt\/?s={search_term_string}"},"query-input":{"@type":"PropertyValueSpecification","valueRequired":true,"valueName":"search_term_string"}}],"inLanguage":"pt-PT"},{"@type":"Organization","@id":"https:\/\/schoenstatt.com\/pt-pt\/#organization","name":"Schoenstatt","url":"https:\/\/schoenstatt.com\/pt-pt\/","logo":{"@type":"ImageObject","inLanguage":"pt-PT","@id":"https:\/\/schoenstatt.com\/pt-pt\/#\/schema\/logo\/image\/","url":"https:\/\/schoenstatt.com\/wp-content\/uploads\/2025\/04\/logo-schoenstatt-white-696x696-1.png","contentUrl":"https:\/\/schoenstatt.com\/wp-content\/uploads\/2025\/04\/logo-schoenstatt-white-696x696-1.png","width":696,"height":694,"caption":"Schoenstatt"},"image":{"@id":"https:\/\/schoenstatt.com\/pt-pt\/#\/schema\/logo\/image\/"}},{"@type":"Person","@id":"https:\/\/schoenstatt.com\/pt-pt\/#\/schema\/person\/489465b1850e7b216fe2c10dfc262551","name":"admin","image":{"@type":"ImageObject","inLanguage":"pt-PT","@id":"https:\/\/secure.gravatar.com\/avatar\/02e8345e1ec40ab0e0a2a98fdde64a684bbaf994cddcb778b25b8b024ee9dfe6?s=96&d=mm&r=g","url":"https:\/\/secure.gravatar.com\/avatar\/02e8345e1ec40ab0e0a2a98fdde64a684bbaf994cddcb778b25b8b024ee9dfe6?s=96&d=mm&r=g","contentUrl":"https:\/\/secure.gravatar.com\/avatar\/02e8345e1ec40ab0e0a2a98fdde64a684bbaf994cddcb778b25b8b024ee9dfe6?s=96&d=mm&r=g","caption":"admin"},"sameAs":["https:\/\/schoenstatt.com"],"url":"https:\/\/schoenstatt.com\/pt-pt\/author\/admin\/"}]}},"_links":{"self":[{"href":"https:\/\/schoenstatt.com\/pt-pt\/wp-json\/wp\/v2\/posts\/52168","targetHints":{"allow":["GET"]}}],"collection":[{"href":"https:\/\/schoenstatt.com\/pt-pt\/wp-json\/wp\/v2\/posts"}],"about":[{"href":"https:\/\/schoenstatt.com\/pt-pt\/wp-json\/wp\/v2\/types\/post"}],"author":[{"embeddable":true,"href":"https:\/\/schoenstatt.com\/pt-pt\/wp-json\/wp\/v2\/users\/1"}],"replies":[{"embeddable":true,"href":"https:\/\/schoenstatt.com\/pt-pt\/wp-json\/wp\/v2\/comments?post=52168"}],"version-history":[{"count":2,"href":"https:\/\/schoenstatt.com\/pt-pt\/wp-json\/wp\/v2\/posts\/52168\/revisions"}],"predecessor-version":[{"id":55831,"href":"https:\/\/schoenstatt.com\/pt-pt\/wp-json\/wp\/v2\/posts\/52168\/revisions\/55831"}],"wp:featuredmedia":[{"embeddable":true,"href":"https:\/\/schoenstatt.com\/pt-pt\/wp-json\/wp\/v2\/media\/24458"}],"wp:attachment":[{"href":"https:\/\/schoenstatt.com\/pt-pt\/wp-json\/wp\/v2\/media?parent=52168"}],"wp:term":[{"taxonomy":"category","embeddable":true,"href":"https:\/\/schoenstatt.com\/pt-pt\/wp-json\/wp\/v2\/categories?post=52168"},{"taxonomy":"post_tag","embeddable":true,"href":"https:\/\/schoenstatt.com\/pt-pt\/wp-json\/wp\/v2\/tags?post=52168"}],"curies":[{"name":"wp","href":"https:\/\/api.w.org\/{rel}","templated":true}]}}