{"id":52155,"date":"2022-04-18T08:00:41","date_gmt":"2022-04-18T06:00:41","guid":{"rendered":"https:\/\/schoenstattdev.wpenginepowered.com\/?p=24410"},"modified":"2025-05-16T00:40:23","modified_gmt":"2025-05-15T22:40:23","slug":"quando-a-alianca-de-amor-dos-pais-se-reflete-na-vida-dos-filhos","status":"publish","type":"post","link":"https:\/\/schoenstatt.com\/pt-pt\/quando-a-alianca-de-amor-dos-pais-se-reflete-na-vida-dos-filhos\/","title":{"rendered":"Quando a Alian\u00e7a de Amor dos pais se reflete na vida dos filhos"},"content":{"rendered":"<p>Com o Cristo ressuscitado celebramos o dia da Alian\u00e7a de Amor. Neste m\u00eas de abril, a Fam\u00edlia de Schoenstatt lembra um epis\u00f3dio marcante em sua hist\u00f3ria: o dia no qual a m\u00e3e do Pe. Jos\u00e9 Kentenich, Catarina, o consagra aos cuidados de Nossa Senhora, quando ela deixa o filho no orfanato.<\/p>\n<p>O menino tinha apenas 9 anos de idade e acompanhava a ora\u00e7\u00e3o da m\u00e3e com aten\u00e7\u00e3o. A partir daquele dia, Maria tornou-se educadora e formadora do pequeno Jos\u00e9. Anos mais tarde, Pe. Kentenich pode dizer que esse fato foi o g\u00e9rmen que deu origem \u00e0 Obra de Schoenstatt. Pois, antes de selar uma Alian\u00e7a de Amor, ele mesmo j\u00e1 tinha experimentado a efic\u00e1cia de ter Maria como educadora em sua vida.<\/p>\n<p>Hoje, ao selar uma Alian\u00e7a de Amor, cada pessoa passa pela experi\u00eancia que nosso fundador viveu ao ser consagrado aos cuidados da M\u00e3e de Deus. E, como Catarina, muitos pais e m\u00e3es vivem essa Alian\u00e7a em profunda confian\u00e7a filial, inspirando a vida de seus filhos.<\/p>\n<p>Um exemplo disso \u00e9 o que vemos na vida dos cinco filhos de Helena e Joaquim Melquiades, do Instituto de Fam\u00edlias de Schoenstatt. Seus filhos nos contam:<\/p>\n<p><img fetchpriority=\"high\" decoding=\"async\" class=\"size-full wp-image-24405 aligncenter\" src=\"https:\/\/schoenstatt.com\/wp-content\/uploads\/2022\/04\/familia-melquiades-2-1.webp\" alt=\"Alianza de Amor\" width=\"350\" height=\"356\" \/><\/p>\n<h3>Testemunho da Fam\u00edlia Melquiades<\/h3>\n<p>\u201cA Alian\u00e7a de Amor dos meus pais foi fundamental para minha trajet\u00f3ria de amor a Cristo e \u00e0 M\u00e3e de Deus. Foi a partir deles que pude me vincular \u00e0 MTA e ao Santu\u00e1rio. A Alian\u00e7a de Amor dos c\u00f4njuges se frutifica na vida familiar e na educa\u00e7\u00e3o dos filhos. Neste sentido, o exemplo de vida de ora\u00e7\u00e3o, de fidelidade ao Movimento e \u00e0 Igreja marcaram minha inf\u00e2ncia e juventude. A viv\u00eancia do Santu\u00e1rio Lar como local de entrega das alegrias e dificuldades e como base para a tomada de decis\u00f5es me manteve vinculado aos valores crist\u00e3os e na busca por seguir os passos da Divina Provid\u00eancia. Toda essa viv\u00eancia permitiu uma clareza da minha voca\u00e7\u00e3o ao matrim\u00f4nio, me motivou a constituir fam\u00edlia e a seguir os conselhos evang\u00e9licos no \u00e2mbito da fam\u00edlia. Agrade\u00e7o a Deus pelos meus pais e pela minha fam\u00edlia.<\/p>\n<p><img decoding=\"async\" class=\"size-full wp-image-24409 aligncenter\" src=\"https:\/\/schoenstatt.com\/wp-content\/uploads\/2022\/04\/familia-melquiades-1.webp\" alt=\"Alianza de Amor\" width=\"700\" height=\"525\" \/><\/p>\n<h3>F\u00e1bio Luiz Melquiades \u2013 Uni\u00e3o das Fam\u00edlias de Schoenstatt<\/h3>\n<blockquote><p>\u201cAcredito que o que me motivou a participar do Movimento e a selar a Alian\u00e7a de Amor com a MTA foi, sem d\u00favidas, o exemplo de vida, os sacrif\u00edcios e os oferecimentos ao Capital de Gra\u00e7as dos meus pais. Toda essa entrega foi fundamental para minha forma\u00e7\u00e3o como pessoa. Em nosso lar sempre tivemos nossos pais como modelo que nos inspiraram a ser o que somos hoje, e tudo isso fruto da Alian\u00e7a de Amor selada por eles. Outro aspecto muito importante no meu processo de crescimento espiritual foi a liberdade que sempre nos deram para nos decidir por Schoenstatt e a seguir o caminho que Deus queria para cada um de n\u00f3s\u201d.<\/p><\/blockquote>\n<h3>Everson Ricardo Melquiades \u2013 Uni\u00e3o das Fam\u00edlias de Schoenstatt<\/h3>\n<blockquote><p>\u201cA Alian\u00e7a de Amor selada como c\u00f4njuges \u00e9 um grande impulso para viver a santidade matrimonial e a busca por viver santamente no dia a dia, especialmente na rela\u00e7\u00e3o com os filhos. Acredito que a Alian\u00e7a de Amor que meus pais selaram ajudaram no meu crescimento espiritual como filho, a sempre tomar decis\u00f5es dentro da f\u00e9 crist\u00e3 e tamb\u00e9m para eu buscar a santidade no meu dia a dia. S\u00f3 tenho a agradecer pelos meus pais terem selado a Alian\u00e7a de Amor com a M\u00e3e de Deus e serem exemplo para mim\u201d.<\/p><\/blockquote>\n<h3>Rafael Augusto Melquiades \u2013 Instituto de Fam\u00edlias de Schoenstatt<\/h3>\n<blockquote><p>\u201cNascer em um lar Schoenstattiano para mim foi e continua sendo uma grande gra\u00e7a na qual agrade\u00e7o a Deus cada dia. Nos meus pais vejo claramente o que \u00e9 viver a Alian\u00e7a de Amor em Schoenstatt. N\u00e3o atrav\u00e9s de teorias, mas nos exemplos que me deram e ainda d\u00e3o na vida pr\u00e1tica, na confian\u00e7a na M\u00e3e de Deus diante das dificuldades, no respeito m\u00fatuo entre eles, com os filhos e netos, na fidelidade aos compromissos assumidos, especialmente em Schoenstatt e na Igreja, nos crit\u00e9rios para as decis\u00f5es do dia a dia, na intensa vida de ora\u00e7\u00e3o e entrega ao Capital de Gra\u00e7as, na liberdade que me deram para me decidir por Schoenstatt e seguir minha voca\u00e7\u00e3o.<\/p><\/blockquote>\n<p>Unido a essa viv\u00eancia da<a href=\"https:\/\/schoenstattdev.wpenginepowered.com\/pt-pt\/espiritualidade\/a-alianca-de-amor-e-o-nosso-batismo\/\"> Alian\u00e7a de Amor<\/a> matrimonial est\u00e1 a presen\u00e7a do Santu\u00e1rio Lar \u2013 Reino da Imaculada, onde, como Fam\u00edlia, nos encontr\u00e1vamos com frequ\u00eancia para rezar, conversar e tomar decis\u00f5es. O lar sempre foi envolvido pela atmosfera da Imaculada.<\/p>\n<p>Minha voca\u00e7\u00e3o nasceu, cresceu e \u00e9 fortalecida ainda hoje atrav\u00e9s da ora\u00e7\u00e3o e entrega dos meus pais, que fi\u00e9is a sua Alian\u00e7a de Amor vivem plenamente o \u201cNada sem v\u00f3s, Nada sem n\u00f3s\u201d.<\/p>\n<h3>Ana Christina Melquiades \u2013 Instituto Nossa Senhora de Schoenstatt<\/h3>\n<blockquote><p>N\u00f3s tamb\u00e9m somos chamados a viver em estreita alian\u00e7a com Deus Pai. O caminho mais curto, mais seguro e mais r\u00e1pido \u00e9 Maria. Ela nos leva a Jesus, ao Pai. Na inseguran\u00e7a em que vivemos no tempo atual, a Alian\u00e7a de Amor nos d\u00e1 direito a um espa\u00e7o seguro no cora\u00e7\u00e3o de Deus Pai.<\/p><\/blockquote>\n<p><em><strong>Feliz dia da Alian\u00e7a de Amor!<\/strong><\/em><\/p>\n<p>&nbsp;<\/p>\n<p>Fonte: Schoenstatt Brasil (<a href=\"https:\/\/schoenstatt.org.br\/\">www.schoenstatt.org.br<\/a>)<\/p>\n<p>&nbsp;<\/p>\n","protected":false},"excerpt":{"rendered":"<p>Ao selar uma Alian\u00e7a de Amor, cada pessoa passa pela experi\u00eancia que nosso fundador viveu ao ser consagrado aos cuidados da M\u00e3e de Deus.<\/p>\n","protected":false},"author":1,"featured_media":24398,"comment_status":"closed","ping_status":"closed","sticky":false,"template":"","format":"standard","meta":{"footnotes":""},"categories":[908,916],"tags":[],"class_list":["post-52155","post","type-post","status-publish","format-standard","has-post-thumbnail","hentry","category-comunidades-de-schoenstatt-pt-pt","category-espiritualidade-pt-pt"],"yoast_head":"<!-- This site is optimized with the Yoast SEO Premium plugin v27.4 (Yoast SEO v27.4) - https:\/\/yoast.com\/product\/yoast-seo-premium-wordpress\/ -->\n<title>Quando a Alian\u00e7a de Amor dos pais se reflete na vida dos filhos - Schoenstatt<\/title>\n<meta name=\"description\" content=\"Ao selar a Alian\u00e7a de Amor, cada pessoa passa pela experi\u00eancia que nosso fundador viveu ao ser consagrado aos cuidados da M\u00e3e de Deus.\" \/>\n<meta name=\"robots\" content=\"index, follow, max-snippet:-1, max-image-preview:large, max-video-preview:-1\" \/>\n<link rel=\"canonical\" href=\"https:\/\/schoenstatt.com\/pt-pt\/quando-a-alianca-de-amor-dos-pais-se-reflete-na-vida-dos-filhos\/\" \/>\n<meta property=\"og:locale\" content=\"pt_PT\" \/>\n<meta property=\"og:type\" content=\"article\" \/>\n<meta property=\"og:title\" content=\"Quando a Alian\u00e7a de Amor dos pais se reflete na vida dos filhos\" \/>\n<meta property=\"og:description\" content=\"Ao selar a Alian\u00e7a de Amor, cada pessoa passa pela experi\u00eancia que nosso fundador viveu ao ser consagrado aos cuidados da M\u00e3e de Deus.\" \/>\n<meta property=\"og:url\" content=\"https:\/\/schoenstatt.com\/pt-pt\/quando-a-alianca-de-amor-dos-pais-se-reflete-na-vida-dos-filhos\/\" \/>\n<meta property=\"og:site_name\" content=\"Schoenstatt\" \/>\n<meta property=\"article:published_time\" content=\"2022-04-18T06:00:41+00:00\" \/>\n<meta property=\"article:modified_time\" content=\"2025-05-15T22:40:23+00:00\" \/>\n<meta property=\"og:image\" content=\"https:\/\/schoenstatt.com\/wp-content\/uploads\/2022\/04\/2020-04-25_Sr.Cacilda_DSC4628-scaled-1.jpg\" \/>\n\t<meta property=\"og:image:width\" content=\"2560\" \/>\n\t<meta property=\"og:image:height\" content=\"1702\" \/>\n\t<meta property=\"og:image:type\" content=\"image\/jpeg\" \/>\n<meta name=\"author\" content=\"admin\" \/>\n<meta name=\"twitter:card\" content=\"summary_large_image\" \/>\n<meta name=\"twitter:label1\" content=\"Escrito por\" \/>\n\t<meta name=\"twitter:data1\" content=\"admin\" \/>\n\t<meta name=\"twitter:label2\" content=\"Tempo estimado de leitura\" \/>\n\t<meta name=\"twitter:data2\" content=\"5 minutos\" \/>\n<script type=\"application\/ld+json\" class=\"yoast-schema-graph\">{\"@context\":\"https:\\\/\\\/schema.org\",\"@graph\":[{\"@type\":\"Article\",\"@id\":\"https:\\\/\\\/schoenstatt.com\\\/pt-pt\\\/quando-a-alianca-de-amor-dos-pais-se-reflete-na-vida-dos-filhos\\\/#article\",\"isPartOf\":{\"@id\":\"https:\\\/\\\/schoenstatt.com\\\/pt-pt\\\/quando-a-alianca-de-amor-dos-pais-se-reflete-na-vida-dos-filhos\\\/\"},\"author\":{\"name\":\"admin\",\"@id\":\"https:\\\/\\\/schoenstatt.com\\\/pt-pt\\\/#\\\/schema\\\/person\\\/489465b1850e7b216fe2c10dfc262551\"},\"headline\":\"Quando a Alian\u00e7a de Amor dos pais se reflete na vida dos filhos\",\"datePublished\":\"2022-04-18T06:00:41+00:00\",\"dateModified\":\"2025-05-15T22:40:23+00:00\",\"mainEntityOfPage\":{\"@id\":\"https:\\\/\\\/schoenstatt.com\\\/pt-pt\\\/quando-a-alianca-de-amor-dos-pais-se-reflete-na-vida-dos-filhos\\\/\"},\"wordCount\":942,\"publisher\":{\"@id\":\"https:\\\/\\\/schoenstatt.com\\\/pt-pt\\\/#organization\"},\"image\":{\"@id\":\"https:\\\/\\\/schoenstatt.com\\\/pt-pt\\\/quando-a-alianca-de-amor-dos-pais-se-reflete-na-vida-dos-filhos\\\/#primaryimage\"},\"thumbnailUrl\":\"https:\\\/\\\/schoenstatt.com\\\/wp-content\\\/uploads\\\/2022\\\/04\\\/2020-04-25_Sr.Cacilda_DSC4628-scaled-1.jpg\",\"articleSection\":[\"Comunidades de Schoenstatt\",\"Espiritualidade\"],\"inLanguage\":\"pt-PT\"},{\"@type\":\"WebPage\",\"@id\":\"https:\\\/\\\/schoenstatt.com\\\/pt-pt\\\/quando-a-alianca-de-amor-dos-pais-se-reflete-na-vida-dos-filhos\\\/\",\"url\":\"https:\\\/\\\/schoenstatt.com\\\/pt-pt\\\/quando-a-alianca-de-amor-dos-pais-se-reflete-na-vida-dos-filhos\\\/\",\"name\":\"Quando a Alian\u00e7a de Amor dos pais se reflete na vida dos filhos - Schoenstatt\",\"isPartOf\":{\"@id\":\"https:\\\/\\\/schoenstatt.com\\\/pt-pt\\\/#website\"},\"primaryImageOfPage\":{\"@id\":\"https:\\\/\\\/schoenstatt.com\\\/pt-pt\\\/quando-a-alianca-de-amor-dos-pais-se-reflete-na-vida-dos-filhos\\\/#primaryimage\"},\"image\":{\"@id\":\"https:\\\/\\\/schoenstatt.com\\\/pt-pt\\\/quando-a-alianca-de-amor-dos-pais-se-reflete-na-vida-dos-filhos\\\/#primaryimage\"},\"thumbnailUrl\":\"https:\\\/\\\/schoenstatt.com\\\/wp-content\\\/uploads\\\/2022\\\/04\\\/2020-04-25_Sr.Cacilda_DSC4628-scaled-1.jpg\",\"datePublished\":\"2022-04-18T06:00:41+00:00\",\"dateModified\":\"2025-05-15T22:40:23+00:00\",\"description\":\"Ao selar a Alian\u00e7a de Amor, cada pessoa passa pela experi\u00eancia que nosso fundador viveu ao ser consagrado aos cuidados da M\u00e3e de Deus.\",\"breadcrumb\":{\"@id\":\"https:\\\/\\\/schoenstatt.com\\\/pt-pt\\\/quando-a-alianca-de-amor-dos-pais-se-reflete-na-vida-dos-filhos\\\/#breadcrumb\"},\"inLanguage\":\"pt-PT\",\"potentialAction\":[{\"@type\":\"ReadAction\",\"target\":[\"https:\\\/\\\/schoenstatt.com\\\/pt-pt\\\/quando-a-alianca-de-amor-dos-pais-se-reflete-na-vida-dos-filhos\\\/\"]}]},{\"@type\":\"ImageObject\",\"inLanguage\":\"pt-PT\",\"@id\":\"https:\\\/\\\/schoenstatt.com\\\/pt-pt\\\/quando-a-alianca-de-amor-dos-pais-se-reflete-na-vida-dos-filhos\\\/#primaryimage\",\"url\":\"https:\\\/\\\/schoenstatt.com\\\/wp-content\\\/uploads\\\/2022\\\/04\\\/2020-04-25_Sr.Cacilda_DSC4628-scaled-1.jpg\",\"contentUrl\":\"https:\\\/\\\/schoenstatt.com\\\/wp-content\\\/uploads\\\/2022\\\/04\\\/2020-04-25_Sr.Cacilda_DSC4628-scaled-1.jpg\",\"width\":2560,\"height\":1702,\"caption\":\"Covenant of love\"},{\"@type\":\"BreadcrumbList\",\"@id\":\"https:\\\/\\\/schoenstatt.com\\\/pt-pt\\\/quando-a-alianca-de-amor-dos-pais-se-reflete-na-vida-dos-filhos\\\/#breadcrumb\",\"itemListElement\":[{\"@type\":\"ListItem\",\"position\":1,\"name\":\"Portada\",\"item\":\"https:\\\/\\\/schoenstatt.com\\\/pt-pt\\\/home\\\/\"},{\"@type\":\"ListItem\",\"position\":2,\"name\":\"Quando a Alian\u00e7a de Amor dos pais se reflete na vida dos filhos\"}]},{\"@type\":\"WebSite\",\"@id\":\"https:\\\/\\\/schoenstatt.com\\\/pt-pt\\\/#website\",\"url\":\"https:\\\/\\\/schoenstatt.com\\\/pt-pt\\\/\",\"name\":\"Schoenstatt\",\"description\":\"Apostolic Movement\",\"publisher\":{\"@id\":\"https:\\\/\\\/schoenstatt.com\\\/pt-pt\\\/#organization\"},\"potentialAction\":[{\"@type\":\"SearchAction\",\"target\":{\"@type\":\"EntryPoint\",\"urlTemplate\":\"https:\\\/\\\/schoenstatt.com\\\/pt-pt\\\/?s={search_term_string}\"},\"query-input\":{\"@type\":\"PropertyValueSpecification\",\"valueRequired\":true,\"valueName\":\"search_term_string\"}}],\"inLanguage\":\"pt-PT\"},{\"@type\":\"Organization\",\"@id\":\"https:\\\/\\\/schoenstatt.com\\\/pt-pt\\\/#organization\",\"name\":\"Schoenstatt\",\"url\":\"https:\\\/\\\/schoenstatt.com\\\/pt-pt\\\/\",\"logo\":{\"@type\":\"ImageObject\",\"inLanguage\":\"pt-PT\",\"@id\":\"https:\\\/\\\/schoenstatt.com\\\/pt-pt\\\/#\\\/schema\\\/logo\\\/image\\\/\",\"url\":\"https:\\\/\\\/schoenstatt.com\\\/wp-content\\\/uploads\\\/2025\\\/04\\\/logo-schoenstatt-white-696x696-1.png\",\"contentUrl\":\"https:\\\/\\\/schoenstatt.com\\\/wp-content\\\/uploads\\\/2025\\\/04\\\/logo-schoenstatt-white-696x696-1.png\",\"width\":696,\"height\":694,\"caption\":\"Schoenstatt\"},\"image\":{\"@id\":\"https:\\\/\\\/schoenstatt.com\\\/pt-pt\\\/#\\\/schema\\\/logo\\\/image\\\/\"}},{\"@type\":\"Person\",\"@id\":\"https:\\\/\\\/schoenstatt.com\\\/pt-pt\\\/#\\\/schema\\\/person\\\/489465b1850e7b216fe2c10dfc262551\",\"name\":\"admin\",\"image\":{\"@type\":\"ImageObject\",\"inLanguage\":\"pt-PT\",\"@id\":\"https:\\\/\\\/secure.gravatar.com\\\/avatar\\\/02e8345e1ec40ab0e0a2a98fdde64a684bbaf994cddcb778b25b8b024ee9dfe6?s=96&d=mm&r=g\",\"url\":\"https:\\\/\\\/secure.gravatar.com\\\/avatar\\\/02e8345e1ec40ab0e0a2a98fdde64a684bbaf994cddcb778b25b8b024ee9dfe6?s=96&d=mm&r=g\",\"contentUrl\":\"https:\\\/\\\/secure.gravatar.com\\\/avatar\\\/02e8345e1ec40ab0e0a2a98fdde64a684bbaf994cddcb778b25b8b024ee9dfe6?s=96&d=mm&r=g\",\"caption\":\"admin\"},\"sameAs\":[\"https:\\\/\\\/schoenstatt.com\"],\"url\":\"https:\\\/\\\/schoenstatt.com\\\/pt-pt\\\/author\\\/admin\\\/\"}]}<\/script>\n<!-- \/ Yoast SEO Premium plugin. -->","yoast_head_json":{"title":"Quando a Alian\u00e7a de Amor dos pais se reflete na vida dos filhos - Schoenstatt","description":"Ao selar a Alian\u00e7a de Amor, cada pessoa passa pela experi\u00eancia que nosso fundador viveu ao ser consagrado aos cuidados da M\u00e3e de Deus.","robots":{"index":"index","follow":"follow","max-snippet":"max-snippet:-1","max-image-preview":"max-image-preview:large","max-video-preview":"max-video-preview:-1"},"canonical":"https:\/\/schoenstatt.com\/pt-pt\/quando-a-alianca-de-amor-dos-pais-se-reflete-na-vida-dos-filhos\/","og_locale":"pt_PT","og_type":"article","og_title":"Quando a Alian\u00e7a de Amor dos pais se reflete na vida dos filhos","og_description":"Ao selar a Alian\u00e7a de Amor, cada pessoa passa pela experi\u00eancia que nosso fundador viveu ao ser consagrado aos cuidados da M\u00e3e de Deus.","og_url":"https:\/\/schoenstatt.com\/pt-pt\/quando-a-alianca-de-amor-dos-pais-se-reflete-na-vida-dos-filhos\/","og_site_name":"Schoenstatt","article_published_time":"2022-04-18T06:00:41+00:00","article_modified_time":"2025-05-15T22:40:23+00:00","og_image":[{"width":2560,"height":1702,"url":"https:\/\/schoenstatt.com\/wp-content\/uploads\/2022\/04\/2020-04-25_Sr.Cacilda_DSC4628-scaled-1.jpg","type":"image\/jpeg"}],"author":"admin","twitter_card":"summary_large_image","twitter_misc":{"Escrito por":"admin","Tempo estimado de leitura":"5 minutos"},"schema":{"@context":"https:\/\/schema.org","@graph":[{"@type":"Article","@id":"https:\/\/schoenstatt.com\/pt-pt\/quando-a-alianca-de-amor-dos-pais-se-reflete-na-vida-dos-filhos\/#article","isPartOf":{"@id":"https:\/\/schoenstatt.com\/pt-pt\/quando-a-alianca-de-amor-dos-pais-se-reflete-na-vida-dos-filhos\/"},"author":{"name":"admin","@id":"https:\/\/schoenstatt.com\/pt-pt\/#\/schema\/person\/489465b1850e7b216fe2c10dfc262551"},"headline":"Quando a Alian\u00e7a de Amor dos pais se reflete na vida dos filhos","datePublished":"2022-04-18T06:00:41+00:00","dateModified":"2025-05-15T22:40:23+00:00","mainEntityOfPage":{"@id":"https:\/\/schoenstatt.com\/pt-pt\/quando-a-alianca-de-amor-dos-pais-se-reflete-na-vida-dos-filhos\/"},"wordCount":942,"publisher":{"@id":"https:\/\/schoenstatt.com\/pt-pt\/#organization"},"image":{"@id":"https:\/\/schoenstatt.com\/pt-pt\/quando-a-alianca-de-amor-dos-pais-se-reflete-na-vida-dos-filhos\/#primaryimage"},"thumbnailUrl":"https:\/\/schoenstatt.com\/wp-content\/uploads\/2022\/04\/2020-04-25_Sr.Cacilda_DSC4628-scaled-1.jpg","articleSection":["Comunidades de Schoenstatt","Espiritualidade"],"inLanguage":"pt-PT"},{"@type":"WebPage","@id":"https:\/\/schoenstatt.com\/pt-pt\/quando-a-alianca-de-amor-dos-pais-se-reflete-na-vida-dos-filhos\/","url":"https:\/\/schoenstatt.com\/pt-pt\/quando-a-alianca-de-amor-dos-pais-se-reflete-na-vida-dos-filhos\/","name":"Quando a Alian\u00e7a de Amor dos pais se reflete na vida dos filhos - Schoenstatt","isPartOf":{"@id":"https:\/\/schoenstatt.com\/pt-pt\/#website"},"primaryImageOfPage":{"@id":"https:\/\/schoenstatt.com\/pt-pt\/quando-a-alianca-de-amor-dos-pais-se-reflete-na-vida-dos-filhos\/#primaryimage"},"image":{"@id":"https:\/\/schoenstatt.com\/pt-pt\/quando-a-alianca-de-amor-dos-pais-se-reflete-na-vida-dos-filhos\/#primaryimage"},"thumbnailUrl":"https:\/\/schoenstatt.com\/wp-content\/uploads\/2022\/04\/2020-04-25_Sr.Cacilda_DSC4628-scaled-1.jpg","datePublished":"2022-04-18T06:00:41+00:00","dateModified":"2025-05-15T22:40:23+00:00","description":"Ao selar a Alian\u00e7a de Amor, cada pessoa passa pela experi\u00eancia que nosso fundador viveu ao ser consagrado aos cuidados da M\u00e3e de Deus.","breadcrumb":{"@id":"https:\/\/schoenstatt.com\/pt-pt\/quando-a-alianca-de-amor-dos-pais-se-reflete-na-vida-dos-filhos\/#breadcrumb"},"inLanguage":"pt-PT","potentialAction":[{"@type":"ReadAction","target":["https:\/\/schoenstatt.com\/pt-pt\/quando-a-alianca-de-amor-dos-pais-se-reflete-na-vida-dos-filhos\/"]}]},{"@type":"ImageObject","inLanguage":"pt-PT","@id":"https:\/\/schoenstatt.com\/pt-pt\/quando-a-alianca-de-amor-dos-pais-se-reflete-na-vida-dos-filhos\/#primaryimage","url":"https:\/\/schoenstatt.com\/wp-content\/uploads\/2022\/04\/2020-04-25_Sr.Cacilda_DSC4628-scaled-1.jpg","contentUrl":"https:\/\/schoenstatt.com\/wp-content\/uploads\/2022\/04\/2020-04-25_Sr.Cacilda_DSC4628-scaled-1.jpg","width":2560,"height":1702,"caption":"Covenant of love"},{"@type":"BreadcrumbList","@id":"https:\/\/schoenstatt.com\/pt-pt\/quando-a-alianca-de-amor-dos-pais-se-reflete-na-vida-dos-filhos\/#breadcrumb","itemListElement":[{"@type":"ListItem","position":1,"name":"Portada","item":"https:\/\/schoenstatt.com\/pt-pt\/home\/"},{"@type":"ListItem","position":2,"name":"Quando a Alian\u00e7a de Amor dos pais se reflete na vida dos filhos"}]},{"@type":"WebSite","@id":"https:\/\/schoenstatt.com\/pt-pt\/#website","url":"https:\/\/schoenstatt.com\/pt-pt\/","name":"Schoenstatt","description":"Apostolic Movement","publisher":{"@id":"https:\/\/schoenstatt.com\/pt-pt\/#organization"},"potentialAction":[{"@type":"SearchAction","target":{"@type":"EntryPoint","urlTemplate":"https:\/\/schoenstatt.com\/pt-pt\/?s={search_term_string}"},"query-input":{"@type":"PropertyValueSpecification","valueRequired":true,"valueName":"search_term_string"}}],"inLanguage":"pt-PT"},{"@type":"Organization","@id":"https:\/\/schoenstatt.com\/pt-pt\/#organization","name":"Schoenstatt","url":"https:\/\/schoenstatt.com\/pt-pt\/","logo":{"@type":"ImageObject","inLanguage":"pt-PT","@id":"https:\/\/schoenstatt.com\/pt-pt\/#\/schema\/logo\/image\/","url":"https:\/\/schoenstatt.com\/wp-content\/uploads\/2025\/04\/logo-schoenstatt-white-696x696-1.png","contentUrl":"https:\/\/schoenstatt.com\/wp-content\/uploads\/2025\/04\/logo-schoenstatt-white-696x696-1.png","width":696,"height":694,"caption":"Schoenstatt"},"image":{"@id":"https:\/\/schoenstatt.com\/pt-pt\/#\/schema\/logo\/image\/"}},{"@type":"Person","@id":"https:\/\/schoenstatt.com\/pt-pt\/#\/schema\/person\/489465b1850e7b216fe2c10dfc262551","name":"admin","image":{"@type":"ImageObject","inLanguage":"pt-PT","@id":"https:\/\/secure.gravatar.com\/avatar\/02e8345e1ec40ab0e0a2a98fdde64a684bbaf994cddcb778b25b8b024ee9dfe6?s=96&d=mm&r=g","url":"https:\/\/secure.gravatar.com\/avatar\/02e8345e1ec40ab0e0a2a98fdde64a684bbaf994cddcb778b25b8b024ee9dfe6?s=96&d=mm&r=g","contentUrl":"https:\/\/secure.gravatar.com\/avatar\/02e8345e1ec40ab0e0a2a98fdde64a684bbaf994cddcb778b25b8b024ee9dfe6?s=96&d=mm&r=g","caption":"admin"},"sameAs":["https:\/\/schoenstatt.com"],"url":"https:\/\/schoenstatt.com\/pt-pt\/author\/admin\/"}]}},"_links":{"self":[{"href":"https:\/\/schoenstatt.com\/pt-pt\/wp-json\/wp\/v2\/posts\/52155","targetHints":{"allow":["GET"]}}],"collection":[{"href":"https:\/\/schoenstatt.com\/pt-pt\/wp-json\/wp\/v2\/posts"}],"about":[{"href":"https:\/\/schoenstatt.com\/pt-pt\/wp-json\/wp\/v2\/types\/post"}],"author":[{"embeddable":true,"href":"https:\/\/schoenstatt.com\/pt-pt\/wp-json\/wp\/v2\/users\/1"}],"replies":[{"embeddable":true,"href":"https:\/\/schoenstatt.com\/pt-pt\/wp-json\/wp\/v2\/comments?post=52155"}],"version-history":[{"count":1,"href":"https:\/\/schoenstatt.com\/pt-pt\/wp-json\/wp\/v2\/posts\/52155\/revisions"}],"predecessor-version":[{"id":52255,"href":"https:\/\/schoenstatt.com\/pt-pt\/wp-json\/wp\/v2\/posts\/52155\/revisions\/52255"}],"wp:featuredmedia":[{"embeddable":true,"href":"https:\/\/schoenstatt.com\/pt-pt\/wp-json\/wp\/v2\/media\/24398"}],"wp:attachment":[{"href":"https:\/\/schoenstatt.com\/pt-pt\/wp-json\/wp\/v2\/media?parent=52155"}],"wp:term":[{"taxonomy":"category","embeddable":true,"href":"https:\/\/schoenstatt.com\/pt-pt\/wp-json\/wp\/v2\/categories?post=52155"},{"taxonomy":"post_tag","embeddable":true,"href":"https:\/\/schoenstatt.com\/pt-pt\/wp-json\/wp\/v2\/tags?post=52155"}],"curies":[{"name":"wp","href":"https:\/\/api.w.org\/{rel}","templated":true}]}}