{"id":52140,"date":"2022-04-12T17:03:44","date_gmt":"2022-04-12T15:03:44","guid":{"rendered":"https:\/\/schoenstattdev.wpenginepowered.com\/?p=24306"},"modified":"2025-05-16T02:53:02","modified_gmt":"2025-05-16T00:53:02","slug":"schoenstatt-original-abre-casas-para-os-refugiados-da-ucrania-2","status":"publish","type":"post","link":"https:\/\/schoenstatt.com\/pt-pt\/schoenstatt-original-abre-casas-para-os-refugiados-da-ucrania-2\/","title":{"rendered":"Schoenstatt Original abre casas para os refugiados da Ucr\u00e2nia"},"content":{"rendered":"<p>\u00c9 com grande tristeza que acompanhamos a fuga de muitas pessoas da Ucr\u00e2nia nas \u00faltimas semanas. As nossas Irm\u00e3s e os Padres de Schoenstatt na Polonia puderam, entretanto, dar um lar tempor\u00e1rio a um grande n\u00famero de refugiados: a <a href=\"https:\/\/schoenstattdev.wpenginepowered.com\/pt-pt\/igreja\/o-movimento-de-schoenstatt-polones-abre-suas-casas-para-refugiados-de-guerra\/\">Alian\u00e7a de Amor em concreto<\/a>. Agora as Irm\u00e3s e outras comunidades de Schoenstatt, em seu lugar de origem, na Alemanha, est\u00e3o se preparando para acolher tamb\u00e9m as pessoas da Ucr\u00e2nia.<\/p>\n<h3>A solidariedade \u00e9 grande<\/h3>\n<blockquote><p>&#8220;J\u00e1 pudemos experimentar nas \u00faltimas semanas qu\u00e3o grande \u00e9 a solidariedade com as pessoas que tiveram que deixar tudo. Muitas pessoas responderam generosamente ao apelo de doa\u00e7\u00f5es em schoenstatt.de e s-sm.org. Deste modo, conseguimos entregar 25.000 euros em doa\u00e7\u00f5es \u00e0s nossas Irm\u00e3s na Pol\u00f4nia&#8221;,<\/p><\/blockquote>\n<p>explica Irm\u00e3 M. Hedithe Maximini, ec\u00f4noma das Irm\u00e3s de Maria.<\/p>\n<h3>Casas abertas<\/h3>\n<p>O n\u00famero de mulheres e crian\u00e7as que fogem da sitiada Ucr\u00e2nia para a Alemanha aumenta a cada dia. Por isso, \u00e9 natural que n\u00f3s, Irm\u00e3s de Maria, aqui em Schoenstatt, no lugar de origem, tamb\u00e9m consideremos ajudar e criar possibilidades concretas de solidariedade.<\/p>\n<p>Na Casa do Peregrino, perto do Santu\u00e1rio Original, foi montado um andar inteiro com 15 quartos duplos. O centro de confer\u00eancias Marienland tamb\u00e9m ter\u00e1 v\u00e1rias salas dispon\u00edveis.<\/p>\n<h3><img decoding=\"async\" class=\"alignnone wp-image-24147 size-medium\" style=\"font-size: 14px;\" src=\"https:\/\/schoenstatt.com\/wp-content\/uploads\/2022\/03\/Foto2-1-300x161.jpg\" alt=\"\" width=\"300\" height=\"161\" \/><\/h3>\n<h3>Coopera\u00e7\u00e3o ativa no local<\/h3>\n<p>Alguns preparativos ainda s\u00e3o necess\u00e1rios antes que possamos fornecer um lar adequado para as crian\u00e7as e proporcionar a todos as necessidades b\u00e1sicas da vida. Uma valiosa ajuda \u00e9 um oferecimento de Lichtzeichen. Desde o in\u00edcio da pandemia do corona, a associa\u00e7\u00e3o mudou sua grande \u00e1rea de recrea\u00e7\u00e3o &#8220;Ninho da Cegonha&#8221; para uma sala na <a href=\"http:\/\/schoenstatt-info.com\/wallfahrt-schoenstatt\/portugiesisch\/default.htm\">Casa do Peregrino<\/a>. Esta oportunidade de brincar e fazer artesanato agora pode ser aproveitada tamb\u00e9m pelas crian\u00e7as refugiadas.<\/p>\n<p>Outras comunidades de Schoenstatt tamb\u00e9m est\u00e3o em processo de instala\u00e7\u00e3o de moradia para os refugiados. Todos esses esfor\u00e7os s\u00e3o apoiados por uma iniciativa da Mesa Redonda de Schoenstatt e da associa\u00e7\u00e3o Bewegenswert. Em uma colabora\u00e7\u00e3o criativa, os m\u00f3veis e eletrodom\u00e9sticos que faltam em breve ser\u00e3o transportados e instalados. Roupas e alimentos ser\u00e3o arrecadados para que as fam\u00edlias possam viver em grande parte de forma independente. Ainda s\u00e3o necess\u00e1rios volunt\u00e1rios, para o acompanhamento \u00e0s autoridades, etc.<\/p>\n<h3>Compreens\u00e3o apesar dos problemas de idioma<\/h3>\n<p>Um desafio especial ser\u00e1 o idioma, pois aqui em Schoenstatt poucos falam russo ou polon\u00eas. Mas esperamos transmitir aos ucranianos que realmente queremos ajud\u00e1-los e dar-lhes um lar.<\/p>\n<p>O ambiente do <a href=\"https:\/\/schoenstattdev.wpenginepowered.com\/pt-pt\/doacoes-para-o-santuario-original\/\">Santu\u00e1rio Original<\/a> em que viver\u00e3o, sem d\u00favida, contribuir\u00e1 para isso. Porque o lar \u00e9 uma das gra\u00e7as especiais que Maria, M\u00e3e, Rainha e Vencedora Tr\u00eas Vezes Admir\u00e1vel, concede do seu Santu\u00e1rio de Schoenstatt.<\/p>\n<p><a href=\"https:\/\/www.flickr.com\/photos\/160188124@N04\/51954539790\/in\/album-72177720297536019\/\"><img fetchpriority=\"high\" decoding=\"async\" src=\"https:\/\/live.staticflickr.com\/65535\/51954539790_a3e7e447dc_c.jpg\" alt=\"13\" width=\"800\" height=\"600\" \/><\/a><\/p>\n","protected":false},"excerpt":{"rendered":"<p>As Irm\u00e3s e Padres de Schoenstatt est\u00e3o ajudando os refugiados ucranianos na Europa a terem um abrigo tempor\u00e1rio, casa, comida, ajuda de todos os tipos e especialmente cordialidade. O Schoenstatt Original est\u00e1 se preparando para poder receber contingentes de refugiados.<\/p>\n","protected":false},"author":6,"featured_media":24143,"comment_status":"closed","ping_status":"closed","sticky":false,"template":"","format":"standard","meta":{"footnotes":""},"categories":[916,608,912],"tags":[],"class_list":["post-52140","post","type-post","status-publish","format-standard","has-post-thumbnail","hentry","category-espiritualidade-pt-pt","category-igreja-pt-pt","category-sociedade-pt-pt"],"yoast_head":"<!-- This site is optimized with the Yoast SEO Premium plugin v27.4 (Yoast SEO v27.4) - https:\/\/yoast.com\/product\/yoast-seo-premium-wordpress\/ -->\n<title>Schoenstatt Original abre casas para os refugiados da Ucr\u00e2nia<\/title>\n<meta name=\"description\" content=\"Agora as Irm\u00e3s e outras comunidades de Schoenstatt na Alemanha, est\u00e3o se preparando para acolher tamb\u00e9m as pessoas da Ucr\u00e2nia\" \/>\n<meta name=\"robots\" content=\"index, follow, max-snippet:-1, max-image-preview:large, max-video-preview:-1\" \/>\n<link rel=\"canonical\" href=\"https:\/\/schoenstatt.com\/pt-pt\/schoenstatt-original-abre-casas-para-os-refugiados-da-ucrania-2\/\" \/>\n<meta property=\"og:locale\" content=\"pt_PT\" \/>\n<meta property=\"og:type\" content=\"article\" \/>\n<meta property=\"og:title\" content=\"Schoenstatt Original abre casas para os refugiados da Ucr\u00e2nia\" \/>\n<meta property=\"og:description\" content=\"Agora as Irm\u00e3s e outras comunidades de Schoenstatt na Alemanha, est\u00e3o se preparando para acolher tamb\u00e9m as pessoas da Ucr\u00e2nia\" \/>\n<meta property=\"og:url\" content=\"https:\/\/schoenstatt.com\/pt-pt\/schoenstatt-original-abre-casas-para-os-refugiados-da-ucrania-2\/\" \/>\n<meta property=\"og:site_name\" content=\"Schoenstatt\" \/>\n<meta property=\"article:published_time\" content=\"2022-04-12T15:03:44+00:00\" \/>\n<meta property=\"article:modified_time\" content=\"2025-05-16T00:53:02+00:00\" \/>\n<meta property=\"og:image\" content=\"https:\/\/schoenstatt.com\/wp-content\/uploads\/2022\/03\/Foto1-1.jpg\" \/>\n\t<meta property=\"og:image:width\" content=\"1803\" \/>\n\t<meta property=\"og:image:height\" content=\"1011\" \/>\n\t<meta property=\"og:image:type\" content=\"image\/jpeg\" \/>\n<meta name=\"author\" content=\"Vanessa Franke\" \/>\n<meta name=\"twitter:card\" content=\"summary_large_image\" \/>\n<meta name=\"twitter:label1\" content=\"Escrito por\" \/>\n\t<meta name=\"twitter:data1\" content=\"Vanessa Franke\" \/>\n\t<meta name=\"twitter:label2\" content=\"Tempo estimado de leitura\" \/>\n\t<meta name=\"twitter:data2\" content=\"2 minutos\" \/>\n<script type=\"application\/ld+json\" class=\"yoast-schema-graph\">{\"@context\":\"https:\\\/\\\/schema.org\",\"@graph\":[{\"@type\":\"Article\",\"@id\":\"https:\\\/\\\/schoenstatt.com\\\/pt-pt\\\/schoenstatt-original-abre-casas-para-os-refugiados-da-ucrania-2\\\/#article\",\"isPartOf\":{\"@id\":\"https:\\\/\\\/schoenstatt.com\\\/pt-pt\\\/schoenstatt-original-abre-casas-para-os-refugiados-da-ucrania-2\\\/\"},\"author\":{\"name\":\"Vanessa Franke\",\"@id\":\"https:\\\/\\\/schoenstatt.com\\\/pt-pt\\\/#\\\/schema\\\/person\\\/ea97a60c723e21c923e2177f0f3163f7\"},\"headline\":\"Schoenstatt Original abre casas para os refugiados da Ucr\u00e2nia\",\"datePublished\":\"2022-04-12T15:03:44+00:00\",\"dateModified\":\"2025-05-16T00:53:02+00:00\",\"mainEntityOfPage\":{\"@id\":\"https:\\\/\\\/schoenstatt.com\\\/pt-pt\\\/schoenstatt-original-abre-casas-para-os-refugiados-da-ucrania-2\\\/\"},\"wordCount\":495,\"publisher\":{\"@id\":\"https:\\\/\\\/schoenstatt.com\\\/pt-pt\\\/#organization\"},\"image\":{\"@id\":\"https:\\\/\\\/schoenstatt.com\\\/pt-pt\\\/schoenstatt-original-abre-casas-para-os-refugiados-da-ucrania-2\\\/#primaryimage\"},\"thumbnailUrl\":\"https:\\\/\\\/schoenstatt.com\\\/wp-content\\\/uploads\\\/2022\\\/03\\\/Foto1-1.jpg\",\"articleSection\":[\"Espiritualidade\",\"Igreja\",\"Sociedade\"],\"inLanguage\":\"pt-PT\"},{\"@type\":\"WebPage\",\"@id\":\"https:\\\/\\\/schoenstatt.com\\\/pt-pt\\\/schoenstatt-original-abre-casas-para-os-refugiados-da-ucrania-2\\\/\",\"url\":\"https:\\\/\\\/schoenstatt.com\\\/pt-pt\\\/schoenstatt-original-abre-casas-para-os-refugiados-da-ucrania-2\\\/\",\"name\":\"Schoenstatt Original abre casas para os refugiados da Ucr\u00e2nia\",\"isPartOf\":{\"@id\":\"https:\\\/\\\/schoenstatt.com\\\/pt-pt\\\/#website\"},\"primaryImageOfPage\":{\"@id\":\"https:\\\/\\\/schoenstatt.com\\\/pt-pt\\\/schoenstatt-original-abre-casas-para-os-refugiados-da-ucrania-2\\\/#primaryimage\"},\"image\":{\"@id\":\"https:\\\/\\\/schoenstatt.com\\\/pt-pt\\\/schoenstatt-original-abre-casas-para-os-refugiados-da-ucrania-2\\\/#primaryimage\"},\"thumbnailUrl\":\"https:\\\/\\\/schoenstatt.com\\\/wp-content\\\/uploads\\\/2022\\\/03\\\/Foto1-1.jpg\",\"datePublished\":\"2022-04-12T15:03:44+00:00\",\"dateModified\":\"2025-05-16T00:53:02+00:00\",\"description\":\"Agora as Irm\u00e3s e outras comunidades de Schoenstatt na Alemanha, est\u00e3o se preparando para acolher tamb\u00e9m as pessoas da Ucr\u00e2nia\",\"breadcrumb\":{\"@id\":\"https:\\\/\\\/schoenstatt.com\\\/pt-pt\\\/schoenstatt-original-abre-casas-para-os-refugiados-da-ucrania-2\\\/#breadcrumb\"},\"inLanguage\":\"pt-PT\",\"potentialAction\":[{\"@type\":\"ReadAction\",\"target\":[\"https:\\\/\\\/schoenstatt.com\\\/pt-pt\\\/schoenstatt-original-abre-casas-para-os-refugiados-da-ucrania-2\\\/\"]}]},{\"@type\":\"ImageObject\",\"inLanguage\":\"pt-PT\",\"@id\":\"https:\\\/\\\/schoenstatt.com\\\/pt-pt\\\/schoenstatt-original-abre-casas-para-os-refugiados-da-ucrania-2\\\/#primaryimage\",\"url\":\"https:\\\/\\\/schoenstatt.com\\\/wp-content\\\/uploads\\\/2022\\\/03\\\/Foto1-1.jpg\",\"contentUrl\":\"https:\\\/\\\/schoenstatt.com\\\/wp-content\\\/uploads\\\/2022\\\/03\\\/Foto1-1.jpg\",\"width\":1803,\"height\":1011,\"caption\":\"refugiados da Ucr\u00e2nia\"},{\"@type\":\"BreadcrumbList\",\"@id\":\"https:\\\/\\\/schoenstatt.com\\\/pt-pt\\\/schoenstatt-original-abre-casas-para-os-refugiados-da-ucrania-2\\\/#breadcrumb\",\"itemListElement\":[{\"@type\":\"ListItem\",\"position\":1,\"name\":\"Portada\",\"item\":\"https:\\\/\\\/schoenstatt.com\\\/pt-pt\\\/home\\\/\"},{\"@type\":\"ListItem\",\"position\":2,\"name\":\"Schoenstatt Original abre casas para os refugiados da Ucr\u00e2nia\"}]},{\"@type\":\"WebSite\",\"@id\":\"https:\\\/\\\/schoenstatt.com\\\/pt-pt\\\/#website\",\"url\":\"https:\\\/\\\/schoenstatt.com\\\/pt-pt\\\/\",\"name\":\"Schoenstatt\",\"description\":\"Apostolic Movement\",\"publisher\":{\"@id\":\"https:\\\/\\\/schoenstatt.com\\\/pt-pt\\\/#organization\"},\"potentialAction\":[{\"@type\":\"SearchAction\",\"target\":{\"@type\":\"EntryPoint\",\"urlTemplate\":\"https:\\\/\\\/schoenstatt.com\\\/pt-pt\\\/?s={search_term_string}\"},\"query-input\":{\"@type\":\"PropertyValueSpecification\",\"valueRequired\":true,\"valueName\":\"search_term_string\"}}],\"inLanguage\":\"pt-PT\"},{\"@type\":\"Organization\",\"@id\":\"https:\\\/\\\/schoenstatt.com\\\/pt-pt\\\/#organization\",\"name\":\"Schoenstatt\",\"url\":\"https:\\\/\\\/schoenstatt.com\\\/pt-pt\\\/\",\"logo\":{\"@type\":\"ImageObject\",\"inLanguage\":\"pt-PT\",\"@id\":\"https:\\\/\\\/schoenstatt.com\\\/pt-pt\\\/#\\\/schema\\\/logo\\\/image\\\/\",\"url\":\"https:\\\/\\\/schoenstatt.com\\\/wp-content\\\/uploads\\\/2025\\\/04\\\/logo-schoenstatt-white-696x696-1.png\",\"contentUrl\":\"https:\\\/\\\/schoenstatt.com\\\/wp-content\\\/uploads\\\/2025\\\/04\\\/logo-schoenstatt-white-696x696-1.png\",\"width\":696,\"height\":694,\"caption\":\"Schoenstatt\"},\"image\":{\"@id\":\"https:\\\/\\\/schoenstatt.com\\\/pt-pt\\\/#\\\/schema\\\/logo\\\/image\\\/\"}},{\"@type\":\"Person\",\"@id\":\"https:\\\/\\\/schoenstatt.com\\\/pt-pt\\\/#\\\/schema\\\/person\\\/ea97a60c723e21c923e2177f0f3163f7\",\"name\":\"Vanessa Franke\",\"image\":{\"@type\":\"ImageObject\",\"inLanguage\":\"pt-PT\",\"@id\":\"https:\\\/\\\/secure.gravatar.com\\\/avatar\\\/a9bcca3409928ccd3195eca11e2ccbb2e5d7c7912e9a945d4f326f81a0a5cb4a?s=96&d=mm&r=g\",\"url\":\"https:\\\/\\\/secure.gravatar.com\\\/avatar\\\/a9bcca3409928ccd3195eca11e2ccbb2e5d7c7912e9a945d4f326f81a0a5cb4a?s=96&d=mm&r=g\",\"contentUrl\":\"https:\\\/\\\/secure.gravatar.com\\\/avatar\\\/a9bcca3409928ccd3195eca11e2ccbb2e5d7c7912e9a945d4f326f81a0a5cb4a?s=96&d=mm&r=g\",\"caption\":\"Vanessa Franke\"},\"url\":\"https:\\\/\\\/schoenstatt.com\\\/pt-pt\\\/author\\\/vanessa-franke\\\/\"}]}<\/script>\n<!-- \/ Yoast SEO Premium plugin. -->","yoast_head_json":{"title":"Schoenstatt Original abre casas para os refugiados da Ucr\u00e2nia","description":"Agora as Irm\u00e3s e outras comunidades de Schoenstatt na Alemanha, est\u00e3o se preparando para acolher tamb\u00e9m as pessoas da Ucr\u00e2nia","robots":{"index":"index","follow":"follow","max-snippet":"max-snippet:-1","max-image-preview":"max-image-preview:large","max-video-preview":"max-video-preview:-1"},"canonical":"https:\/\/schoenstatt.com\/pt-pt\/schoenstatt-original-abre-casas-para-os-refugiados-da-ucrania-2\/","og_locale":"pt_PT","og_type":"article","og_title":"Schoenstatt Original abre casas para os refugiados da Ucr\u00e2nia","og_description":"Agora as Irm\u00e3s e outras comunidades de Schoenstatt na Alemanha, est\u00e3o se preparando para acolher tamb\u00e9m as pessoas da Ucr\u00e2nia","og_url":"https:\/\/schoenstatt.com\/pt-pt\/schoenstatt-original-abre-casas-para-os-refugiados-da-ucrania-2\/","og_site_name":"Schoenstatt","article_published_time":"2022-04-12T15:03:44+00:00","article_modified_time":"2025-05-16T00:53:02+00:00","og_image":[{"width":1803,"height":1011,"url":"https:\/\/schoenstatt.com\/wp-content\/uploads\/2022\/03\/Foto1-1.jpg","type":"image\/jpeg"}],"author":"Vanessa Franke","twitter_card":"summary_large_image","twitter_misc":{"Escrito por":"Vanessa Franke","Tempo estimado de leitura":"2 minutos"},"schema":{"@context":"https:\/\/schema.org","@graph":[{"@type":"Article","@id":"https:\/\/schoenstatt.com\/pt-pt\/schoenstatt-original-abre-casas-para-os-refugiados-da-ucrania-2\/#article","isPartOf":{"@id":"https:\/\/schoenstatt.com\/pt-pt\/schoenstatt-original-abre-casas-para-os-refugiados-da-ucrania-2\/"},"author":{"name":"Vanessa Franke","@id":"https:\/\/schoenstatt.com\/pt-pt\/#\/schema\/person\/ea97a60c723e21c923e2177f0f3163f7"},"headline":"Schoenstatt Original abre casas para os refugiados da Ucr\u00e2nia","datePublished":"2022-04-12T15:03:44+00:00","dateModified":"2025-05-16T00:53:02+00:00","mainEntityOfPage":{"@id":"https:\/\/schoenstatt.com\/pt-pt\/schoenstatt-original-abre-casas-para-os-refugiados-da-ucrania-2\/"},"wordCount":495,"publisher":{"@id":"https:\/\/schoenstatt.com\/pt-pt\/#organization"},"image":{"@id":"https:\/\/schoenstatt.com\/pt-pt\/schoenstatt-original-abre-casas-para-os-refugiados-da-ucrania-2\/#primaryimage"},"thumbnailUrl":"https:\/\/schoenstatt.com\/wp-content\/uploads\/2022\/03\/Foto1-1.jpg","articleSection":["Espiritualidade","Igreja","Sociedade"],"inLanguage":"pt-PT"},{"@type":"WebPage","@id":"https:\/\/schoenstatt.com\/pt-pt\/schoenstatt-original-abre-casas-para-os-refugiados-da-ucrania-2\/","url":"https:\/\/schoenstatt.com\/pt-pt\/schoenstatt-original-abre-casas-para-os-refugiados-da-ucrania-2\/","name":"Schoenstatt Original abre casas para os refugiados da Ucr\u00e2nia","isPartOf":{"@id":"https:\/\/schoenstatt.com\/pt-pt\/#website"},"primaryImageOfPage":{"@id":"https:\/\/schoenstatt.com\/pt-pt\/schoenstatt-original-abre-casas-para-os-refugiados-da-ucrania-2\/#primaryimage"},"image":{"@id":"https:\/\/schoenstatt.com\/pt-pt\/schoenstatt-original-abre-casas-para-os-refugiados-da-ucrania-2\/#primaryimage"},"thumbnailUrl":"https:\/\/schoenstatt.com\/wp-content\/uploads\/2022\/03\/Foto1-1.jpg","datePublished":"2022-04-12T15:03:44+00:00","dateModified":"2025-05-16T00:53:02+00:00","description":"Agora as Irm\u00e3s e outras comunidades de Schoenstatt na Alemanha, est\u00e3o se preparando para acolher tamb\u00e9m as pessoas da Ucr\u00e2nia","breadcrumb":{"@id":"https:\/\/schoenstatt.com\/pt-pt\/schoenstatt-original-abre-casas-para-os-refugiados-da-ucrania-2\/#breadcrumb"},"inLanguage":"pt-PT","potentialAction":[{"@type":"ReadAction","target":["https:\/\/schoenstatt.com\/pt-pt\/schoenstatt-original-abre-casas-para-os-refugiados-da-ucrania-2\/"]}]},{"@type":"ImageObject","inLanguage":"pt-PT","@id":"https:\/\/schoenstatt.com\/pt-pt\/schoenstatt-original-abre-casas-para-os-refugiados-da-ucrania-2\/#primaryimage","url":"https:\/\/schoenstatt.com\/wp-content\/uploads\/2022\/03\/Foto1-1.jpg","contentUrl":"https:\/\/schoenstatt.com\/wp-content\/uploads\/2022\/03\/Foto1-1.jpg","width":1803,"height":1011,"caption":"refugiados da Ucr\u00e2nia"},{"@type":"BreadcrumbList","@id":"https:\/\/schoenstatt.com\/pt-pt\/schoenstatt-original-abre-casas-para-os-refugiados-da-ucrania-2\/#breadcrumb","itemListElement":[{"@type":"ListItem","position":1,"name":"Portada","item":"https:\/\/schoenstatt.com\/pt-pt\/home\/"},{"@type":"ListItem","position":2,"name":"Schoenstatt Original abre casas para os refugiados da Ucr\u00e2nia"}]},{"@type":"WebSite","@id":"https:\/\/schoenstatt.com\/pt-pt\/#website","url":"https:\/\/schoenstatt.com\/pt-pt\/","name":"Schoenstatt","description":"Apostolic Movement","publisher":{"@id":"https:\/\/schoenstatt.com\/pt-pt\/#organization"},"potentialAction":[{"@type":"SearchAction","target":{"@type":"EntryPoint","urlTemplate":"https:\/\/schoenstatt.com\/pt-pt\/?s={search_term_string}"},"query-input":{"@type":"PropertyValueSpecification","valueRequired":true,"valueName":"search_term_string"}}],"inLanguage":"pt-PT"},{"@type":"Organization","@id":"https:\/\/schoenstatt.com\/pt-pt\/#organization","name":"Schoenstatt","url":"https:\/\/schoenstatt.com\/pt-pt\/","logo":{"@type":"ImageObject","inLanguage":"pt-PT","@id":"https:\/\/schoenstatt.com\/pt-pt\/#\/schema\/logo\/image\/","url":"https:\/\/schoenstatt.com\/wp-content\/uploads\/2025\/04\/logo-schoenstatt-white-696x696-1.png","contentUrl":"https:\/\/schoenstatt.com\/wp-content\/uploads\/2025\/04\/logo-schoenstatt-white-696x696-1.png","width":696,"height":694,"caption":"Schoenstatt"},"image":{"@id":"https:\/\/schoenstatt.com\/pt-pt\/#\/schema\/logo\/image\/"}},{"@type":"Person","@id":"https:\/\/schoenstatt.com\/pt-pt\/#\/schema\/person\/ea97a60c723e21c923e2177f0f3163f7","name":"Vanessa Franke","image":{"@type":"ImageObject","inLanguage":"pt-PT","@id":"https:\/\/secure.gravatar.com\/avatar\/a9bcca3409928ccd3195eca11e2ccbb2e5d7c7912e9a945d4f326f81a0a5cb4a?s=96&d=mm&r=g","url":"https:\/\/secure.gravatar.com\/avatar\/a9bcca3409928ccd3195eca11e2ccbb2e5d7c7912e9a945d4f326f81a0a5cb4a?s=96&d=mm&r=g","contentUrl":"https:\/\/secure.gravatar.com\/avatar\/a9bcca3409928ccd3195eca11e2ccbb2e5d7c7912e9a945d4f326f81a0a5cb4a?s=96&d=mm&r=g","caption":"Vanessa Franke"},"url":"https:\/\/schoenstatt.com\/pt-pt\/author\/vanessa-franke\/"}]}},"_links":{"self":[{"href":"https:\/\/schoenstatt.com\/pt-pt\/wp-json\/wp\/v2\/posts\/52140","targetHints":{"allow":["GET"]}}],"collection":[{"href":"https:\/\/schoenstatt.com\/pt-pt\/wp-json\/wp\/v2\/posts"}],"about":[{"href":"https:\/\/schoenstatt.com\/pt-pt\/wp-json\/wp\/v2\/types\/post"}],"author":[{"embeddable":true,"href":"https:\/\/schoenstatt.com\/pt-pt\/wp-json\/wp\/v2\/users\/6"}],"replies":[{"embeddable":true,"href":"https:\/\/schoenstatt.com\/pt-pt\/wp-json\/wp\/v2\/comments?post=52140"}],"version-history":[{"count":1,"href":"https:\/\/schoenstatt.com\/pt-pt\/wp-json\/wp\/v2\/posts\/52140\/revisions"}],"predecessor-version":[{"id":52194,"href":"https:\/\/schoenstatt.com\/pt-pt\/wp-json\/wp\/v2\/posts\/52140\/revisions\/52194"}],"wp:featuredmedia":[{"embeddable":true,"href":"https:\/\/schoenstatt.com\/pt-pt\/wp-json\/wp\/v2\/media\/24143"}],"wp:attachment":[{"href":"https:\/\/schoenstatt.com\/pt-pt\/wp-json\/wp\/v2\/media?parent=52140"}],"wp:term":[{"taxonomy":"category","embeddable":true,"href":"https:\/\/schoenstatt.com\/pt-pt\/wp-json\/wp\/v2\/categories?post=52140"},{"taxonomy":"post_tag","embeddable":true,"href":"https:\/\/schoenstatt.com\/pt-pt\/wp-json\/wp\/v2\/tags?post=52140"}],"curies":[{"name":"wp","href":"https:\/\/api.w.org\/{rel}","templated":true}]}}