{"id":52138,"date":"2022-04-06T03:32:01","date_gmt":"2022-04-06T01:32:01","guid":{"rendered":"https:\/\/schoenstattdev.wpenginepowered.com\/?p=24287"},"modified":"2025-05-16T03:21:42","modified_gmt":"2025-05-16T01:21:42","slug":"abril-pelos-profissionais-de-saude","status":"publish","type":"post","link":"https:\/\/schoenstatt.com\/pt-pt\/abril-pelos-profissionais-de-saude\/","title":{"rendered":"ABRIL | Pelos profissionais de sa\u00fade"},"content":{"rendered":"<h3>Rezemos este m\u00eas pelos profissionais de sa\u00fade.<\/h3>\n<p>A pandemia, mostrou-nos a entrega, a generosidade dos profissionais de sa\u00fade, volunt\u00e1rios, agentes de sa\u00fade, sacerdotes, religiosos e religiosas.<br \/>\nMas esta pandemia tamb\u00e9m deixou claro que nem todos t\u00eam acesso a um bom sistema p\u00fablico de sa\u00fade.<br \/>\nOs pa\u00edses mais pobres, os pa\u00edses mais vulner\u00e1veis \u200b\u200bn\u00e3o podem ter acesso aos tratamentos necess\u00e1rios para tratar tantas doen\u00e7as que as pessoas continuam a sofrer.<br \/>\nIsso deve-se com frequ\u00eancia \u00e0 m\u00e1 gest\u00e3o dos recursos e \u00e0 falta de um compromisso pol\u00edtico s\u00e9rio.<br \/>\n\u00c9 por isso que quero pedir aos governos de todos os pa\u00edses do mundo que n\u00e3o esque\u00e7am que um bom servi\u00e7o de sa\u00fade, acess\u00edvel a todos, \u00e9 uma prioridade.<br \/>\nMas tamb\u00e9m quero lembrar que o servi\u00e7o de sa\u00fade n\u00e3o \u00e9 apenas uma organiza\u00e7\u00e3o, mas que a\u00ed est\u00e3o homens e mulheres que dedicam a sua vida a cuidar da sa\u00fade do outro. E que deram a vida durante esta pandemia para ajudar tantos doentes a recuperar-se.<br \/>\nRezemos para que o compromisso dos profissionais de sa\u00fade em cuidar dos doentes e idosos, especialmente nos pa\u00edses mais pobres, seja apoiado pelos governos e comunidades locais.<\/p>\n<h3><\/h3>\n<h3>Papa pede apoio da sociedade aos profissionais de sa\u00fade.<\/h3>\n<h3><\/h3>\n<p>O <strong>novo\u00a0V\u00eddeo do Papa,<\/strong> que traz a inten\u00e7\u00e3o de ora\u00e7\u00e3o que o Papa Francisco\u00a0confia \u00e0 Igreja Cat\u00f3lica atrav\u00e9s da<strong> Rede Mundial de Ora\u00e7\u00e3o do Papa,<\/strong> \u00e9 dedicado ao apoio aos profissionais de sa\u00fade.<br \/>\nPerante as dificuldades que tantos doentes e idosos t\u00eam no acesso ao tratamento de que necessitam, o Papa apela a um compromisso pol\u00edtico s\u00e9rio em favor de um servi\u00e7o de sa\u00fade de qualidade para todos.<br \/>\nPara al\u00e9m dos aspectos organizacionais, o Papa Francisco recorda que o servi\u00e7o de sa\u00fade \u00e9 sobretudo feito de \u201chomens e mulheres que dedicam as suas vidas a cuidar da sa\u00fade dos outros\u201d, como se viu na pandemia.<br \/>\n(Cidade do Vaticano, 5 de abril de 2022) \u2013\u00a0O V\u00eddeo do Papa\u00a0de abril acaba de ser divulgado com a inten\u00e7\u00e3o de ora\u00e7\u00e3o que o\u00a0Papa\u00a0Francisco\u00a0confia \u00e0\u00a0Igreja Cat\u00f3lica\u00a0atrav\u00e9s da\u00a0Rede Mundial de Ora\u00e7\u00e3o do Papa. Este m\u00eas, o\u00a0Santo Padre\u00a0aborda a situa\u00e7\u00e3o dos servi\u00e7os de sa\u00fade em diferentes pa\u00edses e pede que o \u201cempenho dos profissionais de sa\u00fade em cuidar dos doentes e idosos, especialmente nos pa\u00edses mais pobres, seja apoiado pelos governos e comunidades locais\u201d.<\/p>\n<p>&nbsp;<\/p>\n<h3>O estresse da pandemia<\/h3>\n<p>&nbsp;<\/p>\n<p>O contexto da pandemia mostrou as defici\u00eancias dos sistemas de sa\u00fade e a desigualdade de acesso a tratamentos adequados. Na sua mensagem para a inten\u00e7\u00e3o de ora\u00e7\u00e3o de abril, Papa\u00a0Francisco\u00a0observou: \u201cEsta pandemia tamb\u00e9m mostrou que nem todos t\u00eam acesso a um bom sistema p\u00fablico de sa\u00fade. Os pa\u00edses mais pobres, os pa\u00edses mais vulner\u00e1veis, n\u00e3o t\u00eam acesso ao tratamento necess\u00e1rio para tratar as muitas e variadas doen\u00e7as de que continuam a sofrer. De acordo com o relat\u00f3rio da Organiza\u00e7\u00e3o para a Coopera\u00e7\u00e3o e Desenvolvimento Econ\u00f4mico (OCDE) \u201cHealth Overview 2021\u201d, o mau estado do sistema de sa\u00fade tem tido um impacto nos cuidados recebidos pelos doentes. Entre os diferentes fatores, a falta de profissionais de sa\u00fade tem sido mais limitativa do que o n\u00famero de leitos hospitalares ou equipamento t\u00e9cnico.<\/p>\n<h3><\/h3>\n<h3>O enorme trabalho em todo o mundo<\/h3>\n<p>Em um contexto t\u00e3o dif\u00edcil, que exacerbou as emerg\u00eancias existentes, a dedica\u00e7\u00e3o dos profissionais de sa\u00fade em v\u00e1rios projetos em todo o mundo, como ilustrado pelas imagens deste V\u00eddeo do Papa, desempenhou um papel decisivo: as campanhas \u201cA Vaccine for Us\u201d e \u201cMothers and Children First\u201d da CUAMM \u2013 M\u00e9dicos com \u00c1frica; o projeto da AVSI no Uganda para levar mulheres gr\u00e1vidas ao hospital; o trabalho, em v\u00e1rios pa\u00edses, da Ordem Hospitalar de S\u00e3o Jo\u00e3o de Deus (Fatebenefratelli); o trabalho dos Ministros dos Doentes de S\u00e3o Camilo na Tail\u00e2ndia e dos Religiosos Camilianos no Brasil; as estruturas sanit\u00e1rias no Bangladesh e no Peru do COE, Apurimac ETS e a Comunidade Mission\u00e1ria de Villaregia, organiza\u00e7\u00f5es membros da FOCSIV. Deve ser feita uma men\u00e7\u00e3o especial ao trabalho do Dr. Erik Jennings Sim\u00f5es \u2013 tamb\u00e9m apresentado neste v\u00eddeo \u2013 que h\u00e1 vinte anos tem vindo ajudar os povos ind\u00edgenas da floresta amaz\u00f4nica brasileira, onde criou o primeiro servi\u00e7o de neurocirurgia.<\/p>\n<p>&nbsp;<\/p>\n<h3>Um apelo aos governos<\/h3>\n<p>No entanto, este esfor\u00e7o excessivo n\u00e3o pode ser a solu\u00e7\u00e3o para garantir que todos possam ter cuidados de sa\u00fade adequados. \u201cApelo aos governos de todos os pa\u00edses do mundo para que n\u00e3o esque\u00e7am que bons cuidados de sa\u00fade, acess\u00edveis a todos, s\u00e3o uma prioridade\u201d, disse\u00a0Francisco. Se isto n\u00e3o aconteceu at\u00e9 agora, acrescentou, \u00e9 tamb\u00e9m devido \u00e0 \u201cm\u00e1 gest\u00e3o de recursos\u201d e \u00e0 \u201cfalta de compromisso pol\u00edtico s\u00e9rio\u201d.<\/p>\n<p>O\u00a0<strong>Pe. Fr\u00e9d\u00e9ric Fornos S.J.,<\/strong> Diretor Internacional da<strong>\u00a0Rede Mundial de Ora\u00e7\u00e3o do Papa,<\/strong> comentou sobre esta inten\u00e7\u00e3o: \u201cO Papa Francisco est\u00e1 sempre muito atento \u00e0s pessoas, aos doentes, aos idosos, aos mais vulner\u00e1veis. Este pedido de ora\u00e7\u00e3o, para todo o m\u00eas de abril, \u00e9 dedicado aos profissionais de sa\u00fade que cuidam deles. Est\u00e3o atravessando situa\u00e7\u00f5es de crise e muitas vezes sem apoio adequado, particularmente em pa\u00edses com menos recursos. A pandemia demonstrou que o sistema de sa\u00fade e os profissionais de sa\u00fade s\u00e3o essenciais para a sociedade. O Papa apela a mais recursos para os apoiar, particularmente em pa\u00edses com um sistema de sa\u00fade fr\u00e1gil, caso contr\u00e1rio seremos confrontados com \u201coutras pandemias\u201d. Confiemos esta inten\u00e7\u00e3o de ora\u00e7\u00e3o ao Senhor e atuemos neste sentido\u201d.<\/p>\n<p>&nbsp;<\/p>\n<p><iframe title=\"Pelos profissionais de sa\u00fade \u2013 O V\u00eddeo do Papa 04 \u2013 Abril 2022\" width=\"800\" height=\"450\" src=\"https:\/\/www.youtube.com\/embed\/lz9jI5MtWL4?feature=oembed\" frameborder=\"0\" allow=\"accelerometer; autoplay; clipboard-write; encrypted-media; gyroscope; picture-in-picture; web-share\" referrerpolicy=\"strict-origin-when-cross-origin\" allowfullscreen><\/iframe><\/p>\n<p>&nbsp;<\/p>\n<p>Fuente: <a href=\"http:\/\/www.thepopevideo.org\">www.thepopevideo.or<\/a><\/p>\n","protected":false},"excerpt":{"rendered":"<p>Para que o compromisso dos profissionais de sa\u00fade na assist\u00eancia \u00e0s pessoas doentes e aos idosos, sobretudo nos pa\u00edses pobres, seja apoiado pelos governos e pelas comunidades locais.<\/p>\n","protected":false},"author":3,"featured_media":24288,"comment_status":"closed","ping_status":"closed","sticky":false,"template":"","format":"standard","meta":{"footnotes":""},"categories":[906],"tags":[],"class_list":["post-52138","post","type-post","status-publish","format-standard","has-post-thumbnail","hentry","category-papa-francisco-pt-pt"],"yoast_head":"<!-- This site is optimized with the Yoast SEO Premium plugin v27.4 (Yoast SEO v27.4) - https:\/\/yoast.com\/product\/yoast-seo-premium-wordpress\/ -->\n<title>ABRIL | Pelos profissionais de sa\u00fade - Schoenstatt<\/title>\n<meta name=\"description\" content=\"Neste m\u00eas de abril, rezemos para que o compromisso dos trabalhadores da sa\u00fade seja apoiado pelos governos e comunidades locais.\" \/>\n<meta name=\"robots\" content=\"index, follow, max-snippet:-1, max-image-preview:large, max-video-preview:-1\" \/>\n<link rel=\"canonical\" href=\"https:\/\/schoenstatt.com\/pt-pt\/abril-pelos-profissionais-de-saude\/\" \/>\n<meta property=\"og:locale\" content=\"pt_PT\" \/>\n<meta property=\"og:type\" content=\"article\" \/>\n<meta property=\"og:title\" content=\"ABRIL | Pelos profissionais de sa\u00fade\" \/>\n<meta property=\"og:description\" content=\"Neste m\u00eas de abril, rezemos para que o compromisso dos trabalhadores da sa\u00fade seja apoiado pelos governos e comunidades locais.\" \/>\n<meta property=\"og:url\" content=\"https:\/\/schoenstatt.com\/pt-pt\/abril-pelos-profissionais-de-saude\/\" \/>\n<meta property=\"og:site_name\" content=\"Schoenstatt\" \/>\n<meta property=\"article:published_time\" content=\"2022-04-06T01:32:01+00:00\" \/>\n<meta property=\"article:modified_time\" content=\"2025-05-16T01:21:42+00:00\" \/>\n<meta property=\"og:image\" content=\"https:\/\/schoenstatt.com\/wp-content\/uploads\/2022\/04\/cathopic_1516718165600632-scaled-1.jpg\" \/>\n\t<meta property=\"og:image:width\" content=\"2560\" \/>\n\t<meta property=\"og:image:height\" content=\"1707\" \/>\n\t<meta property=\"og:image:type\" content=\"image\/jpeg\" \/>\n<meta name=\"author\" content=\"Karen Bueno\" \/>\n<meta name=\"twitter:card\" content=\"summary_large_image\" \/>\n<meta name=\"twitter:label1\" content=\"Escrito por\" \/>\n\t<meta name=\"twitter:data1\" content=\"Karen Bueno\" \/>\n\t<meta name=\"twitter:label2\" content=\"Tempo estimado de leitura\" \/>\n\t<meta name=\"twitter:data2\" content=\"4 minutos\" \/>\n<script type=\"application\/ld+json\" class=\"yoast-schema-graph\">{\"@context\":\"https:\\\/\\\/schema.org\",\"@graph\":[{\"@type\":\"Article\",\"@id\":\"https:\\\/\\\/schoenstatt.com\\\/pt-pt\\\/abril-pelos-profissionais-de-saude\\\/#article\",\"isPartOf\":{\"@id\":\"https:\\\/\\\/schoenstatt.com\\\/pt-pt\\\/abril-pelos-profissionais-de-saude\\\/\"},\"author\":{\"name\":\"Karen Bueno\",\"@id\":\"https:\\\/\\\/schoenstatt.com\\\/pt-pt\\\/#\\\/schema\\\/person\\\/5158877ad4acae98b34daaeef2a1ce6e\"},\"headline\":\"ABRIL | Pelos profissionais de sa\u00fade\",\"datePublished\":\"2022-04-06T01:32:01+00:00\",\"dateModified\":\"2025-05-16T01:21:42+00:00\",\"mainEntityOfPage\":{\"@id\":\"https:\\\/\\\/schoenstatt.com\\\/pt-pt\\\/abril-pelos-profissionais-de-saude\\\/\"},\"wordCount\":1032,\"publisher\":{\"@id\":\"https:\\\/\\\/schoenstatt.com\\\/pt-pt\\\/#organization\"},\"image\":{\"@id\":\"https:\\\/\\\/schoenstatt.com\\\/pt-pt\\\/abril-pelos-profissionais-de-saude\\\/#primaryimage\"},\"thumbnailUrl\":\"https:\\\/\\\/schoenstatt.com\\\/wp-content\\\/uploads\\\/2022\\\/04\\\/cathopic_1516718165600632-scaled-1.jpg\",\"articleSection\":[\"Papa Francisco\"],\"inLanguage\":\"pt-PT\"},{\"@type\":\"WebPage\",\"@id\":\"https:\\\/\\\/schoenstatt.com\\\/pt-pt\\\/abril-pelos-profissionais-de-saude\\\/\",\"url\":\"https:\\\/\\\/schoenstatt.com\\\/pt-pt\\\/abril-pelos-profissionais-de-saude\\\/\",\"name\":\"ABRIL | Pelos profissionais de sa\u00fade - Schoenstatt\",\"isPartOf\":{\"@id\":\"https:\\\/\\\/schoenstatt.com\\\/pt-pt\\\/#website\"},\"primaryImageOfPage\":{\"@id\":\"https:\\\/\\\/schoenstatt.com\\\/pt-pt\\\/abril-pelos-profissionais-de-saude\\\/#primaryimage\"},\"image\":{\"@id\":\"https:\\\/\\\/schoenstatt.com\\\/pt-pt\\\/abril-pelos-profissionais-de-saude\\\/#primaryimage\"},\"thumbnailUrl\":\"https:\\\/\\\/schoenstatt.com\\\/wp-content\\\/uploads\\\/2022\\\/04\\\/cathopic_1516718165600632-scaled-1.jpg\",\"datePublished\":\"2022-04-06T01:32:01+00:00\",\"dateModified\":\"2025-05-16T01:21:42+00:00\",\"description\":\"Neste m\u00eas de abril, rezemos para que o compromisso dos trabalhadores da sa\u00fade seja apoiado pelos governos e comunidades locais.\",\"breadcrumb\":{\"@id\":\"https:\\\/\\\/schoenstatt.com\\\/pt-pt\\\/abril-pelos-profissionais-de-saude\\\/#breadcrumb\"},\"inLanguage\":\"pt-PT\",\"potentialAction\":[{\"@type\":\"ReadAction\",\"target\":[\"https:\\\/\\\/schoenstatt.com\\\/pt-pt\\\/abril-pelos-profissionais-de-saude\\\/\"]}]},{\"@type\":\"ImageObject\",\"inLanguage\":\"pt-PT\",\"@id\":\"https:\\\/\\\/schoenstatt.com\\\/pt-pt\\\/abril-pelos-profissionais-de-saude\\\/#primaryimage\",\"url\":\"https:\\\/\\\/schoenstatt.com\\\/wp-content\\\/uploads\\\/2022\\\/04\\\/cathopic_1516718165600632-scaled-1.jpg\",\"contentUrl\":\"https:\\\/\\\/schoenstatt.com\\\/wp-content\\\/uploads\\\/2022\\\/04\\\/cathopic_1516718165600632-scaled-1.jpg\",\"width\":2560,\"height\":1707},{\"@type\":\"BreadcrumbList\",\"@id\":\"https:\\\/\\\/schoenstatt.com\\\/pt-pt\\\/abril-pelos-profissionais-de-saude\\\/#breadcrumb\",\"itemListElement\":[{\"@type\":\"ListItem\",\"position\":1,\"name\":\"Portada\",\"item\":\"https:\\\/\\\/schoenstatt.com\\\/pt-pt\\\/home\\\/\"},{\"@type\":\"ListItem\",\"position\":2,\"name\":\"ABRIL | Pelos profissionais de sa\u00fade\"}]},{\"@type\":\"WebSite\",\"@id\":\"https:\\\/\\\/schoenstatt.com\\\/pt-pt\\\/#website\",\"url\":\"https:\\\/\\\/schoenstatt.com\\\/pt-pt\\\/\",\"name\":\"Schoenstatt\",\"description\":\"Apostolic Movement\",\"publisher\":{\"@id\":\"https:\\\/\\\/schoenstatt.com\\\/pt-pt\\\/#organization\"},\"potentialAction\":[{\"@type\":\"SearchAction\",\"target\":{\"@type\":\"EntryPoint\",\"urlTemplate\":\"https:\\\/\\\/schoenstatt.com\\\/pt-pt\\\/?s={search_term_string}\"},\"query-input\":{\"@type\":\"PropertyValueSpecification\",\"valueRequired\":true,\"valueName\":\"search_term_string\"}}],\"inLanguage\":\"pt-PT\"},{\"@type\":\"Organization\",\"@id\":\"https:\\\/\\\/schoenstatt.com\\\/pt-pt\\\/#organization\",\"name\":\"Schoenstatt\",\"url\":\"https:\\\/\\\/schoenstatt.com\\\/pt-pt\\\/\",\"logo\":{\"@type\":\"ImageObject\",\"inLanguage\":\"pt-PT\",\"@id\":\"https:\\\/\\\/schoenstatt.com\\\/pt-pt\\\/#\\\/schema\\\/logo\\\/image\\\/\",\"url\":\"https:\\\/\\\/schoenstatt.com\\\/wp-content\\\/uploads\\\/2025\\\/04\\\/logo-schoenstatt-white-696x696-1.png\",\"contentUrl\":\"https:\\\/\\\/schoenstatt.com\\\/wp-content\\\/uploads\\\/2025\\\/04\\\/logo-schoenstatt-white-696x696-1.png\",\"width\":696,\"height\":694,\"caption\":\"Schoenstatt\"},\"image\":{\"@id\":\"https:\\\/\\\/schoenstatt.com\\\/pt-pt\\\/#\\\/schema\\\/logo\\\/image\\\/\"}},{\"@type\":\"Person\",\"@id\":\"https:\\\/\\\/schoenstatt.com\\\/pt-pt\\\/#\\\/schema\\\/person\\\/5158877ad4acae98b34daaeef2a1ce6e\",\"name\":\"Karen Bueno\",\"image\":{\"@type\":\"ImageObject\",\"inLanguage\":\"pt-PT\",\"@id\":\"https:\\\/\\\/secure.gravatar.com\\\/avatar\\\/f9f4b823873154269d2b2130f195f6d41037dd0d7fc5f3cacb5c846bae70d66b?s=96&d=mm&r=g\",\"url\":\"https:\\\/\\\/secure.gravatar.com\\\/avatar\\\/f9f4b823873154269d2b2130f195f6d41037dd0d7fc5f3cacb5c846bae70d66b?s=96&d=mm&r=g\",\"contentUrl\":\"https:\\\/\\\/secure.gravatar.com\\\/avatar\\\/f9f4b823873154269d2b2130f195f6d41037dd0d7fc5f3cacb5c846bae70d66b?s=96&d=mm&r=g\",\"caption\":\"Karen Bueno\"},\"url\":\"https:\\\/\\\/schoenstatt.com\\\/pt-pt\\\/author\\\/karen-bueno\\\/\"}]}<\/script>\n<!-- \/ Yoast SEO Premium plugin. -->","yoast_head_json":{"title":"ABRIL | Pelos profissionais de sa\u00fade - Schoenstatt","description":"Neste m\u00eas de abril, rezemos para que o compromisso dos trabalhadores da sa\u00fade seja apoiado pelos governos e comunidades locais.","robots":{"index":"index","follow":"follow","max-snippet":"max-snippet:-1","max-image-preview":"max-image-preview:large","max-video-preview":"max-video-preview:-1"},"canonical":"https:\/\/schoenstatt.com\/pt-pt\/abril-pelos-profissionais-de-saude\/","og_locale":"pt_PT","og_type":"article","og_title":"ABRIL | Pelos profissionais de sa\u00fade","og_description":"Neste m\u00eas de abril, rezemos para que o compromisso dos trabalhadores da sa\u00fade seja apoiado pelos governos e comunidades locais.","og_url":"https:\/\/schoenstatt.com\/pt-pt\/abril-pelos-profissionais-de-saude\/","og_site_name":"Schoenstatt","article_published_time":"2022-04-06T01:32:01+00:00","article_modified_time":"2025-05-16T01:21:42+00:00","og_image":[{"width":2560,"height":1707,"url":"https:\/\/schoenstatt.com\/wp-content\/uploads\/2022\/04\/cathopic_1516718165600632-scaled-1.jpg","type":"image\/jpeg"}],"author":"Karen Bueno","twitter_card":"summary_large_image","twitter_misc":{"Escrito por":"Karen Bueno","Tempo estimado de leitura":"4 minutos"},"schema":{"@context":"https:\/\/schema.org","@graph":[{"@type":"Article","@id":"https:\/\/schoenstatt.com\/pt-pt\/abril-pelos-profissionais-de-saude\/#article","isPartOf":{"@id":"https:\/\/schoenstatt.com\/pt-pt\/abril-pelos-profissionais-de-saude\/"},"author":{"name":"Karen Bueno","@id":"https:\/\/schoenstatt.com\/pt-pt\/#\/schema\/person\/5158877ad4acae98b34daaeef2a1ce6e"},"headline":"ABRIL | Pelos profissionais de sa\u00fade","datePublished":"2022-04-06T01:32:01+00:00","dateModified":"2025-05-16T01:21:42+00:00","mainEntityOfPage":{"@id":"https:\/\/schoenstatt.com\/pt-pt\/abril-pelos-profissionais-de-saude\/"},"wordCount":1032,"publisher":{"@id":"https:\/\/schoenstatt.com\/pt-pt\/#organization"},"image":{"@id":"https:\/\/schoenstatt.com\/pt-pt\/abril-pelos-profissionais-de-saude\/#primaryimage"},"thumbnailUrl":"https:\/\/schoenstatt.com\/wp-content\/uploads\/2022\/04\/cathopic_1516718165600632-scaled-1.jpg","articleSection":["Papa Francisco"],"inLanguage":"pt-PT"},{"@type":"WebPage","@id":"https:\/\/schoenstatt.com\/pt-pt\/abril-pelos-profissionais-de-saude\/","url":"https:\/\/schoenstatt.com\/pt-pt\/abril-pelos-profissionais-de-saude\/","name":"ABRIL | Pelos profissionais de sa\u00fade - Schoenstatt","isPartOf":{"@id":"https:\/\/schoenstatt.com\/pt-pt\/#website"},"primaryImageOfPage":{"@id":"https:\/\/schoenstatt.com\/pt-pt\/abril-pelos-profissionais-de-saude\/#primaryimage"},"image":{"@id":"https:\/\/schoenstatt.com\/pt-pt\/abril-pelos-profissionais-de-saude\/#primaryimage"},"thumbnailUrl":"https:\/\/schoenstatt.com\/wp-content\/uploads\/2022\/04\/cathopic_1516718165600632-scaled-1.jpg","datePublished":"2022-04-06T01:32:01+00:00","dateModified":"2025-05-16T01:21:42+00:00","description":"Neste m\u00eas de abril, rezemos para que o compromisso dos trabalhadores da sa\u00fade seja apoiado pelos governos e comunidades locais.","breadcrumb":{"@id":"https:\/\/schoenstatt.com\/pt-pt\/abril-pelos-profissionais-de-saude\/#breadcrumb"},"inLanguage":"pt-PT","potentialAction":[{"@type":"ReadAction","target":["https:\/\/schoenstatt.com\/pt-pt\/abril-pelos-profissionais-de-saude\/"]}]},{"@type":"ImageObject","inLanguage":"pt-PT","@id":"https:\/\/schoenstatt.com\/pt-pt\/abril-pelos-profissionais-de-saude\/#primaryimage","url":"https:\/\/schoenstatt.com\/wp-content\/uploads\/2022\/04\/cathopic_1516718165600632-scaled-1.jpg","contentUrl":"https:\/\/schoenstatt.com\/wp-content\/uploads\/2022\/04\/cathopic_1516718165600632-scaled-1.jpg","width":2560,"height":1707},{"@type":"BreadcrumbList","@id":"https:\/\/schoenstatt.com\/pt-pt\/abril-pelos-profissionais-de-saude\/#breadcrumb","itemListElement":[{"@type":"ListItem","position":1,"name":"Portada","item":"https:\/\/schoenstatt.com\/pt-pt\/home\/"},{"@type":"ListItem","position":2,"name":"ABRIL | Pelos profissionais de sa\u00fade"}]},{"@type":"WebSite","@id":"https:\/\/schoenstatt.com\/pt-pt\/#website","url":"https:\/\/schoenstatt.com\/pt-pt\/","name":"Schoenstatt","description":"Apostolic Movement","publisher":{"@id":"https:\/\/schoenstatt.com\/pt-pt\/#organization"},"potentialAction":[{"@type":"SearchAction","target":{"@type":"EntryPoint","urlTemplate":"https:\/\/schoenstatt.com\/pt-pt\/?s={search_term_string}"},"query-input":{"@type":"PropertyValueSpecification","valueRequired":true,"valueName":"search_term_string"}}],"inLanguage":"pt-PT"},{"@type":"Organization","@id":"https:\/\/schoenstatt.com\/pt-pt\/#organization","name":"Schoenstatt","url":"https:\/\/schoenstatt.com\/pt-pt\/","logo":{"@type":"ImageObject","inLanguage":"pt-PT","@id":"https:\/\/schoenstatt.com\/pt-pt\/#\/schema\/logo\/image\/","url":"https:\/\/schoenstatt.com\/wp-content\/uploads\/2025\/04\/logo-schoenstatt-white-696x696-1.png","contentUrl":"https:\/\/schoenstatt.com\/wp-content\/uploads\/2025\/04\/logo-schoenstatt-white-696x696-1.png","width":696,"height":694,"caption":"Schoenstatt"},"image":{"@id":"https:\/\/schoenstatt.com\/pt-pt\/#\/schema\/logo\/image\/"}},{"@type":"Person","@id":"https:\/\/schoenstatt.com\/pt-pt\/#\/schema\/person\/5158877ad4acae98b34daaeef2a1ce6e","name":"Karen Bueno","image":{"@type":"ImageObject","inLanguage":"pt-PT","@id":"https:\/\/secure.gravatar.com\/avatar\/f9f4b823873154269d2b2130f195f6d41037dd0d7fc5f3cacb5c846bae70d66b?s=96&d=mm&r=g","url":"https:\/\/secure.gravatar.com\/avatar\/f9f4b823873154269d2b2130f195f6d41037dd0d7fc5f3cacb5c846bae70d66b?s=96&d=mm&r=g","contentUrl":"https:\/\/secure.gravatar.com\/avatar\/f9f4b823873154269d2b2130f195f6d41037dd0d7fc5f3cacb5c846bae70d66b?s=96&d=mm&r=g","caption":"Karen Bueno"},"url":"https:\/\/schoenstatt.com\/pt-pt\/author\/karen-bueno\/"}]}},"_links":{"self":[{"href":"https:\/\/schoenstatt.com\/pt-pt\/wp-json\/wp\/v2\/posts\/52138","targetHints":{"allow":["GET"]}}],"collection":[{"href":"https:\/\/schoenstatt.com\/pt-pt\/wp-json\/wp\/v2\/posts"}],"about":[{"href":"https:\/\/schoenstatt.com\/pt-pt\/wp-json\/wp\/v2\/types\/post"}],"author":[{"embeddable":true,"href":"https:\/\/schoenstatt.com\/pt-pt\/wp-json\/wp\/v2\/users\/3"}],"replies":[{"embeddable":true,"href":"https:\/\/schoenstatt.com\/pt-pt\/wp-json\/wp\/v2\/comments?post=52138"}],"version-history":[{"count":1,"href":"https:\/\/schoenstatt.com\/pt-pt\/wp-json\/wp\/v2\/posts\/52138\/revisions"}],"predecessor-version":[{"id":52192,"href":"https:\/\/schoenstatt.com\/pt-pt\/wp-json\/wp\/v2\/posts\/52138\/revisions\/52192"}],"wp:featuredmedia":[{"embeddable":true,"href":"https:\/\/schoenstatt.com\/pt-pt\/wp-json\/wp\/v2\/media\/24288"}],"wp:attachment":[{"href":"https:\/\/schoenstatt.com\/pt-pt\/wp-json\/wp\/v2\/media?parent=52138"}],"wp:term":[{"taxonomy":"category","embeddable":true,"href":"https:\/\/schoenstatt.com\/pt-pt\/wp-json\/wp\/v2\/categories?post=52138"},{"taxonomy":"post_tag","embeddable":true,"href":"https:\/\/schoenstatt.com\/pt-pt\/wp-json\/wp\/v2\/tags?post=52138"}],"curies":[{"name":"wp","href":"https:\/\/api.w.org\/{rel}","templated":true}]}}