{"id":51937,"date":"2022-05-25T10:17:21","date_gmt":"2022-05-25T08:17:21","guid":{"rendered":"https:\/\/schoenstattdev.wpenginepowered.com\/?p=24912"},"modified":"2025-05-16T00:39:33","modified_gmt":"2025-05-15T22:39:33","slug":"alex-vens-comigo-pe-alexander-menningen-o-discipulo-mais-proximo-do-pe-kentenich","status":"publish","type":"post","link":"https:\/\/schoenstatt.com\/pt-pt\/alex-vens-comigo-pe-alexander-menningen-o-discipulo-mais-proximo-do-pe-kentenich\/","title":{"rendered":"&#8220;Alex, vens comigo?&#8221; Pe. Alexander Menningen: o disc\u00edpulo mais pr\u00f3ximo do Pe. Kentenich."},"content":{"rendered":"<h3>Pe. Alexander Menningen: \u201cSim, Padre, vou contigo\u201d<\/h3>\n<p>Muitos de n\u00f3s conhecemos o Pe. Alex Menningen, que &#8220;foi o colaborador mais estreito e pr\u00f3ximo do Pai Fundador&#8221;. Tamb\u00e9m sabemos que o padre Kentenich lhe fez a famosa pergunta sobre se ele o seguiria no ex\u00edlio, arriscando tudo: \u201cAlex, vens comigo?\u201d E sua resposta: &#8220;Sim, Padre, vou contigo&#8221;. Tamb\u00e9m s\u00e3o conhecidas as confer\u00eancias e livros que escreveu sobre Jos\u00e9 Engling. Mas, quem \u00e9 &#8220;o disc\u00edpulo fiel do Padre Kentenich&#8221;? Que mensagem sua pessoa poderia nos trazer hoje?<\/p>\n<p>Alexander Menningen nasceu em 20 de outubro de 1900, em Hillscheid, a cerca de seis quil\u00f4metros de Schoenstatt. No outono de 1913 ingressou no Semin\u00e1rio Menor Palotino. Conta o Pe. Hern\u00e1n Alessandri que quando Alex ouviu o serm\u00e3o que o Pe. Kentenich pregou em Hillscheid em 1913, ele foi muito impactado por suas palavras e por sua pessoa, por isso decidiu ser sacerdote e entrou no semin\u00e1rio naquele mesmo ano.<\/p>\n<figure id=\"attachment_24913\" aria-describedby=\"caption-attachment-24913\" style=\"width: 424px\" class=\"wp-caption aligncenter\"><img fetchpriority=\"high\" decoding=\"async\" class=\"wp-image-24913 size-full\" src=\"https:\/\/schoenstatt.com\/wp-content\/uploads\/2022\/05\/manningen-2-1.png\" alt=\"\" width=\"424\" height=\"340\" \/><figcaption id=\"caption-attachment-24913\" class=\"wp-caption-text\">Fonte: Ammann R., Bausenhart K. e Klein J.M. (1994)<\/figcaption><\/figure>\n<h3>Colaborador pr\u00f3ximo do Pe. Kentenich<\/h3>\n<p>Em 1915 ingressou na Congrega\u00e7\u00e3o Menor, tornando-se Jos\u00e9 Engling uma refer\u00eancia e modelo para a sua vida. Ap\u00f3s a Primeira Guerra Mundial completou seus estudos para o sacerd\u00f3cio em Limburg e Roma. Durante o tempo de noviciado, em uma visita ocasional a Schoenstatt, as palavras e a pessoa do Pai Fundador foram fundamentais para fortalecer sua voca\u00e7\u00e3o:<\/p>\n<blockquote><p>\u201cOlhe, na placa comemorativa do Santu\u00e1rio est\u00e1 o seu nome. Assim se encontra o seu nome e a sua pessoa inscritos profundamente no cora\u00e7\u00e3o de Maria. Tu deves permanecer fiel a Ela por toda a sua vida e, colocando sua confian\u00e7a nela, podes assumir todos os riscos relacionados \u00e0 f\u00e9 e \u00e0 sua voca\u00e7\u00e3o sacerdotal\u201d<\/p><\/blockquote>\n<p>Em 8 de agosto de 1926 foi ordenado sacerdote na Cidade Eterna e em 1927 recebeu seu diploma de doutorado em teologia. A partir de 1928, quando a Casa da Alian\u00e7a foi aben\u00e7oada, o <a href=\"http:\/\/www.jmschoenstatt.cl\/multimedia\/wp-content\/uploads\/archivos\/material_trabajo\/alexmenningen.pdf\">Pe. Menningen<\/a> tornou-se um dos colaboradores mais pr\u00f3ximos do Pai Fundador. Desde ent\u00e3o, foi assessor da juventude masculina nos tempos em que se desenvolveu a gera\u00e7\u00e3o Ver Sacro, que tomou a vida de Jos\u00e9 Engling e de outros congregados heroicos como modelo exemplar.<\/p>\n<h3>Fa\u00e7a com que a Fam\u00edlia cultive sua entrega total a Deus<\/h3>\n<p>A partir de 1941, o Pe. Menningen foi membro da dire\u00e7\u00e3o provincial dos Palotinos e em seu cargo contribuiu como mediador do Movimento. Por outro lado, foi um dos principais interlocutores com o fundador quando o Pe. Kentenich foi preso na pris\u00e3o de Coblen\u00e7a. Assim escreveu o Padre Kentenich, em 20 de janeiro de 1942, ao disc\u00edpulo: \u201cAqui estou&#8230; e n\u00e3o posso fazer mais nada. Fa\u00e7a-me um favor: fa\u00e7a com que a Fam\u00edlia cultive o Poder em Branco (aceita\u00e7\u00e3o plena da vontade de Deus para si mesmo) e a Inscriptio (pedir que Deus envie as cruzes que Ele planejou para si, em seu plano perfeito de amor). Ent\u00e3o eu vou recuperar minha liberdade. Essa \u00e9 sempre a minha resposta.&#8221;<\/p>\n<p>Depois da Segunda Guerra Mundial, Pe. Menningen foi nomeado assistente espiritual dos Irm\u00e3os de Maria e contribuiu para a funda\u00e7\u00e3o do instituto. Por outro lado, foi nomeado vice-postulador da causa de beatifica\u00e7\u00e3o de Jos\u00e9 Engling.<\/p>\n<p>Em todos esses anos foi extenso seu trabalho, mas ainda mais significativo foi sua colabora\u00e7\u00e3o e fidelidade ao Pai, particularmente no tempo do ex\u00edlio. Durante o ex\u00edlio do Pe. Kentenich em Milwaukee, o Pe. Menningen tornou-se o chefe e referente para a <a href=\"https:\/\/schoenstattdev.wpenginepowered.com\/pt-pt\/espiritualidade\/schoenstatt-e-um-movimento-de-educacao-colaboracao-no-servico-a-vida\/\">Fam\u00edlia de Schoenstatt<\/a>. Por seu fiel seguimento do fundador. Em 1954 foi incitado a deixar Schoenstatt.<\/p>\n<p>Em 1965, Roma autorizou a constitui\u00e7\u00e3o do Instituto Secular dos Padres de Schoenstatt. O Padre Menningen foi um dos primeiros a ingressar na nova comunidade e foi superior geral interino dela.<\/p>\n<h3>Pe. Jos\u00e9 Kentenich, quem \u00e9 voc\u00ea realmente? Diga-me qual \u00e9 o seu segredo<\/h3>\n<figure id=\"attachment_24917\" aria-describedby=\"caption-attachment-24917\" style=\"width: 311px\" class=\"wp-caption aligncenter\"><img decoding=\"async\" class=\"wp-image-24917 size-full\" src=\"https:\/\/schoenstatt.com\/wp-content\/uploads\/2022\/05\/Menningen-3-1.png\" alt=\"\" width=\"311\" height=\"346\" \/><figcaption id=\"caption-attachment-24917\" class=\"wp-caption-text\">Fonte: Agradecimentos ao Pe. Guillermo Carmona pela foto do Pe. Alex Menningen<\/figcaption><\/figure>\n<p>Que raz\u00e3o o motivou a permanecer fiel ao fundador, mesmo quando sua pessoa foi questionada at\u00e9 pela pr\u00f3pria Igreja? A descri\u00e7\u00e3o que Pe. Menningen fez do Pai Fundador em 1984 nos permite compreender sua vis\u00e3o:<\/p>\n<blockquote><p>\u201cO padre Kentenich reuniu em sua pessoa o profeta capaz de ver e o te\u00f3logo capaz de refletir em virtude de um pensamento marcadamente metaf\u00edsico. O Padre foi guarda de um carisma, de um grande dom do Esp\u00edrito Santo, mas tamb\u00e9m de todas as qualidades de um talentoso educador e formador de homens. Era uma pessoa totalmente orientada para o sobrenatural e apaixonada por Deus, e ao mesmo tempo totalmente voltada para o terreno e autenticamente humano. Nos cinquenta e cinco anos em que o acompanhei no caminho de sua vida, me fazia em sil\u00eancio muitas vezes esta pergunta: &#8216;Quem \u00e9 voc\u00ea realmente? Diga-me qual \u00e9 o seu segredo. A resposta a esta pergunta n\u00e3o dita foi a seguinte: O Padre carregava dentro de si um segredo divino, cujo rastro podia ser descoberto, mas n\u00e3o se podia chegar ao fundo.\u201d<\/p><\/blockquote>\n<p>O Pe. Menningen resumiu sua vida e sua vincula\u00e7\u00e3o com o Pai Fundador: \u201cEmbora eu sempre o seguisse, experimentei um aumento de liberdade, de independ\u00eancia, de capacidade criativa e um fortalecimento de minha personalidade. Minha vida n\u00e3o foi passada na sombra, mas sim na luz de algu\u00e9m maior do que eu.\u201d<\/p>\n<p>Ap\u00f3s a morte de Pe. Kentenich, o Pe. Menningen tornou-se a personalidade inspiradora central da Fam\u00edlia de Schoenstatt, sendo Assessor da Presid\u00eancia Geral. Preparou o processo de beatifica\u00e7\u00e3o do Pe. Kentenich e foi seu postulador at\u00e9 1976. Em 19 de maio de 1994, faleceu em Schoenstatt, em Si\u00e3o, o mais pr\u00f3ximo colaborador do Padre.<\/p>\n<h3>Refer\u00eancias:<\/h3>\n<p>Alessandri Morandi\u00e9 H. (2009). \u201cLa historia del Padre Kentenich.\u201d Nueva Patris.<br \/>\nAmmann R., Bausenhart K. y Klein J.M. (1994). Der Gef\u00e4hrte: Erste Erinnerungen an P. Dr. Alexander Menningen ISCH. Patris Verlag.<br \/>\nLocher P., Niehaus J., Unkel H.W. y Vauti\u00e9r P. (2011). Kentenich Reader Tomo 1: Encuentro con el Padre Fundador. Nueva Patris.<br \/>\nNeuenhofer J.M (2014). Mirar al Padre: dedicado en agradecimiento al Padre Jos\u00e9 Kentenich en el centenario de la fundaci\u00f3n de Schoenstatt. Editorial Schoenstatt<br \/>\nSchmiedl J. (2000). Alexander Menningen. Patris Verlag.<\/p>\n","protected":false},"excerpt":{"rendered":"<p>O Pe. Alexander Menningen foi o colaborador mais pr\u00f3ximo do Pe. Kentenich. Acompanhou-o nos momentos mais dif\u00edceis. Nunca duvidou da grande miss\u00e3o que teve o fundador para a renova\u00e7\u00e3o da Igreja, e participou dela coma mesma profunda entrega.<\/p>\n","protected":false},"author":1,"featured_media":24902,"comment_status":"closed","ping_status":"closed","sticky":false,"template":"","format":"standard","meta":{"footnotes":""},"categories":[916],"tags":[],"class_list":["post-51937","post","type-post","status-publish","format-standard","has-post-thumbnail","hentry","category-espiritualidade-pt-pt"],"yoast_head":"<!-- This site is optimized with the Yoast SEO Premium plugin v27.4 (Yoast SEO v27.4) - https:\/\/yoast.com\/product\/yoast-seo-premium-wordpress\/ -->\n<title>&quot;Alex, vens comigo?&quot; Pe. Alexander Menningen: o disc\u00edpulo mais pr\u00f3ximo do Pe. Kentenich. - Schoenstatt<\/title>\n<meta name=\"description\" content=\"O Pe. Alexander Menningen foi o mais pr\u00f3ximo colaborador e disc\u00edpulo do Pe. Kentenich. A sua fidelidade \u00e0 miss\u00e3o do fundador foi de grande import\u00e2ncia para a Obra de Schoenstatt..\" \/>\n<meta name=\"robots\" content=\"index, follow, max-snippet:-1, max-image-preview:large, max-video-preview:-1\" \/>\n<link rel=\"canonical\" href=\"https:\/\/schoenstatt.com\/pt-pt\/alex-vens-comigo-pe-alexander-menningen-o-discipulo-mais-proximo-do-pe-kentenich\/\" \/>\n<meta property=\"og:locale\" content=\"pt_PT\" \/>\n<meta property=\"og:type\" content=\"article\" \/>\n<meta property=\"og:title\" content=\"&quot;Alex, vens comigo?&quot; Pe. Alexander Menningen: o disc\u00edpulo mais pr\u00f3ximo do Pe. Kentenich.\" \/>\n<meta property=\"og:description\" content=\"O Pe. Alexander Menningen foi o mais pr\u00f3ximo colaborador e disc\u00edpulo do Pe. Kentenich. A sua fidelidade \u00e0 miss\u00e3o do fundador foi de grande import\u00e2ncia para a Obra de Schoenstatt..\" \/>\n<meta property=\"og:url\" content=\"https:\/\/schoenstatt.com\/pt-pt\/alex-vens-comigo-pe-alexander-menningen-o-discipulo-mais-proximo-do-pe-kentenich\/\" \/>\n<meta property=\"og:site_name\" content=\"Schoenstatt\" \/>\n<meta property=\"article:published_time\" content=\"2022-05-25T08:17:21+00:00\" \/>\n<meta property=\"article:modified_time\" content=\"2025-05-15T22:39:33+00:00\" \/>\n<meta property=\"og:image\" content=\"https:\/\/schoenstatt.com\/wp-content\/uploads\/2022\/05\/Menningen-1.png\" \/>\n\t<meta property=\"og:image:width\" content=\"353\" \/>\n\t<meta property=\"og:image:height\" content=\"421\" \/>\n\t<meta property=\"og:image:type\" content=\"image\/png\" \/>\n<meta name=\"author\" content=\"admin\" \/>\n<meta name=\"twitter:card\" content=\"summary_large_image\" \/>\n<meta name=\"twitter:label1\" content=\"Escrito por\" \/>\n\t<meta name=\"twitter:data1\" content=\"admin\" \/>\n\t<meta name=\"twitter:label2\" content=\"Tempo estimado de leitura\" \/>\n\t<meta name=\"twitter:data2\" content=\"5 minutos\" \/>\n<script type=\"application\/ld+json\" class=\"yoast-schema-graph\">{\"@context\":\"https:\\\/\\\/schema.org\",\"@graph\":[{\"@type\":\"Article\",\"@id\":\"https:\\\/\\\/schoenstatt.com\\\/pt-pt\\\/alex-vens-comigo-pe-alexander-menningen-o-discipulo-mais-proximo-do-pe-kentenich\\\/#article\",\"isPartOf\":{\"@id\":\"https:\\\/\\\/schoenstatt.com\\\/pt-pt\\\/alex-vens-comigo-pe-alexander-menningen-o-discipulo-mais-proximo-do-pe-kentenich\\\/\"},\"author\":{\"name\":\"admin\",\"@id\":\"https:\\\/\\\/schoenstatt.com\\\/pt-pt\\\/#\\\/schema\\\/person\\\/489465b1850e7b216fe2c10dfc262551\"},\"headline\":\"&#8220;Alex, vens comigo?&#8221; Pe. Alexander Menningen: o disc\u00edpulo mais pr\u00f3ximo do Pe. Kentenich.\",\"datePublished\":\"2022-05-25T08:17:21+00:00\",\"dateModified\":\"2025-05-15T22:39:33+00:00\",\"mainEntityOfPage\":{\"@id\":\"https:\\\/\\\/schoenstatt.com\\\/pt-pt\\\/alex-vens-comigo-pe-alexander-menningen-o-discipulo-mais-proximo-do-pe-kentenich\\\/\"},\"wordCount\":1073,\"publisher\":{\"@id\":\"https:\\\/\\\/schoenstatt.com\\\/pt-pt\\\/#organization\"},\"image\":{\"@id\":\"https:\\\/\\\/schoenstatt.com\\\/pt-pt\\\/alex-vens-comigo-pe-alexander-menningen-o-discipulo-mais-proximo-do-pe-kentenich\\\/#primaryimage\"},\"thumbnailUrl\":\"https:\\\/\\\/schoenstatt.com\\\/wp-content\\\/uploads\\\/2022\\\/05\\\/Menningen-1.png\",\"articleSection\":[\"Espiritualidade\"],\"inLanguage\":\"pt-PT\"},{\"@type\":\"WebPage\",\"@id\":\"https:\\\/\\\/schoenstatt.com\\\/pt-pt\\\/alex-vens-comigo-pe-alexander-menningen-o-discipulo-mais-proximo-do-pe-kentenich\\\/\",\"url\":\"https:\\\/\\\/schoenstatt.com\\\/pt-pt\\\/alex-vens-comigo-pe-alexander-menningen-o-discipulo-mais-proximo-do-pe-kentenich\\\/\",\"name\":\"\\\"Alex, vens comigo?\\\" Pe. Alexander Menningen: o disc\u00edpulo mais pr\u00f3ximo do Pe. Kentenich. - Schoenstatt\",\"isPartOf\":{\"@id\":\"https:\\\/\\\/schoenstatt.com\\\/pt-pt\\\/#website\"},\"primaryImageOfPage\":{\"@id\":\"https:\\\/\\\/schoenstatt.com\\\/pt-pt\\\/alex-vens-comigo-pe-alexander-menningen-o-discipulo-mais-proximo-do-pe-kentenich\\\/#primaryimage\"},\"image\":{\"@id\":\"https:\\\/\\\/schoenstatt.com\\\/pt-pt\\\/alex-vens-comigo-pe-alexander-menningen-o-discipulo-mais-proximo-do-pe-kentenich\\\/#primaryimage\"},\"thumbnailUrl\":\"https:\\\/\\\/schoenstatt.com\\\/wp-content\\\/uploads\\\/2022\\\/05\\\/Menningen-1.png\",\"datePublished\":\"2022-05-25T08:17:21+00:00\",\"dateModified\":\"2025-05-15T22:39:33+00:00\",\"description\":\"O Pe. Alexander Menningen foi o mais pr\u00f3ximo colaborador e disc\u00edpulo do Pe. Kentenich. A sua fidelidade \u00e0 miss\u00e3o do fundador foi de grande import\u00e2ncia para a Obra de Schoenstatt..\",\"breadcrumb\":{\"@id\":\"https:\\\/\\\/schoenstatt.com\\\/pt-pt\\\/alex-vens-comigo-pe-alexander-menningen-o-discipulo-mais-proximo-do-pe-kentenich\\\/#breadcrumb\"},\"inLanguage\":\"pt-PT\",\"potentialAction\":[{\"@type\":\"ReadAction\",\"target\":[\"https:\\\/\\\/schoenstatt.com\\\/pt-pt\\\/alex-vens-comigo-pe-alexander-menningen-o-discipulo-mais-proximo-do-pe-kentenich\\\/\"]}]},{\"@type\":\"ImageObject\",\"inLanguage\":\"pt-PT\",\"@id\":\"https:\\\/\\\/schoenstatt.com\\\/pt-pt\\\/alex-vens-comigo-pe-alexander-menningen-o-discipulo-mais-proximo-do-pe-kentenich\\\/#primaryimage\",\"url\":\"https:\\\/\\\/schoenstatt.com\\\/wp-content\\\/uploads\\\/2022\\\/05\\\/Menningen-1.png\",\"contentUrl\":\"https:\\\/\\\/schoenstatt.com\\\/wp-content\\\/uploads\\\/2022\\\/05\\\/Menningen-1.png\",\"width\":353,\"height\":421,\"caption\":\"Pe. Menningen\"},{\"@type\":\"BreadcrumbList\",\"@id\":\"https:\\\/\\\/schoenstatt.com\\\/pt-pt\\\/alex-vens-comigo-pe-alexander-menningen-o-discipulo-mais-proximo-do-pe-kentenich\\\/#breadcrumb\",\"itemListElement\":[{\"@type\":\"ListItem\",\"position\":1,\"name\":\"Portada\",\"item\":\"https:\\\/\\\/schoenstatt.com\\\/pt-pt\\\/home\\\/\"},{\"@type\":\"ListItem\",\"position\":2,\"name\":\"\u00abAlex, vens comigo?\u00bb Pe. Alexander Menningen: o disc\u00edpulo mais pr\u00f3ximo do Pe. Kentenich.\"}]},{\"@type\":\"WebSite\",\"@id\":\"https:\\\/\\\/schoenstatt.com\\\/pt-pt\\\/#website\",\"url\":\"https:\\\/\\\/schoenstatt.com\\\/pt-pt\\\/\",\"name\":\"Schoenstatt\",\"description\":\"Apostolic Movement\",\"publisher\":{\"@id\":\"https:\\\/\\\/schoenstatt.com\\\/pt-pt\\\/#organization\"},\"potentialAction\":[{\"@type\":\"SearchAction\",\"target\":{\"@type\":\"EntryPoint\",\"urlTemplate\":\"https:\\\/\\\/schoenstatt.com\\\/pt-pt\\\/?s={search_term_string}\"},\"query-input\":{\"@type\":\"PropertyValueSpecification\",\"valueRequired\":true,\"valueName\":\"search_term_string\"}}],\"inLanguage\":\"pt-PT\"},{\"@type\":\"Organization\",\"@id\":\"https:\\\/\\\/schoenstatt.com\\\/pt-pt\\\/#organization\",\"name\":\"Schoenstatt\",\"url\":\"https:\\\/\\\/schoenstatt.com\\\/pt-pt\\\/\",\"logo\":{\"@type\":\"ImageObject\",\"inLanguage\":\"pt-PT\",\"@id\":\"https:\\\/\\\/schoenstatt.com\\\/pt-pt\\\/#\\\/schema\\\/logo\\\/image\\\/\",\"url\":\"https:\\\/\\\/schoenstatt.com\\\/wp-content\\\/uploads\\\/2025\\\/04\\\/logo-schoenstatt-white-696x696-1.png\",\"contentUrl\":\"https:\\\/\\\/schoenstatt.com\\\/wp-content\\\/uploads\\\/2025\\\/04\\\/logo-schoenstatt-white-696x696-1.png\",\"width\":696,\"height\":694,\"caption\":\"Schoenstatt\"},\"image\":{\"@id\":\"https:\\\/\\\/schoenstatt.com\\\/pt-pt\\\/#\\\/schema\\\/logo\\\/image\\\/\"}},{\"@type\":\"Person\",\"@id\":\"https:\\\/\\\/schoenstatt.com\\\/pt-pt\\\/#\\\/schema\\\/person\\\/489465b1850e7b216fe2c10dfc262551\",\"name\":\"admin\",\"image\":{\"@type\":\"ImageObject\",\"inLanguage\":\"pt-PT\",\"@id\":\"https:\\\/\\\/secure.gravatar.com\\\/avatar\\\/02e8345e1ec40ab0e0a2a98fdde64a684bbaf994cddcb778b25b8b024ee9dfe6?s=96&d=mm&r=g\",\"url\":\"https:\\\/\\\/secure.gravatar.com\\\/avatar\\\/02e8345e1ec40ab0e0a2a98fdde64a684bbaf994cddcb778b25b8b024ee9dfe6?s=96&d=mm&r=g\",\"contentUrl\":\"https:\\\/\\\/secure.gravatar.com\\\/avatar\\\/02e8345e1ec40ab0e0a2a98fdde64a684bbaf994cddcb778b25b8b024ee9dfe6?s=96&d=mm&r=g\",\"caption\":\"admin\"},\"sameAs\":[\"https:\\\/\\\/schoenstatt.com\"],\"url\":\"https:\\\/\\\/schoenstatt.com\\\/pt-pt\\\/author\\\/admin\\\/\"}]}<\/script>\n<!-- \/ Yoast SEO Premium plugin. -->","yoast_head_json":{"title":"\"Alex, vens comigo?\" Pe. Alexander Menningen: o disc\u00edpulo mais pr\u00f3ximo do Pe. Kentenich. - Schoenstatt","description":"O Pe. Alexander Menningen foi o mais pr\u00f3ximo colaborador e disc\u00edpulo do Pe. Kentenich. A sua fidelidade \u00e0 miss\u00e3o do fundador foi de grande import\u00e2ncia para a Obra de Schoenstatt..","robots":{"index":"index","follow":"follow","max-snippet":"max-snippet:-1","max-image-preview":"max-image-preview:large","max-video-preview":"max-video-preview:-1"},"canonical":"https:\/\/schoenstatt.com\/pt-pt\/alex-vens-comigo-pe-alexander-menningen-o-discipulo-mais-proximo-do-pe-kentenich\/","og_locale":"pt_PT","og_type":"article","og_title":"\"Alex, vens comigo?\" Pe. Alexander Menningen: o disc\u00edpulo mais pr\u00f3ximo do Pe. Kentenich.","og_description":"O Pe. Alexander Menningen foi o mais pr\u00f3ximo colaborador e disc\u00edpulo do Pe. Kentenich. A sua fidelidade \u00e0 miss\u00e3o do fundador foi de grande import\u00e2ncia para a Obra de Schoenstatt..","og_url":"https:\/\/schoenstatt.com\/pt-pt\/alex-vens-comigo-pe-alexander-menningen-o-discipulo-mais-proximo-do-pe-kentenich\/","og_site_name":"Schoenstatt","article_published_time":"2022-05-25T08:17:21+00:00","article_modified_time":"2025-05-15T22:39:33+00:00","og_image":[{"width":353,"height":421,"url":"https:\/\/schoenstatt.com\/wp-content\/uploads\/2022\/05\/Menningen-1.png","type":"image\/png"}],"author":"admin","twitter_card":"summary_large_image","twitter_misc":{"Escrito por":"admin","Tempo estimado de leitura":"5 minutos"},"schema":{"@context":"https:\/\/schema.org","@graph":[{"@type":"Article","@id":"https:\/\/schoenstatt.com\/pt-pt\/alex-vens-comigo-pe-alexander-menningen-o-discipulo-mais-proximo-do-pe-kentenich\/#article","isPartOf":{"@id":"https:\/\/schoenstatt.com\/pt-pt\/alex-vens-comigo-pe-alexander-menningen-o-discipulo-mais-proximo-do-pe-kentenich\/"},"author":{"name":"admin","@id":"https:\/\/schoenstatt.com\/pt-pt\/#\/schema\/person\/489465b1850e7b216fe2c10dfc262551"},"headline":"&#8220;Alex, vens comigo?&#8221; Pe. Alexander Menningen: o disc\u00edpulo mais pr\u00f3ximo do Pe. Kentenich.","datePublished":"2022-05-25T08:17:21+00:00","dateModified":"2025-05-15T22:39:33+00:00","mainEntityOfPage":{"@id":"https:\/\/schoenstatt.com\/pt-pt\/alex-vens-comigo-pe-alexander-menningen-o-discipulo-mais-proximo-do-pe-kentenich\/"},"wordCount":1073,"publisher":{"@id":"https:\/\/schoenstatt.com\/pt-pt\/#organization"},"image":{"@id":"https:\/\/schoenstatt.com\/pt-pt\/alex-vens-comigo-pe-alexander-menningen-o-discipulo-mais-proximo-do-pe-kentenich\/#primaryimage"},"thumbnailUrl":"https:\/\/schoenstatt.com\/wp-content\/uploads\/2022\/05\/Menningen-1.png","articleSection":["Espiritualidade"],"inLanguage":"pt-PT"},{"@type":"WebPage","@id":"https:\/\/schoenstatt.com\/pt-pt\/alex-vens-comigo-pe-alexander-menningen-o-discipulo-mais-proximo-do-pe-kentenich\/","url":"https:\/\/schoenstatt.com\/pt-pt\/alex-vens-comigo-pe-alexander-menningen-o-discipulo-mais-proximo-do-pe-kentenich\/","name":"\"Alex, vens comigo?\" Pe. Alexander Menningen: o disc\u00edpulo mais pr\u00f3ximo do Pe. Kentenich. - Schoenstatt","isPartOf":{"@id":"https:\/\/schoenstatt.com\/pt-pt\/#website"},"primaryImageOfPage":{"@id":"https:\/\/schoenstatt.com\/pt-pt\/alex-vens-comigo-pe-alexander-menningen-o-discipulo-mais-proximo-do-pe-kentenich\/#primaryimage"},"image":{"@id":"https:\/\/schoenstatt.com\/pt-pt\/alex-vens-comigo-pe-alexander-menningen-o-discipulo-mais-proximo-do-pe-kentenich\/#primaryimage"},"thumbnailUrl":"https:\/\/schoenstatt.com\/wp-content\/uploads\/2022\/05\/Menningen-1.png","datePublished":"2022-05-25T08:17:21+00:00","dateModified":"2025-05-15T22:39:33+00:00","description":"O Pe. Alexander Menningen foi o mais pr\u00f3ximo colaborador e disc\u00edpulo do Pe. Kentenich. A sua fidelidade \u00e0 miss\u00e3o do fundador foi de grande import\u00e2ncia para a Obra de Schoenstatt..","breadcrumb":{"@id":"https:\/\/schoenstatt.com\/pt-pt\/alex-vens-comigo-pe-alexander-menningen-o-discipulo-mais-proximo-do-pe-kentenich\/#breadcrumb"},"inLanguage":"pt-PT","potentialAction":[{"@type":"ReadAction","target":["https:\/\/schoenstatt.com\/pt-pt\/alex-vens-comigo-pe-alexander-menningen-o-discipulo-mais-proximo-do-pe-kentenich\/"]}]},{"@type":"ImageObject","inLanguage":"pt-PT","@id":"https:\/\/schoenstatt.com\/pt-pt\/alex-vens-comigo-pe-alexander-menningen-o-discipulo-mais-proximo-do-pe-kentenich\/#primaryimage","url":"https:\/\/schoenstatt.com\/wp-content\/uploads\/2022\/05\/Menningen-1.png","contentUrl":"https:\/\/schoenstatt.com\/wp-content\/uploads\/2022\/05\/Menningen-1.png","width":353,"height":421,"caption":"Pe. Menningen"},{"@type":"BreadcrumbList","@id":"https:\/\/schoenstatt.com\/pt-pt\/alex-vens-comigo-pe-alexander-menningen-o-discipulo-mais-proximo-do-pe-kentenich\/#breadcrumb","itemListElement":[{"@type":"ListItem","position":1,"name":"Portada","item":"https:\/\/schoenstatt.com\/pt-pt\/home\/"},{"@type":"ListItem","position":2,"name":"\u00abAlex, vens comigo?\u00bb Pe. Alexander Menningen: o disc\u00edpulo mais pr\u00f3ximo do Pe. Kentenich."}]},{"@type":"WebSite","@id":"https:\/\/schoenstatt.com\/pt-pt\/#website","url":"https:\/\/schoenstatt.com\/pt-pt\/","name":"Schoenstatt","description":"Apostolic Movement","publisher":{"@id":"https:\/\/schoenstatt.com\/pt-pt\/#organization"},"potentialAction":[{"@type":"SearchAction","target":{"@type":"EntryPoint","urlTemplate":"https:\/\/schoenstatt.com\/pt-pt\/?s={search_term_string}"},"query-input":{"@type":"PropertyValueSpecification","valueRequired":true,"valueName":"search_term_string"}}],"inLanguage":"pt-PT"},{"@type":"Organization","@id":"https:\/\/schoenstatt.com\/pt-pt\/#organization","name":"Schoenstatt","url":"https:\/\/schoenstatt.com\/pt-pt\/","logo":{"@type":"ImageObject","inLanguage":"pt-PT","@id":"https:\/\/schoenstatt.com\/pt-pt\/#\/schema\/logo\/image\/","url":"https:\/\/schoenstatt.com\/wp-content\/uploads\/2025\/04\/logo-schoenstatt-white-696x696-1.png","contentUrl":"https:\/\/schoenstatt.com\/wp-content\/uploads\/2025\/04\/logo-schoenstatt-white-696x696-1.png","width":696,"height":694,"caption":"Schoenstatt"},"image":{"@id":"https:\/\/schoenstatt.com\/pt-pt\/#\/schema\/logo\/image\/"}},{"@type":"Person","@id":"https:\/\/schoenstatt.com\/pt-pt\/#\/schema\/person\/489465b1850e7b216fe2c10dfc262551","name":"admin","image":{"@type":"ImageObject","inLanguage":"pt-PT","@id":"https:\/\/secure.gravatar.com\/avatar\/02e8345e1ec40ab0e0a2a98fdde64a684bbaf994cddcb778b25b8b024ee9dfe6?s=96&d=mm&r=g","url":"https:\/\/secure.gravatar.com\/avatar\/02e8345e1ec40ab0e0a2a98fdde64a684bbaf994cddcb778b25b8b024ee9dfe6?s=96&d=mm&r=g","contentUrl":"https:\/\/secure.gravatar.com\/avatar\/02e8345e1ec40ab0e0a2a98fdde64a684bbaf994cddcb778b25b8b024ee9dfe6?s=96&d=mm&r=g","caption":"admin"},"sameAs":["https:\/\/schoenstatt.com"],"url":"https:\/\/schoenstatt.com\/pt-pt\/author\/admin\/"}]}},"_links":{"self":[{"href":"https:\/\/schoenstatt.com\/pt-pt\/wp-json\/wp\/v2\/posts\/51937","targetHints":{"allow":["GET"]}}],"collection":[{"href":"https:\/\/schoenstatt.com\/pt-pt\/wp-json\/wp\/v2\/posts"}],"about":[{"href":"https:\/\/schoenstatt.com\/pt-pt\/wp-json\/wp\/v2\/types\/post"}],"author":[{"embeddable":true,"href":"https:\/\/schoenstatt.com\/pt-pt\/wp-json\/wp\/v2\/users\/1"}],"replies":[{"embeddable":true,"href":"https:\/\/schoenstatt.com\/pt-pt\/wp-json\/wp\/v2\/comments?post=51937"}],"version-history":[{"count":1,"href":"https:\/\/schoenstatt.com\/pt-pt\/wp-json\/wp\/v2\/posts\/51937\/revisions"}],"predecessor-version":[{"id":52068,"href":"https:\/\/schoenstatt.com\/pt-pt\/wp-json\/wp\/v2\/posts\/51937\/revisions\/52068"}],"wp:featuredmedia":[{"embeddable":true,"href":"https:\/\/schoenstatt.com\/pt-pt\/wp-json\/wp\/v2\/media\/24902"}],"wp:attachment":[{"href":"https:\/\/schoenstatt.com\/pt-pt\/wp-json\/wp\/v2\/media?parent=51937"}],"wp:term":[{"taxonomy":"category","embeddable":true,"href":"https:\/\/schoenstatt.com\/pt-pt\/wp-json\/wp\/v2\/categories?post=51937"},{"taxonomy":"post_tag","embeddable":true,"href":"https:\/\/schoenstatt.com\/pt-pt\/wp-json\/wp\/v2\/tags?post=51937"}],"curies":[{"name":"wp","href":"https:\/\/api.w.org\/{rel}","templated":true}]}}