{"id":51925,"date":"2022-05-14T15:35:42","date_gmt":"2022-05-14T13:35:42","guid":{"rendered":"https:\/\/schoenstattdev.wpenginepowered.com\/?p=24793"},"modified":"2025-05-16T02:53:00","modified_gmt":"2025-05-16T00:53:00","slug":"papa-os-migrantes-nao-sao-invasores-a-sua-contribuicao-enriquece-a-sociedade","status":"publish","type":"post","link":"https:\/\/schoenstatt.com\/pt-pt\/papa-os-migrantes-nao-sao-invasores-a-sua-contribuicao-enriquece-a-sociedade\/","title":{"rendered":"Papa: os migrantes n\u00e3o s\u00e3o invasores, a sua contribui\u00e7\u00e3o enriquece a sociedade"},"content":{"rendered":"<p>No texto, o<a href=\"https:\/\/www.vaticannews.va\/pt.html\"> Pont\u00edfice<\/a> enaltece que o trabalho deles, a sua &#8220;capacidade de sacrif\u00edcio, juventude e entusiasmo enriquecem as comunidades que os acolhem&#8221;. Afinal, &#8220;a inclus\u00e3o das pessoas mais vulner\u00e1veis \u00e9 condi\u00e7\u00e3o necess\u00e1ria para o Reino de Deus&#8221;.<\/p>\n<p>Nem invasores, nem\u00a0 destruidores, nem usurpadores, mas trabalhadores dispostos, instrumentos para &#8220;conhecer melhor o mundo e a beleza da sua diversidade&#8221;, portadores de &#8220;din\u00e2micas revitalizantes e animadores de celebra\u00e7\u00f5es vibrantes&#8221; no caso dos cat\u00f3licos. \u00c9 um novo e sentido apelo para mudar a abordagem e a percep\u00e7\u00e3o dos &#8220;irm\u00e3os&#8221; migrantes, aquele do Papa na mensagem para o 108\u00ba Dia Mundial do <a href=\"https:\/\/schoenstattdev.wpenginepowered.com\/pt-pt\/sociedade\/solidariedade-em-meio-ao-horror-da-guerra-onde-esta-nosso-lar\/\">Migrante e do Refugiado<\/a>, que se celebra no pr\u00f3ximo dia 25 de setembro.<\/p>\n<p><img fetchpriority=\"high\" decoding=\"async\" class=\"aligncenter wp-image-24784 size-full\" src=\"https:\/\/schoenstatt.com\/wp-content\/uploads\/2022\/05\/Migrantes-4-1.png\" alt=\"Migrants\" width=\"696\" height=\"417\" \/><\/p>\n<h3>Um mundo com paz e dignidade<\/h3>\n<blockquote><p>&#8220;Construir o futuro com os migrantes e refugiados&#8221;\u00a0\u00e9 o t\u00edtulo do documento, assinado em S\u00e3o Jo\u00e3o de Latr\u00e3o em 9 de maio e apresentado nesta quinta-feira (12), no qual o Pont\u00edfice entrela\u00e7a a sua an\u00e1lise sobre o fen\u00f4meno migrat\u00f3rio &#8211; ainda atual e tornado ainda mais urgente pela guerra na Ucr\u00e2nia &#8211; com passagens b\u00edblicas dos Profetas e do Evangelho. A vis\u00e3o subjacente \u00e9 escatol\u00f3gica, o Reino de Deus, a &#8220;Nova Jerusal\u00e9m&#8221;, a morada de Deus e o objetivo da humanidade; o olhar \u00e9 sobre a atualidade, as &#8220;tribula\u00e7\u00f5es dos \u00faltimos tempos&#8221; que nos chamam a renovar o nosso compromisso para construir &#8220;um mundo onde todos possam viver em paz e dignidade&#8221;.<\/p><\/blockquote>\n<p><iframe title=\"Construir o futuro com os migrantes e os refugiados: um futuro a construir juntos\" width=\"800\" height=\"450\" src=\"https:\/\/www.youtube.com\/embed\/DozvLrURwpY?feature=oembed\" frameborder=\"0\" allow=\"accelerometer; autoplay; clipboard-write; encrypted-media; gyroscope; picture-in-picture; web-share\" referrerpolicy=\"strict-origin-when-cross-origin\" allowfullscreen><\/iframe><\/p>\n","protected":false},"excerpt":{"rendered":"<p>Divulgada nesta quinta-feira (12) a mensagem para o 108\u00ba Dia Mundial do Migrante e do Refugiado que ser\u00e1 celebrado em 25 de setembro.<\/p>\n","protected":false},"author":1,"featured_media":24779,"comment_status":"closed","ping_status":"closed","sticky":false,"template":"","format":"standard","meta":{"footnotes":""},"categories":[869,912],"tags":[],"class_list":["post-51925","post","type-post","status-publish","format-standard","has-post-thumbnail","hentry","category-paises-pt-pt","category-sociedade-pt-pt"],"yoast_head":"<!-- This site is optimized with the Yoast SEO Premium plugin v27.4 (Yoast SEO v27.5) - https:\/\/yoast.com\/product\/yoast-seo-premium-wordpress\/ -->\n<title>Papa: os migrantes n\u00e3o s\u00e3o invasores, a sua contribui\u00e7\u00e3o enriquece a sociedade - Schoenstatt<\/title>\n<meta name=\"description\" content=\"Divulgada nesta quinta-feira (12) a mensagem para o 108\u00ba Dia Mundial do Migrante e do Refugiado que ser\u00e1 celebrado em 25 de setembro.\" \/>\n<meta name=\"robots\" content=\"index, follow, max-snippet:-1, max-image-preview:large, max-video-preview:-1\" \/>\n<link rel=\"canonical\" href=\"https:\/\/schoenstatt.com\/pt-pt\/papa-os-migrantes-nao-sao-invasores-a-sua-contribuicao-enriquece-a-sociedade\/\" \/>\n<meta property=\"og:locale\" content=\"pt_PT\" \/>\n<meta property=\"og:type\" content=\"article\" \/>\n<meta property=\"og:title\" content=\"Papa: os migrantes n\u00e3o s\u00e3o invasores, a sua contribui\u00e7\u00e3o enriquece a sociedade\" \/>\n<meta property=\"og:description\" content=\"Divulgada nesta quinta-feira (12) a mensagem para o 108\u00ba Dia Mundial do Migrante e do Refugiado que ser\u00e1 celebrado em 25 de setembro.\" \/>\n<meta property=\"og:url\" content=\"https:\/\/schoenstatt.com\/pt-pt\/papa-os-migrantes-nao-sao-invasores-a-sua-contribuicao-enriquece-a-sociedade\/\" \/>\n<meta property=\"og:site_name\" content=\"Schoenstatt\" \/>\n<meta property=\"article:published_time\" content=\"2022-05-14T13:35:42+00:00\" \/>\n<meta property=\"article:modified_time\" content=\"2025-05-16T00:53:00+00:00\" \/>\n<meta property=\"og:image\" content=\"https:\/\/schoenstatt.com\/wp-content\/uploads\/2022\/05\/Refugiados-1.png\" \/>\n\t<meta property=\"og:image:width\" content=\"749\" \/>\n\t<meta property=\"og:image:height\" content=\"364\" \/>\n\t<meta property=\"og:image:type\" content=\"image\/png\" \/>\n<meta name=\"author\" content=\"admin\" \/>\n<meta name=\"twitter:card\" content=\"summary_large_image\" \/>\n<meta name=\"twitter:label1\" content=\"Escrito por\" \/>\n\t<meta name=\"twitter:data1\" content=\"admin\" \/>\n\t<meta name=\"twitter:label2\" content=\"Tempo estimado de leitura\" \/>\n\t<meta name=\"twitter:data2\" content=\"2 minutos\" \/>\n<script type=\"application\/ld+json\" class=\"yoast-schema-graph\">{\"@context\":\"https:\\\/\\\/schema.org\",\"@graph\":[{\"@type\":\"Article\",\"@id\":\"https:\\\/\\\/schoenstatt.com\\\/pt-pt\\\/papa-os-migrantes-nao-sao-invasores-a-sua-contribuicao-enriquece-a-sociedade\\\/#article\",\"isPartOf\":{\"@id\":\"https:\\\/\\\/schoenstatt.com\\\/pt-pt\\\/papa-os-migrantes-nao-sao-invasores-a-sua-contribuicao-enriquece-a-sociedade\\\/\"},\"author\":{\"name\":\"admin\",\"@id\":\"https:\\\/\\\/schoenstatt.com\\\/pt-pt\\\/#\\\/schema\\\/person\\\/489465b1850e7b216fe2c10dfc262551\"},\"headline\":\"Papa: os migrantes n\u00e3o s\u00e3o invasores, a sua contribui\u00e7\u00e3o enriquece a sociedade\",\"datePublished\":\"2022-05-14T13:35:42+00:00\",\"dateModified\":\"2025-05-16T00:53:00+00:00\",\"mainEntityOfPage\":{\"@id\":\"https:\\\/\\\/schoenstatt.com\\\/pt-pt\\\/papa-os-migrantes-nao-sao-invasores-a-sua-contribuicao-enriquece-a-sociedade\\\/\"},\"wordCount\":268,\"publisher\":{\"@id\":\"https:\\\/\\\/schoenstatt.com\\\/pt-pt\\\/#organization\"},\"image\":{\"@id\":\"https:\\\/\\\/schoenstatt.com\\\/pt-pt\\\/papa-os-migrantes-nao-sao-invasores-a-sua-contribuicao-enriquece-a-sociedade\\\/#primaryimage\"},\"thumbnailUrl\":\"https:\\\/\\\/schoenstatt.com\\\/wp-content\\\/uploads\\\/2022\\\/05\\\/Refugiados-1.png\",\"articleSection\":[\"Pa\u00edses\",\"Sociedade\"],\"inLanguage\":\"pt-PT\"},{\"@type\":\"WebPage\",\"@id\":\"https:\\\/\\\/schoenstatt.com\\\/pt-pt\\\/papa-os-migrantes-nao-sao-invasores-a-sua-contribuicao-enriquece-a-sociedade\\\/\",\"url\":\"https:\\\/\\\/schoenstatt.com\\\/pt-pt\\\/papa-os-migrantes-nao-sao-invasores-a-sua-contribuicao-enriquece-a-sociedade\\\/\",\"name\":\"Papa: os migrantes n\u00e3o s\u00e3o invasores, a sua contribui\u00e7\u00e3o enriquece a sociedade - Schoenstatt\",\"isPartOf\":{\"@id\":\"https:\\\/\\\/schoenstatt.com\\\/pt-pt\\\/#website\"},\"primaryImageOfPage\":{\"@id\":\"https:\\\/\\\/schoenstatt.com\\\/pt-pt\\\/papa-os-migrantes-nao-sao-invasores-a-sua-contribuicao-enriquece-a-sociedade\\\/#primaryimage\"},\"image\":{\"@id\":\"https:\\\/\\\/schoenstatt.com\\\/pt-pt\\\/papa-os-migrantes-nao-sao-invasores-a-sua-contribuicao-enriquece-a-sociedade\\\/#primaryimage\"},\"thumbnailUrl\":\"https:\\\/\\\/schoenstatt.com\\\/wp-content\\\/uploads\\\/2022\\\/05\\\/Refugiados-1.png\",\"datePublished\":\"2022-05-14T13:35:42+00:00\",\"dateModified\":\"2025-05-16T00:53:00+00:00\",\"description\":\"Divulgada nesta quinta-feira (12) a mensagem para o 108\u00ba Dia Mundial do Migrante e do Refugiado que ser\u00e1 celebrado em 25 de setembro.\",\"breadcrumb\":{\"@id\":\"https:\\\/\\\/schoenstatt.com\\\/pt-pt\\\/papa-os-migrantes-nao-sao-invasores-a-sua-contribuicao-enriquece-a-sociedade\\\/#breadcrumb\"},\"inLanguage\":\"pt-PT\",\"potentialAction\":[{\"@type\":\"ReadAction\",\"target\":[\"https:\\\/\\\/schoenstatt.com\\\/pt-pt\\\/papa-os-migrantes-nao-sao-invasores-a-sua-contribuicao-enriquece-a-sociedade\\\/\"]}]},{\"@type\":\"ImageObject\",\"inLanguage\":\"pt-PT\",\"@id\":\"https:\\\/\\\/schoenstatt.com\\\/pt-pt\\\/papa-os-migrantes-nao-sao-invasores-a-sua-contribuicao-enriquece-a-sociedade\\\/#primaryimage\",\"url\":\"https:\\\/\\\/schoenstatt.com\\\/wp-content\\\/uploads\\\/2022\\\/05\\\/Refugiados-1.png\",\"contentUrl\":\"https:\\\/\\\/schoenstatt.com\\\/wp-content\\\/uploads\\\/2022\\\/05\\\/Refugiados-1.png\",\"width\":749,\"height\":364,\"caption\":\"Reino de Deus\"},{\"@type\":\"BreadcrumbList\",\"@id\":\"https:\\\/\\\/schoenstatt.com\\\/pt-pt\\\/papa-os-migrantes-nao-sao-invasores-a-sua-contribuicao-enriquece-a-sociedade\\\/#breadcrumb\",\"itemListElement\":[{\"@type\":\"ListItem\",\"position\":1,\"name\":\"Portada\",\"item\":\"https:\\\/\\\/schoenstatt.com\\\/pt-pt\\\/home\\\/\"},{\"@type\":\"ListItem\",\"position\":2,\"name\":\"Papa: os migrantes n\u00e3o s\u00e3o invasores, a sua contribui\u00e7\u00e3o enriquece a sociedade\"}]},{\"@type\":\"WebSite\",\"@id\":\"https:\\\/\\\/schoenstatt.com\\\/pt-pt\\\/#website\",\"url\":\"https:\\\/\\\/schoenstatt.com\\\/pt-pt\\\/\",\"name\":\"Schoenstatt\",\"description\":\"Apostolic Movement\",\"publisher\":{\"@id\":\"https:\\\/\\\/schoenstatt.com\\\/pt-pt\\\/#organization\"},\"potentialAction\":[{\"@type\":\"SearchAction\",\"target\":{\"@type\":\"EntryPoint\",\"urlTemplate\":\"https:\\\/\\\/schoenstatt.com\\\/pt-pt\\\/?s={search_term_string}\"},\"query-input\":{\"@type\":\"PropertyValueSpecification\",\"valueRequired\":true,\"valueName\":\"search_term_string\"}}],\"inLanguage\":\"pt-PT\"},{\"@type\":\"Organization\",\"@id\":\"https:\\\/\\\/schoenstatt.com\\\/pt-pt\\\/#organization\",\"name\":\"Schoenstatt\",\"url\":\"https:\\\/\\\/schoenstatt.com\\\/pt-pt\\\/\",\"logo\":{\"@type\":\"ImageObject\",\"inLanguage\":\"pt-PT\",\"@id\":\"https:\\\/\\\/schoenstatt.com\\\/pt-pt\\\/#\\\/schema\\\/logo\\\/image\\\/\",\"url\":\"https:\\\/\\\/schoenstatt.com\\\/wp-content\\\/uploads\\\/2025\\\/04\\\/logo-schoenstatt-white-696x696-1.png\",\"contentUrl\":\"https:\\\/\\\/schoenstatt.com\\\/wp-content\\\/uploads\\\/2025\\\/04\\\/logo-schoenstatt-white-696x696-1.png\",\"width\":696,\"height\":694,\"caption\":\"Schoenstatt\"},\"image\":{\"@id\":\"https:\\\/\\\/schoenstatt.com\\\/pt-pt\\\/#\\\/schema\\\/logo\\\/image\\\/\"}},{\"@type\":\"Person\",\"@id\":\"https:\\\/\\\/schoenstatt.com\\\/pt-pt\\\/#\\\/schema\\\/person\\\/489465b1850e7b216fe2c10dfc262551\",\"name\":\"admin\",\"image\":{\"@type\":\"ImageObject\",\"inLanguage\":\"pt-PT\",\"@id\":\"https:\\\/\\\/secure.gravatar.com\\\/avatar\\\/02e8345e1ec40ab0e0a2a98fdde64a684bbaf994cddcb778b25b8b024ee9dfe6?s=96&d=mm&r=g\",\"url\":\"https:\\\/\\\/secure.gravatar.com\\\/avatar\\\/02e8345e1ec40ab0e0a2a98fdde64a684bbaf994cddcb778b25b8b024ee9dfe6?s=96&d=mm&r=g\",\"contentUrl\":\"https:\\\/\\\/secure.gravatar.com\\\/avatar\\\/02e8345e1ec40ab0e0a2a98fdde64a684bbaf994cddcb778b25b8b024ee9dfe6?s=96&d=mm&r=g\",\"caption\":\"admin\"},\"sameAs\":[\"https:\\\/\\\/schoenstatt.com\"],\"url\":\"https:\\\/\\\/schoenstatt.com\\\/pt-pt\\\/author\\\/admin\\\/\"}]}<\/script>\n<!-- \/ Yoast SEO Premium plugin. -->","yoast_head_json":{"title":"Papa: os migrantes n\u00e3o s\u00e3o invasores, a sua contribui\u00e7\u00e3o enriquece a sociedade - Schoenstatt","description":"Divulgada nesta quinta-feira (12) a mensagem para o 108\u00ba Dia Mundial do Migrante e do Refugiado que ser\u00e1 celebrado em 25 de setembro.","robots":{"index":"index","follow":"follow","max-snippet":"max-snippet:-1","max-image-preview":"max-image-preview:large","max-video-preview":"max-video-preview:-1"},"canonical":"https:\/\/schoenstatt.com\/pt-pt\/papa-os-migrantes-nao-sao-invasores-a-sua-contribuicao-enriquece-a-sociedade\/","og_locale":"pt_PT","og_type":"article","og_title":"Papa: os migrantes n\u00e3o s\u00e3o invasores, a sua contribui\u00e7\u00e3o enriquece a sociedade","og_description":"Divulgada nesta quinta-feira (12) a mensagem para o 108\u00ba Dia Mundial do Migrante e do Refugiado que ser\u00e1 celebrado em 25 de setembro.","og_url":"https:\/\/schoenstatt.com\/pt-pt\/papa-os-migrantes-nao-sao-invasores-a-sua-contribuicao-enriquece-a-sociedade\/","og_site_name":"Schoenstatt","article_published_time":"2022-05-14T13:35:42+00:00","article_modified_time":"2025-05-16T00:53:00+00:00","og_image":[{"width":749,"height":364,"url":"https:\/\/schoenstatt.com\/wp-content\/uploads\/2022\/05\/Refugiados-1.png","type":"image\/png"}],"author":"admin","twitter_card":"summary_large_image","twitter_misc":{"Escrito por":"admin","Tempo estimado de leitura":"2 minutos"},"schema":{"@context":"https:\/\/schema.org","@graph":[{"@type":"Article","@id":"https:\/\/schoenstatt.com\/pt-pt\/papa-os-migrantes-nao-sao-invasores-a-sua-contribuicao-enriquece-a-sociedade\/#article","isPartOf":{"@id":"https:\/\/schoenstatt.com\/pt-pt\/papa-os-migrantes-nao-sao-invasores-a-sua-contribuicao-enriquece-a-sociedade\/"},"author":{"name":"admin","@id":"https:\/\/schoenstatt.com\/pt-pt\/#\/schema\/person\/489465b1850e7b216fe2c10dfc262551"},"headline":"Papa: os migrantes n\u00e3o s\u00e3o invasores, a sua contribui\u00e7\u00e3o enriquece a sociedade","datePublished":"2022-05-14T13:35:42+00:00","dateModified":"2025-05-16T00:53:00+00:00","mainEntityOfPage":{"@id":"https:\/\/schoenstatt.com\/pt-pt\/papa-os-migrantes-nao-sao-invasores-a-sua-contribuicao-enriquece-a-sociedade\/"},"wordCount":268,"publisher":{"@id":"https:\/\/schoenstatt.com\/pt-pt\/#organization"},"image":{"@id":"https:\/\/schoenstatt.com\/pt-pt\/papa-os-migrantes-nao-sao-invasores-a-sua-contribuicao-enriquece-a-sociedade\/#primaryimage"},"thumbnailUrl":"https:\/\/schoenstatt.com\/wp-content\/uploads\/2022\/05\/Refugiados-1.png","articleSection":["Pa\u00edses","Sociedade"],"inLanguage":"pt-PT"},{"@type":"WebPage","@id":"https:\/\/schoenstatt.com\/pt-pt\/papa-os-migrantes-nao-sao-invasores-a-sua-contribuicao-enriquece-a-sociedade\/","url":"https:\/\/schoenstatt.com\/pt-pt\/papa-os-migrantes-nao-sao-invasores-a-sua-contribuicao-enriquece-a-sociedade\/","name":"Papa: os migrantes n\u00e3o s\u00e3o invasores, a sua contribui\u00e7\u00e3o enriquece a sociedade - Schoenstatt","isPartOf":{"@id":"https:\/\/schoenstatt.com\/pt-pt\/#website"},"primaryImageOfPage":{"@id":"https:\/\/schoenstatt.com\/pt-pt\/papa-os-migrantes-nao-sao-invasores-a-sua-contribuicao-enriquece-a-sociedade\/#primaryimage"},"image":{"@id":"https:\/\/schoenstatt.com\/pt-pt\/papa-os-migrantes-nao-sao-invasores-a-sua-contribuicao-enriquece-a-sociedade\/#primaryimage"},"thumbnailUrl":"https:\/\/schoenstatt.com\/wp-content\/uploads\/2022\/05\/Refugiados-1.png","datePublished":"2022-05-14T13:35:42+00:00","dateModified":"2025-05-16T00:53:00+00:00","description":"Divulgada nesta quinta-feira (12) a mensagem para o 108\u00ba Dia Mundial do Migrante e do Refugiado que ser\u00e1 celebrado em 25 de setembro.","breadcrumb":{"@id":"https:\/\/schoenstatt.com\/pt-pt\/papa-os-migrantes-nao-sao-invasores-a-sua-contribuicao-enriquece-a-sociedade\/#breadcrumb"},"inLanguage":"pt-PT","potentialAction":[{"@type":"ReadAction","target":["https:\/\/schoenstatt.com\/pt-pt\/papa-os-migrantes-nao-sao-invasores-a-sua-contribuicao-enriquece-a-sociedade\/"]}]},{"@type":"ImageObject","inLanguage":"pt-PT","@id":"https:\/\/schoenstatt.com\/pt-pt\/papa-os-migrantes-nao-sao-invasores-a-sua-contribuicao-enriquece-a-sociedade\/#primaryimage","url":"https:\/\/schoenstatt.com\/wp-content\/uploads\/2022\/05\/Refugiados-1.png","contentUrl":"https:\/\/schoenstatt.com\/wp-content\/uploads\/2022\/05\/Refugiados-1.png","width":749,"height":364,"caption":"Reino de Deus"},{"@type":"BreadcrumbList","@id":"https:\/\/schoenstatt.com\/pt-pt\/papa-os-migrantes-nao-sao-invasores-a-sua-contribuicao-enriquece-a-sociedade\/#breadcrumb","itemListElement":[{"@type":"ListItem","position":1,"name":"Portada","item":"https:\/\/schoenstatt.com\/pt-pt\/home\/"},{"@type":"ListItem","position":2,"name":"Papa: os migrantes n\u00e3o s\u00e3o invasores, a sua contribui\u00e7\u00e3o enriquece a sociedade"}]},{"@type":"WebSite","@id":"https:\/\/schoenstatt.com\/pt-pt\/#website","url":"https:\/\/schoenstatt.com\/pt-pt\/","name":"Schoenstatt","description":"Apostolic Movement","publisher":{"@id":"https:\/\/schoenstatt.com\/pt-pt\/#organization"},"potentialAction":[{"@type":"SearchAction","target":{"@type":"EntryPoint","urlTemplate":"https:\/\/schoenstatt.com\/pt-pt\/?s={search_term_string}"},"query-input":{"@type":"PropertyValueSpecification","valueRequired":true,"valueName":"search_term_string"}}],"inLanguage":"pt-PT"},{"@type":"Organization","@id":"https:\/\/schoenstatt.com\/pt-pt\/#organization","name":"Schoenstatt","url":"https:\/\/schoenstatt.com\/pt-pt\/","logo":{"@type":"ImageObject","inLanguage":"pt-PT","@id":"https:\/\/schoenstatt.com\/pt-pt\/#\/schema\/logo\/image\/","url":"https:\/\/schoenstatt.com\/wp-content\/uploads\/2025\/04\/logo-schoenstatt-white-696x696-1.png","contentUrl":"https:\/\/schoenstatt.com\/wp-content\/uploads\/2025\/04\/logo-schoenstatt-white-696x696-1.png","width":696,"height":694,"caption":"Schoenstatt"},"image":{"@id":"https:\/\/schoenstatt.com\/pt-pt\/#\/schema\/logo\/image\/"}},{"@type":"Person","@id":"https:\/\/schoenstatt.com\/pt-pt\/#\/schema\/person\/489465b1850e7b216fe2c10dfc262551","name":"admin","image":{"@type":"ImageObject","inLanguage":"pt-PT","@id":"https:\/\/secure.gravatar.com\/avatar\/02e8345e1ec40ab0e0a2a98fdde64a684bbaf994cddcb778b25b8b024ee9dfe6?s=96&d=mm&r=g","url":"https:\/\/secure.gravatar.com\/avatar\/02e8345e1ec40ab0e0a2a98fdde64a684bbaf994cddcb778b25b8b024ee9dfe6?s=96&d=mm&r=g","contentUrl":"https:\/\/secure.gravatar.com\/avatar\/02e8345e1ec40ab0e0a2a98fdde64a684bbaf994cddcb778b25b8b024ee9dfe6?s=96&d=mm&r=g","caption":"admin"},"sameAs":["https:\/\/schoenstatt.com"],"url":"https:\/\/schoenstatt.com\/pt-pt\/author\/admin\/"}]}},"_links":{"self":[{"href":"https:\/\/schoenstatt.com\/pt-pt\/wp-json\/wp\/v2\/posts\/51925","targetHints":{"allow":["GET"]}}],"collection":[{"href":"https:\/\/schoenstatt.com\/pt-pt\/wp-json\/wp\/v2\/posts"}],"about":[{"href":"https:\/\/schoenstatt.com\/pt-pt\/wp-json\/wp\/v2\/types\/post"}],"author":[{"embeddable":true,"href":"https:\/\/schoenstatt.com\/pt-pt\/wp-json\/wp\/v2\/users\/1"}],"replies":[{"embeddable":true,"href":"https:\/\/schoenstatt.com\/pt-pt\/wp-json\/wp\/v2\/comments?post=51925"}],"version-history":[{"count":1,"href":"https:\/\/schoenstatt.com\/pt-pt\/wp-json\/wp\/v2\/posts\/51925\/revisions"}],"predecessor-version":[{"id":52023,"href":"https:\/\/schoenstatt.com\/pt-pt\/wp-json\/wp\/v2\/posts\/51925\/revisions\/52023"}],"wp:featuredmedia":[{"embeddable":true,"href":"https:\/\/schoenstatt.com\/pt-pt\/wp-json\/wp\/v2\/media\/24779"}],"wp:attachment":[{"href":"https:\/\/schoenstatt.com\/pt-pt\/wp-json\/wp\/v2\/media?parent=51925"}],"wp:term":[{"taxonomy":"category","embeddable":true,"href":"https:\/\/schoenstatt.com\/pt-pt\/wp-json\/wp\/v2\/categories?post=51925"},{"taxonomy":"post_tag","embeddable":true,"href":"https:\/\/schoenstatt.com\/pt-pt\/wp-json\/wp\/v2\/tags?post=51925"}],"curies":[{"name":"wp","href":"https:\/\/api.w.org\/{rel}","templated":true}]}}