{"id":51765,"date":"2022-06-25T15:15:23","date_gmt":"2022-06-25T13:15:23","guid":{"rendered":"https:\/\/schoenstattdev.wpenginepowered.com\/?p=25813"},"modified":"2025-05-16T00:39:24","modified_gmt":"2025-05-15T22:39:24","slug":"decimo-encontro-mundial-das-familias-o-casamento-e-dificil-e-precioso","status":"publish","type":"post","link":"https:\/\/schoenstatt.com\/pt-pt\/decimo-encontro-mundial-das-familias-o-casamento-e-dificil-e-precioso\/","title":{"rendered":"D\u00e9cimo Encontro Mundial das Fam\u00edlias: O casamento \u00e9 dif\u00edcil e precioso."},"content":{"rendered":"<p>O D\u00e9cimo Encontro Mundial das Fam\u00edlias est\u00e1 sediado nas dioceses do mundo e no Vaticano, como centro principal, embora de forma muito reduzida, por motivos da pandemia de Covid. O evento vai de 22 a 26 de junho, e na primeira tarde, contou com a presen\u00e7a do Papa Francisco, quem inspirou aos participantes, tanto presenciais quanto virtuais, a aprofundar os v\u00ednculos matrimoniais e a viver de forma heroica os valores crist\u00e3os da fam\u00edlia.<\/p>\n<p>O evento consiste em v\u00e1rias confer\u00eancias, ministradas em diferentes idiomas, geralmente por casais, abrangendo a mais variada realidade que comp\u00f5e a vida conjugal e familiar.<\/p>\n<figure id=\"attachment_25770\" aria-describedby=\"caption-attachment-25770\" style=\"width: 840px\" class=\"wp-caption aligncenter\"><img fetchpriority=\"high\" decoding=\"async\" class=\"size-large wp-image-25773\" src=\"https:\/\/schoenstatt.com\/wp-content\/uploads\/2022\/06\/Schoenstattianos-con-Cardenal-Farrel-1.jpg\" alt=\"Encuentro de las familias\" width=\"840\" height=\"560\" \/><figcaption id=\"caption-attachment-25770\" class=\"wp-caption-text\">Foto: Martin Soros<\/figcaption><\/figure>\n<h3>Acompanhamento<\/h3>\n<p>Uma das apresenta\u00e7\u00f5es foi feita por Eduardo de la Paz e M\u00f3nica Gonz\u00e1lez, da Espanha, que abordaram o tema \u201c<em><strong>Acompanhamento nos primeiros anos de casamento<\/strong><\/em>\u201d. Eles come\u00e7aram sua contribui\u00e7\u00e3o expressando que desde o casamento &#8220;foram cerca de sete anos cheios de dificuldades, mas tamb\u00e9m de alegrias e encontros preciosos&#8221;. E caso sua perspectiva sobre a dualidade da vida conjugal n\u00e3o fosse clara, eles expressaram estar &#8220;convencidos de que o que nos espera \u00e9 incrivelmente bonito, sabendo tamb\u00e9m que vir\u00e3o testes que superaremos juntos&#8221;.<\/p>\n<blockquote><p>&#8220;Mas isso nem sempre foi assim&#8221;, eles continuam. \u201cFizemos os cursos pr\u00e9-matrimoniais, sab\u00edamos de tudo&#8230; bem, foi o que pensamos&#8230; Preparamos a cerim\u00f4nia com muito carinho e tivemos um casamento lindo e uma lua de mel muito divertida&#8230; e depois disso voltamos para casa&#8230; e encontramos com a realidade. A conviv\u00eancia com o outro, estar longe de casa, assumir novas tarefas e responsabilidades, chegar a acordos&#8230; tampas de gel abertas, m\u00e1quinas de lavar, roupas no ch\u00e3o, decidir se vai usar guardanapos de papel ou de pano e um longo etc&#8230; definitivamente&#8230; criar um &#8216;n\u00f3s&#8217;.\u201d.<\/p><\/blockquote>\n<p>E assim expressam seu despertar para a dura realidade do casamento: \u201cPouco a pouco fomos percebendo que a vida cotidiana exigiria esfor\u00e7os, ren\u00fancias e sacrif\u00edcios. E ent\u00e3o&#8230; nos encontramos sozinhos.\u201d.<\/p>\n<h3>Casamentos crist\u00e3os em meio a um mundo vazio<\/h3>\n<p>E ent\u00e3o eles colocam seu relacionamento no contexto social do mundo: \u201cNestes tempos, os casais se casam em uma sociedade hedonista, individualista e relativista, onde nos s\u00e3o transmitidas ideias sobre relacionamentos amorosos, sexualidade, dinheiro, prazer que em in\u00fameras ocasi\u00f5es atentam contra a dignidade do matrim\u00f4nio e da fam\u00edlia. Hoje, mais do que nunca, precisamos de luz e esperan\u00e7a. N\u00e3o queremos ser um casamento mundano, de acordo com as modas do momento, queremos ser o casamento que Deus planejou para n\u00f3s, e n\u00e3o podemos fazer isso sozinhos. Precisamos da nossa M\u00e3e Igreja, que acolhe, ilumina e acompanha\u201d.<\/p>\n<h3>Amoris laetitia, cap\u00edtulo 6<\/h3>\n<p>Em seguida, d\u00e3o os sinais para que, como Igreja, o acompanhamento dos jovens casais seja levado a s\u00e9rio: \u201cAgradecemos ao Santo Padre a preocupa\u00e7\u00e3o com o acompanhamento nos primeiros anos de casamento, dedicando uma se\u00e7\u00e3o inteira do cap\u00edtulo seis de Amoris Laetitia. No n\u00famero 217, o Papa Francisco indica que \u2018torna-se essencial acompanhar os primeiros anos de vida conjugal para enriquecer e aprofundar a decis\u00e3o consciente e livre de pertencer-se e amar-se at\u00e9 o fim\u2019.\u201d.<\/p>\n<p>E concluem: &#8220;Agradecemos ao Papa Francisco e ao Dicast\u00e9rio para os Leigos, a Fam\u00edlia e a Vida pela recente publica\u00e7\u00e3o de \u2018Itiner\u00e1rios Catecumenais para a vida matrimonial\u2019, um documento que responde \u00e0s necessidades dos noivos e jovens casais, para uma renova\u00e7\u00e3o pastoral na vida conjugal\u201d.<\/p>\n<p>Edu e M\u00f3nica encontraram um acompanhamento profundo no grupo \u201cFamilyRock\u201d.<\/p>\n<h3>Temas que cobrem um amplo espectro da vida familiar<\/h3>\n<p>O Encontro trata das mais variadas experi\u00eancias da vida familiar, como Centrar a fam\u00edlia em Cristo, com Sandrine e Guillaume Haudebourg; Transmitindo a f\u00e9 aos jovens de hoje, com Massimo e Patrizia Paloni; Redes sociais: um ambiente para nossas crian\u00e7as?, com Gustavo Huguenin e Fab\u00edola Goulart; Entre os migrantes, com Isabelle Vanceulebroeck e Fran\u00e7ois Delooz; Voca\u00e7\u00e3o e miss\u00e3o nas periferias existenciais: nos v\u00edcios, com Mar\u00eda Paula Casanova e Valerio Santoro; Sempre acolher a vida a nascer, com Gian Luigi De Palo e Anna Chiara Gambini.<\/p>\n<figure id=\"attachment_25769\" aria-describedby=\"caption-attachment-25769\" style=\"width: 840px\" class=\"wp-caption aligncenter\"><img decoding=\"async\" class=\"wp-image-25769 size-large\" src=\"https:\/\/schoenstatt.com\/wp-content\/uploads\/2022\/06\/Sala-Paulo-VI-II-1.jpg\" alt=\"O Encontro Mundial das Fam\u00edlias\" width=\"840\" height=\"560\" \/><figcaption id=\"caption-attachment-25769\" class=\"wp-caption-text\">Foto: Martin Soros<\/figcaption><\/figure>\n<h3>Schoenstatt presente<\/h3>\n<p>Participam do encontro 26 membros da Fam\u00edlia de Schoenstatt, como representantes de confer\u00eancias episcopais e de outros lugares da Igreja. Est\u00e1 sendo produzido um v\u00eddeo no qual esses membros expressam sua experi\u00eancia deste evento em 15 segundos cada, para compartilhar suas experi\u00eancias com a Fam\u00edlia de Schoenstatt no mundo.<\/p>\n<p>Uma contribui\u00e7\u00e3o de Schoenstatt \u00e9 a Pastoral da Esperan\u00e7a, com o t\u00edtulo &#8220;Acompanhamento espiritual para novas uni\u00f5es&#8221;, com Stella e V\u00edctor Dom\u00ednguez Acosta, do Paraguai, na qual cobrem o apostolado com a inclus\u00e3o no seio da Igreja de pessoas separadas e vivendo em nova uni\u00e3o.<\/p>\n<p>Nas redes sociais de Schoenstatt Internacional, as experi\u00eancias do Encontro s\u00e3o compartilhadas por meio de fotos e outros meios.<\/p>\n<p>Mais informa\u00e7\u00f5es sobre o Encontro Mundial das Fam\u00edlias podem ser acessadas em:\u00a0<a href=\"http:\/\/www.romefamily2022.com\">\u00a0www.romefamily2022.com<\/a>\u00a0\u00a0y de <a href=\"http:\/\/www.laityfamilylife.va\/\">www.laityfamilylife.va<\/a><\/p>\n","protected":false},"excerpt":{"rendered":"<p>Uma das apresenta\u00e7\u00f5es foi feita por Eduardo de la Paz e M\u00f3nica Gonz\u00e1lez, da Espanha, que abordaram o tema \u201cAcompanhamento nos primeiros anos de casamento\u201d<\/p>\n","protected":false},"author":1,"featured_media":25762,"comment_status":"closed","ping_status":"closed","sticky":false,"template":"","format":"standard","meta":{"footnotes":""},"categories":[916,876],"tags":[],"class_list":["post-51765","post","type-post","status-publish","format-standard","has-post-thumbnail","hentry","category-espiritualidade-pt-pt","category-familia-pt-pt"],"yoast_head":"<!-- This site is optimized with the Yoast SEO Premium plugin v27.4 (Yoast SEO v27.5) - https:\/\/yoast.com\/product\/yoast-seo-premium-wordpress\/ -->\n<title>D\u00e9cimo Encontro Mundial das Fam\u00edlias: O casamento \u00e9 dif\u00edcil e precioso. - Schoenstatt<\/title>\n<meta name=\"description\" content=\"O Encontro Mundial das Fam\u00edlias \u00e9 realizado nas dioceses e no Vaticano, embora de uma forma muito reduzida, devido \u00e0 pandemia.\" \/>\n<meta name=\"robots\" content=\"index, follow, max-snippet:-1, max-image-preview:large, max-video-preview:-1\" \/>\n<link rel=\"canonical\" href=\"https:\/\/schoenstatt.com\/pt-pt\/decimo-encontro-mundial-das-familias-o-casamento-e-dificil-e-precioso\/\" \/>\n<meta property=\"og:locale\" content=\"pt_PT\" \/>\n<meta property=\"og:type\" content=\"article\" \/>\n<meta property=\"og:title\" content=\"D\u00e9cimo Encontro Mundial das Fam\u00edlias: O casamento \u00e9 dif\u00edcil e precioso.\" \/>\n<meta property=\"og:description\" content=\"O Encontro Mundial das Fam\u00edlias \u00e9 realizado nas dioceses e no Vaticano, embora de uma forma muito reduzida, devido \u00e0 pandemia.\" \/>\n<meta property=\"og:url\" content=\"https:\/\/schoenstatt.com\/pt-pt\/decimo-encontro-mundial-das-familias-o-casamento-e-dificil-e-precioso\/\" \/>\n<meta property=\"og:site_name\" content=\"Schoenstatt\" \/>\n<meta property=\"article:published_time\" content=\"2022-06-25T13:15:23+00:00\" \/>\n<meta property=\"article:modified_time\" content=\"2025-05-15T22:39:24+00:00\" \/>\n<meta property=\"og:image\" content=\"https:\/\/schoenstatt.com\/wp-content\/uploads\/2022\/06\/Alunos-schoenstattianos-en-el-encuentro-1.jpg\" \/>\n\t<meta property=\"og:image:width\" content=\"2048\" \/>\n\t<meta property=\"og:image:height\" content=\"1365\" \/>\n\t<meta property=\"og:image:type\" content=\"image\/jpeg\" \/>\n<meta name=\"author\" content=\"admin\" \/>\n<meta name=\"twitter:card\" content=\"summary_large_image\" \/>\n<meta name=\"twitter:label1\" content=\"Escrito por\" \/>\n\t<meta name=\"twitter:data1\" content=\"admin\" \/>\n\t<meta name=\"twitter:label2\" content=\"Tempo estimado de leitura\" \/>\n\t<meta name=\"twitter:data2\" content=\"4 minutos\" \/>\n<script type=\"application\/ld+json\" class=\"yoast-schema-graph\">{\"@context\":\"https:\\\/\\\/schema.org\",\"@graph\":[{\"@type\":\"Article\",\"@id\":\"https:\\\/\\\/schoenstatt.com\\\/pt-pt\\\/decimo-encontro-mundial-das-familias-o-casamento-e-dificil-e-precioso\\\/#article\",\"isPartOf\":{\"@id\":\"https:\\\/\\\/schoenstatt.com\\\/pt-pt\\\/decimo-encontro-mundial-das-familias-o-casamento-e-dificil-e-precioso\\\/\"},\"author\":{\"name\":\"admin\",\"@id\":\"https:\\\/\\\/schoenstatt.com\\\/pt-pt\\\/#\\\/schema\\\/person\\\/489465b1850e7b216fe2c10dfc262551\"},\"headline\":\"D\u00e9cimo Encontro Mundial das Fam\u00edlias: O casamento \u00e9 dif\u00edcil e precioso.\",\"datePublished\":\"2022-06-25T13:15:23+00:00\",\"dateModified\":\"2025-05-15T22:39:24+00:00\",\"mainEntityOfPage\":{\"@id\":\"https:\\\/\\\/schoenstatt.com\\\/pt-pt\\\/decimo-encontro-mundial-das-familias-o-casamento-e-dificil-e-precioso\\\/\"},\"wordCount\":880,\"publisher\":{\"@id\":\"https:\\\/\\\/schoenstatt.com\\\/pt-pt\\\/#organization\"},\"image\":{\"@id\":\"https:\\\/\\\/schoenstatt.com\\\/pt-pt\\\/decimo-encontro-mundial-das-familias-o-casamento-e-dificil-e-precioso\\\/#primaryimage\"},\"thumbnailUrl\":\"https:\\\/\\\/schoenstatt.com\\\/wp-content\\\/uploads\\\/2022\\\/06\\\/Alunos-schoenstattianos-en-el-encuentro-1.jpg\",\"articleSection\":[\"Espiritualidade\",\"Fam\u00edlia\"],\"inLanguage\":\"pt-PT\"},{\"@type\":\"WebPage\",\"@id\":\"https:\\\/\\\/schoenstatt.com\\\/pt-pt\\\/decimo-encontro-mundial-das-familias-o-casamento-e-dificil-e-precioso\\\/\",\"url\":\"https:\\\/\\\/schoenstatt.com\\\/pt-pt\\\/decimo-encontro-mundial-das-familias-o-casamento-e-dificil-e-precioso\\\/\",\"name\":\"D\u00e9cimo Encontro Mundial das Fam\u00edlias: O casamento \u00e9 dif\u00edcil e precioso. - Schoenstatt\",\"isPartOf\":{\"@id\":\"https:\\\/\\\/schoenstatt.com\\\/pt-pt\\\/#website\"},\"primaryImageOfPage\":{\"@id\":\"https:\\\/\\\/schoenstatt.com\\\/pt-pt\\\/decimo-encontro-mundial-das-familias-o-casamento-e-dificil-e-precioso\\\/#primaryimage\"},\"image\":{\"@id\":\"https:\\\/\\\/schoenstatt.com\\\/pt-pt\\\/decimo-encontro-mundial-das-familias-o-casamento-e-dificil-e-precioso\\\/#primaryimage\"},\"thumbnailUrl\":\"https:\\\/\\\/schoenstatt.com\\\/wp-content\\\/uploads\\\/2022\\\/06\\\/Alunos-schoenstattianos-en-el-encuentro-1.jpg\",\"datePublished\":\"2022-06-25T13:15:23+00:00\",\"dateModified\":\"2025-05-15T22:39:24+00:00\",\"description\":\"O Encontro Mundial das Fam\u00edlias \u00e9 realizado nas dioceses e no Vaticano, embora de uma forma muito reduzida, devido \u00e0 pandemia.\",\"breadcrumb\":{\"@id\":\"https:\\\/\\\/schoenstatt.com\\\/pt-pt\\\/decimo-encontro-mundial-das-familias-o-casamento-e-dificil-e-precioso\\\/#breadcrumb\"},\"inLanguage\":\"pt-PT\",\"potentialAction\":[{\"@type\":\"ReadAction\",\"target\":[\"https:\\\/\\\/schoenstatt.com\\\/pt-pt\\\/decimo-encontro-mundial-das-familias-o-casamento-e-dificil-e-precioso\\\/\"]}]},{\"@type\":\"ImageObject\",\"inLanguage\":\"pt-PT\",\"@id\":\"https:\\\/\\\/schoenstatt.com\\\/pt-pt\\\/decimo-encontro-mundial-das-familias-o-casamento-e-dificil-e-precioso\\\/#primaryimage\",\"url\":\"https:\\\/\\\/schoenstatt.com\\\/wp-content\\\/uploads\\\/2022\\\/06\\\/Alunos-schoenstattianos-en-el-encuentro-1.jpg\",\"contentUrl\":\"https:\\\/\\\/schoenstatt.com\\\/wp-content\\\/uploads\\\/2022\\\/06\\\/Alunos-schoenstattianos-en-el-encuentro-1.jpg\",\"width\":2048,\"height\":1365,\"caption\":\"Foto: Martin Soros\"},{\"@type\":\"BreadcrumbList\",\"@id\":\"https:\\\/\\\/schoenstatt.com\\\/pt-pt\\\/decimo-encontro-mundial-das-familias-o-casamento-e-dificil-e-precioso\\\/#breadcrumb\",\"itemListElement\":[{\"@type\":\"ListItem\",\"position\":1,\"name\":\"Portada\",\"item\":\"https:\\\/\\\/schoenstatt.com\\\/pt-pt\\\/home\\\/\"},{\"@type\":\"ListItem\",\"position\":2,\"name\":\"D\u00e9cimo Encontro Mundial das Fam\u00edlias: O casamento \u00e9 dif\u00edcil e precioso.\"}]},{\"@type\":\"WebSite\",\"@id\":\"https:\\\/\\\/schoenstatt.com\\\/pt-pt\\\/#website\",\"url\":\"https:\\\/\\\/schoenstatt.com\\\/pt-pt\\\/\",\"name\":\"Schoenstatt\",\"description\":\"Apostolic Movement\",\"publisher\":{\"@id\":\"https:\\\/\\\/schoenstatt.com\\\/pt-pt\\\/#organization\"},\"potentialAction\":[{\"@type\":\"SearchAction\",\"target\":{\"@type\":\"EntryPoint\",\"urlTemplate\":\"https:\\\/\\\/schoenstatt.com\\\/pt-pt\\\/?s={search_term_string}\"},\"query-input\":{\"@type\":\"PropertyValueSpecification\",\"valueRequired\":true,\"valueName\":\"search_term_string\"}}],\"inLanguage\":\"pt-PT\"},{\"@type\":\"Organization\",\"@id\":\"https:\\\/\\\/schoenstatt.com\\\/pt-pt\\\/#organization\",\"name\":\"Schoenstatt\",\"url\":\"https:\\\/\\\/schoenstatt.com\\\/pt-pt\\\/\",\"logo\":{\"@type\":\"ImageObject\",\"inLanguage\":\"pt-PT\",\"@id\":\"https:\\\/\\\/schoenstatt.com\\\/pt-pt\\\/#\\\/schema\\\/logo\\\/image\\\/\",\"url\":\"https:\\\/\\\/schoenstatt.com\\\/wp-content\\\/uploads\\\/2025\\\/04\\\/logo-schoenstatt-white-696x696-1.png\",\"contentUrl\":\"https:\\\/\\\/schoenstatt.com\\\/wp-content\\\/uploads\\\/2025\\\/04\\\/logo-schoenstatt-white-696x696-1.png\",\"width\":696,\"height\":694,\"caption\":\"Schoenstatt\"},\"image\":{\"@id\":\"https:\\\/\\\/schoenstatt.com\\\/pt-pt\\\/#\\\/schema\\\/logo\\\/image\\\/\"}},{\"@type\":\"Person\",\"@id\":\"https:\\\/\\\/schoenstatt.com\\\/pt-pt\\\/#\\\/schema\\\/person\\\/489465b1850e7b216fe2c10dfc262551\",\"name\":\"admin\",\"image\":{\"@type\":\"ImageObject\",\"inLanguage\":\"pt-PT\",\"@id\":\"https:\\\/\\\/secure.gravatar.com\\\/avatar\\\/02e8345e1ec40ab0e0a2a98fdde64a684bbaf994cddcb778b25b8b024ee9dfe6?s=96&d=mm&r=g\",\"url\":\"https:\\\/\\\/secure.gravatar.com\\\/avatar\\\/02e8345e1ec40ab0e0a2a98fdde64a684bbaf994cddcb778b25b8b024ee9dfe6?s=96&d=mm&r=g\",\"contentUrl\":\"https:\\\/\\\/secure.gravatar.com\\\/avatar\\\/02e8345e1ec40ab0e0a2a98fdde64a684bbaf994cddcb778b25b8b024ee9dfe6?s=96&d=mm&r=g\",\"caption\":\"admin\"},\"sameAs\":[\"https:\\\/\\\/schoenstatt.com\"],\"url\":\"https:\\\/\\\/schoenstatt.com\\\/pt-pt\\\/author\\\/admin\\\/\"}]}<\/script>\n<!-- \/ Yoast SEO Premium plugin. -->","yoast_head_json":{"title":"D\u00e9cimo Encontro Mundial das Fam\u00edlias: O casamento \u00e9 dif\u00edcil e precioso. - Schoenstatt","description":"O Encontro Mundial das Fam\u00edlias \u00e9 realizado nas dioceses e no Vaticano, embora de uma forma muito reduzida, devido \u00e0 pandemia.","robots":{"index":"index","follow":"follow","max-snippet":"max-snippet:-1","max-image-preview":"max-image-preview:large","max-video-preview":"max-video-preview:-1"},"canonical":"https:\/\/schoenstatt.com\/pt-pt\/decimo-encontro-mundial-das-familias-o-casamento-e-dificil-e-precioso\/","og_locale":"pt_PT","og_type":"article","og_title":"D\u00e9cimo Encontro Mundial das Fam\u00edlias: O casamento \u00e9 dif\u00edcil e precioso.","og_description":"O Encontro Mundial das Fam\u00edlias \u00e9 realizado nas dioceses e no Vaticano, embora de uma forma muito reduzida, devido \u00e0 pandemia.","og_url":"https:\/\/schoenstatt.com\/pt-pt\/decimo-encontro-mundial-das-familias-o-casamento-e-dificil-e-precioso\/","og_site_name":"Schoenstatt","article_published_time":"2022-06-25T13:15:23+00:00","article_modified_time":"2025-05-15T22:39:24+00:00","og_image":[{"width":2048,"height":1365,"url":"https:\/\/schoenstatt.com\/wp-content\/uploads\/2022\/06\/Alunos-schoenstattianos-en-el-encuentro-1.jpg","type":"image\/jpeg"}],"author":"admin","twitter_card":"summary_large_image","twitter_misc":{"Escrito por":"admin","Tempo estimado de leitura":"4 minutos"},"schema":{"@context":"https:\/\/schema.org","@graph":[{"@type":"Article","@id":"https:\/\/schoenstatt.com\/pt-pt\/decimo-encontro-mundial-das-familias-o-casamento-e-dificil-e-precioso\/#article","isPartOf":{"@id":"https:\/\/schoenstatt.com\/pt-pt\/decimo-encontro-mundial-das-familias-o-casamento-e-dificil-e-precioso\/"},"author":{"name":"admin","@id":"https:\/\/schoenstatt.com\/pt-pt\/#\/schema\/person\/489465b1850e7b216fe2c10dfc262551"},"headline":"D\u00e9cimo Encontro Mundial das Fam\u00edlias: O casamento \u00e9 dif\u00edcil e precioso.","datePublished":"2022-06-25T13:15:23+00:00","dateModified":"2025-05-15T22:39:24+00:00","mainEntityOfPage":{"@id":"https:\/\/schoenstatt.com\/pt-pt\/decimo-encontro-mundial-das-familias-o-casamento-e-dificil-e-precioso\/"},"wordCount":880,"publisher":{"@id":"https:\/\/schoenstatt.com\/pt-pt\/#organization"},"image":{"@id":"https:\/\/schoenstatt.com\/pt-pt\/decimo-encontro-mundial-das-familias-o-casamento-e-dificil-e-precioso\/#primaryimage"},"thumbnailUrl":"https:\/\/schoenstatt.com\/wp-content\/uploads\/2022\/06\/Alunos-schoenstattianos-en-el-encuentro-1.jpg","articleSection":["Espiritualidade","Fam\u00edlia"],"inLanguage":"pt-PT"},{"@type":"WebPage","@id":"https:\/\/schoenstatt.com\/pt-pt\/decimo-encontro-mundial-das-familias-o-casamento-e-dificil-e-precioso\/","url":"https:\/\/schoenstatt.com\/pt-pt\/decimo-encontro-mundial-das-familias-o-casamento-e-dificil-e-precioso\/","name":"D\u00e9cimo Encontro Mundial das Fam\u00edlias: O casamento \u00e9 dif\u00edcil e precioso. - Schoenstatt","isPartOf":{"@id":"https:\/\/schoenstatt.com\/pt-pt\/#website"},"primaryImageOfPage":{"@id":"https:\/\/schoenstatt.com\/pt-pt\/decimo-encontro-mundial-das-familias-o-casamento-e-dificil-e-precioso\/#primaryimage"},"image":{"@id":"https:\/\/schoenstatt.com\/pt-pt\/decimo-encontro-mundial-das-familias-o-casamento-e-dificil-e-precioso\/#primaryimage"},"thumbnailUrl":"https:\/\/schoenstatt.com\/wp-content\/uploads\/2022\/06\/Alunos-schoenstattianos-en-el-encuentro-1.jpg","datePublished":"2022-06-25T13:15:23+00:00","dateModified":"2025-05-15T22:39:24+00:00","description":"O Encontro Mundial das Fam\u00edlias \u00e9 realizado nas dioceses e no Vaticano, embora de uma forma muito reduzida, devido \u00e0 pandemia.","breadcrumb":{"@id":"https:\/\/schoenstatt.com\/pt-pt\/decimo-encontro-mundial-das-familias-o-casamento-e-dificil-e-precioso\/#breadcrumb"},"inLanguage":"pt-PT","potentialAction":[{"@type":"ReadAction","target":["https:\/\/schoenstatt.com\/pt-pt\/decimo-encontro-mundial-das-familias-o-casamento-e-dificil-e-precioso\/"]}]},{"@type":"ImageObject","inLanguage":"pt-PT","@id":"https:\/\/schoenstatt.com\/pt-pt\/decimo-encontro-mundial-das-familias-o-casamento-e-dificil-e-precioso\/#primaryimage","url":"https:\/\/schoenstatt.com\/wp-content\/uploads\/2022\/06\/Alunos-schoenstattianos-en-el-encuentro-1.jpg","contentUrl":"https:\/\/schoenstatt.com\/wp-content\/uploads\/2022\/06\/Alunos-schoenstattianos-en-el-encuentro-1.jpg","width":2048,"height":1365,"caption":"Foto: Martin Soros"},{"@type":"BreadcrumbList","@id":"https:\/\/schoenstatt.com\/pt-pt\/decimo-encontro-mundial-das-familias-o-casamento-e-dificil-e-precioso\/#breadcrumb","itemListElement":[{"@type":"ListItem","position":1,"name":"Portada","item":"https:\/\/schoenstatt.com\/pt-pt\/home\/"},{"@type":"ListItem","position":2,"name":"D\u00e9cimo Encontro Mundial das Fam\u00edlias: O casamento \u00e9 dif\u00edcil e precioso."}]},{"@type":"WebSite","@id":"https:\/\/schoenstatt.com\/pt-pt\/#website","url":"https:\/\/schoenstatt.com\/pt-pt\/","name":"Schoenstatt","description":"Apostolic Movement","publisher":{"@id":"https:\/\/schoenstatt.com\/pt-pt\/#organization"},"potentialAction":[{"@type":"SearchAction","target":{"@type":"EntryPoint","urlTemplate":"https:\/\/schoenstatt.com\/pt-pt\/?s={search_term_string}"},"query-input":{"@type":"PropertyValueSpecification","valueRequired":true,"valueName":"search_term_string"}}],"inLanguage":"pt-PT"},{"@type":"Organization","@id":"https:\/\/schoenstatt.com\/pt-pt\/#organization","name":"Schoenstatt","url":"https:\/\/schoenstatt.com\/pt-pt\/","logo":{"@type":"ImageObject","inLanguage":"pt-PT","@id":"https:\/\/schoenstatt.com\/pt-pt\/#\/schema\/logo\/image\/","url":"https:\/\/schoenstatt.com\/wp-content\/uploads\/2025\/04\/logo-schoenstatt-white-696x696-1.png","contentUrl":"https:\/\/schoenstatt.com\/wp-content\/uploads\/2025\/04\/logo-schoenstatt-white-696x696-1.png","width":696,"height":694,"caption":"Schoenstatt"},"image":{"@id":"https:\/\/schoenstatt.com\/pt-pt\/#\/schema\/logo\/image\/"}},{"@type":"Person","@id":"https:\/\/schoenstatt.com\/pt-pt\/#\/schema\/person\/489465b1850e7b216fe2c10dfc262551","name":"admin","image":{"@type":"ImageObject","inLanguage":"pt-PT","@id":"https:\/\/secure.gravatar.com\/avatar\/02e8345e1ec40ab0e0a2a98fdde64a684bbaf994cddcb778b25b8b024ee9dfe6?s=96&d=mm&r=g","url":"https:\/\/secure.gravatar.com\/avatar\/02e8345e1ec40ab0e0a2a98fdde64a684bbaf994cddcb778b25b8b024ee9dfe6?s=96&d=mm&r=g","contentUrl":"https:\/\/secure.gravatar.com\/avatar\/02e8345e1ec40ab0e0a2a98fdde64a684bbaf994cddcb778b25b8b024ee9dfe6?s=96&d=mm&r=g","caption":"admin"},"sameAs":["https:\/\/schoenstatt.com"],"url":"https:\/\/schoenstatt.com\/pt-pt\/author\/admin\/"}]}},"_links":{"self":[{"href":"https:\/\/schoenstatt.com\/pt-pt\/wp-json\/wp\/v2\/posts\/51765","targetHints":{"allow":["GET"]}}],"collection":[{"href":"https:\/\/schoenstatt.com\/pt-pt\/wp-json\/wp\/v2\/posts"}],"about":[{"href":"https:\/\/schoenstatt.com\/pt-pt\/wp-json\/wp\/v2\/types\/post"}],"author":[{"embeddable":true,"href":"https:\/\/schoenstatt.com\/pt-pt\/wp-json\/wp\/v2\/users\/1"}],"replies":[{"embeddable":true,"href":"https:\/\/schoenstatt.com\/pt-pt\/wp-json\/wp\/v2\/comments?post=51765"}],"version-history":[{"count":2,"href":"https:\/\/schoenstatt.com\/pt-pt\/wp-json\/wp\/v2\/posts\/51765\/revisions"}],"predecessor-version":[{"id":55936,"href":"https:\/\/schoenstatt.com\/pt-pt\/wp-json\/wp\/v2\/posts\/51765\/revisions\/55936"}],"wp:featuredmedia":[{"embeddable":true,"href":"https:\/\/schoenstatt.com\/pt-pt\/wp-json\/wp\/v2\/media\/25762"}],"wp:attachment":[{"href":"https:\/\/schoenstatt.com\/pt-pt\/wp-json\/wp\/v2\/media?parent=51765"}],"wp:term":[{"taxonomy":"category","embeddable":true,"href":"https:\/\/schoenstatt.com\/pt-pt\/wp-json\/wp\/v2\/categories?post=51765"},{"taxonomy":"post_tag","embeddable":true,"href":"https:\/\/schoenstatt.com\/pt-pt\/wp-json\/wp\/v2\/tags?post=51765"}],"curies":[{"name":"wp","href":"https:\/\/api.w.org\/{rel}","templated":true}]}}