{"id":51764,"date":"2022-06-24T13:44:27","date_gmt":"2022-06-24T11:44:27","guid":{"rendered":"https:\/\/schoenstattdev.wpenginepowered.com\/?p=25758"},"modified":"2025-05-16T01:21:54","modified_gmt":"2025-05-15T23:21:54","slug":"pe-alexandre-awi-encontro-em-roma-para-redescobrir-o-valor-de-ser-familia","status":"publish","type":"post","link":"https:\/\/schoenstatt.com\/pt-pt\/pe-alexandre-awi-encontro-em-roma-para-redescobrir-o-valor-de-ser-familia\/","title":{"rendered":"Pe. Alexandre Awi: encontro em Roma para redescobrir o valor de ser fam\u00edlia"},"content":{"rendered":"<p>Come\u00e7ou nesta quarta-feira (22) o<a href=\"https:\/\/www.romefamily2022.com\/pt\/programma\/\"> X Encontro Mundial das Fam\u00edlias<\/a> que havia sido postergado por um ano por causa da pandemia de Covid-19, mas &#8220;uma oportunidade que a provid\u00eancia nos deu para realizar um encontro diferente, num formato multic\u00eantrico e difuso, como o Papa Francisco recordou e pediu, para que fosse celebrado em todas as dioceses do mundo&#8221;, explicou o\u00a0Pe. Alexandre Awi Mello, secret\u00e1rio do Dicast\u00e9rio para os Leigos, a Fam\u00edlia e a Vida.<\/p>\n<p>\u201cHoje estamos, n\u00e3o s\u00f3 aqui em Roma, mas no mundo inteiro, abrindo esta grande festa para as fam\u00edlias: um momento para coloc\u00e1-las no centro da preocupa\u00e7\u00e3o e aten\u00e7\u00e3o pastoral da Igreja.\u201d<\/p>\n<figure id=\"attachment_25747\" aria-describedby=\"caption-attachment-25747\" style=\"width: 700px\" class=\"wp-caption aligncenter\"><img fetchpriority=\"high\" decoding=\"async\" class=\"wp-image-25747 size-full\" src=\"https:\/\/schoenstatt.com\/wp-content\/uploads\/2022\/06\/Encuentro-de-las-familias-1.png\" alt=\"Pe. Alexandre Awi Mello\" width=\"700\" height=\"380\" \/><figcaption id=\"caption-attachment-25747\" class=\"wp-caption-text\">Pe. Alexandre Awi Mello<\/figcaption><\/figure>\n<h3>Festival das Fam\u00edlias<\/h3>\n<p>O evento \u00e9 internacional mas estar\u00e1 dentro da casa das fam\u00edlias do mundo inteiro, justamente gra\u00e7as ao formato streaming, que acabou sendo aperfei\u00e7oado com as necessidades impostas pelo per\u00edodo de lockdown. Uma modalidade que &#8220;d\u00e1\u00a0a possibilidade de participar on-line de todas as atividades que v\u00e3o sendo realizados aqui em Roma e transmitidas por todo o mundo, come\u00e7ando hoje pelo Festival das Fam\u00edlias&#8221;, acrescenta o brasileiro, que come\u00e7a \u00e0s 18h desta quarta-feira (22), hora italiana, 13h no hor\u00e1rio de Bras\u00edlia, com transmiss\u00e3o ao vivo da R\u00e1dio Vaticano\/Vatican News, com coment\u00e1rios em portugu\u00eas.<\/p>\n<blockquote><p>&#8220;Hoje come\u00e7a, ent\u00e3o, com esses testemunhos. \u00c9 um festival de testemunhos: s\u00e3o 5 casais que v\u00e3o dar testemunho da sua vida, da sua hist\u00f3ria, d\u00favidas, alegrias e dificuldades, diante do Santo Padre. e vamos tamb\u00e9m deixar que ele nos ilumine com a sua palavra&#8221;, contou Pe. Alexandre em entrevista a Silvonei Jos\u00e9.\u00a0Entre eles, o testemunho de uma fam\u00edlia ucraniana, especialmente neste tempo de guerra, para fazer &#8220;ressoar a voz dessas fam\u00edlias que est\u00e3o passando por momentos \u00fanicos de tanta dor e dificuldade e queremos ser solid\u00e1rios com eles nesta noite&#8221;.<\/p><\/blockquote>\n<p>Confira no link, em l\u00edngua portuguesa, os detalhes da programa\u00e7\u00e3o do evento que come\u00e7a nesta quarta-feira (22) e termina no s\u00e1bado (25), em Roma.<\/p>\n<blockquote><p>&#8220;Estar\u00e3o presentes 2 mil delegados. Do Brasil, proporcionalmente ao tamanho da confer\u00eancia episcopal, \u00e9 um dos pa\u00edses que vai trazer mais representantes: s\u00e3o mais de 30 delegados, entre bispos, sacerdotes e, sobretudo, fam\u00edlias.&#8221;<\/p><\/blockquote>\n<h3>A fam\u00edlia como Igreja dom\u00e9stica<\/h3>\n<p><img decoding=\"async\" class=\"size-full wp-image-24807 aligncenter\" src=\"https:\/\/schoenstatt.com\/wp-content\/uploads\/2022\/05\/Teologia-Moral-2-1.png\" alt=\"Francisco\" width=\"701\" height=\"416\" \/><\/p>\n<p>A pauta do encontro internacional volta a enaltecer a fam\u00edlia como &#8220;a gra\u00e7a de ser Igreja dom\u00e9stica&#8221;, uma das dimens\u00f5es que ficou mais clara durante a pandemia, afirma Pe. Alexandre. Apesar, inclusive, de se constatar &#8211; infelizmente &#8211; experi\u00eancias opostas com momentos de separa\u00e7\u00e3o, viol\u00eancia e outras dificuldades vividas dentro do lar durante a pandemia, o secret\u00e1rio refor\u00e7a a import\u00e2ncia do tema e da fam\u00edlia que &#8220;seja um lugar onde Deus est\u00e1 presente&#8221;.<\/p>\n<blockquote><p>\u201cUm momento justamente para que as fam\u00edlias possam redescobrir a beleza de ser fam\u00edlia e possam se sentir motivados novamente, nesse per\u00edodo de p\u00f3s-pandemia, a redescobrir o valor e a gra\u00e7a de ser fam\u00edlia.\u201d<\/p><\/blockquote>\n<p>Outro tema pautado no evento que termina no s\u00e1bado (25) com a missa na Pra\u00e7a S\u00e3o Pedro, presidida pelo Papa Francisco, \u00e9 o acompanhamento das fam\u00edlias a partir, inclusive, dos jovens e das crian\u00e7as para se descobrir a beleza de ser fam\u00edlia e da voca\u00e7\u00e3o matrimonial, por exemplo. Uma das indica\u00e7\u00f5es \u00e9 o pr\u00f3prio documento divulgado na semana passada, &#8220;o caminho catecumenal para a prepara\u00e7\u00e3o da vida familiar&#8221;. E Pe. Alexandre acrescenta:<\/p>\n<blockquote><p>&#8220;\u00c0s vezes quando a gente fala de voca\u00e7\u00e3o, pensa diretamente em padre e freira, mas, na verdade, a voca\u00e7\u00e3o de formar uma fam\u00edlia \u00e9\u00a0um chamado de Deus. Isso a gente espera que desde a catequese, passando depois pela pastoral juvenil at\u00e9 chegar \u00e0 prepara\u00e7\u00e3o para o sacramento do matrim\u00f4nio e o acompanhamento dos primeiros anos da vida familiar, nas suas dores e dificuldades. Sabemos que tantos casais justamente n\u00e3o resistem aos primeiros embates da vida familiar logo nos primeiros anos. Ent\u00e3o, o Papa tem insistido muito na import\u00e2ncia de acompanhar as fam\u00edlias e formar formadores e formar acompanhantes para que possam fazer esse trabalho nos primeiros anos da vida fam\u00edlia.&#8221;<\/p><\/blockquote>\n<h3>A comunh\u00e3o do Papa com as fam\u00edlias no mundo<\/h3>\n<p>O <a href=\"https:\/\/schoenstattdev.wpenginepowered.com\/pt-pt\/igreja\/francisco-as-familias-vivam-com-os-olhos-voltados-para-o-ceu\/\">X Encontro Mundial das Fam\u00edlias<\/a> ainda vai analisar a vida\u00a0familiar na era digital, inclusive com um casal de brasileiros proveniente de Florian\u00f3polis, e tamb\u00e9m vai explorar temas como a a sinodalidade, a santidade e at\u00e9 a trai\u00e7\u00e3o, procurando saber &#8220;como se deve lidar com o trabalho de acompanhamento dos casais que vivem essa experi\u00eancia&#8221;. Tudo sob os olhos do Papa Francisco, que recebe o evento na sua casa, conta o Pe. Alexandre:<\/p>\n<blockquote><p>&#8220;Tenho certeza que ele vai estar muito feliz de poder celebrar esse encontro com as fam\u00edlias que estar\u00e3o aqui em Roma, mas tamb\u00e9m est\u00e1 muito contente de saber que \u00e9 pelo mundo inteiro. Realmente este \u00e9 um encontro mundial! Antes, o m\u00e1ximo que conseguimos reunir, foi na \u00faltima vez, em Dublin, 35 mil pessoas que n\u00e3o \u00e9 pouco, mas o restante do mundo praticamente n\u00e3o sabia que estava acontecendo Encontro Mundial das Fam\u00edlias. Desta vez, n\u00f3s temos a possibilidade de que em todas as dioceses do mundo algo est\u00e1 sendo feito para que esse encontro seja realmente mundial.&#8221;<\/p><\/blockquote>\n<p>&nbsp;<\/p>\n","protected":false},"excerpt":{"rendered":"<p>Mais de 2 mil delegados v\u00e3o participam do X Encontro Mundial das Fam\u00edlias que come\u00e7ou nesta quarta-feira (22), em Roma, mas que se far\u00e1 presente nas casas do mundo inteiro atrav\u00e9s do formato multic\u00eantrico. O Brasil ser\u00e1 um dos pa\u00edses que vai trazer mais representantes. Uma oportunidade, segundo o Pe. Alexandre Awi Mello, secret\u00e1rio do Dicast\u00e9rio para os Leigos, a Fam\u00edlia e a Vida, para &#8220;redescobrir o valor e a gra\u00e7a de ser fam\u00edlia&#8221;.<\/p>\n","protected":false},"author":1,"featured_media":25748,"comment_status":"closed","ping_status":"closed","sticky":false,"template":"","format":"standard","meta":{"footnotes":""},"categories":[876,608],"tags":[],"class_list":["post-51764","post","type-post","status-publish","format-standard","has-post-thumbnail","hentry","category-familia-pt-pt","category-igreja-pt-pt"],"yoast_head":"<!-- This site is optimized with the Yoast SEO Premium plugin v27.4 (Yoast SEO v27.5) - https:\/\/yoast.com\/product\/yoast-seo-premium-wordpress\/ -->\n<title>Pe. Alexandre Awi: encontro em Roma para redescobrir o valor de ser fam\u00edlia - Schoenstatt<\/title>\n<meta name=\"description\" content=\"Pe. Alexandre Awi Mello: O encontro \u00e9 uma oportunidade para &quot;redescobrir o valor e a gra\u00e7a de ser fam\u00edlia&quot;.\" \/>\n<meta name=\"robots\" content=\"index, follow, max-snippet:-1, max-image-preview:large, max-video-preview:-1\" \/>\n<link rel=\"canonical\" href=\"https:\/\/schoenstatt.com\/pt-pt\/pe-alexandre-awi-encontro-em-roma-para-redescobrir-o-valor-de-ser-familia\/\" \/>\n<meta property=\"og:locale\" content=\"pt_PT\" \/>\n<meta property=\"og:type\" content=\"article\" \/>\n<meta property=\"og:title\" content=\"Pe. Alexandre Awi: encontro em Roma para redescobrir o valor de ser fam\u00edlia\" \/>\n<meta property=\"og:description\" content=\"Pe. Alexandre Awi Mello: O encontro \u00e9 uma oportunidade para &quot;redescobrir o valor e a gra\u00e7a de ser fam\u00edlia&quot;.\" \/>\n<meta property=\"og:url\" content=\"https:\/\/schoenstatt.com\/pt-pt\/pe-alexandre-awi-encontro-em-roma-para-redescobrir-o-valor-de-ser-familia\/\" \/>\n<meta property=\"og:site_name\" content=\"Schoenstatt\" \/>\n<meta property=\"article:published_time\" content=\"2022-06-24T11:44:27+00:00\" \/>\n<meta property=\"article:modified_time\" content=\"2025-05-15T23:21:54+00:00\" \/>\n<meta property=\"og:image\" content=\"https:\/\/schoenstatt.com\/wp-content\/uploads\/2022\/06\/Logo-familias-entero-1.png\" \/>\n\t<meta property=\"og:image:width\" content=\"587\" \/>\n\t<meta property=\"og:image:height\" content=\"374\" \/>\n\t<meta property=\"og:image:type\" content=\"image\/png\" \/>\n<meta name=\"author\" content=\"admin\" \/>\n<meta name=\"twitter:card\" content=\"summary_large_image\" \/>\n<meta name=\"twitter:label1\" content=\"Escrito por\" \/>\n\t<meta name=\"twitter:data1\" content=\"admin\" \/>\n\t<meta name=\"twitter:label2\" content=\"Tempo estimado de leitura\" \/>\n\t<meta name=\"twitter:data2\" content=\"5 minutos\" \/>\n<script type=\"application\/ld+json\" class=\"yoast-schema-graph\">{\"@context\":\"https:\\\/\\\/schema.org\",\"@graph\":[{\"@type\":\"Article\",\"@id\":\"https:\\\/\\\/schoenstatt.com\\\/pt-pt\\\/pe-alexandre-awi-encontro-em-roma-para-redescobrir-o-valor-de-ser-familia\\\/#article\",\"isPartOf\":{\"@id\":\"https:\\\/\\\/schoenstatt.com\\\/pt-pt\\\/pe-alexandre-awi-encontro-em-roma-para-redescobrir-o-valor-de-ser-familia\\\/\"},\"author\":{\"name\":\"admin\",\"@id\":\"https:\\\/\\\/schoenstatt.com\\\/pt-pt\\\/#\\\/schema\\\/person\\\/489465b1850e7b216fe2c10dfc262551\"},\"headline\":\"Pe. Alexandre Awi: encontro em Roma para redescobrir o valor de ser fam\u00edlia\",\"datePublished\":\"2022-06-24T11:44:27+00:00\",\"dateModified\":\"2025-05-15T23:21:54+00:00\",\"mainEntityOfPage\":{\"@id\":\"https:\\\/\\\/schoenstatt.com\\\/pt-pt\\\/pe-alexandre-awi-encontro-em-roma-para-redescobrir-o-valor-de-ser-familia\\\/\"},\"wordCount\":934,\"publisher\":{\"@id\":\"https:\\\/\\\/schoenstatt.com\\\/pt-pt\\\/#organization\"},\"image\":{\"@id\":\"https:\\\/\\\/schoenstatt.com\\\/pt-pt\\\/pe-alexandre-awi-encontro-em-roma-para-redescobrir-o-valor-de-ser-familia\\\/#primaryimage\"},\"thumbnailUrl\":\"https:\\\/\\\/schoenstatt.com\\\/wp-content\\\/uploads\\\/2022\\\/06\\\/Logo-familias-entero-1.png\",\"articleSection\":[\"Fam\u00edlia\",\"Igreja\"],\"inLanguage\":\"pt-PT\"},{\"@type\":\"WebPage\",\"@id\":\"https:\\\/\\\/schoenstatt.com\\\/pt-pt\\\/pe-alexandre-awi-encontro-em-roma-para-redescobrir-o-valor-de-ser-familia\\\/\",\"url\":\"https:\\\/\\\/schoenstatt.com\\\/pt-pt\\\/pe-alexandre-awi-encontro-em-roma-para-redescobrir-o-valor-de-ser-familia\\\/\",\"name\":\"Pe. Alexandre Awi: encontro em Roma para redescobrir o valor de ser fam\u00edlia - Schoenstatt\",\"isPartOf\":{\"@id\":\"https:\\\/\\\/schoenstatt.com\\\/pt-pt\\\/#website\"},\"primaryImageOfPage\":{\"@id\":\"https:\\\/\\\/schoenstatt.com\\\/pt-pt\\\/pe-alexandre-awi-encontro-em-roma-para-redescobrir-o-valor-de-ser-familia\\\/#primaryimage\"},\"image\":{\"@id\":\"https:\\\/\\\/schoenstatt.com\\\/pt-pt\\\/pe-alexandre-awi-encontro-em-roma-para-redescobrir-o-valor-de-ser-familia\\\/#primaryimage\"},\"thumbnailUrl\":\"https:\\\/\\\/schoenstatt.com\\\/wp-content\\\/uploads\\\/2022\\\/06\\\/Logo-familias-entero-1.png\",\"datePublished\":\"2022-06-24T11:44:27+00:00\",\"dateModified\":\"2025-05-15T23:21:54+00:00\",\"description\":\"Pe. Alexandre Awi Mello: O encontro \u00e9 uma oportunidade para \\\"redescobrir o valor e a gra\u00e7a de ser fam\u00edlia\\\".\",\"breadcrumb\":{\"@id\":\"https:\\\/\\\/schoenstatt.com\\\/pt-pt\\\/pe-alexandre-awi-encontro-em-roma-para-redescobrir-o-valor-de-ser-familia\\\/#breadcrumb\"},\"inLanguage\":\"pt-PT\",\"potentialAction\":[{\"@type\":\"ReadAction\",\"target\":[\"https:\\\/\\\/schoenstatt.com\\\/pt-pt\\\/pe-alexandre-awi-encontro-em-roma-para-redescobrir-o-valor-de-ser-familia\\\/\"]}]},{\"@type\":\"ImageObject\",\"inLanguage\":\"pt-PT\",\"@id\":\"https:\\\/\\\/schoenstatt.com\\\/pt-pt\\\/pe-alexandre-awi-encontro-em-roma-para-redescobrir-o-valor-de-ser-familia\\\/#primaryimage\",\"url\":\"https:\\\/\\\/schoenstatt.com\\\/wp-content\\\/uploads\\\/2022\\\/06\\\/Logo-familias-entero-1.png\",\"contentUrl\":\"https:\\\/\\\/schoenstatt.com\\\/wp-content\\\/uploads\\\/2022\\\/06\\\/Logo-familias-entero-1.png\",\"width\":587,\"height\":374,\"caption\":\"Pe. Alexandre Awi Mello\"},{\"@type\":\"BreadcrumbList\",\"@id\":\"https:\\\/\\\/schoenstatt.com\\\/pt-pt\\\/pe-alexandre-awi-encontro-em-roma-para-redescobrir-o-valor-de-ser-familia\\\/#breadcrumb\",\"itemListElement\":[{\"@type\":\"ListItem\",\"position\":1,\"name\":\"Portada\",\"item\":\"https:\\\/\\\/schoenstatt.com\\\/pt-pt\\\/home\\\/\"},{\"@type\":\"ListItem\",\"position\":2,\"name\":\"Pe. Alexandre Awi: encontro em Roma para redescobrir o valor de ser fam\u00edlia\"}]},{\"@type\":\"WebSite\",\"@id\":\"https:\\\/\\\/schoenstatt.com\\\/pt-pt\\\/#website\",\"url\":\"https:\\\/\\\/schoenstatt.com\\\/pt-pt\\\/\",\"name\":\"Schoenstatt\",\"description\":\"Apostolic Movement\",\"publisher\":{\"@id\":\"https:\\\/\\\/schoenstatt.com\\\/pt-pt\\\/#organization\"},\"potentialAction\":[{\"@type\":\"SearchAction\",\"target\":{\"@type\":\"EntryPoint\",\"urlTemplate\":\"https:\\\/\\\/schoenstatt.com\\\/pt-pt\\\/?s={search_term_string}\"},\"query-input\":{\"@type\":\"PropertyValueSpecification\",\"valueRequired\":true,\"valueName\":\"search_term_string\"}}],\"inLanguage\":\"pt-PT\"},{\"@type\":\"Organization\",\"@id\":\"https:\\\/\\\/schoenstatt.com\\\/pt-pt\\\/#organization\",\"name\":\"Schoenstatt\",\"url\":\"https:\\\/\\\/schoenstatt.com\\\/pt-pt\\\/\",\"logo\":{\"@type\":\"ImageObject\",\"inLanguage\":\"pt-PT\",\"@id\":\"https:\\\/\\\/schoenstatt.com\\\/pt-pt\\\/#\\\/schema\\\/logo\\\/image\\\/\",\"url\":\"https:\\\/\\\/schoenstatt.com\\\/wp-content\\\/uploads\\\/2025\\\/04\\\/logo-schoenstatt-white-696x696-1.png\",\"contentUrl\":\"https:\\\/\\\/schoenstatt.com\\\/wp-content\\\/uploads\\\/2025\\\/04\\\/logo-schoenstatt-white-696x696-1.png\",\"width\":696,\"height\":694,\"caption\":\"Schoenstatt\"},\"image\":{\"@id\":\"https:\\\/\\\/schoenstatt.com\\\/pt-pt\\\/#\\\/schema\\\/logo\\\/image\\\/\"}},{\"@type\":\"Person\",\"@id\":\"https:\\\/\\\/schoenstatt.com\\\/pt-pt\\\/#\\\/schema\\\/person\\\/489465b1850e7b216fe2c10dfc262551\",\"name\":\"admin\",\"image\":{\"@type\":\"ImageObject\",\"inLanguage\":\"pt-PT\",\"@id\":\"https:\\\/\\\/secure.gravatar.com\\\/avatar\\\/02e8345e1ec40ab0e0a2a98fdde64a684bbaf994cddcb778b25b8b024ee9dfe6?s=96&d=mm&r=g\",\"url\":\"https:\\\/\\\/secure.gravatar.com\\\/avatar\\\/02e8345e1ec40ab0e0a2a98fdde64a684bbaf994cddcb778b25b8b024ee9dfe6?s=96&d=mm&r=g\",\"contentUrl\":\"https:\\\/\\\/secure.gravatar.com\\\/avatar\\\/02e8345e1ec40ab0e0a2a98fdde64a684bbaf994cddcb778b25b8b024ee9dfe6?s=96&d=mm&r=g\",\"caption\":\"admin\"},\"sameAs\":[\"https:\\\/\\\/schoenstatt.com\"],\"url\":\"https:\\\/\\\/schoenstatt.com\\\/pt-pt\\\/author\\\/admin\\\/\"}]}<\/script>\n<!-- \/ Yoast SEO Premium plugin. -->","yoast_head_json":{"title":"Pe. Alexandre Awi: encontro em Roma para redescobrir o valor de ser fam\u00edlia - Schoenstatt","description":"Pe. Alexandre Awi Mello: O encontro \u00e9 uma oportunidade para \"redescobrir o valor e a gra\u00e7a de ser fam\u00edlia\".","robots":{"index":"index","follow":"follow","max-snippet":"max-snippet:-1","max-image-preview":"max-image-preview:large","max-video-preview":"max-video-preview:-1"},"canonical":"https:\/\/schoenstatt.com\/pt-pt\/pe-alexandre-awi-encontro-em-roma-para-redescobrir-o-valor-de-ser-familia\/","og_locale":"pt_PT","og_type":"article","og_title":"Pe. Alexandre Awi: encontro em Roma para redescobrir o valor de ser fam\u00edlia","og_description":"Pe. Alexandre Awi Mello: O encontro \u00e9 uma oportunidade para \"redescobrir o valor e a gra\u00e7a de ser fam\u00edlia\".","og_url":"https:\/\/schoenstatt.com\/pt-pt\/pe-alexandre-awi-encontro-em-roma-para-redescobrir-o-valor-de-ser-familia\/","og_site_name":"Schoenstatt","article_published_time":"2022-06-24T11:44:27+00:00","article_modified_time":"2025-05-15T23:21:54+00:00","og_image":[{"width":587,"height":374,"url":"https:\/\/schoenstatt.com\/wp-content\/uploads\/2022\/06\/Logo-familias-entero-1.png","type":"image\/png"}],"author":"admin","twitter_card":"summary_large_image","twitter_misc":{"Escrito por":"admin","Tempo estimado de leitura":"5 minutos"},"schema":{"@context":"https:\/\/schema.org","@graph":[{"@type":"Article","@id":"https:\/\/schoenstatt.com\/pt-pt\/pe-alexandre-awi-encontro-em-roma-para-redescobrir-o-valor-de-ser-familia\/#article","isPartOf":{"@id":"https:\/\/schoenstatt.com\/pt-pt\/pe-alexandre-awi-encontro-em-roma-para-redescobrir-o-valor-de-ser-familia\/"},"author":{"name":"admin","@id":"https:\/\/schoenstatt.com\/pt-pt\/#\/schema\/person\/489465b1850e7b216fe2c10dfc262551"},"headline":"Pe. Alexandre Awi: encontro em Roma para redescobrir o valor de ser fam\u00edlia","datePublished":"2022-06-24T11:44:27+00:00","dateModified":"2025-05-15T23:21:54+00:00","mainEntityOfPage":{"@id":"https:\/\/schoenstatt.com\/pt-pt\/pe-alexandre-awi-encontro-em-roma-para-redescobrir-o-valor-de-ser-familia\/"},"wordCount":934,"publisher":{"@id":"https:\/\/schoenstatt.com\/pt-pt\/#organization"},"image":{"@id":"https:\/\/schoenstatt.com\/pt-pt\/pe-alexandre-awi-encontro-em-roma-para-redescobrir-o-valor-de-ser-familia\/#primaryimage"},"thumbnailUrl":"https:\/\/schoenstatt.com\/wp-content\/uploads\/2022\/06\/Logo-familias-entero-1.png","articleSection":["Fam\u00edlia","Igreja"],"inLanguage":"pt-PT"},{"@type":"WebPage","@id":"https:\/\/schoenstatt.com\/pt-pt\/pe-alexandre-awi-encontro-em-roma-para-redescobrir-o-valor-de-ser-familia\/","url":"https:\/\/schoenstatt.com\/pt-pt\/pe-alexandre-awi-encontro-em-roma-para-redescobrir-o-valor-de-ser-familia\/","name":"Pe. Alexandre Awi: encontro em Roma para redescobrir o valor de ser fam\u00edlia - Schoenstatt","isPartOf":{"@id":"https:\/\/schoenstatt.com\/pt-pt\/#website"},"primaryImageOfPage":{"@id":"https:\/\/schoenstatt.com\/pt-pt\/pe-alexandre-awi-encontro-em-roma-para-redescobrir-o-valor-de-ser-familia\/#primaryimage"},"image":{"@id":"https:\/\/schoenstatt.com\/pt-pt\/pe-alexandre-awi-encontro-em-roma-para-redescobrir-o-valor-de-ser-familia\/#primaryimage"},"thumbnailUrl":"https:\/\/schoenstatt.com\/wp-content\/uploads\/2022\/06\/Logo-familias-entero-1.png","datePublished":"2022-06-24T11:44:27+00:00","dateModified":"2025-05-15T23:21:54+00:00","description":"Pe. Alexandre Awi Mello: O encontro \u00e9 uma oportunidade para \"redescobrir o valor e a gra\u00e7a de ser fam\u00edlia\".","breadcrumb":{"@id":"https:\/\/schoenstatt.com\/pt-pt\/pe-alexandre-awi-encontro-em-roma-para-redescobrir-o-valor-de-ser-familia\/#breadcrumb"},"inLanguage":"pt-PT","potentialAction":[{"@type":"ReadAction","target":["https:\/\/schoenstatt.com\/pt-pt\/pe-alexandre-awi-encontro-em-roma-para-redescobrir-o-valor-de-ser-familia\/"]}]},{"@type":"ImageObject","inLanguage":"pt-PT","@id":"https:\/\/schoenstatt.com\/pt-pt\/pe-alexandre-awi-encontro-em-roma-para-redescobrir-o-valor-de-ser-familia\/#primaryimage","url":"https:\/\/schoenstatt.com\/wp-content\/uploads\/2022\/06\/Logo-familias-entero-1.png","contentUrl":"https:\/\/schoenstatt.com\/wp-content\/uploads\/2022\/06\/Logo-familias-entero-1.png","width":587,"height":374,"caption":"Pe. Alexandre Awi Mello"},{"@type":"BreadcrumbList","@id":"https:\/\/schoenstatt.com\/pt-pt\/pe-alexandre-awi-encontro-em-roma-para-redescobrir-o-valor-de-ser-familia\/#breadcrumb","itemListElement":[{"@type":"ListItem","position":1,"name":"Portada","item":"https:\/\/schoenstatt.com\/pt-pt\/home\/"},{"@type":"ListItem","position":2,"name":"Pe. Alexandre Awi: encontro em Roma para redescobrir o valor de ser fam\u00edlia"}]},{"@type":"WebSite","@id":"https:\/\/schoenstatt.com\/pt-pt\/#website","url":"https:\/\/schoenstatt.com\/pt-pt\/","name":"Schoenstatt","description":"Apostolic Movement","publisher":{"@id":"https:\/\/schoenstatt.com\/pt-pt\/#organization"},"potentialAction":[{"@type":"SearchAction","target":{"@type":"EntryPoint","urlTemplate":"https:\/\/schoenstatt.com\/pt-pt\/?s={search_term_string}"},"query-input":{"@type":"PropertyValueSpecification","valueRequired":true,"valueName":"search_term_string"}}],"inLanguage":"pt-PT"},{"@type":"Organization","@id":"https:\/\/schoenstatt.com\/pt-pt\/#organization","name":"Schoenstatt","url":"https:\/\/schoenstatt.com\/pt-pt\/","logo":{"@type":"ImageObject","inLanguage":"pt-PT","@id":"https:\/\/schoenstatt.com\/pt-pt\/#\/schema\/logo\/image\/","url":"https:\/\/schoenstatt.com\/wp-content\/uploads\/2025\/04\/logo-schoenstatt-white-696x696-1.png","contentUrl":"https:\/\/schoenstatt.com\/wp-content\/uploads\/2025\/04\/logo-schoenstatt-white-696x696-1.png","width":696,"height":694,"caption":"Schoenstatt"},"image":{"@id":"https:\/\/schoenstatt.com\/pt-pt\/#\/schema\/logo\/image\/"}},{"@type":"Person","@id":"https:\/\/schoenstatt.com\/pt-pt\/#\/schema\/person\/489465b1850e7b216fe2c10dfc262551","name":"admin","image":{"@type":"ImageObject","inLanguage":"pt-PT","@id":"https:\/\/secure.gravatar.com\/avatar\/02e8345e1ec40ab0e0a2a98fdde64a684bbaf994cddcb778b25b8b024ee9dfe6?s=96&d=mm&r=g","url":"https:\/\/secure.gravatar.com\/avatar\/02e8345e1ec40ab0e0a2a98fdde64a684bbaf994cddcb778b25b8b024ee9dfe6?s=96&d=mm&r=g","contentUrl":"https:\/\/secure.gravatar.com\/avatar\/02e8345e1ec40ab0e0a2a98fdde64a684bbaf994cddcb778b25b8b024ee9dfe6?s=96&d=mm&r=g","caption":"admin"},"sameAs":["https:\/\/schoenstatt.com"],"url":"https:\/\/schoenstatt.com\/pt-pt\/author\/admin\/"}]}},"_links":{"self":[{"href":"https:\/\/schoenstatt.com\/pt-pt\/wp-json\/wp\/v2\/posts\/51764","targetHints":{"allow":["GET"]}}],"collection":[{"href":"https:\/\/schoenstatt.com\/pt-pt\/wp-json\/wp\/v2\/posts"}],"about":[{"href":"https:\/\/schoenstatt.com\/pt-pt\/wp-json\/wp\/v2\/types\/post"}],"author":[{"embeddable":true,"href":"https:\/\/schoenstatt.com\/pt-pt\/wp-json\/wp\/v2\/users\/1"}],"replies":[{"embeddable":true,"href":"https:\/\/schoenstatt.com\/pt-pt\/wp-json\/wp\/v2\/comments?post=51764"}],"version-history":[{"count":1,"href":"https:\/\/schoenstatt.com\/pt-pt\/wp-json\/wp\/v2\/posts\/51764\/revisions"}],"predecessor-version":[{"id":51862,"href":"https:\/\/schoenstatt.com\/pt-pt\/wp-json\/wp\/v2\/posts\/51764\/revisions\/51862"}],"wp:featuredmedia":[{"embeddable":true,"href":"https:\/\/schoenstatt.com\/pt-pt\/wp-json\/wp\/v2\/media\/25748"}],"wp:attachment":[{"href":"https:\/\/schoenstatt.com\/pt-pt\/wp-json\/wp\/v2\/media?parent=51764"}],"wp:term":[{"taxonomy":"category","embeddable":true,"href":"https:\/\/schoenstatt.com\/pt-pt\/wp-json\/wp\/v2\/categories?post=51764"},{"taxonomy":"post_tag","embeddable":true,"href":"https:\/\/schoenstatt.com\/pt-pt\/wp-json\/wp\/v2\/tags?post=51764"}],"curies":[{"name":"wp","href":"https:\/\/api.w.org\/{rel}","templated":true}]}}