{"id":51759,"date":"2022-06-23T15:19:46","date_gmt":"2022-06-23T13:19:46","guid":{"rendered":"https:\/\/schoenstattdev.wpenginepowered.com\/?p=25732"},"modified":"2025-05-16T01:21:55","modified_gmt":"2025-05-15T23:21:55","slug":"francisco-as-familias-vivam-com-os-olhos-voltados-para-o-ceu","status":"publish","type":"post","link":"https:\/\/schoenstatt.com\/pt-pt\/francisco-as-familias-vivam-com-os-olhos-voltados-para-o-ceu\/","title":{"rendered":"Francisco \u00e0s fam\u00edlias: vivam com os olhos voltados para o C\u00e9u"},"content":{"rendered":"<p>Teve in\u00edcio nesta, quarta-feira (22\/06), em Roma, o 10\u00b0 Encontro Mundial das Fam\u00edlias. O evento foi aberto com o Festival das Fam\u00edlias, na Sala Paulo VI, no Vaticano, com a presen\u00e7a do<a href=\"https:\/\/www.vaticannews.va\/pt.html\"> Papa Francisco<\/a>. O Pont\u00edfice iniciou o seu discurso, recordando os &#8220;acontecimentos que transtornaram as nossas vidas nos \u00faltimos tempos: primeiro, a pandemia e, agora, a guerra na Europa, que se juntou \u00e0s outras guerras que afligem a fam\u00edlia humana&#8221;. O Papa agradeceu ao cardeal Farrell, ao cardeal Donatis e a todos os colaboradores tanto do Dicast\u00e9rio para os Leigos, a Fam\u00edlia e a Vida quanto da Diocese de Roma, cuja dedica\u00e7\u00e3o tornou poss\u00edvel este encontro.<\/p>\n<p>A seguir, Francisco agradeceu a todas as fam\u00edlias presentes que vieram de v\u00e1rias partes do mundo, de modo particular as fam\u00edlias que deram o seu testemunho: &#8220;Obrigado, de cora\u00e7\u00e3o! N\u00e3o \u00e9 f\u00e1cil falar a um p\u00fablico t\u00e3o amplo acerca da pr\u00f3pria vida, das dificuldades ou dos dons maravilhosos, mas \u00edntimos e pessoais, que voc\u00eas receberam do Senhor. Os seus testemunhos serviram de \u00abamplificadores\u00bb: voc\u00eas deram voz \u00e0 experi\u00eancia de muitas outras fam\u00edlias no mundo que, como voc\u00eas, vivem as mesmas alegrias, inquieta\u00e7\u00f5es, tribula\u00e7\u00f5es e esperan\u00e7as.&#8221;<\/p>\n<p><img fetchpriority=\"high\" decoding=\"async\" class=\"size-full wp-image-25731 aligncenter\" src=\"https:\/\/schoenstatt.com\/wp-content\/uploads\/2022\/06\/Festival-de-familias-3-1.png\" alt=\"Francisco\" width=\"687\" height=\"381\" \/><\/p>\n<h3>A Igreja deve ser como o Bom Samaritano para as fam\u00edlias<\/h3>\n<p>Depois, o Papa se dirigiu \u00e0s fam\u00edlias presentes na Sala Paulo VI e aos casais e fam\u00edlias do mundo, fazendo-lhes sentir sua proximidade onde quer que se encontram e em sua condi\u00e7\u00e3o concreta de vida. Convidou os participantes a tentarem caminhar juntos, &#8220;juntos como esposos, juntos na sua fam\u00edlia, juntos com as outras fam\u00edlias, juntos com a Igreja&#8221;. Francisco recordou a &#8220;Par\u00e1bola do Bom Samaritano que encontra pela estrada um homem ferido: aproxima-se dele, toma-o ao seu cuidado e ajuda-o a retomar o caminho&#8221;. &#8220;Queria que a Igreja fosse isso para voc\u00eas: um bom samaritano que se aproxima de voc\u00eas e os ajuda a continuar seu caminho, os ajuda a\u00a0dar \u00abum passo a mais\u00bb, nem que seja pequeno&#8221;, disse o Papa, enfatizando cinco pontos, retomando os testemunhos que foram ouvidos.<\/p>\n<h3>Temos de nos converter e caminhar como Igreja<\/h3>\n<p>O primeiro, \u00abUm passo a mais\u00bb rumo ao matrim\u00f4nio. Aqui, o Papa referiu-se ao testemunho de Luigi e Serena que n\u00e3o conseguiram encontrar uma comunidade que, de bra\u00e7os abertos, os apoiasse assim como s\u00e3o.<\/p>\n<p>&#8220;Isso deve nos fazer refletir. Temos de nos converter e caminhar como Igreja, para que as nossas dioceses e par\u00f3quias se tornem cada vez mais \u00abcomunidades que, de bra\u00e7os abertos, apoiem a todos\u00bb&#8221;, frisou o Pont\u00edfice. Segundo Francisco, &#8220;quando um homem e uma mulher se apaixonam, Deus oferece-lhes um presente: o matrim\u00f4nio. O matrim\u00f4nio n\u00e3o \u00e9 uma formalidade a ser cumprida&#8221;. As pessoas &#8220;se casam\u00a0porque querem fundar o matrim\u00f4nio no amor de Cristo. A vida familiar n\u00e3o \u00e9 uma miss\u00e3o imposs\u00edvel. Com a gra\u00e7a do sacramento, Deus a torna uma viagem maravilhosa feita junto com Ele; nunca sozinhos. A fam\u00edlia n\u00e3o \u00e9 um ideal, belo, mas na realidade inating\u00edvel. Deus garante a sua presen\u00e7a no matrim\u00f4nio e na fam\u00edlia, n\u00e3o s\u00f3 no dia do casamento, mas ao longo da vida inteira, apoia-os todos os dias no seu caminho&#8221;. Os Sacramentos do Batismo e do Matrim\u00f4nio &#8220;s\u00e3o a ajuda concreta que Deus nos d\u00e1 para n\u00e3o nos deixar sozinhos&#8221;.<\/p>\n<h3>Abra\u00e7ar a dura cruz da doen\u00e7a e da morte<\/h3>\n<p><img decoding=\"async\" class=\"size-full wp-image-25723 aligncenter\" src=\"https:\/\/schoenstatt.com\/wp-content\/uploads\/2022\/06\/Festival-de-familias-6-1.png\" alt=\"Festiv\" width=\"682\" height=\"416\" \/><\/p>\n<p>O segundo ponto, \u00abUm passo a mais\u00bb para abra\u00e7ar a cruz, &#8220;a dura cruz da doen\u00e7a e da morte de Chiara Corbella&#8221; carregada por Roberto e Maria Anselma que contaram a hist\u00f3ria comovente de sua fam\u00edlia. A morte de Chiara n\u00e3o destruiu a fam\u00edlia nem eliminou a serenidade e a paz de seus cora\u00e7\u00f5es. Roberto e Maria Anselma n\u00e3o se tornaram prisioneiros da tribula\u00e7\u00e3o, mas se abriram para algo maior: &#8220;Os des\u00edgnios misteriosos de Deus, a eternidade, o C\u00e9u&#8221;. &#8220;Que o Senhor sustente e torne fecundas as variadas cruzes que as fam\u00edlias carregam&#8221;, disse o Papa.<\/p>\n<h3>O perd\u00e3o cura todas as feridas<\/h3>\n<p>O terceiro ponto \u00e9 \u00abUm passo a mais\u00bb rumo ao perd\u00e3o. A prop\u00f3sito de perd\u00e3o, Francisco agradeceu ao casal Paul e Germaine por terem falado com coragem sobre a crise que viveram em seu matrim\u00f4nio com &#8220;a falta de sinceridade, a infidelidade, o mau uso do dinheiro, os \u00eddolos do poder e da carreira, o rancor crescente e o endurecimento do cora\u00e7\u00e3o&#8221;.<\/p>\n<p>&#8220;Acho que, enquanto voc\u00eas falavam, todos revivemos a dolorosa experi\u00eancia sentida perante situa\u00e7\u00f5es semelhantes de fam\u00edlias divididas. Ver a fam\u00edlia desagregar-se \u00e9 um drama que n\u00e3o pode deixar ningu\u00e9m indiferente. O sorriso dos esposos desaparece, os filhos sentem-se perdidos, de todos desaparece a serenidade. E, na maioria dos casos, n\u00e3o se sabe o que fazer&#8221;, sublinhou o Papa. &#8220;O perd\u00e3o cura todas as feridas; \u00e9 um dom que brota da gra\u00e7a com a qual Cristo inunda o casal e a fam\u00edlia inteira, quando se deixa Ele agir, quando se volta para Ele&#8221;, reiterou.<\/p>\n<h3>As fam\u00edlias s\u00e3o lugares de acolhimento<\/h3>\n<p><img decoding=\"async\" class=\"size-full wp-image-25727 aligncenter\" src=\"https:\/\/schoenstatt.com\/wp-content\/uploads\/2022\/06\/Festival-de-familias-1-1.png\" alt=\"\" width=\"674\" height=\"421\" \/><\/p>\n<p>No quarto ponto,\u00a0\u00abUm passo a mais\u00bb rumo ao acolhimento,\u00a0o Papa\u00a0agradeceu a\u00a0Iryna e Sofia, pelo seu testemunho, pois deram &#8220;voz a muitas pessoas, cuja vida foi transtornada pela guerra na Ucr\u00e2nia&#8221;.<\/p>\n<p>Em voc\u00eas, vemos os rostos e as hist\u00f3rias de tantos homens e mulheres que tiveram de fugir de sua terra. Obrigado por n\u00e3o terem perdido a f\u00e9 na Provid\u00eancia, vendo como Deus atua a seu favor inclusivamente atrav\u00e9s das pessoas concretas que as fez encontrar: fam\u00edlias hospitaleiras, m\u00e9dicos que as ajudaram e tantas outras pessoas de bom cora\u00e7\u00e3o. A guerra as colocou diante do cinismo e da brutalidade humana, mas voc\u00eas encontraram tamb\u00e9m pessoas de grande humanidade. O pior e o melhor do ser humano! \u00c9 importante, para todos, n\u00e3o permanecer fixados no pior, mas valorizar o melhor, o bem imenso de que \u00e9 capaz todo ser humano e, a partir da\u00ed, recome\u00e7ar.<\/p>\n<p><a href=\"https:\/\/schoenstattdev.wpenginepowered.com\/pt-pt\/espiritualidade\/a-eucaristia-nos-convida-a-levar-deus-para-a-vida-cotidiana\/\">O Papa<\/a> agradeceu tamb\u00e9m a Pietro e Erika, por terem narrado sua hist\u00f3ria e pela generosidade com que acolheram Iryna e Sofia em sua fam\u00edlia numerosa. &#8220;O acolhimento \u00e9 um \u00abcarisma\u00bb das fam\u00edlias, sobretudo das numerosas! Esta \u00e9, no fim de contas, a din\u00e2mica pr\u00f3pria da fam\u00edlia. Enquanto, nos contextos an\u00f4nimos, quem \u00e9 mais fr\u00e1gil acaba frequentemente rejeitado, j\u00e1 nas fam\u00edlias \u00e9 natural acolh\u00ea-lo: um filho portador duma defici\u00eancia, uma pessoa idosa necessitada de cuidados, um parente em dificuldade que n\u00e3o tem ningu\u00e9m&#8230; Isto d\u00e1 esperan\u00e7a. As fam\u00edlias s\u00e3o lugares de acolhimento. Sem fam\u00edlias acolhedoras, a sociedade se tornaria fria e inabit\u00e1vel&#8221;, disse ainda Francisco.<\/p>\n<h3>A beleza do amor humano<\/h3>\n<p>O \u00faltimo ponto,\u00a0\u00abUm passo a mais\u00bb rumo \u00e0 fraternidade.\u00a0O Papa agradeceu a Zakia, por ter contado sua hist\u00f3ria. &#8220;\u00c9 maravilhoso e consolador ver que continua vivo aquilo que constru\u00edram juntos, voc\u00ea e Luca. A hist\u00f3ria de voc\u00eas nasceu e assentou-se na partilha de ideais muito altos, que voc\u00eas assim descreveram: \u00abBaseamos a nossa fam\u00edlia no amor aut\u00eantico, com respeito, solidariedade e di\u00e1logo entre as nossas culturas\u00bb. E nada disto se perdeu, nem mesmo depois da tr\u00e1gica morte de Luca. De fato, n\u00e3o s\u00f3 permanecem vivos e interpelam a consci\u00eancia de muitos o exemplo e a heran\u00e7a espiritual de Luca, mas a pr\u00f3pria organiza\u00e7\u00e3o que Zakia fundou de certo modo continua a sua miss\u00e3o. Podemos dizer que a miss\u00e3o diplom\u00e1tica de Luca agora tornou-se uma \u00abmiss\u00e3o de paz\u00bb de toda a fam\u00edlia. V\u00ea-se bem, na sua hist\u00f3ria, como se podem entrela\u00e7ar aquilo que \u00e9 humano e aquilo que \u00e9 religi\u00e3o, dando \u00f3timos frutos. Em Zakia e Luca, encontramos a beleza do amor humano, a paix\u00e3o pela vida, o altru\u00edsmo e tamb\u00e9m a fidelidade ao pr\u00f3prio credo e \u00e0 pr\u00f3pria tradi\u00e7\u00e3o religiosa, fonte de inspira\u00e7\u00e3o e de for\u00e7a interior&#8221;.<\/p>\n<p>&#8220;Queridos amigos, cada uma de suas fam\u00edlias t\u00eam uma miss\u00e3o a cumprir no mundo, um testemunho a dar. De modo particular n\u00f3s, os batizados, somos chamados a ser \u00abuma mensagem que o Esp\u00edrito Santo extrai da riqueza de Jesus Cristo e d\u00e1 ao seu povo\u00bb. Deixem-se transformar por Ele, para que tamb\u00e9m voc\u00eas possam transformar o mundo e torn\u00e1-lo \u00abcasa\u00bb para quem tem necessidade de ser acolhido, para quem precisa encontrar Cristo e sentir-se amado. Devemos viver com os olhos voltados para o C\u00e9u; como diziam os\u00a0Beatos Maria e Luigi Beltrame Quattrocchi\u00a0aos seus filhos, ao enfrentar as canseiras e as alegrias da vida, \u00abolhemos sempre do telhado para cima\u00bb&#8221;, finalizou o Papa.<\/p>\n<p><iframe title=\"WMOF22: Festival of Families 22 June 2022 Pope Francis Highlights\" width=\"800\" height=\"450\" src=\"https:\/\/www.youtube.com\/embed\/uku-EidhBng?feature=oembed\" frameborder=\"0\" allow=\"accelerometer; autoplay; clipboard-write; encrypted-media; gyroscope; picture-in-picture; web-share\" referrerpolicy=\"strict-origin-when-cross-origin\" allowfullscreen><\/iframe><\/p>\n<p>&nbsp;<\/p>\n","protected":false},"excerpt":{"rendered":"<p>O 10\u00b0 Encontro Mundial das Fam\u00edlias foi aberto, na tarde desta quarta-feira, com o Festival das Fam\u00edlais, na Sala Paulo VI, no Vaticano. Segundo o Papa, cada fam\u00edlia tem &#8220;uma miss\u00e3o a cumprir no mundo, um testemunho a dar&#8221;. Como diziam os Beatos Maria e Luigi Beltrame Quattrocchi aos seus filhos, ao enfrentar as canseiras e as alegrias da vida, \u00abolhemos sempre do telhado para cima\u00bb.<\/p>\n","protected":false},"author":1,"featured_media":25716,"comment_status":"closed","ping_status":"closed","sticky":false,"template":"","format":"standard","meta":{"footnotes":""},"categories":[876,608],"tags":[],"class_list":["post-51759","post","type-post","status-publish","format-standard","has-post-thumbnail","hentry","category-familia-pt-pt","category-igreja-pt-pt"],"yoast_head":"<!-- This site is optimized with the Yoast SEO Premium plugin v27.4 (Yoast SEO v27.5) - https:\/\/yoast.com\/product\/yoast-seo-premium-wordpress\/ -->\n<title>Francisco \u00e0s fam\u00edlias: vivam com os olhos voltados para o C\u00e9u - Schoenstatt<\/title>\n<meta name=\"description\" content=\"10\u00b0 Encontro Mundial das Fam\u00edlias. O evento foi aberto com o Festival das Fam\u00edlias, na Sala Paulo VI, com a presen\u00e7a do Papa Francisco.\" \/>\n<meta name=\"robots\" content=\"index, follow, max-snippet:-1, max-image-preview:large, max-video-preview:-1\" \/>\n<link rel=\"canonical\" href=\"https:\/\/schoenstatt.com\/pt-pt\/francisco-as-familias-vivam-com-os-olhos-voltados-para-o-ceu\/\" \/>\n<meta property=\"og:locale\" content=\"pt_PT\" \/>\n<meta property=\"og:type\" content=\"article\" \/>\n<meta property=\"og:title\" content=\"Francisco \u00e0s fam\u00edlias: vivam com os olhos voltados para o C\u00e9u\" \/>\n<meta property=\"og:description\" content=\"10\u00b0 Encontro Mundial das Fam\u00edlias. O evento foi aberto com o Festival das Fam\u00edlias, na Sala Paulo VI, com a presen\u00e7a do Papa Francisco.\" \/>\n<meta property=\"og:url\" content=\"https:\/\/schoenstatt.com\/pt-pt\/francisco-as-familias-vivam-com-os-olhos-voltados-para-o-ceu\/\" \/>\n<meta property=\"og:site_name\" content=\"Schoenstatt\" \/>\n<meta property=\"article:published_time\" content=\"2022-06-23T13:19:46+00:00\" \/>\n<meta property=\"article:modified_time\" content=\"2025-05-15T23:21:55+00:00\" \/>\n<meta property=\"og:image\" content=\"https:\/\/schoenstatt.com\/wp-content\/uploads\/2022\/06\/Festival-de-familias-4-1.png\" \/>\n\t<meta property=\"og:image:width\" content=\"693\" \/>\n\t<meta property=\"og:image:height\" content=\"413\" \/>\n\t<meta property=\"og:image:type\" content=\"image\/png\" \/>\n<meta name=\"author\" content=\"admin\" \/>\n<meta name=\"twitter:card\" content=\"summary_large_image\" \/>\n<meta name=\"twitter:label1\" content=\"Escrito por\" \/>\n\t<meta name=\"twitter:data1\" content=\"admin\" \/>\n\t<meta name=\"twitter:label2\" content=\"Tempo estimado de leitura\" \/>\n\t<meta name=\"twitter:data2\" content=\"7 minutos\" \/>\n<script type=\"application\/ld+json\" class=\"yoast-schema-graph\">{\"@context\":\"https:\\\/\\\/schema.org\",\"@graph\":[{\"@type\":\"Article\",\"@id\":\"https:\\\/\\\/schoenstatt.com\\\/pt-pt\\\/francisco-as-familias-vivam-com-os-olhos-voltados-para-o-ceu\\\/#article\",\"isPartOf\":{\"@id\":\"https:\\\/\\\/schoenstatt.com\\\/pt-pt\\\/francisco-as-familias-vivam-com-os-olhos-voltados-para-o-ceu\\\/\"},\"author\":{\"name\":\"admin\",\"@id\":\"https:\\\/\\\/schoenstatt.com\\\/pt-pt\\\/#\\\/schema\\\/person\\\/489465b1850e7b216fe2c10dfc262551\"},\"headline\":\"Francisco \u00e0s fam\u00edlias: vivam com os olhos voltados para o C\u00e9u\",\"datePublished\":\"2022-06-23T13:19:46+00:00\",\"dateModified\":\"2025-05-15T23:21:55+00:00\",\"mainEntityOfPage\":{\"@id\":\"https:\\\/\\\/schoenstatt.com\\\/pt-pt\\\/francisco-as-familias-vivam-com-os-olhos-voltados-para-o-ceu\\\/\"},\"wordCount\":1530,\"publisher\":{\"@id\":\"https:\\\/\\\/schoenstatt.com\\\/pt-pt\\\/#organization\"},\"image\":{\"@id\":\"https:\\\/\\\/schoenstatt.com\\\/pt-pt\\\/francisco-as-familias-vivam-com-os-olhos-voltados-para-o-ceu\\\/#primaryimage\"},\"thumbnailUrl\":\"https:\\\/\\\/schoenstatt.com\\\/wp-content\\\/uploads\\\/2022\\\/06\\\/Festival-de-familias-4-1.png\",\"articleSection\":[\"Fam\u00edlia\",\"Igreja\"],\"inLanguage\":\"pt-PT\"},{\"@type\":\"WebPage\",\"@id\":\"https:\\\/\\\/schoenstatt.com\\\/pt-pt\\\/francisco-as-familias-vivam-com-os-olhos-voltados-para-o-ceu\\\/\",\"url\":\"https:\\\/\\\/schoenstatt.com\\\/pt-pt\\\/francisco-as-familias-vivam-com-os-olhos-voltados-para-o-ceu\\\/\",\"name\":\"Francisco \u00e0s fam\u00edlias: vivam com os olhos voltados para o C\u00e9u - Schoenstatt\",\"isPartOf\":{\"@id\":\"https:\\\/\\\/schoenstatt.com\\\/pt-pt\\\/#website\"},\"primaryImageOfPage\":{\"@id\":\"https:\\\/\\\/schoenstatt.com\\\/pt-pt\\\/francisco-as-familias-vivam-com-os-olhos-voltados-para-o-ceu\\\/#primaryimage\"},\"image\":{\"@id\":\"https:\\\/\\\/schoenstatt.com\\\/pt-pt\\\/francisco-as-familias-vivam-com-os-olhos-voltados-para-o-ceu\\\/#primaryimage\"},\"thumbnailUrl\":\"https:\\\/\\\/schoenstatt.com\\\/wp-content\\\/uploads\\\/2022\\\/06\\\/Festival-de-familias-4-1.png\",\"datePublished\":\"2022-06-23T13:19:46+00:00\",\"dateModified\":\"2025-05-15T23:21:55+00:00\",\"description\":\"10\u00b0 Encontro Mundial das Fam\u00edlias. O evento foi aberto com o Festival das Fam\u00edlias, na Sala Paulo VI, com a presen\u00e7a do Papa Francisco.\",\"breadcrumb\":{\"@id\":\"https:\\\/\\\/schoenstatt.com\\\/pt-pt\\\/francisco-as-familias-vivam-com-os-olhos-voltados-para-o-ceu\\\/#breadcrumb\"},\"inLanguage\":\"pt-PT\",\"potentialAction\":[{\"@type\":\"ReadAction\",\"target\":[\"https:\\\/\\\/schoenstatt.com\\\/pt-pt\\\/francisco-as-familias-vivam-com-os-olhos-voltados-para-o-ceu\\\/\"]}]},{\"@type\":\"ImageObject\",\"inLanguage\":\"pt-PT\",\"@id\":\"https:\\\/\\\/schoenstatt.com\\\/pt-pt\\\/francisco-as-familias-vivam-com-os-olhos-voltados-para-o-ceu\\\/#primaryimage\",\"url\":\"https:\\\/\\\/schoenstatt.com\\\/wp-content\\\/uploads\\\/2022\\\/06\\\/Festival-de-familias-4-1.png\",\"contentUrl\":\"https:\\\/\\\/schoenstatt.com\\\/wp-content\\\/uploads\\\/2022\\\/06\\\/Festival-de-familias-4-1.png\",\"width\":693,\"height\":413,\"caption\":\"Festival\"},{\"@type\":\"BreadcrumbList\",\"@id\":\"https:\\\/\\\/schoenstatt.com\\\/pt-pt\\\/francisco-as-familias-vivam-com-os-olhos-voltados-para-o-ceu\\\/#breadcrumb\",\"itemListElement\":[{\"@type\":\"ListItem\",\"position\":1,\"name\":\"Portada\",\"item\":\"https:\\\/\\\/schoenstatt.com\\\/pt-pt\\\/home\\\/\"},{\"@type\":\"ListItem\",\"position\":2,\"name\":\"Francisco \u00e0s fam\u00edlias: vivam com os olhos voltados para o C\u00e9u\"}]},{\"@type\":\"WebSite\",\"@id\":\"https:\\\/\\\/schoenstatt.com\\\/pt-pt\\\/#website\",\"url\":\"https:\\\/\\\/schoenstatt.com\\\/pt-pt\\\/\",\"name\":\"Schoenstatt\",\"description\":\"Apostolic Movement\",\"publisher\":{\"@id\":\"https:\\\/\\\/schoenstatt.com\\\/pt-pt\\\/#organization\"},\"potentialAction\":[{\"@type\":\"SearchAction\",\"target\":{\"@type\":\"EntryPoint\",\"urlTemplate\":\"https:\\\/\\\/schoenstatt.com\\\/pt-pt\\\/?s={search_term_string}\"},\"query-input\":{\"@type\":\"PropertyValueSpecification\",\"valueRequired\":true,\"valueName\":\"search_term_string\"}}],\"inLanguage\":\"pt-PT\"},{\"@type\":\"Organization\",\"@id\":\"https:\\\/\\\/schoenstatt.com\\\/pt-pt\\\/#organization\",\"name\":\"Schoenstatt\",\"url\":\"https:\\\/\\\/schoenstatt.com\\\/pt-pt\\\/\",\"logo\":{\"@type\":\"ImageObject\",\"inLanguage\":\"pt-PT\",\"@id\":\"https:\\\/\\\/schoenstatt.com\\\/pt-pt\\\/#\\\/schema\\\/logo\\\/image\\\/\",\"url\":\"https:\\\/\\\/schoenstatt.com\\\/wp-content\\\/uploads\\\/2025\\\/04\\\/logo-schoenstatt-white-696x696-1.png\",\"contentUrl\":\"https:\\\/\\\/schoenstatt.com\\\/wp-content\\\/uploads\\\/2025\\\/04\\\/logo-schoenstatt-white-696x696-1.png\",\"width\":696,\"height\":694,\"caption\":\"Schoenstatt\"},\"image\":{\"@id\":\"https:\\\/\\\/schoenstatt.com\\\/pt-pt\\\/#\\\/schema\\\/logo\\\/image\\\/\"}},{\"@type\":\"Person\",\"@id\":\"https:\\\/\\\/schoenstatt.com\\\/pt-pt\\\/#\\\/schema\\\/person\\\/489465b1850e7b216fe2c10dfc262551\",\"name\":\"admin\",\"image\":{\"@type\":\"ImageObject\",\"inLanguage\":\"pt-PT\",\"@id\":\"https:\\\/\\\/secure.gravatar.com\\\/avatar\\\/02e8345e1ec40ab0e0a2a98fdde64a684bbaf994cddcb778b25b8b024ee9dfe6?s=96&d=mm&r=g\",\"url\":\"https:\\\/\\\/secure.gravatar.com\\\/avatar\\\/02e8345e1ec40ab0e0a2a98fdde64a684bbaf994cddcb778b25b8b024ee9dfe6?s=96&d=mm&r=g\",\"contentUrl\":\"https:\\\/\\\/secure.gravatar.com\\\/avatar\\\/02e8345e1ec40ab0e0a2a98fdde64a684bbaf994cddcb778b25b8b024ee9dfe6?s=96&d=mm&r=g\",\"caption\":\"admin\"},\"sameAs\":[\"https:\\\/\\\/schoenstatt.com\"],\"url\":\"https:\\\/\\\/schoenstatt.com\\\/pt-pt\\\/author\\\/admin\\\/\"}]}<\/script>\n<!-- \/ Yoast SEO Premium plugin. -->","yoast_head_json":{"title":"Francisco \u00e0s fam\u00edlias: vivam com os olhos voltados para o C\u00e9u - Schoenstatt","description":"10\u00b0 Encontro Mundial das Fam\u00edlias. O evento foi aberto com o Festival das Fam\u00edlias, na Sala Paulo VI, com a presen\u00e7a do Papa Francisco.","robots":{"index":"index","follow":"follow","max-snippet":"max-snippet:-1","max-image-preview":"max-image-preview:large","max-video-preview":"max-video-preview:-1"},"canonical":"https:\/\/schoenstatt.com\/pt-pt\/francisco-as-familias-vivam-com-os-olhos-voltados-para-o-ceu\/","og_locale":"pt_PT","og_type":"article","og_title":"Francisco \u00e0s fam\u00edlias: vivam com os olhos voltados para o C\u00e9u","og_description":"10\u00b0 Encontro Mundial das Fam\u00edlias. O evento foi aberto com o Festival das Fam\u00edlias, na Sala Paulo VI, com a presen\u00e7a do Papa Francisco.","og_url":"https:\/\/schoenstatt.com\/pt-pt\/francisco-as-familias-vivam-com-os-olhos-voltados-para-o-ceu\/","og_site_name":"Schoenstatt","article_published_time":"2022-06-23T13:19:46+00:00","article_modified_time":"2025-05-15T23:21:55+00:00","og_image":[{"width":693,"height":413,"url":"https:\/\/schoenstatt.com\/wp-content\/uploads\/2022\/06\/Festival-de-familias-4-1.png","type":"image\/png"}],"author":"admin","twitter_card":"summary_large_image","twitter_misc":{"Escrito por":"admin","Tempo estimado de leitura":"7 minutos"},"schema":{"@context":"https:\/\/schema.org","@graph":[{"@type":"Article","@id":"https:\/\/schoenstatt.com\/pt-pt\/francisco-as-familias-vivam-com-os-olhos-voltados-para-o-ceu\/#article","isPartOf":{"@id":"https:\/\/schoenstatt.com\/pt-pt\/francisco-as-familias-vivam-com-os-olhos-voltados-para-o-ceu\/"},"author":{"name":"admin","@id":"https:\/\/schoenstatt.com\/pt-pt\/#\/schema\/person\/489465b1850e7b216fe2c10dfc262551"},"headline":"Francisco \u00e0s fam\u00edlias: vivam com os olhos voltados para o C\u00e9u","datePublished":"2022-06-23T13:19:46+00:00","dateModified":"2025-05-15T23:21:55+00:00","mainEntityOfPage":{"@id":"https:\/\/schoenstatt.com\/pt-pt\/francisco-as-familias-vivam-com-os-olhos-voltados-para-o-ceu\/"},"wordCount":1530,"publisher":{"@id":"https:\/\/schoenstatt.com\/pt-pt\/#organization"},"image":{"@id":"https:\/\/schoenstatt.com\/pt-pt\/francisco-as-familias-vivam-com-os-olhos-voltados-para-o-ceu\/#primaryimage"},"thumbnailUrl":"https:\/\/schoenstatt.com\/wp-content\/uploads\/2022\/06\/Festival-de-familias-4-1.png","articleSection":["Fam\u00edlia","Igreja"],"inLanguage":"pt-PT"},{"@type":"WebPage","@id":"https:\/\/schoenstatt.com\/pt-pt\/francisco-as-familias-vivam-com-os-olhos-voltados-para-o-ceu\/","url":"https:\/\/schoenstatt.com\/pt-pt\/francisco-as-familias-vivam-com-os-olhos-voltados-para-o-ceu\/","name":"Francisco \u00e0s fam\u00edlias: vivam com os olhos voltados para o C\u00e9u - Schoenstatt","isPartOf":{"@id":"https:\/\/schoenstatt.com\/pt-pt\/#website"},"primaryImageOfPage":{"@id":"https:\/\/schoenstatt.com\/pt-pt\/francisco-as-familias-vivam-com-os-olhos-voltados-para-o-ceu\/#primaryimage"},"image":{"@id":"https:\/\/schoenstatt.com\/pt-pt\/francisco-as-familias-vivam-com-os-olhos-voltados-para-o-ceu\/#primaryimage"},"thumbnailUrl":"https:\/\/schoenstatt.com\/wp-content\/uploads\/2022\/06\/Festival-de-familias-4-1.png","datePublished":"2022-06-23T13:19:46+00:00","dateModified":"2025-05-15T23:21:55+00:00","description":"10\u00b0 Encontro Mundial das Fam\u00edlias. O evento foi aberto com o Festival das Fam\u00edlias, na Sala Paulo VI, com a presen\u00e7a do Papa Francisco.","breadcrumb":{"@id":"https:\/\/schoenstatt.com\/pt-pt\/francisco-as-familias-vivam-com-os-olhos-voltados-para-o-ceu\/#breadcrumb"},"inLanguage":"pt-PT","potentialAction":[{"@type":"ReadAction","target":["https:\/\/schoenstatt.com\/pt-pt\/francisco-as-familias-vivam-com-os-olhos-voltados-para-o-ceu\/"]}]},{"@type":"ImageObject","inLanguage":"pt-PT","@id":"https:\/\/schoenstatt.com\/pt-pt\/francisco-as-familias-vivam-com-os-olhos-voltados-para-o-ceu\/#primaryimage","url":"https:\/\/schoenstatt.com\/wp-content\/uploads\/2022\/06\/Festival-de-familias-4-1.png","contentUrl":"https:\/\/schoenstatt.com\/wp-content\/uploads\/2022\/06\/Festival-de-familias-4-1.png","width":693,"height":413,"caption":"Festival"},{"@type":"BreadcrumbList","@id":"https:\/\/schoenstatt.com\/pt-pt\/francisco-as-familias-vivam-com-os-olhos-voltados-para-o-ceu\/#breadcrumb","itemListElement":[{"@type":"ListItem","position":1,"name":"Portada","item":"https:\/\/schoenstatt.com\/pt-pt\/home\/"},{"@type":"ListItem","position":2,"name":"Francisco \u00e0s fam\u00edlias: vivam com os olhos voltados para o C\u00e9u"}]},{"@type":"WebSite","@id":"https:\/\/schoenstatt.com\/pt-pt\/#website","url":"https:\/\/schoenstatt.com\/pt-pt\/","name":"Schoenstatt","description":"Apostolic Movement","publisher":{"@id":"https:\/\/schoenstatt.com\/pt-pt\/#organization"},"potentialAction":[{"@type":"SearchAction","target":{"@type":"EntryPoint","urlTemplate":"https:\/\/schoenstatt.com\/pt-pt\/?s={search_term_string}"},"query-input":{"@type":"PropertyValueSpecification","valueRequired":true,"valueName":"search_term_string"}}],"inLanguage":"pt-PT"},{"@type":"Organization","@id":"https:\/\/schoenstatt.com\/pt-pt\/#organization","name":"Schoenstatt","url":"https:\/\/schoenstatt.com\/pt-pt\/","logo":{"@type":"ImageObject","inLanguage":"pt-PT","@id":"https:\/\/schoenstatt.com\/pt-pt\/#\/schema\/logo\/image\/","url":"https:\/\/schoenstatt.com\/wp-content\/uploads\/2025\/04\/logo-schoenstatt-white-696x696-1.png","contentUrl":"https:\/\/schoenstatt.com\/wp-content\/uploads\/2025\/04\/logo-schoenstatt-white-696x696-1.png","width":696,"height":694,"caption":"Schoenstatt"},"image":{"@id":"https:\/\/schoenstatt.com\/pt-pt\/#\/schema\/logo\/image\/"}},{"@type":"Person","@id":"https:\/\/schoenstatt.com\/pt-pt\/#\/schema\/person\/489465b1850e7b216fe2c10dfc262551","name":"admin","image":{"@type":"ImageObject","inLanguage":"pt-PT","@id":"https:\/\/secure.gravatar.com\/avatar\/02e8345e1ec40ab0e0a2a98fdde64a684bbaf994cddcb778b25b8b024ee9dfe6?s=96&d=mm&r=g","url":"https:\/\/secure.gravatar.com\/avatar\/02e8345e1ec40ab0e0a2a98fdde64a684bbaf994cddcb778b25b8b024ee9dfe6?s=96&d=mm&r=g","contentUrl":"https:\/\/secure.gravatar.com\/avatar\/02e8345e1ec40ab0e0a2a98fdde64a684bbaf994cddcb778b25b8b024ee9dfe6?s=96&d=mm&r=g","caption":"admin"},"sameAs":["https:\/\/schoenstatt.com"],"url":"https:\/\/schoenstatt.com\/pt-pt\/author\/admin\/"}]}},"_links":{"self":[{"href":"https:\/\/schoenstatt.com\/pt-pt\/wp-json\/wp\/v2\/posts\/51759","targetHints":{"allow":["GET"]}}],"collection":[{"href":"https:\/\/schoenstatt.com\/pt-pt\/wp-json\/wp\/v2\/posts"}],"about":[{"href":"https:\/\/schoenstatt.com\/pt-pt\/wp-json\/wp\/v2\/types\/post"}],"author":[{"embeddable":true,"href":"https:\/\/schoenstatt.com\/pt-pt\/wp-json\/wp\/v2\/users\/1"}],"replies":[{"embeddable":true,"href":"https:\/\/schoenstatt.com\/pt-pt\/wp-json\/wp\/v2\/comments?post=51759"}],"version-history":[{"count":1,"href":"https:\/\/schoenstatt.com\/pt-pt\/wp-json\/wp\/v2\/posts\/51759\/revisions"}],"predecessor-version":[{"id":51834,"href":"https:\/\/schoenstatt.com\/pt-pt\/wp-json\/wp\/v2\/posts\/51759\/revisions\/51834"}],"wp:featuredmedia":[{"embeddable":true,"href":"https:\/\/schoenstatt.com\/pt-pt\/wp-json\/wp\/v2\/media\/25716"}],"wp:attachment":[{"href":"https:\/\/schoenstatt.com\/pt-pt\/wp-json\/wp\/v2\/media?parent=51759"}],"wp:term":[{"taxonomy":"category","embeddable":true,"href":"https:\/\/schoenstatt.com\/pt-pt\/wp-json\/wp\/v2\/categories?post=51759"},{"taxonomy":"post_tag","embeddable":true,"href":"https:\/\/schoenstatt.com\/pt-pt\/wp-json\/wp\/v2\/tags?post=51759"}],"curies":[{"name":"wp","href":"https:\/\/api.w.org\/{rel}","templated":true}]}}