{"id":51554,"date":"2022-07-11T17:01:36","date_gmt":"2022-07-11T15:01:36","guid":{"rendered":"https:\/\/schoenstattdev.wpenginepowered.com\/?p=25933"},"modified":"2025-05-16T03:21:40","modified_gmt":"2025-05-16T01:21:40","slug":"os-eventos-que-marcam-a-beatificacao-de-joao-paulo-i-em-4-de-setembro","status":"publish","type":"post","link":"https:\/\/schoenstatt.com\/pt-pt\/os-eventos-que-marcam-a-beatificacao-de-joao-paulo-i-em-4-de-setembro\/","title":{"rendered":"Os eventos que marcam a beatifica\u00e7\u00e3o de Jo\u00e3o Paulo I em 4 de setembro"},"content":{"rendered":"<p>Faltam pouco mais de 50 dias para a <a href=\"https:\/\/schoenstattdev.wpenginepowered.com\/pt-pt\/igreja\/papa-joao-paulo-i-sera-beato-em-setembro-de-2022-a-licao-de-humildade-de-um-montanaro-tenaz\/\">beatifica\u00e7\u00e3o<\/a> de Jo\u00e3o Paulo I, marcada para domingo, 4 de setembro, na Pra\u00e7a de S\u00e3o Pedro, \u00e0s 10h30, e presidida pelo Papa Francisco. O escrit\u00f3rio da postula\u00e7\u00e3o da causa comunica algumas informa\u00e7\u00f5es importantes sobre os tr\u00eas principais compromissos agendados naqueles dias em Roma e em Canale d&#8217;Agordo, terra natal de Albino Luciani.<\/p>\n<h3>Missa de beatifica\u00e7\u00e3o de 4 de setembro na Pra\u00e7a de S\u00e3o Pedro<\/h3>\n<p>Na Missa com o rito de beatifica\u00e7\u00e3o, a peti\u00e7\u00e3o ser\u00e1 lida pelo bispo da Diocese de Belluno-Feltre, Dom Renato Marangoni, enquanto excepcionalmente sede da causa de canoniza\u00e7\u00e3o do vener\u00e1vel Papa Albino Luciani, juntamente com o postulador de a causa, cardeal Beniamino Stella e a vice-postuladora Stefania Falasca.<\/p>\n<p>Durante a beatifica\u00e7\u00e3o, a Postula\u00e7\u00e3o doar\u00e1 ao Pont\u00edfice um relic\u00e1rio com uma rel\u00edquia do novo beato. Para participar da celebra\u00e7\u00e3o, os ingressos gratuitos devem ser solicitados \u00e0 Prefeitura da Casa Pontif\u00edcia, enquanto todos os bispos e sacerdotes que desejarem concelebrar, e di\u00e1conos participar, devem se inscrever diretamente no site: tickets.liturgiepontificie.va<\/p>\n<h3>A Vig\u00edlia em S\u00e3o Jo\u00e3o de Latr\u00e3o em 3 de setembro<\/h3>\n<p>Na noite anterior, s\u00e1bado, 3 de setembro de 2022, \u00e0s 18h30, ser\u00e1 realizada a Vig\u00edlia de Ora\u00e7\u00e3o na Bas\u00edlica de S\u00e3o Jo\u00e3o de Latr\u00e3o, presidida pelo cardeal Angelo De Donatis, vig\u00e1rio geral de Sua Santidade para a Diocese de Roma. Na Bas\u00edlica, que custodia a C\u00e1tedra do Bispo de Roma, Jo\u00e3o Paulo I tomou posse em 23 de setembro de 1978. O momento de ora\u00e7\u00e3o ser\u00e1 animado por cantos e leituras de trechos do magist\u00e9rio de Jo\u00e3o Paulo I. Os ingressos n\u00e3o ser\u00e3o obrigat\u00f3rios para a participa\u00e7\u00e3o, sendo a entrada gratuita.<\/p>\n<p><img fetchpriority=\"high\" decoding=\"async\" class=\"aligncenter wp-image-25927 size-full\" src=\"https:\/\/schoenstatt.com\/wp-content\/uploads\/2022\/07\/Juan-Pablo-I-beatificacion-1.png\" alt=\"Jo\u00e3o Paulo I\" width=\"695\" height=\"482\" \/><\/p>\n<h3>Missa de A\u00e7\u00e3o de Gra\u00e7as em 11 de setembro em Canale d&#8217;Agordo<\/h3>\n<p>A Missa de A\u00e7\u00e3o de Gra\u00e7as pela beatifica\u00e7\u00e3o de Jo\u00e3o Paulo I ser\u00e1 celebrada no domingo, 11 de setembro de 2022, na Diocese de Belluno-Feltre. Ser\u00e1 \u00e0s 16h00 na pra\u00e7a de Canale d\u2019Agordo, local de nascimento do novo beato, com a participa\u00e7\u00e3o dos bispos e comunidades das tr\u00eas sedes episcopais em que o novo beato exerceu seu minist\u00e9rio sacerdotal e episcopal: o patriarcado de Veneza, liderado por Dom Francesco Moraglia, a Diocese de Belluno-Feltre, com o p\u00e1roco Renato Marangoni e a Diocese de Vittorio Veneto, cujo bispo Corrado Pizziolo. A Missa ser\u00e1 presidida pelo patriarca Francesco Moraglia, metropolita da Prov\u00edncia Eclesi\u00e1stica de Veneza. Para informa\u00e7\u00f5es sobre o evento, a refer\u00eancia \u00e9 o site da diocese: chiesabellunofeltre.it<\/p>\n<h3>A menina que recebeu o milagre, sua m\u00e3e e padre Dabusti na Sala de Imprensa<\/h3>\n<p>Nos dias que antecedem a beatifica\u00e7\u00e3o, ser\u00e1 realizada uma coletiva na Sala de Imprensa da Santa S\u00e9, organizada pela Postula\u00e7\u00e3o, que tamb\u00e9m contar\u00e1 com a presen\u00e7a da menina argentina milagrosamente curada em 2011, gra\u00e7as \u00e0 intercess\u00e3o do vener\u00e1vel Jo\u00e3o Paulo I, Candela Giarda, a m\u00e3e Roxana Sousa e o padre Jos\u00e9 Dabusti, p\u00e1roco da igreja pr\u00f3xima ao hospital de Buenos Aires onde Cande estava sendo tratada e que sugeriu invocar Jo\u00e3o Paulo I.<\/p>\n<h3>Falasca: a import\u00e2ncia da coleta das fontes sobre o futuro beato<\/h3>\n<p>A causa de canoniza\u00e7\u00e3o de Jo\u00e3o Paulo I foi aberta em 2003, vinte e cinco anos ap\u00f3s sua morte, em sua Diocese natal de Belluno-Feltre, e foi conclu\u00edda em 9 de outubro de 2017 com o decreto sobre as virtudes sancionado pelo Papa Francisco.<\/p>\n<p>&#8220;A abertura da Causa &#8211; sublinha a vice-postuladora Stefania Falasca, vice-presidente da Funda\u00e7\u00e3o vaticana Jo\u00e3o Paulo I &#8211; permitiu tamb\u00e9m um trabalho fundamental que nunca havia sido realizado precedentemente e que nos permite falar com conhecimento de Luciani: a aquisi\u00e7\u00e3o das fontes. Um trabalho de pesquisa, de tutela patrimonial, de estudo da sua obra e do magist\u00e9rio que hoje \u00e9 realizado pela nossa Funda\u00e7\u00e3o\u201d.<\/p>\n<p>&nbsp;<\/p>\n","protected":false},"excerpt":{"rendered":"<p>Na Missa de 4 de setembro, presidida pelo Papa Francisco, a peti\u00e7\u00e3o ser\u00e1 lida pelo bispo de Belluno-Feltre Marangoni, pelo postulador cardeal Stella e pela vice-postuladora Falasca. A vig\u00edlia de s\u00e1bado, 3, na Bas\u00edlica de S\u00e3o Jo\u00e3o de Latr\u00e3o, ser\u00e1 presidida pelo cardeal vig\u00e1rio De Donatis, enquanto a Missa de A\u00e7\u00e3o de Gra\u00e7as ser\u00e1 no dia 11 de setembro em Canale d&#8217;Agordo, cidade natal de Jo\u00e3o Paulo I.<\/p>\n","protected":false},"author":1,"featured_media":25921,"comment_status":"closed","ping_status":"closed","sticky":false,"template":"","format":"standard","meta":{"footnotes":""},"categories":[608,906],"tags":[],"class_list":["post-51554","post","type-post","status-publish","format-standard","has-post-thumbnail","hentry","category-igreja-pt-pt","category-papa-francisco-pt-pt"],"yoast_head":"<!-- This site is optimized with the Yoast SEO Premium plugin v27.4 (Yoast SEO v27.4) - https:\/\/yoast.com\/product\/yoast-seo-premium-wordpress\/ -->\n<title>Os eventos que marcam a beatifica\u00e7\u00e3o de Jo\u00e3o Paulo I em 4 de setembro - Schoenstatt<\/title>\n<meta name=\"description\" content=\"Jo\u00e3o Paulo I - Na Missa de 4 de setembro ser\u00e1 presidida pelo Papa Francisco, a peti\u00e7\u00e3o ser\u00e1 lida pelo bispo de Belluno-Feltre Marangoni.\" \/>\n<meta name=\"robots\" content=\"index, follow, max-snippet:-1, max-image-preview:large, max-video-preview:-1\" \/>\n<link rel=\"canonical\" href=\"https:\/\/schoenstatt.com\/pt-pt\/os-eventos-que-marcam-a-beatificacao-de-joao-paulo-i-em-4-de-setembro\/\" \/>\n<meta property=\"og:locale\" content=\"pt_PT\" \/>\n<meta property=\"og:type\" content=\"article\" \/>\n<meta property=\"og:title\" content=\"Os eventos que marcam a beatifica\u00e7\u00e3o de Jo\u00e3o Paulo I em 4 de setembro\" \/>\n<meta property=\"og:description\" content=\"Jo\u00e3o Paulo I - Na Missa de 4 de setembro ser\u00e1 presidida pelo Papa Francisco, a peti\u00e7\u00e3o ser\u00e1 lida pelo bispo de Belluno-Feltre Marangoni.\" \/>\n<meta property=\"og:url\" content=\"https:\/\/schoenstatt.com\/pt-pt\/os-eventos-que-marcam-a-beatificacao-de-joao-paulo-i-em-4-de-setembro\/\" \/>\n<meta property=\"og:site_name\" content=\"Schoenstatt\" \/>\n<meta property=\"article:published_time\" content=\"2022-07-11T15:01:36+00:00\" \/>\n<meta property=\"article:modified_time\" content=\"2025-05-16T01:21:40+00:00\" \/>\n<meta property=\"og:image\" content=\"https:\/\/schoenstatt.com\/wp-content\/uploads\/2022\/07\/JP-I-smiling-1.png\" \/>\n\t<meta property=\"og:image:width\" content=\"496\" \/>\n\t<meta property=\"og:image:height\" content=\"275\" \/>\n\t<meta property=\"og:image:type\" content=\"image\/png\" \/>\n<meta name=\"author\" content=\"admin\" \/>\n<meta name=\"twitter:card\" content=\"summary_large_image\" \/>\n<meta name=\"twitter:label1\" content=\"Escrito por\" \/>\n\t<meta name=\"twitter:data1\" content=\"admin\" \/>\n\t<meta name=\"twitter:label2\" content=\"Tempo estimado de leitura\" \/>\n\t<meta name=\"twitter:data2\" content=\"3 minutos\" \/>\n<script type=\"application\/ld+json\" class=\"yoast-schema-graph\">{\"@context\":\"https:\\\/\\\/schema.org\",\"@graph\":[{\"@type\":\"Article\",\"@id\":\"https:\\\/\\\/schoenstatt.com\\\/pt-pt\\\/os-eventos-que-marcam-a-beatificacao-de-joao-paulo-i-em-4-de-setembro\\\/#article\",\"isPartOf\":{\"@id\":\"https:\\\/\\\/schoenstatt.com\\\/pt-pt\\\/os-eventos-que-marcam-a-beatificacao-de-joao-paulo-i-em-4-de-setembro\\\/\"},\"author\":{\"name\":\"admin\",\"@id\":\"https:\\\/\\\/schoenstatt.com\\\/pt-pt\\\/#\\\/schema\\\/person\\\/489465b1850e7b216fe2c10dfc262551\"},\"headline\":\"Os eventos que marcam a beatifica\u00e7\u00e3o de Jo\u00e3o Paulo I em 4 de setembro\",\"datePublished\":\"2022-07-11T15:01:36+00:00\",\"dateModified\":\"2025-05-16T01:21:40+00:00\",\"mainEntityOfPage\":{\"@id\":\"https:\\\/\\\/schoenstatt.com\\\/pt-pt\\\/os-eventos-que-marcam-a-beatificacao-de-joao-paulo-i-em-4-de-setembro\\\/\"},\"wordCount\":693,\"publisher\":{\"@id\":\"https:\\\/\\\/schoenstatt.com\\\/pt-pt\\\/#organization\"},\"image\":{\"@id\":\"https:\\\/\\\/schoenstatt.com\\\/pt-pt\\\/os-eventos-que-marcam-a-beatificacao-de-joao-paulo-i-em-4-de-setembro\\\/#primaryimage\"},\"thumbnailUrl\":\"https:\\\/\\\/schoenstatt.com\\\/wp-content\\\/uploads\\\/2022\\\/07\\\/JP-I-smiling-1.png\",\"articleSection\":[\"Igreja\",\"Papa Francisco\"],\"inLanguage\":\"pt-PT\"},{\"@type\":\"WebPage\",\"@id\":\"https:\\\/\\\/schoenstatt.com\\\/pt-pt\\\/os-eventos-que-marcam-a-beatificacao-de-joao-paulo-i-em-4-de-setembro\\\/\",\"url\":\"https:\\\/\\\/schoenstatt.com\\\/pt-pt\\\/os-eventos-que-marcam-a-beatificacao-de-joao-paulo-i-em-4-de-setembro\\\/\",\"name\":\"Os eventos que marcam a beatifica\u00e7\u00e3o de Jo\u00e3o Paulo I em 4 de setembro - Schoenstatt\",\"isPartOf\":{\"@id\":\"https:\\\/\\\/schoenstatt.com\\\/pt-pt\\\/#website\"},\"primaryImageOfPage\":{\"@id\":\"https:\\\/\\\/schoenstatt.com\\\/pt-pt\\\/os-eventos-que-marcam-a-beatificacao-de-joao-paulo-i-em-4-de-setembro\\\/#primaryimage\"},\"image\":{\"@id\":\"https:\\\/\\\/schoenstatt.com\\\/pt-pt\\\/os-eventos-que-marcam-a-beatificacao-de-joao-paulo-i-em-4-de-setembro\\\/#primaryimage\"},\"thumbnailUrl\":\"https:\\\/\\\/schoenstatt.com\\\/wp-content\\\/uploads\\\/2022\\\/07\\\/JP-I-smiling-1.png\",\"datePublished\":\"2022-07-11T15:01:36+00:00\",\"dateModified\":\"2025-05-16T01:21:40+00:00\",\"description\":\"Jo\u00e3o Paulo I - Na Missa de 4 de setembro ser\u00e1 presidida pelo Papa Francisco, a peti\u00e7\u00e3o ser\u00e1 lida pelo bispo de Belluno-Feltre Marangoni.\",\"breadcrumb\":{\"@id\":\"https:\\\/\\\/schoenstatt.com\\\/pt-pt\\\/os-eventos-que-marcam-a-beatificacao-de-joao-paulo-i-em-4-de-setembro\\\/#breadcrumb\"},\"inLanguage\":\"pt-PT\",\"potentialAction\":[{\"@type\":\"ReadAction\",\"target\":[\"https:\\\/\\\/schoenstatt.com\\\/pt-pt\\\/os-eventos-que-marcam-a-beatificacao-de-joao-paulo-i-em-4-de-setembro\\\/\"]}]},{\"@type\":\"ImageObject\",\"inLanguage\":\"pt-PT\",\"@id\":\"https:\\\/\\\/schoenstatt.com\\\/pt-pt\\\/os-eventos-que-marcam-a-beatificacao-de-joao-paulo-i-em-4-de-setembro\\\/#primaryimage\",\"url\":\"https:\\\/\\\/schoenstatt.com\\\/wp-content\\\/uploads\\\/2022\\\/07\\\/JP-I-smiling-1.png\",\"contentUrl\":\"https:\\\/\\\/schoenstatt.com\\\/wp-content\\\/uploads\\\/2022\\\/07\\\/JP-I-smiling-1.png\",\"width\":496,\"height\":275,\"caption\":\"beatificaci\u00f3n\"},{\"@type\":\"BreadcrumbList\",\"@id\":\"https:\\\/\\\/schoenstatt.com\\\/pt-pt\\\/os-eventos-que-marcam-a-beatificacao-de-joao-paulo-i-em-4-de-setembro\\\/#breadcrumb\",\"itemListElement\":[{\"@type\":\"ListItem\",\"position\":1,\"name\":\"Portada\",\"item\":\"https:\\\/\\\/schoenstatt.com\\\/pt-pt\\\/home\\\/\"},{\"@type\":\"ListItem\",\"position\":2,\"name\":\"Os eventos que marcam a beatifica\u00e7\u00e3o de Jo\u00e3o Paulo I em 4 de setembro\"}]},{\"@type\":\"WebSite\",\"@id\":\"https:\\\/\\\/schoenstatt.com\\\/pt-pt\\\/#website\",\"url\":\"https:\\\/\\\/schoenstatt.com\\\/pt-pt\\\/\",\"name\":\"Schoenstatt\",\"description\":\"Apostolic Movement\",\"publisher\":{\"@id\":\"https:\\\/\\\/schoenstatt.com\\\/pt-pt\\\/#organization\"},\"potentialAction\":[{\"@type\":\"SearchAction\",\"target\":{\"@type\":\"EntryPoint\",\"urlTemplate\":\"https:\\\/\\\/schoenstatt.com\\\/pt-pt\\\/?s={search_term_string}\"},\"query-input\":{\"@type\":\"PropertyValueSpecification\",\"valueRequired\":true,\"valueName\":\"search_term_string\"}}],\"inLanguage\":\"pt-PT\"},{\"@type\":\"Organization\",\"@id\":\"https:\\\/\\\/schoenstatt.com\\\/pt-pt\\\/#organization\",\"name\":\"Schoenstatt\",\"url\":\"https:\\\/\\\/schoenstatt.com\\\/pt-pt\\\/\",\"logo\":{\"@type\":\"ImageObject\",\"inLanguage\":\"pt-PT\",\"@id\":\"https:\\\/\\\/schoenstatt.com\\\/pt-pt\\\/#\\\/schema\\\/logo\\\/image\\\/\",\"url\":\"https:\\\/\\\/schoenstatt.com\\\/wp-content\\\/uploads\\\/2025\\\/04\\\/logo-schoenstatt-white-696x696-1.png\",\"contentUrl\":\"https:\\\/\\\/schoenstatt.com\\\/wp-content\\\/uploads\\\/2025\\\/04\\\/logo-schoenstatt-white-696x696-1.png\",\"width\":696,\"height\":694,\"caption\":\"Schoenstatt\"},\"image\":{\"@id\":\"https:\\\/\\\/schoenstatt.com\\\/pt-pt\\\/#\\\/schema\\\/logo\\\/image\\\/\"}},{\"@type\":\"Person\",\"@id\":\"https:\\\/\\\/schoenstatt.com\\\/pt-pt\\\/#\\\/schema\\\/person\\\/489465b1850e7b216fe2c10dfc262551\",\"name\":\"admin\",\"image\":{\"@type\":\"ImageObject\",\"inLanguage\":\"pt-PT\",\"@id\":\"https:\\\/\\\/secure.gravatar.com\\\/avatar\\\/02e8345e1ec40ab0e0a2a98fdde64a684bbaf994cddcb778b25b8b024ee9dfe6?s=96&d=mm&r=g\",\"url\":\"https:\\\/\\\/secure.gravatar.com\\\/avatar\\\/02e8345e1ec40ab0e0a2a98fdde64a684bbaf994cddcb778b25b8b024ee9dfe6?s=96&d=mm&r=g\",\"contentUrl\":\"https:\\\/\\\/secure.gravatar.com\\\/avatar\\\/02e8345e1ec40ab0e0a2a98fdde64a684bbaf994cddcb778b25b8b024ee9dfe6?s=96&d=mm&r=g\",\"caption\":\"admin\"},\"sameAs\":[\"https:\\\/\\\/schoenstatt.com\"],\"url\":\"https:\\\/\\\/schoenstatt.com\\\/pt-pt\\\/author\\\/admin\\\/\"}]}<\/script>\n<!-- \/ Yoast SEO Premium plugin. -->","yoast_head_json":{"title":"Os eventos que marcam a beatifica\u00e7\u00e3o de Jo\u00e3o Paulo I em 4 de setembro - Schoenstatt","description":"Jo\u00e3o Paulo I - Na Missa de 4 de setembro ser\u00e1 presidida pelo Papa Francisco, a peti\u00e7\u00e3o ser\u00e1 lida pelo bispo de Belluno-Feltre Marangoni.","robots":{"index":"index","follow":"follow","max-snippet":"max-snippet:-1","max-image-preview":"max-image-preview:large","max-video-preview":"max-video-preview:-1"},"canonical":"https:\/\/schoenstatt.com\/pt-pt\/os-eventos-que-marcam-a-beatificacao-de-joao-paulo-i-em-4-de-setembro\/","og_locale":"pt_PT","og_type":"article","og_title":"Os eventos que marcam a beatifica\u00e7\u00e3o de Jo\u00e3o Paulo I em 4 de setembro","og_description":"Jo\u00e3o Paulo I - Na Missa de 4 de setembro ser\u00e1 presidida pelo Papa Francisco, a peti\u00e7\u00e3o ser\u00e1 lida pelo bispo de Belluno-Feltre Marangoni.","og_url":"https:\/\/schoenstatt.com\/pt-pt\/os-eventos-que-marcam-a-beatificacao-de-joao-paulo-i-em-4-de-setembro\/","og_site_name":"Schoenstatt","article_published_time":"2022-07-11T15:01:36+00:00","article_modified_time":"2025-05-16T01:21:40+00:00","og_image":[{"width":496,"height":275,"url":"https:\/\/schoenstatt.com\/wp-content\/uploads\/2022\/07\/JP-I-smiling-1.png","type":"image\/png"}],"author":"admin","twitter_card":"summary_large_image","twitter_misc":{"Escrito por":"admin","Tempo estimado de leitura":"3 minutos"},"schema":{"@context":"https:\/\/schema.org","@graph":[{"@type":"Article","@id":"https:\/\/schoenstatt.com\/pt-pt\/os-eventos-que-marcam-a-beatificacao-de-joao-paulo-i-em-4-de-setembro\/#article","isPartOf":{"@id":"https:\/\/schoenstatt.com\/pt-pt\/os-eventos-que-marcam-a-beatificacao-de-joao-paulo-i-em-4-de-setembro\/"},"author":{"name":"admin","@id":"https:\/\/schoenstatt.com\/pt-pt\/#\/schema\/person\/489465b1850e7b216fe2c10dfc262551"},"headline":"Os eventos que marcam a beatifica\u00e7\u00e3o de Jo\u00e3o Paulo I em 4 de setembro","datePublished":"2022-07-11T15:01:36+00:00","dateModified":"2025-05-16T01:21:40+00:00","mainEntityOfPage":{"@id":"https:\/\/schoenstatt.com\/pt-pt\/os-eventos-que-marcam-a-beatificacao-de-joao-paulo-i-em-4-de-setembro\/"},"wordCount":693,"publisher":{"@id":"https:\/\/schoenstatt.com\/pt-pt\/#organization"},"image":{"@id":"https:\/\/schoenstatt.com\/pt-pt\/os-eventos-que-marcam-a-beatificacao-de-joao-paulo-i-em-4-de-setembro\/#primaryimage"},"thumbnailUrl":"https:\/\/schoenstatt.com\/wp-content\/uploads\/2022\/07\/JP-I-smiling-1.png","articleSection":["Igreja","Papa Francisco"],"inLanguage":"pt-PT"},{"@type":"WebPage","@id":"https:\/\/schoenstatt.com\/pt-pt\/os-eventos-que-marcam-a-beatificacao-de-joao-paulo-i-em-4-de-setembro\/","url":"https:\/\/schoenstatt.com\/pt-pt\/os-eventos-que-marcam-a-beatificacao-de-joao-paulo-i-em-4-de-setembro\/","name":"Os eventos que marcam a beatifica\u00e7\u00e3o de Jo\u00e3o Paulo I em 4 de setembro - Schoenstatt","isPartOf":{"@id":"https:\/\/schoenstatt.com\/pt-pt\/#website"},"primaryImageOfPage":{"@id":"https:\/\/schoenstatt.com\/pt-pt\/os-eventos-que-marcam-a-beatificacao-de-joao-paulo-i-em-4-de-setembro\/#primaryimage"},"image":{"@id":"https:\/\/schoenstatt.com\/pt-pt\/os-eventos-que-marcam-a-beatificacao-de-joao-paulo-i-em-4-de-setembro\/#primaryimage"},"thumbnailUrl":"https:\/\/schoenstatt.com\/wp-content\/uploads\/2022\/07\/JP-I-smiling-1.png","datePublished":"2022-07-11T15:01:36+00:00","dateModified":"2025-05-16T01:21:40+00:00","description":"Jo\u00e3o Paulo I - Na Missa de 4 de setembro ser\u00e1 presidida pelo Papa Francisco, a peti\u00e7\u00e3o ser\u00e1 lida pelo bispo de Belluno-Feltre Marangoni.","breadcrumb":{"@id":"https:\/\/schoenstatt.com\/pt-pt\/os-eventos-que-marcam-a-beatificacao-de-joao-paulo-i-em-4-de-setembro\/#breadcrumb"},"inLanguage":"pt-PT","potentialAction":[{"@type":"ReadAction","target":["https:\/\/schoenstatt.com\/pt-pt\/os-eventos-que-marcam-a-beatificacao-de-joao-paulo-i-em-4-de-setembro\/"]}]},{"@type":"ImageObject","inLanguage":"pt-PT","@id":"https:\/\/schoenstatt.com\/pt-pt\/os-eventos-que-marcam-a-beatificacao-de-joao-paulo-i-em-4-de-setembro\/#primaryimage","url":"https:\/\/schoenstatt.com\/wp-content\/uploads\/2022\/07\/JP-I-smiling-1.png","contentUrl":"https:\/\/schoenstatt.com\/wp-content\/uploads\/2022\/07\/JP-I-smiling-1.png","width":496,"height":275,"caption":"beatificaci\u00f3n"},{"@type":"BreadcrumbList","@id":"https:\/\/schoenstatt.com\/pt-pt\/os-eventos-que-marcam-a-beatificacao-de-joao-paulo-i-em-4-de-setembro\/#breadcrumb","itemListElement":[{"@type":"ListItem","position":1,"name":"Portada","item":"https:\/\/schoenstatt.com\/pt-pt\/home\/"},{"@type":"ListItem","position":2,"name":"Os eventos que marcam a beatifica\u00e7\u00e3o de Jo\u00e3o Paulo I em 4 de setembro"}]},{"@type":"WebSite","@id":"https:\/\/schoenstatt.com\/pt-pt\/#website","url":"https:\/\/schoenstatt.com\/pt-pt\/","name":"Schoenstatt","description":"Apostolic Movement","publisher":{"@id":"https:\/\/schoenstatt.com\/pt-pt\/#organization"},"potentialAction":[{"@type":"SearchAction","target":{"@type":"EntryPoint","urlTemplate":"https:\/\/schoenstatt.com\/pt-pt\/?s={search_term_string}"},"query-input":{"@type":"PropertyValueSpecification","valueRequired":true,"valueName":"search_term_string"}}],"inLanguage":"pt-PT"},{"@type":"Organization","@id":"https:\/\/schoenstatt.com\/pt-pt\/#organization","name":"Schoenstatt","url":"https:\/\/schoenstatt.com\/pt-pt\/","logo":{"@type":"ImageObject","inLanguage":"pt-PT","@id":"https:\/\/schoenstatt.com\/pt-pt\/#\/schema\/logo\/image\/","url":"https:\/\/schoenstatt.com\/wp-content\/uploads\/2025\/04\/logo-schoenstatt-white-696x696-1.png","contentUrl":"https:\/\/schoenstatt.com\/wp-content\/uploads\/2025\/04\/logo-schoenstatt-white-696x696-1.png","width":696,"height":694,"caption":"Schoenstatt"},"image":{"@id":"https:\/\/schoenstatt.com\/pt-pt\/#\/schema\/logo\/image\/"}},{"@type":"Person","@id":"https:\/\/schoenstatt.com\/pt-pt\/#\/schema\/person\/489465b1850e7b216fe2c10dfc262551","name":"admin","image":{"@type":"ImageObject","inLanguage":"pt-PT","@id":"https:\/\/secure.gravatar.com\/avatar\/02e8345e1ec40ab0e0a2a98fdde64a684bbaf994cddcb778b25b8b024ee9dfe6?s=96&d=mm&r=g","url":"https:\/\/secure.gravatar.com\/avatar\/02e8345e1ec40ab0e0a2a98fdde64a684bbaf994cddcb778b25b8b024ee9dfe6?s=96&d=mm&r=g","contentUrl":"https:\/\/secure.gravatar.com\/avatar\/02e8345e1ec40ab0e0a2a98fdde64a684bbaf994cddcb778b25b8b024ee9dfe6?s=96&d=mm&r=g","caption":"admin"},"sameAs":["https:\/\/schoenstatt.com"],"url":"https:\/\/schoenstatt.com\/pt-pt\/author\/admin\/"}]}},"_links":{"self":[{"href":"https:\/\/schoenstatt.com\/pt-pt\/wp-json\/wp\/v2\/posts\/51554","targetHints":{"allow":["GET"]}}],"collection":[{"href":"https:\/\/schoenstatt.com\/pt-pt\/wp-json\/wp\/v2\/posts"}],"about":[{"href":"https:\/\/schoenstatt.com\/pt-pt\/wp-json\/wp\/v2\/types\/post"}],"author":[{"embeddable":true,"href":"https:\/\/schoenstatt.com\/pt-pt\/wp-json\/wp\/v2\/users\/1"}],"replies":[{"embeddable":true,"href":"https:\/\/schoenstatt.com\/pt-pt\/wp-json\/wp\/v2\/comments?post=51554"}],"version-history":[{"count":1,"href":"https:\/\/schoenstatt.com\/pt-pt\/wp-json\/wp\/v2\/posts\/51554\/revisions"}],"predecessor-version":[{"id":51628,"href":"https:\/\/schoenstatt.com\/pt-pt\/wp-json\/wp\/v2\/posts\/51554\/revisions\/51628"}],"wp:featuredmedia":[{"embeddable":true,"href":"https:\/\/schoenstatt.com\/pt-pt\/wp-json\/wp\/v2\/media\/25921"}],"wp:attachment":[{"href":"https:\/\/schoenstatt.com\/pt-pt\/wp-json\/wp\/v2\/media?parent=51554"}],"wp:term":[{"taxonomy":"category","embeddable":true,"href":"https:\/\/schoenstatt.com\/pt-pt\/wp-json\/wp\/v2\/categories?post=51554"},{"taxonomy":"post_tag","embeddable":true,"href":"https:\/\/schoenstatt.com\/pt-pt\/wp-json\/wp\/v2\/tags?post=51554"}],"curies":[{"name":"wp","href":"https:\/\/api.w.org\/{rel}","templated":true}]}}