{"id":51547,"date":"2022-07-05T11:00:03","date_gmt":"2022-07-05T09:00:03","guid":{"rendered":"https:\/\/schoenstattdev.wpenginepowered.com\/?p=25882"},"modified":"2025-05-16T03:14:34","modified_gmt":"2025-05-16T01:14:34","slug":"nenhum-outro-resultado-nova-investigacao-das-denuncias-de-um-cidadao-norte-americano-contra-o-padre-kentenich","status":"publish","type":"post","link":"https:\/\/schoenstatt.com\/pt-pt\/nenhum-outro-resultado-nova-investigacao-das-denuncias-de-um-cidadao-norte-americano-contra-o-padre-kentenich\/","title":{"rendered":"Nenhum outro resultado \u2013 nova investiga\u00e7\u00e3o das den\u00fancias de um cidad\u00e3o norte-americano contra o Padre Kentenich"},"content":{"rendered":"<p>Em 3 de maio de 2022 um <a href=\"https:\/\/www.bistum-trier.de\/news-details\/pressedienst\/detail\/News\/seligsprechungsverfahren-fuer-pater-kentenich-ausgesetzt\/?L=0&amp;cHash=07d94cd195ec45aa0bd26d6816a259e3\">comunicado de imprensa da Diocese de Treves<\/a> tornou p\u00fablico que por enquanto o Bispo Dr. Stephan Ackermann n\u00e3o prosseguir\u00e1 ativamente o processo de beatifica\u00e7\u00e3o do Padre Jos\u00e9 Kentenich, fundador da Obra internacional de Schoenstatt. Ele incentivou o prosseguimento da pesquisa livre, que pode levar ao esclarecimento das quest\u00f5es em aberto. Neste contexto, o Bispo informou tamb\u00e9m que havia solicitado uma nova investiga\u00e7\u00e3o das den\u00fancias de um cidad\u00e3o norte-americano que acusou o Padre Kentenich de abuso sexual.<\/p>\n<p>Como o Bispo de Treves j\u00e1 havia explicado <a href=\"https:\/\/www.bistum-trier.de\/bistum-bischof\/bischof\/im-wortlaut\/in-den-medien\/schoenstatt\/\">na entrevista de 10.3.2021 ao jornal da Igreja \u201cPaulinus\u201d<\/a> , essa den\u00fancia j\u00e1 foi examinada na arquidiocese de Milwaukee em 1994\/95. Na entrevista, o Oispo resumiu: \u201cA investiga\u00e7\u00e3o das den\u00fancias realizada pela arquidiocese de Milwaukee resultou num relat\u00f3rio escrito pelo tribunal eclesi\u00e1stico local. Nesse relat\u00f3rio est\u00e1 expresso que n\u00e3o havia raz\u00e3o para dar continuidade ao referido assunto naquele momento. Dentro da fase diocesana nos foram enviados todos os documentos. Eles foram avaliados e chegou-se \u00e0 conclus\u00e3o de que a investiga\u00e7\u00e3o da arquidiocese de Milwaukee era consistente e podia ser considerada conclusiva.\u201d<\/p>\n<p>Aproximadamente 25 anos depois, no entanto, o Bispo se perguntou: \u201cse a investiga\u00e7\u00e3o realizada naquela \u00e9poca pode ser considerada suficiente tamb\u00e9m de acordo com os crit\u00e9rios atuais, ou se n\u00e3o foram tomados em considera\u00e7\u00e3o aspectos que ainda devem ser inclu\u00eddos para se chegar a uma avalia\u00e7\u00e3o final\u201d.<\/p>\n<p>Por este motivo, o Bispo Ackermann encarregou o advogado Steven M. Biskupic, promotor p\u00fablico daquela \u00e9poca, para conduzir uma nova investiga\u00e7\u00e3o das mencionadas den\u00fancias. No in\u00edcio do ano, o bispo recebeu um relat\u00f3rio detalhado e um resumo redigido pelo mesmo advogado das suas conclus\u00f5es. Esse resumo foi comunicado \u00e0 Presid\u00eancia geral da Obra internacional de Schoenstatt e publicado no site da Diocese de Treves.<\/p>\n<p>Em suas explana\u00e7\u00f5es, o advogado deixa claro que a investiga\u00e7\u00e3o minuciosa realizada em Milwaukee em 1994\/95 tomou mais medidas do que as que eram juridicamente necess\u00e1rias naquela \u00e9poca para esclarecer o caso. Segundo o advogado, no entanto, o longo espa\u00e7o de tempo entre os supostos acontecimentos e hoje impossibilita que \u201cpara todos os envolvidos, infelizmente, &#8230; devido \u00e0 morte de testemunhas-chave seja estabelecido um resultado final\u201d. Ele sugere que em vez de buscar um resultado final neste caso, considerem-se as den\u00fancias n\u00e3o comprovadas \u201ccomo um fator em um estudo mais amplo da vida do Padre Kentenich\u201d. Em seu resumo, o advogado menciona que, \u201centretanto, tornaram-se p\u00fablicas outras den\u00fancias contra o Padre Kentenich do tempo que esteve na Am\u00e9rica do Sul\u201d. Com isto, evidentemente, ele se refere \u00e0s den\u00fancias apresentadas por Ir. Georgia Wagner, relativas aos encontros com o Padre Kentenich, no Chile. Estas den\u00fancias j\u00e1 eram conhecidas no processo de beatifica\u00e7\u00e3o.<\/p>\n<p>O Movimento de Schoenstatt, por sua vez, disponibiliza aqui o documento sum\u00e1rio do advogado. Como \u00e9 habitual nos EUA, por raz\u00f5es legais, n\u00e3o s\u00e3o feitas refer\u00eancias da pessoa do acusador; refere-se a ele com um nome fict\u00edcio. \u00a0Por motivo de prote\u00e7\u00e3o pessoal, n\u00e3o \u00e9 permitida a publica\u00e7\u00e3o do relat\u00f3rio do advogado.<\/p>\n<p><a href=\"https:\/\/schoenstattdev.wpenginepowered.com\/wp-content\/uploads\/2022\/07\/PT-Biskupic_Summary-of-report.pdf\">Leia o relat\u00f3rio<\/a><\/p>\n","protected":false},"excerpt":{"rendered":"<p>Padre Kentenich &#8211; publica\u00e7\u00e3o do resumo redigido por Steven M. Biskupic com as conclus\u00f5es da investiga\u00e7\u00e3o de suposto abuso<\/p>\n","protected":false},"author":1,"featured_media":25880,"comment_status":"closed","ping_status":"closed","sticky":false,"template":"","format":"standard","meta":{"footnotes":""},"categories":[892,880],"tags":[],"class_list":["post-51547","post","type-post","status-publish","format-standard","has-post-thumbnail","hentry","category-causa-kentenich-pt-pt","category-pe-jose-kentenich-pt-pt"],"yoast_head":"<!-- This site is optimized with the Yoast SEO Premium plugin v27.4 (Yoast SEO v27.4) - https:\/\/yoast.com\/product\/yoast-seo-premium-wordpress\/ -->\n<title>Nenhum outro resultado \u2013 nova investiga\u00e7\u00e3o das den\u00fancias de um cidad\u00e3o norte-americano contra o Padre Kentenich<\/title>\n<meta name=\"description\" content=\"Padre Kentenich - publica\u00e7\u00e3o do resumo redigido por Steven M. Biskupic com as conclus\u00f5es da investiga\u00e7\u00e3o de suposto abuso\" \/>\n<meta name=\"robots\" content=\"index, follow, max-snippet:-1, max-image-preview:large, max-video-preview:-1\" \/>\n<link rel=\"canonical\" href=\"https:\/\/schoenstatt.com\/pt-pt\/nenhum-outro-resultado-nova-investigacao-das-denuncias-de-um-cidadao-norte-americano-contra-o-padre-kentenich\/\" \/>\n<meta property=\"og:locale\" content=\"pt_PT\" \/>\n<meta property=\"og:type\" content=\"article\" \/>\n<meta property=\"og:title\" content=\"Nenhum outro resultado \u2013 nova investiga\u00e7\u00e3o das den\u00fancias de um cidad\u00e3o norte-americano contra o Padre Kentenich\" \/>\n<meta property=\"og:description\" content=\"Padre Kentenich - publica\u00e7\u00e3o do resumo redigido por Steven M. Biskupic com as conclus\u00f5es da investiga\u00e7\u00e3o de suposto abuso\" \/>\n<meta property=\"og:url\" content=\"https:\/\/schoenstatt.com\/pt-pt\/nenhum-outro-resultado-nova-investigacao-das-denuncias-de-um-cidadao-norte-americano-contra-o-padre-kentenich\/\" \/>\n<meta property=\"og:site_name\" content=\"Schoenstatt\" \/>\n<meta property=\"article:published_time\" content=\"2022-07-05T09:00:03+00:00\" \/>\n<meta property=\"article:modified_time\" content=\"2025-05-16T01:14:34+00:00\" \/>\n<meta property=\"og:image\" content=\"https:\/\/schoenstatt.com\/wp-content\/uploads\/2022\/07\/WhatsApp-Image-2022-07-04-at-13.03.25-3.jpeg\" \/>\n\t<meta property=\"og:image:width\" content=\"680\" \/>\n\t<meta property=\"og:image:height\" content=\"340\" \/>\n\t<meta property=\"og:image:type\" content=\"image\/jpeg\" \/>\n<meta name=\"author\" content=\"admin\" \/>\n<meta name=\"twitter:card\" content=\"summary_large_image\" \/>\n<meta name=\"twitter:label1\" content=\"Escrito por\" \/>\n\t<meta name=\"twitter:data1\" content=\"admin\" \/>\n\t<meta name=\"twitter:label2\" content=\"Tempo estimado de leitura\" \/>\n\t<meta name=\"twitter:data2\" content=\"3 minutos\" \/>\n<script type=\"application\/ld+json\" class=\"yoast-schema-graph\">{\"@context\":\"https:\\\/\\\/schema.org\",\"@graph\":[{\"@type\":\"Article\",\"@id\":\"https:\\\/\\\/schoenstatt.com\\\/pt-pt\\\/nenhum-outro-resultado-nova-investigacao-das-denuncias-de-um-cidadao-norte-americano-contra-o-padre-kentenich\\\/#article\",\"isPartOf\":{\"@id\":\"https:\\\/\\\/schoenstatt.com\\\/pt-pt\\\/nenhum-outro-resultado-nova-investigacao-das-denuncias-de-um-cidadao-norte-americano-contra-o-padre-kentenich\\\/\"},\"author\":{\"name\":\"admin\",\"@id\":\"https:\\\/\\\/schoenstatt.com\\\/pt-pt\\\/#\\\/schema\\\/person\\\/489465b1850e7b216fe2c10dfc262551\"},\"headline\":\"Nenhum outro resultado \u2013 nova investiga\u00e7\u00e3o das den\u00fancias de um cidad\u00e3o norte-americano contra o Padre Kentenich\",\"datePublished\":\"2022-07-05T09:00:03+00:00\",\"dateModified\":\"2025-05-16T01:14:34+00:00\",\"mainEntityOfPage\":{\"@id\":\"https:\\\/\\\/schoenstatt.com\\\/pt-pt\\\/nenhum-outro-resultado-nova-investigacao-das-denuncias-de-um-cidadao-norte-americano-contra-o-padre-kentenich\\\/\"},\"wordCount\":558,\"publisher\":{\"@id\":\"https:\\\/\\\/schoenstatt.com\\\/pt-pt\\\/#organization\"},\"image\":{\"@id\":\"https:\\\/\\\/schoenstatt.com\\\/pt-pt\\\/nenhum-outro-resultado-nova-investigacao-das-denuncias-de-um-cidadao-norte-americano-contra-o-padre-kentenich\\\/#primaryimage\"},\"thumbnailUrl\":\"https:\\\/\\\/schoenstatt.com\\\/wp-content\\\/uploads\\\/2022\\\/07\\\/WhatsApp-Image-2022-07-04-at-13.03.25-3.jpeg\",\"articleSection\":[\"Causa Kentenich\",\"Pe. Jos\u00e9 Kentenich\"],\"inLanguage\":\"pt-PT\"},{\"@type\":\"WebPage\",\"@id\":\"https:\\\/\\\/schoenstatt.com\\\/pt-pt\\\/nenhum-outro-resultado-nova-investigacao-das-denuncias-de-um-cidadao-norte-americano-contra-o-padre-kentenich\\\/\",\"url\":\"https:\\\/\\\/schoenstatt.com\\\/pt-pt\\\/nenhum-outro-resultado-nova-investigacao-das-denuncias-de-um-cidadao-norte-americano-contra-o-padre-kentenich\\\/\",\"name\":\"Nenhum outro resultado \u2013 nova investiga\u00e7\u00e3o das den\u00fancias de um cidad\u00e3o norte-americano contra o Padre Kentenich\",\"isPartOf\":{\"@id\":\"https:\\\/\\\/schoenstatt.com\\\/pt-pt\\\/#website\"},\"primaryImageOfPage\":{\"@id\":\"https:\\\/\\\/schoenstatt.com\\\/pt-pt\\\/nenhum-outro-resultado-nova-investigacao-das-denuncias-de-um-cidadao-norte-americano-contra-o-padre-kentenich\\\/#primaryimage\"},\"image\":{\"@id\":\"https:\\\/\\\/schoenstatt.com\\\/pt-pt\\\/nenhum-outro-resultado-nova-investigacao-das-denuncias-de-um-cidadao-norte-americano-contra-o-padre-kentenich\\\/#primaryimage\"},\"thumbnailUrl\":\"https:\\\/\\\/schoenstatt.com\\\/wp-content\\\/uploads\\\/2022\\\/07\\\/WhatsApp-Image-2022-07-04-at-13.03.25-3.jpeg\",\"datePublished\":\"2022-07-05T09:00:03+00:00\",\"dateModified\":\"2025-05-16T01:14:34+00:00\",\"description\":\"Padre Kentenich - publica\u00e7\u00e3o do resumo redigido por Steven M. Biskupic com as conclus\u00f5es da investiga\u00e7\u00e3o de suposto abuso\",\"breadcrumb\":{\"@id\":\"https:\\\/\\\/schoenstatt.com\\\/pt-pt\\\/nenhum-outro-resultado-nova-investigacao-das-denuncias-de-um-cidadao-norte-americano-contra-o-padre-kentenich\\\/#breadcrumb\"},\"inLanguage\":\"pt-PT\",\"potentialAction\":[{\"@type\":\"ReadAction\",\"target\":[\"https:\\\/\\\/schoenstatt.com\\\/pt-pt\\\/nenhum-outro-resultado-nova-investigacao-das-denuncias-de-um-cidadao-norte-americano-contra-o-padre-kentenich\\\/\"]}]},{\"@type\":\"ImageObject\",\"inLanguage\":\"pt-PT\",\"@id\":\"https:\\\/\\\/schoenstatt.com\\\/pt-pt\\\/nenhum-outro-resultado-nova-investigacao-das-denuncias-de-um-cidadao-norte-americano-contra-o-padre-kentenich\\\/#primaryimage\",\"url\":\"https:\\\/\\\/schoenstatt.com\\\/wp-content\\\/uploads\\\/2022\\\/07\\\/WhatsApp-Image-2022-07-04-at-13.03.25-3.jpeg\",\"contentUrl\":\"https:\\\/\\\/schoenstatt.com\\\/wp-content\\\/uploads\\\/2022\\\/07\\\/WhatsApp-Image-2022-07-04-at-13.03.25-3.jpeg\",\"width\":680,\"height\":340,\"caption\":\"O Pe. Joseph Kentenich viveu neste edif\u00edcio em Milwaukee, EUA, de junho de 1952 a setembro de 1965.\"},{\"@type\":\"BreadcrumbList\",\"@id\":\"https:\\\/\\\/schoenstatt.com\\\/pt-pt\\\/nenhum-outro-resultado-nova-investigacao-das-denuncias-de-um-cidadao-norte-americano-contra-o-padre-kentenich\\\/#breadcrumb\",\"itemListElement\":[{\"@type\":\"ListItem\",\"position\":1,\"name\":\"Portada\",\"item\":\"https:\\\/\\\/schoenstatt.com\\\/pt-pt\\\/home\\\/\"},{\"@type\":\"ListItem\",\"position\":2,\"name\":\"Nenhum outro resultado \u2013 nova investiga\u00e7\u00e3o das den\u00fancias de um cidad\u00e3o norte-americano contra o Padre Kentenich\"}]},{\"@type\":\"WebSite\",\"@id\":\"https:\\\/\\\/schoenstatt.com\\\/pt-pt\\\/#website\",\"url\":\"https:\\\/\\\/schoenstatt.com\\\/pt-pt\\\/\",\"name\":\"Schoenstatt\",\"description\":\"Apostolic Movement\",\"publisher\":{\"@id\":\"https:\\\/\\\/schoenstatt.com\\\/pt-pt\\\/#organization\"},\"potentialAction\":[{\"@type\":\"SearchAction\",\"target\":{\"@type\":\"EntryPoint\",\"urlTemplate\":\"https:\\\/\\\/schoenstatt.com\\\/pt-pt\\\/?s={search_term_string}\"},\"query-input\":{\"@type\":\"PropertyValueSpecification\",\"valueRequired\":true,\"valueName\":\"search_term_string\"}}],\"inLanguage\":\"pt-PT\"},{\"@type\":\"Organization\",\"@id\":\"https:\\\/\\\/schoenstatt.com\\\/pt-pt\\\/#organization\",\"name\":\"Schoenstatt\",\"url\":\"https:\\\/\\\/schoenstatt.com\\\/pt-pt\\\/\",\"logo\":{\"@type\":\"ImageObject\",\"inLanguage\":\"pt-PT\",\"@id\":\"https:\\\/\\\/schoenstatt.com\\\/pt-pt\\\/#\\\/schema\\\/logo\\\/image\\\/\",\"url\":\"https:\\\/\\\/schoenstatt.com\\\/wp-content\\\/uploads\\\/2025\\\/04\\\/logo-schoenstatt-white-696x696-1.png\",\"contentUrl\":\"https:\\\/\\\/schoenstatt.com\\\/wp-content\\\/uploads\\\/2025\\\/04\\\/logo-schoenstatt-white-696x696-1.png\",\"width\":696,\"height\":694,\"caption\":\"Schoenstatt\"},\"image\":{\"@id\":\"https:\\\/\\\/schoenstatt.com\\\/pt-pt\\\/#\\\/schema\\\/logo\\\/image\\\/\"}},{\"@type\":\"Person\",\"@id\":\"https:\\\/\\\/schoenstatt.com\\\/pt-pt\\\/#\\\/schema\\\/person\\\/489465b1850e7b216fe2c10dfc262551\",\"name\":\"admin\",\"image\":{\"@type\":\"ImageObject\",\"inLanguage\":\"pt-PT\",\"@id\":\"https:\\\/\\\/secure.gravatar.com\\\/avatar\\\/02e8345e1ec40ab0e0a2a98fdde64a684bbaf994cddcb778b25b8b024ee9dfe6?s=96&d=mm&r=g\",\"url\":\"https:\\\/\\\/secure.gravatar.com\\\/avatar\\\/02e8345e1ec40ab0e0a2a98fdde64a684bbaf994cddcb778b25b8b024ee9dfe6?s=96&d=mm&r=g\",\"contentUrl\":\"https:\\\/\\\/secure.gravatar.com\\\/avatar\\\/02e8345e1ec40ab0e0a2a98fdde64a684bbaf994cddcb778b25b8b024ee9dfe6?s=96&d=mm&r=g\",\"caption\":\"admin\"},\"sameAs\":[\"https:\\\/\\\/schoenstatt.com\"],\"url\":\"https:\\\/\\\/schoenstatt.com\\\/pt-pt\\\/author\\\/admin\\\/\"}]}<\/script>\n<!-- \/ Yoast SEO Premium plugin. -->","yoast_head_json":{"title":"Nenhum outro resultado \u2013 nova investiga\u00e7\u00e3o das den\u00fancias de um cidad\u00e3o norte-americano contra o Padre Kentenich","description":"Padre Kentenich - publica\u00e7\u00e3o do resumo redigido por Steven M. Biskupic com as conclus\u00f5es da investiga\u00e7\u00e3o de suposto abuso","robots":{"index":"index","follow":"follow","max-snippet":"max-snippet:-1","max-image-preview":"max-image-preview:large","max-video-preview":"max-video-preview:-1"},"canonical":"https:\/\/schoenstatt.com\/pt-pt\/nenhum-outro-resultado-nova-investigacao-das-denuncias-de-um-cidadao-norte-americano-contra-o-padre-kentenich\/","og_locale":"pt_PT","og_type":"article","og_title":"Nenhum outro resultado \u2013 nova investiga\u00e7\u00e3o das den\u00fancias de um cidad\u00e3o norte-americano contra o Padre Kentenich","og_description":"Padre Kentenich - publica\u00e7\u00e3o do resumo redigido por Steven M. Biskupic com as conclus\u00f5es da investiga\u00e7\u00e3o de suposto abuso","og_url":"https:\/\/schoenstatt.com\/pt-pt\/nenhum-outro-resultado-nova-investigacao-das-denuncias-de-um-cidadao-norte-americano-contra-o-padre-kentenich\/","og_site_name":"Schoenstatt","article_published_time":"2022-07-05T09:00:03+00:00","article_modified_time":"2025-05-16T01:14:34+00:00","og_image":[{"width":680,"height":340,"url":"https:\/\/schoenstatt.com\/wp-content\/uploads\/2022\/07\/WhatsApp-Image-2022-07-04-at-13.03.25-3.jpeg","type":"image\/jpeg"}],"author":"admin","twitter_card":"summary_large_image","twitter_misc":{"Escrito por":"admin","Tempo estimado de leitura":"3 minutos"},"schema":{"@context":"https:\/\/schema.org","@graph":[{"@type":"Article","@id":"https:\/\/schoenstatt.com\/pt-pt\/nenhum-outro-resultado-nova-investigacao-das-denuncias-de-um-cidadao-norte-americano-contra-o-padre-kentenich\/#article","isPartOf":{"@id":"https:\/\/schoenstatt.com\/pt-pt\/nenhum-outro-resultado-nova-investigacao-das-denuncias-de-um-cidadao-norte-americano-contra-o-padre-kentenich\/"},"author":{"name":"admin","@id":"https:\/\/schoenstatt.com\/pt-pt\/#\/schema\/person\/489465b1850e7b216fe2c10dfc262551"},"headline":"Nenhum outro resultado \u2013 nova investiga\u00e7\u00e3o das den\u00fancias de um cidad\u00e3o norte-americano contra o Padre Kentenich","datePublished":"2022-07-05T09:00:03+00:00","dateModified":"2025-05-16T01:14:34+00:00","mainEntityOfPage":{"@id":"https:\/\/schoenstatt.com\/pt-pt\/nenhum-outro-resultado-nova-investigacao-das-denuncias-de-um-cidadao-norte-americano-contra-o-padre-kentenich\/"},"wordCount":558,"publisher":{"@id":"https:\/\/schoenstatt.com\/pt-pt\/#organization"},"image":{"@id":"https:\/\/schoenstatt.com\/pt-pt\/nenhum-outro-resultado-nova-investigacao-das-denuncias-de-um-cidadao-norte-americano-contra-o-padre-kentenich\/#primaryimage"},"thumbnailUrl":"https:\/\/schoenstatt.com\/wp-content\/uploads\/2022\/07\/WhatsApp-Image-2022-07-04-at-13.03.25-3.jpeg","articleSection":["Causa Kentenich","Pe. Jos\u00e9 Kentenich"],"inLanguage":"pt-PT"},{"@type":"WebPage","@id":"https:\/\/schoenstatt.com\/pt-pt\/nenhum-outro-resultado-nova-investigacao-das-denuncias-de-um-cidadao-norte-americano-contra-o-padre-kentenich\/","url":"https:\/\/schoenstatt.com\/pt-pt\/nenhum-outro-resultado-nova-investigacao-das-denuncias-de-um-cidadao-norte-americano-contra-o-padre-kentenich\/","name":"Nenhum outro resultado \u2013 nova investiga\u00e7\u00e3o das den\u00fancias de um cidad\u00e3o norte-americano contra o Padre Kentenich","isPartOf":{"@id":"https:\/\/schoenstatt.com\/pt-pt\/#website"},"primaryImageOfPage":{"@id":"https:\/\/schoenstatt.com\/pt-pt\/nenhum-outro-resultado-nova-investigacao-das-denuncias-de-um-cidadao-norte-americano-contra-o-padre-kentenich\/#primaryimage"},"image":{"@id":"https:\/\/schoenstatt.com\/pt-pt\/nenhum-outro-resultado-nova-investigacao-das-denuncias-de-um-cidadao-norte-americano-contra-o-padre-kentenich\/#primaryimage"},"thumbnailUrl":"https:\/\/schoenstatt.com\/wp-content\/uploads\/2022\/07\/WhatsApp-Image-2022-07-04-at-13.03.25-3.jpeg","datePublished":"2022-07-05T09:00:03+00:00","dateModified":"2025-05-16T01:14:34+00:00","description":"Padre Kentenich - publica\u00e7\u00e3o do resumo redigido por Steven M. Biskupic com as conclus\u00f5es da investiga\u00e7\u00e3o de suposto abuso","breadcrumb":{"@id":"https:\/\/schoenstatt.com\/pt-pt\/nenhum-outro-resultado-nova-investigacao-das-denuncias-de-um-cidadao-norte-americano-contra-o-padre-kentenich\/#breadcrumb"},"inLanguage":"pt-PT","potentialAction":[{"@type":"ReadAction","target":["https:\/\/schoenstatt.com\/pt-pt\/nenhum-outro-resultado-nova-investigacao-das-denuncias-de-um-cidadao-norte-americano-contra-o-padre-kentenich\/"]}]},{"@type":"ImageObject","inLanguage":"pt-PT","@id":"https:\/\/schoenstatt.com\/pt-pt\/nenhum-outro-resultado-nova-investigacao-das-denuncias-de-um-cidadao-norte-americano-contra-o-padre-kentenich\/#primaryimage","url":"https:\/\/schoenstatt.com\/wp-content\/uploads\/2022\/07\/WhatsApp-Image-2022-07-04-at-13.03.25-3.jpeg","contentUrl":"https:\/\/schoenstatt.com\/wp-content\/uploads\/2022\/07\/WhatsApp-Image-2022-07-04-at-13.03.25-3.jpeg","width":680,"height":340,"caption":"O Pe. Joseph Kentenich viveu neste edif\u00edcio em Milwaukee, EUA, de junho de 1952 a setembro de 1965."},{"@type":"BreadcrumbList","@id":"https:\/\/schoenstatt.com\/pt-pt\/nenhum-outro-resultado-nova-investigacao-das-denuncias-de-um-cidadao-norte-americano-contra-o-padre-kentenich\/#breadcrumb","itemListElement":[{"@type":"ListItem","position":1,"name":"Portada","item":"https:\/\/schoenstatt.com\/pt-pt\/home\/"},{"@type":"ListItem","position":2,"name":"Nenhum outro resultado \u2013 nova investiga\u00e7\u00e3o das den\u00fancias de um cidad\u00e3o norte-americano contra o Padre Kentenich"}]},{"@type":"WebSite","@id":"https:\/\/schoenstatt.com\/pt-pt\/#website","url":"https:\/\/schoenstatt.com\/pt-pt\/","name":"Schoenstatt","description":"Apostolic Movement","publisher":{"@id":"https:\/\/schoenstatt.com\/pt-pt\/#organization"},"potentialAction":[{"@type":"SearchAction","target":{"@type":"EntryPoint","urlTemplate":"https:\/\/schoenstatt.com\/pt-pt\/?s={search_term_string}"},"query-input":{"@type":"PropertyValueSpecification","valueRequired":true,"valueName":"search_term_string"}}],"inLanguage":"pt-PT"},{"@type":"Organization","@id":"https:\/\/schoenstatt.com\/pt-pt\/#organization","name":"Schoenstatt","url":"https:\/\/schoenstatt.com\/pt-pt\/","logo":{"@type":"ImageObject","inLanguage":"pt-PT","@id":"https:\/\/schoenstatt.com\/pt-pt\/#\/schema\/logo\/image\/","url":"https:\/\/schoenstatt.com\/wp-content\/uploads\/2025\/04\/logo-schoenstatt-white-696x696-1.png","contentUrl":"https:\/\/schoenstatt.com\/wp-content\/uploads\/2025\/04\/logo-schoenstatt-white-696x696-1.png","width":696,"height":694,"caption":"Schoenstatt"},"image":{"@id":"https:\/\/schoenstatt.com\/pt-pt\/#\/schema\/logo\/image\/"}},{"@type":"Person","@id":"https:\/\/schoenstatt.com\/pt-pt\/#\/schema\/person\/489465b1850e7b216fe2c10dfc262551","name":"admin","image":{"@type":"ImageObject","inLanguage":"pt-PT","@id":"https:\/\/secure.gravatar.com\/avatar\/02e8345e1ec40ab0e0a2a98fdde64a684bbaf994cddcb778b25b8b024ee9dfe6?s=96&d=mm&r=g","url":"https:\/\/secure.gravatar.com\/avatar\/02e8345e1ec40ab0e0a2a98fdde64a684bbaf994cddcb778b25b8b024ee9dfe6?s=96&d=mm&r=g","contentUrl":"https:\/\/secure.gravatar.com\/avatar\/02e8345e1ec40ab0e0a2a98fdde64a684bbaf994cddcb778b25b8b024ee9dfe6?s=96&d=mm&r=g","caption":"admin"},"sameAs":["https:\/\/schoenstatt.com"],"url":"https:\/\/schoenstatt.com\/pt-pt\/author\/admin\/"}]}},"_links":{"self":[{"href":"https:\/\/schoenstatt.com\/pt-pt\/wp-json\/wp\/v2\/posts\/51547","targetHints":{"allow":["GET"]}}],"collection":[{"href":"https:\/\/schoenstatt.com\/pt-pt\/wp-json\/wp\/v2\/posts"}],"about":[{"href":"https:\/\/schoenstatt.com\/pt-pt\/wp-json\/wp\/v2\/types\/post"}],"author":[{"embeddable":true,"href":"https:\/\/schoenstatt.com\/pt-pt\/wp-json\/wp\/v2\/users\/1"}],"replies":[{"embeddable":true,"href":"https:\/\/schoenstatt.com\/pt-pt\/wp-json\/wp\/v2\/comments?post=51547"}],"version-history":[{"count":1,"href":"https:\/\/schoenstatt.com\/pt-pt\/wp-json\/wp\/v2\/posts\/51547\/revisions"}],"predecessor-version":[{"id":51601,"href":"https:\/\/schoenstatt.com\/pt-pt\/wp-json\/wp\/v2\/posts\/51547\/revisions\/51601"}],"wp:featuredmedia":[{"embeddable":true,"href":"https:\/\/schoenstatt.com\/pt-pt\/wp-json\/wp\/v2\/media\/25880"}],"wp:attachment":[{"href":"https:\/\/schoenstatt.com\/pt-pt\/wp-json\/wp\/v2\/media?parent=51547"}],"wp:term":[{"taxonomy":"category","embeddable":true,"href":"https:\/\/schoenstatt.com\/pt-pt\/wp-json\/wp\/v2\/categories?post=51547"},{"taxonomy":"post_tag","embeddable":true,"href":"https:\/\/schoenstatt.com\/pt-pt\/wp-json\/wp\/v2\/tags?post=51547"}],"curies":[{"name":"wp","href":"https:\/\/api.w.org\/{rel}","templated":true}]}}