{"id":51543,"date":"2022-07-02T09:50:01","date_gmt":"2022-07-02T07:50:01","guid":{"rendered":"https:\/\/schoenstattdev.wpenginepowered.com\/?p=25852"},"modified":"2025-05-16T02:52:59","modified_gmt":"2025-05-16T00:52:59","slug":"julho-pelos-idosos","status":"publish","type":"post","link":"https:\/\/schoenstatt.com\/pt-pt\/julho-pelos-idosos\/","title":{"rendered":"JULHO | Pelos idosos"},"content":{"rendered":"<h3>N\u00e3o podemos falar da fam\u00edlia sem falar da import\u00e2ncia que os idosos t\u00eam entre n\u00f3s.<\/h3>\n<p><em><strong>JULHO 2020<\/strong><\/em> &#8211; Nunca fomos t\u00e3o numerosos na hist\u00f3ria da humanidade, mas n\u00e3o sabemos como viver esta nova etapa da vida: para a velhice h\u00e1 muitos planos de assist\u00eancia, mas poucos projetos de vida.<br \/>\nOs mais velhos t\u00eam frequentemente uma sensibilidade especial para o cuidado, para a reflex\u00e3o e o afeto. Somos, ou podemos nos tornar, mestres da ternura. E quanto!<br \/>\nPrecisamos, neste mundo habituado \u00e0 guerra, de uma verdadeira revolu\u00e7\u00e3o da ternura.<br \/>\nTemos aqui uma grande responsabilidade para com as novas gera\u00e7\u00f5es.<br \/>\nLembremo-nos: os av\u00f3s e os idosos s\u00e3o o p\u00e3o que alimenta as nossas vidas, s\u00e3o a sabedoria oculta de um povo, e \u00e9 por isso que devem ser celebrados, e estabeleci um dia dedicado a eles.<br \/>\nRezemos pelos idosos, para que se tornem mestres da ternura, para que a sua experi\u00eancia e sabedoria ajudem os mais jovens a olhar para o futuro com esperan\u00e7a e responsabilidade.<\/p>\n<p><iframe title=\"Pelos idosos - O V\u00eddeo do Papa 07 - Julho de 2022\" width=\"800\" height=\"450\" src=\"https:\/\/www.youtube.com\/embed\/RHEOxJUnjyI?feature=oembed\" frameborder=\"0\" allow=\"accelerometer; autoplay; clipboard-write; encrypted-media; gyroscope; picture-in-picture; web-share\" referrerpolicy=\"strict-origin-when-cross-origin\" allowfullscreen><\/iframe><\/p>\n<p><a href=\"https:\/\/thepopevideo.org\/\">https:\/\/thepopevideo.org\/<\/a><\/p>\n<p><a href=\"https:\/\/schoenstattdev.wpenginepowered.com\/pt-pt\/familia-pt\/junho-pelas-familias\/\">JUNHO | Pelas fam\u00edlias<\/a><\/p>\n","protected":false},"excerpt":{"rendered":"<p>Rezemos pelos idosos, que representam as ra\u00edzes e a mem\u00f3ria de um povo, para que a sua experi\u00eancia e a sua sabedoria ajudem os mais jovens a olhar o futuro com esperan\u00e7a e responsabilidade.<\/p>\n","protected":false},"author":1,"featured_media":25846,"comment_status":"closed","ping_status":"closed","sticky":false,"template":"","format":"standard","meta":{"footnotes":""},"categories":[608,912],"tags":[],"class_list":["post-51543","post","type-post","status-publish","format-standard","has-post-thumbnail","hentry","category-igreja-pt-pt","category-sociedade-pt-pt"],"yoast_head":"<!-- This site is optimized with the Yoast SEO Premium plugin v27.4 (Yoast SEO v27.5) - https:\/\/yoast.com\/product\/yoast-seo-premium-wordpress\/ -->\n<title>JULHO | Pelos idosos - Schoenstatt<\/title>\n<meta name=\"description\" content=\"JULHO - Rezemos pelos idosos, para que a sua experi\u00eancia e a sua sabedoria ajudem os mais jovens a olhar o futuro com esperan\u00e7a.\" \/>\n<meta name=\"robots\" content=\"index, follow, max-snippet:-1, max-image-preview:large, max-video-preview:-1\" \/>\n<link rel=\"canonical\" href=\"https:\/\/schoenstatt.com\/pt-pt\/julho-pelos-idosos\/\" \/>\n<meta property=\"og:locale\" content=\"pt_PT\" \/>\n<meta property=\"og:type\" content=\"article\" \/>\n<meta property=\"og:title\" content=\"JULHO | Pelos idosos\" \/>\n<meta property=\"og:description\" content=\"JULHO - Rezemos pelos idosos, para que a sua experi\u00eancia e a sua sabedoria ajudem os mais jovens a olhar o futuro com esperan\u00e7a.\" \/>\n<meta property=\"og:url\" content=\"https:\/\/schoenstatt.com\/pt-pt\/julho-pelos-idosos\/\" \/>\n<meta property=\"og:site_name\" content=\"Schoenstatt\" \/>\n<meta property=\"article:published_time\" content=\"2022-07-02T07:50:01+00:00\" \/>\n<meta property=\"article:modified_time\" content=\"2025-05-16T00:52:59+00:00\" \/>\n<meta property=\"og:image\" content=\"https:\/\/schoenstatt.com\/wp-content\/uploads\/2022\/07\/ancianos-2-1.png\" \/>\n\t<meta property=\"og:image:width\" content=\"515\" \/>\n\t<meta property=\"og:image:height\" content=\"364\" \/>\n\t<meta property=\"og:image:type\" content=\"image\/png\" \/>\n<meta name=\"author\" content=\"admin\" \/>\n<meta name=\"twitter:card\" content=\"summary_large_image\" \/>\n<meta name=\"twitter:label1\" content=\"Escrito por\" \/>\n\t<meta name=\"twitter:data1\" content=\"admin\" \/>\n\t<meta name=\"twitter:label2\" content=\"Tempo estimado de leitura\" \/>\n\t<meta name=\"twitter:data2\" content=\"1 minuto\" \/>\n<script type=\"application\/ld+json\" class=\"yoast-schema-graph\">{\"@context\":\"https:\\\/\\\/schema.org\",\"@graph\":[{\"@type\":\"Article\",\"@id\":\"https:\\\/\\\/schoenstatt.com\\\/pt-pt\\\/julho-pelos-idosos\\\/#article\",\"isPartOf\":{\"@id\":\"https:\\\/\\\/schoenstatt.com\\\/pt-pt\\\/julho-pelos-idosos\\\/\"},\"author\":{\"name\":\"admin\",\"@id\":\"https:\\\/\\\/schoenstatt.com\\\/pt-pt\\\/#\\\/schema\\\/person\\\/489465b1850e7b216fe2c10dfc262551\"},\"headline\":\"JULHO | Pelos idosos\",\"datePublished\":\"2022-07-02T07:50:01+00:00\",\"dateModified\":\"2025-05-16T00:52:59+00:00\",\"mainEntityOfPage\":{\"@id\":\"https:\\\/\\\/schoenstatt.com\\\/pt-pt\\\/julho-pelos-idosos\\\/\"},\"wordCount\":194,\"publisher\":{\"@id\":\"https:\\\/\\\/schoenstatt.com\\\/pt-pt\\\/#organization\"},\"image\":{\"@id\":\"https:\\\/\\\/schoenstatt.com\\\/pt-pt\\\/julho-pelos-idosos\\\/#primaryimage\"},\"thumbnailUrl\":\"https:\\\/\\\/schoenstatt.com\\\/wp-content\\\/uploads\\\/2022\\\/07\\\/ancianos-2-1.png\",\"articleSection\":[\"Igreja\",\"Sociedade\"],\"inLanguage\":\"pt-PT\"},{\"@type\":\"WebPage\",\"@id\":\"https:\\\/\\\/schoenstatt.com\\\/pt-pt\\\/julho-pelos-idosos\\\/\",\"url\":\"https:\\\/\\\/schoenstatt.com\\\/pt-pt\\\/julho-pelos-idosos\\\/\",\"name\":\"JULHO | Pelos idosos - Schoenstatt\",\"isPartOf\":{\"@id\":\"https:\\\/\\\/schoenstatt.com\\\/pt-pt\\\/#website\"},\"primaryImageOfPage\":{\"@id\":\"https:\\\/\\\/schoenstatt.com\\\/pt-pt\\\/julho-pelos-idosos\\\/#primaryimage\"},\"image\":{\"@id\":\"https:\\\/\\\/schoenstatt.com\\\/pt-pt\\\/julho-pelos-idosos\\\/#primaryimage\"},\"thumbnailUrl\":\"https:\\\/\\\/schoenstatt.com\\\/wp-content\\\/uploads\\\/2022\\\/07\\\/ancianos-2-1.png\",\"datePublished\":\"2022-07-02T07:50:01+00:00\",\"dateModified\":\"2025-05-16T00:52:59+00:00\",\"description\":\"JULHO - Rezemos pelos idosos, para que a sua experi\u00eancia e a sua sabedoria ajudem os mais jovens a olhar o futuro com esperan\u00e7a.\",\"breadcrumb\":{\"@id\":\"https:\\\/\\\/schoenstatt.com\\\/pt-pt\\\/julho-pelos-idosos\\\/#breadcrumb\"},\"inLanguage\":\"pt-PT\",\"potentialAction\":[{\"@type\":\"ReadAction\",\"target\":[\"https:\\\/\\\/schoenstatt.com\\\/pt-pt\\\/julho-pelos-idosos\\\/\"]}]},{\"@type\":\"ImageObject\",\"inLanguage\":\"pt-PT\",\"@id\":\"https:\\\/\\\/schoenstatt.com\\\/pt-pt\\\/julho-pelos-idosos\\\/#primaryimage\",\"url\":\"https:\\\/\\\/schoenstatt.com\\\/wp-content\\\/uploads\\\/2022\\\/07\\\/ancianos-2-1.png\",\"contentUrl\":\"https:\\\/\\\/schoenstatt.com\\\/wp-content\\\/uploads\\\/2022\\\/07\\\/ancianos-2-1.png\",\"width\":515,\"height\":364,\"caption\":\"JULHO\"},{\"@type\":\"BreadcrumbList\",\"@id\":\"https:\\\/\\\/schoenstatt.com\\\/pt-pt\\\/julho-pelos-idosos\\\/#breadcrumb\",\"itemListElement\":[{\"@type\":\"ListItem\",\"position\":1,\"name\":\"Portada\",\"item\":\"https:\\\/\\\/schoenstatt.com\\\/pt-pt\\\/home\\\/\"},{\"@type\":\"ListItem\",\"position\":2,\"name\":\"JULHO | Pelos idosos\"}]},{\"@type\":\"WebSite\",\"@id\":\"https:\\\/\\\/schoenstatt.com\\\/pt-pt\\\/#website\",\"url\":\"https:\\\/\\\/schoenstatt.com\\\/pt-pt\\\/\",\"name\":\"Schoenstatt\",\"description\":\"Apostolic Movement\",\"publisher\":{\"@id\":\"https:\\\/\\\/schoenstatt.com\\\/pt-pt\\\/#organization\"},\"potentialAction\":[{\"@type\":\"SearchAction\",\"target\":{\"@type\":\"EntryPoint\",\"urlTemplate\":\"https:\\\/\\\/schoenstatt.com\\\/pt-pt\\\/?s={search_term_string}\"},\"query-input\":{\"@type\":\"PropertyValueSpecification\",\"valueRequired\":true,\"valueName\":\"search_term_string\"}}],\"inLanguage\":\"pt-PT\"},{\"@type\":\"Organization\",\"@id\":\"https:\\\/\\\/schoenstatt.com\\\/pt-pt\\\/#organization\",\"name\":\"Schoenstatt\",\"url\":\"https:\\\/\\\/schoenstatt.com\\\/pt-pt\\\/\",\"logo\":{\"@type\":\"ImageObject\",\"inLanguage\":\"pt-PT\",\"@id\":\"https:\\\/\\\/schoenstatt.com\\\/pt-pt\\\/#\\\/schema\\\/logo\\\/image\\\/\",\"url\":\"https:\\\/\\\/schoenstatt.com\\\/wp-content\\\/uploads\\\/2025\\\/04\\\/logo-schoenstatt-white-696x696-1.png\",\"contentUrl\":\"https:\\\/\\\/schoenstatt.com\\\/wp-content\\\/uploads\\\/2025\\\/04\\\/logo-schoenstatt-white-696x696-1.png\",\"width\":696,\"height\":694,\"caption\":\"Schoenstatt\"},\"image\":{\"@id\":\"https:\\\/\\\/schoenstatt.com\\\/pt-pt\\\/#\\\/schema\\\/logo\\\/image\\\/\"}},{\"@type\":\"Person\",\"@id\":\"https:\\\/\\\/schoenstatt.com\\\/pt-pt\\\/#\\\/schema\\\/person\\\/489465b1850e7b216fe2c10dfc262551\",\"name\":\"admin\",\"image\":{\"@type\":\"ImageObject\",\"inLanguage\":\"pt-PT\",\"@id\":\"https:\\\/\\\/secure.gravatar.com\\\/avatar\\\/02e8345e1ec40ab0e0a2a98fdde64a684bbaf994cddcb778b25b8b024ee9dfe6?s=96&d=mm&r=g\",\"url\":\"https:\\\/\\\/secure.gravatar.com\\\/avatar\\\/02e8345e1ec40ab0e0a2a98fdde64a684bbaf994cddcb778b25b8b024ee9dfe6?s=96&d=mm&r=g\",\"contentUrl\":\"https:\\\/\\\/secure.gravatar.com\\\/avatar\\\/02e8345e1ec40ab0e0a2a98fdde64a684bbaf994cddcb778b25b8b024ee9dfe6?s=96&d=mm&r=g\",\"caption\":\"admin\"},\"sameAs\":[\"https:\\\/\\\/schoenstatt.com\"],\"url\":\"https:\\\/\\\/schoenstatt.com\\\/pt-pt\\\/author\\\/admin\\\/\"}]}<\/script>\n<!-- \/ Yoast SEO Premium plugin. -->","yoast_head_json":{"title":"JULHO | Pelos idosos - Schoenstatt","description":"JULHO - Rezemos pelos idosos, para que a sua experi\u00eancia e a sua sabedoria ajudem os mais jovens a olhar o futuro com esperan\u00e7a.","robots":{"index":"index","follow":"follow","max-snippet":"max-snippet:-1","max-image-preview":"max-image-preview:large","max-video-preview":"max-video-preview:-1"},"canonical":"https:\/\/schoenstatt.com\/pt-pt\/julho-pelos-idosos\/","og_locale":"pt_PT","og_type":"article","og_title":"JULHO | Pelos idosos","og_description":"JULHO - Rezemos pelos idosos, para que a sua experi\u00eancia e a sua sabedoria ajudem os mais jovens a olhar o futuro com esperan\u00e7a.","og_url":"https:\/\/schoenstatt.com\/pt-pt\/julho-pelos-idosos\/","og_site_name":"Schoenstatt","article_published_time":"2022-07-02T07:50:01+00:00","article_modified_time":"2025-05-16T00:52:59+00:00","og_image":[{"width":515,"height":364,"url":"https:\/\/schoenstatt.com\/wp-content\/uploads\/2022\/07\/ancianos-2-1.png","type":"image\/png"}],"author":"admin","twitter_card":"summary_large_image","twitter_misc":{"Escrito por":"admin","Tempo estimado de leitura":"1 minuto"},"schema":{"@context":"https:\/\/schema.org","@graph":[{"@type":"Article","@id":"https:\/\/schoenstatt.com\/pt-pt\/julho-pelos-idosos\/#article","isPartOf":{"@id":"https:\/\/schoenstatt.com\/pt-pt\/julho-pelos-idosos\/"},"author":{"name":"admin","@id":"https:\/\/schoenstatt.com\/pt-pt\/#\/schema\/person\/489465b1850e7b216fe2c10dfc262551"},"headline":"JULHO | Pelos idosos","datePublished":"2022-07-02T07:50:01+00:00","dateModified":"2025-05-16T00:52:59+00:00","mainEntityOfPage":{"@id":"https:\/\/schoenstatt.com\/pt-pt\/julho-pelos-idosos\/"},"wordCount":194,"publisher":{"@id":"https:\/\/schoenstatt.com\/pt-pt\/#organization"},"image":{"@id":"https:\/\/schoenstatt.com\/pt-pt\/julho-pelos-idosos\/#primaryimage"},"thumbnailUrl":"https:\/\/schoenstatt.com\/wp-content\/uploads\/2022\/07\/ancianos-2-1.png","articleSection":["Igreja","Sociedade"],"inLanguage":"pt-PT"},{"@type":"WebPage","@id":"https:\/\/schoenstatt.com\/pt-pt\/julho-pelos-idosos\/","url":"https:\/\/schoenstatt.com\/pt-pt\/julho-pelos-idosos\/","name":"JULHO | Pelos idosos - Schoenstatt","isPartOf":{"@id":"https:\/\/schoenstatt.com\/pt-pt\/#website"},"primaryImageOfPage":{"@id":"https:\/\/schoenstatt.com\/pt-pt\/julho-pelos-idosos\/#primaryimage"},"image":{"@id":"https:\/\/schoenstatt.com\/pt-pt\/julho-pelos-idosos\/#primaryimage"},"thumbnailUrl":"https:\/\/schoenstatt.com\/wp-content\/uploads\/2022\/07\/ancianos-2-1.png","datePublished":"2022-07-02T07:50:01+00:00","dateModified":"2025-05-16T00:52:59+00:00","description":"JULHO - Rezemos pelos idosos, para que a sua experi\u00eancia e a sua sabedoria ajudem os mais jovens a olhar o futuro com esperan\u00e7a.","breadcrumb":{"@id":"https:\/\/schoenstatt.com\/pt-pt\/julho-pelos-idosos\/#breadcrumb"},"inLanguage":"pt-PT","potentialAction":[{"@type":"ReadAction","target":["https:\/\/schoenstatt.com\/pt-pt\/julho-pelos-idosos\/"]}]},{"@type":"ImageObject","inLanguage":"pt-PT","@id":"https:\/\/schoenstatt.com\/pt-pt\/julho-pelos-idosos\/#primaryimage","url":"https:\/\/schoenstatt.com\/wp-content\/uploads\/2022\/07\/ancianos-2-1.png","contentUrl":"https:\/\/schoenstatt.com\/wp-content\/uploads\/2022\/07\/ancianos-2-1.png","width":515,"height":364,"caption":"JULHO"},{"@type":"BreadcrumbList","@id":"https:\/\/schoenstatt.com\/pt-pt\/julho-pelos-idosos\/#breadcrumb","itemListElement":[{"@type":"ListItem","position":1,"name":"Portada","item":"https:\/\/schoenstatt.com\/pt-pt\/home\/"},{"@type":"ListItem","position":2,"name":"JULHO | Pelos idosos"}]},{"@type":"WebSite","@id":"https:\/\/schoenstatt.com\/pt-pt\/#website","url":"https:\/\/schoenstatt.com\/pt-pt\/","name":"Schoenstatt","description":"Apostolic Movement","publisher":{"@id":"https:\/\/schoenstatt.com\/pt-pt\/#organization"},"potentialAction":[{"@type":"SearchAction","target":{"@type":"EntryPoint","urlTemplate":"https:\/\/schoenstatt.com\/pt-pt\/?s={search_term_string}"},"query-input":{"@type":"PropertyValueSpecification","valueRequired":true,"valueName":"search_term_string"}}],"inLanguage":"pt-PT"},{"@type":"Organization","@id":"https:\/\/schoenstatt.com\/pt-pt\/#organization","name":"Schoenstatt","url":"https:\/\/schoenstatt.com\/pt-pt\/","logo":{"@type":"ImageObject","inLanguage":"pt-PT","@id":"https:\/\/schoenstatt.com\/pt-pt\/#\/schema\/logo\/image\/","url":"https:\/\/schoenstatt.com\/wp-content\/uploads\/2025\/04\/logo-schoenstatt-white-696x696-1.png","contentUrl":"https:\/\/schoenstatt.com\/wp-content\/uploads\/2025\/04\/logo-schoenstatt-white-696x696-1.png","width":696,"height":694,"caption":"Schoenstatt"},"image":{"@id":"https:\/\/schoenstatt.com\/pt-pt\/#\/schema\/logo\/image\/"}},{"@type":"Person","@id":"https:\/\/schoenstatt.com\/pt-pt\/#\/schema\/person\/489465b1850e7b216fe2c10dfc262551","name":"admin","image":{"@type":"ImageObject","inLanguage":"pt-PT","@id":"https:\/\/secure.gravatar.com\/avatar\/02e8345e1ec40ab0e0a2a98fdde64a684bbaf994cddcb778b25b8b024ee9dfe6?s=96&d=mm&r=g","url":"https:\/\/secure.gravatar.com\/avatar\/02e8345e1ec40ab0e0a2a98fdde64a684bbaf994cddcb778b25b8b024ee9dfe6?s=96&d=mm&r=g","contentUrl":"https:\/\/secure.gravatar.com\/avatar\/02e8345e1ec40ab0e0a2a98fdde64a684bbaf994cddcb778b25b8b024ee9dfe6?s=96&d=mm&r=g","caption":"admin"},"sameAs":["https:\/\/schoenstatt.com"],"url":"https:\/\/schoenstatt.com\/pt-pt\/author\/admin\/"}]}},"_links":{"self":[{"href":"https:\/\/schoenstatt.com\/pt-pt\/wp-json\/wp\/v2\/posts\/51543","targetHints":{"allow":["GET"]}}],"collection":[{"href":"https:\/\/schoenstatt.com\/pt-pt\/wp-json\/wp\/v2\/posts"}],"about":[{"href":"https:\/\/schoenstatt.com\/pt-pt\/wp-json\/wp\/v2\/types\/post"}],"author":[{"embeddable":true,"href":"https:\/\/schoenstatt.com\/pt-pt\/wp-json\/wp\/v2\/users\/1"}],"replies":[{"embeddable":true,"href":"https:\/\/schoenstatt.com\/pt-pt\/wp-json\/wp\/v2\/comments?post=51543"}],"version-history":[{"count":1,"href":"https:\/\/schoenstatt.com\/pt-pt\/wp-json\/wp\/v2\/posts\/51543\/revisions"}],"predecessor-version":[{"id":51585,"href":"https:\/\/schoenstatt.com\/pt-pt\/wp-json\/wp\/v2\/posts\/51543\/revisions\/51585"}],"wp:featuredmedia":[{"embeddable":true,"href":"https:\/\/schoenstatt.com\/pt-pt\/wp-json\/wp\/v2\/media\/25846"}],"wp:attachment":[{"href":"https:\/\/schoenstatt.com\/pt-pt\/wp-json\/wp\/v2\/media?parent=51543"}],"wp:term":[{"taxonomy":"category","embeddable":true,"href":"https:\/\/schoenstatt.com\/pt-pt\/wp-json\/wp\/v2\/categories?post=51543"},{"taxonomy":"post_tag","embeddable":true,"href":"https:\/\/schoenstatt.com\/pt-pt\/wp-json\/wp\/v2\/tags?post=51543"}],"curies":[{"name":"wp","href":"https:\/\/api.w.org\/{rel}","templated":true}]}}