{"id":51294,"date":"2022-08-25T08:00:32","date_gmt":"2022-08-25T06:00:32","guid":{"rendered":"https:\/\/schoenstattdev.wpenginepowered.com\/?p=26513"},"modified":"2025-05-16T01:21:48","modified_gmt":"2025-05-15T23:21:48","slug":"a-confederacao-apostolica-universal-na-pratica","status":"publish","type":"post","link":"https:\/\/schoenstatt.com\/pt-pt\/a-confederacao-apostolica-universal-na-pratica\/","title":{"rendered":"A confedera\u00e7\u00e3o apost\u00f3lica universal na pr\u00e1tica"},"content":{"rendered":"<p><em><strong>\u201cO reino dos c\u00e9us \u00e9 comparado ao fermento que uma mulher toma e mistura em tr\u00eas medidas de farinha e que faz fermentar toda a massa\u201d<\/strong><\/em> (Mt 13, 33).<\/p>\n<h3>O que \u00e9 a Confedera\u00e7\u00e3o Apost\u00f3lica Universal?<\/h3>\n<p>Ele chama de \u201cConfedera\u00e7\u00e3o Apost\u00f3lica Universal\u201d (CAU) o prop\u00f3sito de promover a uni\u00e3o das for\u00e7as apost\u00f3licas \u2013 a n\u00edvel paroquial, diocesano, nacional e internacional \u2013 em todos os campos sociais, para enfrentar, em comum, o desafio e a tarefa evangelizadora que a realidade atual apresenta para a Igreja.<\/p>\n<p>Na pr\u00e1tica, isso significa que cada pessoa, comunidade ou ramo do Movimento Apost\u00f3lico de Schoenstatt deve contribuir, com suas caracter\u00edsticas pr\u00f3prias, para gerar a unidade na pluralidade. A Confedera\u00e7\u00e3o Apost\u00f3lica Universal implica a supera\u00e7\u00e3o do esp\u00edrito de divis\u00e3o, das rivalidades e do individualismo, que muitas vezes marcou as comunidades nos s\u00e9culos passados e que pode amea\u00e7ar a unidade da Igreja.<\/p>\n<h3>Como Schoenstatt vive isso?<\/h3>\n<p>A gente pode se perguntar: Como podemos realizar isso hoje? Pe. Alexandre Awi Mello, atualmente Secret\u00e1rio do Dicast\u00e9rio para leigos, fam\u00edlia e vida orienta: \u201cN\u00f3s devemos motivar sempre mais para que a Igreja trabalhe em conjunto, reunindo os diferentes organismos eclesiais, inclusive os movimentos. Por exemplo, participar dos encontros de movimentos, os eventos que re\u00fanem os carismas\u201d.<\/p>\n<p>Vejamos alguns casos pr\u00e1ticos de como a Fam\u00edlia de Schoenstatt, em v\u00e1rios locais, concretiza isso atualmente:<\/p>\n<p>\u2013<a href=\"https:\/\/schoenstattdev.wpenginepowered.com\/pt-pt\/comunidades-de-schoenstatt-pt\/paraguai-fogo-do-meu-pais-tua-missao-em-meu-coracao-25-anos-de-apostolado-das-mfs\/\"><em><strong> Juventude Apost\u00f3lica<\/strong><\/em><\/a>: em v\u00e1rias cidades a juventude de Schoenstatt participa do Setor Juventude da Diocese, dos eventos nacionais \u2013 como a Romaria Nacional, que ocorreu recentemente, do projeto Rota 300 de Aparecida \u2013 nas diversas atividades da par\u00f3quia, etc.<\/p>\n<p>\u2013 <em><strong>Ter\u00e7o dos Homens M\u00e3e Rainha<\/strong><\/em>: re\u00fane cada vez mais homens para rezar o Ter\u00e7o e, consequentemente, se envolvem na vida da comunidade; s\u00e3o abertos para todos os que querem rezar e realizam diversas a\u00e7\u00f5es sociais ao longo do ano.<\/p>\n<p><img fetchpriority=\"high\" decoding=\"async\" class=\"alignnone wp-image-24012 size-full\" src=\"https:\/\/schoenstatt.com\/wp-content\/uploads\/2022\/03\/lichimarinho-1608317688498-cathopic-scaled-1.jpg\" alt=\"Confedera\u00e7\u00e3o Apost\u00f3lica\" width=\"2560\" height=\"1922\" \/><\/p>\n<p>\u2013 <em><strong>Campanha da M\u00e3e Peregrina de Schoenstatt<\/strong><\/em>: une as fam\u00edlias em uma grande rede de gra\u00e7as; integra outras for\u00e7as apost\u00f3licas e carismas, tamb\u00e9m aqueles que est\u00e3o afastados da Igreja e trabalha em conjunto com as demais pastorais.<\/p>\n<p>\u2013<strong><em> Irm\u00e3s de Maria de Schoenstatt<\/em><\/strong>: assessoram o Movimento e tamb\u00e9m est\u00e3o inseridas na vida da Diocese a qual pertencem, liderando e animando a\u00e7\u00f5es apost\u00f3licas e respondendo ao Bispo como pastor; integram os \u00f3rg\u00e3os da CNBB que coordenam os Institutos Seculares e comunidades religiosas e consagradas.<\/p>\n<p>Pe. Alexandre cita outros exemplos: \u201cN\u00f3s temos a gra\u00e7a de ter um representante da Juventude Masculina justamente num \u00f3rg\u00e3o que coordena, em n\u00edvel nacional, as diferentes for\u00e7as apost\u00f3licas que trabalham com jovens. Em todos os encontros nacionais de jovens n\u00f3s temos participado\u201d. Contudo, \u00e9 necess\u00e1rio avan\u00e7ar nessa tarefa, acentua o diretor nacional: \u201cPoder\u00edamos ajudar mais, por exemplo, na Pastoral Familiar. Houve um tempo em que uma Irm\u00e3 de Maria era secret\u00e1ria nacional da Pastoral Familiar na CNBB e ajudou a articular as for\u00e7as dessa pastoral, esse \u00e9 mais um exerc\u00edcio da miss\u00e3o\u201d.<\/p>\n<h3>Como eu posso contribuir com a CAU?<\/h3>\n<p><img decoding=\"async\" class=\"alignnone size-full wp-image-26510\" src=\"https:\/\/schoenstatt.com\/wp-content\/uploads\/2022\/08\/RSCN6673-1.jpg\" alt=\"tercer fin\" width=\"1024\" height=\"768\" \/><\/p>\n<p>Na vida di\u00e1ria h\u00e1 muitas maneiras de promover a unidade na diversidade, come\u00e7ando pela fam\u00edlia, que deveria ser o exemplo primeiro de unidade. Nela todos os integrantes \u2013 pai, m\u00e3e, filhos, av\u00f3s, tios, etc. \u2013 se complementam mutuamente sem perder a originalidade pessoal. \u00c9 poss\u00edvel ser fermento em minha fam\u00edlia me atentando para a viv\u00eancia da unidade: os pais saberem da vida dos filhos e vice-versa; ter um tempo produtivo juntos; di\u00e1logo; ora\u00e7\u00e3o e muitas outras atividades. Isso prepara o cora\u00e7\u00e3o para a aceita\u00e7\u00e3o dos diversos carismas e apostolados em suas diferen\u00e7as.<\/p>\n<p>O trabalho na Igreja, seja em n\u00edvel paroquial, diocesano, qual for, \u00e9 um excelente campo para colaborar com a CAU. Por exemplo, estar sempre unido aos diversos grupos e pastorais da par\u00f3quia, trabalhando em conjunto para gerar bons frutos para o todo; participando das reuni\u00f5es e eventos da comunidade, realizando trabalhos em parceria com outras pastorais, estando pr\u00f3ximo dos irm\u00e3os de comunidade e do p\u00e1roco. Se perten\u00e7o a algum ramo ou comunidade de Schoenstatt, represent\u00e1-lo na vida da comunidade e colocar-me a servi\u00e7o da Igreja.<\/p>\n<p>No trabalho, na escola, na universidade, nas v\u00e1rias atividades tamb\u00e9m \u00e9 poss\u00edvel colaborar com a CAU, gerando um ambiente de unidade. Por exemplo: evitando intrigas e fofocas, estando unido \u00e0s pessoas de outros setores, promovendo encontros para integra\u00e7\u00e3o, colaborando mutuamente com as necessidades do pr\u00f3ximo, etc. O mais importante \u00e9 estarmos unidos por um bem comum.<\/p>\n<blockquote><p>\u201cA Fam\u00edlia de Schoenstatt deve estar especialmente interessada nisso, pois isso \u00e9 parte da nossa miss\u00e3o. E n\u00e3o s\u00f3 estarmos interessados, mas ajudar para que isso aconte\u00e7a, participar da organiza\u00e7\u00e3o\u201d, acentua Pe. Alexandre. Pe. Kentenich sonhava Schoenstatt como o Movimento que \u00e9 cora\u00e7\u00e3o da Igreja; realizar a miss\u00e3o da CAU \u00e9 ser, de fato, esse cora\u00e7\u00e3o pulsante: \u201cQue significa \u2018cora\u00e7\u00e3o\u2019? Significa ser a for\u00e7a de amor mais profunda poss\u00edvel e por ningu\u00e9m ultrapass\u00e1vel. O poder de amor que conquista toda a Igreja e a preenche totalmente de hero\u00edsmo. A for\u00e7a do amor \u2013 tal \u00e9 nossa miss\u00e3o\u201d (Confer\u00eancias de Roma, 1965-66).<\/p><\/blockquote>\n<p><em><strong>Fonte de pesquisa<\/strong><\/em><\/p>\n<p>FERNANDEZ DE ANDRACA, Rafael. 150 preguntas sobre Schoenstatt. Instituto Secular Padres de Schoenstatt. 1\u00aa Edi\u00e7\u00e3o, S\u00e3o Paulo\/SP: 2011.<\/p>\n<p>NIEHAUS, Jonathan. Herois de Fogo. Instituto Secular dos Padres de Schoenstatt. 2\u00aa Edi\u00e7\u00e3o, 2004.<\/p>\n<p>Fonte: <a href=\"http:\/\/www.schoenstattdev.wpenginepowered.com.br\">Schoenstatt Brasil<\/a><\/p>\n","protected":false},"excerpt":{"rendered":"<p>Com o intuito de ser fermento para a Igreja e unir todas as for\u00e7as apost\u00f3licas, Pe. Jos\u00e9 Kentenich se aprofunda numa ideia origin\u00e1ria de S\u00e3o Vicente Pallotti para determinar um dos tr\u00eas objetivos apost\u00f3licos da Obra de Schoenstatt.<\/p>\n","protected":false},"author":1,"featured_media":26503,"comment_status":"closed","ping_status":"closed","sticky":false,"template":"","format":"standard","meta":{"footnotes":""},"categories":[916,608],"tags":[],"class_list":["post-51294","post","type-post","status-publish","format-standard","has-post-thumbnail","hentry","category-espiritualidade-pt-pt","category-igreja-pt-pt"],"yoast_head":"<!-- This site is optimized with the Yoast SEO Premium plugin v27.4 (Yoast SEO v27.5) - https:\/\/yoast.com\/product\/yoast-seo-premium-wordpress\/ -->\n<title>A confedera\u00e7\u00e3o apost\u00f3lica universal na pr\u00e1tica - Schoenstatt<\/title>\n<meta name=\"description\" content=\"O terceiro objetivo de Schoenstatt, a Confedera\u00e7\u00e3o Apost\u00f3lica Universal, chama a trabalhar para a unidade das for\u00e7as apost\u00f3licas da Igreja.\" \/>\n<meta name=\"robots\" content=\"index, follow, max-snippet:-1, max-image-preview:large, max-video-preview:-1\" \/>\n<link rel=\"canonical\" href=\"https:\/\/schoenstatt.com\/pt-pt\/a-confederacao-apostolica-universal-na-pratica\/\" \/>\n<meta property=\"og:locale\" content=\"pt_PT\" \/>\n<meta property=\"og:type\" content=\"article\" \/>\n<meta property=\"og:title\" content=\"A confedera\u00e7\u00e3o apost\u00f3lica universal na pr\u00e1tica\" \/>\n<meta property=\"og:description\" content=\"O terceiro objetivo de Schoenstatt, a Confedera\u00e7\u00e3o Apost\u00f3lica Universal, chama a trabalhar para a unidade das for\u00e7as apost\u00f3licas da Igreja.\" \/>\n<meta property=\"og:url\" content=\"https:\/\/schoenstatt.com\/pt-pt\/a-confederacao-apostolica-universal-na-pratica\/\" \/>\n<meta property=\"og:site_name\" content=\"Schoenstatt\" \/>\n<meta property=\"article:published_time\" content=\"2022-08-25T06:00:32+00:00\" \/>\n<meta property=\"article:modified_time\" content=\"2025-05-15T23:21:48+00:00\" \/>\n<meta property=\"og:image\" content=\"https:\/\/schoenstatt.com\/wp-content\/uploads\/2022\/08\/CAU-1.png\" \/>\n\t<meta property=\"og:image:width\" content=\"599\" \/>\n\t<meta property=\"og:image:height\" content=\"313\" \/>\n\t<meta property=\"og:image:type\" content=\"image\/png\" \/>\n<meta name=\"author\" content=\"admin\" \/>\n<meta name=\"twitter:card\" content=\"summary_large_image\" \/>\n<meta name=\"twitter:label1\" content=\"Escrito por\" \/>\n\t<meta name=\"twitter:data1\" content=\"admin\" \/>\n\t<meta name=\"twitter:label2\" content=\"Tempo estimado de leitura\" \/>\n\t<meta name=\"twitter:data2\" content=\"5 minutos\" \/>\n<script type=\"application\/ld+json\" class=\"yoast-schema-graph\">{\"@context\":\"https:\\\/\\\/schema.org\",\"@graph\":[{\"@type\":\"Article\",\"@id\":\"https:\\\/\\\/schoenstatt.com\\\/pt-pt\\\/a-confederacao-apostolica-universal-na-pratica\\\/#article\",\"isPartOf\":{\"@id\":\"https:\\\/\\\/schoenstatt.com\\\/pt-pt\\\/a-confederacao-apostolica-universal-na-pratica\\\/\"},\"author\":{\"name\":\"admin\",\"@id\":\"https:\\\/\\\/schoenstatt.com\\\/pt-pt\\\/#\\\/schema\\\/person\\\/489465b1850e7b216fe2c10dfc262551\"},\"headline\":\"A confedera\u00e7\u00e3o apost\u00f3lica universal na pr\u00e1tica\",\"datePublished\":\"2022-08-25T06:00:32+00:00\",\"dateModified\":\"2025-05-15T23:21:48+00:00\",\"mainEntityOfPage\":{\"@id\":\"https:\\\/\\\/schoenstatt.com\\\/pt-pt\\\/a-confederacao-apostolica-universal-na-pratica\\\/\"},\"wordCount\":947,\"publisher\":{\"@id\":\"https:\\\/\\\/schoenstatt.com\\\/pt-pt\\\/#organization\"},\"image\":{\"@id\":\"https:\\\/\\\/schoenstatt.com\\\/pt-pt\\\/a-confederacao-apostolica-universal-na-pratica\\\/#primaryimage\"},\"thumbnailUrl\":\"https:\\\/\\\/schoenstatt.com\\\/wp-content\\\/uploads\\\/2022\\\/08\\\/CAU-1.png\",\"articleSection\":[\"Espiritualidade\",\"Igreja\"],\"inLanguage\":\"pt-PT\"},{\"@type\":\"WebPage\",\"@id\":\"https:\\\/\\\/schoenstatt.com\\\/pt-pt\\\/a-confederacao-apostolica-universal-na-pratica\\\/\",\"url\":\"https:\\\/\\\/schoenstatt.com\\\/pt-pt\\\/a-confederacao-apostolica-universal-na-pratica\\\/\",\"name\":\"A confedera\u00e7\u00e3o apost\u00f3lica universal na pr\u00e1tica - Schoenstatt\",\"isPartOf\":{\"@id\":\"https:\\\/\\\/schoenstatt.com\\\/pt-pt\\\/#website\"},\"primaryImageOfPage\":{\"@id\":\"https:\\\/\\\/schoenstatt.com\\\/pt-pt\\\/a-confederacao-apostolica-universal-na-pratica\\\/#primaryimage\"},\"image\":{\"@id\":\"https:\\\/\\\/schoenstatt.com\\\/pt-pt\\\/a-confederacao-apostolica-universal-na-pratica\\\/#primaryimage\"},\"thumbnailUrl\":\"https:\\\/\\\/schoenstatt.com\\\/wp-content\\\/uploads\\\/2022\\\/08\\\/CAU-1.png\",\"datePublished\":\"2022-08-25T06:00:32+00:00\",\"dateModified\":\"2025-05-15T23:21:48+00:00\",\"description\":\"O terceiro objetivo de Schoenstatt, a Confedera\u00e7\u00e3o Apost\u00f3lica Universal, chama a trabalhar para a unidade das for\u00e7as apost\u00f3licas da Igreja.\",\"breadcrumb\":{\"@id\":\"https:\\\/\\\/schoenstatt.com\\\/pt-pt\\\/a-confederacao-apostolica-universal-na-pratica\\\/#breadcrumb\"},\"inLanguage\":\"pt-PT\",\"potentialAction\":[{\"@type\":\"ReadAction\",\"target\":[\"https:\\\/\\\/schoenstatt.com\\\/pt-pt\\\/a-confederacao-apostolica-universal-na-pratica\\\/\"]}]},{\"@type\":\"ImageObject\",\"inLanguage\":\"pt-PT\",\"@id\":\"https:\\\/\\\/schoenstatt.com\\\/pt-pt\\\/a-confederacao-apostolica-universal-na-pratica\\\/#primaryimage\",\"url\":\"https:\\\/\\\/schoenstatt.com\\\/wp-content\\\/uploads\\\/2022\\\/08\\\/CAU-1.png\",\"contentUrl\":\"https:\\\/\\\/schoenstatt.com\\\/wp-content\\\/uploads\\\/2022\\\/08\\\/CAU-1.png\",\"width\":599,\"height\":313,\"caption\":\"Universal Apostolic Confederation\"},{\"@type\":\"BreadcrumbList\",\"@id\":\"https:\\\/\\\/schoenstatt.com\\\/pt-pt\\\/a-confederacao-apostolica-universal-na-pratica\\\/#breadcrumb\",\"itemListElement\":[{\"@type\":\"ListItem\",\"position\":1,\"name\":\"Portada\",\"item\":\"https:\\\/\\\/schoenstatt.com\\\/pt-pt\\\/home\\\/\"},{\"@type\":\"ListItem\",\"position\":2,\"name\":\"A confedera\u00e7\u00e3o apost\u00f3lica universal na pr\u00e1tica\"}]},{\"@type\":\"WebSite\",\"@id\":\"https:\\\/\\\/schoenstatt.com\\\/pt-pt\\\/#website\",\"url\":\"https:\\\/\\\/schoenstatt.com\\\/pt-pt\\\/\",\"name\":\"Schoenstatt\",\"description\":\"Apostolic Movement\",\"publisher\":{\"@id\":\"https:\\\/\\\/schoenstatt.com\\\/pt-pt\\\/#organization\"},\"potentialAction\":[{\"@type\":\"SearchAction\",\"target\":{\"@type\":\"EntryPoint\",\"urlTemplate\":\"https:\\\/\\\/schoenstatt.com\\\/pt-pt\\\/?s={search_term_string}\"},\"query-input\":{\"@type\":\"PropertyValueSpecification\",\"valueRequired\":true,\"valueName\":\"search_term_string\"}}],\"inLanguage\":\"pt-PT\"},{\"@type\":\"Organization\",\"@id\":\"https:\\\/\\\/schoenstatt.com\\\/pt-pt\\\/#organization\",\"name\":\"Schoenstatt\",\"url\":\"https:\\\/\\\/schoenstatt.com\\\/pt-pt\\\/\",\"logo\":{\"@type\":\"ImageObject\",\"inLanguage\":\"pt-PT\",\"@id\":\"https:\\\/\\\/schoenstatt.com\\\/pt-pt\\\/#\\\/schema\\\/logo\\\/image\\\/\",\"url\":\"https:\\\/\\\/schoenstatt.com\\\/wp-content\\\/uploads\\\/2025\\\/04\\\/logo-schoenstatt-white-696x696-1.png\",\"contentUrl\":\"https:\\\/\\\/schoenstatt.com\\\/wp-content\\\/uploads\\\/2025\\\/04\\\/logo-schoenstatt-white-696x696-1.png\",\"width\":696,\"height\":694,\"caption\":\"Schoenstatt\"},\"image\":{\"@id\":\"https:\\\/\\\/schoenstatt.com\\\/pt-pt\\\/#\\\/schema\\\/logo\\\/image\\\/\"}},{\"@type\":\"Person\",\"@id\":\"https:\\\/\\\/schoenstatt.com\\\/pt-pt\\\/#\\\/schema\\\/person\\\/489465b1850e7b216fe2c10dfc262551\",\"name\":\"admin\",\"image\":{\"@type\":\"ImageObject\",\"inLanguage\":\"pt-PT\",\"@id\":\"https:\\\/\\\/secure.gravatar.com\\\/avatar\\\/02e8345e1ec40ab0e0a2a98fdde64a684bbaf994cddcb778b25b8b024ee9dfe6?s=96&d=mm&r=g\",\"url\":\"https:\\\/\\\/secure.gravatar.com\\\/avatar\\\/02e8345e1ec40ab0e0a2a98fdde64a684bbaf994cddcb778b25b8b024ee9dfe6?s=96&d=mm&r=g\",\"contentUrl\":\"https:\\\/\\\/secure.gravatar.com\\\/avatar\\\/02e8345e1ec40ab0e0a2a98fdde64a684bbaf994cddcb778b25b8b024ee9dfe6?s=96&d=mm&r=g\",\"caption\":\"admin\"},\"sameAs\":[\"https:\\\/\\\/schoenstatt.com\"],\"url\":\"https:\\\/\\\/schoenstatt.com\\\/pt-pt\\\/author\\\/admin\\\/\"}]}<\/script>\n<!-- \/ Yoast SEO Premium plugin. -->","yoast_head_json":{"title":"A confedera\u00e7\u00e3o apost\u00f3lica universal na pr\u00e1tica - Schoenstatt","description":"O terceiro objetivo de Schoenstatt, a Confedera\u00e7\u00e3o Apost\u00f3lica Universal, chama a trabalhar para a unidade das for\u00e7as apost\u00f3licas da Igreja.","robots":{"index":"index","follow":"follow","max-snippet":"max-snippet:-1","max-image-preview":"max-image-preview:large","max-video-preview":"max-video-preview:-1"},"canonical":"https:\/\/schoenstatt.com\/pt-pt\/a-confederacao-apostolica-universal-na-pratica\/","og_locale":"pt_PT","og_type":"article","og_title":"A confedera\u00e7\u00e3o apost\u00f3lica universal na pr\u00e1tica","og_description":"O terceiro objetivo de Schoenstatt, a Confedera\u00e7\u00e3o Apost\u00f3lica Universal, chama a trabalhar para a unidade das for\u00e7as apost\u00f3licas da Igreja.","og_url":"https:\/\/schoenstatt.com\/pt-pt\/a-confederacao-apostolica-universal-na-pratica\/","og_site_name":"Schoenstatt","article_published_time":"2022-08-25T06:00:32+00:00","article_modified_time":"2025-05-15T23:21:48+00:00","og_image":[{"width":599,"height":313,"url":"https:\/\/schoenstatt.com\/wp-content\/uploads\/2022\/08\/CAU-1.png","type":"image\/png"}],"author":"admin","twitter_card":"summary_large_image","twitter_misc":{"Escrito por":"admin","Tempo estimado de leitura":"5 minutos"},"schema":{"@context":"https:\/\/schema.org","@graph":[{"@type":"Article","@id":"https:\/\/schoenstatt.com\/pt-pt\/a-confederacao-apostolica-universal-na-pratica\/#article","isPartOf":{"@id":"https:\/\/schoenstatt.com\/pt-pt\/a-confederacao-apostolica-universal-na-pratica\/"},"author":{"name":"admin","@id":"https:\/\/schoenstatt.com\/pt-pt\/#\/schema\/person\/489465b1850e7b216fe2c10dfc262551"},"headline":"A confedera\u00e7\u00e3o apost\u00f3lica universal na pr\u00e1tica","datePublished":"2022-08-25T06:00:32+00:00","dateModified":"2025-05-15T23:21:48+00:00","mainEntityOfPage":{"@id":"https:\/\/schoenstatt.com\/pt-pt\/a-confederacao-apostolica-universal-na-pratica\/"},"wordCount":947,"publisher":{"@id":"https:\/\/schoenstatt.com\/pt-pt\/#organization"},"image":{"@id":"https:\/\/schoenstatt.com\/pt-pt\/a-confederacao-apostolica-universal-na-pratica\/#primaryimage"},"thumbnailUrl":"https:\/\/schoenstatt.com\/wp-content\/uploads\/2022\/08\/CAU-1.png","articleSection":["Espiritualidade","Igreja"],"inLanguage":"pt-PT"},{"@type":"WebPage","@id":"https:\/\/schoenstatt.com\/pt-pt\/a-confederacao-apostolica-universal-na-pratica\/","url":"https:\/\/schoenstatt.com\/pt-pt\/a-confederacao-apostolica-universal-na-pratica\/","name":"A confedera\u00e7\u00e3o apost\u00f3lica universal na pr\u00e1tica - Schoenstatt","isPartOf":{"@id":"https:\/\/schoenstatt.com\/pt-pt\/#website"},"primaryImageOfPage":{"@id":"https:\/\/schoenstatt.com\/pt-pt\/a-confederacao-apostolica-universal-na-pratica\/#primaryimage"},"image":{"@id":"https:\/\/schoenstatt.com\/pt-pt\/a-confederacao-apostolica-universal-na-pratica\/#primaryimage"},"thumbnailUrl":"https:\/\/schoenstatt.com\/wp-content\/uploads\/2022\/08\/CAU-1.png","datePublished":"2022-08-25T06:00:32+00:00","dateModified":"2025-05-15T23:21:48+00:00","description":"O terceiro objetivo de Schoenstatt, a Confedera\u00e7\u00e3o Apost\u00f3lica Universal, chama a trabalhar para a unidade das for\u00e7as apost\u00f3licas da Igreja.","breadcrumb":{"@id":"https:\/\/schoenstatt.com\/pt-pt\/a-confederacao-apostolica-universal-na-pratica\/#breadcrumb"},"inLanguage":"pt-PT","potentialAction":[{"@type":"ReadAction","target":["https:\/\/schoenstatt.com\/pt-pt\/a-confederacao-apostolica-universal-na-pratica\/"]}]},{"@type":"ImageObject","inLanguage":"pt-PT","@id":"https:\/\/schoenstatt.com\/pt-pt\/a-confederacao-apostolica-universal-na-pratica\/#primaryimage","url":"https:\/\/schoenstatt.com\/wp-content\/uploads\/2022\/08\/CAU-1.png","contentUrl":"https:\/\/schoenstatt.com\/wp-content\/uploads\/2022\/08\/CAU-1.png","width":599,"height":313,"caption":"Universal Apostolic Confederation"},{"@type":"BreadcrumbList","@id":"https:\/\/schoenstatt.com\/pt-pt\/a-confederacao-apostolica-universal-na-pratica\/#breadcrumb","itemListElement":[{"@type":"ListItem","position":1,"name":"Portada","item":"https:\/\/schoenstatt.com\/pt-pt\/home\/"},{"@type":"ListItem","position":2,"name":"A confedera\u00e7\u00e3o apost\u00f3lica universal na pr\u00e1tica"}]},{"@type":"WebSite","@id":"https:\/\/schoenstatt.com\/pt-pt\/#website","url":"https:\/\/schoenstatt.com\/pt-pt\/","name":"Schoenstatt","description":"Apostolic Movement","publisher":{"@id":"https:\/\/schoenstatt.com\/pt-pt\/#organization"},"potentialAction":[{"@type":"SearchAction","target":{"@type":"EntryPoint","urlTemplate":"https:\/\/schoenstatt.com\/pt-pt\/?s={search_term_string}"},"query-input":{"@type":"PropertyValueSpecification","valueRequired":true,"valueName":"search_term_string"}}],"inLanguage":"pt-PT"},{"@type":"Organization","@id":"https:\/\/schoenstatt.com\/pt-pt\/#organization","name":"Schoenstatt","url":"https:\/\/schoenstatt.com\/pt-pt\/","logo":{"@type":"ImageObject","inLanguage":"pt-PT","@id":"https:\/\/schoenstatt.com\/pt-pt\/#\/schema\/logo\/image\/","url":"https:\/\/schoenstatt.com\/wp-content\/uploads\/2025\/04\/logo-schoenstatt-white-696x696-1.png","contentUrl":"https:\/\/schoenstatt.com\/wp-content\/uploads\/2025\/04\/logo-schoenstatt-white-696x696-1.png","width":696,"height":694,"caption":"Schoenstatt"},"image":{"@id":"https:\/\/schoenstatt.com\/pt-pt\/#\/schema\/logo\/image\/"}},{"@type":"Person","@id":"https:\/\/schoenstatt.com\/pt-pt\/#\/schema\/person\/489465b1850e7b216fe2c10dfc262551","name":"admin","image":{"@type":"ImageObject","inLanguage":"pt-PT","@id":"https:\/\/secure.gravatar.com\/avatar\/02e8345e1ec40ab0e0a2a98fdde64a684bbaf994cddcb778b25b8b024ee9dfe6?s=96&d=mm&r=g","url":"https:\/\/secure.gravatar.com\/avatar\/02e8345e1ec40ab0e0a2a98fdde64a684bbaf994cddcb778b25b8b024ee9dfe6?s=96&d=mm&r=g","contentUrl":"https:\/\/secure.gravatar.com\/avatar\/02e8345e1ec40ab0e0a2a98fdde64a684bbaf994cddcb778b25b8b024ee9dfe6?s=96&d=mm&r=g","caption":"admin"},"sameAs":["https:\/\/schoenstatt.com"],"url":"https:\/\/schoenstatt.com\/pt-pt\/author\/admin\/"}]}},"_links":{"self":[{"href":"https:\/\/schoenstatt.com\/pt-pt\/wp-json\/wp\/v2\/posts\/51294","targetHints":{"allow":["GET"]}}],"collection":[{"href":"https:\/\/schoenstatt.com\/pt-pt\/wp-json\/wp\/v2\/posts"}],"about":[{"href":"https:\/\/schoenstatt.com\/pt-pt\/wp-json\/wp\/v2\/types\/post"}],"author":[{"embeddable":true,"href":"https:\/\/schoenstatt.com\/pt-pt\/wp-json\/wp\/v2\/users\/1"}],"replies":[{"embeddable":true,"href":"https:\/\/schoenstatt.com\/pt-pt\/wp-json\/wp\/v2\/comments?post=51294"}],"version-history":[{"count":1,"href":"https:\/\/schoenstatt.com\/pt-pt\/wp-json\/wp\/v2\/posts\/51294\/revisions"}],"predecessor-version":[{"id":51527,"href":"https:\/\/schoenstatt.com\/pt-pt\/wp-json\/wp\/v2\/posts\/51294\/revisions\/51527"}],"wp:featuredmedia":[{"embeddable":true,"href":"https:\/\/schoenstatt.com\/pt-pt\/wp-json\/wp\/v2\/media\/26503"}],"wp:attachment":[{"href":"https:\/\/schoenstatt.com\/pt-pt\/wp-json\/wp\/v2\/media?parent=51294"}],"wp:term":[{"taxonomy":"category","embeddable":true,"href":"https:\/\/schoenstatt.com\/pt-pt\/wp-json\/wp\/v2\/categories?post=51294"},{"taxonomy":"post_tag","embeddable":true,"href":"https:\/\/schoenstatt.com\/pt-pt\/wp-json\/wp\/v2\/tags?post=51294"}],"curies":[{"name":"wp","href":"https:\/\/api.w.org\/{rel}","templated":true}]}}