{"id":51269,"date":"2022-08-05T08:00:30","date_gmt":"2022-08-05T06:00:30","guid":{"rendered":"https:\/\/schoenstattdev.wpenginepowered.com\/?p=26226"},"modified":"2025-05-16T00:37:25","modified_gmt":"2025-05-15T22:37:25","slug":"romenia-aproximando-se-de-deus-nas-ferias","status":"publish","type":"post","link":"https:\/\/schoenstatt.com\/pt-pt\/romenia-aproximando-se-de-deus-nas-ferias\/","title":{"rendered":"Rom\u00eania: Aproximando-se de Deus nas f\u00e9rias"},"content":{"rendered":"<p>Durante os acampamentos de f\u00e9rias para meninas na Rom\u00eania\/Temeswar, o fato de que Deus, a f\u00e9 e as f\u00e9rias andam de m\u00e3os dadas ficou claro. G. comenta com entusiasmo: &#8220;Gostei muito de come\u00e7ar e terminar cada dia com Deus. Algo que foi muito bonito para mim foi que tivemos Santa Missa todos os dias&#8221;. As atividades foram \u00f3timas: jogos aqu\u00e1ticos, noites com v\u00e1rias atividades, Olimp\u00edadas, cantar juntas&#8230; Obrigada pelas belas Santas Missas e por este maravilhoso acampamento&#8221;. V. diz: &#8220;Sinto que tenho um novo cora\u00e7\u00e3o depois deste acampamento . Com um cora\u00e7\u00e3o novo, n\u00e3o h\u00e1 problema em acreditar em Deus e aceitar os outros. Se voc\u00ea quer um novo cora\u00e7\u00e3o, voc\u00ea pode pedir a Deus.&#8221;<\/p>\n<p><img fetchpriority=\"high\" decoding=\"async\" class=\"alignnone size-full wp-image-26196\" src=\"https:\/\/schoenstatt.com\/wp-content\/uploads\/2022\/08\/Kep-Peter-atyaval-2022-1.jpg\" alt=\"\" width=\"2048\" height=\"1536\" \/><\/p>\n<h3>Quem ou o que \u00e9 certo para mim?<\/h3>\n<p>Esta pergunta muito importante foi explorada com meninas maiores de 13 anos: Quem ou o que \u00e9 certo para mim? K. relata: &#8220;O programa incluiu v\u00e1rios jogos tamb\u00e9m ao ar livre, aulas em grupo, uma visita \u00e0 cidade onde tomamos sorvete, v\u00e1rias oficinas como pintura de camisetas e elabora\u00e7\u00e3o santu\u00e1rios caseiros muito bonitos. Al\u00e9m disso, foi uma grande experi\u00eancia para n\u00f3s que Merci e Zsuzsi (membros do grupo feminino h\u00fangaro) nos apresentaram ao mundo das cores, nos falaram sobre maquiagem, roupas e moda, e o que se adapta com nosso tipo, cor de pele e muito mais&#8221;.<\/p>\n<h3>O trabalho dom\u00e9stico tamb\u00e9m pode ser divertido<\/h3>\n<p>B. resume suas impress\u00f5es da seguinte forma: &#8220;Entre divers\u00e3o e risadas, tamb\u00e9m participamos das tarefas dom\u00e9sticas, revezando-nos para lavar os pratos, varrer e esfregar, arrumar a mesa e outras tarefas. Essas atividades nos ajudaram a aprender coisas pr\u00e1ticas para a vida. Nossa Senhora, que tamb\u00e9m realizou atividades dom\u00e9sticas, \u00e9 um modelo para n\u00f3s. Sempre podemos contar com ela como amiga\u201d.<\/p>\n<h3>Compromisso com os outros<\/h3>\n<p><img decoding=\"async\" class=\"alignnone wp-image-26192 size-full\" src=\"https:\/\/schoenstatt.com\/wp-content\/uploads\/2022\/08\/20220719_152240-scaled-1.jpg\" alt=\"Rom\u00eania\" width=\"1920\" height=\"2560\" \/><\/p>\n<p>M., que era a mais velha das meninas entre 9 e 12 anos, descobriu sua habilidade e interesse em se envolver com as pequenas: &#8221; Eu realmente gostei desses dias. Para mim foi interessante porque eu era a mais velha das meninas e pude ajud\u00e1-las descobrindo que \u00e9 algo que gosto muito. Infelizmente o tempo passou muito r\u00e1pido, mas j\u00e1 estou ansiosa pelas pr\u00f3ximas f\u00e9rias para voltar a participar de um acampamento&#8221;.<\/p>\n<p>As noites com diferentes atividades foram um elemento de sucesso no acampamento. Nelas, as meninas atuaram individualmente ou em grupo para apresentar acontecimentos divertidos do acampamento ou de suas vidas. Aqui sempre s\u00e3o descobertos talentos que de outra forma teriam permanecido desconhecidos. O &#8220;amigo secreto&#8221; tamb\u00e9m era muito popular: os participantes se deram pequenos presentes e boas a\u00e7\u00f5es sem serem reconhecidos. Somente no \u00faltimo dia se revelam um ao outro com um pequeno presente final.<\/p>\n<p>Cinco meninas selaram a Alian\u00e7a de Amor com Maria. T. est\u00e1 convencida: &#8220;Aprendemos muitas virtudes da M\u00e3e de Deus, como a pureza, a bondade, o servi\u00e7o, a generosidade; a lista \u00e9 intermin\u00e1vel. Tamb\u00e9m conhecemos a vida do padre Jos\u00e9 Kentenich que me inspirou muito. Ele tem uma grande personalidade e conhecer sobre sua vida me emocionou muito&#8221;.<\/p>\n<p>As meninas se sentiram muito confort\u00e1veis \u200b\u200bdurante o acampamento de f\u00e9rias. Isso \u00e9 confirmado pelo testemunho de A.: &#8220;Agrade\u00e7o \u00e0 Sant\u00edssima Virgem que tenho uma fam\u00edlia linda em casa e agrade\u00e7o que tamb\u00e9m encontrei um lar aqui. Aqui eu pude ser eu mesma e nada foi desconfort\u00e1vel ou constrangedor.&#8221;<\/p>\n<h3>Fazer amigas e &#8220;ser luz ardente&#8221;<\/h3>\n<p><img decoding=\"async\" class=\"alignnone wp-image-26208 size-full\" src=\"https:\/\/schoenstatt.com\/wp-content\/uploads\/2022\/08\/20220720_172351-scaled-1.jpg\" alt=\"Rom\u00eania\" width=\"1920\" height=\"2560\" \/><\/p>\n<p>Fazer amizade com os demais e com os &#8220;amigos do c\u00e9u&#8221;, tamb\u00e9m \u00e9 uma experi\u00eancia nova e que nos d\u00e1 dire\u00e7\u00e3o para a vida. M. assim o expressa: &#8220;Encontramos nosso lugar em Schoenstatt e, ao faz\u00ea-lo, iniciamos um caminho de autoeduca\u00e7\u00e3o que consiste em buscar a perfei\u00e7\u00e3o, aceitando nossas imperfei\u00e7\u00f5es e esfor\u00e7ando-nos para parecermos cada vez mais \u00e0 Sant\u00edssima M\u00e3e&#8221;.<\/p>\n<p>A partir da experi\u00eancia de serem amadas, as meninas querem transmitir esta experi\u00eancia aos outros: &#8220;Sabemos que somos amadas porque temos experimentado aqui na Juventude Feminina de Schoenstatt na Rom\u00eania, e sabemos tamb\u00e9m que \u00e9 nossa tarefa transmitir isto: \u201cser luz ardente na escurid\u00e3o que muda o mundo\u201d. L., falando do fato de Schoenstatt n\u00e3o ter surgido de uma apari\u00e7\u00e3o de Maria e que Pe. Kentenich formulou o momento em que todos n\u00f3s tivemos que nos converter em &#8220;apari\u00e7\u00f5es marianas&#8221;, vejo assim: &#8220;Onde quer que apare\u00e7amos, onde quer que estejamos presente, temos que amar como eles e nos comportar como eles&#8221;.<\/p>\n<h3>Schoenstatt nossa casa \u2013 somos filhas amadas e nobres de Deus<\/h3>\n<p><img loading=\"lazy\" decoding=\"async\" class=\"alignnone size-full wp-image-26200\" src=\"https:\/\/schoenstatt.com\/wp-content\/uploads\/2022\/08\/20220720_201920-scaled-1.jpg\" alt=\"\" width=\"2560\" height=\"1920\" \/><\/p>\n<p>T. escreveu depois das f\u00e9rias: &#8220;Em Schoenstatt estou em casa. Aqui posso ser eu mesma. Encontrei meu lugar. Todos n\u00f3s temos dignidade e podemos usar uma coroa secreta em nossas testas porque somos todos preciosos, amados e verdadeiros filhos de Deus. N\u00e3o importa o que os outros pensam de voc\u00eas. Importante \u00e9 o que Deus e Sant\u00edssima M\u00e3e os amem infinitamente como voc\u00eas s\u00e3o&#8221;.<\/p>\n<h3>A casa filial das Irm\u00e3s de Maria cresce<\/h3>\n<p>No momento, as Irm\u00e3s de Temeswar est\u00e3o preparando dois quartos no s\u00f3t\u00e3o, porque a partir de setembro de 2022 chegar\u00e3o duas novas Irm\u00e3s e ent\u00e3o ficar\u00e3o em nove.<\/p>\n<p>Damos gra\u00e7as \u00e0 M\u00e3e Sant\u00edssima por todas as b\u00ean\u00e7\u00e3os que ela envia de Temeswar ao pa\u00eds e aos cora\u00e7\u00f5es das pessoas. Desejamos \u00e0s Irm\u00e3s for\u00e7a, continuidade e cora\u00e7\u00f5es amorosos.<\/p>\n<p>&nbsp;<\/p>\n","protected":false},"excerpt":{"rendered":"<p>As Irm\u00e3s de Maria de Schoenstatt, que gra\u00e7as a alguns benfeitores e institui\u00e7\u00f5es estrangeiras puderam converter seus por\u00f5es em salas de reuni\u00e3o, organizaram tr\u00eas acampamentos de f\u00e9rias para meninas de diferentes idades em seu centro em Temeswar, na Rom\u00eania. Sob o lema &#8220;Eu te escrevi na minha m\u00e3o&#8221;, fizeram artesanato, jogaram, celebraram a missa, rezaram e aprenderam com entusiasmo sobre a vida da Sant\u00edssima Virgem e do Padre Kentenich.<\/p>\n","protected":false},"author":1,"featured_media":26201,"comment_status":"closed","ping_status":"closed","sticky":false,"template":"","format":"standard","meta":{"footnotes":""},"categories":[916],"tags":[],"class_list":["post-51269","post","type-post","status-publish","format-standard","has-post-thumbnail","hentry","category-espiritualidade-pt-pt"],"yoast_head":"<!-- This site is optimized with the Yoast SEO Premium plugin v27.4 (Yoast SEO v27.5) - https:\/\/yoast.com\/product\/yoast-seo-premium-wordpress\/ -->\n<title>Rom\u00eania: Aproximando-se de Deus nas f\u00e9rias - Schoenstatt<\/title>\n<meta name=\"description\" content=\"Rom\u00eania - Semanas de f\u00e9rias com o tema &quot;Eu te escrevi na minha m\u00e3o&quot; nas novas salas do Kellerraum em Temeswar\" \/>\n<meta name=\"robots\" content=\"index, follow, max-snippet:-1, max-image-preview:large, max-video-preview:-1\" \/>\n<link rel=\"canonical\" href=\"https:\/\/schoenstatt.com\/pt-pt\/romenia-aproximando-se-de-deus-nas-ferias\/\" \/>\n<meta property=\"og:locale\" content=\"pt_PT\" \/>\n<meta property=\"og:type\" content=\"article\" \/>\n<meta property=\"og:title\" content=\"Rom\u00eania: Aproximando-se de Deus nas f\u00e9rias\" \/>\n<meta property=\"og:description\" content=\"Rom\u00eania - Semanas de f\u00e9rias com o tema &quot;Eu te escrevi na minha m\u00e3o&quot; nas novas salas do Kellerraum em Temeswar\" \/>\n<meta property=\"og:url\" content=\"https:\/\/schoenstatt.com\/pt-pt\/romenia-aproximando-se-de-deus-nas-ferias\/\" \/>\n<meta property=\"og:site_name\" content=\"Schoenstatt\" \/>\n<meta property=\"article:published_time\" content=\"2022-08-05T06:00:30+00:00\" \/>\n<meta property=\"article:modified_time\" content=\"2025-05-15T22:37:25+00:00\" \/>\n<meta property=\"og:image\" content=\"https:\/\/schoenstatt.com\/wp-content\/uploads\/2022\/08\/Bella-csoport-1.jpg\" \/>\n\t<meta property=\"og:image:width\" content=\"2048\" \/>\n\t<meta property=\"og:image:height\" content=\"1536\" \/>\n\t<meta property=\"og:image:type\" content=\"image\/jpeg\" \/>\n<meta name=\"author\" content=\"admin\" \/>\n<meta name=\"twitter:card\" content=\"summary_large_image\" \/>\n<meta name=\"twitter:label1\" content=\"Escrito por\" \/>\n\t<meta name=\"twitter:data1\" content=\"admin\" \/>\n\t<meta name=\"twitter:label2\" content=\"Tempo estimado de leitura\" \/>\n\t<meta name=\"twitter:data2\" content=\"5 minutos\" \/>\n<script type=\"application\/ld+json\" class=\"yoast-schema-graph\">{\"@context\":\"https:\\\/\\\/schema.org\",\"@graph\":[{\"@type\":\"Article\",\"@id\":\"https:\\\/\\\/schoenstatt.com\\\/pt-pt\\\/romenia-aproximando-se-de-deus-nas-ferias\\\/#article\",\"isPartOf\":{\"@id\":\"https:\\\/\\\/schoenstatt.com\\\/pt-pt\\\/romenia-aproximando-se-de-deus-nas-ferias\\\/\"},\"author\":{\"name\":\"admin\",\"@id\":\"https:\\\/\\\/schoenstatt.com\\\/pt-pt\\\/#\\\/schema\\\/person\\\/489465b1850e7b216fe2c10dfc262551\"},\"headline\":\"Rom\u00eania: Aproximando-se de Deus nas f\u00e9rias\",\"datePublished\":\"2022-08-05T06:00:30+00:00\",\"dateModified\":\"2025-05-15T22:37:25+00:00\",\"mainEntityOfPage\":{\"@id\":\"https:\\\/\\\/schoenstatt.com\\\/pt-pt\\\/romenia-aproximando-se-de-deus-nas-ferias\\\/\"},\"wordCount\":940,\"publisher\":{\"@id\":\"https:\\\/\\\/schoenstatt.com\\\/pt-pt\\\/#organization\"},\"image\":{\"@id\":\"https:\\\/\\\/schoenstatt.com\\\/pt-pt\\\/romenia-aproximando-se-de-deus-nas-ferias\\\/#primaryimage\"},\"thumbnailUrl\":\"https:\\\/\\\/schoenstatt.com\\\/wp-content\\\/uploads\\\/2022\\\/08\\\/Bella-csoport-1.jpg\",\"articleSection\":[\"Espiritualidade\"],\"inLanguage\":\"pt-PT\"},{\"@type\":\"WebPage\",\"@id\":\"https:\\\/\\\/schoenstatt.com\\\/pt-pt\\\/romenia-aproximando-se-de-deus-nas-ferias\\\/\",\"url\":\"https:\\\/\\\/schoenstatt.com\\\/pt-pt\\\/romenia-aproximando-se-de-deus-nas-ferias\\\/\",\"name\":\"Rom\u00eania: Aproximando-se de Deus nas f\u00e9rias - Schoenstatt\",\"isPartOf\":{\"@id\":\"https:\\\/\\\/schoenstatt.com\\\/pt-pt\\\/#website\"},\"primaryImageOfPage\":{\"@id\":\"https:\\\/\\\/schoenstatt.com\\\/pt-pt\\\/romenia-aproximando-se-de-deus-nas-ferias\\\/#primaryimage\"},\"image\":{\"@id\":\"https:\\\/\\\/schoenstatt.com\\\/pt-pt\\\/romenia-aproximando-se-de-deus-nas-ferias\\\/#primaryimage\"},\"thumbnailUrl\":\"https:\\\/\\\/schoenstatt.com\\\/wp-content\\\/uploads\\\/2022\\\/08\\\/Bella-csoport-1.jpg\",\"datePublished\":\"2022-08-05T06:00:30+00:00\",\"dateModified\":\"2025-05-15T22:37:25+00:00\",\"description\":\"Rom\u00eania - Semanas de f\u00e9rias com o tema \\\"Eu te escrevi na minha m\u00e3o\\\" nas novas salas do Kellerraum em Temeswar\",\"breadcrumb\":{\"@id\":\"https:\\\/\\\/schoenstatt.com\\\/pt-pt\\\/romenia-aproximando-se-de-deus-nas-ferias\\\/#breadcrumb\"},\"inLanguage\":\"pt-PT\",\"potentialAction\":[{\"@type\":\"ReadAction\",\"target\":[\"https:\\\/\\\/schoenstatt.com\\\/pt-pt\\\/romenia-aproximando-se-de-deus-nas-ferias\\\/\"]}]},{\"@type\":\"ImageObject\",\"inLanguage\":\"pt-PT\",\"@id\":\"https:\\\/\\\/schoenstatt.com\\\/pt-pt\\\/romenia-aproximando-se-de-deus-nas-ferias\\\/#primaryimage\",\"url\":\"https:\\\/\\\/schoenstatt.com\\\/wp-content\\\/uploads\\\/2022\\\/08\\\/Bella-csoport-1.jpg\",\"contentUrl\":\"https:\\\/\\\/schoenstatt.com\\\/wp-content\\\/uploads\\\/2022\\\/08\\\/Bella-csoport-1.jpg\",\"width\":2048,\"height\":1536,\"caption\":\"Rom\u00eania\"},{\"@type\":\"BreadcrumbList\",\"@id\":\"https:\\\/\\\/schoenstatt.com\\\/pt-pt\\\/romenia-aproximando-se-de-deus-nas-ferias\\\/#breadcrumb\",\"itemListElement\":[{\"@type\":\"ListItem\",\"position\":1,\"name\":\"Portada\",\"item\":\"https:\\\/\\\/schoenstatt.com\\\/pt-pt\\\/home\\\/\"},{\"@type\":\"ListItem\",\"position\":2,\"name\":\"Rom\u00eania: Aproximando-se de Deus nas f\u00e9rias\"}]},{\"@type\":\"WebSite\",\"@id\":\"https:\\\/\\\/schoenstatt.com\\\/pt-pt\\\/#website\",\"url\":\"https:\\\/\\\/schoenstatt.com\\\/pt-pt\\\/\",\"name\":\"Schoenstatt\",\"description\":\"Apostolic Movement\",\"publisher\":{\"@id\":\"https:\\\/\\\/schoenstatt.com\\\/pt-pt\\\/#organization\"},\"potentialAction\":[{\"@type\":\"SearchAction\",\"target\":{\"@type\":\"EntryPoint\",\"urlTemplate\":\"https:\\\/\\\/schoenstatt.com\\\/pt-pt\\\/?s={search_term_string}\"},\"query-input\":{\"@type\":\"PropertyValueSpecification\",\"valueRequired\":true,\"valueName\":\"search_term_string\"}}],\"inLanguage\":\"pt-PT\"},{\"@type\":\"Organization\",\"@id\":\"https:\\\/\\\/schoenstatt.com\\\/pt-pt\\\/#organization\",\"name\":\"Schoenstatt\",\"url\":\"https:\\\/\\\/schoenstatt.com\\\/pt-pt\\\/\",\"logo\":{\"@type\":\"ImageObject\",\"inLanguage\":\"pt-PT\",\"@id\":\"https:\\\/\\\/schoenstatt.com\\\/pt-pt\\\/#\\\/schema\\\/logo\\\/image\\\/\",\"url\":\"https:\\\/\\\/schoenstatt.com\\\/wp-content\\\/uploads\\\/2025\\\/04\\\/logo-schoenstatt-white-696x696-1.png\",\"contentUrl\":\"https:\\\/\\\/schoenstatt.com\\\/wp-content\\\/uploads\\\/2025\\\/04\\\/logo-schoenstatt-white-696x696-1.png\",\"width\":696,\"height\":694,\"caption\":\"Schoenstatt\"},\"image\":{\"@id\":\"https:\\\/\\\/schoenstatt.com\\\/pt-pt\\\/#\\\/schema\\\/logo\\\/image\\\/\"}},{\"@type\":\"Person\",\"@id\":\"https:\\\/\\\/schoenstatt.com\\\/pt-pt\\\/#\\\/schema\\\/person\\\/489465b1850e7b216fe2c10dfc262551\",\"name\":\"admin\",\"image\":{\"@type\":\"ImageObject\",\"inLanguage\":\"pt-PT\",\"@id\":\"https:\\\/\\\/secure.gravatar.com\\\/avatar\\\/02e8345e1ec40ab0e0a2a98fdde64a684bbaf994cddcb778b25b8b024ee9dfe6?s=96&d=mm&r=g\",\"url\":\"https:\\\/\\\/secure.gravatar.com\\\/avatar\\\/02e8345e1ec40ab0e0a2a98fdde64a684bbaf994cddcb778b25b8b024ee9dfe6?s=96&d=mm&r=g\",\"contentUrl\":\"https:\\\/\\\/secure.gravatar.com\\\/avatar\\\/02e8345e1ec40ab0e0a2a98fdde64a684bbaf994cddcb778b25b8b024ee9dfe6?s=96&d=mm&r=g\",\"caption\":\"admin\"},\"sameAs\":[\"https:\\\/\\\/schoenstatt.com\"],\"url\":\"https:\\\/\\\/schoenstatt.com\\\/pt-pt\\\/author\\\/admin\\\/\"}]}<\/script>\n<!-- \/ Yoast SEO Premium plugin. -->","yoast_head_json":{"title":"Rom\u00eania: Aproximando-se de Deus nas f\u00e9rias - Schoenstatt","description":"Rom\u00eania - Semanas de f\u00e9rias com o tema \"Eu te escrevi na minha m\u00e3o\" nas novas salas do Kellerraum em Temeswar","robots":{"index":"index","follow":"follow","max-snippet":"max-snippet:-1","max-image-preview":"max-image-preview:large","max-video-preview":"max-video-preview:-1"},"canonical":"https:\/\/schoenstatt.com\/pt-pt\/romenia-aproximando-se-de-deus-nas-ferias\/","og_locale":"pt_PT","og_type":"article","og_title":"Rom\u00eania: Aproximando-se de Deus nas f\u00e9rias","og_description":"Rom\u00eania - Semanas de f\u00e9rias com o tema \"Eu te escrevi na minha m\u00e3o\" nas novas salas do Kellerraum em Temeswar","og_url":"https:\/\/schoenstatt.com\/pt-pt\/romenia-aproximando-se-de-deus-nas-ferias\/","og_site_name":"Schoenstatt","article_published_time":"2022-08-05T06:00:30+00:00","article_modified_time":"2025-05-15T22:37:25+00:00","og_image":[{"width":2048,"height":1536,"url":"https:\/\/schoenstatt.com\/wp-content\/uploads\/2022\/08\/Bella-csoport-1.jpg","type":"image\/jpeg"}],"author":"admin","twitter_card":"summary_large_image","twitter_misc":{"Escrito por":"admin","Tempo estimado de leitura":"5 minutos"},"schema":{"@context":"https:\/\/schema.org","@graph":[{"@type":"Article","@id":"https:\/\/schoenstatt.com\/pt-pt\/romenia-aproximando-se-de-deus-nas-ferias\/#article","isPartOf":{"@id":"https:\/\/schoenstatt.com\/pt-pt\/romenia-aproximando-se-de-deus-nas-ferias\/"},"author":{"name":"admin","@id":"https:\/\/schoenstatt.com\/pt-pt\/#\/schema\/person\/489465b1850e7b216fe2c10dfc262551"},"headline":"Rom\u00eania: Aproximando-se de Deus nas f\u00e9rias","datePublished":"2022-08-05T06:00:30+00:00","dateModified":"2025-05-15T22:37:25+00:00","mainEntityOfPage":{"@id":"https:\/\/schoenstatt.com\/pt-pt\/romenia-aproximando-se-de-deus-nas-ferias\/"},"wordCount":940,"publisher":{"@id":"https:\/\/schoenstatt.com\/pt-pt\/#organization"},"image":{"@id":"https:\/\/schoenstatt.com\/pt-pt\/romenia-aproximando-se-de-deus-nas-ferias\/#primaryimage"},"thumbnailUrl":"https:\/\/schoenstatt.com\/wp-content\/uploads\/2022\/08\/Bella-csoport-1.jpg","articleSection":["Espiritualidade"],"inLanguage":"pt-PT"},{"@type":"WebPage","@id":"https:\/\/schoenstatt.com\/pt-pt\/romenia-aproximando-se-de-deus-nas-ferias\/","url":"https:\/\/schoenstatt.com\/pt-pt\/romenia-aproximando-se-de-deus-nas-ferias\/","name":"Rom\u00eania: Aproximando-se de Deus nas f\u00e9rias - Schoenstatt","isPartOf":{"@id":"https:\/\/schoenstatt.com\/pt-pt\/#website"},"primaryImageOfPage":{"@id":"https:\/\/schoenstatt.com\/pt-pt\/romenia-aproximando-se-de-deus-nas-ferias\/#primaryimage"},"image":{"@id":"https:\/\/schoenstatt.com\/pt-pt\/romenia-aproximando-se-de-deus-nas-ferias\/#primaryimage"},"thumbnailUrl":"https:\/\/schoenstatt.com\/wp-content\/uploads\/2022\/08\/Bella-csoport-1.jpg","datePublished":"2022-08-05T06:00:30+00:00","dateModified":"2025-05-15T22:37:25+00:00","description":"Rom\u00eania - Semanas de f\u00e9rias com o tema \"Eu te escrevi na minha m\u00e3o\" nas novas salas do Kellerraum em Temeswar","breadcrumb":{"@id":"https:\/\/schoenstatt.com\/pt-pt\/romenia-aproximando-se-de-deus-nas-ferias\/#breadcrumb"},"inLanguage":"pt-PT","potentialAction":[{"@type":"ReadAction","target":["https:\/\/schoenstatt.com\/pt-pt\/romenia-aproximando-se-de-deus-nas-ferias\/"]}]},{"@type":"ImageObject","inLanguage":"pt-PT","@id":"https:\/\/schoenstatt.com\/pt-pt\/romenia-aproximando-se-de-deus-nas-ferias\/#primaryimage","url":"https:\/\/schoenstatt.com\/wp-content\/uploads\/2022\/08\/Bella-csoport-1.jpg","contentUrl":"https:\/\/schoenstatt.com\/wp-content\/uploads\/2022\/08\/Bella-csoport-1.jpg","width":2048,"height":1536,"caption":"Rom\u00eania"},{"@type":"BreadcrumbList","@id":"https:\/\/schoenstatt.com\/pt-pt\/romenia-aproximando-se-de-deus-nas-ferias\/#breadcrumb","itemListElement":[{"@type":"ListItem","position":1,"name":"Portada","item":"https:\/\/schoenstatt.com\/pt-pt\/home\/"},{"@type":"ListItem","position":2,"name":"Rom\u00eania: Aproximando-se de Deus nas f\u00e9rias"}]},{"@type":"WebSite","@id":"https:\/\/schoenstatt.com\/pt-pt\/#website","url":"https:\/\/schoenstatt.com\/pt-pt\/","name":"Schoenstatt","description":"Apostolic Movement","publisher":{"@id":"https:\/\/schoenstatt.com\/pt-pt\/#organization"},"potentialAction":[{"@type":"SearchAction","target":{"@type":"EntryPoint","urlTemplate":"https:\/\/schoenstatt.com\/pt-pt\/?s={search_term_string}"},"query-input":{"@type":"PropertyValueSpecification","valueRequired":true,"valueName":"search_term_string"}}],"inLanguage":"pt-PT"},{"@type":"Organization","@id":"https:\/\/schoenstatt.com\/pt-pt\/#organization","name":"Schoenstatt","url":"https:\/\/schoenstatt.com\/pt-pt\/","logo":{"@type":"ImageObject","inLanguage":"pt-PT","@id":"https:\/\/schoenstatt.com\/pt-pt\/#\/schema\/logo\/image\/","url":"https:\/\/schoenstatt.com\/wp-content\/uploads\/2025\/04\/logo-schoenstatt-white-696x696-1.png","contentUrl":"https:\/\/schoenstatt.com\/wp-content\/uploads\/2025\/04\/logo-schoenstatt-white-696x696-1.png","width":696,"height":694,"caption":"Schoenstatt"},"image":{"@id":"https:\/\/schoenstatt.com\/pt-pt\/#\/schema\/logo\/image\/"}},{"@type":"Person","@id":"https:\/\/schoenstatt.com\/pt-pt\/#\/schema\/person\/489465b1850e7b216fe2c10dfc262551","name":"admin","image":{"@type":"ImageObject","inLanguage":"pt-PT","@id":"https:\/\/secure.gravatar.com\/avatar\/02e8345e1ec40ab0e0a2a98fdde64a684bbaf994cddcb778b25b8b024ee9dfe6?s=96&d=mm&r=g","url":"https:\/\/secure.gravatar.com\/avatar\/02e8345e1ec40ab0e0a2a98fdde64a684bbaf994cddcb778b25b8b024ee9dfe6?s=96&d=mm&r=g","contentUrl":"https:\/\/secure.gravatar.com\/avatar\/02e8345e1ec40ab0e0a2a98fdde64a684bbaf994cddcb778b25b8b024ee9dfe6?s=96&d=mm&r=g","caption":"admin"},"sameAs":["https:\/\/schoenstatt.com"],"url":"https:\/\/schoenstatt.com\/pt-pt\/author\/admin\/"}]}},"_links":{"self":[{"href":"https:\/\/schoenstatt.com\/pt-pt\/wp-json\/wp\/v2\/posts\/51269","targetHints":{"allow":["GET"]}}],"collection":[{"href":"https:\/\/schoenstatt.com\/pt-pt\/wp-json\/wp\/v2\/posts"}],"about":[{"href":"https:\/\/schoenstatt.com\/pt-pt\/wp-json\/wp\/v2\/types\/post"}],"author":[{"embeddable":true,"href":"https:\/\/schoenstatt.com\/pt-pt\/wp-json\/wp\/v2\/users\/1"}],"replies":[{"embeddable":true,"href":"https:\/\/schoenstatt.com\/pt-pt\/wp-json\/wp\/v2\/comments?post=51269"}],"version-history":[{"count":1,"href":"https:\/\/schoenstatt.com\/pt-pt\/wp-json\/wp\/v2\/posts\/51269\/revisions"}],"predecessor-version":[{"id":51392,"href":"https:\/\/schoenstatt.com\/pt-pt\/wp-json\/wp\/v2\/posts\/51269\/revisions\/51392"}],"wp:featuredmedia":[{"embeddable":true,"href":"https:\/\/schoenstatt.com\/pt-pt\/wp-json\/wp\/v2\/media\/26201"}],"wp:attachment":[{"href":"https:\/\/schoenstatt.com\/pt-pt\/wp-json\/wp\/v2\/media?parent=51269"}],"wp:term":[{"taxonomy":"category","embeddable":true,"href":"https:\/\/schoenstatt.com\/pt-pt\/wp-json\/wp\/v2\/categories?post=51269"},{"taxonomy":"post_tag","embeddable":true,"href":"https:\/\/schoenstatt.com\/pt-pt\/wp-json\/wp\/v2\/tags?post=51269"}],"curies":[{"name":"wp","href":"https:\/\/api.w.org\/{rel}","templated":true}]}}