{"id":51021,"date":"2022-09-27T16:20:21","date_gmt":"2022-09-27T14:20:21","guid":{"rendered":"https:\/\/schoenstattdev.wpenginepowered.com\/?p=27088"},"modified":"2025-05-16T03:21:36","modified_gmt":"2025-05-16T01:21:36","slug":"papa-na-cidade-de-matera-quem-adora-a-deus-nao-e-escravo-de-ninguem","status":"publish","type":"post","link":"https:\/\/schoenstatt.com\/pt-pt\/papa-na-cidade-de-matera-quem-adora-a-deus-nao-e-escravo-de-ninguem\/","title":{"rendered":"Papa na cidade de Matera: quem adora a Deus n\u00e3o \u00e9 escravo de ningu\u00e9m"},"content":{"rendered":"<p>Francisco encerrou o Congresso Eucar\u00edstico Nacional em Matera com a celebra\u00e7\u00e3o da missa e a participa\u00e7\u00e3o de milhares de fi\u00e9is. Comentando a par\u00e1bola do pobre L\u00e1zaro, o Pont\u00edfice advertiu para a &#8220;religi\u00e3o do ter e do aparecer&#8221;: &#8220;<em><strong>S\u00f3 o Senhor \u00e9 Deus e todo o resto \u00e9 dom do seu amor<\/strong><\/em>&#8220;.<\/p>\n<p>A missa foi celebrada no Est\u00e1dio Municipal \u201cXXI de setembro\u201d, com a participa\u00e7\u00e3o de cerca de 12 mil fi\u00e9is, e a homilia do Pont\u00edfice foi centralizada no tema da Eucaristia de acordo com o Evangelho de hoje: a par\u00e1bola do rico e do pobre L\u00e1zaro.<\/p>\n<p><img fetchpriority=\"high\" decoding=\"async\" class=\"aligncenter wp-image-27074 size-full\" src=\"https:\/\/schoenstatt.com\/wp-content\/uploads\/2022\/09\/Matera-5-1.png\" alt=\"\" width=\"682\" height=\"383\" \/><\/p>\n<h3>A primazia de Deus na Eucaristia<\/h3>\n<p>De um lado, a opul\u00eancia e a ostenta\u00e7\u00e3o da riqueza; do outro, um pobre que jaz \u00e0 porta \u00e0 espera de um miolo de p\u00e3o para matar a sua fome. Para o Papa, esta contradi\u00e7\u00e3o nos recorda a primazia de Deus presente na Eucaristia.<\/p>\n<p>O rico n\u00e3o est\u00e1 aberto \u00e0 rela\u00e7\u00e3o com Deus porque pensa somente em satisfazer suas necessidades. N\u00e3o tem um nome, s\u00f3 um adjetivo \u2013 rico \u2013 porque identidade \u00e9 dada pelos bens que possui. \u201cComo \u00e9 triste tamb\u00e9m hoje esta realidade, quando confundimos o que somos com o que temos\u201d, afirmou Francisco.<\/p>\n<blockquote><p>\u201c\u00c9 a religi\u00e3o do ter e do aparecer, que com frequ\u00eancia domina o cen\u00e1rio deste mundo, mas no final nos deixa com as m\u00e3os vazias.\u201d<\/p><\/blockquote>\n<p>Ao contr\u00e1rio, o pobre tem um nome, L\u00e1zaro, que significa \u201cDeus ajuda\u201d, e mesmo em sua condi\u00e7\u00e3o de pobreza, pode manter \u00edntegra a sua dignidade porque vive na rela\u00e7\u00e3o com Deus.<\/p>\n<p>Eis, portanto, o desafio que a Eucaristia oferece em nossa vida: adorar a Deus e n\u00e3o a si mesmo. Colocar Ele no centro e n\u00e3o a pr\u00f3pria vaidade. Recordar que s\u00f3 o Senhor \u00e9 Deus e todo o resto \u00e9 dom do seu amor.<\/p>\n<blockquote><p>\u201cRecordemo-nos disto: quem adora a Deus n\u00e3o se torna escravo de ningu\u00e9m. \u00c9 livre!\u201d<\/p><\/blockquote>\n<p>Porque quando adoramos Jesus presente na Eucaristia recebemos um olhar novo sobre a nossa vida e o valor da vida n\u00e3o depende daquilo que consigo exibir. Sou um filho amado, aben\u00e7oado por Deus. O Papa ent\u00e3o convida a redescobrir a ora\u00e7\u00e3o de adora\u00e7\u00e3o, pois esta nos liberta e nos restitui a nossa dignidade de filhos.<\/p>\n<h3>Eucaristia, sacramento do amor<\/h3>\n<p><img decoding=\"async\" class=\"aligncenter wp-image-27066 size-full\" src=\"https:\/\/schoenstatt.com\/wp-content\/uploads\/2022\/09\/Matera-3-1.png\" alt=\"Eucarist\u00eda \" width=\"679\" height=\"419\" \/><\/p>\n<p>Mas al\u00e9m da primazia de Deus, a Eucaristia nos chama ao amor dos irm\u00e3os. \u201cEste P\u00e3o \u00e9, por excel\u00eancia, o Sacramento do amor.\u201d \u00c9 Cristo que se oferece e se parte por n\u00f3s e pede que fa\u00e7amos o mesmo com os irm\u00e3os.<\/p>\n<p>O rico do Evangelho n\u00e3o cumpre esta tarefa. S\u00f3 no fim da vida, quando o Senhor inverte as sortes, \u00e9 que ele se d\u00e1 conta de L\u00e1zaro, mas Abra\u00e3o lhe diz: \u00a0\u201ch\u00e1 um grande abismo\u00a0entre n\u00f3s\u201d. E foi o rico quem escavou este abismo durante a vida terrena e que permanece na vida eterna.<\/p>\n<p>\u201cO nosso futuro eterno depende desta vida presente\u201d, advertiu Francisco, e \u00e9 doloroso ver que esta par\u00e1bola ainda se manifesta nos dias de hoje atrav\u00e9s das injusti\u00e7as, das disparidades, da distribui\u00e7\u00e3o desigual dos recursos da terra, dos abusos dos poderosos contra os mais fracos. Todos os dias se escava um abismo que gera marginaliza\u00e7\u00e3o e que n\u00e3o pode nos deixar indiferentes.<\/p>\n<blockquote><p>\u201cE hoje, ent\u00e3o, juntos reconhe\u00e7amos que a Eucaristia \u00e9 profecia de um novo mundo, \u00e9 a presen\u00e7a de Jesus que nos pede para nos comprometermos para que se realize uma efetiva convers\u00e3o: da indiferen\u00e7a \u00e0 compaix\u00e3o, do desperd\u00edcio \u00e0 compartilha, do ego\u00edsmo ao amor, do individualismo \u00e0 fraternidade.\u201d<\/p><\/blockquote>\n<h3>O sonho de uma Igreja eucar\u00edstica<\/h3>\n<p>Assim sonhamos a Igreja, acrescentou o Papa: eucar\u00edstica. Feita de mulheres e homens que se oferecem como p\u00e3o para quem vive na solid\u00e3o e na pobreza. Uma Igreja que se ajoelha diante da Eucaristia, mas sabe tamb\u00e9m curvar-se com compaix\u00e3o diante das feridas de quem sofre. \u201cPorque n\u00e3o existe um verdadeiro culto eucar\u00edstico sem compaix\u00e3o pelos muitos \u2018L\u00e1zaros\u2019 que tamb\u00e9m hoje caminham ao nosso lado.\u201d<\/p>\n<p>Francisco conclui repetindo o tema do Congresso Eucar\u00edstico: Voltemos ao sabor do p\u00e3o, porque s\u00f3 Jesus sacia a nossa fome e pode curar as injusti\u00e7as que ainda se consomem no mundo.<\/p>\n<p><img decoding=\"async\" class=\"aligncenter wp-image-27086 size-full\" src=\"https:\/\/schoenstatt.com\/wp-content\/uploads\/2022\/09\/Matera-8-1.png\" alt=\"\" width=\"447\" height=\"421\" \/><\/p>\n<p><em><strong>\u201cVoltemos a Jesus, adoremos Jesus, acolhamos Jesus. Porque Ele vence a morte e sempre renova a nossa vida.\u201d<\/strong><\/em><\/p>\n<p>&nbsp;<\/p>\n<p>Fonte:\u00a0<a href=\"https:\/\/www.vaticannews.va\/pt.html\">https:\/\/www.vaticannews.va\/pt.html<\/a><\/p>\n","protected":false},"excerpt":{"rendered":"<p>Francisco encerrou o Congresso Eucar\u00edstico Nacional em Matera com a celebra\u00e7\u00e3o da missa e a participa\u00e7\u00e3o de milhares de fi\u00e9is.<\/p>\n","protected":false},"author":1,"featured_media":27062,"comment_status":"closed","ping_status":"closed","sticky":false,"template":"","format":"standard","meta":{"footnotes":""},"categories":[608,906],"tags":[],"class_list":["post-51021","post","type-post","status-publish","format-standard","has-post-thumbnail","hentry","category-igreja-pt-pt","category-papa-francisco-pt-pt"],"yoast_head":"<!-- This site is optimized with the Yoast SEO Premium plugin v27.4 (Yoast SEO v27.5) - https:\/\/yoast.com\/product\/yoast-seo-premium-wordpress\/ -->\n<title>Papa na cidade de Matera: quem adora a Deus n\u00e3o \u00e9 escravo de ningu\u00e9m - Schoenstatt<\/title>\n<meta name=\"description\" content=\"Papa Francisco encerrou o Congresso Eucar\u00edstico Nacional em Matera com a celebra\u00e7\u00e3o da missa e a participa\u00e7\u00e3o de milhares de fi\u00e9is.\" \/>\n<meta name=\"robots\" content=\"index, follow, max-snippet:-1, max-image-preview:large, max-video-preview:-1\" \/>\n<link rel=\"canonical\" href=\"https:\/\/schoenstatt.com\/pt-pt\/papa-na-cidade-de-matera-quem-adora-a-deus-nao-e-escravo-de-ninguem\/\" \/>\n<meta property=\"og:locale\" content=\"pt_PT\" \/>\n<meta property=\"og:type\" content=\"article\" \/>\n<meta property=\"og:title\" content=\"Papa na cidade de Matera: quem adora a Deus n\u00e3o \u00e9 escravo de ningu\u00e9m\" \/>\n<meta property=\"og:description\" content=\"Papa Francisco encerrou o Congresso Eucar\u00edstico Nacional em Matera com a celebra\u00e7\u00e3o da missa e a participa\u00e7\u00e3o de milhares de fi\u00e9is.\" \/>\n<meta property=\"og:url\" content=\"https:\/\/schoenstatt.com\/pt-pt\/papa-na-cidade-de-matera-quem-adora-a-deus-nao-e-escravo-de-ninguem\/\" \/>\n<meta property=\"og:site_name\" content=\"Schoenstatt\" \/>\n<meta property=\"article:published_time\" content=\"2022-09-27T14:20:21+00:00\" \/>\n<meta property=\"article:modified_time\" content=\"2025-05-16T01:21:36+00:00\" \/>\n<meta property=\"og:image\" content=\"https:\/\/schoenstatt.com\/wp-content\/uploads\/2022\/09\/Matera-2-1.png\" \/>\n\t<meta property=\"og:image:width\" content=\"648\" \/>\n\t<meta property=\"og:image:height\" content=\"417\" \/>\n\t<meta property=\"og:image:type\" content=\"image\/png\" \/>\n<meta name=\"author\" content=\"admin\" \/>\n<meta name=\"twitter:card\" content=\"summary_large_image\" \/>\n<meta name=\"twitter:label1\" content=\"Escrito por\" \/>\n\t<meta name=\"twitter:data1\" content=\"admin\" \/>\n\t<meta name=\"twitter:label2\" content=\"Tempo estimado de leitura\" \/>\n\t<meta name=\"twitter:data2\" content=\"4 minutos\" \/>\n<script type=\"application\/ld+json\" class=\"yoast-schema-graph\">{\"@context\":\"https:\\\/\\\/schema.org\",\"@graph\":[{\"@type\":\"Article\",\"@id\":\"https:\\\/\\\/schoenstatt.com\\\/pt-pt\\\/papa-na-cidade-de-matera-quem-adora-a-deus-nao-e-escravo-de-ninguem\\\/#article\",\"isPartOf\":{\"@id\":\"https:\\\/\\\/schoenstatt.com\\\/pt-pt\\\/papa-na-cidade-de-matera-quem-adora-a-deus-nao-e-escravo-de-ninguem\\\/\"},\"author\":{\"name\":\"admin\",\"@id\":\"https:\\\/\\\/schoenstatt.com\\\/pt-pt\\\/#\\\/schema\\\/person\\\/489465b1850e7b216fe2c10dfc262551\"},\"headline\":\"Papa na cidade de Matera: quem adora a Deus n\u00e3o \u00e9 escravo de ningu\u00e9m\",\"datePublished\":\"2022-09-27T14:20:21+00:00\",\"dateModified\":\"2025-05-16T01:21:36+00:00\",\"mainEntityOfPage\":{\"@id\":\"https:\\\/\\\/schoenstatt.com\\\/pt-pt\\\/papa-na-cidade-de-matera-quem-adora-a-deus-nao-e-escravo-de-ninguem\\\/\"},\"wordCount\":776,\"publisher\":{\"@id\":\"https:\\\/\\\/schoenstatt.com\\\/pt-pt\\\/#organization\"},\"image\":{\"@id\":\"https:\\\/\\\/schoenstatt.com\\\/pt-pt\\\/papa-na-cidade-de-matera-quem-adora-a-deus-nao-e-escravo-de-ninguem\\\/#primaryimage\"},\"thumbnailUrl\":\"https:\\\/\\\/schoenstatt.com\\\/wp-content\\\/uploads\\\/2022\\\/09\\\/Matera-2-1.png\",\"articleSection\":[\"Igreja\",\"Papa Francisco\"],\"inLanguage\":\"pt-PT\"},{\"@type\":\"WebPage\",\"@id\":\"https:\\\/\\\/schoenstatt.com\\\/pt-pt\\\/papa-na-cidade-de-matera-quem-adora-a-deus-nao-e-escravo-de-ninguem\\\/\",\"url\":\"https:\\\/\\\/schoenstatt.com\\\/pt-pt\\\/papa-na-cidade-de-matera-quem-adora-a-deus-nao-e-escravo-de-ninguem\\\/\",\"name\":\"Papa na cidade de Matera: quem adora a Deus n\u00e3o \u00e9 escravo de ningu\u00e9m - Schoenstatt\",\"isPartOf\":{\"@id\":\"https:\\\/\\\/schoenstatt.com\\\/pt-pt\\\/#website\"},\"primaryImageOfPage\":{\"@id\":\"https:\\\/\\\/schoenstatt.com\\\/pt-pt\\\/papa-na-cidade-de-matera-quem-adora-a-deus-nao-e-escravo-de-ninguem\\\/#primaryimage\"},\"image\":{\"@id\":\"https:\\\/\\\/schoenstatt.com\\\/pt-pt\\\/papa-na-cidade-de-matera-quem-adora-a-deus-nao-e-escravo-de-ninguem\\\/#primaryimage\"},\"thumbnailUrl\":\"https:\\\/\\\/schoenstatt.com\\\/wp-content\\\/uploads\\\/2022\\\/09\\\/Matera-2-1.png\",\"datePublished\":\"2022-09-27T14:20:21+00:00\",\"dateModified\":\"2025-05-16T01:21:36+00:00\",\"description\":\"Papa Francisco encerrou o Congresso Eucar\u00edstico Nacional em Matera com a celebra\u00e7\u00e3o da missa e a participa\u00e7\u00e3o de milhares de fi\u00e9is.\",\"breadcrumb\":{\"@id\":\"https:\\\/\\\/schoenstatt.com\\\/pt-pt\\\/papa-na-cidade-de-matera-quem-adora-a-deus-nao-e-escravo-de-ninguem\\\/#breadcrumb\"},\"inLanguage\":\"pt-PT\",\"potentialAction\":[{\"@type\":\"ReadAction\",\"target\":[\"https:\\\/\\\/schoenstatt.com\\\/pt-pt\\\/papa-na-cidade-de-matera-quem-adora-a-deus-nao-e-escravo-de-ninguem\\\/\"]}]},{\"@type\":\"ImageObject\",\"inLanguage\":\"pt-PT\",\"@id\":\"https:\\\/\\\/schoenstatt.com\\\/pt-pt\\\/papa-na-cidade-de-matera-quem-adora-a-deus-nao-e-escravo-de-ninguem\\\/#primaryimage\",\"url\":\"https:\\\/\\\/schoenstatt.com\\\/wp-content\\\/uploads\\\/2022\\\/09\\\/Matera-2-1.png\",\"contentUrl\":\"https:\\\/\\\/schoenstatt.com\\\/wp-content\\\/uploads\\\/2022\\\/09\\\/Matera-2-1.png\",\"width\":648,\"height\":417,\"caption\":\"Eucharistic Congress\"},{\"@type\":\"BreadcrumbList\",\"@id\":\"https:\\\/\\\/schoenstatt.com\\\/pt-pt\\\/papa-na-cidade-de-matera-quem-adora-a-deus-nao-e-escravo-de-ninguem\\\/#breadcrumb\",\"itemListElement\":[{\"@type\":\"ListItem\",\"position\":1,\"name\":\"Portada\",\"item\":\"https:\\\/\\\/schoenstatt.com\\\/pt-pt\\\/home\\\/\"},{\"@type\":\"ListItem\",\"position\":2,\"name\":\"Papa na cidade de Matera: quem adora a Deus n\u00e3o \u00e9 escravo de ningu\u00e9m\"}]},{\"@type\":\"WebSite\",\"@id\":\"https:\\\/\\\/schoenstatt.com\\\/pt-pt\\\/#website\",\"url\":\"https:\\\/\\\/schoenstatt.com\\\/pt-pt\\\/\",\"name\":\"Schoenstatt\",\"description\":\"Apostolic Movement\",\"publisher\":{\"@id\":\"https:\\\/\\\/schoenstatt.com\\\/pt-pt\\\/#organization\"},\"potentialAction\":[{\"@type\":\"SearchAction\",\"target\":{\"@type\":\"EntryPoint\",\"urlTemplate\":\"https:\\\/\\\/schoenstatt.com\\\/pt-pt\\\/?s={search_term_string}\"},\"query-input\":{\"@type\":\"PropertyValueSpecification\",\"valueRequired\":true,\"valueName\":\"search_term_string\"}}],\"inLanguage\":\"pt-PT\"},{\"@type\":\"Organization\",\"@id\":\"https:\\\/\\\/schoenstatt.com\\\/pt-pt\\\/#organization\",\"name\":\"Schoenstatt\",\"url\":\"https:\\\/\\\/schoenstatt.com\\\/pt-pt\\\/\",\"logo\":{\"@type\":\"ImageObject\",\"inLanguage\":\"pt-PT\",\"@id\":\"https:\\\/\\\/schoenstatt.com\\\/pt-pt\\\/#\\\/schema\\\/logo\\\/image\\\/\",\"url\":\"https:\\\/\\\/schoenstatt.com\\\/wp-content\\\/uploads\\\/2025\\\/04\\\/logo-schoenstatt-white-696x696-1.png\",\"contentUrl\":\"https:\\\/\\\/schoenstatt.com\\\/wp-content\\\/uploads\\\/2025\\\/04\\\/logo-schoenstatt-white-696x696-1.png\",\"width\":696,\"height\":694,\"caption\":\"Schoenstatt\"},\"image\":{\"@id\":\"https:\\\/\\\/schoenstatt.com\\\/pt-pt\\\/#\\\/schema\\\/logo\\\/image\\\/\"}},{\"@type\":\"Person\",\"@id\":\"https:\\\/\\\/schoenstatt.com\\\/pt-pt\\\/#\\\/schema\\\/person\\\/489465b1850e7b216fe2c10dfc262551\",\"name\":\"admin\",\"image\":{\"@type\":\"ImageObject\",\"inLanguage\":\"pt-PT\",\"@id\":\"https:\\\/\\\/secure.gravatar.com\\\/avatar\\\/02e8345e1ec40ab0e0a2a98fdde64a684bbaf994cddcb778b25b8b024ee9dfe6?s=96&d=mm&r=g\",\"url\":\"https:\\\/\\\/secure.gravatar.com\\\/avatar\\\/02e8345e1ec40ab0e0a2a98fdde64a684bbaf994cddcb778b25b8b024ee9dfe6?s=96&d=mm&r=g\",\"contentUrl\":\"https:\\\/\\\/secure.gravatar.com\\\/avatar\\\/02e8345e1ec40ab0e0a2a98fdde64a684bbaf994cddcb778b25b8b024ee9dfe6?s=96&d=mm&r=g\",\"caption\":\"admin\"},\"sameAs\":[\"https:\\\/\\\/schoenstatt.com\"],\"url\":\"https:\\\/\\\/schoenstatt.com\\\/pt-pt\\\/author\\\/admin\\\/\"}]}<\/script>\n<!-- \/ Yoast SEO Premium plugin. -->","yoast_head_json":{"title":"Papa na cidade de Matera: quem adora a Deus n\u00e3o \u00e9 escravo de ningu\u00e9m - Schoenstatt","description":"Papa Francisco encerrou o Congresso Eucar\u00edstico Nacional em Matera com a celebra\u00e7\u00e3o da missa e a participa\u00e7\u00e3o de milhares de fi\u00e9is.","robots":{"index":"index","follow":"follow","max-snippet":"max-snippet:-1","max-image-preview":"max-image-preview:large","max-video-preview":"max-video-preview:-1"},"canonical":"https:\/\/schoenstatt.com\/pt-pt\/papa-na-cidade-de-matera-quem-adora-a-deus-nao-e-escravo-de-ninguem\/","og_locale":"pt_PT","og_type":"article","og_title":"Papa na cidade de Matera: quem adora a Deus n\u00e3o \u00e9 escravo de ningu\u00e9m","og_description":"Papa Francisco encerrou o Congresso Eucar\u00edstico Nacional em Matera com a celebra\u00e7\u00e3o da missa e a participa\u00e7\u00e3o de milhares de fi\u00e9is.","og_url":"https:\/\/schoenstatt.com\/pt-pt\/papa-na-cidade-de-matera-quem-adora-a-deus-nao-e-escravo-de-ninguem\/","og_site_name":"Schoenstatt","article_published_time":"2022-09-27T14:20:21+00:00","article_modified_time":"2025-05-16T01:21:36+00:00","og_image":[{"width":648,"height":417,"url":"https:\/\/schoenstatt.com\/wp-content\/uploads\/2022\/09\/Matera-2-1.png","type":"image\/png"}],"author":"admin","twitter_card":"summary_large_image","twitter_misc":{"Escrito por":"admin","Tempo estimado de leitura":"4 minutos"},"schema":{"@context":"https:\/\/schema.org","@graph":[{"@type":"Article","@id":"https:\/\/schoenstatt.com\/pt-pt\/papa-na-cidade-de-matera-quem-adora-a-deus-nao-e-escravo-de-ninguem\/#article","isPartOf":{"@id":"https:\/\/schoenstatt.com\/pt-pt\/papa-na-cidade-de-matera-quem-adora-a-deus-nao-e-escravo-de-ninguem\/"},"author":{"name":"admin","@id":"https:\/\/schoenstatt.com\/pt-pt\/#\/schema\/person\/489465b1850e7b216fe2c10dfc262551"},"headline":"Papa na cidade de Matera: quem adora a Deus n\u00e3o \u00e9 escravo de ningu\u00e9m","datePublished":"2022-09-27T14:20:21+00:00","dateModified":"2025-05-16T01:21:36+00:00","mainEntityOfPage":{"@id":"https:\/\/schoenstatt.com\/pt-pt\/papa-na-cidade-de-matera-quem-adora-a-deus-nao-e-escravo-de-ninguem\/"},"wordCount":776,"publisher":{"@id":"https:\/\/schoenstatt.com\/pt-pt\/#organization"},"image":{"@id":"https:\/\/schoenstatt.com\/pt-pt\/papa-na-cidade-de-matera-quem-adora-a-deus-nao-e-escravo-de-ninguem\/#primaryimage"},"thumbnailUrl":"https:\/\/schoenstatt.com\/wp-content\/uploads\/2022\/09\/Matera-2-1.png","articleSection":["Igreja","Papa Francisco"],"inLanguage":"pt-PT"},{"@type":"WebPage","@id":"https:\/\/schoenstatt.com\/pt-pt\/papa-na-cidade-de-matera-quem-adora-a-deus-nao-e-escravo-de-ninguem\/","url":"https:\/\/schoenstatt.com\/pt-pt\/papa-na-cidade-de-matera-quem-adora-a-deus-nao-e-escravo-de-ninguem\/","name":"Papa na cidade de Matera: quem adora a Deus n\u00e3o \u00e9 escravo de ningu\u00e9m - Schoenstatt","isPartOf":{"@id":"https:\/\/schoenstatt.com\/pt-pt\/#website"},"primaryImageOfPage":{"@id":"https:\/\/schoenstatt.com\/pt-pt\/papa-na-cidade-de-matera-quem-adora-a-deus-nao-e-escravo-de-ninguem\/#primaryimage"},"image":{"@id":"https:\/\/schoenstatt.com\/pt-pt\/papa-na-cidade-de-matera-quem-adora-a-deus-nao-e-escravo-de-ninguem\/#primaryimage"},"thumbnailUrl":"https:\/\/schoenstatt.com\/wp-content\/uploads\/2022\/09\/Matera-2-1.png","datePublished":"2022-09-27T14:20:21+00:00","dateModified":"2025-05-16T01:21:36+00:00","description":"Papa Francisco encerrou o Congresso Eucar\u00edstico Nacional em Matera com a celebra\u00e7\u00e3o da missa e a participa\u00e7\u00e3o de milhares de fi\u00e9is.","breadcrumb":{"@id":"https:\/\/schoenstatt.com\/pt-pt\/papa-na-cidade-de-matera-quem-adora-a-deus-nao-e-escravo-de-ninguem\/#breadcrumb"},"inLanguage":"pt-PT","potentialAction":[{"@type":"ReadAction","target":["https:\/\/schoenstatt.com\/pt-pt\/papa-na-cidade-de-matera-quem-adora-a-deus-nao-e-escravo-de-ninguem\/"]}]},{"@type":"ImageObject","inLanguage":"pt-PT","@id":"https:\/\/schoenstatt.com\/pt-pt\/papa-na-cidade-de-matera-quem-adora-a-deus-nao-e-escravo-de-ninguem\/#primaryimage","url":"https:\/\/schoenstatt.com\/wp-content\/uploads\/2022\/09\/Matera-2-1.png","contentUrl":"https:\/\/schoenstatt.com\/wp-content\/uploads\/2022\/09\/Matera-2-1.png","width":648,"height":417,"caption":"Eucharistic Congress"},{"@type":"BreadcrumbList","@id":"https:\/\/schoenstatt.com\/pt-pt\/papa-na-cidade-de-matera-quem-adora-a-deus-nao-e-escravo-de-ninguem\/#breadcrumb","itemListElement":[{"@type":"ListItem","position":1,"name":"Portada","item":"https:\/\/schoenstatt.com\/pt-pt\/home\/"},{"@type":"ListItem","position":2,"name":"Papa na cidade de Matera: quem adora a Deus n\u00e3o \u00e9 escravo de ningu\u00e9m"}]},{"@type":"WebSite","@id":"https:\/\/schoenstatt.com\/pt-pt\/#website","url":"https:\/\/schoenstatt.com\/pt-pt\/","name":"Schoenstatt","description":"Apostolic Movement","publisher":{"@id":"https:\/\/schoenstatt.com\/pt-pt\/#organization"},"potentialAction":[{"@type":"SearchAction","target":{"@type":"EntryPoint","urlTemplate":"https:\/\/schoenstatt.com\/pt-pt\/?s={search_term_string}"},"query-input":{"@type":"PropertyValueSpecification","valueRequired":true,"valueName":"search_term_string"}}],"inLanguage":"pt-PT"},{"@type":"Organization","@id":"https:\/\/schoenstatt.com\/pt-pt\/#organization","name":"Schoenstatt","url":"https:\/\/schoenstatt.com\/pt-pt\/","logo":{"@type":"ImageObject","inLanguage":"pt-PT","@id":"https:\/\/schoenstatt.com\/pt-pt\/#\/schema\/logo\/image\/","url":"https:\/\/schoenstatt.com\/wp-content\/uploads\/2025\/04\/logo-schoenstatt-white-696x696-1.png","contentUrl":"https:\/\/schoenstatt.com\/wp-content\/uploads\/2025\/04\/logo-schoenstatt-white-696x696-1.png","width":696,"height":694,"caption":"Schoenstatt"},"image":{"@id":"https:\/\/schoenstatt.com\/pt-pt\/#\/schema\/logo\/image\/"}},{"@type":"Person","@id":"https:\/\/schoenstatt.com\/pt-pt\/#\/schema\/person\/489465b1850e7b216fe2c10dfc262551","name":"admin","image":{"@type":"ImageObject","inLanguage":"pt-PT","@id":"https:\/\/secure.gravatar.com\/avatar\/02e8345e1ec40ab0e0a2a98fdde64a684bbaf994cddcb778b25b8b024ee9dfe6?s=96&d=mm&r=g","url":"https:\/\/secure.gravatar.com\/avatar\/02e8345e1ec40ab0e0a2a98fdde64a684bbaf994cddcb778b25b8b024ee9dfe6?s=96&d=mm&r=g","contentUrl":"https:\/\/secure.gravatar.com\/avatar\/02e8345e1ec40ab0e0a2a98fdde64a684bbaf994cddcb778b25b8b024ee9dfe6?s=96&d=mm&r=g","caption":"admin"},"sameAs":["https:\/\/schoenstatt.com"],"url":"https:\/\/schoenstatt.com\/pt-pt\/author\/admin\/"}]}},"_links":{"self":[{"href":"https:\/\/schoenstatt.com\/pt-pt\/wp-json\/wp\/v2\/posts\/51021","targetHints":{"allow":["GET"]}}],"collection":[{"href":"https:\/\/schoenstatt.com\/pt-pt\/wp-json\/wp\/v2\/posts"}],"about":[{"href":"https:\/\/schoenstatt.com\/pt-pt\/wp-json\/wp\/v2\/types\/post"}],"author":[{"embeddable":true,"href":"https:\/\/schoenstatt.com\/pt-pt\/wp-json\/wp\/v2\/users\/1"}],"replies":[{"embeddable":true,"href":"https:\/\/schoenstatt.com\/pt-pt\/wp-json\/wp\/v2\/comments?post=51021"}],"version-history":[{"count":1,"href":"https:\/\/schoenstatt.com\/pt-pt\/wp-json\/wp\/v2\/posts\/51021\/revisions"}],"predecessor-version":[{"id":51231,"href":"https:\/\/schoenstatt.com\/pt-pt\/wp-json\/wp\/v2\/posts\/51021\/revisions\/51231"}],"wp:featuredmedia":[{"embeddable":true,"href":"https:\/\/schoenstatt.com\/pt-pt\/wp-json\/wp\/v2\/media\/27062"}],"wp:attachment":[{"href":"https:\/\/schoenstatt.com\/pt-pt\/wp-json\/wp\/v2\/media?parent=51021"}],"wp:term":[{"taxonomy":"category","embeddable":true,"href":"https:\/\/schoenstatt.com\/pt-pt\/wp-json\/wp\/v2\/categories?post=51021"},{"taxonomy":"post_tag","embeddable":true,"href":"https:\/\/schoenstatt.com\/pt-pt\/wp-json\/wp\/v2\/tags?post=51021"}],"curies":[{"name":"wp","href":"https:\/\/api.w.org\/{rel}","templated":true}]}}