{"id":51002,"date":"2022-09-22T11:32:59","date_gmt":"2022-09-22T09:32:59","guid":{"rendered":"https:\/\/schoenstattdev.wpenginepowered.com\/?p=26961"},"modified":"2025-05-16T01:00:20","modified_gmt":"2025-05-15T23:00:20","slug":"o-pe-franz-reinisch-e-um-exemplo-para-os-jovens-que-procuram-ser-fieis-a-sua-consciencia","status":"publish","type":"post","link":"https:\/\/schoenstatt.com\/pt-pt\/o-pe-franz-reinisch-e-um-exemplo-para-os-jovens-que-procuram-ser-fieis-a-sua-consciencia\/","title":{"rendered":"O Pe. Franz Reinisch \u00e9 um exemplo para os jovens que procuram ser fi\u00e9is \u00e0 sua consci\u00eancia."},"content":{"rendered":"<h3>Compartilhamos abaixo o texto do v\u00eddeo de 4 minutos com palavras de Norbert Reinisch, sobrinho-neto do Pe. Franz Reinisch, sobre seu tio-av\u00f4:<\/h3>\n<p>Muito obrigado por manter ativamente o legado do Pe. Franz Reinisch. \u00c9 importante e necess\u00e1rio trabalhar contra o esquecimento. Com a morte de meu pai, Franz Reinisch, sobrinho do padre Franz Reinisch, uma das \u00faltimas testemunhas contempor\u00e2neas de nossa fam\u00edlia, que conheceu pessoalmente ao Padre Reinisch, que deixou este mundo h\u00e1 um ano. Em seu nome, posso compartilhar alguns pensamentos. Como j\u00e1 expressou o Pe. Adalbert: Esquecimento, venera\u00e7\u00e3o, modelo de conduta.<\/p>\n<p>A decis\u00e3o de Pe. Franz Reinisch de se opor ao regime diab\u00f3lico deveria ser vista como um ato heroico pela gera\u00e7\u00e3o jovem de hoje, porque na realidade os santos da Igreja &#8211; na linguagem atual da gera\u00e7\u00e3o jovem &#8211; s\u00e3o os grandes her\u00f3is.<\/p>\n<p>Pagar com a pr\u00f3pria vida e n\u00e3o vender a alma para enfrentar o Criador com a consci\u00eancia tranquila parece inimagin\u00e1vel hoje.<\/p>\n<p>Com sua beatifica\u00e7\u00e3o, <a href=\"https:\/\/schoenstattdev.wpenginepowered.com\/pt-pt\/espiritualidade\/franz-reinisch-seu-caminho-ao-sacerdocio\/\">Pe. Franz Reinisch<\/a> n\u00e3o ser\u00e1 esquecido pelas futuras gera\u00e7\u00f5es, e as pessoas com d\u00favidas de consci\u00eancia poder\u00e3o recorrer a ele. Especialmente em vista dos futuros desafios sociais, mas tamb\u00e9m pol\u00edticos que as pr\u00f3ximas gera\u00e7\u00f5es ter\u00e3o de enfrentar, \u00e9 necess\u00e1rio tamb\u00e9m um forte sinal de nossa Igreja Cat\u00f3lica.<\/p>\n<p>Com profunda f\u00e9 na Sagrada Escritura, &#8211; disse Jesus em Mateus: &#8220;Bem-aventurados os que s\u00e3o perseguidos por causa da justi\u00e7a, porque deles \u00e9 o reino dos c\u00e9us&#8221;, o Pe. Franz j\u00e1 foi recompensado.<\/p>\n<p>Para a venera\u00e7\u00e3o: uma beatifica\u00e7\u00e3o permite que n\u00f3s crentes levantemos juntos nossas preocupa\u00e7\u00f5es, difundamos melhor o esp\u00edrito de Franz Reinisch, compartilhemos seu entusiasmo pela conviv\u00eancia crist\u00e3 e n\u00e3o sentimos &#8211; especialmente no dia da comemora\u00e7\u00e3o de hoje &#8211; seu esp\u00edrito entre n\u00f3s?<\/p>\n<p>Exemplo de vida: Franz Reinisch deveria ser um exemplo de vida para todos n\u00f3s. Por causa de sua consci\u00eancia, por causa de sua convic\u00e7\u00e3o, porque Deus aceitou expressamente sua morte para combater o mal.<\/p>\n<p>Rezemos juntos para que Franz Reinisch seja venerado junto com todos os outros m\u00e1rtires e seja aceito na comunidade dos beatos e santos. Muito obrigado.<\/p>\n<p><em><strong>Nota<\/strong><\/em>: Nosso document\u00e1rio sobre o Pe. Franz Reinisch est\u00e1 finalmente dispon\u00edvel em DVD ap\u00f3s dois anos de planejamento e produ\u00e7\u00e3o. Voc\u00ea pode encontrar mais informa\u00e7\u00f5es em nosso site: <a href=\"https:\/\/www.franz-reinisch.org\/\">www.franz-reinisch.org<\/a><\/p>\n<p><iframe title=\"Norbert Reinisch, Gro\u00dfneffe von P  Franz Reinisch (DE, EN, PT, ES)\" width=\"800\" height=\"450\" src=\"https:\/\/www.youtube.com\/embed\/JH3e4w4Yb7Y?feature=oembed\" frameborder=\"0\" allow=\"accelerometer; autoplay; clipboard-write; encrypted-media; gyroscope; picture-in-picture; web-share\" referrerpolicy=\"strict-origin-when-cross-origin\" allowfullscreen><\/iframe><\/p>\n","protected":false},"excerpt":{"rendered":"<p>O sobrinho-neto do Pe. Franz Reinisch nos chama a aten\u00e7\u00e3o para a import\u00e2ncia deste sacerdote que se negou a jurar por Hitler, pagando por tamanha ousadia com a decapita\u00e7\u00e3o na guilhotina. Hoje, afirma, Reinisch pode ser um exemplo a seguir pela juventude, que buscam ser coerentes com seus princ\u00edpios.<\/p>\n","protected":false},"author":1,"featured_media":26957,"comment_status":"closed","ping_status":"closed","sticky":false,"template":"","format":"standard","meta":{"footnotes":""},"categories":[916,888],"tags":[],"class_list":["post-51002","post","type-post","status-publish","format-standard","has-post-thumbnail","hentry","category-espiritualidade-pt-pt","category-herois-de-schoenstatt-pt-pt"],"yoast_head":"<!-- This site is optimized with the Yoast SEO Premium plugin v27.4 (Yoast SEO v27.4) - https:\/\/yoast.com\/product\/yoast-seo-premium-wordpress\/ -->\n<title>O Pe. Franz Reinisch \u00e9 um exemplo para os jovens que procuram ser fi\u00e9is \u00e0 sua consci\u00eancia. - Schoenstatt<\/title>\n<meta name=\"description\" content=\"O sobrinho-neto do Franz Reinisch expressa a import\u00e2ncia de seguir ativos lembrando do sacerdote como exemplo de fidelidade \u00e0 consci\u00eancia.\" \/>\n<meta name=\"robots\" content=\"index, follow, max-snippet:-1, max-image-preview:large, max-video-preview:-1\" \/>\n<link rel=\"canonical\" href=\"https:\/\/schoenstatt.com\/pt-pt\/o-pe-franz-reinisch-e-um-exemplo-para-os-jovens-que-procuram-ser-fieis-a-sua-consciencia\/\" \/>\n<meta property=\"og:locale\" content=\"pt_PT\" \/>\n<meta property=\"og:type\" content=\"article\" \/>\n<meta property=\"og:title\" content=\"O Pe. Franz Reinisch \u00e9 um exemplo para os jovens que procuram ser fi\u00e9is \u00e0 sua consci\u00eancia.\" \/>\n<meta property=\"og:description\" content=\"O sobrinho-neto do Franz Reinisch expressa a import\u00e2ncia de seguir ativos lembrando do sacerdote como exemplo de fidelidade \u00e0 consci\u00eancia.\" \/>\n<meta property=\"og:url\" content=\"https:\/\/schoenstatt.com\/pt-pt\/o-pe-franz-reinisch-e-um-exemplo-para-os-jovens-que-procuram-ser-fieis-a-sua-consciencia\/\" \/>\n<meta property=\"og:site_name\" content=\"Schoenstatt\" \/>\n<meta property=\"article:published_time\" content=\"2022-09-22T09:32:59+00:00\" \/>\n<meta property=\"article:modified_time\" content=\"2025-05-15T23:00:20+00:00\" \/>\n<meta property=\"og:image\" content=\"https:\/\/schoenstatt.com\/wp-content\/uploads\/2022\/09\/Neffe-Reinisch-1.png\" \/>\n\t<meta property=\"og:image:width\" content=\"889\" \/>\n\t<meta property=\"og:image:height\" content=\"533\" \/>\n\t<meta property=\"og:image:type\" content=\"image\/png\" \/>\n<meta name=\"author\" content=\"admin\" \/>\n<meta name=\"twitter:card\" content=\"summary_large_image\" \/>\n<meta name=\"twitter:label1\" content=\"Escrito por\" \/>\n\t<meta name=\"twitter:data1\" content=\"admin\" \/>\n\t<meta name=\"twitter:label2\" content=\"Tempo estimado de leitura\" \/>\n\t<meta name=\"twitter:data2\" content=\"2 minutos\" \/>\n<script type=\"application\/ld+json\" class=\"yoast-schema-graph\">{\"@context\":\"https:\\\/\\\/schema.org\",\"@graph\":[{\"@type\":\"Article\",\"@id\":\"https:\\\/\\\/schoenstatt.com\\\/pt-pt\\\/o-pe-franz-reinisch-e-um-exemplo-para-os-jovens-que-procuram-ser-fieis-a-sua-consciencia\\\/#article\",\"isPartOf\":{\"@id\":\"https:\\\/\\\/schoenstatt.com\\\/pt-pt\\\/o-pe-franz-reinisch-e-um-exemplo-para-os-jovens-que-procuram-ser-fieis-a-sua-consciencia\\\/\"},\"author\":{\"name\":\"admin\",\"@id\":\"https:\\\/\\\/schoenstatt.com\\\/pt-pt\\\/#\\\/schema\\\/person\\\/489465b1850e7b216fe2c10dfc262551\"},\"headline\":\"O Pe. Franz Reinisch \u00e9 um exemplo para os jovens que procuram ser fi\u00e9is \u00e0 sua consci\u00eancia.\",\"datePublished\":\"2022-09-22T09:32:59+00:00\",\"dateModified\":\"2025-05-15T23:00:20+00:00\",\"mainEntityOfPage\":{\"@id\":\"https:\\\/\\\/schoenstatt.com\\\/pt-pt\\\/o-pe-franz-reinisch-e-um-exemplo-para-os-jovens-que-procuram-ser-fieis-a-sua-consciencia\\\/\"},\"wordCount\":444,\"publisher\":{\"@id\":\"https:\\\/\\\/schoenstatt.com\\\/pt-pt\\\/#organization\"},\"image\":{\"@id\":\"https:\\\/\\\/schoenstatt.com\\\/pt-pt\\\/o-pe-franz-reinisch-e-um-exemplo-para-os-jovens-que-procuram-ser-fieis-a-sua-consciencia\\\/#primaryimage\"},\"thumbnailUrl\":\"https:\\\/\\\/schoenstatt.com\\\/wp-content\\\/uploads\\\/2022\\\/09\\\/Neffe-Reinisch-1.png\",\"articleSection\":[\"Espiritualidade\",\"Her\u00f3is de Schoenstatt\"],\"inLanguage\":\"pt-PT\"},{\"@type\":\"WebPage\",\"@id\":\"https:\\\/\\\/schoenstatt.com\\\/pt-pt\\\/o-pe-franz-reinisch-e-um-exemplo-para-os-jovens-que-procuram-ser-fieis-a-sua-consciencia\\\/\",\"url\":\"https:\\\/\\\/schoenstatt.com\\\/pt-pt\\\/o-pe-franz-reinisch-e-um-exemplo-para-os-jovens-que-procuram-ser-fieis-a-sua-consciencia\\\/\",\"name\":\"O Pe. Franz Reinisch \u00e9 um exemplo para os jovens que procuram ser fi\u00e9is \u00e0 sua consci\u00eancia. - Schoenstatt\",\"isPartOf\":{\"@id\":\"https:\\\/\\\/schoenstatt.com\\\/pt-pt\\\/#website\"},\"primaryImageOfPage\":{\"@id\":\"https:\\\/\\\/schoenstatt.com\\\/pt-pt\\\/o-pe-franz-reinisch-e-um-exemplo-para-os-jovens-que-procuram-ser-fieis-a-sua-consciencia\\\/#primaryimage\"},\"image\":{\"@id\":\"https:\\\/\\\/schoenstatt.com\\\/pt-pt\\\/o-pe-franz-reinisch-e-um-exemplo-para-os-jovens-que-procuram-ser-fieis-a-sua-consciencia\\\/#primaryimage\"},\"thumbnailUrl\":\"https:\\\/\\\/schoenstatt.com\\\/wp-content\\\/uploads\\\/2022\\\/09\\\/Neffe-Reinisch-1.png\",\"datePublished\":\"2022-09-22T09:32:59+00:00\",\"dateModified\":\"2025-05-15T23:00:20+00:00\",\"description\":\"O sobrinho-neto do Franz Reinisch expressa a import\u00e2ncia de seguir ativos lembrando do sacerdote como exemplo de fidelidade \u00e0 consci\u00eancia.\",\"breadcrumb\":{\"@id\":\"https:\\\/\\\/schoenstatt.com\\\/pt-pt\\\/o-pe-franz-reinisch-e-um-exemplo-para-os-jovens-que-procuram-ser-fieis-a-sua-consciencia\\\/#breadcrumb\"},\"inLanguage\":\"pt-PT\",\"potentialAction\":[{\"@type\":\"ReadAction\",\"target\":[\"https:\\\/\\\/schoenstatt.com\\\/pt-pt\\\/o-pe-franz-reinisch-e-um-exemplo-para-os-jovens-que-procuram-ser-fieis-a-sua-consciencia\\\/\"]}]},{\"@type\":\"ImageObject\",\"inLanguage\":\"pt-PT\",\"@id\":\"https:\\\/\\\/schoenstatt.com\\\/pt-pt\\\/o-pe-franz-reinisch-e-um-exemplo-para-os-jovens-que-procuram-ser-fieis-a-sua-consciencia\\\/#primaryimage\",\"url\":\"https:\\\/\\\/schoenstatt.com\\\/wp-content\\\/uploads\\\/2022\\\/09\\\/Neffe-Reinisch-1.png\",\"contentUrl\":\"https:\\\/\\\/schoenstatt.com\\\/wp-content\\\/uploads\\\/2022\\\/09\\\/Neffe-Reinisch-1.png\",\"width\":889,\"height\":533,\"caption\":\"conscience\"},{\"@type\":\"BreadcrumbList\",\"@id\":\"https:\\\/\\\/schoenstatt.com\\\/pt-pt\\\/o-pe-franz-reinisch-e-um-exemplo-para-os-jovens-que-procuram-ser-fieis-a-sua-consciencia\\\/#breadcrumb\",\"itemListElement\":[{\"@type\":\"ListItem\",\"position\":1,\"name\":\"Portada\",\"item\":\"https:\\\/\\\/schoenstatt.com\\\/pt-pt\\\/home\\\/\"},{\"@type\":\"ListItem\",\"position\":2,\"name\":\"O Pe. Franz Reinisch \u00e9 um exemplo para os jovens que procuram ser fi\u00e9is \u00e0 sua consci\u00eancia.\"}]},{\"@type\":\"WebSite\",\"@id\":\"https:\\\/\\\/schoenstatt.com\\\/pt-pt\\\/#website\",\"url\":\"https:\\\/\\\/schoenstatt.com\\\/pt-pt\\\/\",\"name\":\"Schoenstatt\",\"description\":\"Apostolic Movement\",\"publisher\":{\"@id\":\"https:\\\/\\\/schoenstatt.com\\\/pt-pt\\\/#organization\"},\"potentialAction\":[{\"@type\":\"SearchAction\",\"target\":{\"@type\":\"EntryPoint\",\"urlTemplate\":\"https:\\\/\\\/schoenstatt.com\\\/pt-pt\\\/?s={search_term_string}\"},\"query-input\":{\"@type\":\"PropertyValueSpecification\",\"valueRequired\":true,\"valueName\":\"search_term_string\"}}],\"inLanguage\":\"pt-PT\"},{\"@type\":\"Organization\",\"@id\":\"https:\\\/\\\/schoenstatt.com\\\/pt-pt\\\/#organization\",\"name\":\"Schoenstatt\",\"url\":\"https:\\\/\\\/schoenstatt.com\\\/pt-pt\\\/\",\"logo\":{\"@type\":\"ImageObject\",\"inLanguage\":\"pt-PT\",\"@id\":\"https:\\\/\\\/schoenstatt.com\\\/pt-pt\\\/#\\\/schema\\\/logo\\\/image\\\/\",\"url\":\"https:\\\/\\\/schoenstatt.com\\\/wp-content\\\/uploads\\\/2025\\\/04\\\/logo-schoenstatt-white-696x696-1.png\",\"contentUrl\":\"https:\\\/\\\/schoenstatt.com\\\/wp-content\\\/uploads\\\/2025\\\/04\\\/logo-schoenstatt-white-696x696-1.png\",\"width\":696,\"height\":694,\"caption\":\"Schoenstatt\"},\"image\":{\"@id\":\"https:\\\/\\\/schoenstatt.com\\\/pt-pt\\\/#\\\/schema\\\/logo\\\/image\\\/\"}},{\"@type\":\"Person\",\"@id\":\"https:\\\/\\\/schoenstatt.com\\\/pt-pt\\\/#\\\/schema\\\/person\\\/489465b1850e7b216fe2c10dfc262551\",\"name\":\"admin\",\"image\":{\"@type\":\"ImageObject\",\"inLanguage\":\"pt-PT\",\"@id\":\"https:\\\/\\\/secure.gravatar.com\\\/avatar\\\/02e8345e1ec40ab0e0a2a98fdde64a684bbaf994cddcb778b25b8b024ee9dfe6?s=96&d=mm&r=g\",\"url\":\"https:\\\/\\\/secure.gravatar.com\\\/avatar\\\/02e8345e1ec40ab0e0a2a98fdde64a684bbaf994cddcb778b25b8b024ee9dfe6?s=96&d=mm&r=g\",\"contentUrl\":\"https:\\\/\\\/secure.gravatar.com\\\/avatar\\\/02e8345e1ec40ab0e0a2a98fdde64a684bbaf994cddcb778b25b8b024ee9dfe6?s=96&d=mm&r=g\",\"caption\":\"admin\"},\"sameAs\":[\"https:\\\/\\\/schoenstatt.com\"],\"url\":\"https:\\\/\\\/schoenstatt.com\\\/pt-pt\\\/author\\\/admin\\\/\"}]}<\/script>\n<!-- \/ Yoast SEO Premium plugin. -->","yoast_head_json":{"title":"O Pe. Franz Reinisch \u00e9 um exemplo para os jovens que procuram ser fi\u00e9is \u00e0 sua consci\u00eancia. - Schoenstatt","description":"O sobrinho-neto do Franz Reinisch expressa a import\u00e2ncia de seguir ativos lembrando do sacerdote como exemplo de fidelidade \u00e0 consci\u00eancia.","robots":{"index":"index","follow":"follow","max-snippet":"max-snippet:-1","max-image-preview":"max-image-preview:large","max-video-preview":"max-video-preview:-1"},"canonical":"https:\/\/schoenstatt.com\/pt-pt\/o-pe-franz-reinisch-e-um-exemplo-para-os-jovens-que-procuram-ser-fieis-a-sua-consciencia\/","og_locale":"pt_PT","og_type":"article","og_title":"O Pe. Franz Reinisch \u00e9 um exemplo para os jovens que procuram ser fi\u00e9is \u00e0 sua consci\u00eancia.","og_description":"O sobrinho-neto do Franz Reinisch expressa a import\u00e2ncia de seguir ativos lembrando do sacerdote como exemplo de fidelidade \u00e0 consci\u00eancia.","og_url":"https:\/\/schoenstatt.com\/pt-pt\/o-pe-franz-reinisch-e-um-exemplo-para-os-jovens-que-procuram-ser-fieis-a-sua-consciencia\/","og_site_name":"Schoenstatt","article_published_time":"2022-09-22T09:32:59+00:00","article_modified_time":"2025-05-15T23:00:20+00:00","og_image":[{"width":889,"height":533,"url":"https:\/\/schoenstatt.com\/wp-content\/uploads\/2022\/09\/Neffe-Reinisch-1.png","type":"image\/png"}],"author":"admin","twitter_card":"summary_large_image","twitter_misc":{"Escrito por":"admin","Tempo estimado de leitura":"2 minutos"},"schema":{"@context":"https:\/\/schema.org","@graph":[{"@type":"Article","@id":"https:\/\/schoenstatt.com\/pt-pt\/o-pe-franz-reinisch-e-um-exemplo-para-os-jovens-que-procuram-ser-fieis-a-sua-consciencia\/#article","isPartOf":{"@id":"https:\/\/schoenstatt.com\/pt-pt\/o-pe-franz-reinisch-e-um-exemplo-para-os-jovens-que-procuram-ser-fieis-a-sua-consciencia\/"},"author":{"name":"admin","@id":"https:\/\/schoenstatt.com\/pt-pt\/#\/schema\/person\/489465b1850e7b216fe2c10dfc262551"},"headline":"O Pe. Franz Reinisch \u00e9 um exemplo para os jovens que procuram ser fi\u00e9is \u00e0 sua consci\u00eancia.","datePublished":"2022-09-22T09:32:59+00:00","dateModified":"2025-05-15T23:00:20+00:00","mainEntityOfPage":{"@id":"https:\/\/schoenstatt.com\/pt-pt\/o-pe-franz-reinisch-e-um-exemplo-para-os-jovens-que-procuram-ser-fieis-a-sua-consciencia\/"},"wordCount":444,"publisher":{"@id":"https:\/\/schoenstatt.com\/pt-pt\/#organization"},"image":{"@id":"https:\/\/schoenstatt.com\/pt-pt\/o-pe-franz-reinisch-e-um-exemplo-para-os-jovens-que-procuram-ser-fieis-a-sua-consciencia\/#primaryimage"},"thumbnailUrl":"https:\/\/schoenstatt.com\/wp-content\/uploads\/2022\/09\/Neffe-Reinisch-1.png","articleSection":["Espiritualidade","Her\u00f3is de Schoenstatt"],"inLanguage":"pt-PT"},{"@type":"WebPage","@id":"https:\/\/schoenstatt.com\/pt-pt\/o-pe-franz-reinisch-e-um-exemplo-para-os-jovens-que-procuram-ser-fieis-a-sua-consciencia\/","url":"https:\/\/schoenstatt.com\/pt-pt\/o-pe-franz-reinisch-e-um-exemplo-para-os-jovens-que-procuram-ser-fieis-a-sua-consciencia\/","name":"O Pe. Franz Reinisch \u00e9 um exemplo para os jovens que procuram ser fi\u00e9is \u00e0 sua consci\u00eancia. - Schoenstatt","isPartOf":{"@id":"https:\/\/schoenstatt.com\/pt-pt\/#website"},"primaryImageOfPage":{"@id":"https:\/\/schoenstatt.com\/pt-pt\/o-pe-franz-reinisch-e-um-exemplo-para-os-jovens-que-procuram-ser-fieis-a-sua-consciencia\/#primaryimage"},"image":{"@id":"https:\/\/schoenstatt.com\/pt-pt\/o-pe-franz-reinisch-e-um-exemplo-para-os-jovens-que-procuram-ser-fieis-a-sua-consciencia\/#primaryimage"},"thumbnailUrl":"https:\/\/schoenstatt.com\/wp-content\/uploads\/2022\/09\/Neffe-Reinisch-1.png","datePublished":"2022-09-22T09:32:59+00:00","dateModified":"2025-05-15T23:00:20+00:00","description":"O sobrinho-neto do Franz Reinisch expressa a import\u00e2ncia de seguir ativos lembrando do sacerdote como exemplo de fidelidade \u00e0 consci\u00eancia.","breadcrumb":{"@id":"https:\/\/schoenstatt.com\/pt-pt\/o-pe-franz-reinisch-e-um-exemplo-para-os-jovens-que-procuram-ser-fieis-a-sua-consciencia\/#breadcrumb"},"inLanguage":"pt-PT","potentialAction":[{"@type":"ReadAction","target":["https:\/\/schoenstatt.com\/pt-pt\/o-pe-franz-reinisch-e-um-exemplo-para-os-jovens-que-procuram-ser-fieis-a-sua-consciencia\/"]}]},{"@type":"ImageObject","inLanguage":"pt-PT","@id":"https:\/\/schoenstatt.com\/pt-pt\/o-pe-franz-reinisch-e-um-exemplo-para-os-jovens-que-procuram-ser-fieis-a-sua-consciencia\/#primaryimage","url":"https:\/\/schoenstatt.com\/wp-content\/uploads\/2022\/09\/Neffe-Reinisch-1.png","contentUrl":"https:\/\/schoenstatt.com\/wp-content\/uploads\/2022\/09\/Neffe-Reinisch-1.png","width":889,"height":533,"caption":"conscience"},{"@type":"BreadcrumbList","@id":"https:\/\/schoenstatt.com\/pt-pt\/o-pe-franz-reinisch-e-um-exemplo-para-os-jovens-que-procuram-ser-fieis-a-sua-consciencia\/#breadcrumb","itemListElement":[{"@type":"ListItem","position":1,"name":"Portada","item":"https:\/\/schoenstatt.com\/pt-pt\/home\/"},{"@type":"ListItem","position":2,"name":"O Pe. Franz Reinisch \u00e9 um exemplo para os jovens que procuram ser fi\u00e9is \u00e0 sua consci\u00eancia."}]},{"@type":"WebSite","@id":"https:\/\/schoenstatt.com\/pt-pt\/#website","url":"https:\/\/schoenstatt.com\/pt-pt\/","name":"Schoenstatt","description":"Apostolic Movement","publisher":{"@id":"https:\/\/schoenstatt.com\/pt-pt\/#organization"},"potentialAction":[{"@type":"SearchAction","target":{"@type":"EntryPoint","urlTemplate":"https:\/\/schoenstatt.com\/pt-pt\/?s={search_term_string}"},"query-input":{"@type":"PropertyValueSpecification","valueRequired":true,"valueName":"search_term_string"}}],"inLanguage":"pt-PT"},{"@type":"Organization","@id":"https:\/\/schoenstatt.com\/pt-pt\/#organization","name":"Schoenstatt","url":"https:\/\/schoenstatt.com\/pt-pt\/","logo":{"@type":"ImageObject","inLanguage":"pt-PT","@id":"https:\/\/schoenstatt.com\/pt-pt\/#\/schema\/logo\/image\/","url":"https:\/\/schoenstatt.com\/wp-content\/uploads\/2025\/04\/logo-schoenstatt-white-696x696-1.png","contentUrl":"https:\/\/schoenstatt.com\/wp-content\/uploads\/2025\/04\/logo-schoenstatt-white-696x696-1.png","width":696,"height":694,"caption":"Schoenstatt"},"image":{"@id":"https:\/\/schoenstatt.com\/pt-pt\/#\/schema\/logo\/image\/"}},{"@type":"Person","@id":"https:\/\/schoenstatt.com\/pt-pt\/#\/schema\/person\/489465b1850e7b216fe2c10dfc262551","name":"admin","image":{"@type":"ImageObject","inLanguage":"pt-PT","@id":"https:\/\/secure.gravatar.com\/avatar\/02e8345e1ec40ab0e0a2a98fdde64a684bbaf994cddcb778b25b8b024ee9dfe6?s=96&d=mm&r=g","url":"https:\/\/secure.gravatar.com\/avatar\/02e8345e1ec40ab0e0a2a98fdde64a684bbaf994cddcb778b25b8b024ee9dfe6?s=96&d=mm&r=g","contentUrl":"https:\/\/secure.gravatar.com\/avatar\/02e8345e1ec40ab0e0a2a98fdde64a684bbaf994cddcb778b25b8b024ee9dfe6?s=96&d=mm&r=g","caption":"admin"},"sameAs":["https:\/\/schoenstatt.com"],"url":"https:\/\/schoenstatt.com\/pt-pt\/author\/admin\/"}]}},"_links":{"self":[{"href":"https:\/\/schoenstatt.com\/pt-pt\/wp-json\/wp\/v2\/posts\/51002","targetHints":{"allow":["GET"]}}],"collection":[{"href":"https:\/\/schoenstatt.com\/pt-pt\/wp-json\/wp\/v2\/posts"}],"about":[{"href":"https:\/\/schoenstatt.com\/pt-pt\/wp-json\/wp\/v2\/types\/post"}],"author":[{"embeddable":true,"href":"https:\/\/schoenstatt.com\/pt-pt\/wp-json\/wp\/v2\/users\/1"}],"replies":[{"embeddable":true,"href":"https:\/\/schoenstatt.com\/pt-pt\/wp-json\/wp\/v2\/comments?post=51002"}],"version-history":[{"count":1,"href":"https:\/\/schoenstatt.com\/pt-pt\/wp-json\/wp\/v2\/posts\/51002\/revisions"}],"predecessor-version":[{"id":51158,"href":"https:\/\/schoenstatt.com\/pt-pt\/wp-json\/wp\/v2\/posts\/51002\/revisions\/51158"}],"wp:featuredmedia":[{"embeddable":true,"href":"https:\/\/schoenstatt.com\/pt-pt\/wp-json\/wp\/v2\/media\/26957"}],"wp:attachment":[{"href":"https:\/\/schoenstatt.com\/pt-pt\/wp-json\/wp\/v2\/media?parent=51002"}],"wp:term":[{"taxonomy":"category","embeddable":true,"href":"https:\/\/schoenstatt.com\/pt-pt\/wp-json\/wp\/v2\/categories?post=51002"},{"taxonomy":"post_tag","embeddable":true,"href":"https:\/\/schoenstatt.com\/pt-pt\/wp-json\/wp\/v2\/tags?post=51002"}],"curies":[{"name":"wp","href":"https:\/\/api.w.org\/{rel}","templated":true}]}}