{"id":50993,"date":"2022-09-14T16:06:54","date_gmt":"2022-09-14T14:06:54","guid":{"rendered":"https:\/\/schoenstattdev.wpenginepowered.com\/?p=26925"},"modified":"2025-05-16T03:21:36","modified_gmt":"2025-05-16T01:21:36","slug":"setembro-pela-abolicao-da-pena-de-morte","status":"publish","type":"post","link":"https:\/\/schoenstatt.com\/pt-pt\/setembro-pela-abolicao-da-pena-de-morte\/","title":{"rendered":"SETEMBRO | Pela aboli\u00e7\u00e3o da pena de morte"},"content":{"rendered":"<p>Cada dia mais pessoas em todo o mundo dizem n\u00e3o \u00e0 pena de morte. Para a Igreja, isso \u00e9 um sinal de esperan\u00e7a.<br \/>\nDo ponto de vista jur\u00eddico, a pena de morte j\u00e1 n\u00e3o \u00e9 necess\u00e1ria.<\/p>\n<p>A sociedade pode reprimir eficazmente o crime sem privar definitivamente o infrator da possibilidade de redimir-se.<br \/>\nSempre, em toda condena\u00e7\u00e3o, deve haver uma janela de esperan\u00e7a.<br \/>\nA pena de morte n\u00e3o oferece justi\u00e7a \u00e0s v\u00edtimas, mas encoraja a vingan\u00e7a.<br \/>\nE impede qualquer possibilidade de se desfazer um poss\u00edvel erro judicial.<\/p>\n<p>Por outro lado, moralmente a pena de morte \u00e9 inadequada; ela destr\u00f3i o dom mais importante que recebemos: a vida. N\u00e3o esque\u00e7amos que, at\u00e9 ao \u00faltimo momento, uma pessoa pode converter-se e pode mudar.<\/p>\n<p>E, \u00e0 luz do Evangelho, a pena de morte \u00e9 inadmiss\u00edvel. O mandamento \u201cn\u00e3o matar\u00e1s\u201d refere-se tanto ao inocente como ao culpado.<br \/>\nApelo, pois, a todas as pessoas de boa vontade para que se mobilizem pelo fim da pena de morte em todo o mundo.<br \/>\nRezemos para que a pena de morte, que atenta contra a inviolabilidade e dignidade da pessoa, seja abolida nas leis de todos os pa\u00edses do mundo.<\/p>\n<figure id=\"attachment_26921\" aria-describedby=\"caption-attachment-26921\" style=\"width: 1296px\" class=\"wp-caption alignnone\"><img fetchpriority=\"high\" decoding=\"async\" class=\"size-full wp-image-26924\" src=\"https:\/\/schoenstatt.com\/wp-content\/uploads\/2022\/09\/cathopic_1488834476758288-1.jpg\" alt=\"Septiembre\" width=\"1296\" height=\"864\" \/><figcaption id=\"caption-attachment-26921\" class=\"wp-caption-text\">Cathopic<\/figcaption><\/figure>\n<h3>Papa Francisco: \u201cA pena de morte \u00e9 inadmiss\u00edvel\u201d<\/h3>\n<p>O respeito pela vida de cada pessoa e a possibilidade de convers\u00e3o s\u00e3o raz\u00f5es para rejeitar a pena de morte.<br \/>\nNa sua mensagem, o Santo Padre assinala que \u201ca pena de morte n\u00e3o oferece justi\u00e7a \u00e0s v\u00edtimas, mas encoraja a vingan\u00e7a\u201d.<br \/>\nO Papa afirma que a pena de morte n\u00e3o \u00e9 legalmente necess\u00e1ria e adverte sobre poss\u00edveis erros jur\u00eddicos.<br \/>\nO V\u00eddeo do Papa de setembro j\u00e1 est\u00e1 dispon\u00edvel com a inten\u00e7\u00e3o de ora\u00e7\u00e3o que o Santo Padre confia \u00e0 Igreja Cat\u00f3lica atrav\u00e9s da Rede Mundial de Ora\u00e7\u00e3o do Papa. Nele, Francisco convida-nos a rezar \u201cpara que a pena de morte, que atenta contra a inviolabilidade e dignidade da pessoa, possa ser abolida nas leis de todos os pa\u00edses do mundo\u201d.<\/p>\n<h3>A pena de morte continua a estar presente no mundo<\/h3>\n<p>Nesta edi\u00e7\u00e3o o Papa Francisco congratula-se com o fato de a rejei\u00e7\u00e3o \u00e0 pena de morte estar aumentando no mundo, o que a Igreja v\u00ea como \u201cum sinal de esperan\u00e7a\u201d. De fato, de acordo com dados das Na\u00e7\u00f5es Unidas, cerca de 170 Estados aboliram a pena de morte, impuseram uma morat\u00f3ria \u00e0 sua utiliza\u00e7\u00e3o na lei ou na pr\u00e1tica, ou suspenderam as execu\u00e7\u00f5es durante mais de 10 anos. No entanto, a pena de morte ainda \u00e9 aplicada em 55 pa\u00edses, em v\u00e1rios continentes.<\/p>\n<h3>A posi\u00e7\u00e3o da Igreja sobre a pena de morte<\/h3>\n<p>De Jo\u00e3o Paulo II a Bento XVI, os Pont\u00edfices pronunciaram-se fortemente contra o uso da pena de morte pelos governos nas \u00faltimas d\u00e9cadas. O <a href=\"https:\/\/schoenstattdev.wpenginepowered.com\/pt-pt\/igreja\/julho-pelos-idosos\/\">Papa Francisco<\/a> foi mais longe ao aprovar em 2018 um novo par\u00e1grafo do Catecismo condenando claramente a pena de morte e expressando o compromisso da Igreja na sua total aboli\u00e7\u00e3o.<\/p>\n<p>No V\u00eddeo deste m\u00eas, que chega num momento marcado por not\u00edcias de senten\u00e7as de morte e execu\u00e7\u00f5es em v\u00e1rias partes do mundo, o Santo Padre apela n\u00e3o s\u00f3 aos crist\u00e3os, mas, a todas as pessoas de boa vontade. Reitera que \u201c<em><strong>a pena de morte n\u00e3o oferece justi\u00e7a \u00e0s v\u00edtimas, mas encoraja a vingan\u00e7a\u201d<\/strong><\/em>. No plano moral, ela \u00e9 inadequada porque \u201cdestr\u00f3i o dom mais importante que recebemos: a vida\u201d. Finalmente, \u201c\u00e0 luz do Evangelho, a pena de morte \u00e9 inadmiss\u00edvel: o mandamento \u201cn\u00e3o matar\u00e1s\u201d refere-se tanto aos inocentes como aos culpados\u201d. Al\u00e9m disso, existem outras raz\u00f5es para rejeitar a pena de morte: poss\u00edveis erros jur\u00eddicos e o fato de que \u201cat\u00e9 ao \u00faltimo momento, uma pessoa pode converter-se e pode mudar\u201d. \u201cSempre, em toda condena\u00e7\u00e3o, deve haver uma janela de esperan\u00e7a\u201d, recorda-nos o Papa Francisco.<\/p>\n<p>O padre Fr\u00e9d\u00e9ric Fornos S.J., Diretor Internacional da Rede Mundial de Ora\u00e7\u00e3o do Papa, comentou sobre esta inten\u00e7\u00e3o: \u201cEste m\u00eas, o Papa Francisco convida-nos a rezar pelo fim da pena de morte, reiterando o que disse em Fratelli tutti e especificou no Catecismo da Igreja Cat\u00f3lica: \u201cA Igreja est\u00e1 determinada a propor a sua aboli\u00e7\u00e3o em todo o mundo. Por qu\u00ea? Porque mesmo no \u00faltimo momento uma pessoa pode converter-se, reconhecer os seus crimes e mudar. A pena de morte, por outro lado, \u00e9 como colocar-se no lugar de Deus. Com a condena\u00e7\u00e3o, determina-se que uma pessoa nunca ser\u00e1 capaz de mudar, o que n\u00e3o sabemos. Neste m\u00eas de setembro, o Papa convida-nos a rezar e a nos mobilizarmos para apoiar as associa\u00e7\u00f5es e organiza\u00e7\u00f5es que lutam pelo fim da pena de morte.<\/p>\n<p><iframe title=\"Pela aboli\u00e7\u00e3o da pena de morte - O V\u00eddeo do Papa 09 - Setembro 2022\" width=\"800\" height=\"450\" src=\"https:\/\/www.youtube.com\/embed\/GIM1c0DRGNs?feature=oembed\" frameborder=\"0\" allow=\"accelerometer; autoplay; clipboard-write; encrypted-media; gyroscope; picture-in-picture; web-share\" referrerpolicy=\"strict-origin-when-cross-origin\" allowfullscreen><\/iframe><\/p>\n<p>&nbsp;<\/p>\n","protected":false},"excerpt":{"rendered":"<p>Para que a pena de morte, que atenta contra a inviolabilidade e a dignidade da pessoa, seja abolida nas leis de todos os pa\u00edses do mundo.<\/p>\n","protected":false},"author":1,"featured_media":26913,"comment_status":"closed","ping_status":"closed","sticky":false,"template":"","format":"standard","meta":{"footnotes":""},"categories":[608,906],"tags":[],"class_list":["post-50993","post","type-post","status-publish","format-standard","has-post-thumbnail","hentry","category-igreja-pt-pt","category-papa-francisco-pt-pt"],"yoast_head":"<!-- This site is optimized with the Yoast SEO Premium plugin v27.4 (Yoast SEO v27.5) - https:\/\/yoast.com\/product\/yoast-seo-premium-wordpress\/ -->\n<title>SETEMBRO | Pela aboli\u00e7\u00e3o da pena de morte - Schoenstatt<\/title>\n<meta name=\"description\" content=\"Setembro - Para que a pena de morte, que atenta contra a inviolabilidade e a dignidade da pessoa, seja abolida os pa\u00edses do mundo.\" \/>\n<meta name=\"robots\" content=\"index, follow, max-snippet:-1, max-image-preview:large, max-video-preview:-1\" \/>\n<link rel=\"canonical\" href=\"https:\/\/schoenstatt.com\/pt-pt\/setembro-pela-abolicao-da-pena-de-morte\/\" \/>\n<meta property=\"og:locale\" content=\"pt_PT\" \/>\n<meta property=\"og:type\" content=\"article\" \/>\n<meta property=\"og:title\" content=\"SETEMBRO | Pela aboli\u00e7\u00e3o da pena de morte\" \/>\n<meta property=\"og:description\" content=\"Setembro - Para que a pena de morte, que atenta contra a inviolabilidade e a dignidade da pessoa, seja abolida os pa\u00edses do mundo.\" \/>\n<meta property=\"og:url\" content=\"https:\/\/schoenstatt.com\/pt-pt\/setembro-pela-abolicao-da-pena-de-morte\/\" \/>\n<meta property=\"og:site_name\" content=\"Schoenstatt\" \/>\n<meta property=\"article:published_time\" content=\"2022-09-14T14:06:54+00:00\" \/>\n<meta property=\"article:modified_time\" content=\"2025-05-16T01:21:36+00:00\" \/>\n<meta property=\"og:image\" content=\"https:\/\/schoenstatt.com\/wp-content\/uploads\/2022\/09\/angiemenes-1592532372881-cathopic-scaled-1.jpg\" \/>\n\t<meta property=\"og:image:width\" content=\"2560\" \/>\n\t<meta property=\"og:image:height\" content=\"1707\" \/>\n\t<meta property=\"og:image:type\" content=\"image\/jpeg\" \/>\n<meta name=\"author\" content=\"admin\" \/>\n<meta name=\"twitter:card\" content=\"summary_large_image\" \/>\n<meta name=\"twitter:label1\" content=\"Escrito por\" \/>\n\t<meta name=\"twitter:data1\" content=\"admin\" \/>\n\t<meta name=\"twitter:label2\" content=\"Tempo estimado de leitura\" \/>\n\t<meta name=\"twitter:data2\" content=\"4 minutos\" \/>\n<script type=\"application\/ld+json\" class=\"yoast-schema-graph\">{\"@context\":\"https:\\\/\\\/schema.org\",\"@graph\":[{\"@type\":\"Article\",\"@id\":\"https:\\\/\\\/schoenstatt.com\\\/pt-pt\\\/setembro-pela-abolicao-da-pena-de-morte\\\/#article\",\"isPartOf\":{\"@id\":\"https:\\\/\\\/schoenstatt.com\\\/pt-pt\\\/setembro-pela-abolicao-da-pena-de-morte\\\/\"},\"author\":{\"name\":\"admin\",\"@id\":\"https:\\\/\\\/schoenstatt.com\\\/pt-pt\\\/#\\\/schema\\\/person\\\/489465b1850e7b216fe2c10dfc262551\"},\"headline\":\"SETEMBRO | Pela aboli\u00e7\u00e3o da pena de morte\",\"datePublished\":\"2022-09-14T14:06:54+00:00\",\"dateModified\":\"2025-05-16T01:21:36+00:00\",\"mainEntityOfPage\":{\"@id\":\"https:\\\/\\\/schoenstatt.com\\\/pt-pt\\\/setembro-pela-abolicao-da-pena-de-morte\\\/\"},\"wordCount\":836,\"publisher\":{\"@id\":\"https:\\\/\\\/schoenstatt.com\\\/pt-pt\\\/#organization\"},\"image\":{\"@id\":\"https:\\\/\\\/schoenstatt.com\\\/pt-pt\\\/setembro-pela-abolicao-da-pena-de-morte\\\/#primaryimage\"},\"thumbnailUrl\":\"https:\\\/\\\/schoenstatt.com\\\/wp-content\\\/uploads\\\/2022\\\/09\\\/angiemenes-1592532372881-cathopic-scaled-1.jpg\",\"articleSection\":[\"Igreja\",\"Papa Francisco\"],\"inLanguage\":\"pt-PT\"},{\"@type\":\"WebPage\",\"@id\":\"https:\\\/\\\/schoenstatt.com\\\/pt-pt\\\/setembro-pela-abolicao-da-pena-de-morte\\\/\",\"url\":\"https:\\\/\\\/schoenstatt.com\\\/pt-pt\\\/setembro-pela-abolicao-da-pena-de-morte\\\/\",\"name\":\"SETEMBRO | Pela aboli\u00e7\u00e3o da pena de morte - Schoenstatt\",\"isPartOf\":{\"@id\":\"https:\\\/\\\/schoenstatt.com\\\/pt-pt\\\/#website\"},\"primaryImageOfPage\":{\"@id\":\"https:\\\/\\\/schoenstatt.com\\\/pt-pt\\\/setembro-pela-abolicao-da-pena-de-morte\\\/#primaryimage\"},\"image\":{\"@id\":\"https:\\\/\\\/schoenstatt.com\\\/pt-pt\\\/setembro-pela-abolicao-da-pena-de-morte\\\/#primaryimage\"},\"thumbnailUrl\":\"https:\\\/\\\/schoenstatt.com\\\/wp-content\\\/uploads\\\/2022\\\/09\\\/angiemenes-1592532372881-cathopic-scaled-1.jpg\",\"datePublished\":\"2022-09-14T14:06:54+00:00\",\"dateModified\":\"2025-05-16T01:21:36+00:00\",\"description\":\"Setembro - Para que a pena de morte, que atenta contra a inviolabilidade e a dignidade da pessoa, seja abolida os pa\u00edses do mundo.\",\"breadcrumb\":{\"@id\":\"https:\\\/\\\/schoenstatt.com\\\/pt-pt\\\/setembro-pela-abolicao-da-pena-de-morte\\\/#breadcrumb\"},\"inLanguage\":\"pt-PT\",\"potentialAction\":[{\"@type\":\"ReadAction\",\"target\":[\"https:\\\/\\\/schoenstatt.com\\\/pt-pt\\\/setembro-pela-abolicao-da-pena-de-morte\\\/\"]}]},{\"@type\":\"ImageObject\",\"inLanguage\":\"pt-PT\",\"@id\":\"https:\\\/\\\/schoenstatt.com\\\/pt-pt\\\/setembro-pela-abolicao-da-pena-de-morte\\\/#primaryimage\",\"url\":\"https:\\\/\\\/schoenstatt.com\\\/wp-content\\\/uploads\\\/2022\\\/09\\\/angiemenes-1592532372881-cathopic-scaled-1.jpg\",\"contentUrl\":\"https:\\\/\\\/schoenstatt.com\\\/wp-content\\\/uploads\\\/2022\\\/09\\\/angiemenes-1592532372881-cathopic-scaled-1.jpg\",\"width\":2560,\"height\":1707,\"caption\":\"Cathopic\"},{\"@type\":\"BreadcrumbList\",\"@id\":\"https:\\\/\\\/schoenstatt.com\\\/pt-pt\\\/setembro-pela-abolicao-da-pena-de-morte\\\/#breadcrumb\",\"itemListElement\":[{\"@type\":\"ListItem\",\"position\":1,\"name\":\"Portada\",\"item\":\"https:\\\/\\\/schoenstatt.com\\\/pt-pt\\\/home\\\/\"},{\"@type\":\"ListItem\",\"position\":2,\"name\":\"SETEMBRO | Pela aboli\u00e7\u00e3o da pena de morte\"}]},{\"@type\":\"WebSite\",\"@id\":\"https:\\\/\\\/schoenstatt.com\\\/pt-pt\\\/#website\",\"url\":\"https:\\\/\\\/schoenstatt.com\\\/pt-pt\\\/\",\"name\":\"Schoenstatt\",\"description\":\"Apostolic Movement\",\"publisher\":{\"@id\":\"https:\\\/\\\/schoenstatt.com\\\/pt-pt\\\/#organization\"},\"potentialAction\":[{\"@type\":\"SearchAction\",\"target\":{\"@type\":\"EntryPoint\",\"urlTemplate\":\"https:\\\/\\\/schoenstatt.com\\\/pt-pt\\\/?s={search_term_string}\"},\"query-input\":{\"@type\":\"PropertyValueSpecification\",\"valueRequired\":true,\"valueName\":\"search_term_string\"}}],\"inLanguage\":\"pt-PT\"},{\"@type\":\"Organization\",\"@id\":\"https:\\\/\\\/schoenstatt.com\\\/pt-pt\\\/#organization\",\"name\":\"Schoenstatt\",\"url\":\"https:\\\/\\\/schoenstatt.com\\\/pt-pt\\\/\",\"logo\":{\"@type\":\"ImageObject\",\"inLanguage\":\"pt-PT\",\"@id\":\"https:\\\/\\\/schoenstatt.com\\\/pt-pt\\\/#\\\/schema\\\/logo\\\/image\\\/\",\"url\":\"https:\\\/\\\/schoenstatt.com\\\/wp-content\\\/uploads\\\/2025\\\/04\\\/logo-schoenstatt-white-696x696-1.png\",\"contentUrl\":\"https:\\\/\\\/schoenstatt.com\\\/wp-content\\\/uploads\\\/2025\\\/04\\\/logo-schoenstatt-white-696x696-1.png\",\"width\":696,\"height\":694,\"caption\":\"Schoenstatt\"},\"image\":{\"@id\":\"https:\\\/\\\/schoenstatt.com\\\/pt-pt\\\/#\\\/schema\\\/logo\\\/image\\\/\"}},{\"@type\":\"Person\",\"@id\":\"https:\\\/\\\/schoenstatt.com\\\/pt-pt\\\/#\\\/schema\\\/person\\\/489465b1850e7b216fe2c10dfc262551\",\"name\":\"admin\",\"image\":{\"@type\":\"ImageObject\",\"inLanguage\":\"pt-PT\",\"@id\":\"https:\\\/\\\/secure.gravatar.com\\\/avatar\\\/02e8345e1ec40ab0e0a2a98fdde64a684bbaf994cddcb778b25b8b024ee9dfe6?s=96&d=mm&r=g\",\"url\":\"https:\\\/\\\/secure.gravatar.com\\\/avatar\\\/02e8345e1ec40ab0e0a2a98fdde64a684bbaf994cddcb778b25b8b024ee9dfe6?s=96&d=mm&r=g\",\"contentUrl\":\"https:\\\/\\\/secure.gravatar.com\\\/avatar\\\/02e8345e1ec40ab0e0a2a98fdde64a684bbaf994cddcb778b25b8b024ee9dfe6?s=96&d=mm&r=g\",\"caption\":\"admin\"},\"sameAs\":[\"https:\\\/\\\/schoenstatt.com\"],\"url\":\"https:\\\/\\\/schoenstatt.com\\\/pt-pt\\\/author\\\/admin\\\/\"}]}<\/script>\n<!-- \/ Yoast SEO Premium plugin. -->","yoast_head_json":{"title":"SETEMBRO | Pela aboli\u00e7\u00e3o da pena de morte - Schoenstatt","description":"Setembro - Para que a pena de morte, que atenta contra a inviolabilidade e a dignidade da pessoa, seja abolida os pa\u00edses do mundo.","robots":{"index":"index","follow":"follow","max-snippet":"max-snippet:-1","max-image-preview":"max-image-preview:large","max-video-preview":"max-video-preview:-1"},"canonical":"https:\/\/schoenstatt.com\/pt-pt\/setembro-pela-abolicao-da-pena-de-morte\/","og_locale":"pt_PT","og_type":"article","og_title":"SETEMBRO | Pela aboli\u00e7\u00e3o da pena de morte","og_description":"Setembro - Para que a pena de morte, que atenta contra a inviolabilidade e a dignidade da pessoa, seja abolida os pa\u00edses do mundo.","og_url":"https:\/\/schoenstatt.com\/pt-pt\/setembro-pela-abolicao-da-pena-de-morte\/","og_site_name":"Schoenstatt","article_published_time":"2022-09-14T14:06:54+00:00","article_modified_time":"2025-05-16T01:21:36+00:00","og_image":[{"width":2560,"height":1707,"url":"https:\/\/schoenstatt.com\/wp-content\/uploads\/2022\/09\/angiemenes-1592532372881-cathopic-scaled-1.jpg","type":"image\/jpeg"}],"author":"admin","twitter_card":"summary_large_image","twitter_misc":{"Escrito por":"admin","Tempo estimado de leitura":"4 minutos"},"schema":{"@context":"https:\/\/schema.org","@graph":[{"@type":"Article","@id":"https:\/\/schoenstatt.com\/pt-pt\/setembro-pela-abolicao-da-pena-de-morte\/#article","isPartOf":{"@id":"https:\/\/schoenstatt.com\/pt-pt\/setembro-pela-abolicao-da-pena-de-morte\/"},"author":{"name":"admin","@id":"https:\/\/schoenstatt.com\/pt-pt\/#\/schema\/person\/489465b1850e7b216fe2c10dfc262551"},"headline":"SETEMBRO | Pela aboli\u00e7\u00e3o da pena de morte","datePublished":"2022-09-14T14:06:54+00:00","dateModified":"2025-05-16T01:21:36+00:00","mainEntityOfPage":{"@id":"https:\/\/schoenstatt.com\/pt-pt\/setembro-pela-abolicao-da-pena-de-morte\/"},"wordCount":836,"publisher":{"@id":"https:\/\/schoenstatt.com\/pt-pt\/#organization"},"image":{"@id":"https:\/\/schoenstatt.com\/pt-pt\/setembro-pela-abolicao-da-pena-de-morte\/#primaryimage"},"thumbnailUrl":"https:\/\/schoenstatt.com\/wp-content\/uploads\/2022\/09\/angiemenes-1592532372881-cathopic-scaled-1.jpg","articleSection":["Igreja","Papa Francisco"],"inLanguage":"pt-PT"},{"@type":"WebPage","@id":"https:\/\/schoenstatt.com\/pt-pt\/setembro-pela-abolicao-da-pena-de-morte\/","url":"https:\/\/schoenstatt.com\/pt-pt\/setembro-pela-abolicao-da-pena-de-morte\/","name":"SETEMBRO | Pela aboli\u00e7\u00e3o da pena de morte - Schoenstatt","isPartOf":{"@id":"https:\/\/schoenstatt.com\/pt-pt\/#website"},"primaryImageOfPage":{"@id":"https:\/\/schoenstatt.com\/pt-pt\/setembro-pela-abolicao-da-pena-de-morte\/#primaryimage"},"image":{"@id":"https:\/\/schoenstatt.com\/pt-pt\/setembro-pela-abolicao-da-pena-de-morte\/#primaryimage"},"thumbnailUrl":"https:\/\/schoenstatt.com\/wp-content\/uploads\/2022\/09\/angiemenes-1592532372881-cathopic-scaled-1.jpg","datePublished":"2022-09-14T14:06:54+00:00","dateModified":"2025-05-16T01:21:36+00:00","description":"Setembro - Para que a pena de morte, que atenta contra a inviolabilidade e a dignidade da pessoa, seja abolida os pa\u00edses do mundo.","breadcrumb":{"@id":"https:\/\/schoenstatt.com\/pt-pt\/setembro-pela-abolicao-da-pena-de-morte\/#breadcrumb"},"inLanguage":"pt-PT","potentialAction":[{"@type":"ReadAction","target":["https:\/\/schoenstatt.com\/pt-pt\/setembro-pela-abolicao-da-pena-de-morte\/"]}]},{"@type":"ImageObject","inLanguage":"pt-PT","@id":"https:\/\/schoenstatt.com\/pt-pt\/setembro-pela-abolicao-da-pena-de-morte\/#primaryimage","url":"https:\/\/schoenstatt.com\/wp-content\/uploads\/2022\/09\/angiemenes-1592532372881-cathopic-scaled-1.jpg","contentUrl":"https:\/\/schoenstatt.com\/wp-content\/uploads\/2022\/09\/angiemenes-1592532372881-cathopic-scaled-1.jpg","width":2560,"height":1707,"caption":"Cathopic"},{"@type":"BreadcrumbList","@id":"https:\/\/schoenstatt.com\/pt-pt\/setembro-pela-abolicao-da-pena-de-morte\/#breadcrumb","itemListElement":[{"@type":"ListItem","position":1,"name":"Portada","item":"https:\/\/schoenstatt.com\/pt-pt\/home\/"},{"@type":"ListItem","position":2,"name":"SETEMBRO | Pela aboli\u00e7\u00e3o da pena de morte"}]},{"@type":"WebSite","@id":"https:\/\/schoenstatt.com\/pt-pt\/#website","url":"https:\/\/schoenstatt.com\/pt-pt\/","name":"Schoenstatt","description":"Apostolic Movement","publisher":{"@id":"https:\/\/schoenstatt.com\/pt-pt\/#organization"},"potentialAction":[{"@type":"SearchAction","target":{"@type":"EntryPoint","urlTemplate":"https:\/\/schoenstatt.com\/pt-pt\/?s={search_term_string}"},"query-input":{"@type":"PropertyValueSpecification","valueRequired":true,"valueName":"search_term_string"}}],"inLanguage":"pt-PT"},{"@type":"Organization","@id":"https:\/\/schoenstatt.com\/pt-pt\/#organization","name":"Schoenstatt","url":"https:\/\/schoenstatt.com\/pt-pt\/","logo":{"@type":"ImageObject","inLanguage":"pt-PT","@id":"https:\/\/schoenstatt.com\/pt-pt\/#\/schema\/logo\/image\/","url":"https:\/\/schoenstatt.com\/wp-content\/uploads\/2025\/04\/logo-schoenstatt-white-696x696-1.png","contentUrl":"https:\/\/schoenstatt.com\/wp-content\/uploads\/2025\/04\/logo-schoenstatt-white-696x696-1.png","width":696,"height":694,"caption":"Schoenstatt"},"image":{"@id":"https:\/\/schoenstatt.com\/pt-pt\/#\/schema\/logo\/image\/"}},{"@type":"Person","@id":"https:\/\/schoenstatt.com\/pt-pt\/#\/schema\/person\/489465b1850e7b216fe2c10dfc262551","name":"admin","image":{"@type":"ImageObject","inLanguage":"pt-PT","@id":"https:\/\/secure.gravatar.com\/avatar\/02e8345e1ec40ab0e0a2a98fdde64a684bbaf994cddcb778b25b8b024ee9dfe6?s=96&d=mm&r=g","url":"https:\/\/secure.gravatar.com\/avatar\/02e8345e1ec40ab0e0a2a98fdde64a684bbaf994cddcb778b25b8b024ee9dfe6?s=96&d=mm&r=g","contentUrl":"https:\/\/secure.gravatar.com\/avatar\/02e8345e1ec40ab0e0a2a98fdde64a684bbaf994cddcb778b25b8b024ee9dfe6?s=96&d=mm&r=g","caption":"admin"},"sameAs":["https:\/\/schoenstatt.com"],"url":"https:\/\/schoenstatt.com\/pt-pt\/author\/admin\/"}]}},"_links":{"self":[{"href":"https:\/\/schoenstatt.com\/pt-pt\/wp-json\/wp\/v2\/posts\/50993","targetHints":{"allow":["GET"]}}],"collection":[{"href":"https:\/\/schoenstatt.com\/pt-pt\/wp-json\/wp\/v2\/posts"}],"about":[{"href":"https:\/\/schoenstatt.com\/pt-pt\/wp-json\/wp\/v2\/types\/post"}],"author":[{"embeddable":true,"href":"https:\/\/schoenstatt.com\/pt-pt\/wp-json\/wp\/v2\/users\/1"}],"replies":[{"embeddable":true,"href":"https:\/\/schoenstatt.com\/pt-pt\/wp-json\/wp\/v2\/comments?post=50993"}],"version-history":[{"count":1,"href":"https:\/\/schoenstatt.com\/pt-pt\/wp-json\/wp\/v2\/posts\/50993\/revisions"}],"predecessor-version":[{"id":51126,"href":"https:\/\/schoenstatt.com\/pt-pt\/wp-json\/wp\/v2\/posts\/50993\/revisions\/51126"}],"wp:featuredmedia":[{"embeddable":true,"href":"https:\/\/schoenstatt.com\/pt-pt\/wp-json\/wp\/v2\/media\/26913"}],"wp:attachment":[{"href":"https:\/\/schoenstatt.com\/pt-pt\/wp-json\/wp\/v2\/media?parent=50993"}],"wp:term":[{"taxonomy":"category","embeddable":true,"href":"https:\/\/schoenstatt.com\/pt-pt\/wp-json\/wp\/v2\/categories?post=50993"},{"taxonomy":"post_tag","embeddable":true,"href":"https:\/\/schoenstatt.com\/pt-pt\/wp-json\/wp\/v2\/tags?post=50993"}],"curies":[{"name":"wp","href":"https:\/\/api.w.org\/{rel}","templated":true}]}}