{"id":50982,"date":"2022-09-05T16:20:49","date_gmt":"2022-09-05T14:20:49","guid":{"rendered":"https:\/\/schoenstattdev.wpenginepowered.com\/?p=26684"},"modified":"2025-05-16T00:54:53","modified_gmt":"2025-05-15T22:54:53","slug":"escutando-a-voz-de-deus","status":"publish","type":"post","link":"https:\/\/schoenstatt.com\/pt-pt\/escutando-a-voz-de-deus\/","title":{"rendered":"Escutando a voz de Deus"},"content":{"rendered":"<p>O IV Cap\u00edtulo Geral da <a href=\"http:\/\/www.uniaodefamilias.com.br\/\">Federa\u00e7\u00e3o Apost\u00f3lica Internacional<\/a> das Fam\u00edlias de Schoenstatt se re\u00fane entre os dias 1\u00ba e 11 de setembro no Josef-Kentenich-Hof, em Hillscheid, sua sede central, localizada a sete quil\u00f4metros do Santu\u00e1rio Original.<\/p>\n<p>Seu \u00faltimo Cap\u00edtulo Geral ocorreu h\u00e1 sete anos. Devido \u00e0 pandemia, este cap\u00edtulo teve que ser adiado por um ano.<\/p>\n<p><img fetchpriority=\"high\" decoding=\"async\" class=\"size-medium wp-image-26681 alignleft\" src=\"https:\/\/schoenstatt.com\/wp-content\/uploads\/2022\/09\/65abdaeb-6ac9-4252-bf15-1b92667bd706-1.jpg\" alt=\"Stimme Gottes\" width=\"225\" height=\"300\" \/><\/p>\n<p>H\u00e1 23 casais que participam do Cap\u00edtulo como capitulares, vindos de 12 pa\u00edses. Os membros do cap\u00edtulo representam cerca de 2.000 fam\u00edlias de um total de 20 pa\u00edses. 10 casais s\u00e3o representantes da Europa e 13 da Am\u00e9rica Latina. Com seis idiomas (alem\u00e3o, espanhol, portugu\u00eas, polon\u00eas, tcheco e h\u00fangaro), \u00e9 mobilizado um grande trabalho de tradu\u00e7\u00e3o, expressando a diversidade da comunidade da Federa\u00e7\u00e3o. Um total de 26 volunt\u00e1rios e funcion\u00e1rios apoiam os membros do cap\u00edtulo.<\/p>\n<h3>Revis\u00e3o e perspectivas<\/h3>\n<p>O per\u00edodo de dire\u00e7\u00e3o que termina agora foi marcado pelo desenvolvimento e pela expans\u00e3o da Federa\u00e7\u00e3o das Fam\u00edlias de Schoenstatt em v\u00e1rios pa\u00edses e pelo acompanhamento das comunidades em fase de funda\u00e7\u00e3o. At\u00e9 o momento, oito territ\u00f3rios alcan\u00e7aram autonomia.<\/p>\n<figure id=\"attachment_26628\" aria-describedby=\"caption-attachment-26628\" style=\"width: 840px\" class=\"wp-caption alignright\"><img decoding=\"async\" class=\"wp-image-26628 size-large\" src=\"https:\/\/schoenstatt.com\/wp-content\/uploads\/2022\/09\/HIllscheid-Foto-Brehm-1.png\" alt=\"\" width=\"840\" height=\"418\" \/><figcaption id=\"caption-attachment-26628\" class=\"wp-caption-text\">Foto: H. Brehm<\/figcaption><\/figure>\n<p>Os temas a serem discutidos no Cap\u00edtulo Geral s\u00e3o: os relat\u00f3rios dos territ\u00f3rios, a revis\u00e3o dos estatutos internacionais e o tratamento das mo\u00e7\u00f5es, assim como a elei\u00e7\u00e3o de uma nova Dire\u00e7\u00e3o Internacional. Mas, de maneira especial, a comunidade procura escutar a voz de Deus no esp\u00edrito da sinodalidade atrav\u00e9s de um interc\u00e2mbio sobre temas importantes da comunidade, como a causa Kentenich ou a colabora\u00e7\u00e3o das comunidades familiares de Schoenstatt.<\/p>\n<p>As reflex\u00f5es sobre o acompanhamento e a educa\u00e7\u00e3o das fam\u00edlias candidatas s\u00e3o um ponto chave, junto com outros temas, como a miss\u00e3o da comunidade na Igreja e para a Igreja.<\/p>\n<h3>Abertura m\u00fatua escutando a voz de Deus<\/h3>\n<p><img decoding=\"async\" class=\"wp-image-26675 size-large aligncenter\" src=\"https:\/\/schoenstatt.com\/wp-content\/uploads\/2022\/09\/43d3cf49-5489-4758-aa8d-d7b1860023d8-1-768x1024.jpg\" alt=\"\" width=\"768\" height=\"1024\" \/><\/p>\n<p>&#8220;Para todas as delibera\u00e7\u00f5es e assuntos, as fam\u00edlias da <a href=\"https:\/\/schoenstattdev.wpenginepowered.com\/pt-pt\/familia\/comunidades-do-movimento-apostolico-de-schoenstatt\/familias\/\">Federa\u00e7\u00e3o<\/a> imploram os dons do Esp\u00edrito Santo&#8221;, disseram Rosa-Maria e Josef Wieland, fam\u00edlia dirigente internacional, &#8220;e esperamos uma grande abertura uns com os outros e estar atentos \u00e0 voz de Deus, para que do Cap\u00edtulo surja um forte impulso para o futuro da Federa\u00e7\u00e3o Apost\u00f3lica Internacional das Fam\u00edlias de Schoenstatt\u201d. A comunidade agradece as ora\u00e7\u00f5es de todo o Movimento de Schoenstatt pelo Cap\u00edtulo Geral.<\/p>\n<p>&nbsp;<\/p>\n","protected":false},"excerpt":{"rendered":"<p>23 casais representando a 20 pa\u00edses da Europa e Am\u00e9rica Latina est\u00e3o participando do IV Cap\u00edtulo Geral da Federa\u00e7\u00e3o Internacional das Fam\u00edlias de Schoenstatt em Hillscheid, em Josef-Kentenich-Hof, sua sede central, a poucos quil\u00f4metros do Santu\u00e1rio Original.<\/p>\n","protected":false},"author":6,"featured_media":26670,"comment_status":"closed","ping_status":"closed","sticky":false,"template":"","format":"standard","meta":{"footnotes":""},"categories":[908,876],"tags":[],"class_list":["post-50982","post","type-post","status-publish","format-standard","has-post-thumbnail","hentry","category-comunidades-de-schoenstatt-pt-pt","category-familia-pt-pt"],"yoast_head":"<!-- This site is optimized with the Yoast SEO Premium plugin v27.4 (Yoast SEO v27.4) - https:\/\/yoast.com\/product\/yoast-seo-premium-wordpress\/ -->\n<title>Escutando a voz de Deus - Schoenstatt<\/title>\n<meta name=\"description\" content=\"A Federa\u00e7\u00e3o Internacional das Fam\u00edlias de Schoenstatt est\u00e1 reunida em Cap\u00edtulo Geral no Josef-Kentenich-Hof, sua sede internacional.\" \/>\n<meta name=\"robots\" content=\"index, follow, max-snippet:-1, max-image-preview:large, max-video-preview:-1\" \/>\n<link rel=\"canonical\" href=\"https:\/\/schoenstatt.com\/pt-pt\/escutando-a-voz-de-deus\/\" \/>\n<meta property=\"og:locale\" content=\"pt_PT\" \/>\n<meta property=\"og:type\" content=\"article\" \/>\n<meta property=\"og:title\" content=\"Escutando a voz de Deus\" \/>\n<meta property=\"og:description\" content=\"A Federa\u00e7\u00e3o Internacional das Fam\u00edlias de Schoenstatt est\u00e1 reunida em Cap\u00edtulo Geral no Josef-Kentenich-Hof, sua sede internacional.\" \/>\n<meta property=\"og:url\" content=\"https:\/\/schoenstatt.com\/pt-pt\/escutando-a-voz-de-deus\/\" \/>\n<meta property=\"og:site_name\" content=\"Schoenstatt\" \/>\n<meta property=\"article:published_time\" content=\"2022-09-05T14:20:49+00:00\" \/>\n<meta property=\"article:modified_time\" content=\"2025-05-15T22:54:53+00:00\" \/>\n<meta property=\"og:image\" content=\"https:\/\/schoenstatt.com\/wp-content\/uploads\/2022\/09\/5164ced1-10c5-4b2f-85d0-14c32059e5b7-1.jpg\" \/>\n\t<meta property=\"og:image:width\" content=\"2048\" \/>\n\t<meta property=\"og:image:height\" content=\"1536\" \/>\n\t<meta property=\"og:image:type\" content=\"image\/jpeg\" \/>\n<meta name=\"author\" content=\"Vanessa Franke\" \/>\n<meta name=\"twitter:card\" content=\"summary_large_image\" \/>\n<meta name=\"twitter:label1\" content=\"Escrito por\" \/>\n\t<meta name=\"twitter:data1\" content=\"Vanessa Franke\" \/>\n\t<meta name=\"twitter:label2\" content=\"Tempo estimado de leitura\" \/>\n\t<meta name=\"twitter:data2\" content=\"2 minutos\" \/>\n<script type=\"application\/ld+json\" class=\"yoast-schema-graph\">{\"@context\":\"https:\\\/\\\/schema.org\",\"@graph\":[{\"@type\":\"Article\",\"@id\":\"https:\\\/\\\/schoenstatt.com\\\/pt-pt\\\/escutando-a-voz-de-deus\\\/#article\",\"isPartOf\":{\"@id\":\"https:\\\/\\\/schoenstatt.com\\\/pt-pt\\\/escutando-a-voz-de-deus\\\/\"},\"author\":{\"name\":\"Vanessa Franke\",\"@id\":\"https:\\\/\\\/schoenstatt.com\\\/pt-pt\\\/#\\\/schema\\\/person\\\/ea97a60c723e21c923e2177f0f3163f7\"},\"headline\":\"Escutando a voz de Deus\",\"datePublished\":\"2022-09-05T14:20:49+00:00\",\"dateModified\":\"2025-05-15T22:54:53+00:00\",\"mainEntityOfPage\":{\"@id\":\"https:\\\/\\\/schoenstatt.com\\\/pt-pt\\\/escutando-a-voz-de-deus\\\/\"},\"wordCount\":421,\"publisher\":{\"@id\":\"https:\\\/\\\/schoenstatt.com\\\/pt-pt\\\/#organization\"},\"image\":{\"@id\":\"https:\\\/\\\/schoenstatt.com\\\/pt-pt\\\/escutando-a-voz-de-deus\\\/#primaryimage\"},\"thumbnailUrl\":\"https:\\\/\\\/schoenstatt.com\\\/wp-content\\\/uploads\\\/2022\\\/09\\\/5164ced1-10c5-4b2f-85d0-14c32059e5b7-1.jpg\",\"articleSection\":[\"Comunidades de Schoenstatt\",\"Fam\u00edlia\"],\"inLanguage\":\"pt-PT\"},{\"@type\":\"WebPage\",\"@id\":\"https:\\\/\\\/schoenstatt.com\\\/pt-pt\\\/escutando-a-voz-de-deus\\\/\",\"url\":\"https:\\\/\\\/schoenstatt.com\\\/pt-pt\\\/escutando-a-voz-de-deus\\\/\",\"name\":\"Escutando a voz de Deus - Schoenstatt\",\"isPartOf\":{\"@id\":\"https:\\\/\\\/schoenstatt.com\\\/pt-pt\\\/#website\"},\"primaryImageOfPage\":{\"@id\":\"https:\\\/\\\/schoenstatt.com\\\/pt-pt\\\/escutando-a-voz-de-deus\\\/#primaryimage\"},\"image\":{\"@id\":\"https:\\\/\\\/schoenstatt.com\\\/pt-pt\\\/escutando-a-voz-de-deus\\\/#primaryimage\"},\"thumbnailUrl\":\"https:\\\/\\\/schoenstatt.com\\\/wp-content\\\/uploads\\\/2022\\\/09\\\/5164ced1-10c5-4b2f-85d0-14c32059e5b7-1.jpg\",\"datePublished\":\"2022-09-05T14:20:49+00:00\",\"dateModified\":\"2025-05-15T22:54:53+00:00\",\"description\":\"A Federa\u00e7\u00e3o Internacional das Fam\u00edlias de Schoenstatt est\u00e1 reunida em Cap\u00edtulo Geral no Josef-Kentenich-Hof, sua sede internacional.\",\"breadcrumb\":{\"@id\":\"https:\\\/\\\/schoenstatt.com\\\/pt-pt\\\/escutando-a-voz-de-deus\\\/#breadcrumb\"},\"inLanguage\":\"pt-PT\",\"potentialAction\":[{\"@type\":\"ReadAction\",\"target\":[\"https:\\\/\\\/schoenstatt.com\\\/pt-pt\\\/escutando-a-voz-de-deus\\\/\"]}]},{\"@type\":\"ImageObject\",\"inLanguage\":\"pt-PT\",\"@id\":\"https:\\\/\\\/schoenstatt.com\\\/pt-pt\\\/escutando-a-voz-de-deus\\\/#primaryimage\",\"url\":\"https:\\\/\\\/schoenstatt.com\\\/wp-content\\\/uploads\\\/2022\\\/09\\\/5164ced1-10c5-4b2f-85d0-14c32059e5b7-1.jpg\",\"contentUrl\":\"https:\\\/\\\/schoenstatt.com\\\/wp-content\\\/uploads\\\/2022\\\/09\\\/5164ced1-10c5-4b2f-85d0-14c32059e5b7-1.jpg\",\"width\":2048,\"height\":1536,\"caption\":\"H\u00f6ren auf die Stimme Gottes\"},{\"@type\":\"BreadcrumbList\",\"@id\":\"https:\\\/\\\/schoenstatt.com\\\/pt-pt\\\/escutando-a-voz-de-deus\\\/#breadcrumb\",\"itemListElement\":[{\"@type\":\"ListItem\",\"position\":1,\"name\":\"Portada\",\"item\":\"https:\\\/\\\/schoenstatt.com\\\/pt-pt\\\/home\\\/\"},{\"@type\":\"ListItem\",\"position\":2,\"name\":\"Escutando a voz de Deus\"}]},{\"@type\":\"WebSite\",\"@id\":\"https:\\\/\\\/schoenstatt.com\\\/pt-pt\\\/#website\",\"url\":\"https:\\\/\\\/schoenstatt.com\\\/pt-pt\\\/\",\"name\":\"Schoenstatt\",\"description\":\"Apostolic Movement\",\"publisher\":{\"@id\":\"https:\\\/\\\/schoenstatt.com\\\/pt-pt\\\/#organization\"},\"potentialAction\":[{\"@type\":\"SearchAction\",\"target\":{\"@type\":\"EntryPoint\",\"urlTemplate\":\"https:\\\/\\\/schoenstatt.com\\\/pt-pt\\\/?s={search_term_string}\"},\"query-input\":{\"@type\":\"PropertyValueSpecification\",\"valueRequired\":true,\"valueName\":\"search_term_string\"}}],\"inLanguage\":\"pt-PT\"},{\"@type\":\"Organization\",\"@id\":\"https:\\\/\\\/schoenstatt.com\\\/pt-pt\\\/#organization\",\"name\":\"Schoenstatt\",\"url\":\"https:\\\/\\\/schoenstatt.com\\\/pt-pt\\\/\",\"logo\":{\"@type\":\"ImageObject\",\"inLanguage\":\"pt-PT\",\"@id\":\"https:\\\/\\\/schoenstatt.com\\\/pt-pt\\\/#\\\/schema\\\/logo\\\/image\\\/\",\"url\":\"https:\\\/\\\/schoenstatt.com\\\/wp-content\\\/uploads\\\/2025\\\/04\\\/logo-schoenstatt-white-696x696-1.png\",\"contentUrl\":\"https:\\\/\\\/schoenstatt.com\\\/wp-content\\\/uploads\\\/2025\\\/04\\\/logo-schoenstatt-white-696x696-1.png\",\"width\":696,\"height\":694,\"caption\":\"Schoenstatt\"},\"image\":{\"@id\":\"https:\\\/\\\/schoenstatt.com\\\/pt-pt\\\/#\\\/schema\\\/logo\\\/image\\\/\"}},{\"@type\":\"Person\",\"@id\":\"https:\\\/\\\/schoenstatt.com\\\/pt-pt\\\/#\\\/schema\\\/person\\\/ea97a60c723e21c923e2177f0f3163f7\",\"name\":\"Vanessa Franke\",\"image\":{\"@type\":\"ImageObject\",\"inLanguage\":\"pt-PT\",\"@id\":\"https:\\\/\\\/secure.gravatar.com\\\/avatar\\\/a9bcca3409928ccd3195eca11e2ccbb2e5d7c7912e9a945d4f326f81a0a5cb4a?s=96&d=mm&r=g\",\"url\":\"https:\\\/\\\/secure.gravatar.com\\\/avatar\\\/a9bcca3409928ccd3195eca11e2ccbb2e5d7c7912e9a945d4f326f81a0a5cb4a?s=96&d=mm&r=g\",\"contentUrl\":\"https:\\\/\\\/secure.gravatar.com\\\/avatar\\\/a9bcca3409928ccd3195eca11e2ccbb2e5d7c7912e9a945d4f326f81a0a5cb4a?s=96&d=mm&r=g\",\"caption\":\"Vanessa Franke\"},\"url\":\"https:\\\/\\\/schoenstatt.com\\\/pt-pt\\\/author\\\/vanessa-franke\\\/\"}]}<\/script>\n<!-- \/ Yoast SEO Premium plugin. -->","yoast_head_json":{"title":"Escutando a voz de Deus - Schoenstatt","description":"A Federa\u00e7\u00e3o Internacional das Fam\u00edlias de Schoenstatt est\u00e1 reunida em Cap\u00edtulo Geral no Josef-Kentenich-Hof, sua sede internacional.","robots":{"index":"index","follow":"follow","max-snippet":"max-snippet:-1","max-image-preview":"max-image-preview:large","max-video-preview":"max-video-preview:-1"},"canonical":"https:\/\/schoenstatt.com\/pt-pt\/escutando-a-voz-de-deus\/","og_locale":"pt_PT","og_type":"article","og_title":"Escutando a voz de Deus","og_description":"A Federa\u00e7\u00e3o Internacional das Fam\u00edlias de Schoenstatt est\u00e1 reunida em Cap\u00edtulo Geral no Josef-Kentenich-Hof, sua sede internacional.","og_url":"https:\/\/schoenstatt.com\/pt-pt\/escutando-a-voz-de-deus\/","og_site_name":"Schoenstatt","article_published_time":"2022-09-05T14:20:49+00:00","article_modified_time":"2025-05-15T22:54:53+00:00","og_image":[{"width":2048,"height":1536,"url":"https:\/\/schoenstatt.com\/wp-content\/uploads\/2022\/09\/5164ced1-10c5-4b2f-85d0-14c32059e5b7-1.jpg","type":"image\/jpeg"}],"author":"Vanessa Franke","twitter_card":"summary_large_image","twitter_misc":{"Escrito por":"Vanessa Franke","Tempo estimado de leitura":"2 minutos"},"schema":{"@context":"https:\/\/schema.org","@graph":[{"@type":"Article","@id":"https:\/\/schoenstatt.com\/pt-pt\/escutando-a-voz-de-deus\/#article","isPartOf":{"@id":"https:\/\/schoenstatt.com\/pt-pt\/escutando-a-voz-de-deus\/"},"author":{"name":"Vanessa Franke","@id":"https:\/\/schoenstatt.com\/pt-pt\/#\/schema\/person\/ea97a60c723e21c923e2177f0f3163f7"},"headline":"Escutando a voz de Deus","datePublished":"2022-09-05T14:20:49+00:00","dateModified":"2025-05-15T22:54:53+00:00","mainEntityOfPage":{"@id":"https:\/\/schoenstatt.com\/pt-pt\/escutando-a-voz-de-deus\/"},"wordCount":421,"publisher":{"@id":"https:\/\/schoenstatt.com\/pt-pt\/#organization"},"image":{"@id":"https:\/\/schoenstatt.com\/pt-pt\/escutando-a-voz-de-deus\/#primaryimage"},"thumbnailUrl":"https:\/\/schoenstatt.com\/wp-content\/uploads\/2022\/09\/5164ced1-10c5-4b2f-85d0-14c32059e5b7-1.jpg","articleSection":["Comunidades de Schoenstatt","Fam\u00edlia"],"inLanguage":"pt-PT"},{"@type":"WebPage","@id":"https:\/\/schoenstatt.com\/pt-pt\/escutando-a-voz-de-deus\/","url":"https:\/\/schoenstatt.com\/pt-pt\/escutando-a-voz-de-deus\/","name":"Escutando a voz de Deus - Schoenstatt","isPartOf":{"@id":"https:\/\/schoenstatt.com\/pt-pt\/#website"},"primaryImageOfPage":{"@id":"https:\/\/schoenstatt.com\/pt-pt\/escutando-a-voz-de-deus\/#primaryimage"},"image":{"@id":"https:\/\/schoenstatt.com\/pt-pt\/escutando-a-voz-de-deus\/#primaryimage"},"thumbnailUrl":"https:\/\/schoenstatt.com\/wp-content\/uploads\/2022\/09\/5164ced1-10c5-4b2f-85d0-14c32059e5b7-1.jpg","datePublished":"2022-09-05T14:20:49+00:00","dateModified":"2025-05-15T22:54:53+00:00","description":"A Federa\u00e7\u00e3o Internacional das Fam\u00edlias de Schoenstatt est\u00e1 reunida em Cap\u00edtulo Geral no Josef-Kentenich-Hof, sua sede internacional.","breadcrumb":{"@id":"https:\/\/schoenstatt.com\/pt-pt\/escutando-a-voz-de-deus\/#breadcrumb"},"inLanguage":"pt-PT","potentialAction":[{"@type":"ReadAction","target":["https:\/\/schoenstatt.com\/pt-pt\/escutando-a-voz-de-deus\/"]}]},{"@type":"ImageObject","inLanguage":"pt-PT","@id":"https:\/\/schoenstatt.com\/pt-pt\/escutando-a-voz-de-deus\/#primaryimage","url":"https:\/\/schoenstatt.com\/wp-content\/uploads\/2022\/09\/5164ced1-10c5-4b2f-85d0-14c32059e5b7-1.jpg","contentUrl":"https:\/\/schoenstatt.com\/wp-content\/uploads\/2022\/09\/5164ced1-10c5-4b2f-85d0-14c32059e5b7-1.jpg","width":2048,"height":1536,"caption":"H\u00f6ren auf die Stimme Gottes"},{"@type":"BreadcrumbList","@id":"https:\/\/schoenstatt.com\/pt-pt\/escutando-a-voz-de-deus\/#breadcrumb","itemListElement":[{"@type":"ListItem","position":1,"name":"Portada","item":"https:\/\/schoenstatt.com\/pt-pt\/home\/"},{"@type":"ListItem","position":2,"name":"Escutando a voz de Deus"}]},{"@type":"WebSite","@id":"https:\/\/schoenstatt.com\/pt-pt\/#website","url":"https:\/\/schoenstatt.com\/pt-pt\/","name":"Schoenstatt","description":"Apostolic Movement","publisher":{"@id":"https:\/\/schoenstatt.com\/pt-pt\/#organization"},"potentialAction":[{"@type":"SearchAction","target":{"@type":"EntryPoint","urlTemplate":"https:\/\/schoenstatt.com\/pt-pt\/?s={search_term_string}"},"query-input":{"@type":"PropertyValueSpecification","valueRequired":true,"valueName":"search_term_string"}}],"inLanguage":"pt-PT"},{"@type":"Organization","@id":"https:\/\/schoenstatt.com\/pt-pt\/#organization","name":"Schoenstatt","url":"https:\/\/schoenstatt.com\/pt-pt\/","logo":{"@type":"ImageObject","inLanguage":"pt-PT","@id":"https:\/\/schoenstatt.com\/pt-pt\/#\/schema\/logo\/image\/","url":"https:\/\/schoenstatt.com\/wp-content\/uploads\/2025\/04\/logo-schoenstatt-white-696x696-1.png","contentUrl":"https:\/\/schoenstatt.com\/wp-content\/uploads\/2025\/04\/logo-schoenstatt-white-696x696-1.png","width":696,"height":694,"caption":"Schoenstatt"},"image":{"@id":"https:\/\/schoenstatt.com\/pt-pt\/#\/schema\/logo\/image\/"}},{"@type":"Person","@id":"https:\/\/schoenstatt.com\/pt-pt\/#\/schema\/person\/ea97a60c723e21c923e2177f0f3163f7","name":"Vanessa Franke","image":{"@type":"ImageObject","inLanguage":"pt-PT","@id":"https:\/\/secure.gravatar.com\/avatar\/a9bcca3409928ccd3195eca11e2ccbb2e5d7c7912e9a945d4f326f81a0a5cb4a?s=96&d=mm&r=g","url":"https:\/\/secure.gravatar.com\/avatar\/a9bcca3409928ccd3195eca11e2ccbb2e5d7c7912e9a945d4f326f81a0a5cb4a?s=96&d=mm&r=g","contentUrl":"https:\/\/secure.gravatar.com\/avatar\/a9bcca3409928ccd3195eca11e2ccbb2e5d7c7912e9a945d4f326f81a0a5cb4a?s=96&d=mm&r=g","caption":"Vanessa Franke"},"url":"https:\/\/schoenstatt.com\/pt-pt\/author\/vanessa-franke\/"}]}},"_links":{"self":[{"href":"https:\/\/schoenstatt.com\/pt-pt\/wp-json\/wp\/v2\/posts\/50982","targetHints":{"allow":["GET"]}}],"collection":[{"href":"https:\/\/schoenstatt.com\/pt-pt\/wp-json\/wp\/v2\/posts"}],"about":[{"href":"https:\/\/schoenstatt.com\/pt-pt\/wp-json\/wp\/v2\/types\/post"}],"author":[{"embeddable":true,"href":"https:\/\/schoenstatt.com\/pt-pt\/wp-json\/wp\/v2\/users\/6"}],"replies":[{"embeddable":true,"href":"https:\/\/schoenstatt.com\/pt-pt\/wp-json\/wp\/v2\/comments?post=50982"}],"version-history":[{"count":2,"href":"https:\/\/schoenstatt.com\/pt-pt\/wp-json\/wp\/v2\/posts\/50982\/revisions"}],"predecessor-version":[{"id":55829,"href":"https:\/\/schoenstatt.com\/pt-pt\/wp-json\/wp\/v2\/posts\/50982\/revisions\/55829"}],"wp:featuredmedia":[{"embeddable":true,"href":"https:\/\/schoenstatt.com\/pt-pt\/wp-json\/wp\/v2\/media\/26670"}],"wp:attachment":[{"href":"https:\/\/schoenstatt.com\/pt-pt\/wp-json\/wp\/v2\/media?parent=50982"}],"wp:term":[{"taxonomy":"category","embeddable":true,"href":"https:\/\/schoenstatt.com\/pt-pt\/wp-json\/wp\/v2\/categories?post=50982"},{"taxonomy":"post_tag","embeddable":true,"href":"https:\/\/schoenstatt.com\/pt-pt\/wp-json\/wp\/v2\/tags?post=50982"}],"curies":[{"name":"wp","href":"https:\/\/api.w.org\/{rel}","templated":true}]}}