{"id":50760,"date":"2022-10-20T15:55:41","date_gmt":"2022-10-20T13:55:41","guid":{"rendered":"https:\/\/schoenstattdev.wpenginepowered.com\/?p=27570"},"modified":"2025-05-16T00:49:48","modified_gmt":"2025-05-15T22:49:48","slug":"congresso-de-pentecostes-2022-experiencias-profundas-e-vivencias-do-schoenstatt-internacional","status":"publish","type":"post","link":"https:\/\/schoenstatt.com\/pt-pt\/congresso-de-pentecostes-2022-experiencias-profundas-e-vivencias-do-schoenstatt-internacional\/","title":{"rendered":"Congresso de Pentecostes 2022: experi\u00eancias profundas e viv\u00eancias do Schoenstatt internacional"},"content":{"rendered":"<p>Na Jornada de Outubro do Movimento de Schoenstatt na Alemanha, foram retomados os impulsos do segundo Congresso Internacional de Pentecostes, que aconteceu em junho de 2022, como parte de um olhar sobre a vida do Movimento. O objetivo desses congressos internacionais de Pentecostes \u00e9 promover o contato vivo entre os schoenstattianos de todo o mundo, permitir o interc\u00e2mbio e a reflex\u00e3o em um contexto internacional e compartilhar e transmitir a corrente da Alian\u00e7a de Amor, como expressou a Ir. M. Veronika Riechel durante uma conversa no palco do audit\u00f3rio da Igreja da Adora\u00e7\u00e3o.<\/p>\n<figure id=\"attachment_27428\" aria-describedby=\"caption-attachment-27428\" style=\"width: 680px\" class=\"wp-caption aligncenter\"><img fetchpriority=\"high\" decoding=\"async\" class=\"wp-image-27428 size-full\" src=\"https:\/\/schoenstattdev.wpenginepowered.com\/wp-content\/uploads\/2022\/10\/20221087_15_T03391_Oktobertreffen_Veronika_FotoBrehm.jpg\" alt=\"2022\" width=\"680\" height=\"340\" \/><figcaption id=\"caption-attachment-27428\" class=\"wp-caption-text\">Irm\u00e3 M. Veronika Riechel moderou o tema &#8220;Impulsos do Congresso Internacional de Pentecostes&#8221; (Foto: Brehm)<\/figcaption><\/figure>\n<p>A Ir. Veronika fez parte da delega\u00e7\u00e3o alem\u00e3 no Congresso de Pentecostes junto com o Pe. Ludwig G\u00fcthlein, o casal Diana e Lukas Schreiber, o casal Maria e Alexander Paul e a Irm\u00e3 M. Vernita Wei\u00df.<\/p>\n<p>O padre F\u00e9lix Geyer, que junto com outros fez parte da equipe de prepara\u00e7\u00e3o do Congresso, j\u00e1 havia retomado o tema do Congresso de Pentecostes na homilia da Missa de abertura da Jornada de Outubro, coorganizado pelo Movimento de Fam\u00edlias de Schoenstatt.<\/p>\n<h3>\u00c9 uma carta de Cristo inscrita nos cora\u00e7\u00f5es humanos<\/h3>\n<figure id=\"attachment_27424\" aria-describedby=\"caption-attachment-27424\" style=\"width: 680px\" class=\"wp-caption aligncenter\"><img decoding=\"async\" class=\"wp-image-27424 size-full\" src=\"https:\/\/schoenstatt.com\/wp-content\/uploads\/2022\/10\/20221087_15_T03382_Oktobertreffen_Messe_FelixGeyer_FotoBrehm-1.jpg\" alt=\"2022\" width=\"680\" height=\"340\" \/><figcaption id=\"caption-attachment-27424\" class=\"wp-caption-text\">Homilia: Padre F\u00e9lix Geyer (Foto: Brehm)<\/figcaption><\/figure>\n<p>A impress\u00e3o do Pe. F\u00e9lix sobre as experi\u00eancias do Congresso de Pentecostes foi baseada no texto b\u00edblico que foi enfatizado no Congresso de Pentecostes: &#8220;Voc\u00eas s\u00e3o uma carta de Cristo, escrita n\u00e3o com tinta, mas com o Esp\u00edrito do Deus vivo; uma carta n\u00e3o gravada em t\u00e1buas de pedra, mas em cora\u00e7\u00f5es humanos.\u201d (2 Cor. 3, 3) Assim, ele compartilhou suas experi\u00eancias, motivando-se no que Deus havia inscrito em seu cora\u00e7\u00e3o.<\/p>\n<p>Em primeiro lugar, falou sobre as atitudes que haviam desenvolvido durante o encontro: a atitude de escuta, de aprendizagem e de abertura. Um esp\u00edrito de percep\u00e7\u00e3o de interesse pelo outro, que n\u00e3o s\u00f3 aceita a si mesmo, mas tamb\u00e9m sente curiosidade e grande interesse por suas experi\u00eancias, tem percorrido todos os dias da jornada. Isto \u00e9 para o Pe. F\u00e9lix um sinal essencial da uni\u00e3o sinodal.<\/p>\n<p>N\u00e3o h\u00e1 nenhum \u00f3rg\u00e3o em Schoenstatt em n\u00edvel internacional que tenha o poder de tomar decis\u00f5es que sejam vinculantes para todos. Ao inv\u00e9s desse corpo, h\u00e1 uma atitude de percep\u00e7\u00e3o e di\u00e1logo com os outros e de conex\u00e3o com os mais diversos grupos, de busca de aliados. A coopera\u00e7\u00e3o de muitos ramos diferentes, leigos e cl\u00e9rigos, homens e mulheres, faz parte da uni\u00e3o sinodal no Movimento.<\/p>\n<h3>N\u00e3o polariza\u00e7\u00e3o, sim di\u00e1logo<\/h3>\n<figure id=\"attachment_27432\" aria-describedby=\"caption-attachment-27432\" style=\"width: 300px\" class=\"wp-caption alignleft\"><img decoding=\"async\" class=\"wp-image-27432 size-medium\" src=\"https:\/\/schoenstatt.com\/wp-content\/uploads\/2022\/10\/20221087_15_T03401_Oktobertreffen_Pfingstkongress_AlexPaul_Vernita_FotoBrehm-1.jpg\" alt=\"\" width=\"300\" height=\"150\" \/><figcaption id=\"caption-attachment-27432\" class=\"wp-caption-text\">Irm\u00e3 M. Vernita Wei\u00df (Foto: Brehm)<\/figcaption><\/figure>\n<p>Em segundo lugar, o Pe. F\u00e9lix mencionou o dom dos \u201ccora\u00e7\u00f5es rebeldes\u201d. J\u00e1 no primeiro dia do Congresso, os jovens participantes haviam manifestado que n\u00e3o estavam suficientemente representados no programa. Como resultado, a equipe coordenadora alterou alguns dos planos e deu ao grupo de jovens a oportunidade de contribuir. Dessa forma, o di\u00e1logo ocorreu em vez da polariza\u00e7\u00e3o. Entre outras coisas, o processo desencadeou no impulso de se perguntar repetidamente, onde est\u00e1 a rebeldia em meu cora\u00e7\u00e3o, quando me acostumei com &#8220;\u00e9 assim que as coisas s\u00e3o?&#8221;<\/p>\n<p>Para o Pe. F\u00e9lix, o Congresso de Pentecostes e a invers\u00e3o na internacionalidade n\u00e3o valeram a pena pelas decis\u00f5es e resultados, mas pela certeza esperan\u00e7osa de que o Esp\u00edrito Santo investe em Schoenstatt, o que d\u00e1 confian\u00e7a de que em todas essas diferentes pessoas a Igreja pode se desenvolver e crescer .<\/p>\n<h3>Igreja na nova margem \u00e9 agora<\/h3>\n<p>Os participantes no p\u00f3dio na sala de reuni\u00f5es caracterizaram o Congresso de Pentecostes como:<\/p>\n<blockquote><p>&#8220;muito autoconfiante&#8221;, &#8220;pr\u00f3ximo da realidade&#8221;, &#8220;\u00e9ramos almas g\u00eameas&#8221;, &#8220;honestos uns com os outros&#8221;, &#8220;lutando por posi\u00e7\u00f5es&#8221;, &#8220;muito diversos na forma de viver Schoenstatt&#8221;, &#8220;uma aut\u00eantica uni\u00e3o de gera\u00e7\u00f5es e na\u00e7\u00f5es&#8221;, &#8220;juntos e uns pelos outros&#8221;.<\/p><\/blockquote>\n<p>Houve dois momentos especiais no Congresso para Irm\u00e3 M. Vernita. Um deles foi o momento em que a gera\u00e7\u00e3o mais velha passou simbolicamente as tochas para a gera\u00e7\u00e3o mais jovem durante uma celebra\u00e7\u00e3o na Igreja da Adora\u00e7\u00e3o. O outro momento foi uma contribui\u00e7\u00e3o delineada por Maria e Alexandre Paul, fruto de um pequeno grupo.<\/p>\n<p>Dali surgiu a imagem da arca chegando \u00e0 nova margem, que expressa o que o Esp\u00edrito de Deus quer realizar no Movimento de Schoenstatt. A Igreja na nova margem, para a qual Schoenstatt foi criado, \u00e9 agora. Agora \u00e9 a hora de entrar nesta terra. Cada um, como personalidade original com dons diferentes, \u00e9 chamado a dar o passo em dire\u00e7\u00e3o \u00e0 praia e a ali contribuir.<\/p>\n<figure id=\"attachment_27420\" aria-describedby=\"caption-attachment-27420\" style=\"width: 1000px\" class=\"wp-caption aligncenter\"><img loading=\"lazy\" decoding=\"async\" class=\"wp-image-27420 size-full\" src=\"https:\/\/schoenstatt.com\/wp-content\/uploads\/2022\/10\/20220681_12_T02948_PentecostCongress_ABK_Mass_FotoBrehm-1.jpg\" alt=\" 2022\" width=\"1000\" height=\"667\" \/><figcaption id=\"caption-attachment-27420\" class=\"wp-caption-text\">&#8220;Chegando \u00e0 nova margem&#8221; &#8211; Foto: Maria Elina, Argentina (Foto: PressOffice Schoenstatt, Brehm)<\/figcaption><\/figure>\n<h3>Somos testemunhas do nosso tempo<\/h3>\n<figure id=\"attachment_27433\" aria-describedby=\"caption-attachment-27433\" style=\"width: 300px\" class=\"wp-caption alignright\"><img loading=\"lazy\" decoding=\"async\" class=\"size-medium wp-image-27436\" src=\"https:\/\/schoenstatt.com\/wp-content\/uploads\/2022\/10\/20221087_15_T03407_Oktobertreffen_Pfingstkongress_AlexPaul_FotoBrehm-1.jpg\" alt=\"\" width=\"300\" height=\"150\" \/><figcaption id=\"caption-attachment-27433\" class=\"wp-caption-text\">Alexander Paul (Foto: Brehm)<\/figcaption><\/figure>\n<p>Alexander Paul citou quatro pontos que se tornaram importantes para os participantes com menos de 30 anos: A gera\u00e7\u00e3o mais jovem quer ser ouvida e ter voz, tamb\u00e9m em n\u00edvel internacional.<\/p>\n<p>Deseja ter seu pr\u00f3prio congresso de jovens. Ele quer entrar em contato com todos os ramos e aprender a entend\u00ea-los e poder contribuir com sua pr\u00f3pria vis\u00e3o de mundo. \u201cSomos testemunhas do nosso tempo, trazemos nossas realidades de vida e tamb\u00e9m queremos trabalhar os problemas reais dos jovens\u201d.<\/p>\n<p>Alex Paul tamb\u00e9m expressou um pedido aos participantes do Congresso de Outubro: <em>&#8220;Por favor, n\u00e3o falem em nome dos jovens, todos somos personalidades por direito pr\u00f3prio. Queremos comunicar na altura dos olhos e: os jovens n\u00e3o t\u00eam opini\u00e3o \u00fanica&#8221;<\/em>, por isso \u00e9 importante ouvi-los.<\/p>\n<h3>Uma polifonia em que uma voz n\u00e3o prevalece em detrimento das outras<\/h3>\n<p>O <a href=\"https:\/\/schoenstattdev.wpenginepowered.com\/pt-pt\/espiritualidade\/vozes-no-congresso-do-pentecostes\/\">Congresso de Pentecostes<\/a> deixou claro que Schoenstatt quer renovar e ajudar a formar a Igreja a partir de dentro, sublinharam Diana e Lukas Schreiber.<\/p>\n<blockquote><p>&#8220;O Congresso de Pentecostes deixou claro que n\u00f3s, como Movimento de Schoenstatt, somos parte da Igreja. Somos um movimento de renova\u00e7\u00e3o, mas n\u00e3o com uma vis\u00e3o de fora, em oposi\u00e7\u00e3o \u00e0 Igreja. Atuamos como Igreja, somos Igreja &#8220;, disse Diana Schreiber.<\/p><\/blockquote>\n<p>Especialmente nas atuais turbul\u00eancias e nas dif\u00edceis quest\u00f5es do futuro da Igreja, Schoenstatt n\u00e3o se distanciar\u00e1 nem se opor\u00e1 \u00e0 Igreja.<\/p>\n<blockquote><p>\u201cTamb\u00e9m n\u00e3o queremos dizer: sabemos como faz\u00ea-lo, a Igreja teria apenas que nos escutar\u201d. Isso seria distanciamento, arrog\u00e2ncia. \u201cMas n\u00f3s somos Igreja, uma parte da Igreja, portanto tamb\u00e9m sofremos na Igreja e com a Igreja\u201d.<\/p><\/blockquote>\n<figure id=\"attachment_27440\" aria-describedby=\"caption-attachment-27440\" style=\"width: 680px\" class=\"wp-caption aligncenter\"><img loading=\"lazy\" decoding=\"async\" class=\"wp-image-27440 size-full\" src=\"https:\/\/schoenstatt.com\/wp-content\/uploads\/2022\/10\/20221087_15_T03410_Oktobertreffen_Pfingstkongress_Schreiber_FotoBrehm-1.jpg\" alt=\"\" width=\"680\" height=\"340\" \/><figcaption id=\"caption-attachment-27440\" class=\"wp-caption-text\">Diana e Lukas Schreiber (Foto: Brehm)<\/figcaption><\/figure>\n<h3>O Pe. Kentenich: nem conservador nem liberal<\/h3>\n<p>Diante da polifonia e da desuni\u00e3o em muitas quest\u00f5es concretas, que provavelmente aumentar\u00e3o na Igreja, Lukas Schreiber acrescentou uma segunda reflex\u00e3o sobre o Congresso de Pentecostes: &#8220;J\u00e1 estamos experimentando heterogeneidade em nosso movimento. Porque estamos todos unidos na Alian\u00e7a de Amor, no Santu\u00e1rio, em nosso Pai e fundador comum, o Padre Kentenich&#8221;. Este carisma integrador do Movimento de Schoenstatt \u00e9 urgentemente necess\u00e1rio hoje.<\/p>\n<p>O padre Kentenich era tudo menos conservador e tudo menos liberal. <em>\u201cO carisma de Schoenstatt do homem novo na nova comunidade tem a ver com uma polifonia em que uma voz n\u00e3o se imp\u00f5e em detrimento das outras, mas h\u00e1 espa\u00e7o para harmonizar-se umas com as outras. Uma polifonia que se torna um consenso em um n\u00edvel superior, porque todos s\u00e3o um em Jesus Cristo, no seu amor \u00e0 Igreja e ao Deus Trino\u201d.<\/em><\/p>\n<h3>Firmemente enraizados e esperan\u00e7osos, damos um passo para o futuro<\/h3>\n<p>O padre F\u00e9lix Geyer, que colaborou na prepara\u00e7\u00e3o do Congresso de Pentecostes e tinha participado n\u00e3o pouco na reda\u00e7\u00e3o da &#8220;Carta Fraterna&#8221; publicada pelo Congresso, concluiu enfatizando que a carta final do Congresso n\u00e3o seria um memorando neste tempo, como foi em 2015.<\/p>\n<p>O memorando de 2015 ainda teria seu valor total. Sobre \u00e0 Carta fraterna do Congresso de Pentecostes de 2022, inspirada nas Cartas dos Ap\u00f3stolos, dirigida a todos aqueles que t\u00eam algo a ver com Schoenstatt, ela tem car\u00e1ter testemunhal e encorajador, n\u00e3o absoluto. &#8220;H\u00e1 muito conte\u00fado nesta carta. E \u00e9 bom ter em mente que n\u00e3o pesamos cada palavra. \u00c9 motivacional.&#8221;<\/p>\n<p>Foi um processo que expressa o que foi colhido entre os participantes do Congresso. Isso significa que as palavras individuais n\u00e3o tiveram que ser aprovadas pelo Schoenstatt internacional, essas palavras querem descrever mais.\u201d As palavras \u201cFirmemente arraigados e esperan\u00e7osos, vamos para o futuro\u201d foram gravadas especialmente. Esta \u00e9 a atitude com que o Congresso de Pentecostes conversou sobre o caso Kentenich:<\/p>\n<blockquote><p>&#8220;Estamos firmemente enraizados na tradi\u00e7\u00e3o &#8211; uma imagem de crescimento &#8211; e, no entanto, uma imagem muito din\u00e2mica, estamos indo em dire\u00e7\u00e3o ao futuro&#8221;.<\/p><\/blockquote>\n<p>Nestas imagens de ra\u00edzes e caminho, se expressa uma ambival\u00eancia, que expressa a atitude de como Schoenstatt quer tratar a Causa Kentenich: &#8220;aprendendo, abertos, sem medo, querendo entender, ouvindo cada um pessoalmente&#8221;.<\/p>\n<p>Fonte: <a href=\"http:\/\/www.schoenstatt.de\">www.schoenstatt.de<\/a><\/p>\n","protected":false},"excerpt":{"rendered":"<p>Na Jornada de outubro do Movimento de Schoenstatt na Alemanha, se retomaram os impulsos do segundo Congresso Internacional de Pentecostes, que aconteceu em junho de 2022, como parte de um olhar sobre a vida do Movimento.<\/p>\n","protected":false},"author":1,"featured_media":27445,"comment_status":"closed","ping_status":"closed","sticky":false,"template":"","format":"standard","meta":{"footnotes":""},"categories":[908,636],"tags":[],"class_list":["post-50760","post","type-post","status-publish","format-standard","has-post-thumbnail","hentry","category-comunidades-de-schoenstatt-pt-pt","category-eventos-pt-pt"],"yoast_head":"<!-- This site is optimized with the Yoast SEO Premium plugin v27.4 (Yoast SEO v27.4) - https:\/\/yoast.com\/product\/yoast-seo-premium-wordpress\/ -->\n<title>Congresso de Pentecostes 2022: experi\u00eancias profundas e viv\u00eancias do Schoenstatt internacional - Schoenstatt<\/title>\n<meta name=\"description\" content=\"O Congresso Internacional de Pentecostes 2022 \u00e9 revivido em n\u00edvel nacional na Alemanha. Os delegados compartilham suas experi\u00eancias.\" \/>\n<meta name=\"robots\" content=\"index, follow, max-snippet:-1, max-image-preview:large, max-video-preview:-1\" \/>\n<link rel=\"canonical\" href=\"https:\/\/schoenstatt.com\/pt-pt\/congresso-de-pentecostes-2022-experiencias-profundas-e-vivencias-do-schoenstatt-internacional\/\" \/>\n<meta property=\"og:locale\" content=\"pt_PT\" \/>\n<meta property=\"og:type\" content=\"article\" \/>\n<meta property=\"og:title\" content=\"Congresso de Pentecostes 2022: experi\u00eancias profundas e viv\u00eancias do Schoenstatt internacional\" \/>\n<meta property=\"og:description\" content=\"O Congresso Internacional de Pentecostes 2022 \u00e9 revivido em n\u00edvel nacional na Alemanha. Os delegados compartilham suas experi\u00eancias.\" \/>\n<meta property=\"og:url\" content=\"https:\/\/schoenstatt.com\/pt-pt\/congresso-de-pentecostes-2022-experiencias-profundas-e-vivencias-do-schoenstatt-internacional\/\" \/>\n<meta property=\"og:site_name\" content=\"Schoenstatt\" \/>\n<meta property=\"article:published_time\" content=\"2022-10-20T13:55:41+00:00\" \/>\n<meta property=\"article:modified_time\" content=\"2025-05-15T22:49:48+00:00\" \/>\n<meta property=\"og:image\" content=\"https:\/\/schoenstatt.com\/wp-content\/uploads\/2022\/10\/20221087_15_T03427_Oktobertreffen_Pfingstkongress_Buehne_FotoBrehm-1.jpg\" \/>\n\t<meta property=\"og:image:width\" content=\"680\" \/>\n\t<meta property=\"og:image:height\" content=\"340\" \/>\n\t<meta property=\"og:image:type\" content=\"image\/jpeg\" \/>\n<meta name=\"author\" content=\"admin\" \/>\n<meta name=\"twitter:card\" content=\"summary_large_image\" \/>\n<meta name=\"twitter:label1\" content=\"Escrito por\" \/>\n\t<meta name=\"twitter:data1\" content=\"admin\" \/>\n\t<meta name=\"twitter:label2\" content=\"Tempo estimado de leitura\" \/>\n\t<meta name=\"twitter:data2\" content=\"8 minutos\" \/>\n<script type=\"application\/ld+json\" class=\"yoast-schema-graph\">{\"@context\":\"https:\\\/\\\/schema.org\",\"@graph\":[{\"@type\":\"Article\",\"@id\":\"https:\\\/\\\/schoenstatt.com\\\/pt-pt\\\/congresso-de-pentecostes-2022-experiencias-profundas-e-vivencias-do-schoenstatt-internacional\\\/#article\",\"isPartOf\":{\"@id\":\"https:\\\/\\\/schoenstatt.com\\\/pt-pt\\\/congresso-de-pentecostes-2022-experiencias-profundas-e-vivencias-do-schoenstatt-internacional\\\/\"},\"author\":{\"name\":\"admin\",\"@id\":\"https:\\\/\\\/schoenstatt.com\\\/pt-pt\\\/#\\\/schema\\\/person\\\/489465b1850e7b216fe2c10dfc262551\"},\"headline\":\"Congresso de Pentecostes 2022: experi\u00eancias profundas e viv\u00eancias do Schoenstatt internacional\",\"datePublished\":\"2022-10-20T13:55:41+00:00\",\"dateModified\":\"2025-05-15T22:49:48+00:00\",\"mainEntityOfPage\":{\"@id\":\"https:\\\/\\\/schoenstatt.com\\\/pt-pt\\\/congresso-de-pentecostes-2022-experiencias-profundas-e-vivencias-do-schoenstatt-internacional\\\/\"},\"wordCount\":1554,\"publisher\":{\"@id\":\"https:\\\/\\\/schoenstatt.com\\\/pt-pt\\\/#organization\"},\"image\":{\"@id\":\"https:\\\/\\\/schoenstatt.com\\\/pt-pt\\\/congresso-de-pentecostes-2022-experiencias-profundas-e-vivencias-do-schoenstatt-internacional\\\/#primaryimage\"},\"thumbnailUrl\":\"https:\\\/\\\/schoenstatt.com\\\/wp-content\\\/uploads\\\/2022\\\/10\\\/20221087_15_T03427_Oktobertreffen_Pfingstkongress_Buehne_FotoBrehm-1.jpg\",\"articleSection\":[\"Comunidades de Schoenstatt\",\"Eventos\"],\"inLanguage\":\"pt-PT\"},{\"@type\":\"WebPage\",\"@id\":\"https:\\\/\\\/schoenstatt.com\\\/pt-pt\\\/congresso-de-pentecostes-2022-experiencias-profundas-e-vivencias-do-schoenstatt-internacional\\\/\",\"url\":\"https:\\\/\\\/schoenstatt.com\\\/pt-pt\\\/congresso-de-pentecostes-2022-experiencias-profundas-e-vivencias-do-schoenstatt-internacional\\\/\",\"name\":\"Congresso de Pentecostes 2022: experi\u00eancias profundas e viv\u00eancias do Schoenstatt internacional - Schoenstatt\",\"isPartOf\":{\"@id\":\"https:\\\/\\\/schoenstatt.com\\\/pt-pt\\\/#website\"},\"primaryImageOfPage\":{\"@id\":\"https:\\\/\\\/schoenstatt.com\\\/pt-pt\\\/congresso-de-pentecostes-2022-experiencias-profundas-e-vivencias-do-schoenstatt-internacional\\\/#primaryimage\"},\"image\":{\"@id\":\"https:\\\/\\\/schoenstatt.com\\\/pt-pt\\\/congresso-de-pentecostes-2022-experiencias-profundas-e-vivencias-do-schoenstatt-internacional\\\/#primaryimage\"},\"thumbnailUrl\":\"https:\\\/\\\/schoenstatt.com\\\/wp-content\\\/uploads\\\/2022\\\/10\\\/20221087_15_T03427_Oktobertreffen_Pfingstkongress_Buehne_FotoBrehm-1.jpg\",\"datePublished\":\"2022-10-20T13:55:41+00:00\",\"dateModified\":\"2025-05-15T22:49:48+00:00\",\"description\":\"O Congresso Internacional de Pentecostes 2022 \u00e9 revivido em n\u00edvel nacional na Alemanha. Os delegados compartilham suas experi\u00eancias.\",\"breadcrumb\":{\"@id\":\"https:\\\/\\\/schoenstatt.com\\\/pt-pt\\\/congresso-de-pentecostes-2022-experiencias-profundas-e-vivencias-do-schoenstatt-internacional\\\/#breadcrumb\"},\"inLanguage\":\"pt-PT\",\"potentialAction\":[{\"@type\":\"ReadAction\",\"target\":[\"https:\\\/\\\/schoenstatt.com\\\/pt-pt\\\/congresso-de-pentecostes-2022-experiencias-profundas-e-vivencias-do-schoenstatt-internacional\\\/\"]}]},{\"@type\":\"ImageObject\",\"inLanguage\":\"pt-PT\",\"@id\":\"https:\\\/\\\/schoenstatt.com\\\/pt-pt\\\/congresso-de-pentecostes-2022-experiencias-profundas-e-vivencias-do-schoenstatt-internacional\\\/#primaryimage\",\"url\":\"https:\\\/\\\/schoenstatt.com\\\/wp-content\\\/uploads\\\/2022\\\/10\\\/20221087_15_T03427_Oktobertreffen_Pfingstkongress_Buehne_FotoBrehm-1.jpg\",\"contentUrl\":\"https:\\\/\\\/schoenstatt.com\\\/wp-content\\\/uploads\\\/2022\\\/10\\\/20221087_15_T03427_Oktobertreffen_Pfingstkongress_Buehne_FotoBrehm-1.jpg\",\"width\":680,\"height\":340,\"caption\":\"Congress 2022\"},{\"@type\":\"BreadcrumbList\",\"@id\":\"https:\\\/\\\/schoenstatt.com\\\/pt-pt\\\/congresso-de-pentecostes-2022-experiencias-profundas-e-vivencias-do-schoenstatt-internacional\\\/#breadcrumb\",\"itemListElement\":[{\"@type\":\"ListItem\",\"position\":1,\"name\":\"Portada\",\"item\":\"https:\\\/\\\/schoenstatt.com\\\/pt-pt\\\/home\\\/\"},{\"@type\":\"ListItem\",\"position\":2,\"name\":\"Congresso de Pentecostes 2022: experi\u00eancias profundas e viv\u00eancias do Schoenstatt internacional\"}]},{\"@type\":\"WebSite\",\"@id\":\"https:\\\/\\\/schoenstatt.com\\\/pt-pt\\\/#website\",\"url\":\"https:\\\/\\\/schoenstatt.com\\\/pt-pt\\\/\",\"name\":\"Schoenstatt\",\"description\":\"Apostolic Movement\",\"publisher\":{\"@id\":\"https:\\\/\\\/schoenstatt.com\\\/pt-pt\\\/#organization\"},\"potentialAction\":[{\"@type\":\"SearchAction\",\"target\":{\"@type\":\"EntryPoint\",\"urlTemplate\":\"https:\\\/\\\/schoenstatt.com\\\/pt-pt\\\/?s={search_term_string}\"},\"query-input\":{\"@type\":\"PropertyValueSpecification\",\"valueRequired\":true,\"valueName\":\"search_term_string\"}}],\"inLanguage\":\"pt-PT\"},{\"@type\":\"Organization\",\"@id\":\"https:\\\/\\\/schoenstatt.com\\\/pt-pt\\\/#organization\",\"name\":\"Schoenstatt\",\"url\":\"https:\\\/\\\/schoenstatt.com\\\/pt-pt\\\/\",\"logo\":{\"@type\":\"ImageObject\",\"inLanguage\":\"pt-PT\",\"@id\":\"https:\\\/\\\/schoenstatt.com\\\/pt-pt\\\/#\\\/schema\\\/logo\\\/image\\\/\",\"url\":\"https:\\\/\\\/schoenstatt.com\\\/wp-content\\\/uploads\\\/2025\\\/04\\\/logo-schoenstatt-white-696x696-1.png\",\"contentUrl\":\"https:\\\/\\\/schoenstatt.com\\\/wp-content\\\/uploads\\\/2025\\\/04\\\/logo-schoenstatt-white-696x696-1.png\",\"width\":696,\"height\":694,\"caption\":\"Schoenstatt\"},\"image\":{\"@id\":\"https:\\\/\\\/schoenstatt.com\\\/pt-pt\\\/#\\\/schema\\\/logo\\\/image\\\/\"}},{\"@type\":\"Person\",\"@id\":\"https:\\\/\\\/schoenstatt.com\\\/pt-pt\\\/#\\\/schema\\\/person\\\/489465b1850e7b216fe2c10dfc262551\",\"name\":\"admin\",\"image\":{\"@type\":\"ImageObject\",\"inLanguage\":\"pt-PT\",\"@id\":\"https:\\\/\\\/secure.gravatar.com\\\/avatar\\\/02e8345e1ec40ab0e0a2a98fdde64a684bbaf994cddcb778b25b8b024ee9dfe6?s=96&d=mm&r=g\",\"url\":\"https:\\\/\\\/secure.gravatar.com\\\/avatar\\\/02e8345e1ec40ab0e0a2a98fdde64a684bbaf994cddcb778b25b8b024ee9dfe6?s=96&d=mm&r=g\",\"contentUrl\":\"https:\\\/\\\/secure.gravatar.com\\\/avatar\\\/02e8345e1ec40ab0e0a2a98fdde64a684bbaf994cddcb778b25b8b024ee9dfe6?s=96&d=mm&r=g\",\"caption\":\"admin\"},\"sameAs\":[\"https:\\\/\\\/schoenstatt.com\"],\"url\":\"https:\\\/\\\/schoenstatt.com\\\/pt-pt\\\/author\\\/admin\\\/\"}]}<\/script>\n<!-- \/ Yoast SEO Premium plugin. -->","yoast_head_json":{"title":"Congresso de Pentecostes 2022: experi\u00eancias profundas e viv\u00eancias do Schoenstatt internacional - Schoenstatt","description":"O Congresso Internacional de Pentecostes 2022 \u00e9 revivido em n\u00edvel nacional na Alemanha. Os delegados compartilham suas experi\u00eancias.","robots":{"index":"index","follow":"follow","max-snippet":"max-snippet:-1","max-image-preview":"max-image-preview:large","max-video-preview":"max-video-preview:-1"},"canonical":"https:\/\/schoenstatt.com\/pt-pt\/congresso-de-pentecostes-2022-experiencias-profundas-e-vivencias-do-schoenstatt-internacional\/","og_locale":"pt_PT","og_type":"article","og_title":"Congresso de Pentecostes 2022: experi\u00eancias profundas e viv\u00eancias do Schoenstatt internacional","og_description":"O Congresso Internacional de Pentecostes 2022 \u00e9 revivido em n\u00edvel nacional na Alemanha. Os delegados compartilham suas experi\u00eancias.","og_url":"https:\/\/schoenstatt.com\/pt-pt\/congresso-de-pentecostes-2022-experiencias-profundas-e-vivencias-do-schoenstatt-internacional\/","og_site_name":"Schoenstatt","article_published_time":"2022-10-20T13:55:41+00:00","article_modified_time":"2025-05-15T22:49:48+00:00","og_image":[{"width":680,"height":340,"url":"https:\/\/schoenstatt.com\/wp-content\/uploads\/2022\/10\/20221087_15_T03427_Oktobertreffen_Pfingstkongress_Buehne_FotoBrehm-1.jpg","type":"image\/jpeg"}],"author":"admin","twitter_card":"summary_large_image","twitter_misc":{"Escrito por":"admin","Tempo estimado de leitura":"8 minutos"},"schema":{"@context":"https:\/\/schema.org","@graph":[{"@type":"Article","@id":"https:\/\/schoenstatt.com\/pt-pt\/congresso-de-pentecostes-2022-experiencias-profundas-e-vivencias-do-schoenstatt-internacional\/#article","isPartOf":{"@id":"https:\/\/schoenstatt.com\/pt-pt\/congresso-de-pentecostes-2022-experiencias-profundas-e-vivencias-do-schoenstatt-internacional\/"},"author":{"name":"admin","@id":"https:\/\/schoenstatt.com\/pt-pt\/#\/schema\/person\/489465b1850e7b216fe2c10dfc262551"},"headline":"Congresso de Pentecostes 2022: experi\u00eancias profundas e viv\u00eancias do Schoenstatt internacional","datePublished":"2022-10-20T13:55:41+00:00","dateModified":"2025-05-15T22:49:48+00:00","mainEntityOfPage":{"@id":"https:\/\/schoenstatt.com\/pt-pt\/congresso-de-pentecostes-2022-experiencias-profundas-e-vivencias-do-schoenstatt-internacional\/"},"wordCount":1554,"publisher":{"@id":"https:\/\/schoenstatt.com\/pt-pt\/#organization"},"image":{"@id":"https:\/\/schoenstatt.com\/pt-pt\/congresso-de-pentecostes-2022-experiencias-profundas-e-vivencias-do-schoenstatt-internacional\/#primaryimage"},"thumbnailUrl":"https:\/\/schoenstatt.com\/wp-content\/uploads\/2022\/10\/20221087_15_T03427_Oktobertreffen_Pfingstkongress_Buehne_FotoBrehm-1.jpg","articleSection":["Comunidades de Schoenstatt","Eventos"],"inLanguage":"pt-PT"},{"@type":"WebPage","@id":"https:\/\/schoenstatt.com\/pt-pt\/congresso-de-pentecostes-2022-experiencias-profundas-e-vivencias-do-schoenstatt-internacional\/","url":"https:\/\/schoenstatt.com\/pt-pt\/congresso-de-pentecostes-2022-experiencias-profundas-e-vivencias-do-schoenstatt-internacional\/","name":"Congresso de Pentecostes 2022: experi\u00eancias profundas e viv\u00eancias do Schoenstatt internacional - Schoenstatt","isPartOf":{"@id":"https:\/\/schoenstatt.com\/pt-pt\/#website"},"primaryImageOfPage":{"@id":"https:\/\/schoenstatt.com\/pt-pt\/congresso-de-pentecostes-2022-experiencias-profundas-e-vivencias-do-schoenstatt-internacional\/#primaryimage"},"image":{"@id":"https:\/\/schoenstatt.com\/pt-pt\/congresso-de-pentecostes-2022-experiencias-profundas-e-vivencias-do-schoenstatt-internacional\/#primaryimage"},"thumbnailUrl":"https:\/\/schoenstatt.com\/wp-content\/uploads\/2022\/10\/20221087_15_T03427_Oktobertreffen_Pfingstkongress_Buehne_FotoBrehm-1.jpg","datePublished":"2022-10-20T13:55:41+00:00","dateModified":"2025-05-15T22:49:48+00:00","description":"O Congresso Internacional de Pentecostes 2022 \u00e9 revivido em n\u00edvel nacional na Alemanha. Os delegados compartilham suas experi\u00eancias.","breadcrumb":{"@id":"https:\/\/schoenstatt.com\/pt-pt\/congresso-de-pentecostes-2022-experiencias-profundas-e-vivencias-do-schoenstatt-internacional\/#breadcrumb"},"inLanguage":"pt-PT","potentialAction":[{"@type":"ReadAction","target":["https:\/\/schoenstatt.com\/pt-pt\/congresso-de-pentecostes-2022-experiencias-profundas-e-vivencias-do-schoenstatt-internacional\/"]}]},{"@type":"ImageObject","inLanguage":"pt-PT","@id":"https:\/\/schoenstatt.com\/pt-pt\/congresso-de-pentecostes-2022-experiencias-profundas-e-vivencias-do-schoenstatt-internacional\/#primaryimage","url":"https:\/\/schoenstatt.com\/wp-content\/uploads\/2022\/10\/20221087_15_T03427_Oktobertreffen_Pfingstkongress_Buehne_FotoBrehm-1.jpg","contentUrl":"https:\/\/schoenstatt.com\/wp-content\/uploads\/2022\/10\/20221087_15_T03427_Oktobertreffen_Pfingstkongress_Buehne_FotoBrehm-1.jpg","width":680,"height":340,"caption":"Congress 2022"},{"@type":"BreadcrumbList","@id":"https:\/\/schoenstatt.com\/pt-pt\/congresso-de-pentecostes-2022-experiencias-profundas-e-vivencias-do-schoenstatt-internacional\/#breadcrumb","itemListElement":[{"@type":"ListItem","position":1,"name":"Portada","item":"https:\/\/schoenstatt.com\/pt-pt\/home\/"},{"@type":"ListItem","position":2,"name":"Congresso de Pentecostes 2022: experi\u00eancias profundas e viv\u00eancias do Schoenstatt internacional"}]},{"@type":"WebSite","@id":"https:\/\/schoenstatt.com\/pt-pt\/#website","url":"https:\/\/schoenstatt.com\/pt-pt\/","name":"Schoenstatt","description":"Apostolic Movement","publisher":{"@id":"https:\/\/schoenstatt.com\/pt-pt\/#organization"},"potentialAction":[{"@type":"SearchAction","target":{"@type":"EntryPoint","urlTemplate":"https:\/\/schoenstatt.com\/pt-pt\/?s={search_term_string}"},"query-input":{"@type":"PropertyValueSpecification","valueRequired":true,"valueName":"search_term_string"}}],"inLanguage":"pt-PT"},{"@type":"Organization","@id":"https:\/\/schoenstatt.com\/pt-pt\/#organization","name":"Schoenstatt","url":"https:\/\/schoenstatt.com\/pt-pt\/","logo":{"@type":"ImageObject","inLanguage":"pt-PT","@id":"https:\/\/schoenstatt.com\/pt-pt\/#\/schema\/logo\/image\/","url":"https:\/\/schoenstatt.com\/wp-content\/uploads\/2025\/04\/logo-schoenstatt-white-696x696-1.png","contentUrl":"https:\/\/schoenstatt.com\/wp-content\/uploads\/2025\/04\/logo-schoenstatt-white-696x696-1.png","width":696,"height":694,"caption":"Schoenstatt"},"image":{"@id":"https:\/\/schoenstatt.com\/pt-pt\/#\/schema\/logo\/image\/"}},{"@type":"Person","@id":"https:\/\/schoenstatt.com\/pt-pt\/#\/schema\/person\/489465b1850e7b216fe2c10dfc262551","name":"admin","image":{"@type":"ImageObject","inLanguage":"pt-PT","@id":"https:\/\/secure.gravatar.com\/avatar\/02e8345e1ec40ab0e0a2a98fdde64a684bbaf994cddcb778b25b8b024ee9dfe6?s=96&d=mm&r=g","url":"https:\/\/secure.gravatar.com\/avatar\/02e8345e1ec40ab0e0a2a98fdde64a684bbaf994cddcb778b25b8b024ee9dfe6?s=96&d=mm&r=g","contentUrl":"https:\/\/secure.gravatar.com\/avatar\/02e8345e1ec40ab0e0a2a98fdde64a684bbaf994cddcb778b25b8b024ee9dfe6?s=96&d=mm&r=g","caption":"admin"},"sameAs":["https:\/\/schoenstatt.com"],"url":"https:\/\/schoenstatt.com\/pt-pt\/author\/admin\/"}]}},"_links":{"self":[{"href":"https:\/\/schoenstatt.com\/pt-pt\/wp-json\/wp\/v2\/posts\/50760","targetHints":{"allow":["GET"]}}],"collection":[{"href":"https:\/\/schoenstatt.com\/pt-pt\/wp-json\/wp\/v2\/posts"}],"about":[{"href":"https:\/\/schoenstatt.com\/pt-pt\/wp-json\/wp\/v2\/types\/post"}],"author":[{"embeddable":true,"href":"https:\/\/schoenstatt.com\/pt-pt\/wp-json\/wp\/v2\/users\/1"}],"replies":[{"embeddable":true,"href":"https:\/\/schoenstatt.com\/pt-pt\/wp-json\/wp\/v2\/comments?post=50760"}],"version-history":[{"count":2,"href":"https:\/\/schoenstatt.com\/pt-pt\/wp-json\/wp\/v2\/posts\/50760\/revisions"}],"predecessor-version":[{"id":55812,"href":"https:\/\/schoenstatt.com\/pt-pt\/wp-json\/wp\/v2\/posts\/50760\/revisions\/55812"}],"wp:featuredmedia":[{"embeddable":true,"href":"https:\/\/schoenstatt.com\/pt-pt\/wp-json\/wp\/v2\/media\/27445"}],"wp:attachment":[{"href":"https:\/\/schoenstatt.com\/pt-pt\/wp-json\/wp\/v2\/media?parent=50760"}],"wp:term":[{"taxonomy":"category","embeddable":true,"href":"https:\/\/schoenstatt.com\/pt-pt\/wp-json\/wp\/v2\/categories?post=50760"},{"taxonomy":"post_tag","embeddable":true,"href":"https:\/\/schoenstatt.com\/pt-pt\/wp-json\/wp\/v2\/tags?post=50760"}],"curies":[{"name":"wp","href":"https:\/\/api.w.org\/{rel}","templated":true}]}}