{"id":50536,"date":"2022-11-11T11:27:42","date_gmt":"2022-11-11T10:27:42","guid":{"rendered":"https:\/\/schoenstattdev.wpenginepowered.com\/?p=27793"},"modified":"2025-05-16T01:00:19","modified_gmt":"2025-05-15T23:00:19","slug":"recordacao-dos-80-anos-da-morte-do-pe-albert-eise-sac","status":"publish","type":"post","link":"https:\/\/schoenstatt.com\/pt-pt\/recordacao-dos-80-anos-da-morte-do-pe-albert-eise-sac\/","title":{"rendered":"Recorda\u00e7\u00e3o dos 80 anos da morte do Pe. Albert Eise SAC"},"content":{"rendered":"<p>No 80\u00ba anivers\u00e1rio da morte de Pe. Albert Eise no <a href=\"https:\/\/www.kz-gedenkstaette-dachau.de\/es\/sitio-historico\/campo-de-concentracion-1933-1945\/\">campo de concentra\u00e7\u00e3o de Dachau<\/a>, os peregrinos se reuniram no campo para lembrar de sua entrega heroica, honr\u00e1-lo e aproximar-se de seu mist\u00e9rio de entrega incondicional por Jesus e Maria, e pela expans\u00e3o da miss\u00e3o do Movimento de Schoenstatt.<\/p>\n<p>Ap\u00f3s um evento no memorial do campo de concentra\u00e7\u00e3o de Dachau em 3 de setembro, anivers\u00e1rio da morte de Pe. Albert Eise, no s\u00e1bado 5 de novembro um segundo evento aconteceu a pedido de pessoas interessadas. 15 pessoas de diferentes idades e nacionalidades &#8211; incluindo v\u00e1rios schoenstattianos &#8211; participaram da visita de campo apesar da garoa e do frio.<\/p>\n<p>Queriam homenagear em torno dia de seu onom\u00e1stico de sacerdote que, por seu compromisso com o Movimento de Schoenstatt e por se declarar publicamente contra Hitler, havia sido enviado ao campo de concentra\u00e7\u00e3o de Dachau em 1941.<\/p>\n<p>Durante o passeio por v\u00e1rias esta\u00e7\u00f5es do Memorial do Campo de Concentra\u00e7\u00e3o, os participantes puderam conhecer um pouco melhor sobre a personalidade de Albert Eise.<\/p>\n<figure id=\"attachment_27720\" aria-describedby=\"caption-attachment-27720\" style=\"width: 1024px\" class=\"wp-caption aligncenter\"><img fetchpriority=\"high\" decoding=\"async\" class=\"wp-image-27720 size-full\" src=\"https:\/\/schoenstatt.com\/wp-content\/uploads\/2022\/11\/Dachau-1-1.jpg\" alt=\"Albert Eise\" width=\"1024\" height=\"768\" \/><figcaption id=\"caption-attachment-27720\" class=\"wp-caption-text\">Quadro de informa\u00e7\u00f5es- Foto Paffenzeller<\/figcaption><\/figure>\n<h3>Compromisso com Schoenstatt at\u00e9 o final<\/h3>\n<p>Ainda jovem, Albert estava entusiasmado por Schoenstatt. Pertenceu \u00e0 gera\u00e7\u00e3o fundadora do jovem Movimento e mais tarde, como Padre Pallottino, foi liberado para trabalhar com o Movimento de Schoenstatt. Em 1931, o Pe. Kentenich confiou-lhe a tarefa de construir um movimento familiar dentro de Schoenstatt. Ao mesmo tempo, trabalhou como mission\u00e1rio popular e no Movimento Estudantil de Schoenstatt.<\/p>\n<p>Uma confer\u00eancia que ele deu para jovens estudantes foi a ocasi\u00e3o para prend\u00ea-lo, porque os nazistas o estavam espionando. E l\u00e1 continuou trabalhando para Schoenstatt no campo de concentra\u00e7\u00e3o de Dachau. Foi testemunha da funda\u00e7\u00e3o do Instituto das Fam\u00edlias e do Instituto dos Irm\u00e3os de Maria, que o Pe. Kentenich realizou no campo de concentra\u00e7\u00e3o em 16 de julho.<\/p>\n<p>Albert Eise preparou um pequeno altar sobre seu len\u00e7o branco, camuflado atr\u00e1s de sacos de palha, para a cerim\u00f4nia de funda\u00e7\u00e3o. N\u00e3o faltaram uma foto do MTA e velas. O Sant\u00edssimo Sacramento estava em um pequeno recipiente. Ele havia organizado uma simples celebra\u00e7\u00e3o espiritual. Em certo sentido, conseguiu cumprir sua miss\u00e3o de construir o movimento familiar no campo. A semente, espalhada em circunst\u00e2ncias adversas no campo de concentra\u00e7\u00e3o, n\u00e3o pereceu. Hoje, ambas as comunidades se estendem internacionalmente.<\/p>\n<figure id=\"attachment_27783\" aria-describedby=\"caption-attachment-27783\" style=\"width: 714px\" class=\"wp-caption aligncenter\"><img decoding=\"async\" class=\"wp-image-27783 size-full\" src=\"https:\/\/schoenstatt.com\/wp-content\/uploads\/2022\/11\/Pater-Eise-2-1.png\" alt=\"\" width=\"714\" height=\"470\" \/><figcaption id=\"caption-attachment-27783\" class=\"wp-caption-text\">Google picture<\/figcaption><\/figure>\n<h3>Ofereceu sua vida pela expans\u00e3o da miss\u00e3o do Movimento<\/h3>\n<p>Albert Eise n\u00e3o s\u00f3 trabalhou para Schoenstatt no campo de concentra\u00e7\u00e3o, mas tamb\u00e9m ofereceu sua vida e sofrimento como prisioneiro para o crescimento do Movimento. O c\u00e9u o levou a s\u00e9rio. Ele adoeceu com tifo de fome. Ap\u00f3s semanas de sofrimento nas terr\u00edveis condi\u00e7\u00f5es da enfermaria, ele morreu\u00a0 em 3 de setembro de 1942. Gra\u00e7as ao Dr. Edi Pesendorfer, um Irm\u00e3o de Maria, p\u00f4de ser transferido para uma enfermaria um pouco melhor equipada. Pesendorfer era o enfermeiro-chefe do departamento de cirurgia e tinha grande influ\u00eancia. Al\u00e9m disso, ele providenciou para que o padre Fischer, que tamb\u00e9m estava na enfermaria, mas j\u00e1 em vias de recupera\u00e7\u00e3o, administrasse secretamente a un\u00e7\u00e3o dos enfermos ao padre Eise.<\/p>\n<figure id=\"attachment_27787\" aria-describedby=\"caption-attachment-27787\" style=\"width: 682px\" class=\"wp-caption aligncenter\"><img decoding=\"async\" class=\"wp-image-27787 size-full\" src=\"https:\/\/schoenstatt.com\/wp-content\/uploads\/2022\/11\/Pater-Eise-Dachau-1.png\" alt=\"Albert Eise\" width=\"682\" height=\"348\" \/><figcaption id=\"caption-attachment-27787\" class=\"wp-caption-text\">Google picture<\/figcaption><\/figure>\n<h3>Um testemunho que \u00e9 relevante hoje em dia<\/h3>\n<p>Os visitantes do campo concordaram: o testemunho de Albert Eise \u00e9 atual e pode inspirar o testemunho do crist\u00e3o de hoje. As palavras que aparecem na parede do monumento diante do qual o grupo se reuniu s\u00e3o como um resumo do que este passeio transmitiu:<\/p>\n<blockquote><p>&#8220;Que o exemplo daqueles que deram sua vida aqui de 1933 a 1945 por sua luta contra os nazistas una os vivos em defesa da paz e da liberdade e no respeito \u00e0 dignidade humana.&#8221;<\/p><\/blockquote>\n<h3>Abra espa\u00e7o para a esperan\u00e7a<\/h3>\n<p>A tarde terminou com uma missa mariana na igreja do Carmelo. Segundo a liturgia da Missa &#8220;M\u00e3e da Esperan\u00e7a&#8221;, o celebrante, o Pe. Helmut M\u00fcller, de Munique, apresentou em sua homilia como Maria, que suportou e sofreu tanto, pode tamb\u00e9m nos dar esperan\u00e7a, especialmente diante de tanto sofrimento e guerras no mundo. A transforma\u00e7\u00e3o tamb\u00e9m pode acontecer hoje, como aconteceu em Cana\u00e3. Se dermos nossa \u00e1gua &#8211; nossas pequenas contribui\u00e7\u00f5es &#8211; Jesus pode fazer vinho com ela.<\/p>\n<p>O Pe. M\u00fcller sublinhou como \u00e9 importante e valiosa a intera\u00e7\u00e3o humana: uma palavra am\u00e1vel, um olhar amig\u00e1vel e compassivo. Toda conversa deixa rastros. Naquela \u00e9poca, se tratava de uma ajuda \u00e0 sobreviv\u00eancia dos prisioneiros, orientando-os at\u00e9 a M\u00e3e Sant\u00edssima do campo. Quanto consolo e esperan\u00e7a devem ter experimentado tamb\u00e9m os presos atrav\u00e9s desta simples figura de Maria. Em 1943, ela foi secretamente transportada de Sudetenland para o acampamento.<\/p>\n<blockquote><p>A promessa de Pe. Eise tamb\u00e9m d\u00e1 esperan\u00e7a: &#8220;Se eu n\u00e3o viver mais e estiver na eternidade e voc\u00ea tiver grandes dificuldades, se n\u00e3o souber decidir, me chame, eu te ajudarei&#8221;.<\/p>\n<figure id=\"attachment_27724\" aria-describedby=\"caption-attachment-27724\" style=\"width: 1024px\" class=\"wp-caption aligncenter\"><img loading=\"lazy\" decoding=\"async\" class=\"wp-image-27724 size-full\" src=\"https:\/\/schoenstatt.com\/wp-content\/uploads\/2022\/11\/Dachau-2-1.jpg\" alt=\"\" width=\"1024\" height=\"679\" \/><figcaption id=\"caption-attachment-27724\" class=\"wp-caption-text\">Memorial &#8211; Foto Paffenzeller<\/figcaption><\/figure><\/blockquote>\n<p>Para os interessados \u200b\u200bem saber mais sobre Albert Eise, podem se conectar nos dias 16 e 20 de novembro.<\/p>\n<p><em><strong>Apresenta\u00e7\u00e3o online, em alem\u00e3o:<\/strong><\/em><\/p>\n<p>Retrato da vida do Pe. Albert Eise &#8211; um arauto de Maria (Eugen Schmidt)<\/p>\n<p>Quarta-feira, 16 de novembro, 20h, domingo, 20 de novembro, 16h, hor\u00e1rio da Alemanha.<\/p>\n<p>Ir. M. Elinor Grimm, palestrante no campo de concentra\u00e7\u00e3o de Dachau, Monumento Memorial; e equipe<\/p>\n<p>Link para zoom:\u00a0<a href=\"https:\/\/us06web.zoom.us\/j\/84145308337?pwd=UjhRc0dVKzdDWUlHMUNoUDZaZ1Y5dz09\"> https:\/\/us06web.zoom.us\/j\/84145308337?pwd=UjhRc0dVKzdDWUlHMUNoUDZaZ1Y5dz09<\/a><\/p>\n","protected":false},"excerpt":{"rendered":"<p>Peregrinos de Schoenstatt se reuniram no campo de concentra\u00e7\u00e3o de Dachau para recordar a mem\u00f3ria de Pe. Albert Eise, 80 anos ap\u00f3s sua partida no mesmo campo, e apresent\u00e1-lo como exemplo de entrega incondicional aos valores crist\u00e3os e \u00e0 miss\u00e3o do Movimento de Schoenstatt.<\/p>\n","protected":false},"author":1,"featured_media":27779,"comment_status":"closed","ping_status":"closed","sticky":false,"template":"","format":"standard","meta":{"footnotes":""},"categories":[916,888],"tags":[],"class_list":["post-50536","post","type-post","status-publish","format-standard","has-post-thumbnail","hentry","category-espiritualidade-pt-pt","category-herois-de-schoenstatt-pt-pt"],"yoast_head":"<!-- This site is optimized with the Yoast SEO Premium plugin v27.4 (Yoast SEO v27.5) - https:\/\/yoast.com\/product\/yoast-seo-premium-wordpress\/ -->\n<title>Recorda\u00e7\u00e3o dos 80 anos da morte do Pe. Albert Eise SAC<\/title>\n<meta name=\"description\" content=\"Celebraram-se os 80 anos da partida do Pe. Eise, falecido no campo de concentra\u00e7\u00e3o de Dachau. Entregou sua vida pela miss\u00e3o de Schoenstatt.\" \/>\n<meta name=\"robots\" content=\"index, follow, max-snippet:-1, max-image-preview:large, max-video-preview:-1\" \/>\n<link rel=\"canonical\" href=\"https:\/\/schoenstatt.com\/pt-pt\/recordacao-dos-80-anos-da-morte-do-pe-albert-eise-sac\/\" \/>\n<meta property=\"og:locale\" content=\"pt_PT\" \/>\n<meta property=\"og:type\" content=\"article\" \/>\n<meta property=\"og:title\" content=\"Recorda\u00e7\u00e3o dos 80 anos da morte do Pe. Albert Eise SAC\" \/>\n<meta property=\"og:description\" content=\"Celebraram-se os 80 anos da partida do Pe. Eise, falecido no campo de concentra\u00e7\u00e3o de Dachau. Entregou sua vida pela miss\u00e3o de Schoenstatt.\" \/>\n<meta property=\"og:url\" content=\"https:\/\/schoenstatt.com\/pt-pt\/recordacao-dos-80-anos-da-morte-do-pe-albert-eise-sac\/\" \/>\n<meta property=\"og:site_name\" content=\"Schoenstatt\" \/>\n<meta property=\"article:published_time\" content=\"2022-11-11T10:27:42+00:00\" \/>\n<meta property=\"article:modified_time\" content=\"2025-05-15T23:00:19+00:00\" \/>\n<meta property=\"og:image\" content=\"https:\/\/schoenstatt.com\/wp-content\/uploads\/2022\/11\/Dachau-1.png\" \/>\n\t<meta property=\"og:image:width\" content=\"793\" \/>\n\t<meta property=\"og:image:height\" content=\"545\" \/>\n\t<meta property=\"og:image:type\" content=\"image\/png\" \/>\n<meta name=\"author\" content=\"admin\" \/>\n<meta name=\"twitter:card\" content=\"summary_large_image\" \/>\n<meta name=\"twitter:label1\" content=\"Escrito por\" \/>\n\t<meta name=\"twitter:data1\" content=\"admin\" \/>\n\t<meta name=\"twitter:label2\" content=\"Tempo estimado de leitura\" \/>\n\t<meta name=\"twitter:data2\" content=\"5 minutos\" \/>\n<script type=\"application\/ld+json\" class=\"yoast-schema-graph\">{\"@context\":\"https:\\\/\\\/schema.org\",\"@graph\":[{\"@type\":\"Article\",\"@id\":\"https:\\\/\\\/schoenstatt.com\\\/pt-pt\\\/recordacao-dos-80-anos-da-morte-do-pe-albert-eise-sac\\\/#article\",\"isPartOf\":{\"@id\":\"https:\\\/\\\/schoenstatt.com\\\/pt-pt\\\/recordacao-dos-80-anos-da-morte-do-pe-albert-eise-sac\\\/\"},\"author\":{\"name\":\"admin\",\"@id\":\"https:\\\/\\\/schoenstatt.com\\\/pt-pt\\\/#\\\/schema\\\/person\\\/489465b1850e7b216fe2c10dfc262551\"},\"headline\":\"Recorda\u00e7\u00e3o dos 80 anos da morte do Pe. Albert Eise SAC\",\"datePublished\":\"2022-11-11T10:27:42+00:00\",\"dateModified\":\"2025-05-15T23:00:19+00:00\",\"mainEntityOfPage\":{\"@id\":\"https:\\\/\\\/schoenstatt.com\\\/pt-pt\\\/recordacao-dos-80-anos-da-morte-do-pe-albert-eise-sac\\\/\"},\"wordCount\":958,\"publisher\":{\"@id\":\"https:\\\/\\\/schoenstatt.com\\\/pt-pt\\\/#organization\"},\"image\":{\"@id\":\"https:\\\/\\\/schoenstatt.com\\\/pt-pt\\\/recordacao-dos-80-anos-da-morte-do-pe-albert-eise-sac\\\/#primaryimage\"},\"thumbnailUrl\":\"https:\\\/\\\/schoenstatt.com\\\/wp-content\\\/uploads\\\/2022\\\/11\\\/Dachau-1.png\",\"articleSection\":[\"Espiritualidade\",\"Her\u00f3is de Schoenstatt\"],\"inLanguage\":\"pt-PT\"},{\"@type\":\"WebPage\",\"@id\":\"https:\\\/\\\/schoenstatt.com\\\/pt-pt\\\/recordacao-dos-80-anos-da-morte-do-pe-albert-eise-sac\\\/\",\"url\":\"https:\\\/\\\/schoenstatt.com\\\/pt-pt\\\/recordacao-dos-80-anos-da-morte-do-pe-albert-eise-sac\\\/\",\"name\":\"Recorda\u00e7\u00e3o dos 80 anos da morte do Pe. Albert Eise SAC\",\"isPartOf\":{\"@id\":\"https:\\\/\\\/schoenstatt.com\\\/pt-pt\\\/#website\"},\"primaryImageOfPage\":{\"@id\":\"https:\\\/\\\/schoenstatt.com\\\/pt-pt\\\/recordacao-dos-80-anos-da-morte-do-pe-albert-eise-sac\\\/#primaryimage\"},\"image\":{\"@id\":\"https:\\\/\\\/schoenstatt.com\\\/pt-pt\\\/recordacao-dos-80-anos-da-morte-do-pe-albert-eise-sac\\\/#primaryimage\"},\"thumbnailUrl\":\"https:\\\/\\\/schoenstatt.com\\\/wp-content\\\/uploads\\\/2022\\\/11\\\/Dachau-1.png\",\"datePublished\":\"2022-11-11T10:27:42+00:00\",\"dateModified\":\"2025-05-15T23:00:19+00:00\",\"description\":\"Celebraram-se os 80 anos da partida do Pe. Eise, falecido no campo de concentra\u00e7\u00e3o de Dachau. Entregou sua vida pela miss\u00e3o de Schoenstatt.\",\"breadcrumb\":{\"@id\":\"https:\\\/\\\/schoenstatt.com\\\/pt-pt\\\/recordacao-dos-80-anos-da-morte-do-pe-albert-eise-sac\\\/#breadcrumb\"},\"inLanguage\":\"pt-PT\",\"potentialAction\":[{\"@type\":\"ReadAction\",\"target\":[\"https:\\\/\\\/schoenstatt.com\\\/pt-pt\\\/recordacao-dos-80-anos-da-morte-do-pe-albert-eise-sac\\\/\"]}]},{\"@type\":\"ImageObject\",\"inLanguage\":\"pt-PT\",\"@id\":\"https:\\\/\\\/schoenstatt.com\\\/pt-pt\\\/recordacao-dos-80-anos-da-morte-do-pe-albert-eise-sac\\\/#primaryimage\",\"url\":\"https:\\\/\\\/schoenstatt.com\\\/wp-content\\\/uploads\\\/2022\\\/11\\\/Dachau-1.png\",\"contentUrl\":\"https:\\\/\\\/schoenstatt.com\\\/wp-content\\\/uploads\\\/2022\\\/11\\\/Dachau-1.png\",\"width\":793,\"height\":545,\"caption\":\"P. Eise\"},{\"@type\":\"BreadcrumbList\",\"@id\":\"https:\\\/\\\/schoenstatt.com\\\/pt-pt\\\/recordacao-dos-80-anos-da-morte-do-pe-albert-eise-sac\\\/#breadcrumb\",\"itemListElement\":[{\"@type\":\"ListItem\",\"position\":1,\"name\":\"Portada\",\"item\":\"https:\\\/\\\/schoenstatt.com\\\/pt-pt\\\/home\\\/\"},{\"@type\":\"ListItem\",\"position\":2,\"name\":\"Recorda\u00e7\u00e3o dos 80 anos da morte do Pe. Albert Eise SAC\"}]},{\"@type\":\"WebSite\",\"@id\":\"https:\\\/\\\/schoenstatt.com\\\/pt-pt\\\/#website\",\"url\":\"https:\\\/\\\/schoenstatt.com\\\/pt-pt\\\/\",\"name\":\"Schoenstatt\",\"description\":\"Apostolic Movement\",\"publisher\":{\"@id\":\"https:\\\/\\\/schoenstatt.com\\\/pt-pt\\\/#organization\"},\"potentialAction\":[{\"@type\":\"SearchAction\",\"target\":{\"@type\":\"EntryPoint\",\"urlTemplate\":\"https:\\\/\\\/schoenstatt.com\\\/pt-pt\\\/?s={search_term_string}\"},\"query-input\":{\"@type\":\"PropertyValueSpecification\",\"valueRequired\":true,\"valueName\":\"search_term_string\"}}],\"inLanguage\":\"pt-PT\"},{\"@type\":\"Organization\",\"@id\":\"https:\\\/\\\/schoenstatt.com\\\/pt-pt\\\/#organization\",\"name\":\"Schoenstatt\",\"url\":\"https:\\\/\\\/schoenstatt.com\\\/pt-pt\\\/\",\"logo\":{\"@type\":\"ImageObject\",\"inLanguage\":\"pt-PT\",\"@id\":\"https:\\\/\\\/schoenstatt.com\\\/pt-pt\\\/#\\\/schema\\\/logo\\\/image\\\/\",\"url\":\"https:\\\/\\\/schoenstatt.com\\\/wp-content\\\/uploads\\\/2025\\\/04\\\/logo-schoenstatt-white-696x696-1.png\",\"contentUrl\":\"https:\\\/\\\/schoenstatt.com\\\/wp-content\\\/uploads\\\/2025\\\/04\\\/logo-schoenstatt-white-696x696-1.png\",\"width\":696,\"height\":694,\"caption\":\"Schoenstatt\"},\"image\":{\"@id\":\"https:\\\/\\\/schoenstatt.com\\\/pt-pt\\\/#\\\/schema\\\/logo\\\/image\\\/\"}},{\"@type\":\"Person\",\"@id\":\"https:\\\/\\\/schoenstatt.com\\\/pt-pt\\\/#\\\/schema\\\/person\\\/489465b1850e7b216fe2c10dfc262551\",\"name\":\"admin\",\"image\":{\"@type\":\"ImageObject\",\"inLanguage\":\"pt-PT\",\"@id\":\"https:\\\/\\\/secure.gravatar.com\\\/avatar\\\/02e8345e1ec40ab0e0a2a98fdde64a684bbaf994cddcb778b25b8b024ee9dfe6?s=96&d=mm&r=g\",\"url\":\"https:\\\/\\\/secure.gravatar.com\\\/avatar\\\/02e8345e1ec40ab0e0a2a98fdde64a684bbaf994cddcb778b25b8b024ee9dfe6?s=96&d=mm&r=g\",\"contentUrl\":\"https:\\\/\\\/secure.gravatar.com\\\/avatar\\\/02e8345e1ec40ab0e0a2a98fdde64a684bbaf994cddcb778b25b8b024ee9dfe6?s=96&d=mm&r=g\",\"caption\":\"admin\"},\"sameAs\":[\"https:\\\/\\\/schoenstatt.com\"],\"url\":\"https:\\\/\\\/schoenstatt.com\\\/pt-pt\\\/author\\\/admin\\\/\"}]}<\/script>\n<!-- \/ Yoast SEO Premium plugin. -->","yoast_head_json":{"title":"Recorda\u00e7\u00e3o dos 80 anos da morte do Pe. Albert Eise SAC","description":"Celebraram-se os 80 anos da partida do Pe. Eise, falecido no campo de concentra\u00e7\u00e3o de Dachau. Entregou sua vida pela miss\u00e3o de Schoenstatt.","robots":{"index":"index","follow":"follow","max-snippet":"max-snippet:-1","max-image-preview":"max-image-preview:large","max-video-preview":"max-video-preview:-1"},"canonical":"https:\/\/schoenstatt.com\/pt-pt\/recordacao-dos-80-anos-da-morte-do-pe-albert-eise-sac\/","og_locale":"pt_PT","og_type":"article","og_title":"Recorda\u00e7\u00e3o dos 80 anos da morte do Pe. Albert Eise SAC","og_description":"Celebraram-se os 80 anos da partida do Pe. Eise, falecido no campo de concentra\u00e7\u00e3o de Dachau. Entregou sua vida pela miss\u00e3o de Schoenstatt.","og_url":"https:\/\/schoenstatt.com\/pt-pt\/recordacao-dos-80-anos-da-morte-do-pe-albert-eise-sac\/","og_site_name":"Schoenstatt","article_published_time":"2022-11-11T10:27:42+00:00","article_modified_time":"2025-05-15T23:00:19+00:00","og_image":[{"width":793,"height":545,"url":"https:\/\/schoenstatt.com\/wp-content\/uploads\/2022\/11\/Dachau-1.png","type":"image\/png"}],"author":"admin","twitter_card":"summary_large_image","twitter_misc":{"Escrito por":"admin","Tempo estimado de leitura":"5 minutos"},"schema":{"@context":"https:\/\/schema.org","@graph":[{"@type":"Article","@id":"https:\/\/schoenstatt.com\/pt-pt\/recordacao-dos-80-anos-da-morte-do-pe-albert-eise-sac\/#article","isPartOf":{"@id":"https:\/\/schoenstatt.com\/pt-pt\/recordacao-dos-80-anos-da-morte-do-pe-albert-eise-sac\/"},"author":{"name":"admin","@id":"https:\/\/schoenstatt.com\/pt-pt\/#\/schema\/person\/489465b1850e7b216fe2c10dfc262551"},"headline":"Recorda\u00e7\u00e3o dos 80 anos da morte do Pe. Albert Eise SAC","datePublished":"2022-11-11T10:27:42+00:00","dateModified":"2025-05-15T23:00:19+00:00","mainEntityOfPage":{"@id":"https:\/\/schoenstatt.com\/pt-pt\/recordacao-dos-80-anos-da-morte-do-pe-albert-eise-sac\/"},"wordCount":958,"publisher":{"@id":"https:\/\/schoenstatt.com\/pt-pt\/#organization"},"image":{"@id":"https:\/\/schoenstatt.com\/pt-pt\/recordacao-dos-80-anos-da-morte-do-pe-albert-eise-sac\/#primaryimage"},"thumbnailUrl":"https:\/\/schoenstatt.com\/wp-content\/uploads\/2022\/11\/Dachau-1.png","articleSection":["Espiritualidade","Her\u00f3is de Schoenstatt"],"inLanguage":"pt-PT"},{"@type":"WebPage","@id":"https:\/\/schoenstatt.com\/pt-pt\/recordacao-dos-80-anos-da-morte-do-pe-albert-eise-sac\/","url":"https:\/\/schoenstatt.com\/pt-pt\/recordacao-dos-80-anos-da-morte-do-pe-albert-eise-sac\/","name":"Recorda\u00e7\u00e3o dos 80 anos da morte do Pe. Albert Eise SAC","isPartOf":{"@id":"https:\/\/schoenstatt.com\/pt-pt\/#website"},"primaryImageOfPage":{"@id":"https:\/\/schoenstatt.com\/pt-pt\/recordacao-dos-80-anos-da-morte-do-pe-albert-eise-sac\/#primaryimage"},"image":{"@id":"https:\/\/schoenstatt.com\/pt-pt\/recordacao-dos-80-anos-da-morte-do-pe-albert-eise-sac\/#primaryimage"},"thumbnailUrl":"https:\/\/schoenstatt.com\/wp-content\/uploads\/2022\/11\/Dachau-1.png","datePublished":"2022-11-11T10:27:42+00:00","dateModified":"2025-05-15T23:00:19+00:00","description":"Celebraram-se os 80 anos da partida do Pe. Eise, falecido no campo de concentra\u00e7\u00e3o de Dachau. Entregou sua vida pela miss\u00e3o de Schoenstatt.","breadcrumb":{"@id":"https:\/\/schoenstatt.com\/pt-pt\/recordacao-dos-80-anos-da-morte-do-pe-albert-eise-sac\/#breadcrumb"},"inLanguage":"pt-PT","potentialAction":[{"@type":"ReadAction","target":["https:\/\/schoenstatt.com\/pt-pt\/recordacao-dos-80-anos-da-morte-do-pe-albert-eise-sac\/"]}]},{"@type":"ImageObject","inLanguage":"pt-PT","@id":"https:\/\/schoenstatt.com\/pt-pt\/recordacao-dos-80-anos-da-morte-do-pe-albert-eise-sac\/#primaryimage","url":"https:\/\/schoenstatt.com\/wp-content\/uploads\/2022\/11\/Dachau-1.png","contentUrl":"https:\/\/schoenstatt.com\/wp-content\/uploads\/2022\/11\/Dachau-1.png","width":793,"height":545,"caption":"P. Eise"},{"@type":"BreadcrumbList","@id":"https:\/\/schoenstatt.com\/pt-pt\/recordacao-dos-80-anos-da-morte-do-pe-albert-eise-sac\/#breadcrumb","itemListElement":[{"@type":"ListItem","position":1,"name":"Portada","item":"https:\/\/schoenstatt.com\/pt-pt\/home\/"},{"@type":"ListItem","position":2,"name":"Recorda\u00e7\u00e3o dos 80 anos da morte do Pe. Albert Eise SAC"}]},{"@type":"WebSite","@id":"https:\/\/schoenstatt.com\/pt-pt\/#website","url":"https:\/\/schoenstatt.com\/pt-pt\/","name":"Schoenstatt","description":"Apostolic Movement","publisher":{"@id":"https:\/\/schoenstatt.com\/pt-pt\/#organization"},"potentialAction":[{"@type":"SearchAction","target":{"@type":"EntryPoint","urlTemplate":"https:\/\/schoenstatt.com\/pt-pt\/?s={search_term_string}"},"query-input":{"@type":"PropertyValueSpecification","valueRequired":true,"valueName":"search_term_string"}}],"inLanguage":"pt-PT"},{"@type":"Organization","@id":"https:\/\/schoenstatt.com\/pt-pt\/#organization","name":"Schoenstatt","url":"https:\/\/schoenstatt.com\/pt-pt\/","logo":{"@type":"ImageObject","inLanguage":"pt-PT","@id":"https:\/\/schoenstatt.com\/pt-pt\/#\/schema\/logo\/image\/","url":"https:\/\/schoenstatt.com\/wp-content\/uploads\/2025\/04\/logo-schoenstatt-white-696x696-1.png","contentUrl":"https:\/\/schoenstatt.com\/wp-content\/uploads\/2025\/04\/logo-schoenstatt-white-696x696-1.png","width":696,"height":694,"caption":"Schoenstatt"},"image":{"@id":"https:\/\/schoenstatt.com\/pt-pt\/#\/schema\/logo\/image\/"}},{"@type":"Person","@id":"https:\/\/schoenstatt.com\/pt-pt\/#\/schema\/person\/489465b1850e7b216fe2c10dfc262551","name":"admin","image":{"@type":"ImageObject","inLanguage":"pt-PT","@id":"https:\/\/secure.gravatar.com\/avatar\/02e8345e1ec40ab0e0a2a98fdde64a684bbaf994cddcb778b25b8b024ee9dfe6?s=96&d=mm&r=g","url":"https:\/\/secure.gravatar.com\/avatar\/02e8345e1ec40ab0e0a2a98fdde64a684bbaf994cddcb778b25b8b024ee9dfe6?s=96&d=mm&r=g","contentUrl":"https:\/\/secure.gravatar.com\/avatar\/02e8345e1ec40ab0e0a2a98fdde64a684bbaf994cddcb778b25b8b024ee9dfe6?s=96&d=mm&r=g","caption":"admin"},"sameAs":["https:\/\/schoenstatt.com"],"url":"https:\/\/schoenstatt.com\/pt-pt\/author\/admin\/"}]}},"_links":{"self":[{"href":"https:\/\/schoenstatt.com\/pt-pt\/wp-json\/wp\/v2\/posts\/50536","targetHints":{"allow":["GET"]}}],"collection":[{"href":"https:\/\/schoenstatt.com\/pt-pt\/wp-json\/wp\/v2\/posts"}],"about":[{"href":"https:\/\/schoenstatt.com\/pt-pt\/wp-json\/wp\/v2\/types\/post"}],"author":[{"embeddable":true,"href":"https:\/\/schoenstatt.com\/pt-pt\/wp-json\/wp\/v2\/users\/1"}],"replies":[{"embeddable":true,"href":"https:\/\/schoenstatt.com\/pt-pt\/wp-json\/wp\/v2\/comments?post=50536"}],"version-history":[{"count":1,"href":"https:\/\/schoenstatt.com\/pt-pt\/wp-json\/wp\/v2\/posts\/50536\/revisions"}],"predecessor-version":[{"id":50648,"href":"https:\/\/schoenstatt.com\/pt-pt\/wp-json\/wp\/v2\/posts\/50536\/revisions\/50648"}],"wp:featuredmedia":[{"embeddable":true,"href":"https:\/\/schoenstatt.com\/pt-pt\/wp-json\/wp\/v2\/media\/27779"}],"wp:attachment":[{"href":"https:\/\/schoenstatt.com\/pt-pt\/wp-json\/wp\/v2\/media?parent=50536"}],"wp:term":[{"taxonomy":"category","embeddable":true,"href":"https:\/\/schoenstatt.com\/pt-pt\/wp-json\/wp\/v2\/categories?post=50536"},{"taxonomy":"post_tag","embeddable":true,"href":"https:\/\/schoenstatt.com\/pt-pt\/wp-json\/wp\/v2\/tags?post=50536"}],"curies":[{"name":"wp","href":"https:\/\/api.w.org\/{rel}","templated":true}]}}