{"id":50525,"date":"2022-11-08T17:12:19","date_gmt":"2022-11-08T16:12:19","guid":{"rendered":"https:\/\/schoenstattdev.wpenginepowered.com\/?p=27718"},"modified":"2025-05-16T01:44:36","modified_gmt":"2025-05-15T23:44:36","slug":"os-padres-de-schoenstatt-abencoam-as-fundacoes-de-sua-futura-casa-em-lekki-nigeria","status":"publish","type":"post","link":"https:\/\/schoenstatt.com\/pt-pt\/os-padres-de-schoenstatt-abencoam-as-fundacoes-de-sua-futura-casa-em-lekki-nigeria\/","title":{"rendered":"Os Padres de Schoenstatt aben\u00e7oam as funda\u00e7\u00f5es de sua futura casa em Lekki, Nig\u00e9ria"},"content":{"rendered":"<h3>A M\u00e3e Sant\u00edssima lan\u00e7a ra\u00edzes na Nig\u00e9ria<\/h3>\n<p><img fetchpriority=\"high\" decoding=\"async\" class=\"alignright wp-image-27707 size-medium\" src=\"https:\/\/schoenstatt.com\/wp-content\/uploads\/2022\/11\/Imagem-do-WhatsApp-de-2022-11-01-as-14.13.38-3-1.jpg\" alt=\"futura casa\" width=\"225\" height=\"300\" srcset=\"https:\/\/schoenstatt.com\/wp-content\/uploads\/2022\/11\/Imagem-do-WhatsApp-de-2022-11-01-as-14.13.38-3-1.jpg 1200w, https:\/\/schoenstatt.com\/wp-content\/uploads\/2022\/11\/Imagem-do-WhatsApp-de-2022-11-01-as-14.13.38-3-1-768x1024.jpg 768w, https:\/\/schoenstatt.com\/wp-content\/uploads\/2022\/11\/Imagem-do-WhatsApp-de-2022-11-01-as-14.13.38-3-1-1152x1536.jpg 1152w\" sizes=\"(max-width: 225px) 100vw, 225px\" \/><\/p>\n<p>Em 1 \u00ba de novembro o sol brilha forte na Nig\u00e9ria, para que a M\u00e3e, Rainha e Vencedora Tr\u00eas Vezes Admir\u00e1vel de Schoenstatt abrigue mais cora\u00e7\u00f5es e os conduza a Jesus.<\/p>\n<p>Precisamente, na cidade de Lekki, com grande alegria o Superior Geral dos Padres de Schoenstatt, Pe. Alexandre Awi Mello, aben\u00e7oou a ermida e as funda\u00e7\u00f5es da futura casa dos Padres de Schoenstatt no continente africano. Lekki \u00e9 uma pen\u00ednsula do estado de Lagos, com mais de tr\u00eas milh\u00f5es de habitantes, localizada no sudeste do pa\u00eds.<\/p>\n<h3>Perseveran\u00e7a, precis\u00e3o e prece<\/h3>\n<p><img decoding=\"async\" class=\"alignleft size-medium wp-image-27703\" src=\"https:\/\/schoenstatt.com\/wp-content\/uploads\/2022\/11\/Imagem-do-WhatsApp-de-2022-11-01-as-14.13.35-2-125x300.jpg\" alt=\"Schoenstatt Fathers\" width=\"225\" height=\"300\" \/><\/p>\n<p>Durante a ben\u00e7\u00e3o, Pe. Alexandre referiu-se \u00e0 import\u00e2ncia de cultivar o projeto em torno dos tr\u00eas<em><strong> \u201cPs\u201d: perseveran\u00e7a, precis\u00e3o e prece.<\/strong><\/em> Perseverar com entusiasmo na miss\u00e3o de evangelizar, compartilhar e doar a originalidade do movimento de Schoenstatt na Igreja: a Alian\u00e7a de Amor com Maria. Precis\u00e3o para poder discernir a meta e oferecer capitais de gra\u00e7a em busca de poder alcan\u00e7\u00e1-la. E a prece com a certeza de que tudo vem de Deus, e que a a\u00e7\u00e3o deve ser confiada \u00e0s suas m\u00e3os. \u00c9 tempo de viver o processo como convida Santo Agostinho: Rezar como se tudo dependesse de Deus. Trabalhar como se tudo dependesse de voc\u00ea.<\/p>\n<p>No cap\u00edtulo 4 do Evangelho de S\u00e3o Marcos pode-se ler o seguinte: <em>\u201cJesus, enquanto caminhava \u00e0 beira do mar da Galil\u00e9ia, viu Sim\u00e3o Pedro e seu irm\u00e3o Andr\u00e9, que lan\u00e7avam as redes na \u00e1gua, porque eram pescadores. Jesus disse-lhes: \u201cSigam-me, e eu vos farei pescadores de homens\u201d. Imediatamente, eles deixaram suas redes e o seguiram.&#8221;<\/em><\/p>\n<h3>32 Padres de Schoenstatt surgidos da Nig\u00e9ria<\/h3>\n<p><img decoding=\"async\" class=\"aligncenter wp-image-27699 size-large\" src=\"https:\/\/schoenstatt.com\/wp-content\/uploads\/2022\/11\/Imagem-do-WhatsApp-de-2022-11-01-as-14.13.35-2-1.jpg\" alt=\"futura casa\" width=\"840\" height=\"630\" srcset=\"https:\/\/schoenstatt.com\/wp-content\/uploads\/2022\/11\/Imagem-do-WhatsApp-de-2022-11-01-as-14.13.35-2-1.jpg 1600w, https:\/\/schoenstatt.com\/wp-content\/uploads\/2022\/11\/Imagem-do-WhatsApp-de-2022-11-01-as-14.13.35-2-1-768x576.jpg 768w, https:\/\/schoenstatt.com\/wp-content\/uploads\/2022\/11\/Imagem-do-WhatsApp-de-2022-11-01-as-14.13.35-2-1-1536x1152.jpg 1536w\" sizes=\"(max-width: 840px) 100vw, 840px\" \/><\/p>\n<p>Andr\u00e9 e Pedro, diante do chamado de Jesus, n\u00e3o hesitaram um segundo em deixar tudo e segui-lo. O Evangelho ressoa em solo africano com os padres de Schoenstatt que, atra\u00eddos por Cristo, ousam empreender juntos a constru\u00e7\u00e3o da casa. Os padres Claudius e Paschal v\u00e3o morar na casa. O trabalho pastoral que realizar\u00e3o ser\u00e1 habitar o bairro, percorrer suas ruas, reconhecer Jesus em cada um de seus vizinhos.<\/p>\n<p>A fam\u00edlia \u00e9 a fonte de vida que fornece os meios e \u00e9 a garantia para que, quando Deus quiser, um segundo santu\u00e1rio possa ser conquistado na Nig\u00e9ria, na mesma propriedade da casa e da ermida. Atualmente existem 32 Padres de Schoenstatt nigerianos trabalhando na Nig\u00e9ria, Alemanha, Paraguai e Inglaterra.<\/p>\n<h3>Santu\u00e1rio da Vit\u00f3ria, em Ibadan<\/h3>\n<p><img loading=\"lazy\" decoding=\"async\" class=\"aligncenter wp-image-27711 size-large\" src=\"https:\/\/schoenstatt.com\/wp-content\/uploads\/2022\/11\/Imagem-do-WhatsApp-de-2022-11-01-as-14.13.39-1-768x1024.jpg\" alt=\"\" width=\"768\" height=\"1024\" srcset=\"https:\/\/schoenstatt.com\/wp-content\/uploads\/2022\/11\/Imagem-do-WhatsApp-de-2022-11-01-as-14.13.39-1-768x1024.jpg 768w, https:\/\/schoenstatt.com\/wp-content\/uploads\/2022\/11\/Imagem-do-WhatsApp-de-2022-11-01-as-14.13.39-1-1152x1536.jpg 1152w, https:\/\/schoenstatt.com\/wp-content\/uploads\/2022\/11\/Imagem-do-WhatsApp-de-2022-11-01-as-14.13.39-1.jpg 1200w\" sizes=\"(max-width: 768px) 100vw, 768px\" \/><\/p>\n<p>A M\u00e3e Sant\u00edssima abre as portas dos cora\u00e7\u00f5es africanos atrav\u00e9s da <a href=\"https:\/\/schoenstattdev.wpenginepowered.com\/spirituality\/pilgrim-mother-taking-god-to-where-he-is-needed\/\">campanha da M\u00e3e Peregrina<\/a>, que est\u00e1 em grande expans\u00e3o. Simultaneamente, fogueiras vivas s\u00e3o acesas por pessoas que est\u00e3o descobrindo os estamentos e op\u00e7\u00f5es de vida oferecidas pelo Movimento em torno do primeiro santu\u00e1rio na Nig\u00e9ria: &#8220;Santu\u00e1rio da Vit\u00f3ria&#8221;. O santu\u00e1rio est\u00e1 localizado em Ibadan. Foi aben\u00e7oado em 23 de outubro de 2004. H\u00e1 tamb\u00e9m a casa de forma\u00e7\u00e3o para seminaristas no pa\u00eds.<\/p>\n<h3>Nas pegadas do Pe. Kentenich<\/h3>\n<p>O Movimento de Schoenstatt come\u00e7ou na Nig\u00e9ria no in\u00edcio dos anos 1990. Os Padres visitaram este pa\u00eds pela primeira vez em maio de 1992.<\/p>\n<p>Seguindo os passos de S\u00e3o Pedro, os <a href=\"https:\/\/www.schoenstatt-fathers.org.ng\/\">sacerdotes de Schoenstatt<\/a> continuam com o legado da evangeliza\u00e7\u00e3o. Seguindo os passos do Pe. Kentenich, eles s\u00e3o o lar e a garantia da vida da obra de Schoenstatt.<\/p>\n<blockquote><p>Nas m\u00e3os de Maria confiam a prosperidade da vida do Movimento de Schoenstatt no continente africano.<\/p><\/blockquote>\n","protected":false},"excerpt":{"rendered":"<p>O Superior Geral dos Padres de Schoenstatt, Pe. Alexandre Awi Mello, aben\u00e7oa as funda\u00e7\u00f5es da futura casa da comunidade em Lekki, Nig\u00e9ria, pa\u00eds que deu ao mundo 32 Padres de Schoenstatt, que est\u00e3o na Nig\u00e9ria, Alemanha, Inglaterra e Paraguai.<\/p>\n","protected":false},"author":1,"featured_media":27695,"comment_status":"closed","ping_status":"closed","sticky":false,"template":"","format":"standard","meta":{"footnotes":""},"categories":[908,869],"tags":[],"class_list":["post-50525","post","type-post","status-publish","format-standard","has-post-thumbnail","hentry","category-comunidades-de-schoenstatt-pt-pt","category-paises-pt-pt"],"yoast_head":"<!-- This site is optimized with the Yoast SEO Premium plugin v27.4 (Yoast SEO v27.4) - https:\/\/yoast.com\/product\/yoast-seo-premium-wordpress\/ -->\n<title>Os Padres de Schoenstatt aben\u00e7oam as funda\u00e7\u00f5es de sua futura casa em Lekki, Nig\u00e9ria - Schoenstatt<\/title>\n<meta name=\"description\" content=\"O Pe. Alexandre Awi Mello aben\u00e7oou a futura casa dos Padres de Schoenstatt na Nig\u00e9ria, onde planejam construir seu segundo santu\u00e1rio no pa\u00eds.\" \/>\n<meta name=\"robots\" content=\"index, follow, max-snippet:-1, max-image-preview:large, max-video-preview:-1\" \/>\n<link rel=\"canonical\" href=\"https:\/\/schoenstatt.com\/pt-pt\/os-padres-de-schoenstatt-abencoam-as-fundacoes-de-sua-futura-casa-em-lekki-nigeria\/\" \/>\n<meta property=\"og:locale\" content=\"pt_PT\" \/>\n<meta property=\"og:type\" content=\"article\" \/>\n<meta property=\"og:title\" content=\"Os Padres de Schoenstatt aben\u00e7oam as funda\u00e7\u00f5es de sua futura casa em Lekki, Nig\u00e9ria\" \/>\n<meta property=\"og:description\" content=\"O Pe. Alexandre Awi Mello aben\u00e7oou a futura casa dos Padres de Schoenstatt na Nig\u00e9ria, onde planejam construir seu segundo santu\u00e1rio no pa\u00eds.\" \/>\n<meta property=\"og:url\" content=\"https:\/\/schoenstatt.com\/pt-pt\/os-padres-de-schoenstatt-abencoam-as-fundacoes-de-sua-futura-casa-em-lekki-nigeria\/\" \/>\n<meta property=\"og:site_name\" content=\"Schoenstatt\" \/>\n<meta property=\"article:published_time\" content=\"2022-11-08T16:12:19+00:00\" \/>\n<meta property=\"article:modified_time\" content=\"2025-05-15T23:44:36+00:00\" \/>\n<meta property=\"og:image\" content=\"https:\/\/schoenstatt.com\/wp-content\/uploads\/2022\/11\/Imagem-do-WhatsApp-de-2022-11-01-as-15.37.12-3-1.jpg\" \/>\n\t<meta property=\"og:image:width\" content=\"2000\" \/>\n\t<meta property=\"og:image:height\" content=\"1500\" \/>\n\t<meta property=\"og:image:type\" content=\"image\/jpeg\" \/>\n<meta name=\"author\" content=\"admin\" \/>\n<meta name=\"twitter:card\" content=\"summary_large_image\" \/>\n<meta name=\"twitter:label1\" content=\"Escrito por\" \/>\n\t<meta name=\"twitter:data1\" content=\"admin\" \/>\n\t<meta name=\"twitter:label2\" content=\"Tempo estimado de leitura\" \/>\n\t<meta name=\"twitter:data2\" content=\"4 minutos\" \/>\n<script type=\"application\/ld+json\" class=\"yoast-schema-graph\">{\"@context\":\"https:\\\/\\\/schema.org\",\"@graph\":[{\"@type\":\"Article\",\"@id\":\"https:\\\/\\\/schoenstatt.com\\\/pt-pt\\\/os-padres-de-schoenstatt-abencoam-as-fundacoes-de-sua-futura-casa-em-lekki-nigeria\\\/#article\",\"isPartOf\":{\"@id\":\"https:\\\/\\\/schoenstatt.com\\\/pt-pt\\\/os-padres-de-schoenstatt-abencoam-as-fundacoes-de-sua-futura-casa-em-lekki-nigeria\\\/\"},\"author\":{\"name\":\"admin\",\"@id\":\"https:\\\/\\\/schoenstatt.com\\\/pt-pt\\\/#\\\/schema\\\/person\\\/489465b1850e7b216fe2c10dfc262551\"},\"headline\":\"Os Padres de Schoenstatt aben\u00e7oam as funda\u00e7\u00f5es de sua futura casa em Lekki, Nig\u00e9ria\",\"datePublished\":\"2022-11-08T16:12:19+00:00\",\"dateModified\":\"2025-05-15T23:44:36+00:00\",\"mainEntityOfPage\":{\"@id\":\"https:\\\/\\\/schoenstatt.com\\\/pt-pt\\\/os-padres-de-schoenstatt-abencoam-as-fundacoes-de-sua-futura-casa-em-lekki-nigeria\\\/\"},\"wordCount\":618,\"publisher\":{\"@id\":\"https:\\\/\\\/schoenstatt.com\\\/pt-pt\\\/#organization\"},\"image\":{\"@id\":\"https:\\\/\\\/schoenstatt.com\\\/pt-pt\\\/os-padres-de-schoenstatt-abencoam-as-fundacoes-de-sua-futura-casa-em-lekki-nigeria\\\/#primaryimage\"},\"thumbnailUrl\":\"https:\\\/\\\/schoenstatt.com\\\/wp-content\\\/uploads\\\/2022\\\/11\\\/Imagem-do-WhatsApp-de-2022-11-01-as-15.37.12-3-1.jpg\",\"articleSection\":[\"Comunidades de Schoenstatt\",\"Pa\u00edses\"],\"inLanguage\":\"pt-PT\"},{\"@type\":\"WebPage\",\"@id\":\"https:\\\/\\\/schoenstatt.com\\\/pt-pt\\\/os-padres-de-schoenstatt-abencoam-as-fundacoes-de-sua-futura-casa-em-lekki-nigeria\\\/\",\"url\":\"https:\\\/\\\/schoenstatt.com\\\/pt-pt\\\/os-padres-de-schoenstatt-abencoam-as-fundacoes-de-sua-futura-casa-em-lekki-nigeria\\\/\",\"name\":\"Os Padres de Schoenstatt aben\u00e7oam as funda\u00e7\u00f5es de sua futura casa em Lekki, Nig\u00e9ria - Schoenstatt\",\"isPartOf\":{\"@id\":\"https:\\\/\\\/schoenstatt.com\\\/pt-pt\\\/#website\"},\"primaryImageOfPage\":{\"@id\":\"https:\\\/\\\/schoenstatt.com\\\/pt-pt\\\/os-padres-de-schoenstatt-abencoam-as-fundacoes-de-sua-futura-casa-em-lekki-nigeria\\\/#primaryimage\"},\"image\":{\"@id\":\"https:\\\/\\\/schoenstatt.com\\\/pt-pt\\\/os-padres-de-schoenstatt-abencoam-as-fundacoes-de-sua-futura-casa-em-lekki-nigeria\\\/#primaryimage\"},\"thumbnailUrl\":\"https:\\\/\\\/schoenstatt.com\\\/wp-content\\\/uploads\\\/2022\\\/11\\\/Imagem-do-WhatsApp-de-2022-11-01-as-15.37.12-3-1.jpg\",\"datePublished\":\"2022-11-08T16:12:19+00:00\",\"dateModified\":\"2025-05-15T23:44:36+00:00\",\"description\":\"O Pe. Alexandre Awi Mello aben\u00e7oou a futura casa dos Padres de Schoenstatt na Nig\u00e9ria, onde planejam construir seu segundo santu\u00e1rio no pa\u00eds.\",\"breadcrumb\":{\"@id\":\"https:\\\/\\\/schoenstatt.com\\\/pt-pt\\\/os-padres-de-schoenstatt-abencoam-as-fundacoes-de-sua-futura-casa-em-lekki-nigeria\\\/#breadcrumb\"},\"inLanguage\":\"pt-PT\",\"potentialAction\":[{\"@type\":\"ReadAction\",\"target\":[\"https:\\\/\\\/schoenstatt.com\\\/pt-pt\\\/os-padres-de-schoenstatt-abencoam-as-fundacoes-de-sua-futura-casa-em-lekki-nigeria\\\/\"]}]},{\"@type\":\"ImageObject\",\"inLanguage\":\"pt-PT\",\"@id\":\"https:\\\/\\\/schoenstatt.com\\\/pt-pt\\\/os-padres-de-schoenstatt-abencoam-as-fundacoes-de-sua-futura-casa-em-lekki-nigeria\\\/#primaryimage\",\"url\":\"https:\\\/\\\/schoenstatt.com\\\/wp-content\\\/uploads\\\/2022\\\/11\\\/Imagem-do-WhatsApp-de-2022-11-01-as-15.37.12-3-1.jpg\",\"contentUrl\":\"https:\\\/\\\/schoenstatt.com\\\/wp-content\\\/uploads\\\/2022\\\/11\\\/Imagem-do-WhatsApp-de-2022-11-01-as-15.37.12-3-1.jpg\",\"width\":2000,\"height\":1500,\"caption\":\"futura casa\"},{\"@type\":\"BreadcrumbList\",\"@id\":\"https:\\\/\\\/schoenstatt.com\\\/pt-pt\\\/os-padres-de-schoenstatt-abencoam-as-fundacoes-de-sua-futura-casa-em-lekki-nigeria\\\/#breadcrumb\",\"itemListElement\":[{\"@type\":\"ListItem\",\"position\":1,\"name\":\"Portada\",\"item\":\"https:\\\/\\\/schoenstatt.com\\\/pt-pt\\\/home\\\/\"},{\"@type\":\"ListItem\",\"position\":2,\"name\":\"Os Padres de Schoenstatt aben\u00e7oam as funda\u00e7\u00f5es de sua futura casa em Lekki, Nig\u00e9ria\"}]},{\"@type\":\"WebSite\",\"@id\":\"https:\\\/\\\/schoenstatt.com\\\/pt-pt\\\/#website\",\"url\":\"https:\\\/\\\/schoenstatt.com\\\/pt-pt\\\/\",\"name\":\"Schoenstatt\",\"description\":\"Apostolic Movement\",\"publisher\":{\"@id\":\"https:\\\/\\\/schoenstatt.com\\\/pt-pt\\\/#organization\"},\"potentialAction\":[{\"@type\":\"SearchAction\",\"target\":{\"@type\":\"EntryPoint\",\"urlTemplate\":\"https:\\\/\\\/schoenstatt.com\\\/pt-pt\\\/?s={search_term_string}\"},\"query-input\":{\"@type\":\"PropertyValueSpecification\",\"valueRequired\":true,\"valueName\":\"search_term_string\"}}],\"inLanguage\":\"pt-PT\"},{\"@type\":\"Organization\",\"@id\":\"https:\\\/\\\/schoenstatt.com\\\/pt-pt\\\/#organization\",\"name\":\"Schoenstatt\",\"url\":\"https:\\\/\\\/schoenstatt.com\\\/pt-pt\\\/\",\"logo\":{\"@type\":\"ImageObject\",\"inLanguage\":\"pt-PT\",\"@id\":\"https:\\\/\\\/schoenstatt.com\\\/pt-pt\\\/#\\\/schema\\\/logo\\\/image\\\/\",\"url\":\"https:\\\/\\\/schoenstatt.com\\\/wp-content\\\/uploads\\\/2025\\\/04\\\/logo-schoenstatt-white-696x696-1.png\",\"contentUrl\":\"https:\\\/\\\/schoenstatt.com\\\/wp-content\\\/uploads\\\/2025\\\/04\\\/logo-schoenstatt-white-696x696-1.png\",\"width\":696,\"height\":694,\"caption\":\"Schoenstatt\"},\"image\":{\"@id\":\"https:\\\/\\\/schoenstatt.com\\\/pt-pt\\\/#\\\/schema\\\/logo\\\/image\\\/\"}},{\"@type\":\"Person\",\"@id\":\"https:\\\/\\\/schoenstatt.com\\\/pt-pt\\\/#\\\/schema\\\/person\\\/489465b1850e7b216fe2c10dfc262551\",\"name\":\"admin\",\"image\":{\"@type\":\"ImageObject\",\"inLanguage\":\"pt-PT\",\"@id\":\"https:\\\/\\\/secure.gravatar.com\\\/avatar\\\/02e8345e1ec40ab0e0a2a98fdde64a684bbaf994cddcb778b25b8b024ee9dfe6?s=96&d=mm&r=g\",\"url\":\"https:\\\/\\\/secure.gravatar.com\\\/avatar\\\/02e8345e1ec40ab0e0a2a98fdde64a684bbaf994cddcb778b25b8b024ee9dfe6?s=96&d=mm&r=g\",\"contentUrl\":\"https:\\\/\\\/secure.gravatar.com\\\/avatar\\\/02e8345e1ec40ab0e0a2a98fdde64a684bbaf994cddcb778b25b8b024ee9dfe6?s=96&d=mm&r=g\",\"caption\":\"admin\"},\"sameAs\":[\"https:\\\/\\\/schoenstatt.com\"],\"url\":\"https:\\\/\\\/schoenstatt.com\\\/pt-pt\\\/author\\\/admin\\\/\"}]}<\/script>\n<!-- \/ Yoast SEO Premium plugin. -->","yoast_head_json":{"title":"Os Padres de Schoenstatt aben\u00e7oam as funda\u00e7\u00f5es de sua futura casa em Lekki, Nig\u00e9ria - Schoenstatt","description":"O Pe. Alexandre Awi Mello aben\u00e7oou a futura casa dos Padres de Schoenstatt na Nig\u00e9ria, onde planejam construir seu segundo santu\u00e1rio no pa\u00eds.","robots":{"index":"index","follow":"follow","max-snippet":"max-snippet:-1","max-image-preview":"max-image-preview:large","max-video-preview":"max-video-preview:-1"},"canonical":"https:\/\/schoenstatt.com\/pt-pt\/os-padres-de-schoenstatt-abencoam-as-fundacoes-de-sua-futura-casa-em-lekki-nigeria\/","og_locale":"pt_PT","og_type":"article","og_title":"Os Padres de Schoenstatt aben\u00e7oam as funda\u00e7\u00f5es de sua futura casa em Lekki, Nig\u00e9ria","og_description":"O Pe. Alexandre Awi Mello aben\u00e7oou a futura casa dos Padres de Schoenstatt na Nig\u00e9ria, onde planejam construir seu segundo santu\u00e1rio no pa\u00eds.","og_url":"https:\/\/schoenstatt.com\/pt-pt\/os-padres-de-schoenstatt-abencoam-as-fundacoes-de-sua-futura-casa-em-lekki-nigeria\/","og_site_name":"Schoenstatt","article_published_time":"2022-11-08T16:12:19+00:00","article_modified_time":"2025-05-15T23:44:36+00:00","og_image":[{"width":2000,"height":1500,"url":"https:\/\/schoenstatt.com\/wp-content\/uploads\/2022\/11\/Imagem-do-WhatsApp-de-2022-11-01-as-15.37.12-3-1.jpg","type":"image\/jpeg"}],"author":"admin","twitter_card":"summary_large_image","twitter_misc":{"Escrito por":"admin","Tempo estimado de leitura":"4 minutos"},"schema":{"@context":"https:\/\/schema.org","@graph":[{"@type":"Article","@id":"https:\/\/schoenstatt.com\/pt-pt\/os-padres-de-schoenstatt-abencoam-as-fundacoes-de-sua-futura-casa-em-lekki-nigeria\/#article","isPartOf":{"@id":"https:\/\/schoenstatt.com\/pt-pt\/os-padres-de-schoenstatt-abencoam-as-fundacoes-de-sua-futura-casa-em-lekki-nigeria\/"},"author":{"name":"admin","@id":"https:\/\/schoenstatt.com\/pt-pt\/#\/schema\/person\/489465b1850e7b216fe2c10dfc262551"},"headline":"Os Padres de Schoenstatt aben\u00e7oam as funda\u00e7\u00f5es de sua futura casa em Lekki, Nig\u00e9ria","datePublished":"2022-11-08T16:12:19+00:00","dateModified":"2025-05-15T23:44:36+00:00","mainEntityOfPage":{"@id":"https:\/\/schoenstatt.com\/pt-pt\/os-padres-de-schoenstatt-abencoam-as-fundacoes-de-sua-futura-casa-em-lekki-nigeria\/"},"wordCount":618,"publisher":{"@id":"https:\/\/schoenstatt.com\/pt-pt\/#organization"},"image":{"@id":"https:\/\/schoenstatt.com\/pt-pt\/os-padres-de-schoenstatt-abencoam-as-fundacoes-de-sua-futura-casa-em-lekki-nigeria\/#primaryimage"},"thumbnailUrl":"https:\/\/schoenstatt.com\/wp-content\/uploads\/2022\/11\/Imagem-do-WhatsApp-de-2022-11-01-as-15.37.12-3-1.jpg","articleSection":["Comunidades de Schoenstatt","Pa\u00edses"],"inLanguage":"pt-PT"},{"@type":"WebPage","@id":"https:\/\/schoenstatt.com\/pt-pt\/os-padres-de-schoenstatt-abencoam-as-fundacoes-de-sua-futura-casa-em-lekki-nigeria\/","url":"https:\/\/schoenstatt.com\/pt-pt\/os-padres-de-schoenstatt-abencoam-as-fundacoes-de-sua-futura-casa-em-lekki-nigeria\/","name":"Os Padres de Schoenstatt aben\u00e7oam as funda\u00e7\u00f5es de sua futura casa em Lekki, Nig\u00e9ria - Schoenstatt","isPartOf":{"@id":"https:\/\/schoenstatt.com\/pt-pt\/#website"},"primaryImageOfPage":{"@id":"https:\/\/schoenstatt.com\/pt-pt\/os-padres-de-schoenstatt-abencoam-as-fundacoes-de-sua-futura-casa-em-lekki-nigeria\/#primaryimage"},"image":{"@id":"https:\/\/schoenstatt.com\/pt-pt\/os-padres-de-schoenstatt-abencoam-as-fundacoes-de-sua-futura-casa-em-lekki-nigeria\/#primaryimage"},"thumbnailUrl":"https:\/\/schoenstatt.com\/wp-content\/uploads\/2022\/11\/Imagem-do-WhatsApp-de-2022-11-01-as-15.37.12-3-1.jpg","datePublished":"2022-11-08T16:12:19+00:00","dateModified":"2025-05-15T23:44:36+00:00","description":"O Pe. Alexandre Awi Mello aben\u00e7oou a futura casa dos Padres de Schoenstatt na Nig\u00e9ria, onde planejam construir seu segundo santu\u00e1rio no pa\u00eds.","breadcrumb":{"@id":"https:\/\/schoenstatt.com\/pt-pt\/os-padres-de-schoenstatt-abencoam-as-fundacoes-de-sua-futura-casa-em-lekki-nigeria\/#breadcrumb"},"inLanguage":"pt-PT","potentialAction":[{"@type":"ReadAction","target":["https:\/\/schoenstatt.com\/pt-pt\/os-padres-de-schoenstatt-abencoam-as-fundacoes-de-sua-futura-casa-em-lekki-nigeria\/"]}]},{"@type":"ImageObject","inLanguage":"pt-PT","@id":"https:\/\/schoenstatt.com\/pt-pt\/os-padres-de-schoenstatt-abencoam-as-fundacoes-de-sua-futura-casa-em-lekki-nigeria\/#primaryimage","url":"https:\/\/schoenstatt.com\/wp-content\/uploads\/2022\/11\/Imagem-do-WhatsApp-de-2022-11-01-as-15.37.12-3-1.jpg","contentUrl":"https:\/\/schoenstatt.com\/wp-content\/uploads\/2022\/11\/Imagem-do-WhatsApp-de-2022-11-01-as-15.37.12-3-1.jpg","width":2000,"height":1500,"caption":"futura casa"},{"@type":"BreadcrumbList","@id":"https:\/\/schoenstatt.com\/pt-pt\/os-padres-de-schoenstatt-abencoam-as-fundacoes-de-sua-futura-casa-em-lekki-nigeria\/#breadcrumb","itemListElement":[{"@type":"ListItem","position":1,"name":"Portada","item":"https:\/\/schoenstatt.com\/pt-pt\/home\/"},{"@type":"ListItem","position":2,"name":"Os Padres de Schoenstatt aben\u00e7oam as funda\u00e7\u00f5es de sua futura casa em Lekki, Nig\u00e9ria"}]},{"@type":"WebSite","@id":"https:\/\/schoenstatt.com\/pt-pt\/#website","url":"https:\/\/schoenstatt.com\/pt-pt\/","name":"Schoenstatt","description":"Apostolic Movement","publisher":{"@id":"https:\/\/schoenstatt.com\/pt-pt\/#organization"},"potentialAction":[{"@type":"SearchAction","target":{"@type":"EntryPoint","urlTemplate":"https:\/\/schoenstatt.com\/pt-pt\/?s={search_term_string}"},"query-input":{"@type":"PropertyValueSpecification","valueRequired":true,"valueName":"search_term_string"}}],"inLanguage":"pt-PT"},{"@type":"Organization","@id":"https:\/\/schoenstatt.com\/pt-pt\/#organization","name":"Schoenstatt","url":"https:\/\/schoenstatt.com\/pt-pt\/","logo":{"@type":"ImageObject","inLanguage":"pt-PT","@id":"https:\/\/schoenstatt.com\/pt-pt\/#\/schema\/logo\/image\/","url":"https:\/\/schoenstatt.com\/wp-content\/uploads\/2025\/04\/logo-schoenstatt-white-696x696-1.png","contentUrl":"https:\/\/schoenstatt.com\/wp-content\/uploads\/2025\/04\/logo-schoenstatt-white-696x696-1.png","width":696,"height":694,"caption":"Schoenstatt"},"image":{"@id":"https:\/\/schoenstatt.com\/pt-pt\/#\/schema\/logo\/image\/"}},{"@type":"Person","@id":"https:\/\/schoenstatt.com\/pt-pt\/#\/schema\/person\/489465b1850e7b216fe2c10dfc262551","name":"admin","image":{"@type":"ImageObject","inLanguage":"pt-PT","@id":"https:\/\/secure.gravatar.com\/avatar\/02e8345e1ec40ab0e0a2a98fdde64a684bbaf994cddcb778b25b8b024ee9dfe6?s=96&d=mm&r=g","url":"https:\/\/secure.gravatar.com\/avatar\/02e8345e1ec40ab0e0a2a98fdde64a684bbaf994cddcb778b25b8b024ee9dfe6?s=96&d=mm&r=g","contentUrl":"https:\/\/secure.gravatar.com\/avatar\/02e8345e1ec40ab0e0a2a98fdde64a684bbaf994cddcb778b25b8b024ee9dfe6?s=96&d=mm&r=g","caption":"admin"},"sameAs":["https:\/\/schoenstatt.com"],"url":"https:\/\/schoenstatt.com\/pt-pt\/author\/admin\/"}]}},"_links":{"self":[{"href":"https:\/\/schoenstatt.com\/pt-pt\/wp-json\/wp\/v2\/posts\/50525","targetHints":{"allow":["GET"]}}],"collection":[{"href":"https:\/\/schoenstatt.com\/pt-pt\/wp-json\/wp\/v2\/posts"}],"about":[{"href":"https:\/\/schoenstatt.com\/pt-pt\/wp-json\/wp\/v2\/types\/post"}],"author":[{"embeddable":true,"href":"https:\/\/schoenstatt.com\/pt-pt\/wp-json\/wp\/v2\/users\/1"}],"replies":[{"embeddable":true,"href":"https:\/\/schoenstatt.com\/pt-pt\/wp-json\/wp\/v2\/comments?post=50525"}],"version-history":[{"count":2,"href":"https:\/\/schoenstatt.com\/pt-pt\/wp-json\/wp\/v2\/posts\/50525\/revisions"}],"predecessor-version":[{"id":55811,"href":"https:\/\/schoenstatt.com\/pt-pt\/wp-json\/wp\/v2\/posts\/50525\/revisions\/55811"}],"wp:featuredmedia":[{"embeddable":true,"href":"https:\/\/schoenstatt.com\/pt-pt\/wp-json\/wp\/v2\/media\/27695"}],"wp:attachment":[{"href":"https:\/\/schoenstatt.com\/pt-pt\/wp-json\/wp\/v2\/media?parent=50525"}],"wp:term":[{"taxonomy":"category","embeddable":true,"href":"https:\/\/schoenstatt.com\/pt-pt\/wp-json\/wp\/v2\/categories?post=50525"},{"taxonomy":"post_tag","embeddable":true,"href":"https:\/\/schoenstatt.com\/pt-pt\/wp-json\/wp\/v2\/tags?post=50525"}],"curies":[{"name":"wp","href":"https:\/\/api.w.org\/{rel}","templated":true}]}}