{"id":50346,"date":"2022-12-15T10:43:31","date_gmt":"2022-12-15T09:43:31","guid":{"rendered":"https:\/\/schoenstattdev.wpenginepowered.com\/?p=28357"},"modified":"2025-05-16T03:20:46","modified_gmt":"2025-05-16T01:20:46","slug":"um-presepio-vivo-de-sao-joao-de-latrao-a-santa-maria-maior","status":"publish","type":"post","link":"https:\/\/schoenstatt.com\/pt-pt\/um-presepio-vivo-de-sao-joao-de-latrao-a-santa-maria-maior\/","title":{"rendered":"Um pres\u00e9pio vivo de S\u00e3o Jo\u00e3o de Latr\u00e3o a Santa Maria Maior"},"content":{"rendered":"<p>Um pres\u00e9pio vivo no cora\u00e7\u00e3o de Roma, entre as Bas\u00edlicas de S\u00e3o Jo\u00e3o de Latr\u00e3o e Santa Maria Maior, seguindo o itiner\u00e1rio da prociss\u00e3o de &#8220;Corpus Domini&#8221;. A iniciativa ser\u00e1 realizada no s\u00e1bado 17 de dezembro de 2022, a partir das 14h30min, com participantes e delega\u00e7\u00f5es de v\u00e1rias partes da It\u00e1lia. A cena da natividades ser\u00e1 montada no sagrado da Bas\u00edlica de Santa Maria Magior, que conserva as rel\u00edquias do ber\u00e7o do Menino Jesus e recebeu o nome de &#8220;Sancta Maria ad Praesepem&#8221;.<\/p>\n<p><img fetchpriority=\"high\" decoding=\"async\" class=\"aligncenter wp-image-28351 size-full\" src=\"https:\/\/schoenstatt.com\/wp-content\/uploads\/2022\/12\/PV-3-1.png\" alt=\"bel\u00e9n viviente\" width=\"556\" height=\"358\" \/><\/p>\n<h3>Novena de Natal e Missa de De Donatis<\/h3>\n<p>No final da apresenta\u00e7\u00e3o, \u00e0s 17h, ser\u00e1 celebrada a Novena em prepara\u00e7\u00e3o para o Natal. Em seguida, \u00e0s 18 horas, o cardeal Angelo De Donatis, vig\u00e1rio geral de Sua Santidade para a Diocese de Roma, presidir\u00e1 a Celebra\u00e7\u00e3o Eucar\u00edstica com a b\u00ean\u00e7\u00e3o das imagens do menino Jesus.<\/p>\n<h3>Asombro y emoci\u00f3n<\/h3>\n<p>&#8220;O pres\u00e9pio, como escreve o Santo Padre Francisco em sua Carta Apost\u00f3lica\u00a0Admirabile Signum, suscita muita admira\u00e7\u00e3o e nos emociona porque manifesta a ternura de Deus&#8221;, explica monsenhor Rolandas Makrickas, comiss\u00e1rio extraordin\u00e1rio da Bas\u00edlica de Santa Maria Maior. &#8220;Ele, o Criador do universo, inclina-se para nossa pequenez. O dom da vida, j\u00e1 misterioso para n\u00f3s cada vez, nos fascina ainda mais quando vemos que &#8220;Aquele que <a href=\"https:\/\/schoenstattdev.wpenginepowered.com\/pt-pt\/espiritualidade\/jesus-nascido-da-virgem-maria\/\">nasceu de Maria<\/a> \u00e9 a fonte e o suporte de toda a vida&#8221;.<\/p>\n<p><img decoding=\"async\" class=\"aligncenter wp-image-28331 size-full\" src=\"https:\/\/schoenstatt.com\/wp-content\/uploads\/2022\/12\/Papa-1.png\" alt=\"bel\u00e9n viviente\" width=\"683\" height=\"383\" \/><\/p>\n<p>A realiza\u00e7\u00e3o do Pres\u00e9pio Vivente foi encorajada pelo Papa Francisco, que inspecionou pessoalmente o projeto.<\/p>\n<blockquote><p>&#8220;O desdobramento do pres\u00e9pio vivo come\u00e7ar\u00e1 com a realiza\u00e7\u00e3o da cena da aprova\u00e7\u00e3o da Regra Franciscana pelo Papa Inoc\u00eancio III na Piazza San Giovanni Paolo II&#8221;, explica Fabrizio Mandorlini, coordenador da Citt\u00e0 dei Presepi, parceiro da iniciativa.<\/p><\/blockquote>\n<h3>A vida em Bel\u00e9m e em Roma<\/h3>\n<p><img decoding=\"async\" class=\"aligncenter wp-image-28335 size-full\" src=\"https:\/\/schoenstatt.com\/wp-content\/uploads\/2022\/12\/Pesebre-viviente-2-1.png\" alt=\"\" width=\"648\" height=\"325\" \/><\/p>\n<p>&#8220;Os figurantes seguir\u00e3o ent\u00e3o para a Via Merulana para a cena do censo e para representar os momentos da vida na cidade de Bel\u00e9m, que ver\u00e1 a implanta\u00e7\u00e3o do mercado de artesanato na<a href=\"https:\/\/www.vaticannews.va\/pt.html\"> Piazza Santa Maria Maggiore.<\/a> Maria e Jos\u00e9 ao longo da viagem reviver\u00e3o os momentos do an\u00fancio e do sonho e depois procurar\u00e3o um lugar para a noite, mas n\u00e3o encontrar\u00e3o um lugar no hotel. O pres\u00e9pio estar\u00e1 sob o p\u00f3rtico da Bas\u00edlica de Santa Maria Maior. Os pres\u00e9pios vivos toscanos de Pescia, Equi Terme, Casole d&#8217;Elsa, Ruota e Legoli ser\u00e3o realizados com o apoio dos figurantes de Badia San Savino, Ghivizzano, San Regolo em Gaiole in Chianti, Santa Colomba, Iolo, Castelfiorentino, Cerreto Guidi, Pontedera, Roffia, La Serra e San Romano. A eles se juntar\u00e3o as realidades que gostariam de compartilhar a experi\u00eancia da Diocese de Roma&#8221;.<\/p>\n<p>Colaboraram na iniciativa Coldiretti Nazionale, a Associa\u00e7\u00e3o Italiana de Agricultores, a Funda\u00e7\u00e3o Symbola, a Acli Nazionale e muitas associa\u00e7\u00f5es, par\u00f3quias e movimentos da cidade de Roma. O Pres\u00e9pio Vivente \u00e9 realizado com a colabora\u00e7\u00e3o da Diocese de Roma e o patroc\u00ednio da Prefeitura de Roma.<\/p>\n","protected":false},"excerpt":{"rendered":"<p>A iniciativa, que segue o itiner\u00e1rio da prociss\u00e3o de &#8216;Corpus Christi&#8217;, ser\u00e1 realizada no s\u00e1bado, 17 de dezembro. Estar\u00e3o presentes participantes e delega\u00e7\u00f5es de v\u00e1rias partes da It\u00e1lia. Na conclus\u00e3o, uma novena e uma missa presidida pelo vig\u00e1rio De Donatis.<\/p>\n","protected":false},"author":1,"featured_media":28338,"comment_status":"closed","ping_status":"closed","sticky":false,"template":"","format":"standard","meta":{"footnotes":""},"categories":[636,906],"tags":[],"class_list":["post-50346","post","type-post","status-publish","format-standard","has-post-thumbnail","hentry","category-eventos-pt-pt","category-papa-francisco-pt-pt"],"yoast_head":"<!-- This site is optimized with the Yoast SEO Premium plugin v27.4 (Yoast SEO v27.5) - https:\/\/yoast.com\/product\/yoast-seo-premium-wordpress\/ -->\n<title>Um pres\u00e9pio vivo de S\u00e3o Jo\u00e3o de Latr\u00e3o a Santa Maria Maior - Schoenstatt<\/title>\n<meta name=\"description\" content=\"Um pres\u00e9pio vivo de S\u00e3o Jo\u00e3o de Latr\u00e3o a Santa Maria Maior - Estar\u00e3o presentes participantes da It\u00e1lia, ser\u00e1 en Roma el 17 de dezembro.\" \/>\n<meta name=\"robots\" content=\"index, follow, max-snippet:-1, max-image-preview:large, max-video-preview:-1\" \/>\n<link rel=\"canonical\" href=\"https:\/\/schoenstatt.com\/pt-pt\/um-presepio-vivo-de-sao-joao-de-latrao-a-santa-maria-maior\/\" \/>\n<meta property=\"og:locale\" content=\"pt_PT\" \/>\n<meta property=\"og:type\" content=\"article\" \/>\n<meta property=\"og:title\" content=\"Um pres\u00e9pio vivo de S\u00e3o Jo\u00e3o de Latr\u00e3o a Santa Maria Maior\" \/>\n<meta property=\"og:description\" content=\"Um pres\u00e9pio vivo de S\u00e3o Jo\u00e3o de Latr\u00e3o a Santa Maria Maior - Estar\u00e3o presentes participantes da It\u00e1lia, ser\u00e1 en Roma el 17 de dezembro.\" \/>\n<meta property=\"og:url\" content=\"https:\/\/schoenstatt.com\/pt-pt\/um-presepio-vivo-de-sao-joao-de-latrao-a-santa-maria-maior\/\" \/>\n<meta property=\"og:site_name\" content=\"Schoenstatt\" \/>\n<meta property=\"article:published_time\" content=\"2022-12-15T09:43:31+00:00\" \/>\n<meta property=\"article:modified_time\" content=\"2025-05-16T01:20:46+00:00\" \/>\n<meta property=\"og:image\" content=\"https:\/\/schoenstatt.com\/wp-content\/uploads\/2022\/12\/Pesebre-viviente-1.png\" \/>\n\t<meta property=\"og:image:width\" content=\"640\" \/>\n\t<meta property=\"og:image:height\" content=\"466\" \/>\n\t<meta property=\"og:image:type\" content=\"image\/png\" \/>\n<meta name=\"author\" content=\"admin\" \/>\n<meta name=\"twitter:card\" content=\"summary_large_image\" \/>\n<meta name=\"twitter:label1\" content=\"Escrito por\" \/>\n\t<meta name=\"twitter:data1\" content=\"admin\" \/>\n\t<meta name=\"twitter:label2\" content=\"Tempo estimado de leitura\" \/>\n\t<meta name=\"twitter:data2\" content=\"3 minutos\" \/>\n<script type=\"application\/ld+json\" class=\"yoast-schema-graph\">{\"@context\":\"https:\\\/\\\/schema.org\",\"@graph\":[{\"@type\":\"Article\",\"@id\":\"https:\\\/\\\/schoenstatt.com\\\/pt-pt\\\/um-presepio-vivo-de-sao-joao-de-latrao-a-santa-maria-maior\\\/#article\",\"isPartOf\":{\"@id\":\"https:\\\/\\\/schoenstatt.com\\\/pt-pt\\\/um-presepio-vivo-de-sao-joao-de-latrao-a-santa-maria-maior\\\/\"},\"author\":{\"name\":\"admin\",\"@id\":\"https:\\\/\\\/schoenstatt.com\\\/pt-pt\\\/#\\\/schema\\\/person\\\/489465b1850e7b216fe2c10dfc262551\"},\"headline\":\"Um pres\u00e9pio vivo de S\u00e3o Jo\u00e3o de Latr\u00e3o a Santa Maria Maior\",\"datePublished\":\"2022-12-15T09:43:31+00:00\",\"dateModified\":\"2025-05-16T01:20:46+00:00\",\"mainEntityOfPage\":{\"@id\":\"https:\\\/\\\/schoenstatt.com\\\/pt-pt\\\/um-presepio-vivo-de-sao-joao-de-latrao-a-santa-maria-maior\\\/\"},\"wordCount\":537,\"publisher\":{\"@id\":\"https:\\\/\\\/schoenstatt.com\\\/pt-pt\\\/#organization\"},\"image\":{\"@id\":\"https:\\\/\\\/schoenstatt.com\\\/pt-pt\\\/um-presepio-vivo-de-sao-joao-de-latrao-a-santa-maria-maior\\\/#primaryimage\"},\"thumbnailUrl\":\"https:\\\/\\\/schoenstatt.com\\\/wp-content\\\/uploads\\\/2022\\\/12\\\/Pesebre-viviente-1.png\",\"articleSection\":[\"Eventos\",\"Papa Francisco\"],\"inLanguage\":\"pt-PT\"},{\"@type\":\"WebPage\",\"@id\":\"https:\\\/\\\/schoenstatt.com\\\/pt-pt\\\/um-presepio-vivo-de-sao-joao-de-latrao-a-santa-maria-maior\\\/\",\"url\":\"https:\\\/\\\/schoenstatt.com\\\/pt-pt\\\/um-presepio-vivo-de-sao-joao-de-latrao-a-santa-maria-maior\\\/\",\"name\":\"Um pres\u00e9pio vivo de S\u00e3o Jo\u00e3o de Latr\u00e3o a Santa Maria Maior - Schoenstatt\",\"isPartOf\":{\"@id\":\"https:\\\/\\\/schoenstatt.com\\\/pt-pt\\\/#website\"},\"primaryImageOfPage\":{\"@id\":\"https:\\\/\\\/schoenstatt.com\\\/pt-pt\\\/um-presepio-vivo-de-sao-joao-de-latrao-a-santa-maria-maior\\\/#primaryimage\"},\"image\":{\"@id\":\"https:\\\/\\\/schoenstatt.com\\\/pt-pt\\\/um-presepio-vivo-de-sao-joao-de-latrao-a-santa-maria-maior\\\/#primaryimage\"},\"thumbnailUrl\":\"https:\\\/\\\/schoenstatt.com\\\/wp-content\\\/uploads\\\/2022\\\/12\\\/Pesebre-viviente-1.png\",\"datePublished\":\"2022-12-15T09:43:31+00:00\",\"dateModified\":\"2025-05-16T01:20:46+00:00\",\"description\":\"Um pres\u00e9pio vivo de S\u00e3o Jo\u00e3o de Latr\u00e3o a Santa Maria Maior - Estar\u00e3o presentes participantes da It\u00e1lia, ser\u00e1 en Roma el 17 de dezembro.\",\"breadcrumb\":{\"@id\":\"https:\\\/\\\/schoenstatt.com\\\/pt-pt\\\/um-presepio-vivo-de-sao-joao-de-latrao-a-santa-maria-maior\\\/#breadcrumb\"},\"inLanguage\":\"pt-PT\",\"potentialAction\":[{\"@type\":\"ReadAction\",\"target\":[\"https:\\\/\\\/schoenstatt.com\\\/pt-pt\\\/um-presepio-vivo-de-sao-joao-de-latrao-a-santa-maria-maior\\\/\"]}]},{\"@type\":\"ImageObject\",\"inLanguage\":\"pt-PT\",\"@id\":\"https:\\\/\\\/schoenstatt.com\\\/pt-pt\\\/um-presepio-vivo-de-sao-joao-de-latrao-a-santa-maria-maior\\\/#primaryimage\",\"url\":\"https:\\\/\\\/schoenstatt.com\\\/wp-content\\\/uploads\\\/2022\\\/12\\\/Pesebre-viviente-1.png\",\"contentUrl\":\"https:\\\/\\\/schoenstatt.com\\\/wp-content\\\/uploads\\\/2022\\\/12\\\/Pesebre-viviente-1.png\",\"width\":640,\"height\":466,\"caption\":\"bel\u00e9n viviente\"},{\"@type\":\"BreadcrumbList\",\"@id\":\"https:\\\/\\\/schoenstatt.com\\\/pt-pt\\\/um-presepio-vivo-de-sao-joao-de-latrao-a-santa-maria-maior\\\/#breadcrumb\",\"itemListElement\":[{\"@type\":\"ListItem\",\"position\":1,\"name\":\"Portada\",\"item\":\"https:\\\/\\\/schoenstatt.com\\\/pt-pt\\\/home\\\/\"},{\"@type\":\"ListItem\",\"position\":2,\"name\":\"Um pres\u00e9pio vivo de S\u00e3o Jo\u00e3o de Latr\u00e3o a Santa Maria Maior\"}]},{\"@type\":\"WebSite\",\"@id\":\"https:\\\/\\\/schoenstatt.com\\\/pt-pt\\\/#website\",\"url\":\"https:\\\/\\\/schoenstatt.com\\\/pt-pt\\\/\",\"name\":\"Schoenstatt\",\"description\":\"Apostolic Movement\",\"publisher\":{\"@id\":\"https:\\\/\\\/schoenstatt.com\\\/pt-pt\\\/#organization\"},\"potentialAction\":[{\"@type\":\"SearchAction\",\"target\":{\"@type\":\"EntryPoint\",\"urlTemplate\":\"https:\\\/\\\/schoenstatt.com\\\/pt-pt\\\/?s={search_term_string}\"},\"query-input\":{\"@type\":\"PropertyValueSpecification\",\"valueRequired\":true,\"valueName\":\"search_term_string\"}}],\"inLanguage\":\"pt-PT\"},{\"@type\":\"Organization\",\"@id\":\"https:\\\/\\\/schoenstatt.com\\\/pt-pt\\\/#organization\",\"name\":\"Schoenstatt\",\"url\":\"https:\\\/\\\/schoenstatt.com\\\/pt-pt\\\/\",\"logo\":{\"@type\":\"ImageObject\",\"inLanguage\":\"pt-PT\",\"@id\":\"https:\\\/\\\/schoenstatt.com\\\/pt-pt\\\/#\\\/schema\\\/logo\\\/image\\\/\",\"url\":\"https:\\\/\\\/schoenstatt.com\\\/wp-content\\\/uploads\\\/2025\\\/04\\\/logo-schoenstatt-white-696x696-1.png\",\"contentUrl\":\"https:\\\/\\\/schoenstatt.com\\\/wp-content\\\/uploads\\\/2025\\\/04\\\/logo-schoenstatt-white-696x696-1.png\",\"width\":696,\"height\":694,\"caption\":\"Schoenstatt\"},\"image\":{\"@id\":\"https:\\\/\\\/schoenstatt.com\\\/pt-pt\\\/#\\\/schema\\\/logo\\\/image\\\/\"}},{\"@type\":\"Person\",\"@id\":\"https:\\\/\\\/schoenstatt.com\\\/pt-pt\\\/#\\\/schema\\\/person\\\/489465b1850e7b216fe2c10dfc262551\",\"name\":\"admin\",\"image\":{\"@type\":\"ImageObject\",\"inLanguage\":\"pt-PT\",\"@id\":\"https:\\\/\\\/secure.gravatar.com\\\/avatar\\\/02e8345e1ec40ab0e0a2a98fdde64a684bbaf994cddcb778b25b8b024ee9dfe6?s=96&d=mm&r=g\",\"url\":\"https:\\\/\\\/secure.gravatar.com\\\/avatar\\\/02e8345e1ec40ab0e0a2a98fdde64a684bbaf994cddcb778b25b8b024ee9dfe6?s=96&d=mm&r=g\",\"contentUrl\":\"https:\\\/\\\/secure.gravatar.com\\\/avatar\\\/02e8345e1ec40ab0e0a2a98fdde64a684bbaf994cddcb778b25b8b024ee9dfe6?s=96&d=mm&r=g\",\"caption\":\"admin\"},\"sameAs\":[\"https:\\\/\\\/schoenstatt.com\"],\"url\":\"https:\\\/\\\/schoenstatt.com\\\/pt-pt\\\/author\\\/admin\\\/\"}]}<\/script>\n<!-- \/ Yoast SEO Premium plugin. -->","yoast_head_json":{"title":"Um pres\u00e9pio vivo de S\u00e3o Jo\u00e3o de Latr\u00e3o a Santa Maria Maior - Schoenstatt","description":"Um pres\u00e9pio vivo de S\u00e3o Jo\u00e3o de Latr\u00e3o a Santa Maria Maior - Estar\u00e3o presentes participantes da It\u00e1lia, ser\u00e1 en Roma el 17 de dezembro.","robots":{"index":"index","follow":"follow","max-snippet":"max-snippet:-1","max-image-preview":"max-image-preview:large","max-video-preview":"max-video-preview:-1"},"canonical":"https:\/\/schoenstatt.com\/pt-pt\/um-presepio-vivo-de-sao-joao-de-latrao-a-santa-maria-maior\/","og_locale":"pt_PT","og_type":"article","og_title":"Um pres\u00e9pio vivo de S\u00e3o Jo\u00e3o de Latr\u00e3o a Santa Maria Maior","og_description":"Um pres\u00e9pio vivo de S\u00e3o Jo\u00e3o de Latr\u00e3o a Santa Maria Maior - Estar\u00e3o presentes participantes da It\u00e1lia, ser\u00e1 en Roma el 17 de dezembro.","og_url":"https:\/\/schoenstatt.com\/pt-pt\/um-presepio-vivo-de-sao-joao-de-latrao-a-santa-maria-maior\/","og_site_name":"Schoenstatt","article_published_time":"2022-12-15T09:43:31+00:00","article_modified_time":"2025-05-16T01:20:46+00:00","og_image":[{"width":640,"height":466,"url":"https:\/\/schoenstatt.com\/wp-content\/uploads\/2022\/12\/Pesebre-viviente-1.png","type":"image\/png"}],"author":"admin","twitter_card":"summary_large_image","twitter_misc":{"Escrito por":"admin","Tempo estimado de leitura":"3 minutos"},"schema":{"@context":"https:\/\/schema.org","@graph":[{"@type":"Article","@id":"https:\/\/schoenstatt.com\/pt-pt\/um-presepio-vivo-de-sao-joao-de-latrao-a-santa-maria-maior\/#article","isPartOf":{"@id":"https:\/\/schoenstatt.com\/pt-pt\/um-presepio-vivo-de-sao-joao-de-latrao-a-santa-maria-maior\/"},"author":{"name":"admin","@id":"https:\/\/schoenstatt.com\/pt-pt\/#\/schema\/person\/489465b1850e7b216fe2c10dfc262551"},"headline":"Um pres\u00e9pio vivo de S\u00e3o Jo\u00e3o de Latr\u00e3o a Santa Maria Maior","datePublished":"2022-12-15T09:43:31+00:00","dateModified":"2025-05-16T01:20:46+00:00","mainEntityOfPage":{"@id":"https:\/\/schoenstatt.com\/pt-pt\/um-presepio-vivo-de-sao-joao-de-latrao-a-santa-maria-maior\/"},"wordCount":537,"publisher":{"@id":"https:\/\/schoenstatt.com\/pt-pt\/#organization"},"image":{"@id":"https:\/\/schoenstatt.com\/pt-pt\/um-presepio-vivo-de-sao-joao-de-latrao-a-santa-maria-maior\/#primaryimage"},"thumbnailUrl":"https:\/\/schoenstatt.com\/wp-content\/uploads\/2022\/12\/Pesebre-viviente-1.png","articleSection":["Eventos","Papa Francisco"],"inLanguage":"pt-PT"},{"@type":"WebPage","@id":"https:\/\/schoenstatt.com\/pt-pt\/um-presepio-vivo-de-sao-joao-de-latrao-a-santa-maria-maior\/","url":"https:\/\/schoenstatt.com\/pt-pt\/um-presepio-vivo-de-sao-joao-de-latrao-a-santa-maria-maior\/","name":"Um pres\u00e9pio vivo de S\u00e3o Jo\u00e3o de Latr\u00e3o a Santa Maria Maior - Schoenstatt","isPartOf":{"@id":"https:\/\/schoenstatt.com\/pt-pt\/#website"},"primaryImageOfPage":{"@id":"https:\/\/schoenstatt.com\/pt-pt\/um-presepio-vivo-de-sao-joao-de-latrao-a-santa-maria-maior\/#primaryimage"},"image":{"@id":"https:\/\/schoenstatt.com\/pt-pt\/um-presepio-vivo-de-sao-joao-de-latrao-a-santa-maria-maior\/#primaryimage"},"thumbnailUrl":"https:\/\/schoenstatt.com\/wp-content\/uploads\/2022\/12\/Pesebre-viviente-1.png","datePublished":"2022-12-15T09:43:31+00:00","dateModified":"2025-05-16T01:20:46+00:00","description":"Um pres\u00e9pio vivo de S\u00e3o Jo\u00e3o de Latr\u00e3o a Santa Maria Maior - Estar\u00e3o presentes participantes da It\u00e1lia, ser\u00e1 en Roma el 17 de dezembro.","breadcrumb":{"@id":"https:\/\/schoenstatt.com\/pt-pt\/um-presepio-vivo-de-sao-joao-de-latrao-a-santa-maria-maior\/#breadcrumb"},"inLanguage":"pt-PT","potentialAction":[{"@type":"ReadAction","target":["https:\/\/schoenstatt.com\/pt-pt\/um-presepio-vivo-de-sao-joao-de-latrao-a-santa-maria-maior\/"]}]},{"@type":"ImageObject","inLanguage":"pt-PT","@id":"https:\/\/schoenstatt.com\/pt-pt\/um-presepio-vivo-de-sao-joao-de-latrao-a-santa-maria-maior\/#primaryimage","url":"https:\/\/schoenstatt.com\/wp-content\/uploads\/2022\/12\/Pesebre-viviente-1.png","contentUrl":"https:\/\/schoenstatt.com\/wp-content\/uploads\/2022\/12\/Pesebre-viviente-1.png","width":640,"height":466,"caption":"bel\u00e9n viviente"},{"@type":"BreadcrumbList","@id":"https:\/\/schoenstatt.com\/pt-pt\/um-presepio-vivo-de-sao-joao-de-latrao-a-santa-maria-maior\/#breadcrumb","itemListElement":[{"@type":"ListItem","position":1,"name":"Portada","item":"https:\/\/schoenstatt.com\/pt-pt\/home\/"},{"@type":"ListItem","position":2,"name":"Um pres\u00e9pio vivo de S\u00e3o Jo\u00e3o de Latr\u00e3o a Santa Maria Maior"}]},{"@type":"WebSite","@id":"https:\/\/schoenstatt.com\/pt-pt\/#website","url":"https:\/\/schoenstatt.com\/pt-pt\/","name":"Schoenstatt","description":"Apostolic Movement","publisher":{"@id":"https:\/\/schoenstatt.com\/pt-pt\/#organization"},"potentialAction":[{"@type":"SearchAction","target":{"@type":"EntryPoint","urlTemplate":"https:\/\/schoenstatt.com\/pt-pt\/?s={search_term_string}"},"query-input":{"@type":"PropertyValueSpecification","valueRequired":true,"valueName":"search_term_string"}}],"inLanguage":"pt-PT"},{"@type":"Organization","@id":"https:\/\/schoenstatt.com\/pt-pt\/#organization","name":"Schoenstatt","url":"https:\/\/schoenstatt.com\/pt-pt\/","logo":{"@type":"ImageObject","inLanguage":"pt-PT","@id":"https:\/\/schoenstatt.com\/pt-pt\/#\/schema\/logo\/image\/","url":"https:\/\/schoenstatt.com\/wp-content\/uploads\/2025\/04\/logo-schoenstatt-white-696x696-1.png","contentUrl":"https:\/\/schoenstatt.com\/wp-content\/uploads\/2025\/04\/logo-schoenstatt-white-696x696-1.png","width":696,"height":694,"caption":"Schoenstatt"},"image":{"@id":"https:\/\/schoenstatt.com\/pt-pt\/#\/schema\/logo\/image\/"}},{"@type":"Person","@id":"https:\/\/schoenstatt.com\/pt-pt\/#\/schema\/person\/489465b1850e7b216fe2c10dfc262551","name":"admin","image":{"@type":"ImageObject","inLanguage":"pt-PT","@id":"https:\/\/secure.gravatar.com\/avatar\/02e8345e1ec40ab0e0a2a98fdde64a684bbaf994cddcb778b25b8b024ee9dfe6?s=96&d=mm&r=g","url":"https:\/\/secure.gravatar.com\/avatar\/02e8345e1ec40ab0e0a2a98fdde64a684bbaf994cddcb778b25b8b024ee9dfe6?s=96&d=mm&r=g","contentUrl":"https:\/\/secure.gravatar.com\/avatar\/02e8345e1ec40ab0e0a2a98fdde64a684bbaf994cddcb778b25b8b024ee9dfe6?s=96&d=mm&r=g","caption":"admin"},"sameAs":["https:\/\/schoenstatt.com"],"url":"https:\/\/schoenstatt.com\/pt-pt\/author\/admin\/"}]}},"_links":{"self":[{"href":"https:\/\/schoenstatt.com\/pt-pt\/wp-json\/wp\/v2\/posts\/50346","targetHints":{"allow":["GET"]}}],"collection":[{"href":"https:\/\/schoenstatt.com\/pt-pt\/wp-json\/wp\/v2\/posts"}],"about":[{"href":"https:\/\/schoenstatt.com\/pt-pt\/wp-json\/wp\/v2\/types\/post"}],"author":[{"embeddable":true,"href":"https:\/\/schoenstatt.com\/pt-pt\/wp-json\/wp\/v2\/users\/1"}],"replies":[{"embeddable":true,"href":"https:\/\/schoenstatt.com\/pt-pt\/wp-json\/wp\/v2\/comments?post=50346"}],"version-history":[{"count":1,"href":"https:\/\/schoenstatt.com\/pt-pt\/wp-json\/wp\/v2\/posts\/50346\/revisions"}],"predecessor-version":[{"id":50421,"href":"https:\/\/schoenstatt.com\/pt-pt\/wp-json\/wp\/v2\/posts\/50346\/revisions\/50421"}],"wp:featuredmedia":[{"embeddable":true,"href":"https:\/\/schoenstatt.com\/pt-pt\/wp-json\/wp\/v2\/media\/28338"}],"wp:attachment":[{"href":"https:\/\/schoenstatt.com\/pt-pt\/wp-json\/wp\/v2\/media?parent=50346"}],"wp:term":[{"taxonomy":"category","embeddable":true,"href":"https:\/\/schoenstatt.com\/pt-pt\/wp-json\/wp\/v2\/categories?post=50346"},{"taxonomy":"post_tag","embeddable":true,"href":"https:\/\/schoenstatt.com\/pt-pt\/wp-json\/wp\/v2\/tags?post=50346"}],"curies":[{"name":"wp","href":"https:\/\/api.w.org\/{rel}","templated":true}]}}