{"id":50129,"date":"2023-01-25T16:49:58","date_gmt":"2023-01-25T15:49:58","guid":{"rendered":"https:\/\/schoenstattdev.wpenginepowered.com\/?p=29090"},"modified":"2025-05-16T01:43:48","modified_gmt":"2025-05-15T23:43:48","slug":"tradicional-celebracao-do-natal-em-otwock-polonia","status":"publish","type":"post","link":"https:\/\/schoenstatt.com\/pt-pt\/tradicional-celebracao-do-natal-em-otwock-polonia\/","title":{"rendered":"Tradicional celebra\u00e7\u00e3o do Natal em Otwock, Pol\u00f4nia"},"content":{"rendered":"<p>Seguindo a tradi\u00e7\u00e3o de Schoenstatt, no dia 8 de janeiro de 2023, foi realizado o \u201cEncontro das h\u00f3stias\u201d na par\u00f3quia de Nossa Senhora Rainha da Pol\u00f4nia em Otwock. \u00c9 um dos costumes do nosso pa\u00eds que as felicita\u00e7\u00f5es e votos de Natal sejam combinados com a divis\u00e3o de h\u00f3stias. \u00c9 por isso que tamb\u00e9m chamamos nossa celebra\u00e7\u00e3o de Natal de \u201cEncontro das h\u00f3stias\u201d<\/p>\n<h3>Santa Missa com comunh\u00e3o<\/h3>\n<p>Fam\u00edlias de perto e de longe, de grupos rec\u00e9m-fundados e grupos que j\u00e1 existem h\u00e1 anos, aceitaram o convite. O encontro come\u00e7ou com a celebra\u00e7\u00e3o da Santa Missa na igreja.<\/p>\n<p>Os convidados dirigiram-se ent\u00e3o ao sal\u00e3o paroquial no piso t\u00e9rreo da igreja, onde o P. Andrzej saudou as numerosas fam\u00edlias reunidas e deu a todos a sua ben\u00e7\u00e3o sacerdotal de Natal.<\/p>\n<h3>Conto de Natal<\/h3>\n<p><img fetchpriority=\"high\" decoding=\"async\" class=\"aligncenter wp-image-29066 size-large\" src=\"https:\/\/schoenstatt.com\/wp-content\/uploads\/2023\/01\/VideoCapture_20230114-0809031-1-1024x497.jpg\" alt=\"Encontro das h\u00f3stia\" width=\"840\" height=\"408\" \/><\/p>\n<p>O ponto alto do encontro foi a representa\u00e7\u00e3o da natividade (Conto de Natal), que este ano foi preparada pelos pr\u00f3pria Juventude de Schoenstatt. Quem ainda n\u00e3o viu este espet\u00e1culo, est\u00e1 perdendo muito, porque foi fant\u00e1stico e muito original, principalmente porque uma das cenas se passa em uma sala de parto.<\/p>\n<p>Os jovens maravilharam o p\u00fablico e levaram alguns \u00e0s l\u00e1grimas, claro, l\u00e1grimas de alegria. Uma grande salva de palmas para os jovens que demonstraram grande criatividade e extraordin\u00e1rio talento de representa\u00e7\u00e3o, bem como um grande sentido de humor.<\/p>\n<h3>Doces, can\u00e7\u00f5es de Natal e S\u00e3o Nicolau<\/h3>\n<p>Doces e can\u00e7\u00f5es natalinas n\u00e3o poderiam faltar no encontro. Um grupo de canto de Zielonka, liderado pela irm\u00e3 M. Zoja, que \u00e9 de m\u00faltiplos talentos musicais, deu um brilho especial \u00e0 noite.<\/p>\n<p>O convidado mais esperado pelos participantes mais novos foi, claro, S\u00e3o Nicolau, que deu muitos doces \u00e0s crian\u00e7as.<\/p>\n<p>Agradecemos a todos os que contribu\u00edram para a organiza\u00e7\u00e3o deste encontro especial, bem como aos convidados. Com a sua presen\u00e7a e o seu empenho deram \u00e0 Virgem Maria uma alegria indescrit\u00edvel, porque para Ela \u00e9 o dom mais belo quando todos os que sabem que est\u00e3o unidos a Ela se unem na f\u00e9 e constroem uma comunidade alegre e forte.<\/p>\n<p>Tamb\u00e9m pode ler: <a href=\"https:\/\/schoenstattdev.wpenginepowered.com\/pt-pt\/comunidades-de-schoenstatt-pt\/os-refugiados-ucranianos-recebem-ajuda-na-polonia-eles-suportam-duras-provacoes\/\">Refugiados ucranianos\u00a0na Pol\u00f4nia<\/a><\/p>\n","protected":false},"excerpt":{"rendered":"<p>Seguindo a tradi\u00e7\u00e3o de Schoenstatt, no dia 8 de janeiro de 2023 foi realizado o \u201cEncontro das h\u00f3stias\u201d, um costume de nosso pa\u00eds para compartilhar sauda\u00e7\u00f5es e votos de Natal entre as fam\u00edlias<\/p>\n","protected":false},"author":1,"featured_media":29062,"comment_status":"closed","ping_status":"closed","sticky":false,"template":"","format":"standard","meta":{"footnotes":""},"categories":[916,869],"tags":[],"class_list":["post-50129","post","type-post","status-publish","format-standard","has-post-thumbnail","hentry","category-espiritualidade-pt-pt","category-paises-pt-pt"],"yoast_head":"<!-- This site is optimized with the Yoast SEO Premium plugin v27.4 (Yoast SEO v27.5) - https:\/\/yoast.com\/product\/yoast-seo-premium-wordpress\/ -->\n<title>Tradicional celebra\u00e7\u00e3o do Natal em Otwock, Pol\u00f4nia - Schoenstatt<\/title>\n<meta name=\"description\" content=\"&quot;Encontro das h\u00f3stias&quot; em Otwock, Pol\u00f4nia- Costume na Pol\u00f4nia onde as fam\u00edlias se felicitam e desejam Feliz Natal.\" \/>\n<meta name=\"robots\" content=\"index, follow, max-snippet:-1, max-image-preview:large, max-video-preview:-1\" \/>\n<link rel=\"canonical\" href=\"https:\/\/schoenstatt.com\/pt-pt\/tradicional-celebracao-do-natal-em-otwock-polonia\/\" \/>\n<meta property=\"og:locale\" content=\"pt_PT\" \/>\n<meta property=\"og:type\" content=\"article\" \/>\n<meta property=\"og:title\" content=\"Tradicional celebra\u00e7\u00e3o do Natal em Otwock, Pol\u00f4nia\" \/>\n<meta property=\"og:description\" content=\"&quot;Encontro das h\u00f3stias&quot; em Otwock, Pol\u00f4nia- Costume na Pol\u00f4nia onde as fam\u00edlias se felicitam e desejam Feliz Natal.\" \/>\n<meta property=\"og:url\" content=\"https:\/\/schoenstatt.com\/pt-pt\/tradicional-celebracao-do-natal-em-otwock-polonia\/\" \/>\n<meta property=\"og:site_name\" content=\"Schoenstatt\" \/>\n<meta property=\"article:published_time\" content=\"2023-01-25T15:49:58+00:00\" \/>\n<meta property=\"article:modified_time\" content=\"2025-05-15T23:43:48+00:00\" \/>\n<meta property=\"og:image\" content=\"https:\/\/schoenstatt.com\/wp-content\/uploads\/2023\/01\/VideoCapture_20230108-2109341-1.jpg\" \/>\n\t<meta property=\"og:image:width\" content=\"2224\" \/>\n\t<meta property=\"og:image:height\" content=\"1080\" \/>\n\t<meta property=\"og:image:type\" content=\"image\/jpeg\" \/>\n<meta name=\"author\" content=\"admin\" \/>\n<meta name=\"twitter:card\" content=\"summary_large_image\" \/>\n<meta name=\"twitter:label1\" content=\"Escrito por\" \/>\n\t<meta name=\"twitter:data1\" content=\"admin\" \/>\n\t<meta name=\"twitter:label2\" content=\"Tempo estimado de leitura\" \/>\n\t<meta name=\"twitter:data2\" content=\"2 minutos\" \/>\n<script type=\"application\/ld+json\" class=\"yoast-schema-graph\">{\"@context\":\"https:\\\/\\\/schema.org\",\"@graph\":[{\"@type\":\"Article\",\"@id\":\"https:\\\/\\\/schoenstatt.com\\\/pt-pt\\\/tradicional-celebracao-do-natal-em-otwock-polonia\\\/#article\",\"isPartOf\":{\"@id\":\"https:\\\/\\\/schoenstatt.com\\\/pt-pt\\\/tradicional-celebracao-do-natal-em-otwock-polonia\\\/\"},\"author\":{\"name\":\"admin\",\"@id\":\"https:\\\/\\\/schoenstatt.com\\\/pt-pt\\\/#\\\/schema\\\/person\\\/489465b1850e7b216fe2c10dfc262551\"},\"headline\":\"Tradicional celebra\u00e7\u00e3o do Natal em Otwock, Pol\u00f4nia\",\"datePublished\":\"2023-01-25T15:49:58+00:00\",\"dateModified\":\"2025-05-15T23:43:48+00:00\",\"mainEntityOfPage\":{\"@id\":\"https:\\\/\\\/schoenstatt.com\\\/pt-pt\\\/tradicional-celebracao-do-natal-em-otwock-polonia\\\/\"},\"wordCount\":389,\"publisher\":{\"@id\":\"https:\\\/\\\/schoenstatt.com\\\/pt-pt\\\/#organization\"},\"image\":{\"@id\":\"https:\\\/\\\/schoenstatt.com\\\/pt-pt\\\/tradicional-celebracao-do-natal-em-otwock-polonia\\\/#primaryimage\"},\"thumbnailUrl\":\"https:\\\/\\\/schoenstatt.com\\\/wp-content\\\/uploads\\\/2023\\\/01\\\/VideoCapture_20230108-2109341-1.jpg\",\"articleSection\":[\"Espiritualidade\",\"Pa\u00edses\"],\"inLanguage\":\"pt-PT\"},{\"@type\":\"WebPage\",\"@id\":\"https:\\\/\\\/schoenstatt.com\\\/pt-pt\\\/tradicional-celebracao-do-natal-em-otwock-polonia\\\/\",\"url\":\"https:\\\/\\\/schoenstatt.com\\\/pt-pt\\\/tradicional-celebracao-do-natal-em-otwock-polonia\\\/\",\"name\":\"Tradicional celebra\u00e7\u00e3o do Natal em Otwock, Pol\u00f4nia - Schoenstatt\",\"isPartOf\":{\"@id\":\"https:\\\/\\\/schoenstatt.com\\\/pt-pt\\\/#website\"},\"primaryImageOfPage\":{\"@id\":\"https:\\\/\\\/schoenstatt.com\\\/pt-pt\\\/tradicional-celebracao-do-natal-em-otwock-polonia\\\/#primaryimage\"},\"image\":{\"@id\":\"https:\\\/\\\/schoenstatt.com\\\/pt-pt\\\/tradicional-celebracao-do-natal-em-otwock-polonia\\\/#primaryimage\"},\"thumbnailUrl\":\"https:\\\/\\\/schoenstatt.com\\\/wp-content\\\/uploads\\\/2023\\\/01\\\/VideoCapture_20230108-2109341-1.jpg\",\"datePublished\":\"2023-01-25T15:49:58+00:00\",\"dateModified\":\"2025-05-15T23:43:48+00:00\",\"description\":\"\\\"Encontro das h\u00f3stias\\\" em Otwock, Pol\u00f4nia- Costume na Pol\u00f4nia onde as fam\u00edlias se felicitam e desejam Feliz Natal.\",\"breadcrumb\":{\"@id\":\"https:\\\/\\\/schoenstatt.com\\\/pt-pt\\\/tradicional-celebracao-do-natal-em-otwock-polonia\\\/#breadcrumb\"},\"inLanguage\":\"pt-PT\",\"potentialAction\":[{\"@type\":\"ReadAction\",\"target\":[\"https:\\\/\\\/schoenstatt.com\\\/pt-pt\\\/tradicional-celebracao-do-natal-em-otwock-polonia\\\/\"]}]},{\"@type\":\"ImageObject\",\"inLanguage\":\"pt-PT\",\"@id\":\"https:\\\/\\\/schoenstatt.com\\\/pt-pt\\\/tradicional-celebracao-do-natal-em-otwock-polonia\\\/#primaryimage\",\"url\":\"https:\\\/\\\/schoenstatt.com\\\/wp-content\\\/uploads\\\/2023\\\/01\\\/VideoCapture_20230108-2109341-1.jpg\",\"contentUrl\":\"https:\\\/\\\/schoenstatt.com\\\/wp-content\\\/uploads\\\/2023\\\/01\\\/VideoCapture_20230108-2109341-1.jpg\",\"width\":2224,\"height\":1080,\"caption\":\"Otwock\"},{\"@type\":\"BreadcrumbList\",\"@id\":\"https:\\\/\\\/schoenstatt.com\\\/pt-pt\\\/tradicional-celebracao-do-natal-em-otwock-polonia\\\/#breadcrumb\",\"itemListElement\":[{\"@type\":\"ListItem\",\"position\":1,\"name\":\"Portada\",\"item\":\"https:\\\/\\\/schoenstatt.com\\\/pt-pt\\\/home\\\/\"},{\"@type\":\"ListItem\",\"position\":2,\"name\":\"Tradicional celebra\u00e7\u00e3o do Natal em Otwock, Pol\u00f4nia\"}]},{\"@type\":\"WebSite\",\"@id\":\"https:\\\/\\\/schoenstatt.com\\\/pt-pt\\\/#website\",\"url\":\"https:\\\/\\\/schoenstatt.com\\\/pt-pt\\\/\",\"name\":\"Schoenstatt\",\"description\":\"Apostolic Movement\",\"publisher\":{\"@id\":\"https:\\\/\\\/schoenstatt.com\\\/pt-pt\\\/#organization\"},\"potentialAction\":[{\"@type\":\"SearchAction\",\"target\":{\"@type\":\"EntryPoint\",\"urlTemplate\":\"https:\\\/\\\/schoenstatt.com\\\/pt-pt\\\/?s={search_term_string}\"},\"query-input\":{\"@type\":\"PropertyValueSpecification\",\"valueRequired\":true,\"valueName\":\"search_term_string\"}}],\"inLanguage\":\"pt-PT\"},{\"@type\":\"Organization\",\"@id\":\"https:\\\/\\\/schoenstatt.com\\\/pt-pt\\\/#organization\",\"name\":\"Schoenstatt\",\"url\":\"https:\\\/\\\/schoenstatt.com\\\/pt-pt\\\/\",\"logo\":{\"@type\":\"ImageObject\",\"inLanguage\":\"pt-PT\",\"@id\":\"https:\\\/\\\/schoenstatt.com\\\/pt-pt\\\/#\\\/schema\\\/logo\\\/image\\\/\",\"url\":\"https:\\\/\\\/schoenstatt.com\\\/wp-content\\\/uploads\\\/2025\\\/04\\\/logo-schoenstatt-white-696x696-1.png\",\"contentUrl\":\"https:\\\/\\\/schoenstatt.com\\\/wp-content\\\/uploads\\\/2025\\\/04\\\/logo-schoenstatt-white-696x696-1.png\",\"width\":696,\"height\":694,\"caption\":\"Schoenstatt\"},\"image\":{\"@id\":\"https:\\\/\\\/schoenstatt.com\\\/pt-pt\\\/#\\\/schema\\\/logo\\\/image\\\/\"}},{\"@type\":\"Person\",\"@id\":\"https:\\\/\\\/schoenstatt.com\\\/pt-pt\\\/#\\\/schema\\\/person\\\/489465b1850e7b216fe2c10dfc262551\",\"name\":\"admin\",\"image\":{\"@type\":\"ImageObject\",\"inLanguage\":\"pt-PT\",\"@id\":\"https:\\\/\\\/secure.gravatar.com\\\/avatar\\\/02e8345e1ec40ab0e0a2a98fdde64a684bbaf994cddcb778b25b8b024ee9dfe6?s=96&d=mm&r=g\",\"url\":\"https:\\\/\\\/secure.gravatar.com\\\/avatar\\\/02e8345e1ec40ab0e0a2a98fdde64a684bbaf994cddcb778b25b8b024ee9dfe6?s=96&d=mm&r=g\",\"contentUrl\":\"https:\\\/\\\/secure.gravatar.com\\\/avatar\\\/02e8345e1ec40ab0e0a2a98fdde64a684bbaf994cddcb778b25b8b024ee9dfe6?s=96&d=mm&r=g\",\"caption\":\"admin\"},\"sameAs\":[\"https:\\\/\\\/schoenstatt.com\"],\"url\":\"https:\\\/\\\/schoenstatt.com\\\/pt-pt\\\/author\\\/admin\\\/\"}]}<\/script>\n<!-- \/ Yoast SEO Premium plugin. -->","yoast_head_json":{"title":"Tradicional celebra\u00e7\u00e3o do Natal em Otwock, Pol\u00f4nia - Schoenstatt","description":"\"Encontro das h\u00f3stias\" em Otwock, Pol\u00f4nia- Costume na Pol\u00f4nia onde as fam\u00edlias se felicitam e desejam Feliz Natal.","robots":{"index":"index","follow":"follow","max-snippet":"max-snippet:-1","max-image-preview":"max-image-preview:large","max-video-preview":"max-video-preview:-1"},"canonical":"https:\/\/schoenstatt.com\/pt-pt\/tradicional-celebracao-do-natal-em-otwock-polonia\/","og_locale":"pt_PT","og_type":"article","og_title":"Tradicional celebra\u00e7\u00e3o do Natal em Otwock, Pol\u00f4nia","og_description":"\"Encontro das h\u00f3stias\" em Otwock, Pol\u00f4nia- Costume na Pol\u00f4nia onde as fam\u00edlias se felicitam e desejam Feliz Natal.","og_url":"https:\/\/schoenstatt.com\/pt-pt\/tradicional-celebracao-do-natal-em-otwock-polonia\/","og_site_name":"Schoenstatt","article_published_time":"2023-01-25T15:49:58+00:00","article_modified_time":"2025-05-15T23:43:48+00:00","og_image":[{"width":2224,"height":1080,"url":"https:\/\/schoenstatt.com\/wp-content\/uploads\/2023\/01\/VideoCapture_20230108-2109341-1.jpg","type":"image\/jpeg"}],"author":"admin","twitter_card":"summary_large_image","twitter_misc":{"Escrito por":"admin","Tempo estimado de leitura":"2 minutos"},"schema":{"@context":"https:\/\/schema.org","@graph":[{"@type":"Article","@id":"https:\/\/schoenstatt.com\/pt-pt\/tradicional-celebracao-do-natal-em-otwock-polonia\/#article","isPartOf":{"@id":"https:\/\/schoenstatt.com\/pt-pt\/tradicional-celebracao-do-natal-em-otwock-polonia\/"},"author":{"name":"admin","@id":"https:\/\/schoenstatt.com\/pt-pt\/#\/schema\/person\/489465b1850e7b216fe2c10dfc262551"},"headline":"Tradicional celebra\u00e7\u00e3o do Natal em Otwock, Pol\u00f4nia","datePublished":"2023-01-25T15:49:58+00:00","dateModified":"2025-05-15T23:43:48+00:00","mainEntityOfPage":{"@id":"https:\/\/schoenstatt.com\/pt-pt\/tradicional-celebracao-do-natal-em-otwock-polonia\/"},"wordCount":389,"publisher":{"@id":"https:\/\/schoenstatt.com\/pt-pt\/#organization"},"image":{"@id":"https:\/\/schoenstatt.com\/pt-pt\/tradicional-celebracao-do-natal-em-otwock-polonia\/#primaryimage"},"thumbnailUrl":"https:\/\/schoenstatt.com\/wp-content\/uploads\/2023\/01\/VideoCapture_20230108-2109341-1.jpg","articleSection":["Espiritualidade","Pa\u00edses"],"inLanguage":"pt-PT"},{"@type":"WebPage","@id":"https:\/\/schoenstatt.com\/pt-pt\/tradicional-celebracao-do-natal-em-otwock-polonia\/","url":"https:\/\/schoenstatt.com\/pt-pt\/tradicional-celebracao-do-natal-em-otwock-polonia\/","name":"Tradicional celebra\u00e7\u00e3o do Natal em Otwock, Pol\u00f4nia - Schoenstatt","isPartOf":{"@id":"https:\/\/schoenstatt.com\/pt-pt\/#website"},"primaryImageOfPage":{"@id":"https:\/\/schoenstatt.com\/pt-pt\/tradicional-celebracao-do-natal-em-otwock-polonia\/#primaryimage"},"image":{"@id":"https:\/\/schoenstatt.com\/pt-pt\/tradicional-celebracao-do-natal-em-otwock-polonia\/#primaryimage"},"thumbnailUrl":"https:\/\/schoenstatt.com\/wp-content\/uploads\/2023\/01\/VideoCapture_20230108-2109341-1.jpg","datePublished":"2023-01-25T15:49:58+00:00","dateModified":"2025-05-15T23:43:48+00:00","description":"\"Encontro das h\u00f3stias\" em Otwock, Pol\u00f4nia- Costume na Pol\u00f4nia onde as fam\u00edlias se felicitam e desejam Feliz Natal.","breadcrumb":{"@id":"https:\/\/schoenstatt.com\/pt-pt\/tradicional-celebracao-do-natal-em-otwock-polonia\/#breadcrumb"},"inLanguage":"pt-PT","potentialAction":[{"@type":"ReadAction","target":["https:\/\/schoenstatt.com\/pt-pt\/tradicional-celebracao-do-natal-em-otwock-polonia\/"]}]},{"@type":"ImageObject","inLanguage":"pt-PT","@id":"https:\/\/schoenstatt.com\/pt-pt\/tradicional-celebracao-do-natal-em-otwock-polonia\/#primaryimage","url":"https:\/\/schoenstatt.com\/wp-content\/uploads\/2023\/01\/VideoCapture_20230108-2109341-1.jpg","contentUrl":"https:\/\/schoenstatt.com\/wp-content\/uploads\/2023\/01\/VideoCapture_20230108-2109341-1.jpg","width":2224,"height":1080,"caption":"Otwock"},{"@type":"BreadcrumbList","@id":"https:\/\/schoenstatt.com\/pt-pt\/tradicional-celebracao-do-natal-em-otwock-polonia\/#breadcrumb","itemListElement":[{"@type":"ListItem","position":1,"name":"Portada","item":"https:\/\/schoenstatt.com\/pt-pt\/home\/"},{"@type":"ListItem","position":2,"name":"Tradicional celebra\u00e7\u00e3o do Natal em Otwock, Pol\u00f4nia"}]},{"@type":"WebSite","@id":"https:\/\/schoenstatt.com\/pt-pt\/#website","url":"https:\/\/schoenstatt.com\/pt-pt\/","name":"Schoenstatt","description":"Apostolic Movement","publisher":{"@id":"https:\/\/schoenstatt.com\/pt-pt\/#organization"},"potentialAction":[{"@type":"SearchAction","target":{"@type":"EntryPoint","urlTemplate":"https:\/\/schoenstatt.com\/pt-pt\/?s={search_term_string}"},"query-input":{"@type":"PropertyValueSpecification","valueRequired":true,"valueName":"search_term_string"}}],"inLanguage":"pt-PT"},{"@type":"Organization","@id":"https:\/\/schoenstatt.com\/pt-pt\/#organization","name":"Schoenstatt","url":"https:\/\/schoenstatt.com\/pt-pt\/","logo":{"@type":"ImageObject","inLanguage":"pt-PT","@id":"https:\/\/schoenstatt.com\/pt-pt\/#\/schema\/logo\/image\/","url":"https:\/\/schoenstatt.com\/wp-content\/uploads\/2025\/04\/logo-schoenstatt-white-696x696-1.png","contentUrl":"https:\/\/schoenstatt.com\/wp-content\/uploads\/2025\/04\/logo-schoenstatt-white-696x696-1.png","width":696,"height":694,"caption":"Schoenstatt"},"image":{"@id":"https:\/\/schoenstatt.com\/pt-pt\/#\/schema\/logo\/image\/"}},{"@type":"Person","@id":"https:\/\/schoenstatt.com\/pt-pt\/#\/schema\/person\/489465b1850e7b216fe2c10dfc262551","name":"admin","image":{"@type":"ImageObject","inLanguage":"pt-PT","@id":"https:\/\/secure.gravatar.com\/avatar\/02e8345e1ec40ab0e0a2a98fdde64a684bbaf994cddcb778b25b8b024ee9dfe6?s=96&d=mm&r=g","url":"https:\/\/secure.gravatar.com\/avatar\/02e8345e1ec40ab0e0a2a98fdde64a684bbaf994cddcb778b25b8b024ee9dfe6?s=96&d=mm&r=g","contentUrl":"https:\/\/secure.gravatar.com\/avatar\/02e8345e1ec40ab0e0a2a98fdde64a684bbaf994cddcb778b25b8b024ee9dfe6?s=96&d=mm&r=g","caption":"admin"},"sameAs":["https:\/\/schoenstatt.com"],"url":"https:\/\/schoenstatt.com\/pt-pt\/author\/admin\/"}]}},"_links":{"self":[{"href":"https:\/\/schoenstatt.com\/pt-pt\/wp-json\/wp\/v2\/posts\/50129","targetHints":{"allow":["GET"]}}],"collection":[{"href":"https:\/\/schoenstatt.com\/pt-pt\/wp-json\/wp\/v2\/posts"}],"about":[{"href":"https:\/\/schoenstatt.com\/pt-pt\/wp-json\/wp\/v2\/types\/post"}],"author":[{"embeddable":true,"href":"https:\/\/schoenstatt.com\/pt-pt\/wp-json\/wp\/v2\/users\/1"}],"replies":[{"embeddable":true,"href":"https:\/\/schoenstatt.com\/pt-pt\/wp-json\/wp\/v2\/comments?post=50129"}],"version-history":[{"count":1,"href":"https:\/\/schoenstatt.com\/pt-pt\/wp-json\/wp\/v2\/posts\/50129\/revisions"}],"predecessor-version":[{"id":50320,"href":"https:\/\/schoenstatt.com\/pt-pt\/wp-json\/wp\/v2\/posts\/50129\/revisions\/50320"}],"wp:featuredmedia":[{"embeddable":true,"href":"https:\/\/schoenstatt.com\/pt-pt\/wp-json\/wp\/v2\/media\/29062"}],"wp:attachment":[{"href":"https:\/\/schoenstatt.com\/pt-pt\/wp-json\/wp\/v2\/media?parent=50129"}],"wp:term":[{"taxonomy":"category","embeddable":true,"href":"https:\/\/schoenstatt.com\/pt-pt\/wp-json\/wp\/v2\/categories?post=50129"},{"taxonomy":"post_tag","embeddable":true,"href":"https:\/\/schoenstatt.com\/pt-pt\/wp-json\/wp\/v2\/tags?post=50129"}],"curies":[{"name":"wp","href":"https:\/\/api.w.org\/{rel}","templated":true}]}}