{"id":50098,"date":"2023-01-11T09:22:11","date_gmt":"2023-01-11T08:22:11","guid":{"rendered":"https:\/\/schoenstattdev.wpenginepowered.com\/?p=28857"},"modified":"2025-05-16T00:31:18","modified_gmt":"2025-05-15T22:31:18","slug":"preparamos-a-alianca-de-amor-virtualmente-gracas-a-pandemia","status":"publish","type":"post","link":"https:\/\/schoenstatt.com\/pt-pt\/preparamos-a-alianca-de-amor-virtualmente-gracas-a-pandemia\/","title":{"rendered":"Preparamos a Alian\u00e7a de Amor virtualmente gra\u00e7as \u00e0 pandemia"},"content":{"rendered":"<p>\u201c<em>Vendo que as palestras on-line est\u00e3o come\u00e7ando em prepara\u00e7\u00e3o a Alian\u00e7a do Amor nestas semanas, s\u00f3 posso dizer: Gra\u00e7as \u00e0 pandemia, embarcamos neste caminho!\u201d<\/em> &#8211; foi a conclus\u00e3o da Irm\u00e3 M. Doriett M\u00f6llenkamp, \u200b\u200bap\u00f3s oferecer oito cursos em alem\u00e3o. Para o ano de 2020, a equipe do <a href=\"https:\/\/www.schoenstatt-info.com\/pt\/home-portugues\/\">Pilgrim Center<\/a> havia se proposto a dar a conhecer a Alian\u00e7a do Amor a muitas pessoas. Mas, devido \u00e0 pandemia, n\u00e3o foi mais poss\u00edvel a vinda de grupos de peregrinos ao Santu\u00e1rio de Schoenstatt. Assim foi criada a alternativa do &#8220;<em><strong>Curso On-line Alian\u00e7a de Amor<\/strong><\/em>&#8220;.<\/p>\n<p>Por\u00e9m, o curso tornou-se uma oferta conjunta do Centro de Peregrinos e da Campanha da M\u00e3e Peregrina. No outono, outro curso ocorreu em tr\u00eas noites.<\/p>\n<h3>V\u00e1rias hist\u00f3rias, um esp\u00edrito<\/h3>\n<p><img fetchpriority=\"high\" decoding=\"async\" class=\"alignleft wp-image-28849 size-medium\" src=\"https:\/\/schoenstatt.com\/wp-content\/uploads\/2023\/01\/Sr.M.DoriettMollenkamp_Onlinekurs-1.jpg\" alt=\"prepara\u00e7\u00e3o para a Alian\u00e7a \" width=\"300\" height=\"225\" srcset=\"https:\/\/schoenstatt.com\/wp-content\/uploads\/2023\/01\/Sr.M.DoriettMollenkamp_Onlinekurs-1.jpg 2379w, https:\/\/schoenstatt.com\/wp-content\/uploads\/2023\/01\/Sr.M.DoriettMollenkamp_Onlinekurs-1-768x576.jpg 768w, https:\/\/schoenstatt.com\/wp-content\/uploads\/2023\/01\/Sr.M.DoriettMollenkamp_Onlinekurs-1-1536x1152.jpg 1536w, https:\/\/schoenstatt.com\/wp-content\/uploads\/2023\/01\/Sr.M.DoriettMollenkamp_Onlinekurs-1-2048x1536.jpg 2048w\" sizes=\"(max-width: 300px) 100vw, 300px\" \/><\/p>\n<p>A irm\u00e3 M. Doriett aborda quest\u00f5es importantes: Quem se matricula? Voc\u00ea conhece Schoenstatt? O que \u00e9 importante para cada um? Podemos afirmar: Os participantes dos cursos s\u00e3o de todas as idades e moram nos mais diversos lugares. \u00c0s vezes at\u00e9 al\u00e9m da Alemanha: por exemplo, sempre h\u00e1 registros da Su\u00ed\u00e7a. Mas o pessoal de Vallendar, que \u00e9 muito pr\u00f3ximo, tamb\u00e9m se inscreve. Alguns deles j\u00e1 s\u00e3o schoenstattianos e outros s\u00e3o peregrinos interessados. A Sra. M., do Instituto de Fam\u00edlias de Schoenstatt, participou de um curso para poder transmitir o tema nos c\u00edrculos de peregrinos que acompanha. Estava procurando sugest\u00f5es concretas para comunicar a Alian\u00e7a de Amor. Uma senhora de Vallendar encontrou o folheto na igreja dos peregrinos. Ela havia se mudado para a cidade h\u00e1 alguns anos e estava descobrindo cada vez mais a espiritualidade de Schoenstatt.<\/p>\n<h3>Qual \u00e9 o objetivo do curso?<\/h3>\n<p>A ideia \u00e9 despertar o interesse pela Alian\u00e7a do Amor. As tr\u00eas noites ser\u00e3o dedicadas aos seguintes temas:<\/p>\n<blockquote><p>&#8211; Como tudo come\u00e7ou&#8230; a Alian\u00e7a de Amor de 18 de outubro de 1914.<\/p>\n<p>&#8211; Alian\u00e7a de amor &#8211; caminho e esperan\u00e7a para todos. E para mim?<\/p>\n<p>&#8211; Viver minha f\u00e9 com Maria.<\/p><\/blockquote>\n<p>Frequentemente, ap\u00f3s um impulso, ocorre uma troca valiosa. <em>\u201cPara mim foi especialmente nova a ideia de que a Alian\u00e7a de Amor \u00e9 uma renova\u00e7\u00e3o da Alian\u00e7a batismal. De vem em quando vou a capela de Schoenstatt e posso vivenciar mais sobre as gra\u00e7as da peregrina\u00e7\u00e3o\u201d.<\/em> Este foi o testemunho de um participante.<\/p>\n<p><img decoding=\"async\" class=\"aligncenter wp-image-28841 size-large\" src=\"https:\/\/schoenstatt.com\/wp-content\/uploads\/2023\/01\/Liebesbundnis-einer-Familie-am18.10.2020-1.jpg\" alt=\"\" width=\"840\" height=\"630\" srcset=\"https:\/\/schoenstatt.com\/wp-content\/uploads\/2023\/01\/Liebesbundnis-einer-Familie-am18.10.2020-1.jpg 1995w, https:\/\/schoenstatt.com\/wp-content\/uploads\/2023\/01\/Liebesbundnis-einer-Familie-am18.10.2020-1-768x576.jpg 768w, https:\/\/schoenstatt.com\/wp-content\/uploads\/2023\/01\/Liebesbundnis-einer-Familie-am18.10.2020-1-1536x1153.jpg 1536w\" sizes=\"(max-width: 840px) 100vw, 840px\" \/><\/p>\n<h3>A Alian\u00e7a de Amor me levou mais longe na minha voca\u00e7\u00e3o<\/h3>\n<p>Se os interessados \u200b\u200bselam sua Alian\u00e7a de Amor, e como o fazem, fica a cargo de Deus. Convidamos os participantes a virem a um dos Santu\u00e1rios de Schoenstatt nas dioceses ou a Schoenstatt no local de origem do Movimento. Por exemplo, o Dia de Schoenstatt, 18 de outubro, \u00e9 uma excelente oportunidade. Neste dia, uma fam\u00edlia com duas filhas adolescentes tamb\u00e9m selou sua Alian\u00e7a de Amor em 2020. Um presente para sempre, como os pais resumem hoje:<\/p>\n<p><em>\u201cA prepara\u00e7\u00e3o para a Alian\u00e7a de Amor e os encontros no \u00e2mbito da Alian\u00e7a de Amor continuam surtindo efeito e me fazem olhar com alegria para a M\u00e3e Sant\u00edssima. Com confian\u00e7a, mesmo em tempos dif\u00edceis, posso dizer MPHC\u201d<\/em> *, expressou um senhor.<\/p>\n<p>O testemunho de uma senhora foi: <em>\u201cTenho a sensa\u00e7\u00e3o de que desde a Alian\u00e7a de Amor fui ainda mais orientada para a minha voca\u00e7\u00e3o. Al\u00e9m disso, tenho mais facilidade para enfrentar as dificuldades porque tenho mais consci\u00eancia de que n\u00e3o estou sozinha. Ela est\u00e1 comigo!\u201d<\/em><\/p>\n<h3>Estou ansiosa pelo que est\u00e1 por vir&#8230;<\/h3>\n<p><img decoding=\"async\" class=\"aligncenter wp-image-28853 size-large\" src=\"https:\/\/schoenstattdev.wpenginepowered.com\/wp-content\/uploads\/2023\/01\/Wie-alles-begann_Bundnisschluss-am18.10.1914-imUrheiligtum-1024x645.jpg\" alt=\"\" width=\"840\" height=\"529\" \/><\/p>\n<p>Uma m\u00e9dica fez do seu Dia da Alian\u00e7a algo muito especial: convidou cerca de 50 pessoas, a quem ofereceu um jantar, onde os convidados contaram como conheceram Schoenstatt e quando selaram a sua Alian\u00e7a de Amor. Ela mesma partilhou: &#8220;Quando olho para tr\u00e1s nos \u00faltimos dois anos, fico maravilhada em como posso experimentar as tr\u00eas gra\u00e7as do Santu\u00e1rio, da M\u00e3e Sant\u00edssima: Mesmo antes, eu me sentia em casa no Santu\u00e1rio Original, j\u00e1 apreciava a adora\u00e7\u00e3o. Desde ent\u00e3o, tenho experimentado cada vez mais uma transforma\u00e7\u00e3o e uma miss\u00e3o de ser ativa, por exemplo, ajudando a organizar as horas de adora\u00e7\u00e3o ou no servi\u00e7o noturno no Santu\u00e1rio Original, entre outras coisas, com can\u00e7\u00f5es.\u201d (Que bela surpresa!) \u201cEu estou animada com o que est\u00e1 por vir.&#8221;<\/p>\n<p>Na p\u00e1gina inicial da <a href=\"https:\/\/schoenstattdev.wpenginepowered.com\/pt-pt\/espiritualidade\/schoenstatt-alemanha-ante-as-celebracoes-dos-25-anos-da-mae-peregrina\/\">Campanha da M\u00e3e Peregrina na Alemanha,<\/a> um folheto refere-se ao curso on-line Alian\u00e7a de Amor, que ser\u00e1 em alem\u00e3o. O pr\u00f3ximo curso ter\u00e1 in\u00edcio em 31 de janeiro de 2023.<\/p>\n<p>* Abrevia\u00e7\u00e3o de \u201cMater perfectam habebit curam\u201d, a M\u00e3e cuidar\u00e1 perfeitamente.<\/p>\n","protected":false},"excerpt":{"rendered":"<p> Na Alemanha, as palestras de prepara\u00e7\u00e3o para a Alian\u00e7a de Amor s\u00e3o oferecidas on-line. Essa modalidade se d\u00e1 desde a pandemia, e fico evidente como a virtualidade nos d\u00e1 um excelente instrumento para evangelizar e expandir as gra\u00e7as do Santu\u00e1rio.<\/p>\n","protected":false},"author":1,"featured_media":28837,"comment_status":"closed","ping_status":"closed","sticky":false,"template":"","format":"standard","meta":{"footnotes":""},"categories":[916,636],"tags":[],"class_list":["post-50098","post","type-post","status-publish","format-standard","has-post-thumbnail","hentry","category-espiritualidade-pt-pt","category-eventos-pt-pt"],"yoast_head":"<!-- This site is optimized with the Yoast SEO Premium plugin v27.4 (Yoast SEO v27.4) - https:\/\/yoast.com\/product\/yoast-seo-premium-wordpress\/ -->\n<title>Preparamos a Alian\u00e7a de Amor virtualmente gra\u00e7as \u00e0 pandemia - Schoenstatt<\/title>\n<meta name=\"description\" content=\"O Centro de Peregrinos em Schoenstatt original oferece palestras virtuais de prepara\u00e7\u00e3o para a Alian\u00e7a de Amor, em alem\u00e3o.\" \/>\n<meta name=\"robots\" content=\"index, follow, max-snippet:-1, max-image-preview:large, max-video-preview:-1\" \/>\n<link rel=\"canonical\" href=\"https:\/\/schoenstatt.com\/pt-pt\/preparamos-a-alianca-de-amor-virtualmente-gracas-a-pandemia\/\" \/>\n<meta property=\"og:locale\" content=\"pt_PT\" \/>\n<meta property=\"og:type\" content=\"article\" \/>\n<meta property=\"og:title\" content=\"Preparamos a Alian\u00e7a de Amor virtualmente gra\u00e7as \u00e0 pandemia\" \/>\n<meta property=\"og:description\" content=\"O Centro de Peregrinos em Schoenstatt original oferece palestras virtuais de prepara\u00e7\u00e3o para a Alian\u00e7a de Amor, em alem\u00e3o.\" \/>\n<meta property=\"og:url\" content=\"https:\/\/schoenstatt.com\/pt-pt\/preparamos-a-alianca-de-amor-virtualmente-gracas-a-pandemia\/\" \/>\n<meta property=\"og:site_name\" content=\"Schoenstatt\" \/>\n<meta property=\"article:published_time\" content=\"2023-01-11T08:22:11+00:00\" \/>\n<meta property=\"article:modified_time\" content=\"2025-05-15T22:31:18+00:00\" \/>\n<meta property=\"og:image\" content=\"https:\/\/schoenstatt.com\/wp-content\/uploads\/2023\/01\/DasBundnisbuch-imUrheiligtum-scaled-1.jpg\" \/>\n\t<meta property=\"og:image:width\" content=\"2560\" \/>\n\t<meta property=\"og:image:height\" content=\"1707\" \/>\n\t<meta property=\"og:image:type\" content=\"image\/jpeg\" \/>\n<meta name=\"author\" content=\"admin\" \/>\n<meta name=\"twitter:card\" content=\"summary_large_image\" \/>\n<meta name=\"twitter:label1\" content=\"Escrito por\" \/>\n\t<meta name=\"twitter:data1\" content=\"admin\" \/>\n\t<meta name=\"twitter:label2\" content=\"Tempo estimado de leitura\" \/>\n\t<meta name=\"twitter:data2\" content=\"4 minutos\" \/>\n<script type=\"application\/ld+json\" class=\"yoast-schema-graph\">{\"@context\":\"https:\\\/\\\/schema.org\",\"@graph\":[{\"@type\":\"Article\",\"@id\":\"https:\\\/\\\/schoenstatt.com\\\/pt-pt\\\/preparamos-a-alianca-de-amor-virtualmente-gracas-a-pandemia\\\/#article\",\"isPartOf\":{\"@id\":\"https:\\\/\\\/schoenstatt.com\\\/pt-pt\\\/preparamos-a-alianca-de-amor-virtualmente-gracas-a-pandemia\\\/\"},\"author\":{\"name\":\"admin\",\"@id\":\"https:\\\/\\\/schoenstatt.com\\\/pt-pt\\\/#\\\/schema\\\/person\\\/489465b1850e7b216fe2c10dfc262551\"},\"headline\":\"Preparamos a Alian\u00e7a de Amor virtualmente gra\u00e7as \u00e0 pandemia\",\"datePublished\":\"2023-01-11T08:22:11+00:00\",\"dateModified\":\"2025-05-15T22:31:18+00:00\",\"mainEntityOfPage\":{\"@id\":\"https:\\\/\\\/schoenstatt.com\\\/pt-pt\\\/preparamos-a-alianca-de-amor-virtualmente-gracas-a-pandemia\\\/\"},\"wordCount\":800,\"publisher\":{\"@id\":\"https:\\\/\\\/schoenstatt.com\\\/pt-pt\\\/#organization\"},\"image\":{\"@id\":\"https:\\\/\\\/schoenstatt.com\\\/pt-pt\\\/preparamos-a-alianca-de-amor-virtualmente-gracas-a-pandemia\\\/#primaryimage\"},\"thumbnailUrl\":\"https:\\\/\\\/schoenstatt.com\\\/wp-content\\\/uploads\\\/2023\\\/01\\\/DasBundnisbuch-imUrheiligtum-scaled-1.jpg\",\"articleSection\":[\"Espiritualidade\",\"Eventos\"],\"inLanguage\":\"pt-PT\"},{\"@type\":\"WebPage\",\"@id\":\"https:\\\/\\\/schoenstatt.com\\\/pt-pt\\\/preparamos-a-alianca-de-amor-virtualmente-gracas-a-pandemia\\\/\",\"url\":\"https:\\\/\\\/schoenstatt.com\\\/pt-pt\\\/preparamos-a-alianca-de-amor-virtualmente-gracas-a-pandemia\\\/\",\"name\":\"Preparamos a Alian\u00e7a de Amor virtualmente gra\u00e7as \u00e0 pandemia - Schoenstatt\",\"isPartOf\":{\"@id\":\"https:\\\/\\\/schoenstatt.com\\\/pt-pt\\\/#website\"},\"primaryImageOfPage\":{\"@id\":\"https:\\\/\\\/schoenstatt.com\\\/pt-pt\\\/preparamos-a-alianca-de-amor-virtualmente-gracas-a-pandemia\\\/#primaryimage\"},\"image\":{\"@id\":\"https:\\\/\\\/schoenstatt.com\\\/pt-pt\\\/preparamos-a-alianca-de-amor-virtualmente-gracas-a-pandemia\\\/#primaryimage\"},\"thumbnailUrl\":\"https:\\\/\\\/schoenstatt.com\\\/wp-content\\\/uploads\\\/2023\\\/01\\\/DasBundnisbuch-imUrheiligtum-scaled-1.jpg\",\"datePublished\":\"2023-01-11T08:22:11+00:00\",\"dateModified\":\"2025-05-15T22:31:18+00:00\",\"description\":\"O Centro de Peregrinos em Schoenstatt original oferece palestras virtuais de prepara\u00e7\u00e3o para a Alian\u00e7a de Amor, em alem\u00e3o.\",\"breadcrumb\":{\"@id\":\"https:\\\/\\\/schoenstatt.com\\\/pt-pt\\\/preparamos-a-alianca-de-amor-virtualmente-gracas-a-pandemia\\\/#breadcrumb\"},\"inLanguage\":\"pt-PT\",\"potentialAction\":[{\"@type\":\"ReadAction\",\"target\":[\"https:\\\/\\\/schoenstatt.com\\\/pt-pt\\\/preparamos-a-alianca-de-amor-virtualmente-gracas-a-pandemia\\\/\"]}]},{\"@type\":\"ImageObject\",\"inLanguage\":\"pt-PT\",\"@id\":\"https:\\\/\\\/schoenstatt.com\\\/pt-pt\\\/preparamos-a-alianca-de-amor-virtualmente-gracas-a-pandemia\\\/#primaryimage\",\"url\":\"https:\\\/\\\/schoenstatt.com\\\/wp-content\\\/uploads\\\/2023\\\/01\\\/DasBundnisbuch-imUrheiligtum-scaled-1.jpg\",\"contentUrl\":\"https:\\\/\\\/schoenstatt.com\\\/wp-content\\\/uploads\\\/2023\\\/01\\\/DasBundnisbuch-imUrheiligtum-scaled-1.jpg\",\"width\":2560,\"height\":1707,\"caption\":\"Online-Kurs\"},{\"@type\":\"BreadcrumbList\",\"@id\":\"https:\\\/\\\/schoenstatt.com\\\/pt-pt\\\/preparamos-a-alianca-de-amor-virtualmente-gracas-a-pandemia\\\/#breadcrumb\",\"itemListElement\":[{\"@type\":\"ListItem\",\"position\":1,\"name\":\"Portada\",\"item\":\"https:\\\/\\\/schoenstatt.com\\\/pt-pt\\\/home\\\/\"},{\"@type\":\"ListItem\",\"position\":2,\"name\":\"Preparamos a Alian\u00e7a de Amor virtualmente gra\u00e7as \u00e0 pandemia\"}]},{\"@type\":\"WebSite\",\"@id\":\"https:\\\/\\\/schoenstatt.com\\\/pt-pt\\\/#website\",\"url\":\"https:\\\/\\\/schoenstatt.com\\\/pt-pt\\\/\",\"name\":\"Schoenstatt\",\"description\":\"Apostolic Movement\",\"publisher\":{\"@id\":\"https:\\\/\\\/schoenstatt.com\\\/pt-pt\\\/#organization\"},\"potentialAction\":[{\"@type\":\"SearchAction\",\"target\":{\"@type\":\"EntryPoint\",\"urlTemplate\":\"https:\\\/\\\/schoenstatt.com\\\/pt-pt\\\/?s={search_term_string}\"},\"query-input\":{\"@type\":\"PropertyValueSpecification\",\"valueRequired\":true,\"valueName\":\"search_term_string\"}}],\"inLanguage\":\"pt-PT\"},{\"@type\":\"Organization\",\"@id\":\"https:\\\/\\\/schoenstatt.com\\\/pt-pt\\\/#organization\",\"name\":\"Schoenstatt\",\"url\":\"https:\\\/\\\/schoenstatt.com\\\/pt-pt\\\/\",\"logo\":{\"@type\":\"ImageObject\",\"inLanguage\":\"pt-PT\",\"@id\":\"https:\\\/\\\/schoenstatt.com\\\/pt-pt\\\/#\\\/schema\\\/logo\\\/image\\\/\",\"url\":\"https:\\\/\\\/schoenstatt.com\\\/wp-content\\\/uploads\\\/2025\\\/04\\\/logo-schoenstatt-white-696x696-1.png\",\"contentUrl\":\"https:\\\/\\\/schoenstatt.com\\\/wp-content\\\/uploads\\\/2025\\\/04\\\/logo-schoenstatt-white-696x696-1.png\",\"width\":696,\"height\":694,\"caption\":\"Schoenstatt\"},\"image\":{\"@id\":\"https:\\\/\\\/schoenstatt.com\\\/pt-pt\\\/#\\\/schema\\\/logo\\\/image\\\/\"}},{\"@type\":\"Person\",\"@id\":\"https:\\\/\\\/schoenstatt.com\\\/pt-pt\\\/#\\\/schema\\\/person\\\/489465b1850e7b216fe2c10dfc262551\",\"name\":\"admin\",\"image\":{\"@type\":\"ImageObject\",\"inLanguage\":\"pt-PT\",\"@id\":\"https:\\\/\\\/secure.gravatar.com\\\/avatar\\\/02e8345e1ec40ab0e0a2a98fdde64a684bbaf994cddcb778b25b8b024ee9dfe6?s=96&d=mm&r=g\",\"url\":\"https:\\\/\\\/secure.gravatar.com\\\/avatar\\\/02e8345e1ec40ab0e0a2a98fdde64a684bbaf994cddcb778b25b8b024ee9dfe6?s=96&d=mm&r=g\",\"contentUrl\":\"https:\\\/\\\/secure.gravatar.com\\\/avatar\\\/02e8345e1ec40ab0e0a2a98fdde64a684bbaf994cddcb778b25b8b024ee9dfe6?s=96&d=mm&r=g\",\"caption\":\"admin\"},\"sameAs\":[\"https:\\\/\\\/schoenstatt.com\"],\"url\":\"https:\\\/\\\/schoenstatt.com\\\/pt-pt\\\/author\\\/admin\\\/\"}]}<\/script>\n<!-- \/ Yoast SEO Premium plugin. -->","yoast_head_json":{"title":"Preparamos a Alian\u00e7a de Amor virtualmente gra\u00e7as \u00e0 pandemia - Schoenstatt","description":"O Centro de Peregrinos em Schoenstatt original oferece palestras virtuais de prepara\u00e7\u00e3o para a Alian\u00e7a de Amor, em alem\u00e3o.","robots":{"index":"index","follow":"follow","max-snippet":"max-snippet:-1","max-image-preview":"max-image-preview:large","max-video-preview":"max-video-preview:-1"},"canonical":"https:\/\/schoenstatt.com\/pt-pt\/preparamos-a-alianca-de-amor-virtualmente-gracas-a-pandemia\/","og_locale":"pt_PT","og_type":"article","og_title":"Preparamos a Alian\u00e7a de Amor virtualmente gra\u00e7as \u00e0 pandemia","og_description":"O Centro de Peregrinos em Schoenstatt original oferece palestras virtuais de prepara\u00e7\u00e3o para a Alian\u00e7a de Amor, em alem\u00e3o.","og_url":"https:\/\/schoenstatt.com\/pt-pt\/preparamos-a-alianca-de-amor-virtualmente-gracas-a-pandemia\/","og_site_name":"Schoenstatt","article_published_time":"2023-01-11T08:22:11+00:00","article_modified_time":"2025-05-15T22:31:18+00:00","og_image":[{"width":2560,"height":1707,"url":"https:\/\/schoenstatt.com\/wp-content\/uploads\/2023\/01\/DasBundnisbuch-imUrheiligtum-scaled-1.jpg","type":"image\/jpeg"}],"author":"admin","twitter_card":"summary_large_image","twitter_misc":{"Escrito por":"admin","Tempo estimado de leitura":"4 minutos"},"schema":{"@context":"https:\/\/schema.org","@graph":[{"@type":"Article","@id":"https:\/\/schoenstatt.com\/pt-pt\/preparamos-a-alianca-de-amor-virtualmente-gracas-a-pandemia\/#article","isPartOf":{"@id":"https:\/\/schoenstatt.com\/pt-pt\/preparamos-a-alianca-de-amor-virtualmente-gracas-a-pandemia\/"},"author":{"name":"admin","@id":"https:\/\/schoenstatt.com\/pt-pt\/#\/schema\/person\/489465b1850e7b216fe2c10dfc262551"},"headline":"Preparamos a Alian\u00e7a de Amor virtualmente gra\u00e7as \u00e0 pandemia","datePublished":"2023-01-11T08:22:11+00:00","dateModified":"2025-05-15T22:31:18+00:00","mainEntityOfPage":{"@id":"https:\/\/schoenstatt.com\/pt-pt\/preparamos-a-alianca-de-amor-virtualmente-gracas-a-pandemia\/"},"wordCount":800,"publisher":{"@id":"https:\/\/schoenstatt.com\/pt-pt\/#organization"},"image":{"@id":"https:\/\/schoenstatt.com\/pt-pt\/preparamos-a-alianca-de-amor-virtualmente-gracas-a-pandemia\/#primaryimage"},"thumbnailUrl":"https:\/\/schoenstatt.com\/wp-content\/uploads\/2023\/01\/DasBundnisbuch-imUrheiligtum-scaled-1.jpg","articleSection":["Espiritualidade","Eventos"],"inLanguage":"pt-PT"},{"@type":"WebPage","@id":"https:\/\/schoenstatt.com\/pt-pt\/preparamos-a-alianca-de-amor-virtualmente-gracas-a-pandemia\/","url":"https:\/\/schoenstatt.com\/pt-pt\/preparamos-a-alianca-de-amor-virtualmente-gracas-a-pandemia\/","name":"Preparamos a Alian\u00e7a de Amor virtualmente gra\u00e7as \u00e0 pandemia - Schoenstatt","isPartOf":{"@id":"https:\/\/schoenstatt.com\/pt-pt\/#website"},"primaryImageOfPage":{"@id":"https:\/\/schoenstatt.com\/pt-pt\/preparamos-a-alianca-de-amor-virtualmente-gracas-a-pandemia\/#primaryimage"},"image":{"@id":"https:\/\/schoenstatt.com\/pt-pt\/preparamos-a-alianca-de-amor-virtualmente-gracas-a-pandemia\/#primaryimage"},"thumbnailUrl":"https:\/\/schoenstatt.com\/wp-content\/uploads\/2023\/01\/DasBundnisbuch-imUrheiligtum-scaled-1.jpg","datePublished":"2023-01-11T08:22:11+00:00","dateModified":"2025-05-15T22:31:18+00:00","description":"O Centro de Peregrinos em Schoenstatt original oferece palestras virtuais de prepara\u00e7\u00e3o para a Alian\u00e7a de Amor, em alem\u00e3o.","breadcrumb":{"@id":"https:\/\/schoenstatt.com\/pt-pt\/preparamos-a-alianca-de-amor-virtualmente-gracas-a-pandemia\/#breadcrumb"},"inLanguage":"pt-PT","potentialAction":[{"@type":"ReadAction","target":["https:\/\/schoenstatt.com\/pt-pt\/preparamos-a-alianca-de-amor-virtualmente-gracas-a-pandemia\/"]}]},{"@type":"ImageObject","inLanguage":"pt-PT","@id":"https:\/\/schoenstatt.com\/pt-pt\/preparamos-a-alianca-de-amor-virtualmente-gracas-a-pandemia\/#primaryimage","url":"https:\/\/schoenstatt.com\/wp-content\/uploads\/2023\/01\/DasBundnisbuch-imUrheiligtum-scaled-1.jpg","contentUrl":"https:\/\/schoenstatt.com\/wp-content\/uploads\/2023\/01\/DasBundnisbuch-imUrheiligtum-scaled-1.jpg","width":2560,"height":1707,"caption":"Online-Kurs"},{"@type":"BreadcrumbList","@id":"https:\/\/schoenstatt.com\/pt-pt\/preparamos-a-alianca-de-amor-virtualmente-gracas-a-pandemia\/#breadcrumb","itemListElement":[{"@type":"ListItem","position":1,"name":"Portada","item":"https:\/\/schoenstatt.com\/pt-pt\/home\/"},{"@type":"ListItem","position":2,"name":"Preparamos a Alian\u00e7a de Amor virtualmente gra\u00e7as \u00e0 pandemia"}]},{"@type":"WebSite","@id":"https:\/\/schoenstatt.com\/pt-pt\/#website","url":"https:\/\/schoenstatt.com\/pt-pt\/","name":"Schoenstatt","description":"Apostolic Movement","publisher":{"@id":"https:\/\/schoenstatt.com\/pt-pt\/#organization"},"potentialAction":[{"@type":"SearchAction","target":{"@type":"EntryPoint","urlTemplate":"https:\/\/schoenstatt.com\/pt-pt\/?s={search_term_string}"},"query-input":{"@type":"PropertyValueSpecification","valueRequired":true,"valueName":"search_term_string"}}],"inLanguage":"pt-PT"},{"@type":"Organization","@id":"https:\/\/schoenstatt.com\/pt-pt\/#organization","name":"Schoenstatt","url":"https:\/\/schoenstatt.com\/pt-pt\/","logo":{"@type":"ImageObject","inLanguage":"pt-PT","@id":"https:\/\/schoenstatt.com\/pt-pt\/#\/schema\/logo\/image\/","url":"https:\/\/schoenstatt.com\/wp-content\/uploads\/2025\/04\/logo-schoenstatt-white-696x696-1.png","contentUrl":"https:\/\/schoenstatt.com\/wp-content\/uploads\/2025\/04\/logo-schoenstatt-white-696x696-1.png","width":696,"height":694,"caption":"Schoenstatt"},"image":{"@id":"https:\/\/schoenstatt.com\/pt-pt\/#\/schema\/logo\/image\/"}},{"@type":"Person","@id":"https:\/\/schoenstatt.com\/pt-pt\/#\/schema\/person\/489465b1850e7b216fe2c10dfc262551","name":"admin","image":{"@type":"ImageObject","inLanguage":"pt-PT","@id":"https:\/\/secure.gravatar.com\/avatar\/02e8345e1ec40ab0e0a2a98fdde64a684bbaf994cddcb778b25b8b024ee9dfe6?s=96&d=mm&r=g","url":"https:\/\/secure.gravatar.com\/avatar\/02e8345e1ec40ab0e0a2a98fdde64a684bbaf994cddcb778b25b8b024ee9dfe6?s=96&d=mm&r=g","contentUrl":"https:\/\/secure.gravatar.com\/avatar\/02e8345e1ec40ab0e0a2a98fdde64a684bbaf994cddcb778b25b8b024ee9dfe6?s=96&d=mm&r=g","caption":"admin"},"sameAs":["https:\/\/schoenstatt.com"],"url":"https:\/\/schoenstatt.com\/pt-pt\/author\/admin\/"}]}},"_links":{"self":[{"href":"https:\/\/schoenstatt.com\/pt-pt\/wp-json\/wp\/v2\/posts\/50098","targetHints":{"allow":["GET"]}}],"collection":[{"href":"https:\/\/schoenstatt.com\/pt-pt\/wp-json\/wp\/v2\/posts"}],"about":[{"href":"https:\/\/schoenstatt.com\/pt-pt\/wp-json\/wp\/v2\/types\/post"}],"author":[{"embeddable":true,"href":"https:\/\/schoenstatt.com\/pt-pt\/wp-json\/wp\/v2\/users\/1"}],"replies":[{"embeddable":true,"href":"https:\/\/schoenstatt.com\/pt-pt\/wp-json\/wp\/v2\/comments?post=50098"}],"version-history":[{"count":2,"href":"https:\/\/schoenstatt.com\/pt-pt\/wp-json\/wp\/v2\/posts\/50098\/revisions"}],"predecessor-version":[{"id":55925,"href":"https:\/\/schoenstatt.com\/pt-pt\/wp-json\/wp\/v2\/posts\/50098\/revisions\/55925"}],"wp:featuredmedia":[{"embeddable":true,"href":"https:\/\/schoenstatt.com\/pt-pt\/wp-json\/wp\/v2\/media\/28837"}],"wp:attachment":[{"href":"https:\/\/schoenstatt.com\/pt-pt\/wp-json\/wp\/v2\/media?parent=50098"}],"wp:term":[{"taxonomy":"category","embeddable":true,"href":"https:\/\/schoenstatt.com\/pt-pt\/wp-json\/wp\/v2\/categories?post=50098"},{"taxonomy":"post_tag","embeddable":true,"href":"https:\/\/schoenstatt.com\/pt-pt\/wp-json\/wp\/v2\/tags?post=50098"}],"curies":[{"name":"wp","href":"https:\/\/api.w.org\/{rel}","templated":true}]}}