{"id":50092,"date":"2023-01-08T12:16:39","date_gmt":"2023-01-08T11:16:39","guid":{"rendered":"https:\/\/schoenstattdev.wpenginepowered.com\/?p=28826"},"modified":"2025-04-27T22:23:30","modified_gmt":"2025-04-27T20:23:30","slug":"missa-de-natal-andina-no-meio-do-mundo","status":"publish","type":"post","link":"https:\/\/schoenstatt.com\/pt-pt\/missa-de-natal-andina-no-meio-do-mundo\/","title":{"rendered":"Missa de Natal andina no meio do mundo"},"content":{"rendered":"<p>No Santu\u00e1rio de Schoenstatt, em Alangas\u00ed, Quito, tivemos uma Missa muito especial, em nossa serra inter andina em meio \u00e0s diferentes culturas ind\u00edgenas. O ideal do Santu\u00e1rio \u00e9 \u201c<em><strong>Fam\u00edlia Consagrada, fogo do meio do mundo<\/strong><\/em>\u201d.<\/p>\n<p>A Missa no Santu\u00e1rio come\u00e7a \u00e0s 18h em meio a uma leve chuva. Maria chega \u00e0 porta, montada em um burro, acompanhada de S\u00e3o Jos\u00e9, ambos vestidos com trajes de uma das regi\u00f5es da serra equatoriana. O coral canta \u201c<em>Ya viene el Ni\u00f1ito<\/em>\u201d, uma can\u00e7\u00e3o ind\u00edgena, enquanto os paroquianos aplaudem com alegria.<\/p>\n<p><img fetchpriority=\"high\" decoding=\"async\" class=\"aligncenter wp-image-28820 size-large\" src=\"https:\/\/schoenstatt.com\/wp-content\/uploads\/2023\/01\/WhatsApp-Image-2022-12-29-at-11.13.40-AM-1-1024x768.jpeg\" alt=\"noite de Natal\" width=\"840\" height=\"630\" \/><\/p>\n<p>Esta chegada foi anunciada com a proclama\u00e7\u00e3o dos versos do Pe. Jos\u00e9 Kentenich \u201cO teu Santu\u00e1rio \u00e9 a nossa Bel\u00e9m\u201d.<\/p>\n<blockquote><p>&#8220;Cultura do Encontro \u00e9 uma cultura de Alian\u00e7a que cria solidariedade&#8221; Papa Francisco<\/p><\/blockquote>\n<p>S\u00e3o Jos\u00e9 e a Virgem permaneceram dentro do Santu\u00e1rio at\u00e9 o canto do Gl\u00f3ria da Missa; momento de inef\u00e1vel alegria em que a Virgem Maria sai do Santu\u00e1rio com o Menino nos bra\u00e7os, entrega-o ao sacerdote e este solenemente o apresenta \u00e0 comunidade dos fi\u00e9is presentes.<\/p>\n<p>Surpreendentemente, a chuva parou e o c\u00e9u clareou de tal forma que o Menino andou pelo local cantando enquanto se entoava &#8220;<em>Gl\u00f3ria a Deus nas alturas<\/em>&#8220;. Os casais do Ramo de Fam\u00edlias Vale de Chillos, incluindo peregrinos, representaram as etnias andinas do Equador durante a Eucaristia da noite de Natal.<\/p>\n<p><img decoding=\"async\" class=\"aligncenter wp-image-28792 size-full\" src=\"https:\/\/schoenstatt.com\/wp-content\/uploads\/2023\/01\/WhatsApp-Image-2022-12-26-at-5.56.07-PM-1-1.jpeg\" alt=\"noite de Natal\" width=\"1024\" height=\"768\" srcset=\"https:\/\/schoenstatt.com\/wp-content\/uploads\/2023\/01\/WhatsApp-Image-2022-12-26-at-5.56.07-PM-1-1.jpeg 1024w, https:\/\/schoenstatt.com\/wp-content\/uploads\/2023\/01\/WhatsApp-Image-2022-12-26-at-5.56.07-PM-1-1-768x576.jpeg 768w\" sizes=\"(max-width: 1024px) 100vw, 1024px\" \/><\/p>\n<h3>A encultura\u00e7\u00e3o do Evangelho<\/h3>\n<p><img decoding=\"async\" class=\"alignleft size-medium wp-image-28800\" src=\"https:\/\/schoenstatt.com\/wp-content\/uploads\/2023\/01\/WhatsApp-Image-2022-12-26-at-6.02.25-PM-1-1.jpeg\" alt=\"Misa andina\" width=\"225\" height=\"300\" srcset=\"https:\/\/schoenstatt.com\/wp-content\/uploads\/2023\/01\/WhatsApp-Image-2022-12-26-at-6.02.25-PM-1-1.jpeg 960w, https:\/\/schoenstatt.com\/wp-content\/uploads\/2023\/01\/WhatsApp-Image-2022-12-26-at-6.02.25-PM-1-1-768x1024.jpeg 768w\" sizes=\"(max-width: 225px) 100vw, 225px\" \/><\/p>\n<p>Padre Eduardo Auza, assessor do Ramo das Fam\u00edlias, que celebrou a Santa Missa, associou os valores culturais das diversas etnias \u00e0 primorosa riqueza do Evangelho e ao amor de Deus feito homem tamb\u00e9m nas culturas.<\/p>\n<p>Ele destacou: \u201cIsso nos fala de encultura\u00e7\u00e3o, que se define como um processo de integra\u00e7\u00e3o de uma cultura em outra; e foi isso que aconteceu na v\u00e9spera de Natal, no Natal. Deus quis aculturar-se, trazer a sua cultura de amor, a sua cultura divina e fundir-se conosco. Jesus Cristo, Filho do Pai, do Deus eterno, torna-se um de n\u00f3s, \u00e9 um Deus conosco e esta \u00e9 a grande causa da nossa alegria, da nossa esperan\u00e7a\u201d.<\/p>\n<h3>\u00c9 sobre amar, pensar e viver organicamente<\/h3>\n<p>E continuou: \u201c\u00c9 um processo de encultura\u00e7\u00e3o do divino com o humano, da majestade com a pobreza, da miseric\u00f3rdia com os miser\u00e1veis. Passados \u200b\u200bdois mil anos, ainda temos o desafio: fazer a cultura do Menino de Bel\u00e9m sair vitoriosa diante de tanta cultura descart\u00e1vel. O Padre Kentenich nos diria que se trata de uma nova forma de amar, pensar e viver organicamente. Esta \u00e9 a encultura\u00e7\u00e3o que o Equador recebeu, a cultura do Evangelho, a boa nova que o anjo anunciou aos pastores.<\/p>\n<h3>As culturas das etnias t\u00eam valores evang\u00e9licos<\/h3>\n<p><img loading=\"lazy\" decoding=\"async\" class=\"aligncenter wp-image-28796 size-large\" src=\"https:\/\/schoenstatt.com\/wp-content\/uploads\/2023\/01\/WhatsApp-Image-2022-12-26-at-6.02.23-PM-1.jpeg\" alt=\"noite de Natal\" width=\"840\" height=\"632\" srcset=\"https:\/\/schoenstatt.com\/wp-content\/uploads\/2023\/01\/WhatsApp-Image-2022-12-26-at-6.02.23-PM-1.jpeg 1280w, https:\/\/schoenstatt.com\/wp-content\/uploads\/2023\/01\/WhatsApp-Image-2022-12-26-at-6.02.23-PM-1-768x578.jpeg 768w\" sizes=\"(max-width: 840px) 100vw, 840px\" \/><\/p>\n<p>As culturas das etnias aqui representadas t\u00eam valores evang\u00e9licos, como o elevado sentido de comunidade, as suas artes e of\u00edcios, os seus rem\u00e9dios, as suas tradi\u00e7\u00f5es, etc. Tenhamos a aud\u00e1cia de decidir pela cultura do Evangelho e da noite de Natal, a cultura do amor. Dai-nos ouvidos para vos escutar, curiosidade para vos procurar, cora\u00e7\u00e3o atento para vos contemplar, atitude para vos anunciar, aud\u00e1cia para vos anunciar, piedade para vos rezar, humildade para vos servir, hero\u00edsmo para vos amar, generosidade para vos partilhar, gratid\u00e3o para vos adorar&#8230; Em suma, \u201cvestir o poncho de Cristo, que \u00e9 revestir-se do homem novo\u201d, concluiu.<\/p>\n<p>O minist\u00e9rio de m\u00fasica selecionou can\u00e7\u00f5es e cantigas natalinas de origem aut\u00f3ctone, de acordo com a ocasi\u00e3o, com emo\u00e7\u00e3o e solenidade ao mesmo tempo.<\/p>\n<h3>Cinco etnias da terra equatoriana trazem suas oferendas<\/h3>\n<p>As oferendas foram apresentadas pelas diferentes etnias: espigas de trigo, h\u00f3stias e patenas, etnia Cayambe; uva, vinho e c\u00e1lice, etnia Cayambe; frutos da nossa serra: etnia Chibuleo; velas e incensos, etnia Saraguro; flores, etnia Natabuela<\/p>\n<h3>Adora\u00e7\u00e3o do Menino<\/h3>\n<p><img loading=\"lazy\" decoding=\"async\" class=\"size-medium wp-image-28808 alignright\" src=\"https:\/\/schoenstatt.com\/wp-content\/uploads\/2023\/01\/WhatsApp-Image-2022-12-26-at-8.36.40-PM-2-1-225x300.jpeg\" alt=\"\" width=\"225\" height=\"300\" \/><\/p>\n<p>Uma bela imagem p\u00f4de ser contemplada com o Menino Jesus colocado em um local ao lado do pres\u00e9pio vivo. Chegaram mais de 100 imagens do Menino Jesus, ancestrais, modernas, da escola Caspicara de Quito, todas lindamente vestidas.<\/p>\n<p>Ap\u00f3s a comunh\u00e3o, a imagem do Menino Deus foi colocada em frente ao Santu\u00e1rio e houve um momento de adora\u00e7\u00e3o. Foi solene, com muita medita\u00e7\u00e3o e profunda interioriza\u00e7\u00e3o do mist\u00e9rio de Deus feito homem na nossa humanidade.<\/p>\n<h3>Fogo no meio do mundo<\/h3>\n<p>Assim, tivemos o presente de uma noite de Natal muito emocionante, alegre e esperan\u00e7osa. No final houve um clima de grande alegria familiar. Todos quiseram tirar fotos junto ao pres\u00e9pio ao vivo e foram ao Santu\u00e1rio receber as gra\u00e7as do Natal.<\/p>\n<p>Por fim, o Pe. Eduardo implorou a Deus e \u00e0 Sant\u00edssima Virgem que guiem o nosso caminho para a cultura do Menino Jesus.<\/p>\n<p>No dia 20 de janeiro, <a href=\"https:\/\/schoenstattdev.wpenginepowered.com\/pt-pt\/espiritualidade\/ceu-e-terra-se-uniram-para-celebrar-os-50-anos-do-santuario-nacional\/\">nosso Santu\u00e1rio<\/a> comemora 30 anos de exist\u00eancia com seu ideal: \u201c<em><strong>Fogo no meio do mundo<\/strong><\/em>\u201d e queremos continuar avivando esse fogo.<\/p>\n","protected":false},"excerpt":{"rendered":"<p>A Missa da Noite de Natal no Santu\u00e1rio de Schoenstatt em Quito teve um colorido muito especial. Maria chegando montada em um burro, oferendas de cinco etnias ind\u00edgenas do Equador e uma homilia do Pe. Eduardo Auza unindo a realidade da cidade com o milagre divino de Bel\u00e9m.<\/p>\n","protected":false},"author":1,"featured_media":28804,"comment_status":"closed","ping_status":"closed","sticky":false,"template":"","format":"standard","meta":{"footnotes":""},"categories":[636,876],"tags":[],"class_list":["post-50092","post","type-post","status-publish","format-standard","has-post-thumbnail","hentry","category-eventos-pt-pt","category-familia-pt-pt"],"yoast_head":"<!-- This site is optimized with the Yoast SEO Premium plugin v27.4 (Yoast SEO v27.4) - https:\/\/yoast.com\/product\/yoast-seo-premium-wordpress\/ -->\n<title>Missa de Natal andina no meio do mundo - Schoenstatt<\/title>\n<meta name=\"description\" content=\"A celebra\u00e7\u00e3o da noite de Natal no Santu\u00e1rio de Schoenstatt em Quito teve um colorido muito especial, com a participa\u00e7\u00e3o de cinco etnias.\" \/>\n<meta name=\"robots\" content=\"index, follow, max-snippet:-1, max-image-preview:large, max-video-preview:-1\" \/>\n<link rel=\"canonical\" href=\"https:\/\/schoenstatt.com\/pt-pt\/missa-de-natal-andina-no-meio-do-mundo\/\" \/>\n<meta property=\"og:locale\" content=\"pt_PT\" \/>\n<meta property=\"og:type\" content=\"article\" \/>\n<meta property=\"og:title\" content=\"Missa de Natal andina no meio do mundo\" \/>\n<meta property=\"og:description\" content=\"A celebra\u00e7\u00e3o da noite de Natal no Santu\u00e1rio de Schoenstatt em Quito teve um colorido muito especial, com a participa\u00e7\u00e3o de cinco etnias.\" \/>\n<meta property=\"og:url\" content=\"https:\/\/schoenstatt.com\/pt-pt\/missa-de-natal-andina-no-meio-do-mundo\/\" \/>\n<meta property=\"og:site_name\" content=\"Schoenstatt\" \/>\n<meta property=\"article:published_time\" content=\"2023-01-08T11:16:39+00:00\" \/>\n<meta property=\"article:modified_time\" content=\"2025-04-27T20:23:30+00:00\" \/>\n<meta property=\"og:image\" content=\"https:\/\/schoenstatt.com\/wp-content\/uploads\/2023\/01\/WhatsApp-Image-2022-12-26-at-6.02.26-PM-1.jpeg\" \/>\n\t<meta property=\"og:image:width\" content=\"1280\" \/>\n\t<meta property=\"og:image:height\" content=\"960\" \/>\n\t<meta property=\"og:image:type\" content=\"image\/jpeg\" \/>\n<meta name=\"author\" content=\"admin\" \/>\n<meta name=\"twitter:card\" content=\"summary_large_image\" \/>\n<meta name=\"twitter:label1\" content=\"Escrito por\" \/>\n\t<meta name=\"twitter:data1\" content=\"admin\" \/>\n\t<meta name=\"twitter:label2\" content=\"Tempo estimado de leitura\" \/>\n\t<meta name=\"twitter:data2\" content=\"5 minutos\" \/>\n<script type=\"application\/ld+json\" class=\"yoast-schema-graph\">{\"@context\":\"https:\\\/\\\/schema.org\",\"@graph\":[{\"@type\":\"Article\",\"@id\":\"https:\\\/\\\/schoenstatt.com\\\/pt-pt\\\/missa-de-natal-andina-no-meio-do-mundo\\\/#article\",\"isPartOf\":{\"@id\":\"https:\\\/\\\/schoenstatt.com\\\/pt-pt\\\/missa-de-natal-andina-no-meio-do-mundo\\\/\"},\"author\":{\"name\":\"admin\",\"@id\":\"https:\\\/\\\/schoenstatt.com\\\/pt-pt\\\/#\\\/schema\\\/person\\\/489465b1850e7b216fe2c10dfc262551\"},\"headline\":\"Missa de Natal andina no meio do mundo\",\"datePublished\":\"2023-01-08T11:16:39+00:00\",\"dateModified\":\"2025-04-27T20:23:30+00:00\",\"mainEntityOfPage\":{\"@id\":\"https:\\\/\\\/schoenstatt.com\\\/pt-pt\\\/missa-de-natal-andina-no-meio-do-mundo\\\/\"},\"wordCount\":835,\"publisher\":{\"@id\":\"https:\\\/\\\/schoenstatt.com\\\/pt-pt\\\/#organization\"},\"image\":{\"@id\":\"https:\\\/\\\/schoenstatt.com\\\/pt-pt\\\/missa-de-natal-andina-no-meio-do-mundo\\\/#primaryimage\"},\"thumbnailUrl\":\"https:\\\/\\\/schoenstatt.com\\\/wp-content\\\/uploads\\\/2023\\\/01\\\/WhatsApp-Image-2022-12-26-at-6.02.26-PM-1.jpeg\",\"articleSection\":[\"Eventos\",\"Fam\u00edlia\"],\"inLanguage\":\"pt-PT\"},{\"@type\":\"WebPage\",\"@id\":\"https:\\\/\\\/schoenstatt.com\\\/pt-pt\\\/missa-de-natal-andina-no-meio-do-mundo\\\/\",\"url\":\"https:\\\/\\\/schoenstatt.com\\\/pt-pt\\\/missa-de-natal-andina-no-meio-do-mundo\\\/\",\"name\":\"Missa de Natal andina no meio do mundo - Schoenstatt\",\"isPartOf\":{\"@id\":\"https:\\\/\\\/schoenstatt.com\\\/pt-pt\\\/#website\"},\"primaryImageOfPage\":{\"@id\":\"https:\\\/\\\/schoenstatt.com\\\/pt-pt\\\/missa-de-natal-andina-no-meio-do-mundo\\\/#primaryimage\"},\"image\":{\"@id\":\"https:\\\/\\\/schoenstatt.com\\\/pt-pt\\\/missa-de-natal-andina-no-meio-do-mundo\\\/#primaryimage\"},\"thumbnailUrl\":\"https:\\\/\\\/schoenstatt.com\\\/wp-content\\\/uploads\\\/2023\\\/01\\\/WhatsApp-Image-2022-12-26-at-6.02.26-PM-1.jpeg\",\"datePublished\":\"2023-01-08T11:16:39+00:00\",\"dateModified\":\"2025-04-27T20:23:30+00:00\",\"description\":\"A celebra\u00e7\u00e3o da noite de Natal no Santu\u00e1rio de Schoenstatt em Quito teve um colorido muito especial, com a participa\u00e7\u00e3o de cinco etnias.\",\"breadcrumb\":{\"@id\":\"https:\\\/\\\/schoenstatt.com\\\/pt-pt\\\/missa-de-natal-andina-no-meio-do-mundo\\\/#breadcrumb\"},\"inLanguage\":\"pt-PT\",\"potentialAction\":[{\"@type\":\"ReadAction\",\"target\":[\"https:\\\/\\\/schoenstatt.com\\\/pt-pt\\\/missa-de-natal-andina-no-meio-do-mundo\\\/\"]}]},{\"@type\":\"ImageObject\",\"inLanguage\":\"pt-PT\",\"@id\":\"https:\\\/\\\/schoenstatt.com\\\/pt-pt\\\/missa-de-natal-andina-no-meio-do-mundo\\\/#primaryimage\",\"url\":\"https:\\\/\\\/schoenstatt.com\\\/wp-content\\\/uploads\\\/2023\\\/01\\\/WhatsApp-Image-2022-12-26-at-6.02.26-PM-1.jpeg\",\"contentUrl\":\"https:\\\/\\\/schoenstatt.com\\\/wp-content\\\/uploads\\\/2023\\\/01\\\/WhatsApp-Image-2022-12-26-at-6.02.26-PM-1.jpeg\",\"width\":1280,\"height\":960,\"caption\":\"Andean Christmas Eve\"},{\"@type\":\"BreadcrumbList\",\"@id\":\"https:\\\/\\\/schoenstatt.com\\\/pt-pt\\\/missa-de-natal-andina-no-meio-do-mundo\\\/#breadcrumb\",\"itemListElement\":[{\"@type\":\"ListItem\",\"position\":1,\"name\":\"Portada\",\"item\":\"https:\\\/\\\/schoenstatt.com\\\/pt-pt\\\/home\\\/\"},{\"@type\":\"ListItem\",\"position\":2,\"name\":\"Missa de Natal andina no meio do mundo\"}]},{\"@type\":\"WebSite\",\"@id\":\"https:\\\/\\\/schoenstatt.com\\\/pt-pt\\\/#website\",\"url\":\"https:\\\/\\\/schoenstatt.com\\\/pt-pt\\\/\",\"name\":\"Schoenstatt\",\"description\":\"Apostolic Movement\",\"publisher\":{\"@id\":\"https:\\\/\\\/schoenstatt.com\\\/pt-pt\\\/#organization\"},\"potentialAction\":[{\"@type\":\"SearchAction\",\"target\":{\"@type\":\"EntryPoint\",\"urlTemplate\":\"https:\\\/\\\/schoenstatt.com\\\/pt-pt\\\/?s={search_term_string}\"},\"query-input\":{\"@type\":\"PropertyValueSpecification\",\"valueRequired\":true,\"valueName\":\"search_term_string\"}}],\"inLanguage\":\"pt-PT\"},{\"@type\":\"Organization\",\"@id\":\"https:\\\/\\\/schoenstatt.com\\\/pt-pt\\\/#organization\",\"name\":\"Schoenstatt\",\"url\":\"https:\\\/\\\/schoenstatt.com\\\/pt-pt\\\/\",\"logo\":{\"@type\":\"ImageObject\",\"inLanguage\":\"pt-PT\",\"@id\":\"https:\\\/\\\/schoenstatt.com\\\/pt-pt\\\/#\\\/schema\\\/logo\\\/image\\\/\",\"url\":\"https:\\\/\\\/schoenstatt.com\\\/wp-content\\\/uploads\\\/2025\\\/04\\\/logo-schoenstatt-white-696x696-1.png\",\"contentUrl\":\"https:\\\/\\\/schoenstatt.com\\\/wp-content\\\/uploads\\\/2025\\\/04\\\/logo-schoenstatt-white-696x696-1.png\",\"width\":696,\"height\":694,\"caption\":\"Schoenstatt\"},\"image\":{\"@id\":\"https:\\\/\\\/schoenstatt.com\\\/pt-pt\\\/#\\\/schema\\\/logo\\\/image\\\/\"}},{\"@type\":\"Person\",\"@id\":\"https:\\\/\\\/schoenstatt.com\\\/pt-pt\\\/#\\\/schema\\\/person\\\/489465b1850e7b216fe2c10dfc262551\",\"name\":\"admin\",\"image\":{\"@type\":\"ImageObject\",\"inLanguage\":\"pt-PT\",\"@id\":\"https:\\\/\\\/secure.gravatar.com\\\/avatar\\\/02e8345e1ec40ab0e0a2a98fdde64a684bbaf994cddcb778b25b8b024ee9dfe6?s=96&d=mm&r=g\",\"url\":\"https:\\\/\\\/secure.gravatar.com\\\/avatar\\\/02e8345e1ec40ab0e0a2a98fdde64a684bbaf994cddcb778b25b8b024ee9dfe6?s=96&d=mm&r=g\",\"contentUrl\":\"https:\\\/\\\/secure.gravatar.com\\\/avatar\\\/02e8345e1ec40ab0e0a2a98fdde64a684bbaf994cddcb778b25b8b024ee9dfe6?s=96&d=mm&r=g\",\"caption\":\"admin\"},\"sameAs\":[\"https:\\\/\\\/schoenstatt.com\"],\"url\":\"https:\\\/\\\/schoenstatt.com\\\/pt-pt\\\/author\\\/admin\\\/\"}]}<\/script>\n<!-- \/ Yoast SEO Premium plugin. -->","yoast_head_json":{"title":"Missa de Natal andina no meio do mundo - Schoenstatt","description":"A celebra\u00e7\u00e3o da noite de Natal no Santu\u00e1rio de Schoenstatt em Quito teve um colorido muito especial, com a participa\u00e7\u00e3o de cinco etnias.","robots":{"index":"index","follow":"follow","max-snippet":"max-snippet:-1","max-image-preview":"max-image-preview:large","max-video-preview":"max-video-preview:-1"},"canonical":"https:\/\/schoenstatt.com\/pt-pt\/missa-de-natal-andina-no-meio-do-mundo\/","og_locale":"pt_PT","og_type":"article","og_title":"Missa de Natal andina no meio do mundo","og_description":"A celebra\u00e7\u00e3o da noite de Natal no Santu\u00e1rio de Schoenstatt em Quito teve um colorido muito especial, com a participa\u00e7\u00e3o de cinco etnias.","og_url":"https:\/\/schoenstatt.com\/pt-pt\/missa-de-natal-andina-no-meio-do-mundo\/","og_site_name":"Schoenstatt","article_published_time":"2023-01-08T11:16:39+00:00","article_modified_time":"2025-04-27T20:23:30+00:00","og_image":[{"width":1280,"height":960,"url":"https:\/\/schoenstatt.com\/wp-content\/uploads\/2023\/01\/WhatsApp-Image-2022-12-26-at-6.02.26-PM-1.jpeg","type":"image\/jpeg"}],"author":"admin","twitter_card":"summary_large_image","twitter_misc":{"Escrito por":"admin","Tempo estimado de leitura":"5 minutos"},"schema":{"@context":"https:\/\/schema.org","@graph":[{"@type":"Article","@id":"https:\/\/schoenstatt.com\/pt-pt\/missa-de-natal-andina-no-meio-do-mundo\/#article","isPartOf":{"@id":"https:\/\/schoenstatt.com\/pt-pt\/missa-de-natal-andina-no-meio-do-mundo\/"},"author":{"name":"admin","@id":"https:\/\/schoenstatt.com\/pt-pt\/#\/schema\/person\/489465b1850e7b216fe2c10dfc262551"},"headline":"Missa de Natal andina no meio do mundo","datePublished":"2023-01-08T11:16:39+00:00","dateModified":"2025-04-27T20:23:30+00:00","mainEntityOfPage":{"@id":"https:\/\/schoenstatt.com\/pt-pt\/missa-de-natal-andina-no-meio-do-mundo\/"},"wordCount":835,"publisher":{"@id":"https:\/\/schoenstatt.com\/pt-pt\/#organization"},"image":{"@id":"https:\/\/schoenstatt.com\/pt-pt\/missa-de-natal-andina-no-meio-do-mundo\/#primaryimage"},"thumbnailUrl":"https:\/\/schoenstatt.com\/wp-content\/uploads\/2023\/01\/WhatsApp-Image-2022-12-26-at-6.02.26-PM-1.jpeg","articleSection":["Eventos","Fam\u00edlia"],"inLanguage":"pt-PT"},{"@type":"WebPage","@id":"https:\/\/schoenstatt.com\/pt-pt\/missa-de-natal-andina-no-meio-do-mundo\/","url":"https:\/\/schoenstatt.com\/pt-pt\/missa-de-natal-andina-no-meio-do-mundo\/","name":"Missa de Natal andina no meio do mundo - Schoenstatt","isPartOf":{"@id":"https:\/\/schoenstatt.com\/pt-pt\/#website"},"primaryImageOfPage":{"@id":"https:\/\/schoenstatt.com\/pt-pt\/missa-de-natal-andina-no-meio-do-mundo\/#primaryimage"},"image":{"@id":"https:\/\/schoenstatt.com\/pt-pt\/missa-de-natal-andina-no-meio-do-mundo\/#primaryimage"},"thumbnailUrl":"https:\/\/schoenstatt.com\/wp-content\/uploads\/2023\/01\/WhatsApp-Image-2022-12-26-at-6.02.26-PM-1.jpeg","datePublished":"2023-01-08T11:16:39+00:00","dateModified":"2025-04-27T20:23:30+00:00","description":"A celebra\u00e7\u00e3o da noite de Natal no Santu\u00e1rio de Schoenstatt em Quito teve um colorido muito especial, com a participa\u00e7\u00e3o de cinco etnias.","breadcrumb":{"@id":"https:\/\/schoenstatt.com\/pt-pt\/missa-de-natal-andina-no-meio-do-mundo\/#breadcrumb"},"inLanguage":"pt-PT","potentialAction":[{"@type":"ReadAction","target":["https:\/\/schoenstatt.com\/pt-pt\/missa-de-natal-andina-no-meio-do-mundo\/"]}]},{"@type":"ImageObject","inLanguage":"pt-PT","@id":"https:\/\/schoenstatt.com\/pt-pt\/missa-de-natal-andina-no-meio-do-mundo\/#primaryimage","url":"https:\/\/schoenstatt.com\/wp-content\/uploads\/2023\/01\/WhatsApp-Image-2022-12-26-at-6.02.26-PM-1.jpeg","contentUrl":"https:\/\/schoenstatt.com\/wp-content\/uploads\/2023\/01\/WhatsApp-Image-2022-12-26-at-6.02.26-PM-1.jpeg","width":1280,"height":960,"caption":"Andean Christmas Eve"},{"@type":"BreadcrumbList","@id":"https:\/\/schoenstatt.com\/pt-pt\/missa-de-natal-andina-no-meio-do-mundo\/#breadcrumb","itemListElement":[{"@type":"ListItem","position":1,"name":"Portada","item":"https:\/\/schoenstatt.com\/pt-pt\/home\/"},{"@type":"ListItem","position":2,"name":"Missa de Natal andina no meio do mundo"}]},{"@type":"WebSite","@id":"https:\/\/schoenstatt.com\/pt-pt\/#website","url":"https:\/\/schoenstatt.com\/pt-pt\/","name":"Schoenstatt","description":"Apostolic Movement","publisher":{"@id":"https:\/\/schoenstatt.com\/pt-pt\/#organization"},"potentialAction":[{"@type":"SearchAction","target":{"@type":"EntryPoint","urlTemplate":"https:\/\/schoenstatt.com\/pt-pt\/?s={search_term_string}"},"query-input":{"@type":"PropertyValueSpecification","valueRequired":true,"valueName":"search_term_string"}}],"inLanguage":"pt-PT"},{"@type":"Organization","@id":"https:\/\/schoenstatt.com\/pt-pt\/#organization","name":"Schoenstatt","url":"https:\/\/schoenstatt.com\/pt-pt\/","logo":{"@type":"ImageObject","inLanguage":"pt-PT","@id":"https:\/\/schoenstatt.com\/pt-pt\/#\/schema\/logo\/image\/","url":"https:\/\/schoenstatt.com\/wp-content\/uploads\/2025\/04\/logo-schoenstatt-white-696x696-1.png","contentUrl":"https:\/\/schoenstatt.com\/wp-content\/uploads\/2025\/04\/logo-schoenstatt-white-696x696-1.png","width":696,"height":694,"caption":"Schoenstatt"},"image":{"@id":"https:\/\/schoenstatt.com\/pt-pt\/#\/schema\/logo\/image\/"}},{"@type":"Person","@id":"https:\/\/schoenstatt.com\/pt-pt\/#\/schema\/person\/489465b1850e7b216fe2c10dfc262551","name":"admin","image":{"@type":"ImageObject","inLanguage":"pt-PT","@id":"https:\/\/secure.gravatar.com\/avatar\/02e8345e1ec40ab0e0a2a98fdde64a684bbaf994cddcb778b25b8b024ee9dfe6?s=96&d=mm&r=g","url":"https:\/\/secure.gravatar.com\/avatar\/02e8345e1ec40ab0e0a2a98fdde64a684bbaf994cddcb778b25b8b024ee9dfe6?s=96&d=mm&r=g","contentUrl":"https:\/\/secure.gravatar.com\/avatar\/02e8345e1ec40ab0e0a2a98fdde64a684bbaf994cddcb778b25b8b024ee9dfe6?s=96&d=mm&r=g","caption":"admin"},"sameAs":["https:\/\/schoenstatt.com"],"url":"https:\/\/schoenstatt.com\/pt-pt\/author\/admin\/"}]}},"_links":{"self":[{"href":"https:\/\/schoenstatt.com\/pt-pt\/wp-json\/wp\/v2\/posts\/50092","targetHints":{"allow":["GET"]}}],"collection":[{"href":"https:\/\/schoenstatt.com\/pt-pt\/wp-json\/wp\/v2\/posts"}],"about":[{"href":"https:\/\/schoenstatt.com\/pt-pt\/wp-json\/wp\/v2\/types\/post"}],"author":[{"embeddable":true,"href":"https:\/\/schoenstatt.com\/pt-pt\/wp-json\/wp\/v2\/users\/1"}],"replies":[{"embeddable":true,"href":"https:\/\/schoenstatt.com\/pt-pt\/wp-json\/wp\/v2\/comments?post=50092"}],"version-history":[{"count":1,"href":"https:\/\/schoenstatt.com\/pt-pt\/wp-json\/wp\/v2\/posts\/50092\/revisions"}],"predecessor-version":[{"id":50217,"href":"https:\/\/schoenstatt.com\/pt-pt\/wp-json\/wp\/v2\/posts\/50092\/revisions\/50217"}],"wp:featuredmedia":[{"embeddable":true,"href":"https:\/\/schoenstatt.com\/pt-pt\/wp-json\/wp\/v2\/media\/28804"}],"wp:attachment":[{"href":"https:\/\/schoenstatt.com\/pt-pt\/wp-json\/wp\/v2\/media?parent=50092"}],"wp:term":[{"taxonomy":"category","embeddable":true,"href":"https:\/\/schoenstatt.com\/pt-pt\/wp-json\/wp\/v2\/categories?post=50092"},{"taxonomy":"post_tag","embeddable":true,"href":"https:\/\/schoenstatt.com\/pt-pt\/wp-json\/wp\/v2\/tags?post=50092"}],"curies":[{"name":"wp","href":"https:\/\/api.w.org\/{rel}","templated":true}]}}