{"id":50082,"date":"2023-01-01T11:29:29","date_gmt":"2023-01-01T10:29:29","guid":{"rendered":"https:\/\/schoenstattdev.wpenginepowered.com\/?p=28661"},"modified":"2025-04-27T22:23:20","modified_gmt":"2025-04-27T20:23:20","slug":"sempre-o-mesmo-cristo-que-nos-convida-a-ama-lo","status":"publish","type":"post","link":"https:\/\/schoenstatt.com\/pt-pt\/sempre-o-mesmo-cristo-que-nos-convida-a-ama-lo\/","title":{"rendered":"Sempre o mesmo Cristo que nos convida a am\u00e1-lo"},"content":{"rendered":"<h3>Fam\u00edlia: Vanessa Muriel e Adri\u00e1n Turrado. Quer\u00e9taro, M\u00e9xico.<\/h3>\n<p><img fetchpriority=\"high\" decoding=\"async\" class=\"aligncenter wp-image-28629 size-large\" src=\"https:\/\/schoenstattdev.wpenginepowered.com\/wp-content\/uploads\/2023\/01\/ES-1-Vanesa-Muriel-769x1024.jpg\" alt=\" mesmo Cristo\" width=\"769\" height=\"1024\" \/><\/p>\n<p>Este ano o Natal foi para n\u00f3s um tempo de acolhimento, confian\u00e7a e fidelidade. Jesus em sua manjedoura ensina-nos que \u00e9 na simplicidade e na humildade que a vida di\u00e1ria faz sentido, algo que queremos viver dia a dia.<\/p>\n<h3>Fam\u00edlia Saavedra Ru\u00edz. Quer\u00e9taro, M\u00e9xico<\/h3>\n<p><img decoding=\"async\" class=\"aligncenter wp-image-28633 size-full\" src=\"https:\/\/schoenstatt.com\/wp-content\/uploads\/2023\/01\/ES-2-Saavedra-Ruiz-rotated-1.jpg\" alt=\" mesmo Cristo\" width=\"480\" height=\"640\" \/><\/p>\n<p>Compartilhamos que para L\u00eddia e Ram\u00f3n este Natal foi muito diferente j\u00e1 que estavam na comunidade onde L\u00eddia nasceu (Rancho Donica), neste local ainda se fazem as tradicionais pousadas, reza do Santo Ter\u00e7o com a ladainha em latim, depois h\u00e1 um conv\u00edvio muito familiar com comida e jogos, no dia 24 depois do Santo Ter\u00e7o se embala o menino e depois cada fam\u00edlia se retira para sua casa para compartilhar o jantar em fam\u00edlia.<\/p>\n<h3>Fam\u00edlia Tello V\u00e1zquez \u2013 Celaya, M\u00e9xico<\/h3>\n<p><img decoding=\"async\" class=\"aligncenter wp-image-28637 size-large\" src=\"https:\/\/schoenstattdev.wpenginepowered.com\/wp-content\/uploads\/2023\/01\/ES-3-Noemi-Tello-461x1024.jpg\" alt=\"\" width=\"461\" height=\"1024\" \/><\/p>\n<p>Este Natal significou voltar a se reunir em fam\u00edlia depois da pandemia, de uma forma mais livre e a desfrutando o tempo juntos. \u00c9 uma tradi\u00e7\u00e3o ir \u00e0 Santa Missa, embalar o menino Jesus e fazer uma reflex\u00e3o juntos onde agradecemos pelos dons recebidos. \u00c9 lindo estarmos unidos e abra\u00e7ados em torno da Sagrada Fam\u00edlia.<\/p>\n<h3>Isabel Figueroa, M\u00e9xico (Irlanda)<\/h3>\n<p><img loading=\"lazy\" decoding=\"async\" class=\"aligncenter wp-image-28641 size-large\" src=\"https:\/\/schoenstattdev.wpenginepowered.com\/wp-content\/uploads\/2023\/01\/ES-4-Isa-Figueroa-768x1024.jpg\" alt=\" mesmo Cristo\" width=\"768\" height=\"1024\" \/><\/p>\n<p>No momento estou vivendo na Irlanda. Ter a oportunidade de viver o Natal fora do meu pa\u00eds me fez apreciar, de uma forma especial, as tradi\u00e7\u00f5es do meu pa\u00eds, mas tamb\u00e9m me ajudou a expandir meu cora\u00e7\u00e3o para apreciar as tradi\u00e7\u00f5es do pa\u00eds que me acolhe. Este Natal foi para mim como o caminho para Bel\u00e9m. Por um lado, h\u00e1 escurid\u00e3o e incerteza se verei o milagre, mas em meio a isso brilha a luz da confian\u00e7a que acompanha e d\u00e1 paz. Quero acreditar, simplesmente decido acreditar.<\/p>\n<h3>Fam\u00edlia Young \u2013 Panam\u00e1<\/h3>\n<p><img loading=\"lazy\" decoding=\"async\" class=\"aligncenter wp-image-28645 size-full\" src=\"https:\/\/schoenstatt.com\/wp-content\/uploads\/2023\/01\/ES-5-Jessica-Young-rotated-1.jpeg\" alt=\"mismo Cristo\" width=\"480\" height=\"640\" \/><\/p>\n<p>Este \u00e9 o nosso nascimento, a que temos em casa, meu marido e nosso filho participaram colocando algumas decora\u00e7\u00f5es, no entanto sou a menina da casa que ao montar, todos os anos, o mesmo sonho ao incluir cada pe\u00e7a e imaginar a chegada de Jesus ao nosso lar.<\/p>\n<p>Um abra\u00e7o e Feliz Natal<\/p>\n<p><em><strong>(A primeira foto do artigo \u00e9 o pres\u00e9pio da par\u00f3quia de Santa Marta no Panam\u00e1)<\/strong><\/em><\/p>\n<h3>Doug Ulp USA<\/h3>\n<p>S\u00f3 queria te agradecer por tudo que voc\u00ea faz. Moro em Rochester, NY, longe de qualquer comunidade e santu\u00e1rio e \u00e9 realmente atrav\u00e9s de seus artigos que cres\u00e7o e me mantenho conectado com o movimento.<\/p>\n<p>Eu sei que o pedido recente foi em rela\u00e7\u00e3o ao Natal, ent\u00e3o eu s\u00f3 quero dizer obrigado e Feliz Natal pelo dom da f\u00e9 que todos voc\u00eas proporcionam \u00e0 comunidade de Schoenstatt.<\/p>\n<p><img loading=\"lazy\" decoding=\"async\" class=\"aligncenter wp-image-28625 size-large\" src=\"https:\/\/schoenstattdev.wpenginepowered.com\/wp-content\/uploads\/2023\/01\/EN-7-Doug-Ulp-1024x683.jpg\" alt=\"mismo Cristo\" width=\"840\" height=\"560\" \/><\/p>\n<p>Esta \u00e9 uma foto do meu quarto e do meu pequeno espa\u00e7o sagrado e santu\u00e1rio.<\/p>\n<h3>Fam\u00edlia Espiritual \u201cA Obra\u201d \u2013 Roma, It\u00e1lia<\/h3>\n<p><img loading=\"lazy\" decoding=\"async\" class=\"aligncenter wp-image-28653 size-large\" src=\"https:\/\/schoenstattdev.wpenginepowered.com\/wp-content\/uploads\/2023\/01\/ES-8-Geistliche-Familie-DAs-Werk-461x1024.jpg\" alt=\"\" width=\"461\" height=\"1024\" \/><\/p>\n<p>Esta \u00e9 a nossa manjedoura em Roma. A foto n\u00e3o \u00e9 de muito boa qualidade, mas para mim representa uma realidade maravilhosa: \u00e9 sempre o mesmo Cristo que nos convida a am\u00e1-lo&#8230; como menino na manjedoura, na missa e na adora\u00e7\u00e3o no altar e na Cruz.<\/p>\n<h3>Pres\u00e9pio das Irm\u00e3s Salvatorianas em Roma, It\u00e1lia<\/h3>\n<p><img loading=\"lazy\" decoding=\"async\" class=\"aligncenter wp-image-28657 size-large\" src=\"https:\/\/schoenstattdev.wpenginepowered.com\/wp-content\/uploads\/2023\/01\/ES-9-Salvatorianas-Roma-461x1024.jpg\" alt=\"\" width=\"461\" height=\"1024\" \/><\/p>\n<p>Jesus, completamente abrigado no seio de Maria e S\u00e3o Jos\u00e9, seu centro comum. Natal 2022: Jesus seguro no meu cora\u00e7\u00e3o, centro da minha vida? E abrigado na Igreja e \u00e9 o seu centro?<\/p>\n<p><em><strong>Convite<\/strong><\/em>: Convidamos voc\u00ea a nos enviar uma foto de seu <a href=\"https:\/\/schoenstattdev.wpenginepowered.com\/pt-pt\/espiritualidade\/feliz-natal-e-prospero-ano-de-2023\/\">pres\u00e9pio em casa<\/a>, com o nome da Fam\u00edlia, o seu pa\u00eds\u00a0 e em 5 linhas descrever o que este Natal de 2022 significa para voc\u00ea. Por favor envie suas fotos via<em><strong>\u00a0info@schoenstatt.com<\/strong><\/em>\u00a0e o \u00faltimo dia para receber as fotos \u00e9 6 de janeiro de 2023. Ficamos muito felizes com sua participa\u00e7\u00e3o.<\/p>\n","protected":false},"excerpt":{"rendered":"<p>Agradecemos as primeiras contribui\u00e7\u00f5es para conhecer e valorizar os diferentes costumes e estilos de pres\u00e9pios no Mundo<\/p>\n","protected":false},"author":1,"featured_media":28646,"comment_status":"closed","ping_status":"closed","sticky":false,"template":"","format":"standard","meta":{"footnotes":""},"categories":[636,876],"tags":[],"class_list":["post-50082","post","type-post","status-publish","format-standard","has-post-thumbnail","hentry","category-eventos-pt-pt","category-familia-pt-pt"],"yoast_head":"<!-- This site is optimized with the Yoast SEO Premium plugin v27.4 (Yoast SEO v27.4) - https:\/\/yoast.com\/product\/yoast-seo-premium-wordpress\/ -->\n<title>Sempre o mesmo Cristo que nos convida a am\u00e1-lo - Schoenstatt<\/title>\n<meta name=\"description\" content=\"Sempre o mesmo Cristo que nos convida a am\u00e1-lo - Com gratid\u00e3o acolhemos as contribui\u00e7\u00f5es para conhecer e valorizar seus pres\u00e9pios\" \/>\n<meta name=\"robots\" content=\"index, follow, max-snippet:-1, max-image-preview:large, max-video-preview:-1\" \/>\n<link rel=\"canonical\" href=\"https:\/\/schoenstatt.com\/pt-pt\/sempre-o-mesmo-cristo-que-nos-convida-a-ama-lo\/\" \/>\n<meta property=\"og:locale\" content=\"pt_PT\" \/>\n<meta property=\"og:type\" content=\"article\" \/>\n<meta property=\"og:title\" content=\"Sempre o mesmo Cristo que nos convida a am\u00e1-lo\" \/>\n<meta property=\"og:description\" content=\"Sempre o mesmo Cristo que nos convida a am\u00e1-lo - Com gratid\u00e3o acolhemos as contribui\u00e7\u00f5es para conhecer e valorizar seus pres\u00e9pios\" \/>\n<meta property=\"og:url\" content=\"https:\/\/schoenstatt.com\/pt-pt\/sempre-o-mesmo-cristo-que-nos-convida-a-ama-lo\/\" \/>\n<meta property=\"og:site_name\" content=\"Schoenstatt\" \/>\n<meta property=\"article:published_time\" content=\"2023-01-01T10:29:29+00:00\" \/>\n<meta property=\"article:modified_time\" content=\"2025-04-27T20:23:20+00:00\" \/>\n<meta property=\"og:image\" content=\"https:\/\/schoenstatt.com\/wp-content\/uploads\/2023\/01\/ES-6-Parroquia-Santa-Martha-en-Panama-1.jpg\" \/>\n\t<meta property=\"og:image:width\" content=\"966\" \/>\n\t<meta property=\"og:image:height\" content=\"656\" \/>\n\t<meta property=\"og:image:type\" content=\"image\/jpeg\" \/>\n<meta name=\"author\" content=\"admin\" \/>\n<meta name=\"twitter:card\" content=\"summary_large_image\" \/>\n<meta name=\"twitter:label1\" content=\"Escrito por\" \/>\n\t<meta name=\"twitter:data1\" content=\"admin\" \/>\n\t<meta name=\"twitter:label2\" content=\"Tempo estimado de leitura\" \/>\n\t<meta name=\"twitter:data2\" content=\"5 minutos\" \/>\n<script type=\"application\/ld+json\" class=\"yoast-schema-graph\">{\"@context\":\"https:\\\/\\\/schema.org\",\"@graph\":[{\"@type\":\"Article\",\"@id\":\"https:\\\/\\\/schoenstatt.com\\\/pt-pt\\\/sempre-o-mesmo-cristo-que-nos-convida-a-ama-lo\\\/#article\",\"isPartOf\":{\"@id\":\"https:\\\/\\\/schoenstatt.com\\\/pt-pt\\\/sempre-o-mesmo-cristo-que-nos-convida-a-ama-lo\\\/\"},\"author\":{\"name\":\"admin\",\"@id\":\"https:\\\/\\\/schoenstatt.com\\\/pt-pt\\\/#\\\/schema\\\/person\\\/489465b1850e7b216fe2c10dfc262551\"},\"headline\":\"Sempre o mesmo Cristo que nos convida a am\u00e1-lo\",\"datePublished\":\"2023-01-01T10:29:29+00:00\",\"dateModified\":\"2025-04-27T20:23:20+00:00\",\"mainEntityOfPage\":{\"@id\":\"https:\\\/\\\/schoenstatt.com\\\/pt-pt\\\/sempre-o-mesmo-cristo-que-nos-convida-a-ama-lo\\\/\"},\"wordCount\":645,\"publisher\":{\"@id\":\"https:\\\/\\\/schoenstatt.com\\\/pt-pt\\\/#organization\"},\"image\":{\"@id\":\"https:\\\/\\\/schoenstatt.com\\\/pt-pt\\\/sempre-o-mesmo-cristo-que-nos-convida-a-ama-lo\\\/#primaryimage\"},\"thumbnailUrl\":\"https:\\\/\\\/schoenstatt.com\\\/wp-content\\\/uploads\\\/2023\\\/01\\\/ES-6-Parroquia-Santa-Martha-en-Panama-1.jpg\",\"articleSection\":[\"Eventos\",\"Fam\u00edlia\"],\"inLanguage\":\"pt-PT\"},{\"@type\":\"WebPage\",\"@id\":\"https:\\\/\\\/schoenstatt.com\\\/pt-pt\\\/sempre-o-mesmo-cristo-que-nos-convida-a-ama-lo\\\/\",\"url\":\"https:\\\/\\\/schoenstatt.com\\\/pt-pt\\\/sempre-o-mesmo-cristo-que-nos-convida-a-ama-lo\\\/\",\"name\":\"Sempre o mesmo Cristo que nos convida a am\u00e1-lo - Schoenstatt\",\"isPartOf\":{\"@id\":\"https:\\\/\\\/schoenstatt.com\\\/pt-pt\\\/#website\"},\"primaryImageOfPage\":{\"@id\":\"https:\\\/\\\/schoenstatt.com\\\/pt-pt\\\/sempre-o-mesmo-cristo-que-nos-convida-a-ama-lo\\\/#primaryimage\"},\"image\":{\"@id\":\"https:\\\/\\\/schoenstatt.com\\\/pt-pt\\\/sempre-o-mesmo-cristo-que-nos-convida-a-ama-lo\\\/#primaryimage\"},\"thumbnailUrl\":\"https:\\\/\\\/schoenstatt.com\\\/wp-content\\\/uploads\\\/2023\\\/01\\\/ES-6-Parroquia-Santa-Martha-en-Panama-1.jpg\",\"datePublished\":\"2023-01-01T10:29:29+00:00\",\"dateModified\":\"2025-04-27T20:23:20+00:00\",\"description\":\"Sempre o mesmo Cristo que nos convida a am\u00e1-lo - Com gratid\u00e3o acolhemos as contribui\u00e7\u00f5es para conhecer e valorizar seus pres\u00e9pios\",\"breadcrumb\":{\"@id\":\"https:\\\/\\\/schoenstatt.com\\\/pt-pt\\\/sempre-o-mesmo-cristo-que-nos-convida-a-ama-lo\\\/#breadcrumb\"},\"inLanguage\":\"pt-PT\",\"potentialAction\":[{\"@type\":\"ReadAction\",\"target\":[\"https:\\\/\\\/schoenstatt.com\\\/pt-pt\\\/sempre-o-mesmo-cristo-que-nos-convida-a-ama-lo\\\/\"]}]},{\"@type\":\"ImageObject\",\"inLanguage\":\"pt-PT\",\"@id\":\"https:\\\/\\\/schoenstatt.com\\\/pt-pt\\\/sempre-o-mesmo-cristo-que-nos-convida-a-ama-lo\\\/#primaryimage\",\"url\":\"https:\\\/\\\/schoenstatt.com\\\/wp-content\\\/uploads\\\/2023\\\/01\\\/ES-6-Parroquia-Santa-Martha-en-Panama-1.jpg\",\"contentUrl\":\"https:\\\/\\\/schoenstatt.com\\\/wp-content\\\/uploads\\\/2023\\\/01\\\/ES-6-Parroquia-Santa-Martha-en-Panama-1.jpg\",\"width\":966,\"height\":656,\"caption\":\"mismo Cristo\"},{\"@type\":\"BreadcrumbList\",\"@id\":\"https:\\\/\\\/schoenstatt.com\\\/pt-pt\\\/sempre-o-mesmo-cristo-que-nos-convida-a-ama-lo\\\/#breadcrumb\",\"itemListElement\":[{\"@type\":\"ListItem\",\"position\":1,\"name\":\"Portada\",\"item\":\"https:\\\/\\\/schoenstatt.com\\\/pt-pt\\\/home\\\/\"},{\"@type\":\"ListItem\",\"position\":2,\"name\":\"Sempre o mesmo Cristo que nos convida a am\u00e1-lo\"}]},{\"@type\":\"WebSite\",\"@id\":\"https:\\\/\\\/schoenstatt.com\\\/pt-pt\\\/#website\",\"url\":\"https:\\\/\\\/schoenstatt.com\\\/pt-pt\\\/\",\"name\":\"Schoenstatt\",\"description\":\"Apostolic Movement\",\"publisher\":{\"@id\":\"https:\\\/\\\/schoenstatt.com\\\/pt-pt\\\/#organization\"},\"potentialAction\":[{\"@type\":\"SearchAction\",\"target\":{\"@type\":\"EntryPoint\",\"urlTemplate\":\"https:\\\/\\\/schoenstatt.com\\\/pt-pt\\\/?s={search_term_string}\"},\"query-input\":{\"@type\":\"PropertyValueSpecification\",\"valueRequired\":true,\"valueName\":\"search_term_string\"}}],\"inLanguage\":\"pt-PT\"},{\"@type\":\"Organization\",\"@id\":\"https:\\\/\\\/schoenstatt.com\\\/pt-pt\\\/#organization\",\"name\":\"Schoenstatt\",\"url\":\"https:\\\/\\\/schoenstatt.com\\\/pt-pt\\\/\",\"logo\":{\"@type\":\"ImageObject\",\"inLanguage\":\"pt-PT\",\"@id\":\"https:\\\/\\\/schoenstatt.com\\\/pt-pt\\\/#\\\/schema\\\/logo\\\/image\\\/\",\"url\":\"https:\\\/\\\/schoenstatt.com\\\/wp-content\\\/uploads\\\/2025\\\/04\\\/logo-schoenstatt-white-696x696-1.png\",\"contentUrl\":\"https:\\\/\\\/schoenstatt.com\\\/wp-content\\\/uploads\\\/2025\\\/04\\\/logo-schoenstatt-white-696x696-1.png\",\"width\":696,\"height\":694,\"caption\":\"Schoenstatt\"},\"image\":{\"@id\":\"https:\\\/\\\/schoenstatt.com\\\/pt-pt\\\/#\\\/schema\\\/logo\\\/image\\\/\"}},{\"@type\":\"Person\",\"@id\":\"https:\\\/\\\/schoenstatt.com\\\/pt-pt\\\/#\\\/schema\\\/person\\\/489465b1850e7b216fe2c10dfc262551\",\"name\":\"admin\",\"image\":{\"@type\":\"ImageObject\",\"inLanguage\":\"pt-PT\",\"@id\":\"https:\\\/\\\/secure.gravatar.com\\\/avatar\\\/02e8345e1ec40ab0e0a2a98fdde64a684bbaf994cddcb778b25b8b024ee9dfe6?s=96&d=mm&r=g\",\"url\":\"https:\\\/\\\/secure.gravatar.com\\\/avatar\\\/02e8345e1ec40ab0e0a2a98fdde64a684bbaf994cddcb778b25b8b024ee9dfe6?s=96&d=mm&r=g\",\"contentUrl\":\"https:\\\/\\\/secure.gravatar.com\\\/avatar\\\/02e8345e1ec40ab0e0a2a98fdde64a684bbaf994cddcb778b25b8b024ee9dfe6?s=96&d=mm&r=g\",\"caption\":\"admin\"},\"sameAs\":[\"https:\\\/\\\/schoenstatt.com\"],\"url\":\"https:\\\/\\\/schoenstatt.com\\\/pt-pt\\\/author\\\/admin\\\/\"}]}<\/script>\n<!-- \/ Yoast SEO Premium plugin. -->","yoast_head_json":{"title":"Sempre o mesmo Cristo que nos convida a am\u00e1-lo - Schoenstatt","description":"Sempre o mesmo Cristo que nos convida a am\u00e1-lo - Com gratid\u00e3o acolhemos as contribui\u00e7\u00f5es para conhecer e valorizar seus pres\u00e9pios","robots":{"index":"index","follow":"follow","max-snippet":"max-snippet:-1","max-image-preview":"max-image-preview:large","max-video-preview":"max-video-preview:-1"},"canonical":"https:\/\/schoenstatt.com\/pt-pt\/sempre-o-mesmo-cristo-que-nos-convida-a-ama-lo\/","og_locale":"pt_PT","og_type":"article","og_title":"Sempre o mesmo Cristo que nos convida a am\u00e1-lo","og_description":"Sempre o mesmo Cristo que nos convida a am\u00e1-lo - Com gratid\u00e3o acolhemos as contribui\u00e7\u00f5es para conhecer e valorizar seus pres\u00e9pios","og_url":"https:\/\/schoenstatt.com\/pt-pt\/sempre-o-mesmo-cristo-que-nos-convida-a-ama-lo\/","og_site_name":"Schoenstatt","article_published_time":"2023-01-01T10:29:29+00:00","article_modified_time":"2025-04-27T20:23:20+00:00","og_image":[{"width":966,"height":656,"url":"https:\/\/schoenstatt.com\/wp-content\/uploads\/2023\/01\/ES-6-Parroquia-Santa-Martha-en-Panama-1.jpg","type":"image\/jpeg"}],"author":"admin","twitter_card":"summary_large_image","twitter_misc":{"Escrito por":"admin","Tempo estimado de leitura":"5 minutos"},"schema":{"@context":"https:\/\/schema.org","@graph":[{"@type":"Article","@id":"https:\/\/schoenstatt.com\/pt-pt\/sempre-o-mesmo-cristo-que-nos-convida-a-ama-lo\/#article","isPartOf":{"@id":"https:\/\/schoenstatt.com\/pt-pt\/sempre-o-mesmo-cristo-que-nos-convida-a-ama-lo\/"},"author":{"name":"admin","@id":"https:\/\/schoenstatt.com\/pt-pt\/#\/schema\/person\/489465b1850e7b216fe2c10dfc262551"},"headline":"Sempre o mesmo Cristo que nos convida a am\u00e1-lo","datePublished":"2023-01-01T10:29:29+00:00","dateModified":"2025-04-27T20:23:20+00:00","mainEntityOfPage":{"@id":"https:\/\/schoenstatt.com\/pt-pt\/sempre-o-mesmo-cristo-que-nos-convida-a-ama-lo\/"},"wordCount":645,"publisher":{"@id":"https:\/\/schoenstatt.com\/pt-pt\/#organization"},"image":{"@id":"https:\/\/schoenstatt.com\/pt-pt\/sempre-o-mesmo-cristo-que-nos-convida-a-ama-lo\/#primaryimage"},"thumbnailUrl":"https:\/\/schoenstatt.com\/wp-content\/uploads\/2023\/01\/ES-6-Parroquia-Santa-Martha-en-Panama-1.jpg","articleSection":["Eventos","Fam\u00edlia"],"inLanguage":"pt-PT"},{"@type":"WebPage","@id":"https:\/\/schoenstatt.com\/pt-pt\/sempre-o-mesmo-cristo-que-nos-convida-a-ama-lo\/","url":"https:\/\/schoenstatt.com\/pt-pt\/sempre-o-mesmo-cristo-que-nos-convida-a-ama-lo\/","name":"Sempre o mesmo Cristo que nos convida a am\u00e1-lo - Schoenstatt","isPartOf":{"@id":"https:\/\/schoenstatt.com\/pt-pt\/#website"},"primaryImageOfPage":{"@id":"https:\/\/schoenstatt.com\/pt-pt\/sempre-o-mesmo-cristo-que-nos-convida-a-ama-lo\/#primaryimage"},"image":{"@id":"https:\/\/schoenstatt.com\/pt-pt\/sempre-o-mesmo-cristo-que-nos-convida-a-ama-lo\/#primaryimage"},"thumbnailUrl":"https:\/\/schoenstatt.com\/wp-content\/uploads\/2023\/01\/ES-6-Parroquia-Santa-Martha-en-Panama-1.jpg","datePublished":"2023-01-01T10:29:29+00:00","dateModified":"2025-04-27T20:23:20+00:00","description":"Sempre o mesmo Cristo que nos convida a am\u00e1-lo - Com gratid\u00e3o acolhemos as contribui\u00e7\u00f5es para conhecer e valorizar seus pres\u00e9pios","breadcrumb":{"@id":"https:\/\/schoenstatt.com\/pt-pt\/sempre-o-mesmo-cristo-que-nos-convida-a-ama-lo\/#breadcrumb"},"inLanguage":"pt-PT","potentialAction":[{"@type":"ReadAction","target":["https:\/\/schoenstatt.com\/pt-pt\/sempre-o-mesmo-cristo-que-nos-convida-a-ama-lo\/"]}]},{"@type":"ImageObject","inLanguage":"pt-PT","@id":"https:\/\/schoenstatt.com\/pt-pt\/sempre-o-mesmo-cristo-que-nos-convida-a-ama-lo\/#primaryimage","url":"https:\/\/schoenstatt.com\/wp-content\/uploads\/2023\/01\/ES-6-Parroquia-Santa-Martha-en-Panama-1.jpg","contentUrl":"https:\/\/schoenstatt.com\/wp-content\/uploads\/2023\/01\/ES-6-Parroquia-Santa-Martha-en-Panama-1.jpg","width":966,"height":656,"caption":"mismo Cristo"},{"@type":"BreadcrumbList","@id":"https:\/\/schoenstatt.com\/pt-pt\/sempre-o-mesmo-cristo-que-nos-convida-a-ama-lo\/#breadcrumb","itemListElement":[{"@type":"ListItem","position":1,"name":"Portada","item":"https:\/\/schoenstatt.com\/pt-pt\/home\/"},{"@type":"ListItem","position":2,"name":"Sempre o mesmo Cristo que nos convida a am\u00e1-lo"}]},{"@type":"WebSite","@id":"https:\/\/schoenstatt.com\/pt-pt\/#website","url":"https:\/\/schoenstatt.com\/pt-pt\/","name":"Schoenstatt","description":"Apostolic Movement","publisher":{"@id":"https:\/\/schoenstatt.com\/pt-pt\/#organization"},"potentialAction":[{"@type":"SearchAction","target":{"@type":"EntryPoint","urlTemplate":"https:\/\/schoenstatt.com\/pt-pt\/?s={search_term_string}"},"query-input":{"@type":"PropertyValueSpecification","valueRequired":true,"valueName":"search_term_string"}}],"inLanguage":"pt-PT"},{"@type":"Organization","@id":"https:\/\/schoenstatt.com\/pt-pt\/#organization","name":"Schoenstatt","url":"https:\/\/schoenstatt.com\/pt-pt\/","logo":{"@type":"ImageObject","inLanguage":"pt-PT","@id":"https:\/\/schoenstatt.com\/pt-pt\/#\/schema\/logo\/image\/","url":"https:\/\/schoenstatt.com\/wp-content\/uploads\/2025\/04\/logo-schoenstatt-white-696x696-1.png","contentUrl":"https:\/\/schoenstatt.com\/wp-content\/uploads\/2025\/04\/logo-schoenstatt-white-696x696-1.png","width":696,"height":694,"caption":"Schoenstatt"},"image":{"@id":"https:\/\/schoenstatt.com\/pt-pt\/#\/schema\/logo\/image\/"}},{"@type":"Person","@id":"https:\/\/schoenstatt.com\/pt-pt\/#\/schema\/person\/489465b1850e7b216fe2c10dfc262551","name":"admin","image":{"@type":"ImageObject","inLanguage":"pt-PT","@id":"https:\/\/secure.gravatar.com\/avatar\/02e8345e1ec40ab0e0a2a98fdde64a684bbaf994cddcb778b25b8b024ee9dfe6?s=96&d=mm&r=g","url":"https:\/\/secure.gravatar.com\/avatar\/02e8345e1ec40ab0e0a2a98fdde64a684bbaf994cddcb778b25b8b024ee9dfe6?s=96&d=mm&r=g","contentUrl":"https:\/\/secure.gravatar.com\/avatar\/02e8345e1ec40ab0e0a2a98fdde64a684bbaf994cddcb778b25b8b024ee9dfe6?s=96&d=mm&r=g","caption":"admin"},"sameAs":["https:\/\/schoenstatt.com"],"url":"https:\/\/schoenstatt.com\/pt-pt\/author\/admin\/"}]}},"_links":{"self":[{"href":"https:\/\/schoenstatt.com\/pt-pt\/wp-json\/wp\/v2\/posts\/50082","targetHints":{"allow":["GET"]}}],"collection":[{"href":"https:\/\/schoenstatt.com\/pt-pt\/wp-json\/wp\/v2\/posts"}],"about":[{"href":"https:\/\/schoenstatt.com\/pt-pt\/wp-json\/wp\/v2\/types\/post"}],"author":[{"embeddable":true,"href":"https:\/\/schoenstatt.com\/pt-pt\/wp-json\/wp\/v2\/users\/1"}],"replies":[{"embeddable":true,"href":"https:\/\/schoenstatt.com\/pt-pt\/wp-json\/wp\/v2\/comments?post=50082"}],"version-history":[{"count":1,"href":"https:\/\/schoenstatt.com\/pt-pt\/wp-json\/wp\/v2\/posts\/50082\/revisions"}],"predecessor-version":[{"id":50165,"href":"https:\/\/schoenstatt.com\/pt-pt\/wp-json\/wp\/v2\/posts\/50082\/revisions\/50165"}],"wp:featuredmedia":[{"embeddable":true,"href":"https:\/\/schoenstatt.com\/pt-pt\/wp-json\/wp\/v2\/media\/28646"}],"wp:attachment":[{"href":"https:\/\/schoenstatt.com\/pt-pt\/wp-json\/wp\/v2\/media?parent=50082"}],"wp:term":[{"taxonomy":"category","embeddable":true,"href":"https:\/\/schoenstatt.com\/pt-pt\/wp-json\/wp\/v2\/categories?post=50082"},{"taxonomy":"post_tag","embeddable":true,"href":"https:\/\/schoenstatt.com\/pt-pt\/wp-json\/wp\/v2\/tags?post=50082"}],"curies":[{"name":"wp","href":"https:\/\/api.w.org\/{rel}","templated":true}]}}