{"id":50076,"date":"2023-01-01T10:45:57","date_gmt":"2023-01-01T09:45:57","guid":{"rendered":"https:\/\/schoenstattdev.wpenginepowered.com\/?p=28602"},"modified":"2025-05-16T01:21:00","modified_gmt":"2025-05-15T23:21:00","slug":"a-biografia-de-bento-xvi","status":"publish","type":"post","link":"https:\/\/schoenstatt.com\/pt-pt\/a-biografia-de-bento-xvi\/","title":{"rendered":"A biografia de Bento XVI"},"content":{"rendered":"<h3>O cardeal Joseph Ratzinger<\/h3>\n<p>O cardeal Joseph Ratzinger, Papa Bento XVI, nasceu em Marktl am Inn, Diocese de Passau (Alemanha), no dia 16 de abril de 1927 (S\u00e1bado Santo), e foi batizado no mesmo dia. O seu pai, comiss\u00e1rio da pol\u00edcia, provinha duma antiga fam\u00edlia de agricultores da Baixa Baviera, de modestas condi\u00e7\u00f5es econ\u00f4micas. A sua m\u00e3e era filha de artes\u00e3os de Rimsting, no lago de Chiem, e antes de casar trabalhara como cozinheira em v\u00e1rios hot\u00e9is.<\/p>\n<p>Passou a sua inf\u00e2ncia e adolesc\u00eancia em Traunstein, uma pequena localidade perto da fronteira com a \u00c1ustria, a trinta quil\u00f4metros de Salisburgo. Foi neste ambiente, por ele pr\u00f3prio definido \u201cmozarteano\u201d, que recebeu a sua forma\u00e7\u00e3o crist\u00e3, humana e cultural.<\/p>\n<p>O per\u00edodo da sua juventude n\u00e3o foi f\u00e1cil. A f\u00e9 e a educa\u00e7\u00e3o da sua fam\u00edlia prepararam-no para enfrentar a dura experi\u00eancia daqueles tempos, em que o regime nazista mantinha um clima de grande hostilidade contra a Igreja Cat\u00f3lica. O jovem Joseph viu os nazistas a\u00e7oitarem o p\u00e1roco antes da celebra\u00e7\u00e3o da Santa Missa.<\/p>\n<p>Precisamente nesta complexa situa\u00e7\u00e3o, descobriu a beleza e a verdade da f\u00e9 em Cristo; fundamental para ele foi a conduta da sua fam\u00edlia, que sempre deu um claro testemunho de bondade e esperan\u00e7a, radicada numa conscienciosa perten\u00e7a \u00e0 Igreja.<\/p>\n<p>At\u00e9 o m\u00eas de setembro de 1944 esteve alistado nos servi\u00e7os auxiliares anti-a\u00e9reos.<\/p>\n<h3>Recebeu a Ordena\u00e7\u00e3o Sacerdotal em 29 de junho de 1951<\/h3>\n<p><img fetchpriority=\"high\" decoding=\"async\" class=\"aligncenter wp-image-28590 size-full\" src=\"https:\/\/schoenstatt.com\/wp-content\/uploads\/2022\/12\/Beno-young-1.png\" alt=\"Pope Emeritus\" width=\"909\" height=\"573\" srcset=\"https:\/\/schoenstatt.com\/wp-content\/uploads\/2022\/12\/Beno-young-1.png 909w, https:\/\/schoenstatt.com\/wp-content\/uploads\/2022\/12\/Beno-young-1-768x484.png 768w\" sizes=\"(max-width: 909px) 100vw, 909px\" \/><\/p>\n<p>Um ano depois, come\u00e7ou a sua atividade de professor na Escola Superior de Freising.<\/p>\n<p>No ano de 1953, doutorou-se em teologia com a tese \u201cPovo e Casa de Deus na doutrina da Igreja de Santo Agostinho\u201d. Passados quatro anos, sob a direc\u00e7\u00e3o do conhecido professor de teologia fundamental Gottlieb S\u00f6hngen, conseguiu a habilita\u00e7\u00e3o para a doc\u00eancia com uma disserta\u00e7\u00e3o sobre \u201cA teologia da hist\u00f3ria em S\u00e3o Boaventura\u201d.<\/p>\n<p>Depois de desempenhar o cargo de professor de teologia dogm\u00e1tica e fundamental na Escola Superior de Filosofia e Teologia de Freising, continuou a doc\u00eancia em Bonn, de 1959 a 1963; em M\u00fcnster, de 1963 a 1966; e em Tubinga, de 1966 a 1969. A partir deste ano de 1969, passou a ser catedr\u00e1tico de dogm\u00e1tica e hist\u00f3ria do dogma na Universidade de Regensburg, onde ocupou tamb\u00e9m o cargo de Vice-Reitor da Universidade.<\/p>\n<p>De 1962 a 1965, prestou um not\u00e1vel contributo ao Conc\u00edlio Vaticano II como \u201cperito\u201d; viera como consultor teol\u00f3gico do Cardeal Joseph Frings, Arcebispo de Col\u00f4nia.<\/p>\n<p>A sua intensa atividade cient\u00edfica levou-o a desempenhar importantes cargos ao servi\u00e7o da Confer\u00eancia Episcopal Alem\u00e3 e na Comiss\u00e3o Teol\u00f3gica Internacional.<\/p>\n<p>Em 25 de mar\u00e7o de 1977, o Papa Paulo VI nomeou-o Arcebispo de M\u00fcnchen e Freising. A 28 de maio seguinte, recebeu a sagra\u00e7\u00e3o episcopal. Foi o primeiro sacerdote diocesano, depois de oitenta anos, que assumiu o governo pastoral da grande arquidiocese b\u00e1vara. Escolheu como lema episcopal: \u201cColaborador da verdade\u201d; assim o explicou ele mesmo: \u201cParecia-me, por um lado, encontrar nele a liga\u00e7\u00e3o entre a tarefa anterior de professor e a minha nova miss\u00e3o; o que estava em jogo, e continua a estar \u2013 embora com modalidades diferentes \u2013, \u00e9 seguir a verdade, estar ao seu servi\u00e7o. E, por outro, escolhi este lema porque, no mundo atual, omite-se quase totalmente o tema da verdade, parecendo algo demasiado grande para o homem; e, todavia, tudo se desmorona se falta a verdade\u201d.<\/p>\n<h3>Bispo e Cardeal<\/h3>\n<p><img decoding=\"async\" class=\"aligncenter wp-image-28594 size-full\" src=\"https:\/\/schoenstatt.com\/wp-content\/uploads\/2022\/12\/Beno-Cardinal-1.png\" alt=\"biografia de Bento\" width=\"706\" height=\"579\" \/><\/p>\n<p>Paulo VI criou-o cardeal, do t\u00edtulo presbiteral de \u201cSanta Maria da Consola\u00e7\u00e3o no Tiburtino\u201d, no Consist\u00f3rio de 27 de junho desse mesmo ano.<\/p>\n<p>Em 1978, participou no Conclave, celebrado de 25 a 26 de agosto, que elegeu Jo\u00e3o Paulo I; este nomeou-o seu Enviado especial ao III Congresso Mariol\u00f3gico Internacional que teve lugar em Guayaquil (Equador) de 16 a 24 de setembro. No m\u00eas de outubro desse mesmo ano, participou tamb\u00e9m no Conclave que elegeu Jo\u00e3o Paulo II.<\/p>\n<p>Foi Relator na V Assembleia Geral Ordin\u00e1ria do S\u00ednodo dos Bispos realizada em 1980, que tinha como tema \u201cMiss\u00e3o da fam\u00edlia crist\u00e3 no mundo contempor\u00e2neo\u201d, e Presidente Delegado da VI Assembleia Geral Ordin\u00e1ria, celebrada em 1983, sobre \u201cA reconcilia\u00e7\u00e3o e a penit\u00eancia na miss\u00e3o da Igreja\u201d.<\/p>\n<p>Jo\u00e3o Paulo II nomeou-o Prefeito da Congrega\u00e7\u00e3o para a Doutrina da F\u00e9 e Presidente da Pontif\u00edcia Comiss\u00e3o B\u00edblica e da Comiss\u00e3o Teol\u00f3gica Internacional, em 25 de novembro de 1981. No dia 15 de fevereiro de 1982, renunciou ao governo pastoral da arquidiocese de M\u00fcnchen e Freising. O Papa elevou-o \u00e0 Ordem dos Bispos, atribuindo-lhe a sede suburbic\u00e1ria de Velletri-Segni, em 5 de abril de 1993.<\/p>\n<h3>Prefeito<\/h3>\n<p><img decoding=\"async\" class=\"aligncenter wp-image-28586 size-full\" src=\"https:\/\/schoenstatt.com\/wp-content\/uploads\/2022\/12\/Beno-Priest-1.png\" alt=\"\" width=\"495\" height=\"364\" \/><\/p>\n<p>Foi Presidente da Comiss\u00e3o encarregada da prepara\u00e7\u00e3o do Catecismo da Igreja Cat\u00f3lica, a qual, ap\u00f3s seis anos de trabalho (1986-1992), apresentou ao Santo Padre o novo Catecismo.<\/p>\n<p>A 6 de novembro de 1998, o Santo Padre aprovou a elei\u00e7\u00e3o do Cardeal Ratzinger para Vice-Decano do Col\u00e9gio Cardinal\u00edcio, realizada pelos Cardeais da Ordem dos Bispos. E, no dia 30 de novembro de 2002, aprovou a sua elei\u00e7\u00e3o para Decano; com este cargo, foi-lhe atribu\u00edda tamb\u00e9m a sede suburbic\u00e1ria de \u00d3stia.<\/p>\n<p>Em 1999, foi como Enviado especial do Papa \u00e0s celebra\u00e7\u00f5es pelo XII centen\u00e1rio da cria\u00e7\u00e3o da diocese de Paderborn, Alemanha, que tiveram lugar a 3 de janeiro.<\/p>\n<p>Desde 13 de novembro de 2000, era Membro honor\u00e1rio da Academia Pontif\u00edcia das Ci\u00eancias.<\/p>\n<p>No dia 6 de fevereiro de 2013, durante o Consist\u00f3rio Ordin\u00e1rio P\u00fablico para a canoniza\u00e7\u00e3o de alguns Santos, anunciou a decis\u00e3o de renunciar ao minist\u00e9rio petrino com estas palavras: \u201cDepois de ter examinado repetidamente a minha consci\u00eancia diante de Deus, cheguei \u00e0 certeza de que as minhas for\u00e7as, devido \u00e0 idade avan\u00e7ada, j\u00e1 n\u00e3o s\u00e3o id\u00f3neas para exercer adequadamente o minist\u00e9rio petrino. Estou bem consciente de que este minist\u00e9rio, pela sua ess\u00eancia espiritual, deve ser cumprido n\u00e3o s\u00f3 com as obras e com as palavras, mas tamb\u00e9m e igualmente sofrendo e rezando. Todavia, no mundo de hoje, sujeito a r\u00e1pidas mudan\u00e7as e agitado por quest\u00f5es de grande relev\u00e2ncia para a vida da f\u00e9, para governar a barca de S\u00e3o Pedro e anunciar o Evangelho, \u00e9 necess\u00e1rio tamb\u00e9m o vigor quer do corpo quer do esp\u00edrito; vigor este, que, nos \u00faltimos meses, foi diminuindo de tal modo em mim que tenho de reconhecer a minha incapacidade para administrar bem o minist\u00e9rio que me foi confiado. Por isso, bem consciente da gravidade deste ato, com plena liberdade, declaro que renuncio ao minist\u00e9rio de Bispo de Roma, Sucessor de S\u00e3o Pedro\u201d.<\/p>\n<h3>Papa<\/h3>\n<p><img loading=\"lazy\" decoding=\"async\" class=\"aligncenter wp-image-28566 size-full\" src=\"https:\/\/schoenstatt.com\/wp-content\/uploads\/2022\/12\/Bento-3-1.png\" alt=\"biografia de Bento\" width=\"746\" height=\"383\" \/><\/p>\n<p>O seu pontificado se concluiu em 28 de fevereiro de 2013.<\/p>\n<p>Em seguida, Bento XVI foi morar na Cidade do Vaticano, junto ao Mosteiro \u201cMater Ecclesiae\u201d, como Papa Em\u00e9rito.<\/p>\n<p>Na C\u00faria Romana, foi Membro do Conselho da Secretaria de Estado para as Rela\u00e7\u00f5es com os Estados; das Congrega\u00e7\u00f5es para as Igrejas Orientais, para o Culto Divino e a Disciplina dos Sacramentos, para os Bispos, para a Evangeliza\u00e7\u00e3o dos Povos, para a Educa\u00e7\u00e3o Cat\u00f3lica, para o Clero, e para as Causas dos Santos; dos Conselhos Pontif\u00edcios para a Promo\u00e7\u00e3o da Unidade dos Crist\u00e3os, e para a Cultura; do Tribunal Supremo da Signatura Apost\u00f3lica; e das Comiss\u00f5es Pontif\u00edcias para a Am\u00e9rica Latina, \u201cEcclesia Dei\u201d, para a Interpreta\u00e7\u00e3o Aut\u00eantica do C\u00f3digo de Direito Can\u00f3nico, e para a revis\u00e3o do C\u00f3digo de Direito Can\u00f3nico Oriental.<\/p>\n<p>Entre as suas numerosas publica\u00e7\u00f5es, ocupam lugar de destaque o livro \u201cIntrodu\u00e7\u00e3o ao Cristianismo\u201d, uma compila\u00e7\u00e3o de li\u00e7\u00f5es universit\u00e1rias publicadas em 1968 sobre a profiss\u00e3o de f\u00e9 apost\u00f3lica, e o livro \u201cDogma e Revela\u00e7\u00e3o\u201d (1973), uma antologia de ensaios, homilias e medita\u00e7\u00f5es, dedicadas \u00e0 pastoral.<\/p>\n<p>Grande resson\u00e2ncia teve a confer\u00eancia que pronunciou perante a Academia Cat\u00f3lica B\u00e1vara sobre o tema \u201cPor que continuo ainda na Igreja?\u201d; com a sua habitual clareza, afirmou ent\u00e3o: \u201cS\u00f3 na Igreja \u00e9 poss\u00edvel ser crist\u00e3o, n\u00e3o ao lado da Igreja\u201d.<\/p>\n<p>No decurso dos anos, continuou abundante a s\u00e9rie das suas publica\u00e7\u00f5es, constituindo um ponto de refer\u00eancia para muitas pessoas, especialmente para os que queriam entrar em profundidade no estudo da teologia. Em 1985 publicou o livro-entrevista \u201cInforme sobre a F\u00e9\u201d e, em 1996, \u201cO sal da terra\u201d. E, por ocasi\u00e3o do seu septuag\u00e9simo anivers\u00e1rio, publicou o livro \u201cNa escola da verdade\u201d, onde aparecem ilustrados v\u00e1rios aspectos da sua personalidade e da sua obra por diversos autores.<\/p>\n<p>Recebeu numerosos doutoramentos \u201chonoris causa\u201d: pelo College of St. Thomas em St. Paul (Minnesota, Estados Unidos), em 1984; pela Universidade Cat\u00f3lica de Eichst\u00e4tt, em 1987; pela Universidade Cat\u00f3lica de Lima, em 1986; pela Universidade Cat\u00f3lica de Lublin, em 1988; pela Universidade de Navarra (Pamplona, Espanha), em 1998; pela Livre Universidade Maria Sant\u00edssima Assunta (LUMSA, Roma), em 1999; pela Faculdade de Teologia da Universidade de Wroclaw (Pol\u00f4nia) no ano 2000.<\/p>\n<p>Source: <a href=\"http:\/\/www.vaticanews.va\/en\">www.vaticanews.va\/en<\/a><\/p>\n","protected":false},"excerpt":{"rendered":"<p>Jospeh Ratzinger recebeu a Ordena\u00e7\u00e3o Sacerdotal em 29 de junho de 1951. Em 25 de mar\u00e7o de 1977, o Papa Paulo VI nomeou-o arcebispo de M\u00fcnchen e Freising. Em 28 de maio seguinte, recebeu a sagra\u00e7\u00e3o episcopal. Paulo VI criou-o cardeal no Consist\u00f3rio de 27 de junho desse mesmo ano.<\/p>\n","protected":false},"author":1,"featured_media":28574,"comment_status":"closed","ping_status":"closed","sticky":false,"template":"","format":"standard","meta":{"footnotes":""},"categories":[916,608],"tags":[],"class_list":["post-50076","post","type-post","status-publish","format-standard","has-post-thumbnail","hentry","category-espiritualidade-pt-pt","category-igreja-pt-pt"],"yoast_head":"<!-- This site is optimized with the Yoast SEO Premium plugin v27.4 (Yoast SEO v27.4) - https:\/\/yoast.com\/product\/yoast-seo-premium-wordpress\/ -->\n<title>A biografia de Bento XVI - Schoenstatt<\/title>\n<meta name=\"description\" content=\"A biografia de Bento XVI - Ele passou no s\u00e1bado com a idade de 95 anos, olhamos para tr\u00e1s, para sua longa vida e seus principais destaques.\" \/>\n<meta name=\"robots\" content=\"index, follow, max-snippet:-1, max-image-preview:large, max-video-preview:-1\" \/>\n<link rel=\"canonical\" href=\"https:\/\/schoenstatt.com\/pt-pt\/a-biografia-de-bento-xvi\/\" \/>\n<meta property=\"og:locale\" content=\"pt_PT\" \/>\n<meta property=\"og:type\" content=\"article\" \/>\n<meta property=\"og:title\" content=\"A biografia de Bento XVI\" \/>\n<meta property=\"og:description\" content=\"A biografia de Bento XVI - Ele passou no s\u00e1bado com a idade de 95 anos, olhamos para tr\u00e1s, para sua longa vida e seus principais destaques.\" \/>\n<meta property=\"og:url\" content=\"https:\/\/schoenstatt.com\/pt-pt\/a-biografia-de-bento-xvi\/\" \/>\n<meta property=\"og:site_name\" content=\"Schoenstatt\" \/>\n<meta property=\"article:published_time\" content=\"2023-01-01T09:45:57+00:00\" \/>\n<meta property=\"article:modified_time\" content=\"2025-05-15T23:21:00+00:00\" \/>\n<meta property=\"og:image\" content=\"https:\/\/schoenstatt.com\/wp-content\/uploads\/2022\/12\/Bento-5-1.png\" \/>\n\t<meta property=\"og:image:width\" content=\"748\" \/>\n\t<meta property=\"og:image:height\" content=\"383\" \/>\n\t<meta property=\"og:image:type\" content=\"image\/png\" \/>\n<meta name=\"author\" content=\"admin\" \/>\n<meta name=\"twitter:card\" content=\"summary_large_image\" \/>\n<meta name=\"twitter:label1\" content=\"Escrito por\" \/>\n\t<meta name=\"twitter:data1\" content=\"admin\" \/>\n\t<meta name=\"twitter:label2\" content=\"Tempo estimado de leitura\" \/>\n\t<meta name=\"twitter:data2\" content=\"7 minutos\" \/>\n<script type=\"application\/ld+json\" class=\"yoast-schema-graph\">{\"@context\":\"https:\\\/\\\/schema.org\",\"@graph\":[{\"@type\":\"Article\",\"@id\":\"https:\\\/\\\/schoenstatt.com\\\/pt-pt\\\/a-biografia-de-bento-xvi\\\/#article\",\"isPartOf\":{\"@id\":\"https:\\\/\\\/schoenstatt.com\\\/pt-pt\\\/a-biografia-de-bento-xvi\\\/\"},\"author\":{\"name\":\"admin\",\"@id\":\"https:\\\/\\\/schoenstatt.com\\\/pt-pt\\\/#\\\/schema\\\/person\\\/489465b1850e7b216fe2c10dfc262551\"},\"headline\":\"A biografia de Bento XVI\",\"datePublished\":\"2023-01-01T09:45:57+00:00\",\"dateModified\":\"2025-05-15T23:21:00+00:00\",\"mainEntityOfPage\":{\"@id\":\"https:\\\/\\\/schoenstatt.com\\\/pt-pt\\\/a-biografia-de-bento-xvi\\\/\"},\"wordCount\":1541,\"publisher\":{\"@id\":\"https:\\\/\\\/schoenstatt.com\\\/pt-pt\\\/#organization\"},\"image\":{\"@id\":\"https:\\\/\\\/schoenstatt.com\\\/pt-pt\\\/a-biografia-de-bento-xvi\\\/#primaryimage\"},\"thumbnailUrl\":\"https:\\\/\\\/schoenstatt.com\\\/wp-content\\\/uploads\\\/2022\\\/12\\\/Bento-5-1.png\",\"articleSection\":[\"Espiritualidade\",\"Igreja\"],\"inLanguage\":\"pt-PT\"},{\"@type\":\"WebPage\",\"@id\":\"https:\\\/\\\/schoenstatt.com\\\/pt-pt\\\/a-biografia-de-bento-xvi\\\/\",\"url\":\"https:\\\/\\\/schoenstatt.com\\\/pt-pt\\\/a-biografia-de-bento-xvi\\\/\",\"name\":\"A biografia de Bento XVI - Schoenstatt\",\"isPartOf\":{\"@id\":\"https:\\\/\\\/schoenstatt.com\\\/pt-pt\\\/#website\"},\"primaryImageOfPage\":{\"@id\":\"https:\\\/\\\/schoenstatt.com\\\/pt-pt\\\/a-biografia-de-bento-xvi\\\/#primaryimage\"},\"image\":{\"@id\":\"https:\\\/\\\/schoenstatt.com\\\/pt-pt\\\/a-biografia-de-bento-xvi\\\/#primaryimage\"},\"thumbnailUrl\":\"https:\\\/\\\/schoenstatt.com\\\/wp-content\\\/uploads\\\/2022\\\/12\\\/Bento-5-1.png\",\"datePublished\":\"2023-01-01T09:45:57+00:00\",\"dateModified\":\"2025-05-15T23:21:00+00:00\",\"description\":\"A biografia de Bento XVI - Ele passou no s\u00e1bado com a idade de 95 anos, olhamos para tr\u00e1s, para sua longa vida e seus principais destaques.\",\"breadcrumb\":{\"@id\":\"https:\\\/\\\/schoenstatt.com\\\/pt-pt\\\/a-biografia-de-bento-xvi\\\/#breadcrumb\"},\"inLanguage\":\"pt-PT\",\"potentialAction\":[{\"@type\":\"ReadAction\",\"target\":[\"https:\\\/\\\/schoenstatt.com\\\/pt-pt\\\/a-biografia-de-bento-xvi\\\/\"]}]},{\"@type\":\"ImageObject\",\"inLanguage\":\"pt-PT\",\"@id\":\"https:\\\/\\\/schoenstatt.com\\\/pt-pt\\\/a-biografia-de-bento-xvi\\\/#primaryimage\",\"url\":\"https:\\\/\\\/schoenstatt.com\\\/wp-content\\\/uploads\\\/2022\\\/12\\\/Bento-5-1.png\",\"contentUrl\":\"https:\\\/\\\/schoenstatt.com\\\/wp-content\\\/uploads\\\/2022\\\/12\\\/Bento-5-1.png\",\"width\":748,\"height\":383,\"caption\":\"Papa em\u00e9rito\"},{\"@type\":\"BreadcrumbList\",\"@id\":\"https:\\\/\\\/schoenstatt.com\\\/pt-pt\\\/a-biografia-de-bento-xvi\\\/#breadcrumb\",\"itemListElement\":[{\"@type\":\"ListItem\",\"position\":1,\"name\":\"Portada\",\"item\":\"https:\\\/\\\/schoenstatt.com\\\/pt-pt\\\/home\\\/\"},{\"@type\":\"ListItem\",\"position\":2,\"name\":\"A biografia de Bento XVI\"}]},{\"@type\":\"WebSite\",\"@id\":\"https:\\\/\\\/schoenstatt.com\\\/pt-pt\\\/#website\",\"url\":\"https:\\\/\\\/schoenstatt.com\\\/pt-pt\\\/\",\"name\":\"Schoenstatt\",\"description\":\"Apostolic Movement\",\"publisher\":{\"@id\":\"https:\\\/\\\/schoenstatt.com\\\/pt-pt\\\/#organization\"},\"potentialAction\":[{\"@type\":\"SearchAction\",\"target\":{\"@type\":\"EntryPoint\",\"urlTemplate\":\"https:\\\/\\\/schoenstatt.com\\\/pt-pt\\\/?s={search_term_string}\"},\"query-input\":{\"@type\":\"PropertyValueSpecification\",\"valueRequired\":true,\"valueName\":\"search_term_string\"}}],\"inLanguage\":\"pt-PT\"},{\"@type\":\"Organization\",\"@id\":\"https:\\\/\\\/schoenstatt.com\\\/pt-pt\\\/#organization\",\"name\":\"Schoenstatt\",\"url\":\"https:\\\/\\\/schoenstatt.com\\\/pt-pt\\\/\",\"logo\":{\"@type\":\"ImageObject\",\"inLanguage\":\"pt-PT\",\"@id\":\"https:\\\/\\\/schoenstatt.com\\\/pt-pt\\\/#\\\/schema\\\/logo\\\/image\\\/\",\"url\":\"https:\\\/\\\/schoenstatt.com\\\/wp-content\\\/uploads\\\/2025\\\/04\\\/logo-schoenstatt-white-696x696-1.png\",\"contentUrl\":\"https:\\\/\\\/schoenstatt.com\\\/wp-content\\\/uploads\\\/2025\\\/04\\\/logo-schoenstatt-white-696x696-1.png\",\"width\":696,\"height\":694,\"caption\":\"Schoenstatt\"},\"image\":{\"@id\":\"https:\\\/\\\/schoenstatt.com\\\/pt-pt\\\/#\\\/schema\\\/logo\\\/image\\\/\"}},{\"@type\":\"Person\",\"@id\":\"https:\\\/\\\/schoenstatt.com\\\/pt-pt\\\/#\\\/schema\\\/person\\\/489465b1850e7b216fe2c10dfc262551\",\"name\":\"admin\",\"image\":{\"@type\":\"ImageObject\",\"inLanguage\":\"pt-PT\",\"@id\":\"https:\\\/\\\/secure.gravatar.com\\\/avatar\\\/02e8345e1ec40ab0e0a2a98fdde64a684bbaf994cddcb778b25b8b024ee9dfe6?s=96&d=mm&r=g\",\"url\":\"https:\\\/\\\/secure.gravatar.com\\\/avatar\\\/02e8345e1ec40ab0e0a2a98fdde64a684bbaf994cddcb778b25b8b024ee9dfe6?s=96&d=mm&r=g\",\"contentUrl\":\"https:\\\/\\\/secure.gravatar.com\\\/avatar\\\/02e8345e1ec40ab0e0a2a98fdde64a684bbaf994cddcb778b25b8b024ee9dfe6?s=96&d=mm&r=g\",\"caption\":\"admin\"},\"sameAs\":[\"https:\\\/\\\/schoenstatt.com\"],\"url\":\"https:\\\/\\\/schoenstatt.com\\\/pt-pt\\\/author\\\/admin\\\/\"}]}<\/script>\n<!-- \/ Yoast SEO Premium plugin. -->","yoast_head_json":{"title":"A biografia de Bento XVI - Schoenstatt","description":"A biografia de Bento XVI - Ele passou no s\u00e1bado com a idade de 95 anos, olhamos para tr\u00e1s, para sua longa vida e seus principais destaques.","robots":{"index":"index","follow":"follow","max-snippet":"max-snippet:-1","max-image-preview":"max-image-preview:large","max-video-preview":"max-video-preview:-1"},"canonical":"https:\/\/schoenstatt.com\/pt-pt\/a-biografia-de-bento-xvi\/","og_locale":"pt_PT","og_type":"article","og_title":"A biografia de Bento XVI","og_description":"A biografia de Bento XVI - Ele passou no s\u00e1bado com a idade de 95 anos, olhamos para tr\u00e1s, para sua longa vida e seus principais destaques.","og_url":"https:\/\/schoenstatt.com\/pt-pt\/a-biografia-de-bento-xvi\/","og_site_name":"Schoenstatt","article_published_time":"2023-01-01T09:45:57+00:00","article_modified_time":"2025-05-15T23:21:00+00:00","og_image":[{"width":748,"height":383,"url":"https:\/\/schoenstatt.com\/wp-content\/uploads\/2022\/12\/Bento-5-1.png","type":"image\/png"}],"author":"admin","twitter_card":"summary_large_image","twitter_misc":{"Escrito por":"admin","Tempo estimado de leitura":"7 minutos"},"schema":{"@context":"https:\/\/schema.org","@graph":[{"@type":"Article","@id":"https:\/\/schoenstatt.com\/pt-pt\/a-biografia-de-bento-xvi\/#article","isPartOf":{"@id":"https:\/\/schoenstatt.com\/pt-pt\/a-biografia-de-bento-xvi\/"},"author":{"name":"admin","@id":"https:\/\/schoenstatt.com\/pt-pt\/#\/schema\/person\/489465b1850e7b216fe2c10dfc262551"},"headline":"A biografia de Bento XVI","datePublished":"2023-01-01T09:45:57+00:00","dateModified":"2025-05-15T23:21:00+00:00","mainEntityOfPage":{"@id":"https:\/\/schoenstatt.com\/pt-pt\/a-biografia-de-bento-xvi\/"},"wordCount":1541,"publisher":{"@id":"https:\/\/schoenstatt.com\/pt-pt\/#organization"},"image":{"@id":"https:\/\/schoenstatt.com\/pt-pt\/a-biografia-de-bento-xvi\/#primaryimage"},"thumbnailUrl":"https:\/\/schoenstatt.com\/wp-content\/uploads\/2022\/12\/Bento-5-1.png","articleSection":["Espiritualidade","Igreja"],"inLanguage":"pt-PT"},{"@type":"WebPage","@id":"https:\/\/schoenstatt.com\/pt-pt\/a-biografia-de-bento-xvi\/","url":"https:\/\/schoenstatt.com\/pt-pt\/a-biografia-de-bento-xvi\/","name":"A biografia de Bento XVI - Schoenstatt","isPartOf":{"@id":"https:\/\/schoenstatt.com\/pt-pt\/#website"},"primaryImageOfPage":{"@id":"https:\/\/schoenstatt.com\/pt-pt\/a-biografia-de-bento-xvi\/#primaryimage"},"image":{"@id":"https:\/\/schoenstatt.com\/pt-pt\/a-biografia-de-bento-xvi\/#primaryimage"},"thumbnailUrl":"https:\/\/schoenstatt.com\/wp-content\/uploads\/2022\/12\/Bento-5-1.png","datePublished":"2023-01-01T09:45:57+00:00","dateModified":"2025-05-15T23:21:00+00:00","description":"A biografia de Bento XVI - Ele passou no s\u00e1bado com a idade de 95 anos, olhamos para tr\u00e1s, para sua longa vida e seus principais destaques.","breadcrumb":{"@id":"https:\/\/schoenstatt.com\/pt-pt\/a-biografia-de-bento-xvi\/#breadcrumb"},"inLanguage":"pt-PT","potentialAction":[{"@type":"ReadAction","target":["https:\/\/schoenstatt.com\/pt-pt\/a-biografia-de-bento-xvi\/"]}]},{"@type":"ImageObject","inLanguage":"pt-PT","@id":"https:\/\/schoenstatt.com\/pt-pt\/a-biografia-de-bento-xvi\/#primaryimage","url":"https:\/\/schoenstatt.com\/wp-content\/uploads\/2022\/12\/Bento-5-1.png","contentUrl":"https:\/\/schoenstatt.com\/wp-content\/uploads\/2022\/12\/Bento-5-1.png","width":748,"height":383,"caption":"Papa em\u00e9rito"},{"@type":"BreadcrumbList","@id":"https:\/\/schoenstatt.com\/pt-pt\/a-biografia-de-bento-xvi\/#breadcrumb","itemListElement":[{"@type":"ListItem","position":1,"name":"Portada","item":"https:\/\/schoenstatt.com\/pt-pt\/home\/"},{"@type":"ListItem","position":2,"name":"A biografia de Bento XVI"}]},{"@type":"WebSite","@id":"https:\/\/schoenstatt.com\/pt-pt\/#website","url":"https:\/\/schoenstatt.com\/pt-pt\/","name":"Schoenstatt","description":"Apostolic Movement","publisher":{"@id":"https:\/\/schoenstatt.com\/pt-pt\/#organization"},"potentialAction":[{"@type":"SearchAction","target":{"@type":"EntryPoint","urlTemplate":"https:\/\/schoenstatt.com\/pt-pt\/?s={search_term_string}"},"query-input":{"@type":"PropertyValueSpecification","valueRequired":true,"valueName":"search_term_string"}}],"inLanguage":"pt-PT"},{"@type":"Organization","@id":"https:\/\/schoenstatt.com\/pt-pt\/#organization","name":"Schoenstatt","url":"https:\/\/schoenstatt.com\/pt-pt\/","logo":{"@type":"ImageObject","inLanguage":"pt-PT","@id":"https:\/\/schoenstatt.com\/pt-pt\/#\/schema\/logo\/image\/","url":"https:\/\/schoenstatt.com\/wp-content\/uploads\/2025\/04\/logo-schoenstatt-white-696x696-1.png","contentUrl":"https:\/\/schoenstatt.com\/wp-content\/uploads\/2025\/04\/logo-schoenstatt-white-696x696-1.png","width":696,"height":694,"caption":"Schoenstatt"},"image":{"@id":"https:\/\/schoenstatt.com\/pt-pt\/#\/schema\/logo\/image\/"}},{"@type":"Person","@id":"https:\/\/schoenstatt.com\/pt-pt\/#\/schema\/person\/489465b1850e7b216fe2c10dfc262551","name":"admin","image":{"@type":"ImageObject","inLanguage":"pt-PT","@id":"https:\/\/secure.gravatar.com\/avatar\/02e8345e1ec40ab0e0a2a98fdde64a684bbaf994cddcb778b25b8b024ee9dfe6?s=96&d=mm&r=g","url":"https:\/\/secure.gravatar.com\/avatar\/02e8345e1ec40ab0e0a2a98fdde64a684bbaf994cddcb778b25b8b024ee9dfe6?s=96&d=mm&r=g","contentUrl":"https:\/\/secure.gravatar.com\/avatar\/02e8345e1ec40ab0e0a2a98fdde64a684bbaf994cddcb778b25b8b024ee9dfe6?s=96&d=mm&r=g","caption":"admin"},"sameAs":["https:\/\/schoenstatt.com"],"url":"https:\/\/schoenstatt.com\/pt-pt\/author\/admin\/"}]}},"_links":{"self":[{"href":"https:\/\/schoenstatt.com\/pt-pt\/wp-json\/wp\/v2\/posts\/50076","targetHints":{"allow":["GET"]}}],"collection":[{"href":"https:\/\/schoenstatt.com\/pt-pt\/wp-json\/wp\/v2\/posts"}],"about":[{"href":"https:\/\/schoenstatt.com\/pt-pt\/wp-json\/wp\/v2\/types\/post"}],"author":[{"embeddable":true,"href":"https:\/\/schoenstatt.com\/pt-pt\/wp-json\/wp\/v2\/users\/1"}],"replies":[{"embeddable":true,"href":"https:\/\/schoenstatt.com\/pt-pt\/wp-json\/wp\/v2\/comments?post=50076"}],"version-history":[{"count":1,"href":"https:\/\/schoenstatt.com\/pt-pt\/wp-json\/wp\/v2\/posts\/50076\/revisions"}],"predecessor-version":[{"id":50134,"href":"https:\/\/schoenstatt.com\/pt-pt\/wp-json\/wp\/v2\/posts\/50076\/revisions\/50134"}],"wp:featuredmedia":[{"embeddable":true,"href":"https:\/\/schoenstatt.com\/pt-pt\/wp-json\/wp\/v2\/media\/28574"}],"wp:attachment":[{"href":"https:\/\/schoenstatt.com\/pt-pt\/wp-json\/wp\/v2\/media?parent=50076"}],"wp:term":[{"taxonomy":"category","embeddable":true,"href":"https:\/\/schoenstatt.com\/pt-pt\/wp-json\/wp\/v2\/categories?post=50076"},{"taxonomy":"post_tag","embeddable":true,"href":"https:\/\/schoenstatt.com\/pt-pt\/wp-json\/wp\/v2\/tags?post=50076"}],"curies":[{"name":"wp","href":"https:\/\/api.w.org\/{rel}","templated":true}]}}