{"id":49836,"date":"2023-03-29T21:45:11","date_gmt":"2023-03-29T19:45:11","guid":{"rendered":"https:\/\/schoenstattdev.wpenginepowered.com\/?p=29851"},"modified":"2025-05-16T00:49:38","modified_gmt":"2025-05-15T22:49:38","slug":"a-mae-nao-esquece-suas-promessas","status":"publish","type":"post","link":"https:\/\/schoenstatt.com\/pt-pt\/a-mae-nao-esquece-suas-promessas\/","title":{"rendered":"A m\u00e3e n\u00e3o esquece suas promessas"},"content":{"rendered":"<p>H\u00e1 v\u00e1rios meses come\u00e7aram a chegar para a central de Peregrinos em Schoenstatt, perguntas como: Irm\u00e3, h\u00e1 disponibilidade para acomodar um grupo de jovens do M\u00e9xico? Estamos a caminho de Lisboa, somos dos Estados Unidos, podemos ir a Schoenstatt e conhecer? Somos jovens schoenstattianos do Equador e gostar\u00edamos de peregrinar a Schoenstatt antes de participar da <a href=\"https:\/\/schoenstattdev.wpenginepowered.com\/pt-pt\/igreja\/jmj-2023-jornada-de-lisboa-de-1-a-6-de-agosto-2023\/\">JMJ em Portugal<\/a>. Irm\u00e3, pode nos sugerir algum programa?<\/p>\n<h3>Uma tarefa \u00e0 sombra do santu\u00e1rio<\/h3>\n<p>Desde setembro de 2019 assumi, com muita alegria, uma nova tarefa \u00e0 sombra do Santu\u00e1rio Original em Schoenstatt, Alemanha. Antes, as tarefas que recebi como Irm\u00e3 de Maria eram realizadas na Argentina, meu pa\u00eds de origem. Desde ent\u00e3o tenho recebido muitos peregrinos de l\u00edngua espanhola, que com o cora\u00e7\u00e3o cheio de alegria e anseios vieram a esta terra santa.<\/p>\n<h3>Cerca de 450 jovens visitar\u00e3o o Santu\u00e1rio original<\/h3>\n<p>Este ano \u00e9 especial porque entre os dias 15 e 28 de julho cerca de 450 jovens de diferentes pa\u00edses da Am\u00e9rica vir\u00e3o a Schoenstatt para conhecer, viver e caminhar por aqueles lugares que nos contam a vida e a experi\u00eancia dos primeiros, das pegadas que nos deixou tamb\u00e9m nosso Fundador, o Padre Jos\u00e9 Kentenich.<\/p>\n<figure id=\"attachment_29809\" aria-describedby=\"caption-attachment-29809\" style=\"width: 840px\" class=\"wp-caption alignnone\"><img fetchpriority=\"high\" decoding=\"async\" class=\"wp-image-29809 size-large\" src=\"https:\/\/schoenstatt.com\/wp-content\/uploads\/2023\/03\/02-Web-Sr.M.CarolinaSandrone-imUH-2-883x1024.jpg\" alt=\"Irm\u00e3\" width=\"840\" height=\"974\" \/><figcaption id=\"caption-attachment-29809\" class=\"wp-caption-text\">Foto: Irm\u00e3s de Maria de Schoenstatt<\/figcaption><\/figure>\n<h3>Uma cantata a Maria<\/h3>\n<p>E depois das primeiras perguntas vieram outras: Irm\u00e3, ouvimos dizer que muitos jovens passar\u00e3o por Schoenstatt, podemos organizar uma cantata da juventude para a M\u00e3e Sant\u00edssima?<\/p>\n<p>No dia 25 de julho haver\u00e1 um momento especial. Todos os jovens da Argentina, Brasil, Chile, Estados Unidos, Equador, M\u00e9xico, Paraguai e Porto Rico se reunir\u00e3o para renovar nossa Alian\u00e7a de Amor com a MTA no Santu\u00e1rio Original e homenagear nossa M\u00e3e Sant\u00edssima com cantos e anima\u00e7\u00f5es que os mesmos jovens preparar\u00e3o para este dia.<\/p>\n<h3>&#8220;Atrairei os cora\u00e7\u00f5es jovens para mim&#8221;<\/h3>\n<p>V\u00e1rias equipes de volunt\u00e1rios est\u00e3o trabalhando&#8230; Aos poucos, percebe-se a alegria, o entusiasmo, o anseio de compartilhar e viver juntos uma experi\u00eancia que renova nosso amor e compromisso com nossa MTA e nossos mais altos ideais.<\/p>\n<p style=\"text-align: center;\">&#8220;Atrairei os cora\u00e7\u00f5es jovens para mim&#8221;<\/p>\n<p style=\"text-align: center;\">uma promessa da Alian\u00e7a cumprida!<\/p>\n<figure id=\"attachment_29805\" aria-describedby=\"caption-attachment-29805\" style=\"width: 755px\" class=\"wp-caption alignnone\"><img decoding=\"async\" class=\"wp-image-29805 size-large\" src=\"https:\/\/schoenstatt.com\/wp-content\/uploads\/2023\/03\/01-Web-WJT-Logo-im-Urheiligtum-1.jpg\" alt=\"encontro mundial da juventude\" width=\"755\" height=\"1024\" \/><figcaption id=\"caption-attachment-29805\" class=\"wp-caption-text\">Foto: Irm\u00e3s de Maria de Schoenstatt<\/figcaption><\/figure>\n<p style=\"text-align: center;\"><strong>Desde j\u00e1 um grande bem-vindo a todos os jovens que vir\u00e3o!<\/strong><\/p>\n<p style=\"text-align: center;\"><strong>Esperamos voc\u00eas!<\/strong><\/p>\n<p style=\"text-align: center;\">Fonte: <a href=\"https:\/\/www.s-ms.org\/es\/2023\/03\/23\/la-mater-no-olvida-sus-promesas\/\">Irm\u00e3s de Maria de Schoenstatt<\/a><\/p>\n","protected":false},"excerpt":{"rendered":"<p>Schoenstatt prepara-se para o Encontro Mundial da Juventude em Lisboa, Portugal.<\/p>\n","protected":false},"author":6,"featured_media":29814,"comment_status":"closed","ping_status":"closed","sticky":false,"template":"","format":"standard","meta":{"footnotes":""},"categories":[636,665],"tags":[],"class_list":["post-49836","post","type-post","status-publish","format-standard","has-post-thumbnail","hentry","category-eventos-pt-pt","category-juventude-pt-pt"],"yoast_head":"<!-- This site is optimized with the Yoast SEO Premium plugin v27.4 (Yoast SEO v27.5) - https:\/\/yoast.com\/product\/yoast-seo-premium-wordpress\/ -->\n<title>A m\u00e3e n\u00e3o esquece suas promessas -<\/title>\n<meta name=\"description\" content=\"A Irm\u00e3 M. Carolina Sandrone fala sobre os seus planos e o significado do Jornada Mundial da Juventude deste ano em Lisboa.\" \/>\n<meta name=\"robots\" content=\"index, follow, max-snippet:-1, max-image-preview:large, max-video-preview:-1\" \/>\n<link rel=\"canonical\" href=\"https:\/\/schoenstatt.com\/pt-pt\/a-mae-nao-esquece-suas-promessas\/\" \/>\n<meta property=\"og:locale\" content=\"pt_PT\" \/>\n<meta property=\"og:type\" content=\"article\" \/>\n<meta property=\"og:title\" content=\"A m\u00e3e n\u00e3o esquece suas promessas\" \/>\n<meta property=\"og:description\" content=\"A Irm\u00e3 M. Carolina Sandrone fala sobre os seus planos e o significado do Jornada Mundial da Juventude deste ano em Lisboa.\" \/>\n<meta property=\"og:url\" content=\"https:\/\/schoenstatt.com\/pt-pt\/a-mae-nao-esquece-suas-promessas\/\" \/>\n<meta property=\"og:site_name\" content=\"Schoenstatt\" \/>\n<meta property=\"article:published_time\" content=\"2023-03-29T19:45:11+00:00\" \/>\n<meta property=\"article:modified_time\" content=\"2025-05-15T22:49:38+00:00\" \/>\n<meta property=\"og:image\" content=\"https:\/\/schoenstatt.com\/wp-content\/uploads\/2023\/03\/06-Web-SpanischsprachigePilger-in-Schoenstatt-scaled-2.jpg\" \/>\n\t<meta property=\"og:image:width\" content=\"2048\" \/>\n\t<meta property=\"og:image:height\" content=\"1254\" \/>\n\t<meta property=\"og:image:type\" content=\"image\/jpeg\" \/>\n<meta name=\"author\" content=\"Vanessa Franke\" \/>\n<meta name=\"twitter:card\" content=\"summary_large_image\" \/>\n<meta name=\"twitter:label1\" content=\"Escrito por\" \/>\n\t<meta name=\"twitter:data1\" content=\"Vanessa Franke\" \/>\n\t<meta name=\"twitter:label2\" content=\"Tempo estimado de leitura\" \/>\n\t<meta name=\"twitter:data2\" content=\"3 minutos\" \/>\n<script type=\"application\/ld+json\" class=\"yoast-schema-graph\">{\"@context\":\"https:\\\/\\\/schema.org\",\"@graph\":[{\"@type\":\"Article\",\"@id\":\"https:\\\/\\\/schoenstatt.com\\\/pt-pt\\\/a-mae-nao-esquece-suas-promessas\\\/#article\",\"isPartOf\":{\"@id\":\"https:\\\/\\\/schoenstatt.com\\\/pt-pt\\\/a-mae-nao-esquece-suas-promessas\\\/\"},\"author\":{\"name\":\"Vanessa Franke\",\"@id\":\"https:\\\/\\\/schoenstatt.com\\\/pt-pt\\\/#\\\/schema\\\/person\\\/ea97a60c723e21c923e2177f0f3163f7\"},\"headline\":\"A m\u00e3e n\u00e3o esquece suas promessas\",\"datePublished\":\"2023-03-29T19:45:11+00:00\",\"dateModified\":\"2025-05-15T22:49:38+00:00\",\"mainEntityOfPage\":{\"@id\":\"https:\\\/\\\/schoenstatt.com\\\/pt-pt\\\/a-mae-nao-esquece-suas-promessas\\\/\"},\"wordCount\":415,\"publisher\":{\"@id\":\"https:\\\/\\\/schoenstatt.com\\\/pt-pt\\\/#organization\"},\"image\":{\"@id\":\"https:\\\/\\\/schoenstatt.com\\\/pt-pt\\\/a-mae-nao-esquece-suas-promessas\\\/#primaryimage\"},\"thumbnailUrl\":\"https:\\\/\\\/schoenstatt.com\\\/wp-content\\\/uploads\\\/2023\\\/03\\\/06-Web-SpanischsprachigePilger-in-Schoenstatt-scaled-2.jpg\",\"articleSection\":[\"Eventos\",\"Juventude\"],\"inLanguage\":\"pt-PT\"},{\"@type\":\"WebPage\",\"@id\":\"https:\\\/\\\/schoenstatt.com\\\/pt-pt\\\/a-mae-nao-esquece-suas-promessas\\\/\",\"url\":\"https:\\\/\\\/schoenstatt.com\\\/pt-pt\\\/a-mae-nao-esquece-suas-promessas\\\/\",\"name\":\"A m\u00e3e n\u00e3o esquece suas promessas -\",\"isPartOf\":{\"@id\":\"https:\\\/\\\/schoenstatt.com\\\/pt-pt\\\/#website\"},\"primaryImageOfPage\":{\"@id\":\"https:\\\/\\\/schoenstatt.com\\\/pt-pt\\\/a-mae-nao-esquece-suas-promessas\\\/#primaryimage\"},\"image\":{\"@id\":\"https:\\\/\\\/schoenstatt.com\\\/pt-pt\\\/a-mae-nao-esquece-suas-promessas\\\/#primaryimage\"},\"thumbnailUrl\":\"https:\\\/\\\/schoenstatt.com\\\/wp-content\\\/uploads\\\/2023\\\/03\\\/06-Web-SpanischsprachigePilger-in-Schoenstatt-scaled-2.jpg\",\"datePublished\":\"2023-03-29T19:45:11+00:00\",\"dateModified\":\"2025-05-15T22:49:38+00:00\",\"description\":\"A Irm\u00e3 M. Carolina Sandrone fala sobre os seus planos e o significado do Jornada Mundial da Juventude deste ano em Lisboa.\",\"breadcrumb\":{\"@id\":\"https:\\\/\\\/schoenstatt.com\\\/pt-pt\\\/a-mae-nao-esquece-suas-promessas\\\/#breadcrumb\"},\"inLanguage\":\"pt-PT\",\"potentialAction\":[{\"@type\":\"ReadAction\",\"target\":[\"https:\\\/\\\/schoenstatt.com\\\/pt-pt\\\/a-mae-nao-esquece-suas-promessas\\\/\"]}]},{\"@type\":\"ImageObject\",\"inLanguage\":\"pt-PT\",\"@id\":\"https:\\\/\\\/schoenstatt.com\\\/pt-pt\\\/a-mae-nao-esquece-suas-promessas\\\/#primaryimage\",\"url\":\"https:\\\/\\\/schoenstatt.com\\\/wp-content\\\/uploads\\\/2023\\\/03\\\/06-Web-SpanischsprachigePilger-in-Schoenstatt-scaled-2.jpg\",\"contentUrl\":\"https:\\\/\\\/schoenstatt.com\\\/wp-content\\\/uploads\\\/2023\\\/03\\\/06-Web-SpanischsprachigePilger-in-Schoenstatt-scaled-2.jpg\",\"width\":2048,\"height\":1254,\"caption\":\"Foto: Sch\u00f6nst\u00e4tter Marienschwestern\"},{\"@type\":\"BreadcrumbList\",\"@id\":\"https:\\\/\\\/schoenstatt.com\\\/pt-pt\\\/a-mae-nao-esquece-suas-promessas\\\/#breadcrumb\",\"itemListElement\":[{\"@type\":\"ListItem\",\"position\":1,\"name\":\"Portada\",\"item\":\"https:\\\/\\\/schoenstatt.com\\\/pt-pt\\\/home\\\/\"},{\"@type\":\"ListItem\",\"position\":2,\"name\":\"A m\u00e3e n\u00e3o esquece suas promessas\"}]},{\"@type\":\"WebSite\",\"@id\":\"https:\\\/\\\/schoenstatt.com\\\/pt-pt\\\/#website\",\"url\":\"https:\\\/\\\/schoenstatt.com\\\/pt-pt\\\/\",\"name\":\"Schoenstatt\",\"description\":\"Apostolic Movement\",\"publisher\":{\"@id\":\"https:\\\/\\\/schoenstatt.com\\\/pt-pt\\\/#organization\"},\"potentialAction\":[{\"@type\":\"SearchAction\",\"target\":{\"@type\":\"EntryPoint\",\"urlTemplate\":\"https:\\\/\\\/schoenstatt.com\\\/pt-pt\\\/?s={search_term_string}\"},\"query-input\":{\"@type\":\"PropertyValueSpecification\",\"valueRequired\":true,\"valueName\":\"search_term_string\"}}],\"inLanguage\":\"pt-PT\"},{\"@type\":\"Organization\",\"@id\":\"https:\\\/\\\/schoenstatt.com\\\/pt-pt\\\/#organization\",\"name\":\"Schoenstatt\",\"url\":\"https:\\\/\\\/schoenstatt.com\\\/pt-pt\\\/\",\"logo\":{\"@type\":\"ImageObject\",\"inLanguage\":\"pt-PT\",\"@id\":\"https:\\\/\\\/schoenstatt.com\\\/pt-pt\\\/#\\\/schema\\\/logo\\\/image\\\/\",\"url\":\"https:\\\/\\\/schoenstatt.com\\\/wp-content\\\/uploads\\\/2025\\\/04\\\/logo-schoenstatt-white-696x696-1.png\",\"contentUrl\":\"https:\\\/\\\/schoenstatt.com\\\/wp-content\\\/uploads\\\/2025\\\/04\\\/logo-schoenstatt-white-696x696-1.png\",\"width\":696,\"height\":694,\"caption\":\"Schoenstatt\"},\"image\":{\"@id\":\"https:\\\/\\\/schoenstatt.com\\\/pt-pt\\\/#\\\/schema\\\/logo\\\/image\\\/\"}},{\"@type\":\"Person\",\"@id\":\"https:\\\/\\\/schoenstatt.com\\\/pt-pt\\\/#\\\/schema\\\/person\\\/ea97a60c723e21c923e2177f0f3163f7\",\"name\":\"Vanessa Franke\",\"image\":{\"@type\":\"ImageObject\",\"inLanguage\":\"pt-PT\",\"@id\":\"https:\\\/\\\/secure.gravatar.com\\\/avatar\\\/a9bcca3409928ccd3195eca11e2ccbb2e5d7c7912e9a945d4f326f81a0a5cb4a?s=96&d=mm&r=g\",\"url\":\"https:\\\/\\\/secure.gravatar.com\\\/avatar\\\/a9bcca3409928ccd3195eca11e2ccbb2e5d7c7912e9a945d4f326f81a0a5cb4a?s=96&d=mm&r=g\",\"contentUrl\":\"https:\\\/\\\/secure.gravatar.com\\\/avatar\\\/a9bcca3409928ccd3195eca11e2ccbb2e5d7c7912e9a945d4f326f81a0a5cb4a?s=96&d=mm&r=g\",\"caption\":\"Vanessa Franke\"},\"url\":\"https:\\\/\\\/schoenstatt.com\\\/pt-pt\\\/author\\\/vanessa-franke\\\/\"}]}<\/script>\n<!-- \/ Yoast SEO Premium plugin. -->","yoast_head_json":{"title":"A m\u00e3e n\u00e3o esquece suas promessas -","description":"A Irm\u00e3 M. Carolina Sandrone fala sobre os seus planos e o significado do Jornada Mundial da Juventude deste ano em Lisboa.","robots":{"index":"index","follow":"follow","max-snippet":"max-snippet:-1","max-image-preview":"max-image-preview:large","max-video-preview":"max-video-preview:-1"},"canonical":"https:\/\/schoenstatt.com\/pt-pt\/a-mae-nao-esquece-suas-promessas\/","og_locale":"pt_PT","og_type":"article","og_title":"A m\u00e3e n\u00e3o esquece suas promessas","og_description":"A Irm\u00e3 M. Carolina Sandrone fala sobre os seus planos e o significado do Jornada Mundial da Juventude deste ano em Lisboa.","og_url":"https:\/\/schoenstatt.com\/pt-pt\/a-mae-nao-esquece-suas-promessas\/","og_site_name":"Schoenstatt","article_published_time":"2023-03-29T19:45:11+00:00","article_modified_time":"2025-05-15T22:49:38+00:00","og_image":[{"width":2048,"height":1254,"url":"https:\/\/schoenstatt.com\/wp-content\/uploads\/2023\/03\/06-Web-SpanischsprachigePilger-in-Schoenstatt-scaled-2.jpg","type":"image\/jpeg"}],"author":"Vanessa Franke","twitter_card":"summary_large_image","twitter_misc":{"Escrito por":"Vanessa Franke","Tempo estimado de leitura":"3 minutos"},"schema":{"@context":"https:\/\/schema.org","@graph":[{"@type":"Article","@id":"https:\/\/schoenstatt.com\/pt-pt\/a-mae-nao-esquece-suas-promessas\/#article","isPartOf":{"@id":"https:\/\/schoenstatt.com\/pt-pt\/a-mae-nao-esquece-suas-promessas\/"},"author":{"name":"Vanessa Franke","@id":"https:\/\/schoenstatt.com\/pt-pt\/#\/schema\/person\/ea97a60c723e21c923e2177f0f3163f7"},"headline":"A m\u00e3e n\u00e3o esquece suas promessas","datePublished":"2023-03-29T19:45:11+00:00","dateModified":"2025-05-15T22:49:38+00:00","mainEntityOfPage":{"@id":"https:\/\/schoenstatt.com\/pt-pt\/a-mae-nao-esquece-suas-promessas\/"},"wordCount":415,"publisher":{"@id":"https:\/\/schoenstatt.com\/pt-pt\/#organization"},"image":{"@id":"https:\/\/schoenstatt.com\/pt-pt\/a-mae-nao-esquece-suas-promessas\/#primaryimage"},"thumbnailUrl":"https:\/\/schoenstatt.com\/wp-content\/uploads\/2023\/03\/06-Web-SpanischsprachigePilger-in-Schoenstatt-scaled-2.jpg","articleSection":["Eventos","Juventude"],"inLanguage":"pt-PT"},{"@type":"WebPage","@id":"https:\/\/schoenstatt.com\/pt-pt\/a-mae-nao-esquece-suas-promessas\/","url":"https:\/\/schoenstatt.com\/pt-pt\/a-mae-nao-esquece-suas-promessas\/","name":"A m\u00e3e n\u00e3o esquece suas promessas -","isPartOf":{"@id":"https:\/\/schoenstatt.com\/pt-pt\/#website"},"primaryImageOfPage":{"@id":"https:\/\/schoenstatt.com\/pt-pt\/a-mae-nao-esquece-suas-promessas\/#primaryimage"},"image":{"@id":"https:\/\/schoenstatt.com\/pt-pt\/a-mae-nao-esquece-suas-promessas\/#primaryimage"},"thumbnailUrl":"https:\/\/schoenstatt.com\/wp-content\/uploads\/2023\/03\/06-Web-SpanischsprachigePilger-in-Schoenstatt-scaled-2.jpg","datePublished":"2023-03-29T19:45:11+00:00","dateModified":"2025-05-15T22:49:38+00:00","description":"A Irm\u00e3 M. Carolina Sandrone fala sobre os seus planos e o significado do Jornada Mundial da Juventude deste ano em Lisboa.","breadcrumb":{"@id":"https:\/\/schoenstatt.com\/pt-pt\/a-mae-nao-esquece-suas-promessas\/#breadcrumb"},"inLanguage":"pt-PT","potentialAction":[{"@type":"ReadAction","target":["https:\/\/schoenstatt.com\/pt-pt\/a-mae-nao-esquece-suas-promessas\/"]}]},{"@type":"ImageObject","inLanguage":"pt-PT","@id":"https:\/\/schoenstatt.com\/pt-pt\/a-mae-nao-esquece-suas-promessas\/#primaryimage","url":"https:\/\/schoenstatt.com\/wp-content\/uploads\/2023\/03\/06-Web-SpanischsprachigePilger-in-Schoenstatt-scaled-2.jpg","contentUrl":"https:\/\/schoenstatt.com\/wp-content\/uploads\/2023\/03\/06-Web-SpanischsprachigePilger-in-Schoenstatt-scaled-2.jpg","width":2048,"height":1254,"caption":"Foto: Sch\u00f6nst\u00e4tter Marienschwestern"},{"@type":"BreadcrumbList","@id":"https:\/\/schoenstatt.com\/pt-pt\/a-mae-nao-esquece-suas-promessas\/#breadcrumb","itemListElement":[{"@type":"ListItem","position":1,"name":"Portada","item":"https:\/\/schoenstatt.com\/pt-pt\/home\/"},{"@type":"ListItem","position":2,"name":"A m\u00e3e n\u00e3o esquece suas promessas"}]},{"@type":"WebSite","@id":"https:\/\/schoenstatt.com\/pt-pt\/#website","url":"https:\/\/schoenstatt.com\/pt-pt\/","name":"Schoenstatt","description":"Apostolic Movement","publisher":{"@id":"https:\/\/schoenstatt.com\/pt-pt\/#organization"},"potentialAction":[{"@type":"SearchAction","target":{"@type":"EntryPoint","urlTemplate":"https:\/\/schoenstatt.com\/pt-pt\/?s={search_term_string}"},"query-input":{"@type":"PropertyValueSpecification","valueRequired":true,"valueName":"search_term_string"}}],"inLanguage":"pt-PT"},{"@type":"Organization","@id":"https:\/\/schoenstatt.com\/pt-pt\/#organization","name":"Schoenstatt","url":"https:\/\/schoenstatt.com\/pt-pt\/","logo":{"@type":"ImageObject","inLanguage":"pt-PT","@id":"https:\/\/schoenstatt.com\/pt-pt\/#\/schema\/logo\/image\/","url":"https:\/\/schoenstatt.com\/wp-content\/uploads\/2025\/04\/logo-schoenstatt-white-696x696-1.png","contentUrl":"https:\/\/schoenstatt.com\/wp-content\/uploads\/2025\/04\/logo-schoenstatt-white-696x696-1.png","width":696,"height":694,"caption":"Schoenstatt"},"image":{"@id":"https:\/\/schoenstatt.com\/pt-pt\/#\/schema\/logo\/image\/"}},{"@type":"Person","@id":"https:\/\/schoenstatt.com\/pt-pt\/#\/schema\/person\/ea97a60c723e21c923e2177f0f3163f7","name":"Vanessa Franke","image":{"@type":"ImageObject","inLanguage":"pt-PT","@id":"https:\/\/secure.gravatar.com\/avatar\/a9bcca3409928ccd3195eca11e2ccbb2e5d7c7912e9a945d4f326f81a0a5cb4a?s=96&d=mm&r=g","url":"https:\/\/secure.gravatar.com\/avatar\/a9bcca3409928ccd3195eca11e2ccbb2e5d7c7912e9a945d4f326f81a0a5cb4a?s=96&d=mm&r=g","contentUrl":"https:\/\/secure.gravatar.com\/avatar\/a9bcca3409928ccd3195eca11e2ccbb2e5d7c7912e9a945d4f326f81a0a5cb4a?s=96&d=mm&r=g","caption":"Vanessa Franke"},"url":"https:\/\/schoenstatt.com\/pt-pt\/author\/vanessa-franke\/"}]}},"_links":{"self":[{"href":"https:\/\/schoenstatt.com\/pt-pt\/wp-json\/wp\/v2\/posts\/49836","targetHints":{"allow":["GET"]}}],"collection":[{"href":"https:\/\/schoenstatt.com\/pt-pt\/wp-json\/wp\/v2\/posts"}],"about":[{"href":"https:\/\/schoenstatt.com\/pt-pt\/wp-json\/wp\/v2\/types\/post"}],"author":[{"embeddable":true,"href":"https:\/\/schoenstatt.com\/pt-pt\/wp-json\/wp\/v2\/users\/6"}],"replies":[{"embeddable":true,"href":"https:\/\/schoenstatt.com\/pt-pt\/wp-json\/wp\/v2\/comments?post=49836"}],"version-history":[{"count":2,"href":"https:\/\/schoenstatt.com\/pt-pt\/wp-json\/wp\/v2\/posts\/49836\/revisions"}],"predecessor-version":[{"id":56034,"href":"https:\/\/schoenstatt.com\/pt-pt\/wp-json\/wp\/v2\/posts\/49836\/revisions\/56034"}],"wp:featuredmedia":[{"embeddable":true,"href":"https:\/\/schoenstatt.com\/pt-pt\/wp-json\/wp\/v2\/media\/29814"}],"wp:attachment":[{"href":"https:\/\/schoenstatt.com\/pt-pt\/wp-json\/wp\/v2\/media?parent=49836"}],"wp:term":[{"taxonomy":"category","embeddable":true,"href":"https:\/\/schoenstatt.com\/pt-pt\/wp-json\/wp\/v2\/categories?post=49836"},{"taxonomy":"post_tag","embeddable":true,"href":"https:\/\/schoenstatt.com\/pt-pt\/wp-json\/wp\/v2\/tags?post=49836"}],"curies":[{"name":"wp","href":"https:\/\/api.w.org\/{rel}","templated":true}]}}