{"id":49633,"date":"2023-04-16T21:40:36","date_gmt":"2023-04-16T19:40:36","guid":{"rendered":"https:\/\/schoenstattdev.wpenginepowered.com\/?p=30057"},"modified":"2025-05-16T00:30:15","modified_gmt":"2025-05-15T22:30:15","slug":"congresso-internacional-da-obra-das-familias-ciof-paraguai-2023","status":"publish","type":"post","link":"https:\/\/schoenstatt.com\/pt-pt\/congresso-internacional-da-obra-das-familias-ciof-paraguai-2023\/","title":{"rendered":"Congresso Internacional Da Obra Das Fam\u00edlias- CIOF PARAGUAI 2023"},"content":{"rendered":"<p>O CIOF \u00e9 um espa\u00e7o de vincula\u00e7\u00e3o entre as diferentes comunidades (Liga, Federa\u00e7\u00e3o e Instituto) da Obra das <a href=\"https:\/\/schoenstattdev.wpenginepowered.com\/pt-pt\/familia\/comunidades-do-movimento-apostolico-de-schoenstatt\/familias\/\">Fam\u00edlia<\/a> de Schoenstatt, cujo objetivo \u00e9 refletir e trocar experi\u00eancias, material formativo, projetos e apostolados, com a finalidade de unir crit\u00e9rios e inspirar, a partir da espiritualidade do Padre Jos\u00e9 Kentenich, uma pedagogia matrimonial e familiar mariana que prop\u00f5e linhas de a\u00e7\u00e3o, em resposta aos desafios deste tempo<\/p>\n<h3>Os objetivos do CIOF Paraguai 2023<\/h3>\n<h3><strong>S\u00e3o<\/strong>:<\/h3>\n<ul>\n<li>Promover uma experi\u00eancia de encontro pessoal e de vida, c\u00e1lida e familiar, das diversas comunidades da Obra Continental das Fam\u00edlias, para fortalecer os la\u00e7os desde o cora\u00e7\u00e3o da Am\u00e9rica.<\/li>\n<li>Gerar propostas concretas de resposta aos desafios do nosso tempo, a partir da identifica\u00e7\u00e3o da realidade do matrim\u00f4nio, da fam\u00edlia e da sociedade, e desde um olhar autocr\u00edtico como\u00a0 Obra das Fam\u00edlias.<\/li>\n<li>Na for\u00e7a da Alian\u00e7a de Amor, dar o carisma do Padre Kentenich \u00e0 Igreja e ao mundo, como l\u00edderes mission\u00e1rios construtores de fam\u00edlias sagradas.<\/li>\n<\/ul>\n<p>&nbsp;<\/p>\n<h3>LEMA<\/h3>\n<p><img fetchpriority=\"high\" decoding=\"async\" class=\"alignnone wp-image-30066 size-full\" src=\"https:\/\/schoenstatt.com\/wp-content\/uploads\/2023\/04\/pt-foto_page-0002-2.jpg\" alt=\"\" width=\"596\" height=\"195\" \/><\/p>\n<p><strong>FAM\u00cdLIA EM ALIAN\u00c7A<\/strong><\/p>\n<p>A for\u00e7a que move a fam\u00edlia \u00e9 uma decidida f\u00e9 na Provid\u00eancia Divina e na Alian\u00e7a de Amor, que nos impulsiona a caminhar com confian\u00e7a no presente e rumo ao futuro, com esperan\u00e7a.<\/p>\n<p><strong>CORA\u00c7\u00c3O<\/strong><\/p>\n<p>Do cora\u00e7\u00e3o da Am\u00e9rica, Paraguai, o CIOF busca fortalecer os v\u00ednculos internacionais e zelar pelos valores de uma fam\u00edlia que vive em solidariedade.<\/p>\n<p><strong>MUNDO<\/strong><\/p>\n<p>Inseridas no mundo, as fam\u00edlias t\u00eam a miss\u00e3o de servir e alcan\u00e7ar a Igreja das novas praias.<\/p>\n<h3 style=\"text-align: left;\">LOGO<\/h3>\n<p><img decoding=\"async\" class=\"size-medium wp-image-30034 alignnone\" src=\"https:\/\/schoenstatt.com\/wp-content\/uploads\/2023\/04\/LOGO-2.png\" alt=\"\" width=\"300\" height=\"300\" \/><\/p>\n<p>No logo do congresso, o slogan que acompanhou seu desenho era: &#8220;renovar as fam\u00edlias \u00e0 luz da espiritualidade de Schoenstatt&#8221;<\/p>\n<p><strong>A Fam\u00edlia:<\/strong> representada por pai, m\u00e3e, filho.<\/p>\n<p><strong>O Santu\u00e1rio:<\/strong> de onde vem a fonte de gra\u00e7as.<\/p>\n<p><strong>O Cora\u00e7\u00e3o<\/strong>: a fam\u00edlia representada com um abra\u00e7o, sob o olhar atento do Pai que tanto nos ama.<\/p>\n<p><strong>Para o mundo<\/strong>: de onde temos que estar, irradiar as gra\u00e7as ao mundo.<\/p>\n<p>&nbsp;<\/p>\n<h3 style=\"text-align: center;\">PROGRAMA DO CONGRESSO<\/h3>\n<p><strong>4 de maio<\/strong> Ato inaugural com Missa de abertura do Congresso.<\/p>\n<p><strong>5 de maio<\/strong> Sotaque: Fam\u00edlia Mariana de casa para o mundo. Confer\u00eancias, oficinas e pain\u00e9is.<\/p>\n<p><strong>6 de maio<\/strong> Sotaque. \u00c9 o tempo dos leigos. COR UNUM IN PATRE.\u00a0Confer\u00eancias, oficinas e pain\u00e9is. Apostolados.\u00a0Expo Apostolado.<\/p>\n<p><strong>7 de maio<\/strong> Encontro de Comunidades.\u00a0Conclus\u00f5es gerais.<\/p>\n<p><strong>Missa de Encerramento<\/strong><\/p>\n<p>Teremos a oportunidade de compartilhar mais de 25 oficinas, 3 confer\u00eancias, 2 pain\u00e9is e depoimentos, preparados por casais e Assessores dos diversos pa\u00edses participantes. Seus conte\u00fados estar\u00e3o dispon\u00edveis no site.<\/p>\n<h3>Para mais informa\u00e7\u00f5es:<\/h3>\n<p><a href=\"http:\/\/www.ciofparaguay.com\">www.ciofparaguay.com<\/a><\/p>\n<p>@<a href=\"https:\/\/www.instagram.com\/ciofparaguay\/\">CIOFParaguay<\/a><\/p>\n","protected":false},"excerpt":{"rendered":"<p>A partir do lema FAM\u00cdLIAS EM ALIAN\u00c7A, CORA\u00c7\u00c3O PARA O MUNDO, casais representantes de 20 pa\u00edses ibero-americanos e alguns da Europa, junto com conselheiros, assessores e assessoras se encontrar\u00e3o no cora\u00e7\u00e3o da Am\u00e9rica, para o 6\u00ba Congresso da Obra das Fam\u00edlia Continental. Mais de 340 participantes se reunir\u00e3o em Assun\u00e7\u00e3o, Paraguai, de 4 a 7 de maio deste ano.<\/p>\n","protected":false},"author":3,"featured_media":30042,"comment_status":"closed","ping_status":"closed","sticky":false,"template":"","format":"standard","meta":{"footnotes":""},"categories":[916],"tags":[],"class_list":["post-49633","post","type-post","status-publish","format-standard","has-post-thumbnail","hentry","category-espiritualidade-pt-pt"],"yoast_head":"<!-- This site is optimized with the Yoast SEO Premium plugin v27.4 (Yoast SEO v27.4) - https:\/\/yoast.com\/product\/yoast-seo-premium-wordpress\/ -->\n<title>Congresso Internacional Da Obra Das Fam\u00edlias- CIOF PARAGUAI 2023<\/title>\n<meta name=\"description\" content=\"A Equipe Organizadora e a Fam\u00edlia de Schoenstatt do Paraguai, do caloroso cora\u00e7\u00e3o da Am\u00e9rica, aguardam todos os participantes!\" \/>\n<meta name=\"robots\" content=\"index, follow, max-snippet:-1, max-image-preview:large, max-video-preview:-1\" \/>\n<link rel=\"canonical\" href=\"https:\/\/schoenstatt.com\/pt-pt\/congresso-internacional-da-obra-das-familias-ciof-paraguai-2023\/\" \/>\n<meta property=\"og:locale\" content=\"pt_PT\" \/>\n<meta property=\"og:type\" content=\"article\" \/>\n<meta property=\"og:title\" content=\"Congresso Internacional Da Obra Das Fam\u00edlias- CIOF PARAGUAI 2023\" \/>\n<meta property=\"og:description\" content=\"A Equipe Organizadora e a Fam\u00edlia de Schoenstatt do Paraguai, do caloroso cora\u00e7\u00e3o da Am\u00e9rica, aguardam todos os participantes!\" \/>\n<meta property=\"og:url\" content=\"https:\/\/schoenstatt.com\/pt-pt\/congresso-internacional-da-obra-das-familias-ciof-paraguai-2023\/\" \/>\n<meta property=\"og:site_name\" content=\"Schoenstatt\" \/>\n<meta property=\"article:published_time\" content=\"2023-04-16T19:40:36+00:00\" \/>\n<meta property=\"article:modified_time\" content=\"2025-05-15T22:30:15+00:00\" \/>\n<meta property=\"og:image\" content=\"https:\/\/schoenstatt.com\/wp-content\/uploads\/2023\/04\/CRRR-1-1.jpg\" \/>\n\t<meta property=\"og:image:width\" content=\"1024\" \/>\n\t<meta property=\"og:image:height\" content=\"768\" \/>\n\t<meta property=\"og:image:type\" content=\"image\/jpeg\" \/>\n<meta name=\"author\" content=\"Karen Bueno\" \/>\n<meta name=\"twitter:card\" content=\"summary_large_image\" \/>\n<meta name=\"twitter:label1\" content=\"Escrito por\" \/>\n\t<meta name=\"twitter:data1\" content=\"Karen Bueno\" \/>\n\t<meta name=\"twitter:label2\" content=\"Tempo estimado de leitura\" \/>\n\t<meta name=\"twitter:data2\" content=\"3 minutos\" \/>\n<script type=\"application\/ld+json\" class=\"yoast-schema-graph\">{\"@context\":\"https:\\\/\\\/schema.org\",\"@graph\":[{\"@type\":\"Article\",\"@id\":\"https:\\\/\\\/schoenstatt.com\\\/pt-pt\\\/congresso-internacional-da-obra-das-familias-ciof-paraguai-2023\\\/#article\",\"isPartOf\":{\"@id\":\"https:\\\/\\\/schoenstatt.com\\\/pt-pt\\\/congresso-internacional-da-obra-das-familias-ciof-paraguai-2023\\\/\"},\"author\":{\"name\":\"Karen Bueno\",\"@id\":\"https:\\\/\\\/schoenstatt.com\\\/pt-pt\\\/#\\\/schema\\\/person\\\/5158877ad4acae98b34daaeef2a1ce6e\"},\"headline\":\"Congresso Internacional Da Obra Das Fam\u00edlias- CIOF PARAGUAI 2023\",\"datePublished\":\"2023-04-16T19:40:36+00:00\",\"dateModified\":\"2025-05-15T22:30:15+00:00\",\"mainEntityOfPage\":{\"@id\":\"https:\\\/\\\/schoenstatt.com\\\/pt-pt\\\/congresso-internacional-da-obra-das-familias-ciof-paraguai-2023\\\/\"},\"wordCount\":463,\"publisher\":{\"@id\":\"https:\\\/\\\/schoenstatt.com\\\/pt-pt\\\/#organization\"},\"image\":{\"@id\":\"https:\\\/\\\/schoenstatt.com\\\/pt-pt\\\/congresso-internacional-da-obra-das-familias-ciof-paraguai-2023\\\/#primaryimage\"},\"thumbnailUrl\":\"https:\\\/\\\/schoenstatt.com\\\/wp-content\\\/uploads\\\/2023\\\/04\\\/CRRR-1-1.jpg\",\"articleSection\":[\"Espiritualidade\"],\"inLanguage\":\"pt-PT\"},{\"@type\":\"WebPage\",\"@id\":\"https:\\\/\\\/schoenstatt.com\\\/pt-pt\\\/congresso-internacional-da-obra-das-familias-ciof-paraguai-2023\\\/\",\"url\":\"https:\\\/\\\/schoenstatt.com\\\/pt-pt\\\/congresso-internacional-da-obra-das-familias-ciof-paraguai-2023\\\/\",\"name\":\"Congresso Internacional Da Obra Das Fam\u00edlias- CIOF PARAGUAI 2023\",\"isPartOf\":{\"@id\":\"https:\\\/\\\/schoenstatt.com\\\/pt-pt\\\/#website\"},\"primaryImageOfPage\":{\"@id\":\"https:\\\/\\\/schoenstatt.com\\\/pt-pt\\\/congresso-internacional-da-obra-das-familias-ciof-paraguai-2023\\\/#primaryimage\"},\"image\":{\"@id\":\"https:\\\/\\\/schoenstatt.com\\\/pt-pt\\\/congresso-internacional-da-obra-das-familias-ciof-paraguai-2023\\\/#primaryimage\"},\"thumbnailUrl\":\"https:\\\/\\\/schoenstatt.com\\\/wp-content\\\/uploads\\\/2023\\\/04\\\/CRRR-1-1.jpg\",\"datePublished\":\"2023-04-16T19:40:36+00:00\",\"dateModified\":\"2025-05-15T22:30:15+00:00\",\"description\":\"A Equipe Organizadora e a Fam\u00edlia de Schoenstatt do Paraguai, do caloroso cora\u00e7\u00e3o da Am\u00e9rica, aguardam todos os participantes!\",\"breadcrumb\":{\"@id\":\"https:\\\/\\\/schoenstatt.com\\\/pt-pt\\\/congresso-internacional-da-obra-das-familias-ciof-paraguai-2023\\\/#breadcrumb\"},\"inLanguage\":\"pt-PT\",\"potentialAction\":[{\"@type\":\"ReadAction\",\"target\":[\"https:\\\/\\\/schoenstatt.com\\\/pt-pt\\\/congresso-internacional-da-obra-das-familias-ciof-paraguai-2023\\\/\"]}]},{\"@type\":\"ImageObject\",\"inLanguage\":\"pt-PT\",\"@id\":\"https:\\\/\\\/schoenstatt.com\\\/pt-pt\\\/congresso-internacional-da-obra-das-familias-ciof-paraguai-2023\\\/#primaryimage\",\"url\":\"https:\\\/\\\/schoenstatt.com\\\/wp-content\\\/uploads\\\/2023\\\/04\\\/CRRR-1-1.jpg\",\"contentUrl\":\"https:\\\/\\\/schoenstatt.com\\\/wp-content\\\/uploads\\\/2023\\\/04\\\/CRRR-1-1.jpg\",\"width\":1024,\"height\":768,\"caption\":\"El Equipo organizador y la Familia de Schoenstatt de Paraguay, desde el c\u00e1lido coraz\u00f3n de Am\u00e9rica, espera con mucha alegr\u00eda y cari\u00f1o a todos los participantes!\"},{\"@type\":\"BreadcrumbList\",\"@id\":\"https:\\\/\\\/schoenstatt.com\\\/pt-pt\\\/congresso-internacional-da-obra-das-familias-ciof-paraguai-2023\\\/#breadcrumb\",\"itemListElement\":[{\"@type\":\"ListItem\",\"position\":1,\"name\":\"Portada\",\"item\":\"https:\\\/\\\/schoenstatt.com\\\/pt-pt\\\/home\\\/\"},{\"@type\":\"ListItem\",\"position\":2,\"name\":\"Congresso Internacional Da Obra Das Fam\u00edlias- CIOF PARAGUAI 2023\"}]},{\"@type\":\"WebSite\",\"@id\":\"https:\\\/\\\/schoenstatt.com\\\/pt-pt\\\/#website\",\"url\":\"https:\\\/\\\/schoenstatt.com\\\/pt-pt\\\/\",\"name\":\"Schoenstatt\",\"description\":\"Apostolic Movement\",\"publisher\":{\"@id\":\"https:\\\/\\\/schoenstatt.com\\\/pt-pt\\\/#organization\"},\"potentialAction\":[{\"@type\":\"SearchAction\",\"target\":{\"@type\":\"EntryPoint\",\"urlTemplate\":\"https:\\\/\\\/schoenstatt.com\\\/pt-pt\\\/?s={search_term_string}\"},\"query-input\":{\"@type\":\"PropertyValueSpecification\",\"valueRequired\":true,\"valueName\":\"search_term_string\"}}],\"inLanguage\":\"pt-PT\"},{\"@type\":\"Organization\",\"@id\":\"https:\\\/\\\/schoenstatt.com\\\/pt-pt\\\/#organization\",\"name\":\"Schoenstatt\",\"url\":\"https:\\\/\\\/schoenstatt.com\\\/pt-pt\\\/\",\"logo\":{\"@type\":\"ImageObject\",\"inLanguage\":\"pt-PT\",\"@id\":\"https:\\\/\\\/schoenstatt.com\\\/pt-pt\\\/#\\\/schema\\\/logo\\\/image\\\/\",\"url\":\"https:\\\/\\\/schoenstatt.com\\\/wp-content\\\/uploads\\\/2025\\\/04\\\/logo-schoenstatt-white-696x696-1.png\",\"contentUrl\":\"https:\\\/\\\/schoenstatt.com\\\/wp-content\\\/uploads\\\/2025\\\/04\\\/logo-schoenstatt-white-696x696-1.png\",\"width\":696,\"height\":694,\"caption\":\"Schoenstatt\"},\"image\":{\"@id\":\"https:\\\/\\\/schoenstatt.com\\\/pt-pt\\\/#\\\/schema\\\/logo\\\/image\\\/\"}},{\"@type\":\"Person\",\"@id\":\"https:\\\/\\\/schoenstatt.com\\\/pt-pt\\\/#\\\/schema\\\/person\\\/5158877ad4acae98b34daaeef2a1ce6e\",\"name\":\"Karen Bueno\",\"image\":{\"@type\":\"ImageObject\",\"inLanguage\":\"pt-PT\",\"@id\":\"https:\\\/\\\/secure.gravatar.com\\\/avatar\\\/f9f4b823873154269d2b2130f195f6d41037dd0d7fc5f3cacb5c846bae70d66b?s=96&d=mm&r=g\",\"url\":\"https:\\\/\\\/secure.gravatar.com\\\/avatar\\\/f9f4b823873154269d2b2130f195f6d41037dd0d7fc5f3cacb5c846bae70d66b?s=96&d=mm&r=g\",\"contentUrl\":\"https:\\\/\\\/secure.gravatar.com\\\/avatar\\\/f9f4b823873154269d2b2130f195f6d41037dd0d7fc5f3cacb5c846bae70d66b?s=96&d=mm&r=g\",\"caption\":\"Karen Bueno\"},\"url\":\"https:\\\/\\\/schoenstatt.com\\\/pt-pt\\\/author\\\/karen-bueno\\\/\"}]}<\/script>\n<!-- \/ Yoast SEO Premium plugin. -->","yoast_head_json":{"title":"Congresso Internacional Da Obra Das Fam\u00edlias- CIOF PARAGUAI 2023","description":"A Equipe Organizadora e a Fam\u00edlia de Schoenstatt do Paraguai, do caloroso cora\u00e7\u00e3o da Am\u00e9rica, aguardam todos os participantes!","robots":{"index":"index","follow":"follow","max-snippet":"max-snippet:-1","max-image-preview":"max-image-preview:large","max-video-preview":"max-video-preview:-1"},"canonical":"https:\/\/schoenstatt.com\/pt-pt\/congresso-internacional-da-obra-das-familias-ciof-paraguai-2023\/","og_locale":"pt_PT","og_type":"article","og_title":"Congresso Internacional Da Obra Das Fam\u00edlias- CIOF PARAGUAI 2023","og_description":"A Equipe Organizadora e a Fam\u00edlia de Schoenstatt do Paraguai, do caloroso cora\u00e7\u00e3o da Am\u00e9rica, aguardam todos os participantes!","og_url":"https:\/\/schoenstatt.com\/pt-pt\/congresso-internacional-da-obra-das-familias-ciof-paraguai-2023\/","og_site_name":"Schoenstatt","article_published_time":"2023-04-16T19:40:36+00:00","article_modified_time":"2025-05-15T22:30:15+00:00","og_image":[{"width":1024,"height":768,"url":"https:\/\/schoenstatt.com\/wp-content\/uploads\/2023\/04\/CRRR-1-1.jpg","type":"image\/jpeg"}],"author":"Karen Bueno","twitter_card":"summary_large_image","twitter_misc":{"Escrito por":"Karen Bueno","Tempo estimado de leitura":"3 minutos"},"schema":{"@context":"https:\/\/schema.org","@graph":[{"@type":"Article","@id":"https:\/\/schoenstatt.com\/pt-pt\/congresso-internacional-da-obra-das-familias-ciof-paraguai-2023\/#article","isPartOf":{"@id":"https:\/\/schoenstatt.com\/pt-pt\/congresso-internacional-da-obra-das-familias-ciof-paraguai-2023\/"},"author":{"name":"Karen Bueno","@id":"https:\/\/schoenstatt.com\/pt-pt\/#\/schema\/person\/5158877ad4acae98b34daaeef2a1ce6e"},"headline":"Congresso Internacional Da Obra Das Fam\u00edlias- CIOF PARAGUAI 2023","datePublished":"2023-04-16T19:40:36+00:00","dateModified":"2025-05-15T22:30:15+00:00","mainEntityOfPage":{"@id":"https:\/\/schoenstatt.com\/pt-pt\/congresso-internacional-da-obra-das-familias-ciof-paraguai-2023\/"},"wordCount":463,"publisher":{"@id":"https:\/\/schoenstatt.com\/pt-pt\/#organization"},"image":{"@id":"https:\/\/schoenstatt.com\/pt-pt\/congresso-internacional-da-obra-das-familias-ciof-paraguai-2023\/#primaryimage"},"thumbnailUrl":"https:\/\/schoenstatt.com\/wp-content\/uploads\/2023\/04\/CRRR-1-1.jpg","articleSection":["Espiritualidade"],"inLanguage":"pt-PT"},{"@type":"WebPage","@id":"https:\/\/schoenstatt.com\/pt-pt\/congresso-internacional-da-obra-das-familias-ciof-paraguai-2023\/","url":"https:\/\/schoenstatt.com\/pt-pt\/congresso-internacional-da-obra-das-familias-ciof-paraguai-2023\/","name":"Congresso Internacional Da Obra Das Fam\u00edlias- CIOF PARAGUAI 2023","isPartOf":{"@id":"https:\/\/schoenstatt.com\/pt-pt\/#website"},"primaryImageOfPage":{"@id":"https:\/\/schoenstatt.com\/pt-pt\/congresso-internacional-da-obra-das-familias-ciof-paraguai-2023\/#primaryimage"},"image":{"@id":"https:\/\/schoenstatt.com\/pt-pt\/congresso-internacional-da-obra-das-familias-ciof-paraguai-2023\/#primaryimage"},"thumbnailUrl":"https:\/\/schoenstatt.com\/wp-content\/uploads\/2023\/04\/CRRR-1-1.jpg","datePublished":"2023-04-16T19:40:36+00:00","dateModified":"2025-05-15T22:30:15+00:00","description":"A Equipe Organizadora e a Fam\u00edlia de Schoenstatt do Paraguai, do caloroso cora\u00e7\u00e3o da Am\u00e9rica, aguardam todos os participantes!","breadcrumb":{"@id":"https:\/\/schoenstatt.com\/pt-pt\/congresso-internacional-da-obra-das-familias-ciof-paraguai-2023\/#breadcrumb"},"inLanguage":"pt-PT","potentialAction":[{"@type":"ReadAction","target":["https:\/\/schoenstatt.com\/pt-pt\/congresso-internacional-da-obra-das-familias-ciof-paraguai-2023\/"]}]},{"@type":"ImageObject","inLanguage":"pt-PT","@id":"https:\/\/schoenstatt.com\/pt-pt\/congresso-internacional-da-obra-das-familias-ciof-paraguai-2023\/#primaryimage","url":"https:\/\/schoenstatt.com\/wp-content\/uploads\/2023\/04\/CRRR-1-1.jpg","contentUrl":"https:\/\/schoenstatt.com\/wp-content\/uploads\/2023\/04\/CRRR-1-1.jpg","width":1024,"height":768,"caption":"El Equipo organizador y la Familia de Schoenstatt de Paraguay, desde el c\u00e1lido coraz\u00f3n de Am\u00e9rica, espera con mucha alegr\u00eda y cari\u00f1o a todos los participantes!"},{"@type":"BreadcrumbList","@id":"https:\/\/schoenstatt.com\/pt-pt\/congresso-internacional-da-obra-das-familias-ciof-paraguai-2023\/#breadcrumb","itemListElement":[{"@type":"ListItem","position":1,"name":"Portada","item":"https:\/\/schoenstatt.com\/pt-pt\/home\/"},{"@type":"ListItem","position":2,"name":"Congresso Internacional Da Obra Das Fam\u00edlias- CIOF PARAGUAI 2023"}]},{"@type":"WebSite","@id":"https:\/\/schoenstatt.com\/pt-pt\/#website","url":"https:\/\/schoenstatt.com\/pt-pt\/","name":"Schoenstatt","description":"Apostolic Movement","publisher":{"@id":"https:\/\/schoenstatt.com\/pt-pt\/#organization"},"potentialAction":[{"@type":"SearchAction","target":{"@type":"EntryPoint","urlTemplate":"https:\/\/schoenstatt.com\/pt-pt\/?s={search_term_string}"},"query-input":{"@type":"PropertyValueSpecification","valueRequired":true,"valueName":"search_term_string"}}],"inLanguage":"pt-PT"},{"@type":"Organization","@id":"https:\/\/schoenstatt.com\/pt-pt\/#organization","name":"Schoenstatt","url":"https:\/\/schoenstatt.com\/pt-pt\/","logo":{"@type":"ImageObject","inLanguage":"pt-PT","@id":"https:\/\/schoenstatt.com\/pt-pt\/#\/schema\/logo\/image\/","url":"https:\/\/schoenstatt.com\/wp-content\/uploads\/2025\/04\/logo-schoenstatt-white-696x696-1.png","contentUrl":"https:\/\/schoenstatt.com\/wp-content\/uploads\/2025\/04\/logo-schoenstatt-white-696x696-1.png","width":696,"height":694,"caption":"Schoenstatt"},"image":{"@id":"https:\/\/schoenstatt.com\/pt-pt\/#\/schema\/logo\/image\/"}},{"@type":"Person","@id":"https:\/\/schoenstatt.com\/pt-pt\/#\/schema\/person\/5158877ad4acae98b34daaeef2a1ce6e","name":"Karen Bueno","image":{"@type":"ImageObject","inLanguage":"pt-PT","@id":"https:\/\/secure.gravatar.com\/avatar\/f9f4b823873154269d2b2130f195f6d41037dd0d7fc5f3cacb5c846bae70d66b?s=96&d=mm&r=g","url":"https:\/\/secure.gravatar.com\/avatar\/f9f4b823873154269d2b2130f195f6d41037dd0d7fc5f3cacb5c846bae70d66b?s=96&d=mm&r=g","contentUrl":"https:\/\/secure.gravatar.com\/avatar\/f9f4b823873154269d2b2130f195f6d41037dd0d7fc5f3cacb5c846bae70d66b?s=96&d=mm&r=g","caption":"Karen Bueno"},"url":"https:\/\/schoenstatt.com\/pt-pt\/author\/karen-bueno\/"}]}},"_links":{"self":[{"href":"https:\/\/schoenstatt.com\/pt-pt\/wp-json\/wp\/v2\/posts\/49633","targetHints":{"allow":["GET"]}}],"collection":[{"href":"https:\/\/schoenstatt.com\/pt-pt\/wp-json\/wp\/v2\/posts"}],"about":[{"href":"https:\/\/schoenstatt.com\/pt-pt\/wp-json\/wp\/v2\/types\/post"}],"author":[{"embeddable":true,"href":"https:\/\/schoenstatt.com\/pt-pt\/wp-json\/wp\/v2\/users\/3"}],"replies":[{"embeddable":true,"href":"https:\/\/schoenstatt.com\/pt-pt\/wp-json\/wp\/v2\/comments?post=49633"}],"version-history":[{"count":2,"href":"https:\/\/schoenstatt.com\/pt-pt\/wp-json\/wp\/v2\/posts\/49633\/revisions"}],"predecessor-version":[{"id":55913,"href":"https:\/\/schoenstatt.com\/pt-pt\/wp-json\/wp\/v2\/posts\/49633\/revisions\/55913"}],"wp:featuredmedia":[{"embeddable":true,"href":"https:\/\/schoenstatt.com\/pt-pt\/wp-json\/wp\/v2\/media\/30042"}],"wp:attachment":[{"href":"https:\/\/schoenstatt.com\/pt-pt\/wp-json\/wp\/v2\/media?parent=49633"}],"wp:term":[{"taxonomy":"category","embeddable":true,"href":"https:\/\/schoenstatt.com\/pt-pt\/wp-json\/wp\/v2\/categories?post=49633"},{"taxonomy":"post_tag","embeddable":true,"href":"https:\/\/schoenstatt.com\/pt-pt\/wp-json\/wp\/v2\/tags?post=49633"}],"curies":[{"name":"wp","href":"https:\/\/api.w.org\/{rel}","templated":true}]}}