{"id":49631,"date":"2023-04-17T18:11:48","date_gmt":"2023-04-17T16:11:48","guid":{"rendered":"https:\/\/schoenstattdev.wpenginepowered.com\/?p=30029"},"modified":"2025-05-16T03:04:09","modified_gmt":"2025-05-16T01:04:09","slug":"entrevista-com-pe-heinrich-walter-e-ir-m-cacilda","status":"publish","type":"post","link":"https:\/\/schoenstatt.com\/pt-pt\/entrevista-com-pe-heinrich-walter-e-ir-m-cacilda\/","title":{"rendered":"Entrevista com Pe. Heinrich Walter e Ir. M. Cacilda: &#8220;A primeira pedra de um grande projeto&#8221;."},"content":{"rendered":"<p style=\"text-align: center;\">A Ir. M. Cacilda Becker e o Pe. Heinrich Walter aceitaram o desafio de serem os primeiros Coordenadores Internacionais do Movimento de Schoenstatt. Ap\u00f3s sete anos, termina seu mandato prorrogado pela pandemia. Ir. M Nilza os entrevistou para Schoenstatt.com, o site oficial do Movimento. Eles respondem a uma variedade de perguntas sobre seu trabalho passado e futuro. O Pe. Walter deixa agora a Coordena\u00e7\u00e3o e vai para a \u00c1ustria, enquanto a Ir. M. Cacilda permanece por mais tr\u00eas anos. Para os Padres, assume o polon\u00eas, Pe. Arkadiusz Sosna, membro da Dire\u00e7\u00e3o Geral dos Padres de Schoenstatt.<\/p>\n<h3>Voc\u00eas s\u00e3o as pessoas que iniciaram o escrit\u00f3rio de Coordena\u00e7\u00e3o Internacional do Movimento de Schoenstatt. Isso requer coragem e comprometimento. Desde j\u00e1 estamos muito gratos por tudo o que fizeram pelo Movimento. Quais foram seus maiores desafios como Coordenadores Internacionais?<\/h3>\n<p><strong>Pe. Walter:<\/strong> Nos foi confiado 50% desta tarefa. A Ir. M. Cacilda morava em Schoenstatt e eu em Roma. Como n\u00e3o t\u00ednhamos outros colaboradores, foi como pular em \u00e1gua fria. Passo a passo elaboramos nossa tarefa para os pr\u00f3ximos anos, conforme descrito no Congresso de Pentecostes de 2015. A princ\u00edpio, em v\u00e1rios pa\u00edses temia-se que a Coordena\u00e7\u00e3o Internacional interferisse na organiza\u00e7\u00e3o dos pa\u00edses. As expectativas sobre o nosso trabalho eram muito diferentes. T\u00ednhamos que seguir nosso caminho no nosso pr\u00f3prio ritmo.<\/p>\n<p><img fetchpriority=\"high\" decoding=\"async\" class=\"aligncenter wp-image-30007 size-full\" src=\"https:\/\/schoenstatt.com\/wp-content\/uploads\/2023\/04\/p.-Walter-und-Sr.-Cacilda-1-1.jpg\" alt=\"\" width=\"799\" height=\"533\" \/><\/p>\n<h3>Qual tem sido a sua maior alegria neste tempo?<\/h3>\n<p><strong>Pe. Walter:<\/strong> Experimentar o Movimento em sua diversidade ao redor do mundo, conhec\u00ea-lo melhor, foi a maior alegria para mim. Em alguns pa\u00edses n\u00e3o h\u00e1 um desenvolvimento ativo, h\u00e1 um envelhecimento da Fam\u00edlia de Schoenstatt, que est\u00e1 sendo enfrentado de diferentes maneiras. Em vez disso, em outras regi\u00f5es est\u00e1 florescendo, onde Schoenstatt est\u00e1 come\u00e7ando com o entusiasmo de uma gera\u00e7\u00e3o fundadora. O que todos t\u00eam em comum \u00e9 um carisma vivo. Podemos aprender muito uns com os outros e nos inspirarmos mutuamente.<\/p>\n<p><strong>Ir. M. Cacilda:<\/strong>\u00a0Para mim o empenho dos volunt\u00e1rios foi e \u00e9 um grande enriquecimento. S\u00e3o pessoas de todos os continentes, principalmente da Am\u00e9rica Latina, de todas as idades, principalmente jovens, que deram seu tempo, seu conhecimento e seu entusiasmo \u00e0 Coordena\u00e7\u00e3o Internacional como algo natural e com o melhor de suas habilidades. Somos muito gratos por todo o apoio, e tenho visto constantemente como as pessoas se entregam por amor a Nossa M\u00e3e e a Schoenstatt. Sem eles nosso trabalho n\u00e3o teria sido poss\u00edvel de forma alguma.<\/p>\n<h3>Voc\u00eas representam o Movimento de todo o mundo na Presid\u00eancia Geral. Qual \u00e9 o objetivo desta tarefa?<\/h3>\n<p><strong>Pe. Walter:<\/strong> Na Presid\u00eancia h\u00e1 dois representantes de cada uma das Federa\u00e7\u00f5es e Institutos da Obra de Schoenstatt. At\u00e9 agora as comunidades da Liga foram representadas pelo respons\u00e1vel do Movimento na Alemanha. Quanto mais internacional e maior se tornava o Movimento em muitos pa\u00edses, mais forte se tornava a demanda por uma nova ordem, pois os Movimentos nacionais n\u00e3o se sentiam suficientemente representados. Como o l\u00edder do Movimento Alem\u00e3o pode saber o que est\u00e1 acontecendo em outros pa\u00edses e continentes? Isso se tornou especialmente vis\u00edvel por volta do Jubileu de 2014.<\/p>\n<p>&nbsp;<\/p>\n<h3>Como descreveria a realidade atual do Movimento de Schoenstatt internacional?<\/h3>\n<p><strong>Ir. M. Cacilda:<\/strong> Compromisso e desafios. Eu experimento atrav\u00e9s de muitos sinais qu\u00e3o grande \u00e9 o compromisso dos schoenstattianos. N\u00e3o importa se h\u00e1 muitos membros da Fam\u00edlia de Schoenstatt em um pa\u00eds ou se um n\u00famero cada vez menor de schoenstattianos faz todo o poss\u00edvel para manter vivo um Santu\u00e1rio e um Centro de Schoenstatt. Cada um faz o que pode com alegria e sentido de miss\u00e3o. E grande parte do nosso Movimento funciona em paralelo aos nossos trabalhos e com grande investimento pessoal.<\/p>\n<p>Temos desafios em todos os aspectos. A situa\u00e7\u00e3o da sociedade, com crescente seculariza\u00e7\u00e3o em todos os \u00e2mbitos da vida, exige grande flexibilidade, estar atento \u00e0 evolu\u00e7\u00e3o dos tempos e ter um cora\u00e7\u00e3o atento para captar o que \u00e9 justo. Quando penso nos desafios de alguns pa\u00edses, penso tamb\u00e9m na diminui\u00e7\u00e3o do n\u00famero de schoenstattianos, na falta de l\u00edderes e pessoas que possam levar a espiritualidade schoenstattiana mais longe em pa\u00edses onde as comunidades schoenstattianas centrais &#8211; as Federa\u00e7\u00f5es e os Institutos &#8211; n\u00e3o est\u00e3o presentes&#8230;<\/p>\n<h3><\/h3>\n<h3>Como conseguiram representa\u00e7\u00e3o na Igreja, no Vaticano? Qual foi o resultado?<\/h3>\n<p><strong>Pe. Walter:<\/strong> Como eu estava designado a Roma, a maior parte do trabalho veio para mim por esse motivo. \u00c9 um longo processo at\u00e9 que voc\u00ea se torne conhecido nos \u00f3rg\u00e3os da Igreja mundial em Roma. Foi uma tarefa agrad\u00e1vel porque pude conhecer muitas pessoas. \u00c9 incr\u00edvel o n\u00famero de comunidades, movimentos e iniciativas que existem na Igreja universal. A Igreja \u00e9 muito mais diversa e o Esp\u00edrito Santo mais eficaz do que costumamos perceber. Claro, tamb\u00e9m h\u00e1 tens\u00f5es nessa diversidade. Nestes sete anos avan\u00e7amos passo a passo. Passei a maior parte do meu tempo cultivando relacionamentos com pessoas de v\u00e1rias institui\u00e7\u00f5es da Igreja universal e do Vaticano. J\u00e1 era algo como fazer lobby para Schoenstatt. Infelizmente, a pandemia com suas restri\u00e7\u00f5es travou muitas iniciativas.<\/p>\n<h3><\/h3>\n<p>&nbsp;<\/p>\n<p><img decoding=\"async\" class=\"aligncenter wp-image-30011 size-large\" src=\"https:\/\/schoenstatt.com\/wp-content\/uploads\/2023\/04\/Sinodalidade-P.Walter1-1-820x1024.png\" alt=\"\" width=\"820\" height=\"1024\" \/><\/p>\n<h3>Como o Movimento internacional foi coordenado nos pa\u00edses onde j\u00e1 estava presente? O que foi conseguido l\u00e1?<\/h3>\n<p><strong>Pe. Walter<\/strong>: Por um lado, muitas coisas j\u00e1 foram feitas nas \u00faltimas d\u00e9cadas, sobretudo atrav\u00e9s das Irm\u00e3s e dos Padres que se encontraram a n\u00edvel mundial e continental para se informar e coordenarem algumas coisas. Por exemplo, h\u00e1 reuni\u00f5es anuais dos l\u00edderes do Movimento a n\u00edvel continental. Nestes anos, a Coordena\u00e7\u00e3o Internacional ajudou a articular a participa\u00e7\u00e3o de Schoenstatt em eventos da Igreja mundial, como as Jornadas Mundiais da Juventude, as Jornadas Mundiais da Fam\u00edlia, o Ano Santo e os S\u00ednodos dos Bispos.<\/p>\n<h3>Como t\u00eam acompanhado o surgimento do Movimento em novos pa\u00edses? Em quais pa\u00edses trabalharam nesse sentido?<\/h3>\n<p><strong>Pe. Walter:<\/strong> Ainda estamos come\u00e7ando. Primeiro reagimos aos pedidos e gritos de ajuda dos diferentes pa\u00edses, depois tivemos uma vis\u00e3o mais geral de quais pa\u00edses precisavam de a\u00e7\u00e3o. \u00c9 surpreende o n\u00famero de iniciativas para levar Schoenstatt a novos pa\u00edses. Muitas vezes, agora s\u00e3o os leigos que fazem esse trabalho mission\u00e1rio por convites ou pelas portas abertas da Provid\u00eancia. \u00c9 necess\u00e1rio mencionar pa\u00edses da Am\u00e9rica Central, depois da Europa Oriental e algumas tentativas em novos pa\u00edses da \u00c1sia.<\/p>\n<p><strong>Ir. M. Cacilda<\/strong>: \u00c9 muito interessante: muitas vezes as pessoas nos escrevem querendo saber se o Movimento de Schoenstatt existe em seu pa\u00eds. A \u00faltima pergunta foi se o Movimento existe em Cingapura. Tamb\u00e9m houve consultas da Indon\u00e9sia, Jap\u00e3o e alguns outros pa\u00edses.<\/p>\n<p>Em janeiro de 2022, uma peregrina foi enviada para a Alb\u00e2nia, seguida por uma segunda cinco meses depois. Foi recebida com muita alegria. Neste pa\u00eds, menos de 5% dos habitantes s\u00e3o cat\u00f3licos, mas a M\u00e3e est\u00e1 agindo l\u00e1 agora.<\/p>\n<h3>Uma das tarefas foi e ainda \u00e9 criar e manter o site oficial internacional e as redes sociais. O que conquistaram nessa \u00e1rea? Quais s\u00e3o os projetos futuros?<\/h3>\n<p><strong>Pe. Walter:<\/strong> O in\u00edcio foi muito dif\u00edcil, antes de tudo pela situa\u00e7\u00e3o da comunica\u00e7\u00e3o em Schoenstatt a n\u00edvel mundial. Muitos fazem muitas coisas com a melhor opini\u00e3o e inten\u00e7\u00e3o, mas n\u00e3o \u00e9 f\u00e1cil trazer todos \u00e0 mesa para uma colabora\u00e7\u00e3o efetiva.<\/p>\n<p><strong>Ir. M. Cacilda:<\/strong> Podemos dizer que a comunica\u00e7\u00e3o em geral est\u00e1 crescendo. Com o site estamos em uma segunda fase. Estamos trabalhando para melhorar o conte\u00fado do <a href=\"http:\/\/www.schoenstattdev.wpenginepowered.com\">site internacional<\/a> schoenstattdev.wpenginepowered.com, envolvendo pessoas que contribuem com o sentimento lingu\u00edstico de sua l\u00edngua materna na tradu\u00e7\u00e3o, para que seja aut\u00eantico para aquele grupo lingu\u00edstico. Melhor ainda seria se nossos pr\u00f3prios textos fossem escritos por falantes nativos. Tamb\u00e9m cuidamos disso da melhor maneira poss\u00edvel. Alguns artigos devem ser escritos por jornalistas que trabalham de 3 a 4 horas por semana para n\u00f3s, mas tudo isso tamb\u00e9m \u00e9 uma quest\u00e3o financeira. Confiamos e esperamos poder arrecadar o que for necess\u00e1rio. E, claro, somos muito gratos pelas doa\u00e7\u00f5es, sem as quais n\u00e3o poder\u00edamos fazer este trabalho de m\u00eddia.<\/p>\n<h3>Outra tarefa \u00e9 participar da vida em torno do Santu\u00e1rio Original. Como tem sido isso?<\/h3>\n<p><strong>Ir. M. Cacilda:<\/strong> Sim, \u00e9 um projeto muito importante e grande. Como coordenadora, lan\u00e7amos algumas iniciativas. Por exemplo, em abril de 2020, a coroa\u00e7\u00e3o mundial da M\u00e3e Rainha &#8211; CoronaMater &#8211; esteve no Santu\u00e1rio Original. Durante a pandemia, em 2021, tivemos a Semana do Santu\u00e1rio Original com uma maratona de 12 horas de contribui\u00e7\u00f5es para dar a conhecer o Santu\u00e1rio Original. Todos os anos trabalhamos com uma equipe para as comemora\u00e7\u00f5es do 18 de outubro, dia da nossa funda\u00e7\u00e3o.<\/p>\n<p><img decoding=\"async\" class=\"aligncenter wp-image-29838 size-large\" src=\"https:\/\/schoenstatt.com\/wp-content\/uploads\/2023\/03\/sr.cacilda-e1680013607476-1.jpg\" alt=\"Entrevista Ir. M. Cacilda\" width=\"678\" height=\"1024\" srcset=\"https:\/\/schoenstatt.com\/wp-content\/uploads\/2023\/03\/sr.cacilda-e1680013607476-1.jpg 908w, https:\/\/schoenstatt.com\/wp-content\/uploads\/2023\/03\/sr.cacilda-e1680013607476-1-768x1160.jpg 768w\" sizes=\"(max-width: 678px) 100vw, 678px\" \/><\/p>\n<h3>Ao longo dos anos, acusa\u00e7\u00f5es foram feitas contra nosso fundador. Como lidaram com isso? Que medidas concretas foram tomadas em rela\u00e7\u00e3o \u00e0 Fam\u00edlia de Schoenstatt, \u00e0 Igreja e \u00e0 sociedade? Qual \u00e9 a situa\u00e7\u00e3o atual?<\/h3>\n<p><strong>Pe. Walter:<\/strong> No in\u00edcio era uma quest\u00e3o de informa\u00e7\u00e3o e comunica\u00e7\u00e3o. A Presid\u00eancia Geral nos nomeou membros da Comiss\u00e3o de Meios de Comunica\u00e7\u00e3o, cuja tarefa era manter contato com a m\u00eddia em nome da Presid\u00eancia e preparar publica\u00e7\u00f5es. Reuni\u00f5es virtuais regulares foram realizadas, por exemplo, com os l\u00edderes dos movimentos dos continentes, para informar uns aos outros e sugerir um curso de a\u00e7\u00e3o comum. Nosso novo site desempenhou um papel fundamental nesse sentido.<\/p>\n<p><strong>Ir. M. Cacilda<\/strong>: O site entrou no ar no final de maio de 2020 e no in\u00edcio de julho surgiram acusa\u00e7\u00f5es contra nosso fundador na imprensa internacional. Portanto, foi um trabalho de precis\u00e3o celestial. Pudemos atuar como \u00f3rg\u00e3o oficial de Schoenstatt internacional, pudemos publicar as declara\u00e7\u00f5es da Presid\u00eancia Geral e servir de ponto de contato para perguntas, cr\u00edticas e tamb\u00e9m manifesta\u00e7\u00f5es de solidariedade.<\/p>\n<h3>Quais frutos positivos isso trouxe para a Fam\u00edlia de Schoenstatt?<\/h3>\n<p><strong>Pe. Walter:<\/strong> N\u00f3s nos tornamos mais fam\u00edlia. Este confronto levou a um di\u00e1logo mais profundo e a uma colabora\u00e7\u00e3o mais eficaz entre pa\u00edses e comunidades. Temos lidado com mais transpar\u00eancia com a nossa hist\u00f3ria na base ampla de todo o Movimento. Demos passos para refletir o carisma do Pe. Kentenich no contexto atual.<\/p>\n<h3><\/h3>\n<h3>Como avaliam a experi\u00eancia destes anos? O que levam desses anos?<\/h3>\n<p><strong>Pe. Walter<\/strong>: Diante da Igreja universal, a voz de Schoenstatt \u00e9 importante. Em termos de conte\u00fado e pessoalmente, Schoenstatt precisa de um rosto que possa ser percebido em todos os lugares &#8211; com toda a sua autonomia local. Estamos apenas no come\u00e7o. A equipe da Coordena\u00e7\u00e3o Internacional teria que ser maior para que o atendimento a todo o Movimento pudesse ser ampliado.<\/p>\n<p><strong>Ir. M. Cacilda:<\/strong> Vejo esses anos como o in\u00edcio de um projeto muito grande. A pandemia impediu muitas coisas por um lado, mas por outro tamb\u00e9m possibilitou muitas coisas e nos ensinou. Estamos muito mais conectados. Isso nos permitiu aprender mais e mais r\u00e1pido com os pa\u00edses e ajudar na hora. Eu diria que a primeira pedra do nosso trabalho foi lan\u00e7ada. Gra\u00e7as \u00e0 longa prepara\u00e7\u00e3o para o Congresso de Pentecostes &#8211; tamb\u00e9m consequ\u00eancia da pandemia &#8211; pudemos estabelecer muitos contatos.<\/p>\n<p>Al\u00e9m das experi\u00eancias destes 7 anos, em que tudo come\u00e7ou do zero, levo comigo, sobretudo, a alegria da nossa Fam\u00edlia de Schoenstatt internacional e o agradecimento a todos aqueles que nos ajudaram durante estes anos.<\/p>\n<h3>Quais tarefas est\u00e3o assumindo agora?<\/h3>\n<p><strong>Pe. Walter:<\/strong> Em meados de maio me mudarei para Viena e trabalharei como colaborador da Central do Movimento Austr\u00edaco. Na \u00c1ustria, isso significa sobretudo trabalho pastoral com as fam\u00edlias.<\/p>\n<h3 style=\"text-align: center;\">Sobre o futuro da Coordena\u00e7\u00e3o Internacional do Movimento<\/h3>\n<p><img loading=\"lazy\" decoding=\"async\" class=\"aligncenter wp-image-29927 size-full\" src=\"https:\/\/schoenstattdev.wpenginepowered.com\/wp-content\/uploads\/2023\/04\/14282727204_9a3345ce40_o.jpg\" alt=\"\" width=\"1872\" height=\"1234\" \/><\/p>\n<p>Em sua \u00faltima reuni\u00e3o, a Presid\u00eancia Geral definiu quem continuar\u00e1 na Coordena\u00e7\u00e3o Internacional de Schoenstatt pelos pr\u00f3ximos tr\u00eas anos, ou seja, at\u00e9 2026. A Ir. M. Cacilda Becker, brasileira, que fala portugu\u00eas, alem\u00e3o e espanhol, continuar\u00e1 esta tarefa por mais um mandato.<\/p>\n<p>Pe. Arkadiusz Sosna, da Pol\u00f4nia, membro da Dire\u00e7\u00e3o Geral dos Padres de Schoenstatt, foi eleito entre os Padres, e fala polon\u00eas, alem\u00e3o e espanhol. Ambos vivem em Schoenstatt.<\/p>\n<p><a href=\"https:\/\/schoenstattdev.wpenginepowered.com\/pt-pt\/comunidades-de-schoenstatt-pt\/novos-responsaveis-da-coordenacao-internacional-de-schoenstatt\/\"><img loading=\"lazy\" decoding=\"async\" class=\"aligncenter wp-image-29853 size-full\" src=\"https:\/\/schoenstatt.com\/wp-content\/uploads\/2023\/03\/featured-image-1-2.jpg\" alt=\"\" width=\"2048\" height=\"1250\" \/><\/a><\/p>\n","protected":false},"excerpt":{"rendered":"<p>A Ir. M. Cacilda Becker e o Pe. Henrich Walter foram entrevistados por Ir.M. Nilza para ouvir suas experi\u00eancias e ideias sobre os sete anos em que cumpriram a tarefa de serem os primeiros Coordenadores Internacionais do Movimento de Schoenstatt. No caso de um movimento federativo, sua miss\u00e3o \u00e9 justamente exercer a fun\u00e7\u00e3o que assumiram: coordenadores, a servi\u00e7o da vida de Shoenstatt nos diversos pa\u00edses do mundo. Pe. Walter agora deixa esta responsabilidade e vai para a \u00c1ustria, enquanto a Ir. M. Cacilda permanece por mais tr\u00eas anos. Para os Padres, assume o polon\u00eas, Pe. Arkadiusz Sosna, membro da Dire\u00e7\u00e3o Geral dos Padres de Schoenstatt.<\/p>\n","protected":false},"author":3,"featured_media":30021,"comment_status":"closed","ping_status":"closed","sticky":false,"template":"","format":"standard","meta":{"footnotes":""},"categories":[916,696],"tags":[],"class_list":["post-49631","post","type-post","status-publish","format-standard","has-post-thumbnail","hentry","category-espiritualidade-pt-pt","category-santuario-original-pt-pt"],"yoast_head":"<!-- This site is optimized with the Yoast SEO Premium plugin v27.4 (Yoast SEO v27.5) - https:\/\/yoast.com\/product\/yoast-seo-premium-wordpress\/ -->\n<title>Entrevista com Pe. Heinrich Walter e Ir. M. Cacilda: &quot;A primeira pedra de um grande projeto&quot;.<\/title>\n<meta name=\"description\" content=\"Entrevista com o Pe. Henrich Walter e a Ir. M. Cacilda Becker ap\u00f3s sete anos exercendo a fun\u00e7\u00e3o de Coordenadores Internacionais do Movimento.\" \/>\n<meta name=\"robots\" content=\"index, follow, max-snippet:-1, max-image-preview:large, max-video-preview:-1\" \/>\n<link rel=\"canonical\" href=\"https:\/\/schoenstatt.com\/pt-pt\/entrevista-com-pe-heinrich-walter-e-ir-m-cacilda\/\" \/>\n<meta property=\"og:locale\" content=\"pt_PT\" \/>\n<meta property=\"og:type\" content=\"article\" \/>\n<meta property=\"og:title\" content=\"Entrevista com Pe. Heinrich Walter e Ir. M. Cacilda: &quot;A primeira pedra de um grande projeto&quot;.\" \/>\n<meta property=\"og:description\" content=\"Entrevista com o Pe. Henrich Walter e a Ir. M. Cacilda Becker ap\u00f3s sete anos exercendo a fun\u00e7\u00e3o de Coordenadores Internacionais do Movimento.\" \/>\n<meta property=\"og:url\" content=\"https:\/\/schoenstatt.com\/pt-pt\/entrevista-com-pe-heinrich-walter-e-ir-m-cacilda\/\" \/>\n<meta property=\"og:site_name\" content=\"Schoenstatt\" \/>\n<meta property=\"article:published_time\" content=\"2023-04-17T16:11:48+00:00\" \/>\n<meta property=\"article:modified_time\" content=\"2025-05-16T01:04:09+00:00\" \/>\n<meta property=\"og:image\" content=\"https:\/\/schoenstatt.com\/wp-content\/uploads\/2023\/04\/170929-congreso-ecuador-05-2.jpg\" \/>\n\t<meta property=\"og:image:width\" content=\"1000\" \/>\n\t<meta property=\"og:image:height\" content=\"667\" \/>\n\t<meta property=\"og:image:type\" content=\"image\/jpeg\" \/>\n<meta name=\"author\" content=\"Karen Bueno\" \/>\n<meta name=\"twitter:card\" content=\"summary_large_image\" \/>\n<meta name=\"twitter:label1\" content=\"Escrito por\" \/>\n\t<meta name=\"twitter:data1\" content=\"Karen Bueno\" \/>\n\t<meta name=\"twitter:label2\" content=\"Tempo estimado de leitura\" \/>\n\t<meta name=\"twitter:data2\" content=\"10 minutos\" \/>\n<script type=\"application\/ld+json\" class=\"yoast-schema-graph\">{\"@context\":\"https:\\\/\\\/schema.org\",\"@graph\":[{\"@type\":\"Article\",\"@id\":\"https:\\\/\\\/schoenstatt.com\\\/pt-pt\\\/entrevista-com-pe-heinrich-walter-e-ir-m-cacilda\\\/#article\",\"isPartOf\":{\"@id\":\"https:\\\/\\\/schoenstatt.com\\\/pt-pt\\\/entrevista-com-pe-heinrich-walter-e-ir-m-cacilda\\\/\"},\"author\":{\"name\":\"Karen Bueno\",\"@id\":\"https:\\\/\\\/schoenstatt.com\\\/pt-pt\\\/#\\\/schema\\\/person\\\/5158877ad4acae98b34daaeef2a1ce6e\"},\"headline\":\"Entrevista com Pe. Heinrich Walter e Ir. M. Cacilda: &#8220;A primeira pedra de um grande projeto&#8221;.\",\"datePublished\":\"2023-04-17T16:11:48+00:00\",\"dateModified\":\"2025-05-16T01:04:09+00:00\",\"mainEntityOfPage\":{\"@id\":\"https:\\\/\\\/schoenstatt.com\\\/pt-pt\\\/entrevista-com-pe-heinrich-walter-e-ir-m-cacilda\\\/\"},\"wordCount\":2122,\"publisher\":{\"@id\":\"https:\\\/\\\/schoenstatt.com\\\/pt-pt\\\/#organization\"},\"image\":{\"@id\":\"https:\\\/\\\/schoenstatt.com\\\/pt-pt\\\/entrevista-com-pe-heinrich-walter-e-ir-m-cacilda\\\/#primaryimage\"},\"thumbnailUrl\":\"https:\\\/\\\/schoenstatt.com\\\/wp-content\\\/uploads\\\/2023\\\/04\\\/170929-congreso-ecuador-05-2.jpg\",\"articleSection\":[\"Espiritualidade\",\"Santu\u00e1rio Original\"],\"inLanguage\":\"pt-PT\"},{\"@type\":\"WebPage\",\"@id\":\"https:\\\/\\\/schoenstatt.com\\\/pt-pt\\\/entrevista-com-pe-heinrich-walter-e-ir-m-cacilda\\\/\",\"url\":\"https:\\\/\\\/schoenstatt.com\\\/pt-pt\\\/entrevista-com-pe-heinrich-walter-e-ir-m-cacilda\\\/\",\"name\":\"Entrevista com Pe. Heinrich Walter e Ir. M. Cacilda: \\\"A primeira pedra de um grande projeto\\\".\",\"isPartOf\":{\"@id\":\"https:\\\/\\\/schoenstatt.com\\\/pt-pt\\\/#website\"},\"primaryImageOfPage\":{\"@id\":\"https:\\\/\\\/schoenstatt.com\\\/pt-pt\\\/entrevista-com-pe-heinrich-walter-e-ir-m-cacilda\\\/#primaryimage\"},\"image\":{\"@id\":\"https:\\\/\\\/schoenstatt.com\\\/pt-pt\\\/entrevista-com-pe-heinrich-walter-e-ir-m-cacilda\\\/#primaryimage\"},\"thumbnailUrl\":\"https:\\\/\\\/schoenstatt.com\\\/wp-content\\\/uploads\\\/2023\\\/04\\\/170929-congreso-ecuador-05-2.jpg\",\"datePublished\":\"2023-04-17T16:11:48+00:00\",\"dateModified\":\"2025-05-16T01:04:09+00:00\",\"description\":\"Entrevista com o Pe. Henrich Walter e a Ir. M. Cacilda Becker ap\u00f3s sete anos exercendo a fun\u00e7\u00e3o de Coordenadores Internacionais do Movimento.\",\"breadcrumb\":{\"@id\":\"https:\\\/\\\/schoenstatt.com\\\/pt-pt\\\/entrevista-com-pe-heinrich-walter-e-ir-m-cacilda\\\/#breadcrumb\"},\"inLanguage\":\"pt-PT\",\"potentialAction\":[{\"@type\":\"ReadAction\",\"target\":[\"https:\\\/\\\/schoenstatt.com\\\/pt-pt\\\/entrevista-com-pe-heinrich-walter-e-ir-m-cacilda\\\/\"]}]},{\"@type\":\"ImageObject\",\"inLanguage\":\"pt-PT\",\"@id\":\"https:\\\/\\\/schoenstatt.com\\\/pt-pt\\\/entrevista-com-pe-heinrich-walter-e-ir-m-cacilda\\\/#primaryimage\",\"url\":\"https:\\\/\\\/schoenstatt.com\\\/wp-content\\\/uploads\\\/2023\\\/04\\\/170929-congreso-ecuador-05-2.jpg\",\"contentUrl\":\"https:\\\/\\\/schoenstatt.com\\\/wp-content\\\/uploads\\\/2023\\\/04\\\/170929-congreso-ecuador-05-2.jpg\",\"width\":1000,\"height\":667,\"caption\":\"Interview mit Sr. Cacilda\"},{\"@type\":\"BreadcrumbList\",\"@id\":\"https:\\\/\\\/schoenstatt.com\\\/pt-pt\\\/entrevista-com-pe-heinrich-walter-e-ir-m-cacilda\\\/#breadcrumb\",\"itemListElement\":[{\"@type\":\"ListItem\",\"position\":1,\"name\":\"Portada\",\"item\":\"https:\\\/\\\/schoenstatt.com\\\/pt-pt\\\/home\\\/\"},{\"@type\":\"ListItem\",\"position\":2,\"name\":\"Entrevista com Pe. Heinrich Walter e Ir. M. Cacilda: \u00abA primeira pedra de um grande projeto\u00bb.\"}]},{\"@type\":\"WebSite\",\"@id\":\"https:\\\/\\\/schoenstatt.com\\\/pt-pt\\\/#website\",\"url\":\"https:\\\/\\\/schoenstatt.com\\\/pt-pt\\\/\",\"name\":\"Schoenstatt\",\"description\":\"Apostolic Movement\",\"publisher\":{\"@id\":\"https:\\\/\\\/schoenstatt.com\\\/pt-pt\\\/#organization\"},\"potentialAction\":[{\"@type\":\"SearchAction\",\"target\":{\"@type\":\"EntryPoint\",\"urlTemplate\":\"https:\\\/\\\/schoenstatt.com\\\/pt-pt\\\/?s={search_term_string}\"},\"query-input\":{\"@type\":\"PropertyValueSpecification\",\"valueRequired\":true,\"valueName\":\"search_term_string\"}}],\"inLanguage\":\"pt-PT\"},{\"@type\":\"Organization\",\"@id\":\"https:\\\/\\\/schoenstatt.com\\\/pt-pt\\\/#organization\",\"name\":\"Schoenstatt\",\"url\":\"https:\\\/\\\/schoenstatt.com\\\/pt-pt\\\/\",\"logo\":{\"@type\":\"ImageObject\",\"inLanguage\":\"pt-PT\",\"@id\":\"https:\\\/\\\/schoenstatt.com\\\/pt-pt\\\/#\\\/schema\\\/logo\\\/image\\\/\",\"url\":\"https:\\\/\\\/schoenstatt.com\\\/wp-content\\\/uploads\\\/2025\\\/04\\\/logo-schoenstatt-white-696x696-1.png\",\"contentUrl\":\"https:\\\/\\\/schoenstatt.com\\\/wp-content\\\/uploads\\\/2025\\\/04\\\/logo-schoenstatt-white-696x696-1.png\",\"width\":696,\"height\":694,\"caption\":\"Schoenstatt\"},\"image\":{\"@id\":\"https:\\\/\\\/schoenstatt.com\\\/pt-pt\\\/#\\\/schema\\\/logo\\\/image\\\/\"}},{\"@type\":\"Person\",\"@id\":\"https:\\\/\\\/schoenstatt.com\\\/pt-pt\\\/#\\\/schema\\\/person\\\/5158877ad4acae98b34daaeef2a1ce6e\",\"name\":\"Karen Bueno\",\"image\":{\"@type\":\"ImageObject\",\"inLanguage\":\"pt-PT\",\"@id\":\"https:\\\/\\\/secure.gravatar.com\\\/avatar\\\/f9f4b823873154269d2b2130f195f6d41037dd0d7fc5f3cacb5c846bae70d66b?s=96&d=mm&r=g\",\"url\":\"https:\\\/\\\/secure.gravatar.com\\\/avatar\\\/f9f4b823873154269d2b2130f195f6d41037dd0d7fc5f3cacb5c846bae70d66b?s=96&d=mm&r=g\",\"contentUrl\":\"https:\\\/\\\/secure.gravatar.com\\\/avatar\\\/f9f4b823873154269d2b2130f195f6d41037dd0d7fc5f3cacb5c846bae70d66b?s=96&d=mm&r=g\",\"caption\":\"Karen Bueno\"},\"url\":\"https:\\\/\\\/schoenstatt.com\\\/pt-pt\\\/author\\\/karen-bueno\\\/\"}]}<\/script>\n<!-- \/ Yoast SEO Premium plugin. -->","yoast_head_json":{"title":"Entrevista com Pe. Heinrich Walter e Ir. M. Cacilda: \"A primeira pedra de um grande projeto\".","description":"Entrevista com o Pe. Henrich Walter e a Ir. M. Cacilda Becker ap\u00f3s sete anos exercendo a fun\u00e7\u00e3o de Coordenadores Internacionais do Movimento.","robots":{"index":"index","follow":"follow","max-snippet":"max-snippet:-1","max-image-preview":"max-image-preview:large","max-video-preview":"max-video-preview:-1"},"canonical":"https:\/\/schoenstatt.com\/pt-pt\/entrevista-com-pe-heinrich-walter-e-ir-m-cacilda\/","og_locale":"pt_PT","og_type":"article","og_title":"Entrevista com Pe. Heinrich Walter e Ir. M. Cacilda: \"A primeira pedra de um grande projeto\".","og_description":"Entrevista com o Pe. Henrich Walter e a Ir. M. Cacilda Becker ap\u00f3s sete anos exercendo a fun\u00e7\u00e3o de Coordenadores Internacionais do Movimento.","og_url":"https:\/\/schoenstatt.com\/pt-pt\/entrevista-com-pe-heinrich-walter-e-ir-m-cacilda\/","og_site_name":"Schoenstatt","article_published_time":"2023-04-17T16:11:48+00:00","article_modified_time":"2025-05-16T01:04:09+00:00","og_image":[{"width":1000,"height":667,"url":"https:\/\/schoenstatt.com\/wp-content\/uploads\/2023\/04\/170929-congreso-ecuador-05-2.jpg","type":"image\/jpeg"}],"author":"Karen Bueno","twitter_card":"summary_large_image","twitter_misc":{"Escrito por":"Karen Bueno","Tempo estimado de leitura":"10 minutos"},"schema":{"@context":"https:\/\/schema.org","@graph":[{"@type":"Article","@id":"https:\/\/schoenstatt.com\/pt-pt\/entrevista-com-pe-heinrich-walter-e-ir-m-cacilda\/#article","isPartOf":{"@id":"https:\/\/schoenstatt.com\/pt-pt\/entrevista-com-pe-heinrich-walter-e-ir-m-cacilda\/"},"author":{"name":"Karen Bueno","@id":"https:\/\/schoenstatt.com\/pt-pt\/#\/schema\/person\/5158877ad4acae98b34daaeef2a1ce6e"},"headline":"Entrevista com Pe. Heinrich Walter e Ir. M. Cacilda: &#8220;A primeira pedra de um grande projeto&#8221;.","datePublished":"2023-04-17T16:11:48+00:00","dateModified":"2025-05-16T01:04:09+00:00","mainEntityOfPage":{"@id":"https:\/\/schoenstatt.com\/pt-pt\/entrevista-com-pe-heinrich-walter-e-ir-m-cacilda\/"},"wordCount":2122,"publisher":{"@id":"https:\/\/schoenstatt.com\/pt-pt\/#organization"},"image":{"@id":"https:\/\/schoenstatt.com\/pt-pt\/entrevista-com-pe-heinrich-walter-e-ir-m-cacilda\/#primaryimage"},"thumbnailUrl":"https:\/\/schoenstatt.com\/wp-content\/uploads\/2023\/04\/170929-congreso-ecuador-05-2.jpg","articleSection":["Espiritualidade","Santu\u00e1rio Original"],"inLanguage":"pt-PT"},{"@type":"WebPage","@id":"https:\/\/schoenstatt.com\/pt-pt\/entrevista-com-pe-heinrich-walter-e-ir-m-cacilda\/","url":"https:\/\/schoenstatt.com\/pt-pt\/entrevista-com-pe-heinrich-walter-e-ir-m-cacilda\/","name":"Entrevista com Pe. Heinrich Walter e Ir. M. Cacilda: \"A primeira pedra de um grande projeto\".","isPartOf":{"@id":"https:\/\/schoenstatt.com\/pt-pt\/#website"},"primaryImageOfPage":{"@id":"https:\/\/schoenstatt.com\/pt-pt\/entrevista-com-pe-heinrich-walter-e-ir-m-cacilda\/#primaryimage"},"image":{"@id":"https:\/\/schoenstatt.com\/pt-pt\/entrevista-com-pe-heinrich-walter-e-ir-m-cacilda\/#primaryimage"},"thumbnailUrl":"https:\/\/schoenstatt.com\/wp-content\/uploads\/2023\/04\/170929-congreso-ecuador-05-2.jpg","datePublished":"2023-04-17T16:11:48+00:00","dateModified":"2025-05-16T01:04:09+00:00","description":"Entrevista com o Pe. Henrich Walter e a Ir. M. Cacilda Becker ap\u00f3s sete anos exercendo a fun\u00e7\u00e3o de Coordenadores Internacionais do Movimento.","breadcrumb":{"@id":"https:\/\/schoenstatt.com\/pt-pt\/entrevista-com-pe-heinrich-walter-e-ir-m-cacilda\/#breadcrumb"},"inLanguage":"pt-PT","potentialAction":[{"@type":"ReadAction","target":["https:\/\/schoenstatt.com\/pt-pt\/entrevista-com-pe-heinrich-walter-e-ir-m-cacilda\/"]}]},{"@type":"ImageObject","inLanguage":"pt-PT","@id":"https:\/\/schoenstatt.com\/pt-pt\/entrevista-com-pe-heinrich-walter-e-ir-m-cacilda\/#primaryimage","url":"https:\/\/schoenstatt.com\/wp-content\/uploads\/2023\/04\/170929-congreso-ecuador-05-2.jpg","contentUrl":"https:\/\/schoenstatt.com\/wp-content\/uploads\/2023\/04\/170929-congreso-ecuador-05-2.jpg","width":1000,"height":667,"caption":"Interview mit Sr. Cacilda"},{"@type":"BreadcrumbList","@id":"https:\/\/schoenstatt.com\/pt-pt\/entrevista-com-pe-heinrich-walter-e-ir-m-cacilda\/#breadcrumb","itemListElement":[{"@type":"ListItem","position":1,"name":"Portada","item":"https:\/\/schoenstatt.com\/pt-pt\/home\/"},{"@type":"ListItem","position":2,"name":"Entrevista com Pe. Heinrich Walter e Ir. M. Cacilda: \u00abA primeira pedra de um grande projeto\u00bb."}]},{"@type":"WebSite","@id":"https:\/\/schoenstatt.com\/pt-pt\/#website","url":"https:\/\/schoenstatt.com\/pt-pt\/","name":"Schoenstatt","description":"Apostolic Movement","publisher":{"@id":"https:\/\/schoenstatt.com\/pt-pt\/#organization"},"potentialAction":[{"@type":"SearchAction","target":{"@type":"EntryPoint","urlTemplate":"https:\/\/schoenstatt.com\/pt-pt\/?s={search_term_string}"},"query-input":{"@type":"PropertyValueSpecification","valueRequired":true,"valueName":"search_term_string"}}],"inLanguage":"pt-PT"},{"@type":"Organization","@id":"https:\/\/schoenstatt.com\/pt-pt\/#organization","name":"Schoenstatt","url":"https:\/\/schoenstatt.com\/pt-pt\/","logo":{"@type":"ImageObject","inLanguage":"pt-PT","@id":"https:\/\/schoenstatt.com\/pt-pt\/#\/schema\/logo\/image\/","url":"https:\/\/schoenstatt.com\/wp-content\/uploads\/2025\/04\/logo-schoenstatt-white-696x696-1.png","contentUrl":"https:\/\/schoenstatt.com\/wp-content\/uploads\/2025\/04\/logo-schoenstatt-white-696x696-1.png","width":696,"height":694,"caption":"Schoenstatt"},"image":{"@id":"https:\/\/schoenstatt.com\/pt-pt\/#\/schema\/logo\/image\/"}},{"@type":"Person","@id":"https:\/\/schoenstatt.com\/pt-pt\/#\/schema\/person\/5158877ad4acae98b34daaeef2a1ce6e","name":"Karen Bueno","image":{"@type":"ImageObject","inLanguage":"pt-PT","@id":"https:\/\/secure.gravatar.com\/avatar\/f9f4b823873154269d2b2130f195f6d41037dd0d7fc5f3cacb5c846bae70d66b?s=96&d=mm&r=g","url":"https:\/\/secure.gravatar.com\/avatar\/f9f4b823873154269d2b2130f195f6d41037dd0d7fc5f3cacb5c846bae70d66b?s=96&d=mm&r=g","contentUrl":"https:\/\/secure.gravatar.com\/avatar\/f9f4b823873154269d2b2130f195f6d41037dd0d7fc5f3cacb5c846bae70d66b?s=96&d=mm&r=g","caption":"Karen Bueno"},"url":"https:\/\/schoenstatt.com\/pt-pt\/author\/karen-bueno\/"}]}},"_links":{"self":[{"href":"https:\/\/schoenstatt.com\/pt-pt\/wp-json\/wp\/v2\/posts\/49631","targetHints":{"allow":["GET"]}}],"collection":[{"href":"https:\/\/schoenstatt.com\/pt-pt\/wp-json\/wp\/v2\/posts"}],"about":[{"href":"https:\/\/schoenstatt.com\/pt-pt\/wp-json\/wp\/v2\/types\/post"}],"author":[{"embeddable":true,"href":"https:\/\/schoenstatt.com\/pt-pt\/wp-json\/wp\/v2\/users\/3"}],"replies":[{"embeddable":true,"href":"https:\/\/schoenstatt.com\/pt-pt\/wp-json\/wp\/v2\/comments?post=49631"}],"version-history":[{"count":2,"href":"https:\/\/schoenstatt.com\/pt-pt\/wp-json\/wp\/v2\/posts\/49631\/revisions"}],"predecessor-version":[{"id":55912,"href":"https:\/\/schoenstatt.com\/pt-pt\/wp-json\/wp\/v2\/posts\/49631\/revisions\/55912"}],"wp:featuredmedia":[{"embeddable":true,"href":"https:\/\/schoenstatt.com\/pt-pt\/wp-json\/wp\/v2\/media\/30021"}],"wp:attachment":[{"href":"https:\/\/schoenstatt.com\/pt-pt\/wp-json\/wp\/v2\/media?parent=49631"}],"wp:term":[{"taxonomy":"category","embeddable":true,"href":"https:\/\/schoenstatt.com\/pt-pt\/wp-json\/wp\/v2\/categories?post=49631"},{"taxonomy":"post_tag","embeddable":true,"href":"https:\/\/schoenstatt.com\/pt-pt\/wp-json\/wp\/v2\/tags?post=49631"}],"curies":[{"name":"wp","href":"https:\/\/api.w.org\/{rel}","templated":true}]}}