{"id":49299,"date":"2023-06-09T17:17:22","date_gmt":"2023-06-09T15:17:22","guid":{"rendered":"https:\/\/schoenstattdev.wpenginepowered.com\/?p=30925"},"modified":"2025-05-16T00:48:50","modified_gmt":"2025-05-15T22:48:50","slug":"encontro-internacional-festivo-no-centro-de-schoenstatt-em-berlim","status":"publish","type":"post","link":"https:\/\/schoenstatt.com\/pt-pt\/encontro-internacional-festivo-no-centro-de-schoenstatt-em-berlim\/","title":{"rendered":"Encontro internacional festivo no Centro de Schoenstatt em Berlim"},"content":{"rendered":"<p>Continuamente pessoas de todo o mundo v\u00eam ao nosso Santu\u00e1rio Victoria Patris em Berlim. Quer\u00edamos agradecer de cora\u00e7\u00e3o por este presente t\u00e3o especial, celebrando um Dia Internacional do Encontro. Este \u00e9 o primeiro que organizamos. O convite dizia: \u201cQueremos celebrar juntos a Eucaristia, aprender uns com os outros, conhecer-nos, celebrar uns com os outros e dar um lugar especial \u00e0 M\u00e3e Peregrina\u201d.<\/p>\n<p>Mais de 100 convidados de todas as partes de Berlim e da diocese vizinha de G\u00f6rlitz aceitaram este convite para o dia 3 de junho. O tempo estava excelente. As in\u00fameras culturas, com seus carismas, costumes, can\u00e7\u00f5es e idiomas, deram a esta celebra\u00e7\u00e3o um toque internacional especial.<\/p>\n<figure id=\"attachment_30852\" aria-describedby=\"caption-attachment-30852\" style=\"width: 684px\" class=\"wp-caption alignnone\"><img fetchpriority=\"high\" decoding=\"async\" class=\"wp-image-30852 size-large\" src=\"https:\/\/schoenstattdev.wpenginepowered.com\/wp-content\/uploads\/2023\/06\/DSC_6371-684x1024.jpg\" alt=\"encontro international Berlim\" width=\"684\" height=\"1024\" \/><figcaption id=\"caption-attachment-30852\" class=\"wp-caption-text\">Foto: C. Neumann<\/figcaption><\/figure>\n<p>Foram representados 14 pa\u00edses: Austr\u00e1lia, Alemanha, Camar\u00f5es, Col\u00f4mbia, Cuba, Nicar\u00e1gua, Paraguai, Peru, Filipinas, Pol\u00f4nia, Eslov\u00eania, Taiwan, Rep\u00fablica Tcheca e Vietn\u00e3. Depois de dar as boas-vindas aos pa\u00edses com suas bandeiras nacionais, foi celebrada uma missa festiva. Tamb\u00e9m ao redor do altar houve um clima internacional com o Pe. Weizenmann, p\u00e1roco do Sagrado Cora\u00e7\u00e3o, Berlin Prenzlauer Berg, nascido no Brasil &#8211; sua fam\u00edlia \u00e9 muito ativa em Atibaia\/Brasil, e o Pe. Ir. da Miss\u00e3o Vietnamita.<\/p>\n<p>As leituras, o Evangelho e as inten\u00e7\u00f5es foram internacionais, assim como os cantos em diversos idiomas. Um pequeno coro vietnamita contribuiu com algumas can\u00e7\u00f5es. A altern\u00e2ncia das animadas e r\u00edtmicas can\u00e7\u00f5es espanholas, a melodia especial das can\u00e7\u00f5es vietnamitas e as can\u00e7\u00f5es em ingl\u00eas e alem\u00e3o nos permitiram mergulhar na colorida diversidade. Uma experi\u00eancia especial foi quando cada um rezava o &#8220;Pai Nosso&#8221; no seu pr\u00f3prio idioma.<\/p>\n<p><img decoding=\"async\" class=\"alignnone wp-image-30864 size-large\" src=\"https:\/\/schoenstattdev.wpenginepowered.com\/wp-content\/uploads\/2023\/06\/DSC_6557-1024x684.jpg\" alt=\"encuentro internacional\" width=\"840\" height=\"561\" \/><\/p>\n<figure id=\"attachment_30868\" aria-describedby=\"caption-attachment-30868\" style=\"width: 840px\" class=\"wp-caption alignnone\"><img decoding=\"async\" class=\"wp-image-30868 size-large\" src=\"https:\/\/schoenstattdev.wpenginepowered.com\/wp-content\/uploads\/2023\/06\/DSC_6559-1024x684.jpg\" alt=\"\" width=\"840\" height=\"561\" \/><figcaption id=\"caption-attachment-30868\" class=\"wp-caption-text\">Fotos: C. Neumann<\/figcaption><\/figure>\n<p>Em prociss\u00e3o com a grande imagem da M\u00e3e Peregrina da miss\u00e3o polaca, as numerosas imagens peregrinas e as bandeiras nacionais, nos dirigimo ao santu\u00e1rio. L\u00e1, um grupo de dan\u00e7a infantil e juvenil vietnamita realizou uma dan\u00e7a de louvor em homenagem \u00e0 M\u00e3e. Como toque final, colocaram pequenos buqu\u00eas de rosas aos p\u00e9s da M\u00e3e. Todos ficaram profundamente comovidos com a gra\u00e7a com que as crian\u00e7as e jovens expressaram seu amor por Nossa Senhora.<\/p>\n<figure id=\"attachment_30872\" aria-describedby=\"caption-attachment-30872\" style=\"width: 840px\" class=\"wp-caption alignnone\"><img loading=\"lazy\" decoding=\"async\" class=\"wp-image-30872 size-large\" src=\"https:\/\/schoenstattdev.wpenginepowered.com\/wp-content\/uploads\/2023\/06\/DSC_6584-1024x684.jpg\" alt=\"encuentro internacional\" width=\"840\" height=\"561\" \/><figcaption id=\"caption-attachment-30872\" class=\"wp-caption-text\">Foto: C. Neumann<\/figcaption><\/figure>\n<p>Depois da dan\u00e7a, as imagens dos peregrinos foram aben\u00e7oadas e enviadas de volta para conduzir muitas pessoas a Deus por meio de Maria, especialmente aqui &#8211; na Di\u00e1spora &#8211; e assim realizar milagres de abrigo, transforma\u00e7\u00e3o interior e envio apost\u00f3lico.<\/p>\n<p>Ap\u00f3s a b\u00ean\u00e7\u00e3o final, foi oferecido um buffet internacional. Muitos trouxeram comidas t\u00edpicas de seu pa\u00eds e assim houve um encontro com bons di\u00e1logos e conversas internacionais.<\/p>\n<figure id=\"attachment_30876\" aria-describedby=\"caption-attachment-30876\" style=\"width: 840px\" class=\"wp-caption alignnone\"><img loading=\"lazy\" decoding=\"async\" class=\"wp-image-30876 size-large\" src=\"https:\/\/schoenstattdev.wpenginepowered.com\/wp-content\/uploads\/2023\/06\/DSC_6591-1024x684.jpg\" alt=\"\" width=\"840\" height=\"561\" \/><figcaption id=\"caption-attachment-30876\" class=\"wp-caption-text\">Foto: C.Neumann<\/figcaption><\/figure>\n<p>\u00c0 tarde, ap\u00f3s uma breve introdu\u00e7\u00e3o, a Ir. M. Alena, que viajou com a Ir. M. Rita desde <a href=\"https:\/\/schoenstatt.org.br\/home\/org\/organizacao\/instituto-secular-das-irmas-de-maria-de-schoenstatt\/\">Schoenstatt<\/a>, onde trabalham com a <a href=\"https:\/\/schoenstattdev.wpenginepowered.com\/pt-pt\/espiritualidade\/mae-peregrina-chegar-a-deus-onde-e-necessario\/\">Campanha da M\u00e3e Peregrina<\/a>, convidou todos a compartilharem suas pr\u00f3prias experi\u00eancias com a M\u00e3e Peregrina.<\/p>\n<p>Os diversos depoimentos e o trabalho da MTA comoveram e impressionaram. Ao final, como no passado Jubileu da Campanha de Schoenstatt, muitos escreveram uma carta \u00e0 M\u00e3e Sant\u00edssima, que as Irm\u00e3s levaram consigo para o seu lugar de origem em Schoenstatt. Recordamos com gratid\u00e3o este maravilhoso dia de encontro internacional, no qual se tornou vis\u00edvel e tang\u00edvel que Schoenstatt \u00e9 internacional e est\u00e1 em todo o mundo:<\/p>\n<p style=\"text-align: center;\"><em>Ela \u00e9 a grande mission\u00e1ria. Ela realizar\u00e1 milagres, tamb\u00e9m em Berlim.<\/em><\/p>\n","protected":false},"excerpt":{"rendered":"<p>Em 3 de junho de 2023, mais de 100 convidados de todo o mundo se reuniram no Santu\u00e1rio Victoria-Patris, em Berlim, para celebrar o Dia Internacional do Encontro. Com participantes de 14 pa\u00edses, o evento foi marcado por uma missa festiva, diversidade cultural e can\u00e7\u00f5es internacionais.<\/p>\n","protected":false},"author":6,"featured_media":30861,"comment_status":"closed","ping_status":"closed","sticky":false,"template":"","format":"standard","meta":{"footnotes":""},"categories":[636],"tags":[],"class_list":["post-49299","post","type-post","status-publish","format-standard","has-post-thumbnail","hentry","category-eventos-pt-pt"],"yoast_head":"<!-- This site is optimized with the Yoast SEO Premium plugin v27.4 (Yoast SEO v27.4) - https:\/\/yoast.com\/product\/yoast-seo-premium-wordpress\/ -->\n<title>Encontro internacional festivo no Centro de Schoenstatt em Berlim<\/title>\n<meta name=\"description\" content=\"Com participantes de 14 pa\u00edses, o evento foi marcado por uma missa festiva, diversidade cultural e cantos internacionais.\" \/>\n<meta name=\"robots\" content=\"index, follow, max-snippet:-1, max-image-preview:large, max-video-preview:-1\" \/>\n<link rel=\"canonical\" href=\"https:\/\/schoenstatt.com\/pt-pt\/encontro-internacional-festivo-no-centro-de-schoenstatt-em-berlim\/\" \/>\n<meta property=\"og:locale\" content=\"pt_PT\" \/>\n<meta property=\"og:type\" content=\"article\" \/>\n<meta property=\"og:title\" content=\"Encontro internacional festivo no Centro de Schoenstatt em Berlim\" \/>\n<meta property=\"og:description\" content=\"Com participantes de 14 pa\u00edses, o evento foi marcado por uma missa festiva, diversidade cultural e cantos internacionais.\" \/>\n<meta property=\"og:url\" content=\"https:\/\/schoenstatt.com\/pt-pt\/encontro-internacional-festivo-no-centro-de-schoenstatt-em-berlim\/\" \/>\n<meta property=\"og:site_name\" content=\"Schoenstatt\" \/>\n<meta property=\"article:published_time\" content=\"2023-06-09T15:17:22+00:00\" \/>\n<meta property=\"article:modified_time\" content=\"2025-05-15T22:48:50+00:00\" \/>\n<meta property=\"og:image\" content=\"https:\/\/schoenstatt.com\/wp-content\/uploads\/2023\/06\/DSC_6499-scaled-2.jpg\" \/>\n\t<meta property=\"og:image:width\" content=\"2048\" \/>\n\t<meta property=\"og:image:height\" content=\"1367\" \/>\n\t<meta property=\"og:image:type\" content=\"image\/jpeg\" \/>\n<meta name=\"author\" content=\"Vanessa Franke\" \/>\n<meta name=\"twitter:card\" content=\"summary_large_image\" \/>\n<meta name=\"twitter:label1\" content=\"Escrito por\" \/>\n\t<meta name=\"twitter:data1\" content=\"Vanessa Franke\" \/>\n\t<meta name=\"twitter:label2\" content=\"Tempo estimado de leitura\" \/>\n\t<meta name=\"twitter:data2\" content=\"4 minutos\" \/>\n<script type=\"application\/ld+json\" class=\"yoast-schema-graph\">{\"@context\":\"https:\\\/\\\/schema.org\",\"@graph\":[{\"@type\":\"Article\",\"@id\":\"https:\\\/\\\/schoenstatt.com\\\/pt-pt\\\/encontro-internacional-festivo-no-centro-de-schoenstatt-em-berlim\\\/#article\",\"isPartOf\":{\"@id\":\"https:\\\/\\\/schoenstatt.com\\\/pt-pt\\\/encontro-internacional-festivo-no-centro-de-schoenstatt-em-berlim\\\/\"},\"author\":{\"name\":\"Vanessa Franke\",\"@id\":\"https:\\\/\\\/schoenstatt.com\\\/pt-pt\\\/#\\\/schema\\\/person\\\/ea97a60c723e21c923e2177f0f3163f7\"},\"headline\":\"Encontro internacional festivo no Centro de Schoenstatt em Berlim\",\"datePublished\":\"2023-06-09T15:17:22+00:00\",\"dateModified\":\"2025-05-15T22:48:50+00:00\",\"mainEntityOfPage\":{\"@id\":\"https:\\\/\\\/schoenstatt.com\\\/pt-pt\\\/encontro-internacional-festivo-no-centro-de-schoenstatt-em-berlim\\\/\"},\"wordCount\":616,\"publisher\":{\"@id\":\"https:\\\/\\\/schoenstatt.com\\\/pt-pt\\\/#organization\"},\"image\":{\"@id\":\"https:\\\/\\\/schoenstatt.com\\\/pt-pt\\\/encontro-internacional-festivo-no-centro-de-schoenstatt-em-berlim\\\/#primaryimage\"},\"thumbnailUrl\":\"https:\\\/\\\/schoenstatt.com\\\/wp-content\\\/uploads\\\/2023\\\/06\\\/DSC_6499-scaled-2.jpg\",\"articleSection\":[\"Eventos\"],\"inLanguage\":\"pt-PT\"},{\"@type\":\"WebPage\",\"@id\":\"https:\\\/\\\/schoenstatt.com\\\/pt-pt\\\/encontro-internacional-festivo-no-centro-de-schoenstatt-em-berlim\\\/\",\"url\":\"https:\\\/\\\/schoenstatt.com\\\/pt-pt\\\/encontro-internacional-festivo-no-centro-de-schoenstatt-em-berlim\\\/\",\"name\":\"Encontro internacional festivo no Centro de Schoenstatt em Berlim\",\"isPartOf\":{\"@id\":\"https:\\\/\\\/schoenstatt.com\\\/pt-pt\\\/#website\"},\"primaryImageOfPage\":{\"@id\":\"https:\\\/\\\/schoenstatt.com\\\/pt-pt\\\/encontro-internacional-festivo-no-centro-de-schoenstatt-em-berlim\\\/#primaryimage\"},\"image\":{\"@id\":\"https:\\\/\\\/schoenstatt.com\\\/pt-pt\\\/encontro-internacional-festivo-no-centro-de-schoenstatt-em-berlim\\\/#primaryimage\"},\"thumbnailUrl\":\"https:\\\/\\\/schoenstatt.com\\\/wp-content\\\/uploads\\\/2023\\\/06\\\/DSC_6499-scaled-2.jpg\",\"datePublished\":\"2023-06-09T15:17:22+00:00\",\"dateModified\":\"2025-05-15T22:48:50+00:00\",\"description\":\"Com participantes de 14 pa\u00edses, o evento foi marcado por uma missa festiva, diversidade cultural e cantos internacionais.\",\"breadcrumb\":{\"@id\":\"https:\\\/\\\/schoenstatt.com\\\/pt-pt\\\/encontro-internacional-festivo-no-centro-de-schoenstatt-em-berlim\\\/#breadcrumb\"},\"inLanguage\":\"pt-PT\",\"potentialAction\":[{\"@type\":\"ReadAction\",\"target\":[\"https:\\\/\\\/schoenstatt.com\\\/pt-pt\\\/encontro-internacional-festivo-no-centro-de-schoenstatt-em-berlim\\\/\"]}]},{\"@type\":\"ImageObject\",\"inLanguage\":\"pt-PT\",\"@id\":\"https:\\\/\\\/schoenstatt.com\\\/pt-pt\\\/encontro-internacional-festivo-no-centro-de-schoenstatt-em-berlim\\\/#primaryimage\",\"url\":\"https:\\\/\\\/schoenstatt.com\\\/wp-content\\\/uploads\\\/2023\\\/06\\\/DSC_6499-scaled-2.jpg\",\"contentUrl\":\"https:\\\/\\\/schoenstatt.com\\\/wp-content\\\/uploads\\\/2023\\\/06\\\/DSC_6499-scaled-2.jpg\",\"width\":2048,\"height\":1367,\"caption\":\"Foto: C.Neumann\"},{\"@type\":\"BreadcrumbList\",\"@id\":\"https:\\\/\\\/schoenstatt.com\\\/pt-pt\\\/encontro-internacional-festivo-no-centro-de-schoenstatt-em-berlim\\\/#breadcrumb\",\"itemListElement\":[{\"@type\":\"ListItem\",\"position\":1,\"name\":\"Portada\",\"item\":\"https:\\\/\\\/schoenstatt.com\\\/pt-pt\\\/home\\\/\"},{\"@type\":\"ListItem\",\"position\":2,\"name\":\"Encontro internacional festivo no Centro de Schoenstatt em Berlim\"}]},{\"@type\":\"WebSite\",\"@id\":\"https:\\\/\\\/schoenstatt.com\\\/pt-pt\\\/#website\",\"url\":\"https:\\\/\\\/schoenstatt.com\\\/pt-pt\\\/\",\"name\":\"Schoenstatt\",\"description\":\"Apostolic Movement\",\"publisher\":{\"@id\":\"https:\\\/\\\/schoenstatt.com\\\/pt-pt\\\/#organization\"},\"potentialAction\":[{\"@type\":\"SearchAction\",\"target\":{\"@type\":\"EntryPoint\",\"urlTemplate\":\"https:\\\/\\\/schoenstatt.com\\\/pt-pt\\\/?s={search_term_string}\"},\"query-input\":{\"@type\":\"PropertyValueSpecification\",\"valueRequired\":true,\"valueName\":\"search_term_string\"}}],\"inLanguage\":\"pt-PT\"},{\"@type\":\"Organization\",\"@id\":\"https:\\\/\\\/schoenstatt.com\\\/pt-pt\\\/#organization\",\"name\":\"Schoenstatt\",\"url\":\"https:\\\/\\\/schoenstatt.com\\\/pt-pt\\\/\",\"logo\":{\"@type\":\"ImageObject\",\"inLanguage\":\"pt-PT\",\"@id\":\"https:\\\/\\\/schoenstatt.com\\\/pt-pt\\\/#\\\/schema\\\/logo\\\/image\\\/\",\"url\":\"https:\\\/\\\/schoenstatt.com\\\/wp-content\\\/uploads\\\/2025\\\/04\\\/logo-schoenstatt-white-696x696-1.png\",\"contentUrl\":\"https:\\\/\\\/schoenstatt.com\\\/wp-content\\\/uploads\\\/2025\\\/04\\\/logo-schoenstatt-white-696x696-1.png\",\"width\":696,\"height\":694,\"caption\":\"Schoenstatt\"},\"image\":{\"@id\":\"https:\\\/\\\/schoenstatt.com\\\/pt-pt\\\/#\\\/schema\\\/logo\\\/image\\\/\"}},{\"@type\":\"Person\",\"@id\":\"https:\\\/\\\/schoenstatt.com\\\/pt-pt\\\/#\\\/schema\\\/person\\\/ea97a60c723e21c923e2177f0f3163f7\",\"name\":\"Vanessa Franke\",\"image\":{\"@type\":\"ImageObject\",\"inLanguage\":\"pt-PT\",\"@id\":\"https:\\\/\\\/secure.gravatar.com\\\/avatar\\\/a9bcca3409928ccd3195eca11e2ccbb2e5d7c7912e9a945d4f326f81a0a5cb4a?s=96&d=mm&r=g\",\"url\":\"https:\\\/\\\/secure.gravatar.com\\\/avatar\\\/a9bcca3409928ccd3195eca11e2ccbb2e5d7c7912e9a945d4f326f81a0a5cb4a?s=96&d=mm&r=g\",\"contentUrl\":\"https:\\\/\\\/secure.gravatar.com\\\/avatar\\\/a9bcca3409928ccd3195eca11e2ccbb2e5d7c7912e9a945d4f326f81a0a5cb4a?s=96&d=mm&r=g\",\"caption\":\"Vanessa Franke\"},\"url\":\"https:\\\/\\\/schoenstatt.com\\\/pt-pt\\\/author\\\/vanessa-franke\\\/\"}]}<\/script>\n<!-- \/ Yoast SEO Premium plugin. -->","yoast_head_json":{"title":"Encontro internacional festivo no Centro de Schoenstatt em Berlim","description":"Com participantes de 14 pa\u00edses, o evento foi marcado por uma missa festiva, diversidade cultural e cantos internacionais.","robots":{"index":"index","follow":"follow","max-snippet":"max-snippet:-1","max-image-preview":"max-image-preview:large","max-video-preview":"max-video-preview:-1"},"canonical":"https:\/\/schoenstatt.com\/pt-pt\/encontro-internacional-festivo-no-centro-de-schoenstatt-em-berlim\/","og_locale":"pt_PT","og_type":"article","og_title":"Encontro internacional festivo no Centro de Schoenstatt em Berlim","og_description":"Com participantes de 14 pa\u00edses, o evento foi marcado por uma missa festiva, diversidade cultural e cantos internacionais.","og_url":"https:\/\/schoenstatt.com\/pt-pt\/encontro-internacional-festivo-no-centro-de-schoenstatt-em-berlim\/","og_site_name":"Schoenstatt","article_published_time":"2023-06-09T15:17:22+00:00","article_modified_time":"2025-05-15T22:48:50+00:00","og_image":[{"width":2048,"height":1367,"url":"https:\/\/schoenstatt.com\/wp-content\/uploads\/2023\/06\/DSC_6499-scaled-2.jpg","type":"image\/jpeg"}],"author":"Vanessa Franke","twitter_card":"summary_large_image","twitter_misc":{"Escrito por":"Vanessa Franke","Tempo estimado de leitura":"4 minutos"},"schema":{"@context":"https:\/\/schema.org","@graph":[{"@type":"Article","@id":"https:\/\/schoenstatt.com\/pt-pt\/encontro-internacional-festivo-no-centro-de-schoenstatt-em-berlim\/#article","isPartOf":{"@id":"https:\/\/schoenstatt.com\/pt-pt\/encontro-internacional-festivo-no-centro-de-schoenstatt-em-berlim\/"},"author":{"name":"Vanessa Franke","@id":"https:\/\/schoenstatt.com\/pt-pt\/#\/schema\/person\/ea97a60c723e21c923e2177f0f3163f7"},"headline":"Encontro internacional festivo no Centro de Schoenstatt em Berlim","datePublished":"2023-06-09T15:17:22+00:00","dateModified":"2025-05-15T22:48:50+00:00","mainEntityOfPage":{"@id":"https:\/\/schoenstatt.com\/pt-pt\/encontro-internacional-festivo-no-centro-de-schoenstatt-em-berlim\/"},"wordCount":616,"publisher":{"@id":"https:\/\/schoenstatt.com\/pt-pt\/#organization"},"image":{"@id":"https:\/\/schoenstatt.com\/pt-pt\/encontro-internacional-festivo-no-centro-de-schoenstatt-em-berlim\/#primaryimage"},"thumbnailUrl":"https:\/\/schoenstatt.com\/wp-content\/uploads\/2023\/06\/DSC_6499-scaled-2.jpg","articleSection":["Eventos"],"inLanguage":"pt-PT"},{"@type":"WebPage","@id":"https:\/\/schoenstatt.com\/pt-pt\/encontro-internacional-festivo-no-centro-de-schoenstatt-em-berlim\/","url":"https:\/\/schoenstatt.com\/pt-pt\/encontro-internacional-festivo-no-centro-de-schoenstatt-em-berlim\/","name":"Encontro internacional festivo no Centro de Schoenstatt em Berlim","isPartOf":{"@id":"https:\/\/schoenstatt.com\/pt-pt\/#website"},"primaryImageOfPage":{"@id":"https:\/\/schoenstatt.com\/pt-pt\/encontro-internacional-festivo-no-centro-de-schoenstatt-em-berlim\/#primaryimage"},"image":{"@id":"https:\/\/schoenstatt.com\/pt-pt\/encontro-internacional-festivo-no-centro-de-schoenstatt-em-berlim\/#primaryimage"},"thumbnailUrl":"https:\/\/schoenstatt.com\/wp-content\/uploads\/2023\/06\/DSC_6499-scaled-2.jpg","datePublished":"2023-06-09T15:17:22+00:00","dateModified":"2025-05-15T22:48:50+00:00","description":"Com participantes de 14 pa\u00edses, o evento foi marcado por uma missa festiva, diversidade cultural e cantos internacionais.","breadcrumb":{"@id":"https:\/\/schoenstatt.com\/pt-pt\/encontro-internacional-festivo-no-centro-de-schoenstatt-em-berlim\/#breadcrumb"},"inLanguage":"pt-PT","potentialAction":[{"@type":"ReadAction","target":["https:\/\/schoenstatt.com\/pt-pt\/encontro-internacional-festivo-no-centro-de-schoenstatt-em-berlim\/"]}]},{"@type":"ImageObject","inLanguage":"pt-PT","@id":"https:\/\/schoenstatt.com\/pt-pt\/encontro-internacional-festivo-no-centro-de-schoenstatt-em-berlim\/#primaryimage","url":"https:\/\/schoenstatt.com\/wp-content\/uploads\/2023\/06\/DSC_6499-scaled-2.jpg","contentUrl":"https:\/\/schoenstatt.com\/wp-content\/uploads\/2023\/06\/DSC_6499-scaled-2.jpg","width":2048,"height":1367,"caption":"Foto: C.Neumann"},{"@type":"BreadcrumbList","@id":"https:\/\/schoenstatt.com\/pt-pt\/encontro-internacional-festivo-no-centro-de-schoenstatt-em-berlim\/#breadcrumb","itemListElement":[{"@type":"ListItem","position":1,"name":"Portada","item":"https:\/\/schoenstatt.com\/pt-pt\/home\/"},{"@type":"ListItem","position":2,"name":"Encontro internacional festivo no Centro de Schoenstatt em Berlim"}]},{"@type":"WebSite","@id":"https:\/\/schoenstatt.com\/pt-pt\/#website","url":"https:\/\/schoenstatt.com\/pt-pt\/","name":"Schoenstatt","description":"Apostolic Movement","publisher":{"@id":"https:\/\/schoenstatt.com\/pt-pt\/#organization"},"potentialAction":[{"@type":"SearchAction","target":{"@type":"EntryPoint","urlTemplate":"https:\/\/schoenstatt.com\/pt-pt\/?s={search_term_string}"},"query-input":{"@type":"PropertyValueSpecification","valueRequired":true,"valueName":"search_term_string"}}],"inLanguage":"pt-PT"},{"@type":"Organization","@id":"https:\/\/schoenstatt.com\/pt-pt\/#organization","name":"Schoenstatt","url":"https:\/\/schoenstatt.com\/pt-pt\/","logo":{"@type":"ImageObject","inLanguage":"pt-PT","@id":"https:\/\/schoenstatt.com\/pt-pt\/#\/schema\/logo\/image\/","url":"https:\/\/schoenstatt.com\/wp-content\/uploads\/2025\/04\/logo-schoenstatt-white-696x696-1.png","contentUrl":"https:\/\/schoenstatt.com\/wp-content\/uploads\/2025\/04\/logo-schoenstatt-white-696x696-1.png","width":696,"height":694,"caption":"Schoenstatt"},"image":{"@id":"https:\/\/schoenstatt.com\/pt-pt\/#\/schema\/logo\/image\/"}},{"@type":"Person","@id":"https:\/\/schoenstatt.com\/pt-pt\/#\/schema\/person\/ea97a60c723e21c923e2177f0f3163f7","name":"Vanessa Franke","image":{"@type":"ImageObject","inLanguage":"pt-PT","@id":"https:\/\/secure.gravatar.com\/avatar\/a9bcca3409928ccd3195eca11e2ccbb2e5d7c7912e9a945d4f326f81a0a5cb4a?s=96&d=mm&r=g","url":"https:\/\/secure.gravatar.com\/avatar\/a9bcca3409928ccd3195eca11e2ccbb2e5d7c7912e9a945d4f326f81a0a5cb4a?s=96&d=mm&r=g","contentUrl":"https:\/\/secure.gravatar.com\/avatar\/a9bcca3409928ccd3195eca11e2ccbb2e5d7c7912e9a945d4f326f81a0a5cb4a?s=96&d=mm&r=g","caption":"Vanessa Franke"},"url":"https:\/\/schoenstatt.com\/pt-pt\/author\/vanessa-franke\/"}]}},"_links":{"self":[{"href":"https:\/\/schoenstatt.com\/pt-pt\/wp-json\/wp\/v2\/posts\/49299","targetHints":{"allow":["GET"]}}],"collection":[{"href":"https:\/\/schoenstatt.com\/pt-pt\/wp-json\/wp\/v2\/posts"}],"about":[{"href":"https:\/\/schoenstatt.com\/pt-pt\/wp-json\/wp\/v2\/types\/post"}],"author":[{"embeddable":true,"href":"https:\/\/schoenstatt.com\/pt-pt\/wp-json\/wp\/v2\/users\/6"}],"replies":[{"embeddable":true,"href":"https:\/\/schoenstatt.com\/pt-pt\/wp-json\/wp\/v2\/comments?post=49299"}],"version-history":[{"count":1,"href":"https:\/\/schoenstatt.com\/pt-pt\/wp-json\/wp\/v2\/posts\/49299\/revisions"}],"predecessor-version":[{"id":49367,"href":"https:\/\/schoenstatt.com\/pt-pt\/wp-json\/wp\/v2\/posts\/49299\/revisions\/49367"}],"wp:featuredmedia":[{"embeddable":true,"href":"https:\/\/schoenstatt.com\/pt-pt\/wp-json\/wp\/v2\/media\/30861"}],"wp:attachment":[{"href":"https:\/\/schoenstatt.com\/pt-pt\/wp-json\/wp\/v2\/media?parent=49299"}],"wp:term":[{"taxonomy":"category","embeddable":true,"href":"https:\/\/schoenstatt.com\/pt-pt\/wp-json\/wp\/v2\/categories?post=49299"},{"taxonomy":"post_tag","embeddable":true,"href":"https:\/\/schoenstatt.com\/pt-pt\/wp-json\/wp\/v2\/tags?post=49299"}],"curies":[{"name":"wp","href":"https:\/\/api.w.org\/{rel}","templated":true}]}}