{"id":49289,"date":"2023-06-01T09:00:01","date_gmt":"2023-06-01T07:00:01","guid":{"rendered":"https:\/\/schoenstattdev.wpenginepowered.com\/?p=30810"},"modified":"2025-05-16T01:43:40","modified_gmt":"2025-05-15T23:43:40","slug":"santuario-em-bogota-um-sonho-comeca-a-ser-realidade","status":"publish","type":"post","link":"https:\/\/schoenstatt.com\/pt-pt\/santuario-em-bogota-um-sonho-comeca-a-ser-realidade\/","title":{"rendered":"Santu\u00e1rio em Bogot\u00e1: um sonho come\u00e7a a ser realidade"},"content":{"rendered":"<p>Por mais de 20 anos, a Fam\u00edlia de Schoenstatt de Bogot\u00e1 esteve em busca de seu Santu\u00e1rio. Nos anos 80, chegaram as primeiras imagens da M\u00e3e Peregrina \u00e0 cidade, e tamb\u00e9m os primeiros assessores de Schoenstatt, o padre Humberto Salgado e a Irm\u00e3 Eugenia Mar\u00eda Mu\u00f1oz. O Movimento foi organizado internamente, e come\u00e7aram a celebrar as primeiras missas da Alian\u00e7a de Amor. Come\u00e7ou assim a forma\u00e7\u00e3o da Fam\u00edlia de Schoenstatt. Por muitos anos, nossos assessores viajaram tamb\u00e9m para outras cidades, como Medel\u00edn, Cali, Pereira e Arm\u00eania, levando a espiritualidade e os ensinamentos do padre <a href=\"https:\/\/schoenstattdev.wpenginepowered.com\/pt-pt\/about\/fundador\/\">Jos\u00e9 Kentenich<\/a>.<\/p>\n<p>&nbsp;<\/p>\n<p>Depois de cerca de 16 anos, bem perto da celebra\u00e7\u00e3o do Jubileu de 100 anos da funda\u00e7\u00e3o do Movimento, encontramos nossa Casa da Mater em Bogot\u00e1, na qual tivemos oportunidade de nos formar e celebrar juntos as Missas da Alian\u00e7a de Amor no dia 18 de cada m\u00eas. Tem sido um lar para muitos e um lugar de forma\u00e7\u00e3o para os ramos e correntes de vida. A presen\u00e7a do Sant\u00edssimo Sacramento tem sido muito importante para acompanhar a celebra\u00e7\u00e3o da Eucaristia, a Hora Santa e algumas vig\u00edlias de ora\u00e7\u00e3o.<\/p>\n<p>&nbsp;<\/p>\n<p>H\u00e1 dois anos, contamos com a assessoria do padre Miguel Kast, que nos deu um impulso definitivo para a constru\u00e7\u00e3o do Santu\u00e1rio em Bogot\u00e1. Com o esfor\u00e7o de todos os ramos e a ajuda dos Padres de Schoenstatt e as Irm\u00e3s de Maria, hoje temos a maioria dos s\u00edmbolos do Santu\u00e1rio. Em sete de dezembro de 2021, o padre Miguel realizou a ben\u00e7\u00e3o da pedra fundamental, a qual se transportou de modo especial desde o Cerro Monserrate, lugar tradicional, que se encontra nos morros orientais da cidade.<\/p>\n<p>&nbsp;<\/p>\n<p>Somente nos faltava encontrar o lugar adequado para a constru\u00e7\u00e3o da capelinha. Localizado nos cerros de <a href=\"https:\/\/www.wikiwand.com\/pt\/Suba_(Bogot%C3%A1)\">Suba<\/a>, na parte nordeste de Bogot\u00e1, encontramos um terreno ideal para o Santu\u00e1rio \u201cPorta do C\u00e9u\u201d, no qual esperamos que nossa Mater, a Rainha e Vitoriosa de Schoenstatt, estabele\u00e7a seu lugar predileto, como presente pela perseveran\u00e7a e pelo trabalho mission\u00e1rio de muitas pessoas que hoje formam a fam\u00edlia de Schoenstatt de Bogot\u00e1. O terreno est\u00e1 localizado na Rua 156 80 55.<\/p>\n<p>&nbsp;<\/p>\n<p>Com uma bel\u00edssima Eucaristia, presidida pelo padre Miguel, em 14 de maio, foi aben\u00e7oado o terreno escolhido pela Mater para a constru\u00e7\u00e3o de seu Santu\u00e1rio. De maneira especial, agradecemos a companhia e ajuda definitiva do padre Humberto Salgado, e tamb\u00e9m do padre Fernando Palacio. Evidentemente, nossa gratid\u00e3o \u00e0s Irm\u00e3s Eugenia Mar\u00eda Mu\u00f1oz, Monserrat Darquea, Amparo Villouta, Pilar del Campo e M. Emilia Loor, de quem recebemos os melhores ensinamentos para fazer vida em n\u00f3s a Alian\u00e7a de Amor com Maria.<\/p>\n<p>&nbsp;<\/p>\n<p>Sob o lema \u201c<em><strong>Vem, constr\u00f3i e conquistemos a Porta do C\u00e9u<\/strong><\/em>\u201d, vamos caminhando com p\u00e9 firme e muito capital de gra\u00e7as at\u00e9 o primeiro Santu\u00e1rio de Schoenstatt de Bogot\u00e1.<\/p>\n","protected":false},"excerpt":{"rendered":"<p>Ap\u00f3s 20 anos de busca por um terreno para construir o Santu\u00e1rio na capital da Col\u00f4mbia, a Fam\u00edlia de Schoenstatt encontrou o lugar onde a Mater se estabelecer\u00e1, presenteando suas gra\u00e7as \u00e0queles que se consagrarem a ela.<\/p>\n","protected":false},"author":6,"featured_media":30775,"comment_status":"closed","ping_status":"closed","sticky":false,"template":"","format":"standard","meta":{"footnotes":""},"categories":[869],"tags":[],"class_list":["post-49289","post","type-post","status-publish","format-standard","has-post-thumbnail","hentry","category-paises-pt-pt"],"yoast_head":"<!-- This site is optimized with the Yoast SEO Premium plugin v27.4 (Yoast SEO v27.4) - https:\/\/yoast.com\/product\/yoast-seo-premium-wordpress\/ -->\n<title>Santu\u00e1rio em Bogot\u00e1: um sonho come\u00e7a a ser realidade<\/title>\n<meta name=\"description\" content=\"A Fam\u00edlia de Schoenstatt j\u00e1 encontrou o lugar para seu futuro Santu\u00e1rio de Schoenstatt. Nesse mesmo local j\u00e1 se celebrou a primeira missa.\" \/>\n<meta name=\"robots\" content=\"index, follow, max-snippet:-1, max-image-preview:large, max-video-preview:-1\" \/>\n<link rel=\"canonical\" href=\"https:\/\/schoenstatt.com\/pt-pt\/santuario-em-bogota-um-sonho-comeca-a-ser-realidade\/\" \/>\n<meta property=\"og:locale\" content=\"pt_PT\" \/>\n<meta property=\"og:type\" content=\"article\" \/>\n<meta property=\"og:title\" content=\"Santu\u00e1rio em Bogot\u00e1: um sonho come\u00e7a a ser realidade\" \/>\n<meta property=\"og:description\" content=\"A Fam\u00edlia de Schoenstatt j\u00e1 encontrou o lugar para seu futuro Santu\u00e1rio de Schoenstatt. Nesse mesmo local j\u00e1 se celebrou a primeira missa.\" \/>\n<meta property=\"og:url\" content=\"https:\/\/schoenstatt.com\/pt-pt\/santuario-em-bogota-um-sonho-comeca-a-ser-realidade\/\" \/>\n<meta property=\"og:site_name\" content=\"Schoenstatt\" \/>\n<meta property=\"article:published_time\" content=\"2023-06-01T07:00:01+00:00\" \/>\n<meta property=\"article:modified_time\" content=\"2025-05-15T23:43:40+00:00\" \/>\n<meta property=\"og:image\" content=\"https:\/\/schoenstatt.com\/wp-content\/uploads\/2023\/05\/Represntantes-de-la-Familia-de-Schoenstatt-en-Bogota-2.jpeg\" \/>\n\t<meta property=\"og:image:width\" content=\"1024\" \/>\n\t<meta property=\"og:image:height\" content=\"768\" \/>\n\t<meta property=\"og:image:type\" content=\"image\/jpeg\" \/>\n<meta name=\"author\" content=\"Vanessa Franke\" \/>\n<meta name=\"twitter:card\" content=\"summary_large_image\" \/>\n<meta name=\"twitter:label1\" content=\"Escrito por\" \/>\n\t<meta name=\"twitter:data1\" content=\"Vanessa Franke\" \/>\n\t<meta name=\"twitter:label2\" content=\"Tempo estimado de leitura\" \/>\n\t<meta name=\"twitter:data2\" content=\"3 minutos\" \/>\n<script type=\"application\/ld+json\" class=\"yoast-schema-graph\">{\"@context\":\"https:\\\/\\\/schema.org\",\"@graph\":[{\"@type\":\"Article\",\"@id\":\"https:\\\/\\\/schoenstatt.com\\\/pt-pt\\\/santuario-em-bogota-um-sonho-comeca-a-ser-realidade\\\/#article\",\"isPartOf\":{\"@id\":\"https:\\\/\\\/schoenstatt.com\\\/pt-pt\\\/santuario-em-bogota-um-sonho-comeca-a-ser-realidade\\\/\"},\"author\":{\"name\":\"Vanessa Franke\",\"@id\":\"https:\\\/\\\/schoenstatt.com\\\/pt-pt\\\/#\\\/schema\\\/person\\\/ea97a60c723e21c923e2177f0f3163f7\"},\"headline\":\"Santu\u00e1rio em Bogot\u00e1: um sonho come\u00e7a a ser realidade\",\"datePublished\":\"2023-06-01T07:00:01+00:00\",\"dateModified\":\"2025-05-15T23:43:40+00:00\",\"mainEntityOfPage\":{\"@id\":\"https:\\\/\\\/schoenstatt.com\\\/pt-pt\\\/santuario-em-bogota-um-sonho-comeca-a-ser-realidade\\\/\"},\"wordCount\":516,\"publisher\":{\"@id\":\"https:\\\/\\\/schoenstatt.com\\\/pt-pt\\\/#organization\"},\"image\":{\"@id\":\"https:\\\/\\\/schoenstatt.com\\\/pt-pt\\\/santuario-em-bogota-um-sonho-comeca-a-ser-realidade\\\/#primaryimage\"},\"thumbnailUrl\":\"https:\\\/\\\/schoenstatt.com\\\/wp-content\\\/uploads\\\/2023\\\/05\\\/Represntantes-de-la-Familia-de-Schoenstatt-en-Bogota-2.jpeg\",\"articleSection\":[\"Pa\u00edses\"],\"inLanguage\":\"pt-PT\"},{\"@type\":\"WebPage\",\"@id\":\"https:\\\/\\\/schoenstatt.com\\\/pt-pt\\\/santuario-em-bogota-um-sonho-comeca-a-ser-realidade\\\/\",\"url\":\"https:\\\/\\\/schoenstatt.com\\\/pt-pt\\\/santuario-em-bogota-um-sonho-comeca-a-ser-realidade\\\/\",\"name\":\"Santu\u00e1rio em Bogot\u00e1: um sonho come\u00e7a a ser realidade\",\"isPartOf\":{\"@id\":\"https:\\\/\\\/schoenstatt.com\\\/pt-pt\\\/#website\"},\"primaryImageOfPage\":{\"@id\":\"https:\\\/\\\/schoenstatt.com\\\/pt-pt\\\/santuario-em-bogota-um-sonho-comeca-a-ser-realidade\\\/#primaryimage\"},\"image\":{\"@id\":\"https:\\\/\\\/schoenstatt.com\\\/pt-pt\\\/santuario-em-bogota-um-sonho-comeca-a-ser-realidade\\\/#primaryimage\"},\"thumbnailUrl\":\"https:\\\/\\\/schoenstatt.com\\\/wp-content\\\/uploads\\\/2023\\\/05\\\/Represntantes-de-la-Familia-de-Schoenstatt-en-Bogota-2.jpeg\",\"datePublished\":\"2023-06-01T07:00:01+00:00\",\"dateModified\":\"2025-05-15T23:43:40+00:00\",\"description\":\"A Fam\u00edlia de Schoenstatt j\u00e1 encontrou o lugar para seu futuro Santu\u00e1rio de Schoenstatt. Nesse mesmo local j\u00e1 se celebrou a primeira missa.\",\"breadcrumb\":{\"@id\":\"https:\\\/\\\/schoenstatt.com\\\/pt-pt\\\/santuario-em-bogota-um-sonho-comeca-a-ser-realidade\\\/#breadcrumb\"},\"inLanguage\":\"pt-PT\",\"potentialAction\":[{\"@type\":\"ReadAction\",\"target\":[\"https:\\\/\\\/schoenstatt.com\\\/pt-pt\\\/santuario-em-bogota-um-sonho-comeca-a-ser-realidade\\\/\"]}]},{\"@type\":\"ImageObject\",\"inLanguage\":\"pt-PT\",\"@id\":\"https:\\\/\\\/schoenstatt.com\\\/pt-pt\\\/santuario-em-bogota-um-sonho-comeca-a-ser-realidade\\\/#primaryimage\",\"url\":\"https:\\\/\\\/schoenstatt.com\\\/wp-content\\\/uploads\\\/2023\\\/05\\\/Represntantes-de-la-Familia-de-Schoenstatt-en-Bogota-2.jpeg\",\"contentUrl\":\"https:\\\/\\\/schoenstatt.com\\\/wp-content\\\/uploads\\\/2023\\\/05\\\/Represntantes-de-la-Familia-de-Schoenstatt-en-Bogota-2.jpeg\",\"width\":1024,\"height\":768,\"caption\":\"Heiligtum in Bogot\u00e1\"},{\"@type\":\"BreadcrumbList\",\"@id\":\"https:\\\/\\\/schoenstatt.com\\\/pt-pt\\\/santuario-em-bogota-um-sonho-comeca-a-ser-realidade\\\/#breadcrumb\",\"itemListElement\":[{\"@type\":\"ListItem\",\"position\":1,\"name\":\"Portada\",\"item\":\"https:\\\/\\\/schoenstatt.com\\\/pt-pt\\\/home\\\/\"},{\"@type\":\"ListItem\",\"position\":2,\"name\":\"Santu\u00e1rio em Bogot\u00e1: um sonho come\u00e7a a ser realidade\"}]},{\"@type\":\"WebSite\",\"@id\":\"https:\\\/\\\/schoenstatt.com\\\/pt-pt\\\/#website\",\"url\":\"https:\\\/\\\/schoenstatt.com\\\/pt-pt\\\/\",\"name\":\"Schoenstatt\",\"description\":\"Apostolic Movement\",\"publisher\":{\"@id\":\"https:\\\/\\\/schoenstatt.com\\\/pt-pt\\\/#organization\"},\"potentialAction\":[{\"@type\":\"SearchAction\",\"target\":{\"@type\":\"EntryPoint\",\"urlTemplate\":\"https:\\\/\\\/schoenstatt.com\\\/pt-pt\\\/?s={search_term_string}\"},\"query-input\":{\"@type\":\"PropertyValueSpecification\",\"valueRequired\":true,\"valueName\":\"search_term_string\"}}],\"inLanguage\":\"pt-PT\"},{\"@type\":\"Organization\",\"@id\":\"https:\\\/\\\/schoenstatt.com\\\/pt-pt\\\/#organization\",\"name\":\"Schoenstatt\",\"url\":\"https:\\\/\\\/schoenstatt.com\\\/pt-pt\\\/\",\"logo\":{\"@type\":\"ImageObject\",\"inLanguage\":\"pt-PT\",\"@id\":\"https:\\\/\\\/schoenstatt.com\\\/pt-pt\\\/#\\\/schema\\\/logo\\\/image\\\/\",\"url\":\"https:\\\/\\\/schoenstatt.com\\\/wp-content\\\/uploads\\\/2025\\\/04\\\/logo-schoenstatt-white-696x696-1.png\",\"contentUrl\":\"https:\\\/\\\/schoenstatt.com\\\/wp-content\\\/uploads\\\/2025\\\/04\\\/logo-schoenstatt-white-696x696-1.png\",\"width\":696,\"height\":694,\"caption\":\"Schoenstatt\"},\"image\":{\"@id\":\"https:\\\/\\\/schoenstatt.com\\\/pt-pt\\\/#\\\/schema\\\/logo\\\/image\\\/\"}},{\"@type\":\"Person\",\"@id\":\"https:\\\/\\\/schoenstatt.com\\\/pt-pt\\\/#\\\/schema\\\/person\\\/ea97a60c723e21c923e2177f0f3163f7\",\"name\":\"Vanessa Franke\",\"image\":{\"@type\":\"ImageObject\",\"inLanguage\":\"pt-PT\",\"@id\":\"https:\\\/\\\/secure.gravatar.com\\\/avatar\\\/a9bcca3409928ccd3195eca11e2ccbb2e5d7c7912e9a945d4f326f81a0a5cb4a?s=96&d=mm&r=g\",\"url\":\"https:\\\/\\\/secure.gravatar.com\\\/avatar\\\/a9bcca3409928ccd3195eca11e2ccbb2e5d7c7912e9a945d4f326f81a0a5cb4a?s=96&d=mm&r=g\",\"contentUrl\":\"https:\\\/\\\/secure.gravatar.com\\\/avatar\\\/a9bcca3409928ccd3195eca11e2ccbb2e5d7c7912e9a945d4f326f81a0a5cb4a?s=96&d=mm&r=g\",\"caption\":\"Vanessa Franke\"},\"url\":\"https:\\\/\\\/schoenstatt.com\\\/pt-pt\\\/author\\\/vanessa-franke\\\/\"}]}<\/script>\n<!-- \/ Yoast SEO Premium plugin. -->","yoast_head_json":{"title":"Santu\u00e1rio em Bogot\u00e1: um sonho come\u00e7a a ser realidade","description":"A Fam\u00edlia de Schoenstatt j\u00e1 encontrou o lugar para seu futuro Santu\u00e1rio de Schoenstatt. Nesse mesmo local j\u00e1 se celebrou a primeira missa.","robots":{"index":"index","follow":"follow","max-snippet":"max-snippet:-1","max-image-preview":"max-image-preview:large","max-video-preview":"max-video-preview:-1"},"canonical":"https:\/\/schoenstatt.com\/pt-pt\/santuario-em-bogota-um-sonho-comeca-a-ser-realidade\/","og_locale":"pt_PT","og_type":"article","og_title":"Santu\u00e1rio em Bogot\u00e1: um sonho come\u00e7a a ser realidade","og_description":"A Fam\u00edlia de Schoenstatt j\u00e1 encontrou o lugar para seu futuro Santu\u00e1rio de Schoenstatt. Nesse mesmo local j\u00e1 se celebrou a primeira missa.","og_url":"https:\/\/schoenstatt.com\/pt-pt\/santuario-em-bogota-um-sonho-comeca-a-ser-realidade\/","og_site_name":"Schoenstatt","article_published_time":"2023-06-01T07:00:01+00:00","article_modified_time":"2025-05-15T23:43:40+00:00","og_image":[{"width":1024,"height":768,"url":"https:\/\/schoenstatt.com\/wp-content\/uploads\/2023\/05\/Represntantes-de-la-Familia-de-Schoenstatt-en-Bogota-2.jpeg","type":"image\/jpeg"}],"author":"Vanessa Franke","twitter_card":"summary_large_image","twitter_misc":{"Escrito por":"Vanessa Franke","Tempo estimado de leitura":"3 minutos"},"schema":{"@context":"https:\/\/schema.org","@graph":[{"@type":"Article","@id":"https:\/\/schoenstatt.com\/pt-pt\/santuario-em-bogota-um-sonho-comeca-a-ser-realidade\/#article","isPartOf":{"@id":"https:\/\/schoenstatt.com\/pt-pt\/santuario-em-bogota-um-sonho-comeca-a-ser-realidade\/"},"author":{"name":"Vanessa Franke","@id":"https:\/\/schoenstatt.com\/pt-pt\/#\/schema\/person\/ea97a60c723e21c923e2177f0f3163f7"},"headline":"Santu\u00e1rio em Bogot\u00e1: um sonho come\u00e7a a ser realidade","datePublished":"2023-06-01T07:00:01+00:00","dateModified":"2025-05-15T23:43:40+00:00","mainEntityOfPage":{"@id":"https:\/\/schoenstatt.com\/pt-pt\/santuario-em-bogota-um-sonho-comeca-a-ser-realidade\/"},"wordCount":516,"publisher":{"@id":"https:\/\/schoenstatt.com\/pt-pt\/#organization"},"image":{"@id":"https:\/\/schoenstatt.com\/pt-pt\/santuario-em-bogota-um-sonho-comeca-a-ser-realidade\/#primaryimage"},"thumbnailUrl":"https:\/\/schoenstatt.com\/wp-content\/uploads\/2023\/05\/Represntantes-de-la-Familia-de-Schoenstatt-en-Bogota-2.jpeg","articleSection":["Pa\u00edses"],"inLanguage":"pt-PT"},{"@type":"WebPage","@id":"https:\/\/schoenstatt.com\/pt-pt\/santuario-em-bogota-um-sonho-comeca-a-ser-realidade\/","url":"https:\/\/schoenstatt.com\/pt-pt\/santuario-em-bogota-um-sonho-comeca-a-ser-realidade\/","name":"Santu\u00e1rio em Bogot\u00e1: um sonho come\u00e7a a ser realidade","isPartOf":{"@id":"https:\/\/schoenstatt.com\/pt-pt\/#website"},"primaryImageOfPage":{"@id":"https:\/\/schoenstatt.com\/pt-pt\/santuario-em-bogota-um-sonho-comeca-a-ser-realidade\/#primaryimage"},"image":{"@id":"https:\/\/schoenstatt.com\/pt-pt\/santuario-em-bogota-um-sonho-comeca-a-ser-realidade\/#primaryimage"},"thumbnailUrl":"https:\/\/schoenstatt.com\/wp-content\/uploads\/2023\/05\/Represntantes-de-la-Familia-de-Schoenstatt-en-Bogota-2.jpeg","datePublished":"2023-06-01T07:00:01+00:00","dateModified":"2025-05-15T23:43:40+00:00","description":"A Fam\u00edlia de Schoenstatt j\u00e1 encontrou o lugar para seu futuro Santu\u00e1rio de Schoenstatt. Nesse mesmo local j\u00e1 se celebrou a primeira missa.","breadcrumb":{"@id":"https:\/\/schoenstatt.com\/pt-pt\/santuario-em-bogota-um-sonho-comeca-a-ser-realidade\/#breadcrumb"},"inLanguage":"pt-PT","potentialAction":[{"@type":"ReadAction","target":["https:\/\/schoenstatt.com\/pt-pt\/santuario-em-bogota-um-sonho-comeca-a-ser-realidade\/"]}]},{"@type":"ImageObject","inLanguage":"pt-PT","@id":"https:\/\/schoenstatt.com\/pt-pt\/santuario-em-bogota-um-sonho-comeca-a-ser-realidade\/#primaryimage","url":"https:\/\/schoenstatt.com\/wp-content\/uploads\/2023\/05\/Represntantes-de-la-Familia-de-Schoenstatt-en-Bogota-2.jpeg","contentUrl":"https:\/\/schoenstatt.com\/wp-content\/uploads\/2023\/05\/Represntantes-de-la-Familia-de-Schoenstatt-en-Bogota-2.jpeg","width":1024,"height":768,"caption":"Heiligtum in Bogot\u00e1"},{"@type":"BreadcrumbList","@id":"https:\/\/schoenstatt.com\/pt-pt\/santuario-em-bogota-um-sonho-comeca-a-ser-realidade\/#breadcrumb","itemListElement":[{"@type":"ListItem","position":1,"name":"Portada","item":"https:\/\/schoenstatt.com\/pt-pt\/home\/"},{"@type":"ListItem","position":2,"name":"Santu\u00e1rio em Bogot\u00e1: um sonho come\u00e7a a ser realidade"}]},{"@type":"WebSite","@id":"https:\/\/schoenstatt.com\/pt-pt\/#website","url":"https:\/\/schoenstatt.com\/pt-pt\/","name":"Schoenstatt","description":"Apostolic Movement","publisher":{"@id":"https:\/\/schoenstatt.com\/pt-pt\/#organization"},"potentialAction":[{"@type":"SearchAction","target":{"@type":"EntryPoint","urlTemplate":"https:\/\/schoenstatt.com\/pt-pt\/?s={search_term_string}"},"query-input":{"@type":"PropertyValueSpecification","valueRequired":true,"valueName":"search_term_string"}}],"inLanguage":"pt-PT"},{"@type":"Organization","@id":"https:\/\/schoenstatt.com\/pt-pt\/#organization","name":"Schoenstatt","url":"https:\/\/schoenstatt.com\/pt-pt\/","logo":{"@type":"ImageObject","inLanguage":"pt-PT","@id":"https:\/\/schoenstatt.com\/pt-pt\/#\/schema\/logo\/image\/","url":"https:\/\/schoenstatt.com\/wp-content\/uploads\/2025\/04\/logo-schoenstatt-white-696x696-1.png","contentUrl":"https:\/\/schoenstatt.com\/wp-content\/uploads\/2025\/04\/logo-schoenstatt-white-696x696-1.png","width":696,"height":694,"caption":"Schoenstatt"},"image":{"@id":"https:\/\/schoenstatt.com\/pt-pt\/#\/schema\/logo\/image\/"}},{"@type":"Person","@id":"https:\/\/schoenstatt.com\/pt-pt\/#\/schema\/person\/ea97a60c723e21c923e2177f0f3163f7","name":"Vanessa Franke","image":{"@type":"ImageObject","inLanguage":"pt-PT","@id":"https:\/\/secure.gravatar.com\/avatar\/a9bcca3409928ccd3195eca11e2ccbb2e5d7c7912e9a945d4f326f81a0a5cb4a?s=96&d=mm&r=g","url":"https:\/\/secure.gravatar.com\/avatar\/a9bcca3409928ccd3195eca11e2ccbb2e5d7c7912e9a945d4f326f81a0a5cb4a?s=96&d=mm&r=g","contentUrl":"https:\/\/secure.gravatar.com\/avatar\/a9bcca3409928ccd3195eca11e2ccbb2e5d7c7912e9a945d4f326f81a0a5cb4a?s=96&d=mm&r=g","caption":"Vanessa Franke"},"url":"https:\/\/schoenstatt.com\/pt-pt\/author\/vanessa-franke\/"}]}},"_links":{"self":[{"href":"https:\/\/schoenstatt.com\/pt-pt\/wp-json\/wp\/v2\/posts\/49289","targetHints":{"allow":["GET"]}}],"collection":[{"href":"https:\/\/schoenstatt.com\/pt-pt\/wp-json\/wp\/v2\/posts"}],"about":[{"href":"https:\/\/schoenstatt.com\/pt-pt\/wp-json\/wp\/v2\/types\/post"}],"author":[{"embeddable":true,"href":"https:\/\/schoenstatt.com\/pt-pt\/wp-json\/wp\/v2\/users\/6"}],"replies":[{"embeddable":true,"href":"https:\/\/schoenstatt.com\/pt-pt\/wp-json\/wp\/v2\/comments?post=49289"}],"version-history":[{"count":1,"href":"https:\/\/schoenstatt.com\/pt-pt\/wp-json\/wp\/v2\/posts\/49289\/revisions"}],"predecessor-version":[{"id":49315,"href":"https:\/\/schoenstatt.com\/pt-pt\/wp-json\/wp\/v2\/posts\/49289\/revisions\/49315"}],"wp:featuredmedia":[{"embeddable":true,"href":"https:\/\/schoenstatt.com\/pt-pt\/wp-json\/wp\/v2\/media\/30775"}],"wp:attachment":[{"href":"https:\/\/schoenstatt.com\/pt-pt\/wp-json\/wp\/v2\/media?parent=49289"}],"wp:term":[{"taxonomy":"category","embeddable":true,"href":"https:\/\/schoenstatt.com\/pt-pt\/wp-json\/wp\/v2\/categories?post=49289"},{"taxonomy":"post_tag","embeddable":true,"href":"https:\/\/schoenstatt.com\/pt-pt\/wp-json\/wp\/v2\/tags?post=49289"}],"curies":[{"name":"wp","href":"https:\/\/api.w.org\/{rel}","templated":true}]}}