{"id":49120,"date":"2023-07-13T17:41:48","date_gmt":"2023-07-13T15:41:48","guid":{"rendered":"https:\/\/schoenstattdev.wpenginepowered.com\/espiritualidade\/former-continental-coordinators-we-must-always-listen-to-the-youth\/"},"modified":"2025-05-16T02:51:44","modified_gmt":"2025-05-16T00:51:44","slug":"ex-coordenadores-continentais-temos-que-ouvir-sempre-a-juventude","status":"publish","type":"post","link":"https:\/\/schoenstatt.com\/pt-pt\/ex-coordenadores-continentais-temos-que-ouvir-sempre-a-juventude\/","title":{"rendered":"Ex-coordenadores continentais: &#8220;Temos que ouvir sempre a juventude!&#8221;"},"content":{"rendered":"<p>O Pe. Jos\u00e9 Luis Correa, chileno residente em San Jos\u00e9, Costa Rica, e a Ir. Mar\u00eda Auxiliadora Boh\u00f3rquez, equatoriana, residente em Guayaquil, foram, nos \u00faltimos anos, os coordenadores continentais do Movimento de Schoenstatt na Am\u00e9rica. Eles participaram do Congresso Internacional de Pentecostes em Schoenstatt, em junho de 2022, e t\u00eam uma vis\u00e3o ampla do Movimento na Am\u00e9rica e al\u00e9m.<\/p>\n<p><a href=\"https:\/\/schoenstattdev.wpenginepowered.com\/pt-pt\/paises-pt\/america-novos-coordenadores-continentais\/\" target=\"_blank\" rel=\"noopener\">Acaba de chegar ao fim sua miss\u00e3o<\/a> sob essa responsabilidade. Por nomea\u00e7\u00e3o da Presid\u00eancia Geral de Schoenstatt, desde junho os novos coordenadores continentais s\u00e3o a Ir. M. Kathia Mart\u00ednez, do Paraguai, que mora em Assun\u00e7\u00e3o, e o Pe. Felipe R\u00edos, do Chile, que mora em Guayaquil.<\/p>\n<p>Entrevistamos a Ir. Mar\u00eda Auxiliadora e o Pe. Jos\u00e9 Luis, para conhecer suas vis\u00f5es e perspectivas sobre o Movimento de Schoenstatt na Am\u00e9rica.<\/p>\n<h2>Ap\u00f3s oito anos da cria\u00e7\u00e3o de uma Coordena\u00e7\u00e3o Continental, como analisam essa experi\u00eancia para a Fam\u00edlia de Schoenstatt da Am\u00e9rica?<\/h2>\n<p><strong>PJL:<\/strong> Acredito que foi um caso not\u00e1vel, j\u00e1 que se trata de algo nascido a partir do jubileu de 2014 e do I Congresso de Pentecostes, de 2015, em um processo de reflex\u00e3o e consulta, estudo e di\u00e1logo internacional que vinha ocorrendo anteriormente.<\/p>\n<p>Tamb\u00e9m porque \u00e9, at\u00e9 agora, o \u00fanico continente que tem formalmente uma Coordena\u00e7\u00e3o do Movimento. Tem sido uma experi\u00eancia de conhecer, valorizar e aprender com a realidade t\u00e3o diferenciada do Movimento no continente, assim como contribuir para a integra\u00e7\u00e3o de todos os pa\u00edses onde Schoenstatt est\u00e1 presente.<strong><br \/>\n<\/strong><\/p>\n<h3>Que import\u00e2ncia acreditam que teve o Congresso de Pentecostes para Schoenstatt na Am\u00e9rica?<\/h3>\n<p><strong>IMA:<\/strong> A Coordena\u00e7\u00e3o Internacional abriu as portas para que contribu\u00edssemos, somos gratos por isso. A Am\u00e9rica teve muitos e bons representantes. Al\u00e9m disso, a <strong>voz do congresso<\/strong> animou o nosso Congresso de Fam\u00edlias, o <a href=\"https:\/\/ciofparaguay.com\/inicio-portugues\/\" target=\"_blank\" rel=\"noopener\">CIOF<\/a> (Paraguai, maio de 2023). Confio que servir\u00e1 de inspira\u00e7\u00e3o para o Congresso de Empres\u00e1rios, em novembro de 2023, o <a href=\"https:\/\/cieesinternacional.org\/\" target=\"_blank\" rel=\"noopener\">CIEES<\/a>. <strong>O desafio \u201cvoc\u00eas s\u00e3o minha carta\u201d ressoa<\/strong> nos ramos e comunidades como um novo estar em sa\u00edda.<\/p>\n<p>&nbsp;<\/p>\n<p><img fetchpriority=\"high\" decoding=\"async\" class=\"wp-image-31300 aligncenter\" src=\"https:\/\/schoenstatt.com\/wp-content\/uploads\/2023\/07\/Hna-Maria-Auxiliadora-Schoenstatt-1.png\" alt=\"Excoordinadores continentales: \u201cTenemos que o\u00edr siempre a la juventud!\u201d\" width=\"558\" height=\"557\" \/><\/p>\n<h3>E para Schoenstatt internacionalmente?<\/h3>\n<p><strong>IMA:<\/strong> Parece-me que <strong>experimentamos ser um s\u00f3 cora\u00e7\u00e3o<\/strong>&#8230; ou estar a caminho disso. Em meio ao calor da causa Kentenich, a Fam\u00edlia o confrontou. E se sentiu serena e segura no carisma e na pessoa do nosso Fundador. Havia um desejo de alcan\u00e7ar uma <strong>perspectiva mais ampla<\/strong> e que a Alian\u00e7a chegasse a todos. Assumimos tamb\u00e9m os nossos <strong>limites<\/strong> e a necessidade de apoiar mais a juventude. E levar nossa miss\u00e3o para a <strong>\u00c1sia, \u00c1frica, Austr\u00e1lia<\/strong>.<\/p>\n<h3>O que significa sinodalidade para Schoenstatt a partir do pensamento de nosso Pai e Fundador?<\/h3>\n<p><strong>PJL:<\/strong> Vejo isso intimamente relacionado com o que n\u00f3s, em Schoenstatt, chamamos e tentamos praticar, que \u00e9 a federatividade, com esse caminhar juntos, dialogar, etc., na linha do que o Papa Francisco expressa em <em>Amoris Laetitia<\/em> e em outros de seus documentos fundamentais.<\/p>\n<p><img decoding=\"async\" class=\"wp-image-31304  aligncenter\" src=\"https:\/\/schoenstatt.com\/wp-content\/uploads\/2023\/07\/P-Jose-Luis-Correa-Schoenstatt-1.png\" alt=\"Excoordinadores continentales: \u201cTenemos que o\u00edr siempre a la juventud!\u201d\" width=\"563\" height=\"675\" \/><\/p>\n<h3>Que pontos cruciais veem, na sociedade e na Igreja do continente, onde Schoenstatt deveria ter uma presen\u00e7a maior?<\/h3>\n<p><strong>IMA:<\/strong> Parece-me que dever\u00edamos alcan\u00e7ar uma presen\u00e7a mais fluida nas<strong> par\u00f3quias<\/strong> e servir mais nas <strong>pastorais<\/strong>. Precisamos influenciar mais a <strong>vida civil e pol\u00edtica<\/strong>, por mais desafiadora que seja. E temos que alcan\u00e7ar mais e melhor as <strong>pessoas e os grupos vulner\u00e1veis<\/strong>.<\/p>\n<h3>Onde se v\u00ea que o Movimento toca melhor as bases do povo na Am\u00e9rica? Em que fatos, circunst\u00e2ncias?<\/h3>\n<p><strong>PJL:<\/strong> Ousaria dizer que a Campanha da M\u00e3e Peregrina \u00e9 uma forma concreta e frut\u00edfera de tocar \u201ca base do povo\u201d no continente. Ou mesmo a corrente dos Madrugadores (no Brasil, o Ter\u00e7o dos Homens). Incluo nisso, tamb\u00e9m, a enorme quantidade de obras sociais que Schoenstatt tem no continente, por exemplo, Mar\u00eda Ayuda, Dequeni, etc. Na mesma linha, acredito que as contribui\u00e7\u00f5es para a educa\u00e7\u00e3o, por meio da rede de col\u00e9gios de Schoenstatt, nos quais se aplica a pedagogia kentenichiana, s\u00e3o muito valiosas e importantes.<\/p>\n<p>O CIEES e a Rede de Schoenstattianos no servi\u00e7o p\u00fablico tamb\u00e9m trazem contribui\u00e7\u00f5es valiosas para as mudan\u00e7as que devem ocorrer na sociedade, no sentido da miss\u00e3o de renova\u00e7\u00e3o e transforma\u00e7\u00e3o do mundo.<\/p>\n<h3><img decoding=\"async\" class=\"aligncenter wp-image-31312 \" src=\"https:\/\/schoenstatt.com\/wp-content\/uploads\/2023\/07\/Pe-Jose-Luis-y-Hna-Maria-Auxiliadora-Schoenstatt-2-1.jpg\" alt=\"Excoordinadores continentales: \u201cTenemos que o\u00edr siempre a la juventud!\u201d\" width=\"506\" height=\"675\" \/><\/h3>\n<h3>Veem em Schoenstatt na Am\u00e9rica um esp\u00edrito prof\u00e9tico, para traduzir a pedagogia do Pe. Kentenich \u00e0s exig\u00eancias da \u00e9poca?<\/h3>\n<p><strong>IMA:<\/strong> Acredito que estamos nesse caminho. Isso se percebe no <strong>florescimento<\/strong> de Schoenstatt. A vida brota fresca e poderosa em v\u00e1rios pa\u00edses, enfrentando \u2013 n\u00e3o sem lutas \u2013 correntes adversas. H\u00e1 um esfor\u00e7o para penetrar corajosamente na educa\u00e7\u00e3o, nos neg\u00f3cios e na ordem social. Para chegar \u00e0s fam\u00edlias, tamb\u00e9m aquelas n\u00e3o unidas pelo sacramento. Ainda temos muito a &#8220;traduzir&#8221; para a linguagem de hoje!<\/p>\n<h3>Qual \u00e9 a rela\u00e7\u00e3o da Igreja, dos bispos, com Schoenstatt, em geral?<\/h3>\n<p><strong>PJL:<\/strong> Acho que, em geral, o Movimento \u00e9 bastante conhecido e valorizado pelo episcopado americano. Muitos bispos sabem que contam com Schoenstatt em diversas \u00e1reas pastorais, em especial na pastoral familiar. Apreciam as contribui\u00e7\u00f5es feitas na forma\u00e7\u00e3o inicial e permanente do clero, bem como o papel dos Santu\u00e1rios como centros de espiritualidade e envio apost\u00f3lico.<\/p>\n<h3>Qual sua opini\u00e3o sobre a contribui\u00e7\u00e3o dos jovens no Congresso de Pentecostes, em junho de 2022, com os l\u00edderes internacionais de Schoenstatt?<\/h3>\n<p><strong>IMA:<\/strong> Os jovens fizeram-se ouvir, sua contribui\u00e7\u00e3o foi muito valiosa. Creio que eles mostraram o muito que podem. Fizeram-nos ver que precisam mais de n\u00f3s. <strong>Sua voz deve permanecer sendo potente.<\/strong> Temos que <strong>abrir mais portas<\/strong> para eles em cada Fam\u00edlia local, para que estejam ativos e presentes. Dar-lhes um papel em nossos encontros: que estes n\u00e3o sejam s\u00f3 &#8220;para adultos&#8221;, mas tamb\u00e9m resposta para eles. <strong>Ouvi-los mais, ouvi-los sempre.<\/strong><\/p>\n<p><img loading=\"lazy\" decoding=\"async\" class=\"wp-image-31308 aligncenter\" src=\"https:\/\/schoenstatt.com\/wp-content\/uploads\/2023\/07\/Pe-Jose-Luis-Correa-Schoenstatt-1.jpg\" alt=\"Excoordinadores continentales: \u201cTenemos que o\u00edr siempre a la juventud!\u201d\" width=\"652\" height=\"387\" \/><\/p>\n<h3>Como se desenvolveu o trabalho em equipe com a Coordena\u00e7\u00e3o Internacional?<\/h3>\n<p><strong>PJL:<\/strong> Com jornadas presenciais anuais e com o apoio de um casal, primeiro os Marini (Paraguai) e depois os Guti\u00e9rrez Rosabal (Costa Rica). Tamb\u00e9m com reuni\u00f5es virtuais e com a incorpora\u00e7\u00e3o dos Diretoras\/Assessores Nacionais do Movimento e das Irm\u00e3s de Maria respons\u00e1veis \u200b\u200bpelas Irm\u00e3s assessoras de cada pa\u00eds (as Din\u00e2micas).<\/p>\n<p>Muito valioso tamb\u00e9m foi o trabalho em contato permanente com a Coordena\u00e7\u00e3o Internacional, principalmente na prepara\u00e7\u00e3o e condu\u00e7\u00e3o do Congresso de Pentecostes de 2022, pelo qual estou profundamente grato.<\/p>\n<h3>Como percebem o interesse dos Diretores Nacionais, Presid\u00eancias Nacionais e Centrais de Assessores em trabalhar como equipe?<\/h3>\n<p><strong>PJL:<\/strong> A n\u00edvel das Dire\u00e7\u00f5es Nacionais e das Centrais Nacionais de Assessores, percebo um grande interesse e necessidade de trabalhar em equipe, de criar espa\u00e7os para uma maior troca de experi\u00eancias, materiais, etc., bem como poder abordar temas comuns na maioria ou em todos os pa\u00edses.<\/p>\n<h3>Que mensagem deixariam \u00e0 Ir. M. Kathia Mart\u00ednez e ao Pe. Felipe R\u00edos, que foram recentemente nomeados os novos Coordenadores Continentais na Am\u00e9rica?<\/h3>\n<p><strong>IMA:<\/strong> Obrigada por continuar esta grande tarefa! Sigam ajudando para <strong>que o tesouro da Alian\u00e7a do Amor chegue a todos os confins<\/strong>. Ver\u00e3o sua miss\u00e3o fluir com a ajuda divina e em equipe. J\u00e1 temos uma rede entre n\u00f3s, com casais, assessores da juventude e outros. \u00c9 a chave!<\/p>\n<p>Desejamos aos dois que tenham uma contribui\u00e7\u00e3o jovem na Coordena\u00e7\u00e3o, para enfrentar junto deles o desafio urgente das voca\u00e7\u00f5es e da juventude. E seguir apoiando cada pa\u00eds no que eles necessitam. Voc\u00eas s\u00e3o agora a nossa carta. N\u00f3s os acompanhamos!<\/p>\n","protected":false},"excerpt":{"rendered":"<p>Ap\u00f3s um per\u00edodo muito frut\u00edfero como coordenadores continentais na Am\u00e9rica, Pe. Jos\u00e9 Luis Correa e Ir. Mar\u00eda Auxiliadora Boh\u00f3rquez falam, em entrevista, sobre v\u00e1rios temas relacionados com a miss\u00e3o do Movimento no continente<\/p>\n","protected":false},"author":3,"featured_media":31315,"comment_status":"closed","ping_status":"closed","sticky":false,"template":"","format":"standard","meta":{"footnotes":""},"categories":[869,912],"tags":[],"class_list":["post-49120","post","type-post","status-publish","format-standard","has-post-thumbnail","hentry","category-paises-pt-pt","category-sociedade-pt-pt"],"yoast_head":"<!-- This site is optimized with the Yoast SEO Premium plugin v27.4 (Yoast SEO v27.4) - https:\/\/yoast.com\/product\/yoast-seo-premium-wordpress\/ -->\n<title>Ex-coordenadores continentais: &quot;Temos que ouvir sempre a juventude!&quot;<\/title>\n<meta name=\"description\" content=\"Leia a entrevista com Ir. Maria Auxiliadora Boh\u00f3rquez e Pe. Jos\u00e9 Luis Correa, ex-coordenadores continentais de Schoenstatt na Am\u00e9rica\" \/>\n<meta name=\"robots\" content=\"index, follow, max-snippet:-1, max-image-preview:large, max-video-preview:-1\" \/>\n<link rel=\"canonical\" href=\"https:\/\/schoenstatt.com\/pt-pt\/ex-coordenadores-continentais-temos-que-ouvir-sempre-a-juventude\/\" \/>\n<meta property=\"og:locale\" content=\"pt_PT\" \/>\n<meta property=\"og:type\" content=\"article\" \/>\n<meta property=\"og:title\" content=\"Ex-coordenadores continentais: &quot;Temos que ouvir sempre a juventude!&quot;\" \/>\n<meta property=\"og:description\" content=\"Leia a entrevista com Ir. Maria Auxiliadora Boh\u00f3rquez e Pe. Jos\u00e9 Luis Correa, ex-coordenadores continentais de Schoenstatt na Am\u00e9rica\" \/>\n<meta property=\"og:url\" content=\"https:\/\/schoenstatt.com\/pt-pt\/ex-coordenadores-continentais-temos-que-ouvir-sempre-a-juventude\/\" \/>\n<meta property=\"og:site_name\" content=\"Schoenstatt\" \/>\n<meta property=\"article:published_time\" content=\"2023-07-13T15:41:48+00:00\" \/>\n<meta property=\"article:modified_time\" content=\"2025-05-16T00:51:44+00:00\" \/>\n<meta property=\"og:image\" content=\"https:\/\/schoenstatt.com\/wp-content\/uploads\/2023\/07\/Pe-Jose-Luis-y-Hna-Maria-Auxiliadora-Schoenstatt-1.jpg\" \/>\n\t<meta property=\"og:image:width\" content=\"1168\" \/>\n\t<meta property=\"og:image:height\" content=\"812\" \/>\n\t<meta property=\"og:image:type\" content=\"image\/jpeg\" \/>\n<meta name=\"author\" content=\"Karen Bueno\" \/>\n<meta name=\"twitter:card\" content=\"summary_large_image\" \/>\n<meta name=\"twitter:label1\" content=\"Escrito por\" \/>\n\t<meta name=\"twitter:data1\" content=\"Karen Bueno\" \/>\n\t<meta name=\"twitter:label2\" content=\"Tempo estimado de leitura\" \/>\n\t<meta name=\"twitter:data2\" content=\"6 minutos\" \/>\n<script type=\"application\/ld+json\" class=\"yoast-schema-graph\">{\"@context\":\"https:\\\/\\\/schema.org\",\"@graph\":[{\"@type\":\"Article\",\"@id\":\"https:\\\/\\\/schoenstatt.com\\\/pt-pt\\\/ex-coordenadores-continentais-temos-que-ouvir-sempre-a-juventude\\\/#article\",\"isPartOf\":{\"@id\":\"https:\\\/\\\/schoenstatt.com\\\/pt-pt\\\/ex-coordenadores-continentais-temos-que-ouvir-sempre-a-juventude\\\/\"},\"author\":{\"name\":\"Karen Bueno\",\"@id\":\"https:\\\/\\\/schoenstatt.com\\\/pt-pt\\\/#\\\/schema\\\/person\\\/5158877ad4acae98b34daaeef2a1ce6e\"},\"headline\":\"Ex-coordenadores continentais: &#8220;Temos que ouvir sempre a juventude!&#8221;\",\"datePublished\":\"2023-07-13T15:41:48+00:00\",\"dateModified\":\"2025-05-16T00:51:44+00:00\",\"mainEntityOfPage\":{\"@id\":\"https:\\\/\\\/schoenstatt.com\\\/pt-pt\\\/ex-coordenadores-continentais-temos-que-ouvir-sempre-a-juventude\\\/\"},\"wordCount\":1296,\"publisher\":{\"@id\":\"https:\\\/\\\/schoenstatt.com\\\/pt-pt\\\/#organization\"},\"image\":{\"@id\":\"https:\\\/\\\/schoenstatt.com\\\/pt-pt\\\/ex-coordenadores-continentais-temos-que-ouvir-sempre-a-juventude\\\/#primaryimage\"},\"thumbnailUrl\":\"https:\\\/\\\/schoenstatt.com\\\/wp-content\\\/uploads\\\/2023\\\/07\\\/Pe-Jose-Luis-y-Hna-Maria-Auxiliadora-Schoenstatt-1.jpg\",\"articleSection\":[\"Pa\u00edses\",\"Sociedade\"],\"inLanguage\":\"pt-PT\"},{\"@type\":\"WebPage\",\"@id\":\"https:\\\/\\\/schoenstatt.com\\\/pt-pt\\\/ex-coordenadores-continentais-temos-que-ouvir-sempre-a-juventude\\\/\",\"url\":\"https:\\\/\\\/schoenstatt.com\\\/pt-pt\\\/ex-coordenadores-continentais-temos-que-ouvir-sempre-a-juventude\\\/\",\"name\":\"Ex-coordenadores continentais: \\\"Temos que ouvir sempre a juventude!\\\"\",\"isPartOf\":{\"@id\":\"https:\\\/\\\/schoenstatt.com\\\/pt-pt\\\/#website\"},\"primaryImageOfPage\":{\"@id\":\"https:\\\/\\\/schoenstatt.com\\\/pt-pt\\\/ex-coordenadores-continentais-temos-que-ouvir-sempre-a-juventude\\\/#primaryimage\"},\"image\":{\"@id\":\"https:\\\/\\\/schoenstatt.com\\\/pt-pt\\\/ex-coordenadores-continentais-temos-que-ouvir-sempre-a-juventude\\\/#primaryimage\"},\"thumbnailUrl\":\"https:\\\/\\\/schoenstatt.com\\\/wp-content\\\/uploads\\\/2023\\\/07\\\/Pe-Jose-Luis-y-Hna-Maria-Auxiliadora-Schoenstatt-1.jpg\",\"datePublished\":\"2023-07-13T15:41:48+00:00\",\"dateModified\":\"2025-05-16T00:51:44+00:00\",\"description\":\"Leia a entrevista com Ir. Maria Auxiliadora Boh\u00f3rquez e Pe. Jos\u00e9 Luis Correa, ex-coordenadores continentais de Schoenstatt na Am\u00e9rica\",\"breadcrumb\":{\"@id\":\"https:\\\/\\\/schoenstatt.com\\\/pt-pt\\\/ex-coordenadores-continentais-temos-que-ouvir-sempre-a-juventude\\\/#breadcrumb\"},\"inLanguage\":\"pt-PT\",\"potentialAction\":[{\"@type\":\"ReadAction\",\"target\":[\"https:\\\/\\\/schoenstatt.com\\\/pt-pt\\\/ex-coordenadores-continentais-temos-que-ouvir-sempre-a-juventude\\\/\"]}]},{\"@type\":\"ImageObject\",\"inLanguage\":\"pt-PT\",\"@id\":\"https:\\\/\\\/schoenstatt.com\\\/pt-pt\\\/ex-coordenadores-continentais-temos-que-ouvir-sempre-a-juventude\\\/#primaryimage\",\"url\":\"https:\\\/\\\/schoenstatt.com\\\/wp-content\\\/uploads\\\/2023\\\/07\\\/Pe-Jose-Luis-y-Hna-Maria-Auxiliadora-Schoenstatt-1.jpg\",\"contentUrl\":\"https:\\\/\\\/schoenstatt.com\\\/wp-content\\\/uploads\\\/2023\\\/07\\\/Pe-Jose-Luis-y-Hna-Maria-Auxiliadora-Schoenstatt-1.jpg\",\"width\":1168,\"height\":812,\"caption\":\"Excoordinadores continentales: \u201cTenemos que o\u00edr siempre a la juventud!\u201d\"},{\"@type\":\"BreadcrumbList\",\"@id\":\"https:\\\/\\\/schoenstatt.com\\\/pt-pt\\\/ex-coordenadores-continentais-temos-que-ouvir-sempre-a-juventude\\\/#breadcrumb\",\"itemListElement\":[{\"@type\":\"ListItem\",\"position\":1,\"name\":\"Portada\",\"item\":\"https:\\\/\\\/schoenstatt.com\\\/pt-pt\\\/home\\\/\"},{\"@type\":\"ListItem\",\"position\":2,\"name\":\"Ex-coordenadores continentais: \u00abTemos que ouvir sempre a juventude!\u00bb\"}]},{\"@type\":\"WebSite\",\"@id\":\"https:\\\/\\\/schoenstatt.com\\\/pt-pt\\\/#website\",\"url\":\"https:\\\/\\\/schoenstatt.com\\\/pt-pt\\\/\",\"name\":\"Schoenstatt\",\"description\":\"Apostolic Movement\",\"publisher\":{\"@id\":\"https:\\\/\\\/schoenstatt.com\\\/pt-pt\\\/#organization\"},\"potentialAction\":[{\"@type\":\"SearchAction\",\"target\":{\"@type\":\"EntryPoint\",\"urlTemplate\":\"https:\\\/\\\/schoenstatt.com\\\/pt-pt\\\/?s={search_term_string}\"},\"query-input\":{\"@type\":\"PropertyValueSpecification\",\"valueRequired\":true,\"valueName\":\"search_term_string\"}}],\"inLanguage\":\"pt-PT\"},{\"@type\":\"Organization\",\"@id\":\"https:\\\/\\\/schoenstatt.com\\\/pt-pt\\\/#organization\",\"name\":\"Schoenstatt\",\"url\":\"https:\\\/\\\/schoenstatt.com\\\/pt-pt\\\/\",\"logo\":{\"@type\":\"ImageObject\",\"inLanguage\":\"pt-PT\",\"@id\":\"https:\\\/\\\/schoenstatt.com\\\/pt-pt\\\/#\\\/schema\\\/logo\\\/image\\\/\",\"url\":\"https:\\\/\\\/schoenstatt.com\\\/wp-content\\\/uploads\\\/2025\\\/04\\\/logo-schoenstatt-white-696x696-1.png\",\"contentUrl\":\"https:\\\/\\\/schoenstatt.com\\\/wp-content\\\/uploads\\\/2025\\\/04\\\/logo-schoenstatt-white-696x696-1.png\",\"width\":696,\"height\":694,\"caption\":\"Schoenstatt\"},\"image\":{\"@id\":\"https:\\\/\\\/schoenstatt.com\\\/pt-pt\\\/#\\\/schema\\\/logo\\\/image\\\/\"}},{\"@type\":\"Person\",\"@id\":\"https:\\\/\\\/schoenstatt.com\\\/pt-pt\\\/#\\\/schema\\\/person\\\/5158877ad4acae98b34daaeef2a1ce6e\",\"name\":\"Karen Bueno\",\"image\":{\"@type\":\"ImageObject\",\"inLanguage\":\"pt-PT\",\"@id\":\"https:\\\/\\\/secure.gravatar.com\\\/avatar\\\/f9f4b823873154269d2b2130f195f6d41037dd0d7fc5f3cacb5c846bae70d66b?s=96&d=mm&r=g\",\"url\":\"https:\\\/\\\/secure.gravatar.com\\\/avatar\\\/f9f4b823873154269d2b2130f195f6d41037dd0d7fc5f3cacb5c846bae70d66b?s=96&d=mm&r=g\",\"contentUrl\":\"https:\\\/\\\/secure.gravatar.com\\\/avatar\\\/f9f4b823873154269d2b2130f195f6d41037dd0d7fc5f3cacb5c846bae70d66b?s=96&d=mm&r=g\",\"caption\":\"Karen Bueno\"},\"url\":\"https:\\\/\\\/schoenstatt.com\\\/pt-pt\\\/author\\\/karen-bueno\\\/\"}]}<\/script>\n<!-- \/ Yoast SEO Premium plugin. -->","yoast_head_json":{"title":"Ex-coordenadores continentais: \"Temos que ouvir sempre a juventude!\"","description":"Leia a entrevista com Ir. Maria Auxiliadora Boh\u00f3rquez e Pe. Jos\u00e9 Luis Correa, ex-coordenadores continentais de Schoenstatt na Am\u00e9rica","robots":{"index":"index","follow":"follow","max-snippet":"max-snippet:-1","max-image-preview":"max-image-preview:large","max-video-preview":"max-video-preview:-1"},"canonical":"https:\/\/schoenstatt.com\/pt-pt\/ex-coordenadores-continentais-temos-que-ouvir-sempre-a-juventude\/","og_locale":"pt_PT","og_type":"article","og_title":"Ex-coordenadores continentais: \"Temos que ouvir sempre a juventude!\"","og_description":"Leia a entrevista com Ir. Maria Auxiliadora Boh\u00f3rquez e Pe. Jos\u00e9 Luis Correa, ex-coordenadores continentais de Schoenstatt na Am\u00e9rica","og_url":"https:\/\/schoenstatt.com\/pt-pt\/ex-coordenadores-continentais-temos-que-ouvir-sempre-a-juventude\/","og_site_name":"Schoenstatt","article_published_time":"2023-07-13T15:41:48+00:00","article_modified_time":"2025-05-16T00:51:44+00:00","og_image":[{"width":1168,"height":812,"url":"https:\/\/schoenstatt.com\/wp-content\/uploads\/2023\/07\/Pe-Jose-Luis-y-Hna-Maria-Auxiliadora-Schoenstatt-1.jpg","type":"image\/jpeg"}],"author":"Karen Bueno","twitter_card":"summary_large_image","twitter_misc":{"Escrito por":"Karen Bueno","Tempo estimado de leitura":"6 minutos"},"schema":{"@context":"https:\/\/schema.org","@graph":[{"@type":"Article","@id":"https:\/\/schoenstatt.com\/pt-pt\/ex-coordenadores-continentais-temos-que-ouvir-sempre-a-juventude\/#article","isPartOf":{"@id":"https:\/\/schoenstatt.com\/pt-pt\/ex-coordenadores-continentais-temos-que-ouvir-sempre-a-juventude\/"},"author":{"name":"Karen Bueno","@id":"https:\/\/schoenstatt.com\/pt-pt\/#\/schema\/person\/5158877ad4acae98b34daaeef2a1ce6e"},"headline":"Ex-coordenadores continentais: &#8220;Temos que ouvir sempre a juventude!&#8221;","datePublished":"2023-07-13T15:41:48+00:00","dateModified":"2025-05-16T00:51:44+00:00","mainEntityOfPage":{"@id":"https:\/\/schoenstatt.com\/pt-pt\/ex-coordenadores-continentais-temos-que-ouvir-sempre-a-juventude\/"},"wordCount":1296,"publisher":{"@id":"https:\/\/schoenstatt.com\/pt-pt\/#organization"},"image":{"@id":"https:\/\/schoenstatt.com\/pt-pt\/ex-coordenadores-continentais-temos-que-ouvir-sempre-a-juventude\/#primaryimage"},"thumbnailUrl":"https:\/\/schoenstatt.com\/wp-content\/uploads\/2023\/07\/Pe-Jose-Luis-y-Hna-Maria-Auxiliadora-Schoenstatt-1.jpg","articleSection":["Pa\u00edses","Sociedade"],"inLanguage":"pt-PT"},{"@type":"WebPage","@id":"https:\/\/schoenstatt.com\/pt-pt\/ex-coordenadores-continentais-temos-que-ouvir-sempre-a-juventude\/","url":"https:\/\/schoenstatt.com\/pt-pt\/ex-coordenadores-continentais-temos-que-ouvir-sempre-a-juventude\/","name":"Ex-coordenadores continentais: \"Temos que ouvir sempre a juventude!\"","isPartOf":{"@id":"https:\/\/schoenstatt.com\/pt-pt\/#website"},"primaryImageOfPage":{"@id":"https:\/\/schoenstatt.com\/pt-pt\/ex-coordenadores-continentais-temos-que-ouvir-sempre-a-juventude\/#primaryimage"},"image":{"@id":"https:\/\/schoenstatt.com\/pt-pt\/ex-coordenadores-continentais-temos-que-ouvir-sempre-a-juventude\/#primaryimage"},"thumbnailUrl":"https:\/\/schoenstatt.com\/wp-content\/uploads\/2023\/07\/Pe-Jose-Luis-y-Hna-Maria-Auxiliadora-Schoenstatt-1.jpg","datePublished":"2023-07-13T15:41:48+00:00","dateModified":"2025-05-16T00:51:44+00:00","description":"Leia a entrevista com Ir. Maria Auxiliadora Boh\u00f3rquez e Pe. Jos\u00e9 Luis Correa, ex-coordenadores continentais de Schoenstatt na Am\u00e9rica","breadcrumb":{"@id":"https:\/\/schoenstatt.com\/pt-pt\/ex-coordenadores-continentais-temos-que-ouvir-sempre-a-juventude\/#breadcrumb"},"inLanguage":"pt-PT","potentialAction":[{"@type":"ReadAction","target":["https:\/\/schoenstatt.com\/pt-pt\/ex-coordenadores-continentais-temos-que-ouvir-sempre-a-juventude\/"]}]},{"@type":"ImageObject","inLanguage":"pt-PT","@id":"https:\/\/schoenstatt.com\/pt-pt\/ex-coordenadores-continentais-temos-que-ouvir-sempre-a-juventude\/#primaryimage","url":"https:\/\/schoenstatt.com\/wp-content\/uploads\/2023\/07\/Pe-Jose-Luis-y-Hna-Maria-Auxiliadora-Schoenstatt-1.jpg","contentUrl":"https:\/\/schoenstatt.com\/wp-content\/uploads\/2023\/07\/Pe-Jose-Luis-y-Hna-Maria-Auxiliadora-Schoenstatt-1.jpg","width":1168,"height":812,"caption":"Excoordinadores continentales: \u201cTenemos que o\u00edr siempre a la juventud!\u201d"},{"@type":"BreadcrumbList","@id":"https:\/\/schoenstatt.com\/pt-pt\/ex-coordenadores-continentais-temos-que-ouvir-sempre-a-juventude\/#breadcrumb","itemListElement":[{"@type":"ListItem","position":1,"name":"Portada","item":"https:\/\/schoenstatt.com\/pt-pt\/home\/"},{"@type":"ListItem","position":2,"name":"Ex-coordenadores continentais: \u00abTemos que ouvir sempre a juventude!\u00bb"}]},{"@type":"WebSite","@id":"https:\/\/schoenstatt.com\/pt-pt\/#website","url":"https:\/\/schoenstatt.com\/pt-pt\/","name":"Schoenstatt","description":"Apostolic Movement","publisher":{"@id":"https:\/\/schoenstatt.com\/pt-pt\/#organization"},"potentialAction":[{"@type":"SearchAction","target":{"@type":"EntryPoint","urlTemplate":"https:\/\/schoenstatt.com\/pt-pt\/?s={search_term_string}"},"query-input":{"@type":"PropertyValueSpecification","valueRequired":true,"valueName":"search_term_string"}}],"inLanguage":"pt-PT"},{"@type":"Organization","@id":"https:\/\/schoenstatt.com\/pt-pt\/#organization","name":"Schoenstatt","url":"https:\/\/schoenstatt.com\/pt-pt\/","logo":{"@type":"ImageObject","inLanguage":"pt-PT","@id":"https:\/\/schoenstatt.com\/pt-pt\/#\/schema\/logo\/image\/","url":"https:\/\/schoenstatt.com\/wp-content\/uploads\/2025\/04\/logo-schoenstatt-white-696x696-1.png","contentUrl":"https:\/\/schoenstatt.com\/wp-content\/uploads\/2025\/04\/logo-schoenstatt-white-696x696-1.png","width":696,"height":694,"caption":"Schoenstatt"},"image":{"@id":"https:\/\/schoenstatt.com\/pt-pt\/#\/schema\/logo\/image\/"}},{"@type":"Person","@id":"https:\/\/schoenstatt.com\/pt-pt\/#\/schema\/person\/5158877ad4acae98b34daaeef2a1ce6e","name":"Karen Bueno","image":{"@type":"ImageObject","inLanguage":"pt-PT","@id":"https:\/\/secure.gravatar.com\/avatar\/f9f4b823873154269d2b2130f195f6d41037dd0d7fc5f3cacb5c846bae70d66b?s=96&d=mm&r=g","url":"https:\/\/secure.gravatar.com\/avatar\/f9f4b823873154269d2b2130f195f6d41037dd0d7fc5f3cacb5c846bae70d66b?s=96&d=mm&r=g","contentUrl":"https:\/\/secure.gravatar.com\/avatar\/f9f4b823873154269d2b2130f195f6d41037dd0d7fc5f3cacb5c846bae70d66b?s=96&d=mm&r=g","caption":"Karen Bueno"},"url":"https:\/\/schoenstatt.com\/pt-pt\/author\/karen-bueno\/"}]}},"_links":{"self":[{"href":"https:\/\/schoenstatt.com\/pt-pt\/wp-json\/wp\/v2\/posts\/49120","targetHints":{"allow":["GET"]}}],"collection":[{"href":"https:\/\/schoenstatt.com\/pt-pt\/wp-json\/wp\/v2\/posts"}],"about":[{"href":"https:\/\/schoenstatt.com\/pt-pt\/wp-json\/wp\/v2\/types\/post"}],"author":[{"embeddable":true,"href":"https:\/\/schoenstatt.com\/pt-pt\/wp-json\/wp\/v2\/users\/3"}],"replies":[{"embeddable":true,"href":"https:\/\/schoenstatt.com\/pt-pt\/wp-json\/wp\/v2\/comments?post=49120"}],"version-history":[{"count":1,"href":"https:\/\/schoenstatt.com\/pt-pt\/wp-json\/wp\/v2\/posts\/49120\/revisions"}],"predecessor-version":[{"id":49188,"href":"https:\/\/schoenstatt.com\/pt-pt\/wp-json\/wp\/v2\/posts\/49120\/revisions\/49188"}],"wp:featuredmedia":[{"embeddable":true,"href":"https:\/\/schoenstatt.com\/pt-pt\/wp-json\/wp\/v2\/media\/31315"}],"wp:attachment":[{"href":"https:\/\/schoenstatt.com\/pt-pt\/wp-json\/wp\/v2\/media?parent=49120"}],"wp:term":[{"taxonomy":"category","embeddable":true,"href":"https:\/\/schoenstatt.com\/pt-pt\/wp-json\/wp\/v2\/categories?post=49120"},{"taxonomy":"post_tag","embeddable":true,"href":"https:\/\/schoenstatt.com\/pt-pt\/wp-json\/wp\/v2\/tags?post=49120"}],"curies":[{"name":"wp","href":"https:\/\/api.w.org\/{rel}","templated":true}]}}