{"id":49048,"date":"2023-09-25T14:36:57","date_gmt":"2023-09-25T12:36:57","guid":{"rendered":"https:\/\/schoenstattdev.wpenginepowered.com\/?p=32601"},"modified":"2025-05-16T00:15:27","modified_gmt":"2025-05-15T22:15:27","slug":"jovem-schoenstattiano-e-equatoriano-as-portas-do-sacerdocio","status":"publish","type":"post","link":"https:\/\/schoenstatt.com\/pt-pt\/jovem-schoenstattiano-e-equatoriano-as-portas-do-sacerdocio\/","title":{"rendered":"Jovem schoenstattiano e equatoriano \u00e0s portas do sacerd\u00f3cio"},"content":{"rendered":"<p><a href=\"https:\/\/www.schoenstatt.ec\/\" target=\"_blank\" rel=\"noopener\">Schoenstatt no Equador<\/a> se prepara para a ordena\u00e7\u00e3o sacerdotal do di\u00e1cono Luis Polit, que acontecer\u00e1 no dia 14 de outubro, na Catedral de Guayaquil.<\/p>\n<p>Durante o seu tempo de forma\u00e7\u00e3o, durante 10 anos, a Fam\u00edlia de Schoenstatt tem acompanhado a ele e ao seu curso. O Ramo das M\u00e3es fielmente oferece adora\u00e7\u00f5es e santas missas semanais pelo Di\u00e1cono Luis Polit \u2013 Luigi, como \u00e9 carinhosamente chamado \u2013 e por seu curso.<\/p>\n<p>Ser\u00e1 a voca\u00e7\u00e3o mais acompanhada com ora\u00e7\u00e3o e contribui\u00e7\u00f5es ao Capital de Gra\u00e7as? Parece-nos que sim. O fluxo de ora\u00e7\u00f5es que o tem apoiado \u00e9 enorme!<\/p>\n<p>A m\u00e3e de Luigi, Mirella Estrella de Polit, dentista e vi\u00fava h\u00e1 anos, \u00e9 membro da Liga das M\u00e3es de Guayaquil, o que despertou esta solidariedade especial no Movimento para acompanhar esta voca\u00e7\u00e3o. Al\u00e9m disso, ele pertenceu \u00e0 <a href=\"https:\/\/schoenstattdev.wpenginepowered.com\/pt-pt\/familia\/comunidades-do-movimento-apostolico-de-schoenstatt\/men\/\">Juventude Masculina de Schoenstatt<\/a> desde pequeno, como Pioneiro. Por volta dos 13 anos, pensamentos sobre a voca\u00e7\u00e3o come\u00e7aram a rondar-lhe, entre idas e vindas, at\u00e9 amadurecer e culminar em seu ingresso no <a href=\"https:\/\/schoenstattdev.wpenginepowered.com\/pt-pt\/familia\/comunidades-do-movimento-apostolico-de-schoenstatt\/sacerdotes\/\">Instituto dos Padres de Schoenstatt<\/a>.<\/p>\n<p>Hoje, em uma manh\u00e3 de adora\u00e7\u00e3o oferecida por nosso seminarista, Mirella contou a v\u00e1rias amigas que muitas vezes colocava seu filho para dormir com a can\u00e7\u00e3o <a href=\"https:\/\/www.youtube.com\/watch?v=2Hb1B9M_aHo\">Maria da Alian\u00e7a<\/a> (<a href=\"https:\/\/www.youtube.com\/watch?v=55HdOXQfgpM\" target=\"_blank\" rel=\"noopener\">Mar\u00eda de la Alianza<\/a>). Ela n\u00e3o sabe como conter\u00e1 sua emo\u00e7\u00e3o no dia da ordena\u00e7\u00e3o, visto que sempre rezou pelas voca\u00e7\u00f5es sacerdotais.<\/p>\n<p><img fetchpriority=\"high\" decoding=\"async\" class=\"aligncenter wp-image-32593 \" src=\"https:\/\/schoenstatt.com\/wp-content\/uploads\/2023\/09\/luis-polit-1.jpg\" alt=\"\" width=\"558\" height=\"698\" \/><\/p>\n<h2>De Pioneiro a sacerdote<\/h2>\n<p>Por enquanto, o futuro Padre de Schoenstatt est\u00e1 servindo em uma das par\u00f3quias mais movimentadas de Guayaquil. Diz estar muito feliz no seu trabalho pastoral, aprendendo muito e entregando-se 100% a este servi\u00e7o eclesial. Para n\u00e3o se desconcentrar, renuncia, ainda que por um breve momento, a participar de outros convites que obviamente lhe s\u00e3o feitos por Schoenstatt. Ele responde dizendo: <em>\u201cDepois deste ano na par\u00f3quia, estarei mais com voc\u00eas, por enquanto coloco todas as minhas for\u00e7as nela\u201d.<\/em><\/p>\n<p>O C\u00edrculo de Si\u00e3o de Guayaquil tem sido protagonista desta maratona de horas de adora\u00e7\u00e3o, tamb\u00e9m da manh\u00e3 diante do Sant\u00edssimo Sacramento, que foi seguida por uma Santa Missa de agradecimento e de prepara\u00e7\u00e3o para a sua pr\u00f3xima ordena\u00e7\u00e3o. No final desta manh\u00e3 de ora\u00e7\u00e3o, Luigi cumprimentou todos os presentes e agradeceu o apoio. Tamb\u00e9m partilhou o lema que escolheu para a sua ordena\u00e7\u00e3o:<strong> \u201cTomai e comei todos d\u2019Ele\u201d.<\/strong> E mostrou o desenho do seu cart\u00e3o memorial, no qual coloca no centro a Eucaristia.<\/p>\n<p><img decoding=\"async\" class=\"aligncenter wp-image-32589 \" src=\"https:\/\/schoenstatt.com\/wp-content\/uploads\/2023\/09\/lema-sacerdotal-Luis-Polit-1.jpg\" alt=\"\" width=\"700\" height=\"700\" srcset=\"https:\/\/schoenstatt.com\/wp-content\/uploads\/2023\/09\/lema-sacerdotal-Luis-Polit-1.jpg 1080w, https:\/\/schoenstatt.com\/wp-content\/uploads\/2023\/09\/lema-sacerdotal-Luis-Polit-1-768x768.jpg 768w\" sizes=\"(max-width: 700px) 100vw, 700px\" \/><\/p>\n<p>A Fam\u00edlia de Schoenstatt do Equador agradece a Jesus e \u00e0 M\u00e3e de Deus por escolherem dentro das nossas fam\u00edlias as voca\u00e7\u00f5es, pelo sim deste jovem de Guayaquil, que decidiu consagrar-se a Deus, \u00e0 Igreja e a Schoenstatt. E hoje pede que sigam chamando novos cora\u00e7\u00f5es juvenis para a vida consagrada em nossa Obra e al\u00e9m dela.<\/p>\n<p>Luigi entrou nos Pioneiros quando tinha seis anos. Schoenstatt \u00e9 toda a sua vida, e hoje a M\u00e3e de Deus oferece esta voca\u00e7\u00e3o como farol neste tempo de tantas trevas.<\/p>\n<h2>Celebra\u00e7\u00e3o da ordena\u00e7\u00e3o sacerdotal<\/h2>\n<p><strong>Local:<\/strong> Catedral de Guayaquil<\/p>\n<p><strong>Preside:<\/strong> Dom Gerardo Nieves<\/p>\n<p><strong>Data e hora:<\/strong> s\u00e1bado, 14 de outubro de 2023, \u00e0s 10h.<\/p>\n<p><strong>Transmiss\u00e3o:<\/strong> <a href=\"https:\/\/www.youtube.com\/@MovimientoSchoenstattEcuador\" target=\"_blank\" rel=\"noopener\">Youtube &#8211; MovimientoSchoenstattEcuador<\/a><\/p>\n","protected":false},"excerpt":{"rendered":"<p>No dia 14 de outubro, o Di\u00e1cono Luis Polit ser\u00e1 ordenado Padre de Schoenstatt no Equador, sob o lema \u201cTomai e comei todos d\u2019Ele\u201d.  Sua fam\u00edlia e todo o Movimento de Schoenstatt aguardam este dia com grande emo\u00e7\u00e3o.<\/p>\n","protected":false},"author":3,"featured_media":32597,"comment_status":"closed","ping_status":"closed","sticky":false,"template":"","format":"standard","meta":{"footnotes":""},"categories":[908],"tags":[],"class_list":["post-49048","post","type-post","status-publish","format-standard","has-post-thumbnail","hentry","category-comunidades-de-schoenstatt-pt-pt"],"yoast_head":"<!-- This site is optimized with the Yoast SEO Premium plugin v27.4 (Yoast SEO v27.5) - https:\/\/yoast.com\/product\/yoast-seo-premium-wordpress\/ -->\n<title>Jovem schoenstattiano e equatoriano \u00e0s portas do sacerd\u00f3cio<\/title>\n<meta name=\"description\" content=\"No dia 14 de outubro, o Di\u00e1cono Luis Polit ser\u00e1 ordenado Padre de Schoenstatt no Equador, sob o lema \u201cTomai e comei todos d\u2019Ele\u201d.\" \/>\n<meta name=\"robots\" content=\"index, follow, max-snippet:-1, max-image-preview:large, max-video-preview:-1\" \/>\n<link rel=\"canonical\" href=\"https:\/\/schoenstatt.com\/pt-pt\/jovem-schoenstattiano-e-equatoriano-as-portas-do-sacerdocio\/\" \/>\n<meta property=\"og:locale\" content=\"pt_PT\" \/>\n<meta property=\"og:type\" content=\"article\" \/>\n<meta property=\"og:title\" content=\"Jovem schoenstattiano e equatoriano \u00e0s portas do sacerd\u00f3cio\" \/>\n<meta property=\"og:description\" content=\"No dia 14 de outubro, o Di\u00e1cono Luis Polit ser\u00e1 ordenado Padre de Schoenstatt no Equador, sob o lema \u201cTomai e comei todos d\u2019Ele\u201d.\" \/>\n<meta property=\"og:url\" content=\"https:\/\/schoenstatt.com\/pt-pt\/jovem-schoenstattiano-e-equatoriano-as-portas-do-sacerdocio\/\" \/>\n<meta property=\"og:site_name\" content=\"Schoenstatt\" \/>\n<meta property=\"article:published_time\" content=\"2023-09-25T12:36:57+00:00\" \/>\n<meta property=\"article:modified_time\" content=\"2025-05-15T22:15:27+00:00\" \/>\n<meta property=\"og:image\" content=\"https:\/\/schoenstatt.com\/wp-content\/uploads\/2023\/09\/schoenstatt-ecuador-1.jpg\" \/>\n\t<meta property=\"og:image:width\" content=\"900\" \/>\n\t<meta property=\"og:image:height\" content=\"710\" \/>\n\t<meta property=\"og:image:type\" content=\"image\/jpeg\" \/>\n<meta name=\"author\" content=\"Karen Bueno\" \/>\n<meta name=\"twitter:card\" content=\"summary_large_image\" \/>\n<meta name=\"twitter:label1\" content=\"Escrito por\" \/>\n\t<meta name=\"twitter:data1\" content=\"Karen Bueno\" \/>\n\t<meta name=\"twitter:label2\" content=\"Tempo estimado de leitura\" \/>\n\t<meta name=\"twitter:data2\" content=\"3 minutos\" \/>\n<script type=\"application\/ld+json\" class=\"yoast-schema-graph\">{\"@context\":\"https:\\\/\\\/schema.org\",\"@graph\":[{\"@type\":\"Article\",\"@id\":\"https:\\\/\\\/schoenstatt.com\\\/pt-pt\\\/jovem-schoenstattiano-e-equatoriano-as-portas-do-sacerdocio\\\/#article\",\"isPartOf\":{\"@id\":\"https:\\\/\\\/schoenstatt.com\\\/pt-pt\\\/jovem-schoenstattiano-e-equatoriano-as-portas-do-sacerdocio\\\/\"},\"author\":{\"name\":\"Karen Bueno\",\"@id\":\"https:\\\/\\\/schoenstatt.com\\\/pt-pt\\\/#\\\/schema\\\/person\\\/5158877ad4acae98b34daaeef2a1ce6e\"},\"headline\":\"Jovem schoenstattiano e equatoriano \u00e0s portas do sacerd\u00f3cio\",\"datePublished\":\"2023-09-25T12:36:57+00:00\",\"dateModified\":\"2025-05-15T22:15:27+00:00\",\"mainEntityOfPage\":{\"@id\":\"https:\\\/\\\/schoenstatt.com\\\/pt-pt\\\/jovem-schoenstattiano-e-equatoriano-as-portas-do-sacerdocio\\\/\"},\"wordCount\":556,\"publisher\":{\"@id\":\"https:\\\/\\\/schoenstatt.com\\\/pt-pt\\\/#organization\"},\"image\":{\"@id\":\"https:\\\/\\\/schoenstatt.com\\\/pt-pt\\\/jovem-schoenstattiano-e-equatoriano-as-portas-do-sacerdocio\\\/#primaryimage\"},\"thumbnailUrl\":\"https:\\\/\\\/schoenstatt.com\\\/wp-content\\\/uploads\\\/2023\\\/09\\\/schoenstatt-ecuador-1.jpg\",\"articleSection\":[\"Comunidades de Schoenstatt\"],\"inLanguage\":\"pt-PT\"},{\"@type\":\"WebPage\",\"@id\":\"https:\\\/\\\/schoenstatt.com\\\/pt-pt\\\/jovem-schoenstattiano-e-equatoriano-as-portas-do-sacerdocio\\\/\",\"url\":\"https:\\\/\\\/schoenstatt.com\\\/pt-pt\\\/jovem-schoenstattiano-e-equatoriano-as-portas-do-sacerdocio\\\/\",\"name\":\"Jovem schoenstattiano e equatoriano \u00e0s portas do sacerd\u00f3cio\",\"isPartOf\":{\"@id\":\"https:\\\/\\\/schoenstatt.com\\\/pt-pt\\\/#website\"},\"primaryImageOfPage\":{\"@id\":\"https:\\\/\\\/schoenstatt.com\\\/pt-pt\\\/jovem-schoenstattiano-e-equatoriano-as-portas-do-sacerdocio\\\/#primaryimage\"},\"image\":{\"@id\":\"https:\\\/\\\/schoenstatt.com\\\/pt-pt\\\/jovem-schoenstattiano-e-equatoriano-as-portas-do-sacerdocio\\\/#primaryimage\"},\"thumbnailUrl\":\"https:\\\/\\\/schoenstatt.com\\\/wp-content\\\/uploads\\\/2023\\\/09\\\/schoenstatt-ecuador-1.jpg\",\"datePublished\":\"2023-09-25T12:36:57+00:00\",\"dateModified\":\"2025-05-15T22:15:27+00:00\",\"description\":\"No dia 14 de outubro, o Di\u00e1cono Luis Polit ser\u00e1 ordenado Padre de Schoenstatt no Equador, sob o lema \u201cTomai e comei todos d\u2019Ele\u201d.\",\"breadcrumb\":{\"@id\":\"https:\\\/\\\/schoenstatt.com\\\/pt-pt\\\/jovem-schoenstattiano-e-equatoriano-as-portas-do-sacerdocio\\\/#breadcrumb\"},\"inLanguage\":\"pt-PT\",\"potentialAction\":[{\"@type\":\"ReadAction\",\"target\":[\"https:\\\/\\\/schoenstatt.com\\\/pt-pt\\\/jovem-schoenstattiano-e-equatoriano-as-portas-do-sacerdocio\\\/\"]}]},{\"@type\":\"ImageObject\",\"inLanguage\":\"pt-PT\",\"@id\":\"https:\\\/\\\/schoenstatt.com\\\/pt-pt\\\/jovem-schoenstattiano-e-equatoriano-as-portas-do-sacerdocio\\\/#primaryimage\",\"url\":\"https:\\\/\\\/schoenstatt.com\\\/wp-content\\\/uploads\\\/2023\\\/09\\\/schoenstatt-ecuador-1.jpg\",\"contentUrl\":\"https:\\\/\\\/schoenstatt.com\\\/wp-content\\\/uploads\\\/2023\\\/09\\\/schoenstatt-ecuador-1.jpg\",\"width\":900,\"height\":710},{\"@type\":\"BreadcrumbList\",\"@id\":\"https:\\\/\\\/schoenstatt.com\\\/pt-pt\\\/jovem-schoenstattiano-e-equatoriano-as-portas-do-sacerdocio\\\/#breadcrumb\",\"itemListElement\":[{\"@type\":\"ListItem\",\"position\":1,\"name\":\"Portada\",\"item\":\"https:\\\/\\\/schoenstatt.com\\\/pt-pt\\\/home\\\/\"},{\"@type\":\"ListItem\",\"position\":2,\"name\":\"Jovem schoenstattiano e equatoriano \u00e0s portas do sacerd\u00f3cio\"}]},{\"@type\":\"WebSite\",\"@id\":\"https:\\\/\\\/schoenstatt.com\\\/pt-pt\\\/#website\",\"url\":\"https:\\\/\\\/schoenstatt.com\\\/pt-pt\\\/\",\"name\":\"Schoenstatt\",\"description\":\"Apostolic Movement\",\"publisher\":{\"@id\":\"https:\\\/\\\/schoenstatt.com\\\/pt-pt\\\/#organization\"},\"potentialAction\":[{\"@type\":\"SearchAction\",\"target\":{\"@type\":\"EntryPoint\",\"urlTemplate\":\"https:\\\/\\\/schoenstatt.com\\\/pt-pt\\\/?s={search_term_string}\"},\"query-input\":{\"@type\":\"PropertyValueSpecification\",\"valueRequired\":true,\"valueName\":\"search_term_string\"}}],\"inLanguage\":\"pt-PT\"},{\"@type\":\"Organization\",\"@id\":\"https:\\\/\\\/schoenstatt.com\\\/pt-pt\\\/#organization\",\"name\":\"Schoenstatt\",\"url\":\"https:\\\/\\\/schoenstatt.com\\\/pt-pt\\\/\",\"logo\":{\"@type\":\"ImageObject\",\"inLanguage\":\"pt-PT\",\"@id\":\"https:\\\/\\\/schoenstatt.com\\\/pt-pt\\\/#\\\/schema\\\/logo\\\/image\\\/\",\"url\":\"https:\\\/\\\/schoenstatt.com\\\/wp-content\\\/uploads\\\/2025\\\/04\\\/logo-schoenstatt-white-696x696-1.png\",\"contentUrl\":\"https:\\\/\\\/schoenstatt.com\\\/wp-content\\\/uploads\\\/2025\\\/04\\\/logo-schoenstatt-white-696x696-1.png\",\"width\":696,\"height\":694,\"caption\":\"Schoenstatt\"},\"image\":{\"@id\":\"https:\\\/\\\/schoenstatt.com\\\/pt-pt\\\/#\\\/schema\\\/logo\\\/image\\\/\"}},{\"@type\":\"Person\",\"@id\":\"https:\\\/\\\/schoenstatt.com\\\/pt-pt\\\/#\\\/schema\\\/person\\\/5158877ad4acae98b34daaeef2a1ce6e\",\"name\":\"Karen Bueno\",\"image\":{\"@type\":\"ImageObject\",\"inLanguage\":\"pt-PT\",\"@id\":\"https:\\\/\\\/secure.gravatar.com\\\/avatar\\\/f9f4b823873154269d2b2130f195f6d41037dd0d7fc5f3cacb5c846bae70d66b?s=96&d=mm&r=g\",\"url\":\"https:\\\/\\\/secure.gravatar.com\\\/avatar\\\/f9f4b823873154269d2b2130f195f6d41037dd0d7fc5f3cacb5c846bae70d66b?s=96&d=mm&r=g\",\"contentUrl\":\"https:\\\/\\\/secure.gravatar.com\\\/avatar\\\/f9f4b823873154269d2b2130f195f6d41037dd0d7fc5f3cacb5c846bae70d66b?s=96&d=mm&r=g\",\"caption\":\"Karen Bueno\"},\"url\":\"https:\\\/\\\/schoenstatt.com\\\/pt-pt\\\/author\\\/karen-bueno\\\/\"}]}<\/script>\n<!-- \/ Yoast SEO Premium plugin. -->","yoast_head_json":{"title":"Jovem schoenstattiano e equatoriano \u00e0s portas do sacerd\u00f3cio","description":"No dia 14 de outubro, o Di\u00e1cono Luis Polit ser\u00e1 ordenado Padre de Schoenstatt no Equador, sob o lema \u201cTomai e comei todos d\u2019Ele\u201d.","robots":{"index":"index","follow":"follow","max-snippet":"max-snippet:-1","max-image-preview":"max-image-preview:large","max-video-preview":"max-video-preview:-1"},"canonical":"https:\/\/schoenstatt.com\/pt-pt\/jovem-schoenstattiano-e-equatoriano-as-portas-do-sacerdocio\/","og_locale":"pt_PT","og_type":"article","og_title":"Jovem schoenstattiano e equatoriano \u00e0s portas do sacerd\u00f3cio","og_description":"No dia 14 de outubro, o Di\u00e1cono Luis Polit ser\u00e1 ordenado Padre de Schoenstatt no Equador, sob o lema \u201cTomai e comei todos d\u2019Ele\u201d.","og_url":"https:\/\/schoenstatt.com\/pt-pt\/jovem-schoenstattiano-e-equatoriano-as-portas-do-sacerdocio\/","og_site_name":"Schoenstatt","article_published_time":"2023-09-25T12:36:57+00:00","article_modified_time":"2025-05-15T22:15:27+00:00","og_image":[{"width":900,"height":710,"url":"https:\/\/schoenstatt.com\/wp-content\/uploads\/2023\/09\/schoenstatt-ecuador-1.jpg","type":"image\/jpeg"}],"author":"Karen Bueno","twitter_card":"summary_large_image","twitter_misc":{"Escrito por":"Karen Bueno","Tempo estimado de leitura":"3 minutos"},"schema":{"@context":"https:\/\/schema.org","@graph":[{"@type":"Article","@id":"https:\/\/schoenstatt.com\/pt-pt\/jovem-schoenstattiano-e-equatoriano-as-portas-do-sacerdocio\/#article","isPartOf":{"@id":"https:\/\/schoenstatt.com\/pt-pt\/jovem-schoenstattiano-e-equatoriano-as-portas-do-sacerdocio\/"},"author":{"name":"Karen Bueno","@id":"https:\/\/schoenstatt.com\/pt-pt\/#\/schema\/person\/5158877ad4acae98b34daaeef2a1ce6e"},"headline":"Jovem schoenstattiano e equatoriano \u00e0s portas do sacerd\u00f3cio","datePublished":"2023-09-25T12:36:57+00:00","dateModified":"2025-05-15T22:15:27+00:00","mainEntityOfPage":{"@id":"https:\/\/schoenstatt.com\/pt-pt\/jovem-schoenstattiano-e-equatoriano-as-portas-do-sacerdocio\/"},"wordCount":556,"publisher":{"@id":"https:\/\/schoenstatt.com\/pt-pt\/#organization"},"image":{"@id":"https:\/\/schoenstatt.com\/pt-pt\/jovem-schoenstattiano-e-equatoriano-as-portas-do-sacerdocio\/#primaryimage"},"thumbnailUrl":"https:\/\/schoenstatt.com\/wp-content\/uploads\/2023\/09\/schoenstatt-ecuador-1.jpg","articleSection":["Comunidades de Schoenstatt"],"inLanguage":"pt-PT"},{"@type":"WebPage","@id":"https:\/\/schoenstatt.com\/pt-pt\/jovem-schoenstattiano-e-equatoriano-as-portas-do-sacerdocio\/","url":"https:\/\/schoenstatt.com\/pt-pt\/jovem-schoenstattiano-e-equatoriano-as-portas-do-sacerdocio\/","name":"Jovem schoenstattiano e equatoriano \u00e0s portas do sacerd\u00f3cio","isPartOf":{"@id":"https:\/\/schoenstatt.com\/pt-pt\/#website"},"primaryImageOfPage":{"@id":"https:\/\/schoenstatt.com\/pt-pt\/jovem-schoenstattiano-e-equatoriano-as-portas-do-sacerdocio\/#primaryimage"},"image":{"@id":"https:\/\/schoenstatt.com\/pt-pt\/jovem-schoenstattiano-e-equatoriano-as-portas-do-sacerdocio\/#primaryimage"},"thumbnailUrl":"https:\/\/schoenstatt.com\/wp-content\/uploads\/2023\/09\/schoenstatt-ecuador-1.jpg","datePublished":"2023-09-25T12:36:57+00:00","dateModified":"2025-05-15T22:15:27+00:00","description":"No dia 14 de outubro, o Di\u00e1cono Luis Polit ser\u00e1 ordenado Padre de Schoenstatt no Equador, sob o lema \u201cTomai e comei todos d\u2019Ele\u201d.","breadcrumb":{"@id":"https:\/\/schoenstatt.com\/pt-pt\/jovem-schoenstattiano-e-equatoriano-as-portas-do-sacerdocio\/#breadcrumb"},"inLanguage":"pt-PT","potentialAction":[{"@type":"ReadAction","target":["https:\/\/schoenstatt.com\/pt-pt\/jovem-schoenstattiano-e-equatoriano-as-portas-do-sacerdocio\/"]}]},{"@type":"ImageObject","inLanguage":"pt-PT","@id":"https:\/\/schoenstatt.com\/pt-pt\/jovem-schoenstattiano-e-equatoriano-as-portas-do-sacerdocio\/#primaryimage","url":"https:\/\/schoenstatt.com\/wp-content\/uploads\/2023\/09\/schoenstatt-ecuador-1.jpg","contentUrl":"https:\/\/schoenstatt.com\/wp-content\/uploads\/2023\/09\/schoenstatt-ecuador-1.jpg","width":900,"height":710},{"@type":"BreadcrumbList","@id":"https:\/\/schoenstatt.com\/pt-pt\/jovem-schoenstattiano-e-equatoriano-as-portas-do-sacerdocio\/#breadcrumb","itemListElement":[{"@type":"ListItem","position":1,"name":"Portada","item":"https:\/\/schoenstatt.com\/pt-pt\/home\/"},{"@type":"ListItem","position":2,"name":"Jovem schoenstattiano e equatoriano \u00e0s portas do sacerd\u00f3cio"}]},{"@type":"WebSite","@id":"https:\/\/schoenstatt.com\/pt-pt\/#website","url":"https:\/\/schoenstatt.com\/pt-pt\/","name":"Schoenstatt","description":"Apostolic Movement","publisher":{"@id":"https:\/\/schoenstatt.com\/pt-pt\/#organization"},"potentialAction":[{"@type":"SearchAction","target":{"@type":"EntryPoint","urlTemplate":"https:\/\/schoenstatt.com\/pt-pt\/?s={search_term_string}"},"query-input":{"@type":"PropertyValueSpecification","valueRequired":true,"valueName":"search_term_string"}}],"inLanguage":"pt-PT"},{"@type":"Organization","@id":"https:\/\/schoenstatt.com\/pt-pt\/#organization","name":"Schoenstatt","url":"https:\/\/schoenstatt.com\/pt-pt\/","logo":{"@type":"ImageObject","inLanguage":"pt-PT","@id":"https:\/\/schoenstatt.com\/pt-pt\/#\/schema\/logo\/image\/","url":"https:\/\/schoenstatt.com\/wp-content\/uploads\/2025\/04\/logo-schoenstatt-white-696x696-1.png","contentUrl":"https:\/\/schoenstatt.com\/wp-content\/uploads\/2025\/04\/logo-schoenstatt-white-696x696-1.png","width":696,"height":694,"caption":"Schoenstatt"},"image":{"@id":"https:\/\/schoenstatt.com\/pt-pt\/#\/schema\/logo\/image\/"}},{"@type":"Person","@id":"https:\/\/schoenstatt.com\/pt-pt\/#\/schema\/person\/5158877ad4acae98b34daaeef2a1ce6e","name":"Karen Bueno","image":{"@type":"ImageObject","inLanguage":"pt-PT","@id":"https:\/\/secure.gravatar.com\/avatar\/f9f4b823873154269d2b2130f195f6d41037dd0d7fc5f3cacb5c846bae70d66b?s=96&d=mm&r=g","url":"https:\/\/secure.gravatar.com\/avatar\/f9f4b823873154269d2b2130f195f6d41037dd0d7fc5f3cacb5c846bae70d66b?s=96&d=mm&r=g","contentUrl":"https:\/\/secure.gravatar.com\/avatar\/f9f4b823873154269d2b2130f195f6d41037dd0d7fc5f3cacb5c846bae70d66b?s=96&d=mm&r=g","caption":"Karen Bueno"},"url":"https:\/\/schoenstatt.com\/pt-pt\/author\/karen-bueno\/"}]}},"_links":{"self":[{"href":"https:\/\/schoenstatt.com\/pt-pt\/wp-json\/wp\/v2\/posts\/49048","targetHints":{"allow":["GET"]}}],"collection":[{"href":"https:\/\/schoenstatt.com\/pt-pt\/wp-json\/wp\/v2\/posts"}],"about":[{"href":"https:\/\/schoenstatt.com\/pt-pt\/wp-json\/wp\/v2\/types\/post"}],"author":[{"embeddable":true,"href":"https:\/\/schoenstatt.com\/pt-pt\/wp-json\/wp\/v2\/users\/3"}],"replies":[{"embeddable":true,"href":"https:\/\/schoenstatt.com\/pt-pt\/wp-json\/wp\/v2\/comments?post=49048"}],"version-history":[{"count":1,"href":"https:\/\/schoenstatt.com\/pt-pt\/wp-json\/wp\/v2\/posts\/49048\/revisions"}],"predecessor-version":[{"id":49054,"href":"https:\/\/schoenstatt.com\/pt-pt\/wp-json\/wp\/v2\/posts\/49048\/revisions\/49054"}],"wp:featuredmedia":[{"embeddable":true,"href":"https:\/\/schoenstatt.com\/pt-pt\/wp-json\/wp\/v2\/media\/32597"}],"wp:attachment":[{"href":"https:\/\/schoenstatt.com\/pt-pt\/wp-json\/wp\/v2\/media?parent=49048"}],"wp:term":[{"taxonomy":"category","embeddable":true,"href":"https:\/\/schoenstatt.com\/pt-pt\/wp-json\/wp\/v2\/categories?post=49048"},{"taxonomy":"post_tag","embeddable":true,"href":"https:\/\/schoenstatt.com\/pt-pt\/wp-json\/wp\/v2\/tags?post=49048"}],"curies":[{"name":"wp","href":"https:\/\/api.w.org\/{rel}","templated":true}]}}