{"id":48989,"date":"2023-10-16T06:49:07","date_gmt":"2023-10-16T04:49:07","guid":{"rendered":"https:\/\/schoenstattdev.wpenginepowered.com\/?p=29951"},"modified":"2025-05-16T01:42:38","modified_gmt":"2025-05-15T23:42:38","slug":"80-anos-do-primeiro-santuario-filial","status":"publish","type":"post","link":"https:\/\/schoenstatt.com\/pt-pt\/80-anos-do-primeiro-santuario-filial\/","title":{"rendered":"Nueva Helvecia: 80 anos do Primeiro Santu\u00e1rio Filial"},"content":{"rendered":"<h3>Dachau \u2013 Nueva Helvecia<\/h3>\n<p>Em suas primeiras visitas \u00e0 Am\u00e9rica do Sul, particularmente em Nueva Helvecia, ap\u00f3s contemplar surpreendido a similaridade do santu\u00e1rio recentemente constru\u00eddo com o original, o Padre Kentenich contou o que aconteceu em Dachau, paralelamente \u00e0 constru\u00e7\u00e3o do Primeiro Santu\u00e1rio Filial. Ao campo de concentra\u00e7\u00e3o chegavam sacerdotes de diferentes na\u00e7\u00f5es: franceses, poloneses, holandeses, belgas, checos, etc. Aos que tinham interesse, foi lhes abrindo o mundo de Schoentatt.<\/p>\n<p>Mas havia um obst\u00e1culo intranspon\u00edvel. Tratava-se de um Movimento originado na Alemanha, o pa\u00eds que os havia separado de sua p\u00e1tria, que os mantinha presos em situa\u00e7\u00f5es deplor\u00e1veis sem raz\u00e3o de import\u00e2ncia alguma. Como se vincular a uma capela localizada justamente nesse pa\u00eds t\u00e3o hostil a eles?<\/p>\n<p>Um franc\u00eas julgou ter encontrado a solu\u00e7\u00e3o dizendo que Schoenstatt n\u00e3o estava na Alemanha, mas sim no mundo. Mas essa verdade abstrata n\u00e3o os convenceu.<\/p>\n<p>E ent\u00e3o quando, por meio de um informe enviado desde o Uruguai, passando pela Su\u00ed\u00e7a para chegar finalmente, de forma clandestina, a Dachau, souberam do sucedido em Nueva Helvecia.<\/p>\n<figure id=\"attachment_29920\" aria-describedby=\"caption-attachment-29920\" style=\"width: 935px\" class=\"wp-caption aligncenter\"><img fetchpriority=\"high\" decoding=\"async\" class=\"wp-image-29920 \" src=\"https:\/\/schoenstatt.com\/wp-content\/uploads\/2023\/04\/FOTO-B-2-scaled-1.jpg\" alt=\"Nueva Helvecia\" width=\"935\" height=\"732\" srcset=\"https:\/\/schoenstatt.com\/wp-content\/uploads\/2023\/04\/FOTO-B-2-scaled-1.jpg 2048w, https:\/\/schoenstatt.com\/wp-content\/uploads\/2023\/04\/FOTO-B-2-scaled-1-768x602.jpg 768w, https:\/\/schoenstatt.com\/wp-content\/uploads\/2023\/04\/FOTO-B-2-scaled-1-1536x1203.jpg 1536w\" sizes=\"(max-width: 935px) 100vw, 935px\" \/><figcaption id=\"caption-attachment-29920\" class=\"wp-caption-text\">Constru\u00e7\u00e3o do Santu\u00e1rio de Nueva Helvecia, <a href=\"http:\/\/schoenstatt.org.uy\/\" target=\"_blank\" rel=\"noopener\">Uruguai<\/a><\/figcaption><\/figure>\n<p><img decoding=\"async\" class=\"aligncenter wp-image-32788 \" src=\"https:\/\/schoenstatt.com\/wp-content\/uploads\/2023\/04\/kentenich-nueva-helvecia-uruguay-2-1.jpg\" alt=\"\" width=\"931\" height=\"708\" \/><\/p>\n<p>O informe detalhava como o povo se juntava mais e mais em torno do pequeno Santu\u00e1rio. Com esse testemunho, relatava P. Kentenich, todos os questionamentos chegaram a um bom desenlace e Schoenstatt se enraizou nos cora\u00e7\u00f5es daqueles sacerdotes.<\/p>\n<p>Desse modo, esses grupos de sacerdotes selaram sua Alian\u00e7a de Amor com a MTA em 1944. Da\u00ed que o P. Kentenich rezara: \u201c\u00c9ramos ent\u00e3o apenas um pequeno c\u00edrculo: de ano em ano, crescemos para tua honra a outras nobres na\u00e7\u00f5es que aqui convivem estreitamente conosco\u201d (Rumo ao C\u00e9u, estrofe 543).<\/p>\n<p>Efetivamente, o fato de poder mostrar um Santu\u00e1rio Filial situado fora da Alemanha foi uma pe\u00e7a-chave para abrir a eclusa que n\u00e3o deixava fluir a gra\u00e7a ao resto do mundo.<\/p>\n<h3>Unidade na diversidade<\/h3>\n<p>Um dos temas favoritos do Papa Francisco \u00e9 a converg\u00eancia em meio \u00e0s tens\u00f5es, a estreita complementa\u00e7\u00e3o entre os diferentes, a considera\u00e7\u00e3o de cada cultura, de cada grupo humano. \u201cA Igreja, enviada ao mundo todo para testemunhar, a \u2018plantar\u2019 uma fraternidade universal, respeita e promove a dimens\u00e3o local com suas m\u00faltiplas riquezas\u201d (13.10.21)<\/p>\n<p>Quem n\u00e3o gostou do sabor pr\u00f3prio de um Santu\u00e1rio local? Quando algu\u00e9m visita outras localidades se surpreende por ver detalhes que real\u00e7am a beleza do Santu\u00e1rio, que d\u00e3o uma tonalidade original \u00e0 mesma capela que encontramos no mundo todo. S\u00e3o as riquezas que cada cultura expressa de mil modos.<\/p>\n<p>Ao mesmo tempo, sabemos tamb\u00e9m que ao chegar a um local desconhecido ou distante experimentamos uma sensa\u00e7\u00e3o \u00fanica ao ingressar em um Santu\u00e1rio. Chegamos em casa! Em nosso interior tudo se tranquiliza e se acomoda.<\/p>\n<p>Anos atr\u00e1s me contaram uma anedota muito ilustrativa. Uma fam\u00edlia chilena, com filhos pequenos, viajou para a Alemanha. N\u00e3o falavam alem\u00e3o, tampouco tinham conhecidos que os dessem boas-vindas. Como formavam parte da Fam\u00edlia de Schoenstatt n\u00e3o tiveram d\u00favidas em passar pelo Santu\u00e1rio Original. Mal entraram ali se ouviu a vozinha da mais pequena, que tinha aproximadamente tr\u00eas anos, que, enquanto apontava para a imagem da MTA, exclamou: Mam\u00e3e, Chile!<\/p>\n<p>Essa menina j\u00e1 n\u00e3o estava no estrangeiro, estava em sua p\u00e1tria, em sua terra, segura e acolhida.<\/p>\n<p>\u00c9 a experi\u00eancia do acolhimento que tanto necessita cada pessoa em qualquer lugar em que se encontre.<\/p>\n<p>O Santu\u00e1rio Filial assegura a fidelidade \u00e0 origem, ao carisma original que nos \u00e9 dado a custodiar por todos os membros da grande Fam\u00edlia, e ao mesmo potencializa a for\u00e7a de cada filho, que oferece seu aporte e enriquece o todo.<\/p>\n<h3>O mist\u00e9rio do fluir da gra\u00e7a<\/h3>\n<p>Quando as primeiras mission\u00e1rias deliberaram sobre a possibilidade de construir o Santu\u00e1rio, tiveram que pensar no que ocorria com o capital de gra\u00e7as que \u00e9 parte formal da constru\u00e7\u00e3o. Elas pensaram e intercambiaram largamente sobre o tema e finalmente o expressaram assim: a corrente do Santu\u00e1rio Original flui at\u00e9 o Santu\u00e1rio Filial e, por nossas contribui\u00e7\u00f5es ao capital de gra\u00e7as, volta enriquecida \u00e0 fonte, \u00e0 capela do Vale de Schoenstatt.<\/p>\n<p>\u00c9 interessante que o pr\u00f3prio fundador corroborou ao chegar e mais tarde expressou deste modo:<\/p>\n<blockquote><p>\u201cAli onde surge um Santu\u00e1rio filial, a torrente irrompe com for\u00e7a fundamental, para derramar desde ali suas \u00e1guas portadoras de salva\u00e7\u00e3o e bendi\u00e7\u00e3o no mais vasto entorno, mas recorrendo, ao mesmo tempo, novos riachos e rios, tal como chegam atrav\u00e9s das Alian\u00e7as de Amor ali seladas. Riachos e rios que ele toma consigo para os conduzir finalmente de novo ao Santu\u00e1rio Original\u201d (Apontamentos da cr\u00f4nica 1955).<\/p><\/blockquote>\n<p><strong><img decoding=\"async\" class=\"aligncenter wp-image-32792 \" src=\"https:\/\/schoenstatt.com\/wp-content\/uploads\/2023\/04\/kentenich-nueva-helvecia-uruguay-scaled-1.jpg\" alt=\"\" width=\"827\" height=\"845\" \/><\/strong><\/p>\n<blockquote><p><strong>\u201cToda a Obra gerada \u00e9 tanto obra de voc\u00eas como minha\u201d (P. Kentenich 11.08.35)<\/strong><\/p><\/blockquote>\n<p>Sempre este foi o orgulho de nosso Fundador.<\/p>\n<p>O que seria de Schoenstatt sem o Jardim de Maria, sem a Campanha do Ter\u00e7o da M\u00e3e Peregrina, sem tantas iniciativas nobres nascidas do cora\u00e7\u00e3o dos filhos?<\/p>\n<p>Este \u00e9 o caso dos Santu\u00e1rios Filiais. Surgiram da vida; a necessidade os sonhou e os conquistou; e os temos.<\/p>\n<p>Hoje contemplamos a rede de santu\u00e1rios no mundo inteiro e nos parece o mais l\u00f3gico. N\u00e3o era assim em 1943. Foi \u00e1rduo o discernimento. O Esp\u00edrito Santo irrompeu na escurid\u00e3o e foi assim que as primeiras mission\u00e1rias arriscaram a constru\u00e7\u00e3o sem poder consultar nem a Schoenstatt nem ao fundador.<\/p>\n<p>E pela dimens\u00e3o desse passo que deu origem a um giro copernicano, o Padre Kentenich afirmou mais tarde: \u201cJunto ao 20 de janeiro de 1942 n\u00e3o h\u00e1 nenhum feito que tenha influenciado t\u00e3o poderosamente na hist\u00f3ria mais recente da Fam\u00edlia, como a ideia e a constru\u00e7\u00e3o dos Santu\u00e1rios Filiais (\u2026) eles deveriam chegar a ser pontos de apoio para o reino da M\u00e3e Tr\u00eas Vezes Admir\u00e1vel, desde onde ela, como Rainha do Mundo, pudesse lan\u00e7ar suas redes e realizar sua miss\u00e3o de educadora\u201d (O segredo da vitalidade de Schoenstatt, maio 1952).<\/p>\n<p>Quando se celebraram os 25 anos de sacerd\u00f3cio do P. Kentenich, ele expressou aos presentes:<\/p>\n<p>\u201cPe\u00e7o a cada um de voc\u00eas que medite com sinceridade e humildade o que surgiu na Fam\u00edlia gra\u00e7as ao sangue de seu cora\u00e7\u00e3o\u201d.<\/p>\n<p>\u201cN\u00e3o volta a dizer hoje para cada um de n\u00f3s? N\u00e3o deixamos cair na talha do Santu\u00e1rio o sangue do cora\u00e7\u00e3o? N\u00e3o somos respons\u00e1veis, em algum aspecto, pelo crescimento da Obra?<\/p>\n<p>E se n\u00e3o conseguimos encontrar nossa contribui\u00e7\u00e3o pessoal, nos vem em ajuda o que acrescentou nesse mesmo dia:<\/p>\n<blockquote><p>\u201cNa eternidade saberemos como as almas mais pequenas e modestas de nossa Fam\u00edlia a enriqueceram; sem sua her\u00f3ica vida de sacrif\u00edcios e ora\u00e7\u00e3o, n\u00e3o poder\u00edamos imaginar a Fam\u00edlia e seu esp\u00edrito, tal qual \u00e9 hoje esse esp\u00edrito. Sim; nada sem voc\u00eas! (\u2026) eu, como mestre maior da obra, constru\u00eda com a ajuda de pessoas. Quando advertia que se estava gerando algo sadio, me retirava por completo, pensando que essa iniciativa haveria de crescer sem mim\u201d (11.08.35)<\/p><\/blockquote>\n<p><strong>Sim, realmente: nada sem ti, M\u00e3e; nada sem n\u00f3s. S\u00f3 em alian\u00e7a avan\u00e7a e cresce a Obra.<\/strong><\/p>\n<h3>At\u00e9 os confins do mundo<\/h3>\n<p>A gra\u00e7a do envio apost\u00f3lico do Santu\u00e1rio Original nos trouxe os Santu\u00e1rios Filiais.<\/p>\n<p>Essa mesma gra\u00e7a \u00e9 a que nos impulsiona a replic\u00e1-los sem descanso. Deus necessita se aproximar da vida homem, acompanhar sua marcha, recolher suas l\u00e1grimas atrav\u00e9s da presen\u00e7a forte de uma M\u00e3e que n\u00e3o se cansa de buscar e consolar seus filhos.<\/p>\n<p>Agora Schoenstatt avan\u00e7a EM seus santu\u00e1rios! Como gigantes no estepe dos tempos, como bandeiras flamejantes na geografia de todos os continentes, como capitais da nova evangeliza\u00e7\u00e3o, ancorados na terra m\u00e3e do Schoenstatt original, surgem eles como garantia de uma internacionalidade na qual ningu\u00e9m fica de fora, como garantia da diversidade cultural que nos enriquece a todos.<\/p>\n<p><img loading=\"lazy\" decoding=\"async\" class=\"aligncenter wp-image-29996 size-full\" src=\"https:\/\/schoenstatt.com\/wp-content\/uploads\/2023\/04\/Original-Shrine-with-flags-1-1.jpg\" alt=\"\" width=\"2048\" height=\"1362\" \/><\/p>\n","protected":false},"excerpt":{"rendered":"<p>A aud\u00e1cia e o ardor mission\u00e1rio possibilitam que Schoenstatt passe pelo cora\u00e7\u00e3o de cada cultura sem perder a fidelidade \u00e0 origem.<br \/>\nH\u00e1 80 anos de sua inaugura\u00e7\u00e3o, a Fam\u00edlia de Schoenstatt do Uruguai celebra esse acontecimento que constitui um marco na hist\u00f3ria.<\/p>\n","protected":false},"author":3,"featured_media":29977,"comment_status":"closed","ping_status":"closed","sticky":false,"template":"","format":"standard","meta":{"footnotes":""},"categories":[636,869],"tags":[],"class_list":["post-48989","post","type-post","status-publish","format-standard","has-post-thumbnail","hentry","category-eventos-pt-pt","category-paises-pt-pt"],"yoast_head":"<!-- This site is optimized with the Yoast SEO Premium plugin v27.4 (Yoast SEO v27.5) - https:\/\/yoast.com\/product\/yoast-seo-premium-wordpress\/ -->\n<title>Nueva Helvecia: 80 anos do Primeiro Santu\u00e1rio Filial<\/title>\n<meta name=\"description\" content=\"O Santu\u00e1rio de Nueva Helvecia inicia a corrente de Santu\u00e1rios Filiais que, ano a ano, seguem se replicando nos cinco continentes\" \/>\n<meta name=\"robots\" content=\"index, follow, max-snippet:-1, max-image-preview:large, max-video-preview:-1\" \/>\n<link rel=\"canonical\" href=\"https:\/\/schoenstatt.com\/pt-pt\/80-anos-do-primeiro-santuario-filial\/\" \/>\n<meta property=\"og:locale\" content=\"pt_PT\" \/>\n<meta property=\"og:type\" content=\"article\" \/>\n<meta property=\"og:title\" content=\"Nueva Helvecia: 80 anos do Primeiro Santu\u00e1rio Filial\" \/>\n<meta property=\"og:description\" content=\"O Santu\u00e1rio de Nueva Helvecia inicia a corrente de Santu\u00e1rios Filiais que, ano a ano, seguem se replicando nos cinco continentes\" \/>\n<meta property=\"og:url\" content=\"https:\/\/schoenstatt.com\/pt-pt\/80-anos-do-primeiro-santuario-filial\/\" \/>\n<meta property=\"og:site_name\" content=\"Schoenstatt\" \/>\n<meta property=\"article:published_time\" content=\"2023-10-16T04:49:07+00:00\" \/>\n<meta property=\"article:modified_time\" content=\"2025-05-15T23:42:38+00:00\" \/>\n<meta property=\"og:image\" content=\"https:\/\/schoenstatt.com\/wp-content\/uploads\/2023\/04\/FOTO-A-1-1.jpg\" \/>\n\t<meta property=\"og:image:width\" content=\"1620\" \/>\n\t<meta property=\"og:image:height\" content=\"1080\" \/>\n\t<meta property=\"og:image:type\" content=\"image\/jpeg\" \/>\n<meta name=\"author\" content=\"Karen Bueno\" \/>\n<meta name=\"twitter:card\" content=\"summary_large_image\" \/>\n<meta name=\"twitter:label1\" content=\"Escrito por\" \/>\n\t<meta name=\"twitter:data1\" content=\"Karen Bueno\" \/>\n\t<meta name=\"twitter:label2\" content=\"Tempo estimado de leitura\" \/>\n\t<meta name=\"twitter:data2\" content=\"7 minutos\" \/>\n<script type=\"application\/ld+json\" class=\"yoast-schema-graph\">{\"@context\":\"https:\\\/\\\/schema.org\",\"@graph\":[{\"@type\":\"Article\",\"@id\":\"https:\\\/\\\/schoenstatt.com\\\/pt-pt\\\/80-anos-do-primeiro-santuario-filial\\\/#article\",\"isPartOf\":{\"@id\":\"https:\\\/\\\/schoenstatt.com\\\/pt-pt\\\/80-anos-do-primeiro-santuario-filial\\\/\"},\"author\":{\"name\":\"Karen Bueno\",\"@id\":\"https:\\\/\\\/schoenstatt.com\\\/pt-pt\\\/#\\\/schema\\\/person\\\/5158877ad4acae98b34daaeef2a1ce6e\"},\"headline\":\"Nueva Helvecia: 80 anos do Primeiro Santu\u00e1rio Filial\",\"datePublished\":\"2023-10-16T04:49:07+00:00\",\"dateModified\":\"2025-05-15T23:42:38+00:00\",\"mainEntityOfPage\":{\"@id\":\"https:\\\/\\\/schoenstatt.com\\\/pt-pt\\\/80-anos-do-primeiro-santuario-filial\\\/\"},\"wordCount\":1387,\"publisher\":{\"@id\":\"https:\\\/\\\/schoenstatt.com\\\/pt-pt\\\/#organization\"},\"image\":{\"@id\":\"https:\\\/\\\/schoenstatt.com\\\/pt-pt\\\/80-anos-do-primeiro-santuario-filial\\\/#primaryimage\"},\"thumbnailUrl\":\"https:\\\/\\\/schoenstatt.com\\\/wp-content\\\/uploads\\\/2023\\\/04\\\/FOTO-A-1-1.jpg\",\"articleSection\":[\"Eventos\",\"Pa\u00edses\"],\"inLanguage\":\"pt-PT\"},{\"@type\":\"WebPage\",\"@id\":\"https:\\\/\\\/schoenstatt.com\\\/pt-pt\\\/80-anos-do-primeiro-santuario-filial\\\/\",\"url\":\"https:\\\/\\\/schoenstatt.com\\\/pt-pt\\\/80-anos-do-primeiro-santuario-filial\\\/\",\"name\":\"Nueva Helvecia: 80 anos do Primeiro Santu\u00e1rio Filial\",\"isPartOf\":{\"@id\":\"https:\\\/\\\/schoenstatt.com\\\/pt-pt\\\/#website\"},\"primaryImageOfPage\":{\"@id\":\"https:\\\/\\\/schoenstatt.com\\\/pt-pt\\\/80-anos-do-primeiro-santuario-filial\\\/#primaryimage\"},\"image\":{\"@id\":\"https:\\\/\\\/schoenstatt.com\\\/pt-pt\\\/80-anos-do-primeiro-santuario-filial\\\/#primaryimage\"},\"thumbnailUrl\":\"https:\\\/\\\/schoenstatt.com\\\/wp-content\\\/uploads\\\/2023\\\/04\\\/FOTO-A-1-1.jpg\",\"datePublished\":\"2023-10-16T04:49:07+00:00\",\"dateModified\":\"2025-05-15T23:42:38+00:00\",\"description\":\"O Santu\u00e1rio de Nueva Helvecia inicia a corrente de Santu\u00e1rios Filiais que, ano a ano, seguem se replicando nos cinco continentes\",\"breadcrumb\":{\"@id\":\"https:\\\/\\\/schoenstatt.com\\\/pt-pt\\\/80-anos-do-primeiro-santuario-filial\\\/#breadcrumb\"},\"inLanguage\":\"pt-PT\",\"potentialAction\":[{\"@type\":\"ReadAction\",\"target\":[\"https:\\\/\\\/schoenstatt.com\\\/pt-pt\\\/80-anos-do-primeiro-santuario-filial\\\/\"]}]},{\"@type\":\"ImageObject\",\"inLanguage\":\"pt-PT\",\"@id\":\"https:\\\/\\\/schoenstatt.com\\\/pt-pt\\\/80-anos-do-primeiro-santuario-filial\\\/#primaryimage\",\"url\":\"https:\\\/\\\/schoenstatt.com\\\/wp-content\\\/uploads\\\/2023\\\/04\\\/FOTO-A-1-1.jpg\",\"contentUrl\":\"https:\\\/\\\/schoenstatt.com\\\/wp-content\\\/uploads\\\/2023\\\/04\\\/FOTO-A-1-1.jpg\",\"width\":1620,\"height\":1080},{\"@type\":\"BreadcrumbList\",\"@id\":\"https:\\\/\\\/schoenstatt.com\\\/pt-pt\\\/80-anos-do-primeiro-santuario-filial\\\/#breadcrumb\",\"itemListElement\":[{\"@type\":\"ListItem\",\"position\":1,\"name\":\"Portada\",\"item\":\"https:\\\/\\\/schoenstatt.com\\\/pt-pt\\\/home\\\/\"},{\"@type\":\"ListItem\",\"position\":2,\"name\":\"Nueva Helvecia: 80 anos do Primeiro Santu\u00e1rio Filial\"}]},{\"@type\":\"WebSite\",\"@id\":\"https:\\\/\\\/schoenstatt.com\\\/pt-pt\\\/#website\",\"url\":\"https:\\\/\\\/schoenstatt.com\\\/pt-pt\\\/\",\"name\":\"Schoenstatt\",\"description\":\"Apostolic Movement\",\"publisher\":{\"@id\":\"https:\\\/\\\/schoenstatt.com\\\/pt-pt\\\/#organization\"},\"potentialAction\":[{\"@type\":\"SearchAction\",\"target\":{\"@type\":\"EntryPoint\",\"urlTemplate\":\"https:\\\/\\\/schoenstatt.com\\\/pt-pt\\\/?s={search_term_string}\"},\"query-input\":{\"@type\":\"PropertyValueSpecification\",\"valueRequired\":true,\"valueName\":\"search_term_string\"}}],\"inLanguage\":\"pt-PT\"},{\"@type\":\"Organization\",\"@id\":\"https:\\\/\\\/schoenstatt.com\\\/pt-pt\\\/#organization\",\"name\":\"Schoenstatt\",\"url\":\"https:\\\/\\\/schoenstatt.com\\\/pt-pt\\\/\",\"logo\":{\"@type\":\"ImageObject\",\"inLanguage\":\"pt-PT\",\"@id\":\"https:\\\/\\\/schoenstatt.com\\\/pt-pt\\\/#\\\/schema\\\/logo\\\/image\\\/\",\"url\":\"https:\\\/\\\/schoenstatt.com\\\/wp-content\\\/uploads\\\/2025\\\/04\\\/logo-schoenstatt-white-696x696-1.png\",\"contentUrl\":\"https:\\\/\\\/schoenstatt.com\\\/wp-content\\\/uploads\\\/2025\\\/04\\\/logo-schoenstatt-white-696x696-1.png\",\"width\":696,\"height\":694,\"caption\":\"Schoenstatt\"},\"image\":{\"@id\":\"https:\\\/\\\/schoenstatt.com\\\/pt-pt\\\/#\\\/schema\\\/logo\\\/image\\\/\"}},{\"@type\":\"Person\",\"@id\":\"https:\\\/\\\/schoenstatt.com\\\/pt-pt\\\/#\\\/schema\\\/person\\\/5158877ad4acae98b34daaeef2a1ce6e\",\"name\":\"Karen Bueno\",\"image\":{\"@type\":\"ImageObject\",\"inLanguage\":\"pt-PT\",\"@id\":\"https:\\\/\\\/secure.gravatar.com\\\/avatar\\\/f9f4b823873154269d2b2130f195f6d41037dd0d7fc5f3cacb5c846bae70d66b?s=96&d=mm&r=g\",\"url\":\"https:\\\/\\\/secure.gravatar.com\\\/avatar\\\/f9f4b823873154269d2b2130f195f6d41037dd0d7fc5f3cacb5c846bae70d66b?s=96&d=mm&r=g\",\"contentUrl\":\"https:\\\/\\\/secure.gravatar.com\\\/avatar\\\/f9f4b823873154269d2b2130f195f6d41037dd0d7fc5f3cacb5c846bae70d66b?s=96&d=mm&r=g\",\"caption\":\"Karen Bueno\"},\"url\":\"https:\\\/\\\/schoenstatt.com\\\/pt-pt\\\/author\\\/karen-bueno\\\/\"}]}<\/script>\n<!-- \/ Yoast SEO Premium plugin. -->","yoast_head_json":{"title":"Nueva Helvecia: 80 anos do Primeiro Santu\u00e1rio Filial","description":"O Santu\u00e1rio de Nueva Helvecia inicia a corrente de Santu\u00e1rios Filiais que, ano a ano, seguem se replicando nos cinco continentes","robots":{"index":"index","follow":"follow","max-snippet":"max-snippet:-1","max-image-preview":"max-image-preview:large","max-video-preview":"max-video-preview:-1"},"canonical":"https:\/\/schoenstatt.com\/pt-pt\/80-anos-do-primeiro-santuario-filial\/","og_locale":"pt_PT","og_type":"article","og_title":"Nueva Helvecia: 80 anos do Primeiro Santu\u00e1rio Filial","og_description":"O Santu\u00e1rio de Nueva Helvecia inicia a corrente de Santu\u00e1rios Filiais que, ano a ano, seguem se replicando nos cinco continentes","og_url":"https:\/\/schoenstatt.com\/pt-pt\/80-anos-do-primeiro-santuario-filial\/","og_site_name":"Schoenstatt","article_published_time":"2023-10-16T04:49:07+00:00","article_modified_time":"2025-05-15T23:42:38+00:00","og_image":[{"width":1620,"height":1080,"url":"https:\/\/schoenstatt.com\/wp-content\/uploads\/2023\/04\/FOTO-A-1-1.jpg","type":"image\/jpeg"}],"author":"Karen Bueno","twitter_card":"summary_large_image","twitter_misc":{"Escrito por":"Karen Bueno","Tempo estimado de leitura":"7 minutos"},"schema":{"@context":"https:\/\/schema.org","@graph":[{"@type":"Article","@id":"https:\/\/schoenstatt.com\/pt-pt\/80-anos-do-primeiro-santuario-filial\/#article","isPartOf":{"@id":"https:\/\/schoenstatt.com\/pt-pt\/80-anos-do-primeiro-santuario-filial\/"},"author":{"name":"Karen Bueno","@id":"https:\/\/schoenstatt.com\/pt-pt\/#\/schema\/person\/5158877ad4acae98b34daaeef2a1ce6e"},"headline":"Nueva Helvecia: 80 anos do Primeiro Santu\u00e1rio Filial","datePublished":"2023-10-16T04:49:07+00:00","dateModified":"2025-05-15T23:42:38+00:00","mainEntityOfPage":{"@id":"https:\/\/schoenstatt.com\/pt-pt\/80-anos-do-primeiro-santuario-filial\/"},"wordCount":1387,"publisher":{"@id":"https:\/\/schoenstatt.com\/pt-pt\/#organization"},"image":{"@id":"https:\/\/schoenstatt.com\/pt-pt\/80-anos-do-primeiro-santuario-filial\/#primaryimage"},"thumbnailUrl":"https:\/\/schoenstatt.com\/wp-content\/uploads\/2023\/04\/FOTO-A-1-1.jpg","articleSection":["Eventos","Pa\u00edses"],"inLanguage":"pt-PT"},{"@type":"WebPage","@id":"https:\/\/schoenstatt.com\/pt-pt\/80-anos-do-primeiro-santuario-filial\/","url":"https:\/\/schoenstatt.com\/pt-pt\/80-anos-do-primeiro-santuario-filial\/","name":"Nueva Helvecia: 80 anos do Primeiro Santu\u00e1rio Filial","isPartOf":{"@id":"https:\/\/schoenstatt.com\/pt-pt\/#website"},"primaryImageOfPage":{"@id":"https:\/\/schoenstatt.com\/pt-pt\/80-anos-do-primeiro-santuario-filial\/#primaryimage"},"image":{"@id":"https:\/\/schoenstatt.com\/pt-pt\/80-anos-do-primeiro-santuario-filial\/#primaryimage"},"thumbnailUrl":"https:\/\/schoenstatt.com\/wp-content\/uploads\/2023\/04\/FOTO-A-1-1.jpg","datePublished":"2023-10-16T04:49:07+00:00","dateModified":"2025-05-15T23:42:38+00:00","description":"O Santu\u00e1rio de Nueva Helvecia inicia a corrente de Santu\u00e1rios Filiais que, ano a ano, seguem se replicando nos cinco continentes","breadcrumb":{"@id":"https:\/\/schoenstatt.com\/pt-pt\/80-anos-do-primeiro-santuario-filial\/#breadcrumb"},"inLanguage":"pt-PT","potentialAction":[{"@type":"ReadAction","target":["https:\/\/schoenstatt.com\/pt-pt\/80-anos-do-primeiro-santuario-filial\/"]}]},{"@type":"ImageObject","inLanguage":"pt-PT","@id":"https:\/\/schoenstatt.com\/pt-pt\/80-anos-do-primeiro-santuario-filial\/#primaryimage","url":"https:\/\/schoenstatt.com\/wp-content\/uploads\/2023\/04\/FOTO-A-1-1.jpg","contentUrl":"https:\/\/schoenstatt.com\/wp-content\/uploads\/2023\/04\/FOTO-A-1-1.jpg","width":1620,"height":1080},{"@type":"BreadcrumbList","@id":"https:\/\/schoenstatt.com\/pt-pt\/80-anos-do-primeiro-santuario-filial\/#breadcrumb","itemListElement":[{"@type":"ListItem","position":1,"name":"Portada","item":"https:\/\/schoenstatt.com\/pt-pt\/home\/"},{"@type":"ListItem","position":2,"name":"Nueva Helvecia: 80 anos do Primeiro Santu\u00e1rio Filial"}]},{"@type":"WebSite","@id":"https:\/\/schoenstatt.com\/pt-pt\/#website","url":"https:\/\/schoenstatt.com\/pt-pt\/","name":"Schoenstatt","description":"Apostolic Movement","publisher":{"@id":"https:\/\/schoenstatt.com\/pt-pt\/#organization"},"potentialAction":[{"@type":"SearchAction","target":{"@type":"EntryPoint","urlTemplate":"https:\/\/schoenstatt.com\/pt-pt\/?s={search_term_string}"},"query-input":{"@type":"PropertyValueSpecification","valueRequired":true,"valueName":"search_term_string"}}],"inLanguage":"pt-PT"},{"@type":"Organization","@id":"https:\/\/schoenstatt.com\/pt-pt\/#organization","name":"Schoenstatt","url":"https:\/\/schoenstatt.com\/pt-pt\/","logo":{"@type":"ImageObject","inLanguage":"pt-PT","@id":"https:\/\/schoenstatt.com\/pt-pt\/#\/schema\/logo\/image\/","url":"https:\/\/schoenstatt.com\/wp-content\/uploads\/2025\/04\/logo-schoenstatt-white-696x696-1.png","contentUrl":"https:\/\/schoenstatt.com\/wp-content\/uploads\/2025\/04\/logo-schoenstatt-white-696x696-1.png","width":696,"height":694,"caption":"Schoenstatt"},"image":{"@id":"https:\/\/schoenstatt.com\/pt-pt\/#\/schema\/logo\/image\/"}},{"@type":"Person","@id":"https:\/\/schoenstatt.com\/pt-pt\/#\/schema\/person\/5158877ad4acae98b34daaeef2a1ce6e","name":"Karen Bueno","image":{"@type":"ImageObject","inLanguage":"pt-PT","@id":"https:\/\/secure.gravatar.com\/avatar\/f9f4b823873154269d2b2130f195f6d41037dd0d7fc5f3cacb5c846bae70d66b?s=96&d=mm&r=g","url":"https:\/\/secure.gravatar.com\/avatar\/f9f4b823873154269d2b2130f195f6d41037dd0d7fc5f3cacb5c846bae70d66b?s=96&d=mm&r=g","contentUrl":"https:\/\/secure.gravatar.com\/avatar\/f9f4b823873154269d2b2130f195f6d41037dd0d7fc5f3cacb5c846bae70d66b?s=96&d=mm&r=g","caption":"Karen Bueno"},"url":"https:\/\/schoenstatt.com\/pt-pt\/author\/karen-bueno\/"}]}},"_links":{"self":[{"href":"https:\/\/schoenstatt.com\/pt-pt\/wp-json\/wp\/v2\/posts\/48989","targetHints":{"allow":["GET"]}}],"collection":[{"href":"https:\/\/schoenstatt.com\/pt-pt\/wp-json\/wp\/v2\/posts"}],"about":[{"href":"https:\/\/schoenstatt.com\/pt-pt\/wp-json\/wp\/v2\/types\/post"}],"author":[{"embeddable":true,"href":"https:\/\/schoenstatt.com\/pt-pt\/wp-json\/wp\/v2\/users\/3"}],"replies":[{"embeddable":true,"href":"https:\/\/schoenstatt.com\/pt-pt\/wp-json\/wp\/v2\/comments?post=48989"}],"version-history":[{"count":1,"href":"https:\/\/schoenstatt.com\/pt-pt\/wp-json\/wp\/v2\/posts\/48989\/revisions"}],"predecessor-version":[{"id":49035,"href":"https:\/\/schoenstatt.com\/pt-pt\/wp-json\/wp\/v2\/posts\/48989\/revisions\/49035"}],"wp:featuredmedia":[{"embeddable":true,"href":"https:\/\/schoenstatt.com\/pt-pt\/wp-json\/wp\/v2\/media\/29977"}],"wp:attachment":[{"href":"https:\/\/schoenstatt.com\/pt-pt\/wp-json\/wp\/v2\/media?parent=48989"}],"wp:term":[{"taxonomy":"category","embeddable":true,"href":"https:\/\/schoenstatt.com\/pt-pt\/wp-json\/wp\/v2\/categories?post=48989"},{"taxonomy":"post_tag","embeddable":true,"href":"https:\/\/schoenstatt.com\/pt-pt\/wp-json\/wp\/v2\/tags?post=48989"}],"curies":[{"name":"wp","href":"https:\/\/api.w.org\/{rel}","templated":true}]}}