{"id":48982,"date":"2023-10-06T06:00:55","date_gmt":"2023-10-06T04:00:55","guid":{"rendered":"https:\/\/schoenstattdev.wpenginepowered.com\/?p=26350"},"modified":"2025-05-16T00:29:17","modified_gmt":"2025-05-15T22:29:17","slug":"alianca-de-amor-presente-em-meio-as-dificuldades","status":"publish","type":"post","link":"https:\/\/schoenstatt.com\/pt-pt\/alianca-de-amor-presente-em-meio-as-dificuldades\/","title":{"rendered":"Alian\u00e7a de Amor &#8211; presente em meio \u00e0s dificuldades"},"content":{"rendered":"<p>Em cada dia 18, os que selaram a Alian\u00e7a de Amor com a M\u00e3e e Rainha Tr\u00eas Vezes Admir\u00e1vel de Schoenstatt (MTA), no mundo inteiro, se encontram espiritualmente, no Santu\u00e1rio, e renovam essa inclus\u00e3o na mesma Alian\u00e7a selada pelo Pe. Jos\u00e9 Kentenich e os seminaristas, em 18 de outubro de 1914, no Santu\u00e1rio Original, em Schoenstatt.<\/p>\n<p>Renovam assim a f\u00e9 na miss\u00e3o que Deus confia \u00e0 MTA, em seus Santu\u00e1rios de Schoenstatt: colaborar para que surja uma nova ordem social, firmada em pessoas renovadas, que vivam com autenticidade a Alian\u00e7a selada com Cristo, em seu batismo.<\/p>\n<p><img fetchpriority=\"high\" decoding=\"async\" class=\"alignnone size-full wp-image-26349\" src=\"https:\/\/schoenstatt.com\/wp-content\/uploads\/2022\/08\/SA-003-scaled-1.jpg\" alt=\"\" width=\"2560\" height=\"1920\" \/><\/p>\n<h3>\u00c9 uma dupla corrente que flui no Santu\u00e1rio:<\/h3>\n<p>Maria ali est\u00e1 presente como a grande Educadora, capaz de atrair os cora\u00e7\u00f5es filiais e transform\u00e1-los em mission\u00e1rios ardorosos. Ao mesmo tempo, esses filhos aliados presenteiam para ela todos os seus esfor\u00e7os na autoeduca\u00e7\u00e3o, semelhante a \u00e1gua na talha, em Can\u00e1 \u2013<a href=\"https:\/\/schoenstattdev.wpenginepowered.com\/pt-pt\/espiritualidade\/capital-de-gracas-quanto-vale-sua-contribuicao\/\"> Capital de Gra\u00e7as<\/a> \u2013 para que, por seu interm\u00e9dio, Jesus continue a realizar milagres de crescimento do Reino de Deus. Dessa din\u00e2mica, que chamamos de Alian\u00e7a de Amor, se mant\u00e9m o Santu\u00e1rio como fonte de gra\u00e7as a jorrar sobre toda a humanidade.<\/p>\n<p><img decoding=\"async\" class=\"alignnone size-full wp-image-26345\" src=\"https:\/\/schoenstatt.com\/wp-content\/uploads\/2022\/08\/Tinaja-de-Capital-de-gracias-1.jpg\" alt=\"\" width=\"1227\" height=\"978\" \/><\/p>\n<p>Pe. Kentenich explica:<em> \u201cOutros lugares de peregrina\u00e7\u00e3o s\u00e3o um livre presente da gra\u00e7a divina. Nosso lugar de gra\u00e7as \u00e9 o resultado de um trabalho comum entre Deus e n\u00f3s, entre a M\u00e3e de Deus e n\u00f3s. Aqui vigora o constante imperativo: Colaborar! Sem n\u00f3s, nada deve acontecer em Schoenstatt\u2026 Schoenstatt vive ou morre segundo nosso s\u00e9rio esfor\u00e7o pela santidade. Outros Santu\u00e1rios existem sem esta condi\u00e7\u00e3o. Mas, Schoenstatt depende de pessoas que realmente se esforcem pela santidade e que unam esse esfor\u00e7o ao nosso Santu\u00e1rio.\u201d<\/em> (O Mist\u00e9rio de Schoenstatt, 1933)<\/p>\n<p>Se a visita da M\u00e3e Peregrina nos lares\u00a0 presenteia tantas gra\u00e7as e realiza tantos milagres, com as gra\u00e7as que Deus derrama no Santu\u00e1rio, se milhares de pessoas aprendem novamente a amar a Jesus e viver em comunidade, \u00e9 porque outros milhares de mission\u00e1rios silenciosos, sem serem conhecidos na publicidade pelo que fazem, vivem fielmente a Alian\u00e7a de Amor que selaram com a MTA.<\/p>\n<h3>Gra\u00e7as do Santu\u00e1rio<\/h3>\n<p>Mais do que nunca precisamos das gra\u00e7as do Santu\u00e1rio e da prote\u00e7\u00e3o de nossa M\u00e3e e Rainha, neste tempo t\u00e3o incerto em que vivemos. Desde a inseguran\u00e7a com o clima, com as guerras, com a pandemia que amea\u00e7a voltar\u2026<\/p>\n<blockquote><p>Renovemos a Alian\u00e7a de Amor! Com alegria, sejamos instrumentos que ajudem a tornar o mundo uma nova terra mariana, fundamentada no amor, na transpar\u00eancia, na Alian\u00e7a com Deus, com as pessoas e com a natureza.<\/p><\/blockquote>\n<p>Fonte: <a href=\"http:\/\/www.schoenstatt.org.br\">www.schoenstatt.org.br<\/a><\/p>\n","protected":false},"excerpt":{"rendered":"<p>\nDeus quer a nossa colabora\u00e7\u00e3o<\/p>\n","protected":false},"author":1,"featured_media":26338,"comment_status":"closed","ping_status":"closed","sticky":false,"template":"","format":"standard","meta":{"footnotes":""},"categories":[916],"tags":[],"class_list":["post-48982","post","type-post","status-publish","format-standard","has-post-thumbnail","hentry","category-espiritualidade-pt-pt"],"yoast_head":"<!-- This site is optimized with the Yoast SEO Premium plugin v27.4 (Yoast SEO v27.5) - https:\/\/yoast.com\/product\/yoast-seo-premium-wordpress\/ -->\n<title>Alian\u00e7a de Amor - presente em meio \u00e0s dificuldades - Schoenstatt<\/title>\n<meta name=\"description\" content=\"Alian\u00e7a de Amor - a cada 18 do m\u00eas, no Santu\u00e1rio Original, para renov\u00e1-lo - para colaborar com uma nova ordem social - para ganhar gra\u00e7as...\" \/>\n<meta name=\"robots\" content=\"index, follow, max-snippet:-1, max-image-preview:large, max-video-preview:-1\" \/>\n<link rel=\"canonical\" href=\"https:\/\/schoenstatt.com\/pt-pt\/alianca-de-amor-presente-em-meio-as-dificuldades\/\" \/>\n<meta property=\"og:locale\" content=\"pt_PT\" \/>\n<meta property=\"og:type\" content=\"article\" \/>\n<meta property=\"og:title\" content=\"Alian\u00e7a de Amor - presente em meio \u00e0s dificuldades\" \/>\n<meta property=\"og:description\" content=\"Alian\u00e7a de Amor - a cada 18 do m\u00eas, no Santu\u00e1rio Original, para renov\u00e1-lo - para colaborar com uma nova ordem social - para ganhar gra\u00e7as...\" \/>\n<meta property=\"og:url\" content=\"https:\/\/schoenstatt.com\/pt-pt\/alianca-de-amor-presente-em-meio-as-dificuldades\/\" \/>\n<meta property=\"og:site_name\" content=\"Schoenstatt\" \/>\n<meta property=\"article:published_time\" content=\"2023-10-06T04:00:55+00:00\" \/>\n<meta property=\"article:modified_time\" content=\"2025-05-15T22:29:17+00:00\" \/>\n<meta property=\"og:image\" content=\"https:\/\/schoenstatt.com\/wp-content\/uploads\/2022\/08\/SA-001-scaled-1.jpg\" \/>\n\t<meta property=\"og:image:width\" content=\"2560\" \/>\n\t<meta property=\"og:image:height\" content=\"1788\" \/>\n\t<meta property=\"og:image:type\" content=\"image\/jpeg\" \/>\n<meta name=\"author\" content=\"admin\" \/>\n<meta name=\"twitter:card\" content=\"summary_large_image\" \/>\n<meta name=\"twitter:label1\" content=\"Escrito por\" \/>\n\t<meta name=\"twitter:data1\" content=\"admin\" \/>\n\t<meta name=\"twitter:label2\" content=\"Tempo estimado de leitura\" \/>\n\t<meta name=\"twitter:data2\" content=\"3 minutos\" \/>\n<script type=\"application\/ld+json\" class=\"yoast-schema-graph\">{\"@context\":\"https:\\\/\\\/schema.org\",\"@graph\":[{\"@type\":\"Article\",\"@id\":\"https:\\\/\\\/schoenstatt.com\\\/pt-pt\\\/alianca-de-amor-presente-em-meio-as-dificuldades\\\/#article\",\"isPartOf\":{\"@id\":\"https:\\\/\\\/schoenstatt.com\\\/pt-pt\\\/alianca-de-amor-presente-em-meio-as-dificuldades\\\/\"},\"author\":{\"name\":\"admin\",\"@id\":\"https:\\\/\\\/schoenstatt.com\\\/pt-pt\\\/#\\\/schema\\\/person\\\/489465b1850e7b216fe2c10dfc262551\"},\"headline\":\"Alian\u00e7a de Amor &#8211; presente em meio \u00e0s dificuldades\",\"datePublished\":\"2023-10-06T04:00:55+00:00\",\"dateModified\":\"2025-05-15T22:29:17+00:00\",\"mainEntityOfPage\":{\"@id\":\"https:\\\/\\\/schoenstatt.com\\\/pt-pt\\\/alianca-de-amor-presente-em-meio-as-dificuldades\\\/\"},\"wordCount\":479,\"publisher\":{\"@id\":\"https:\\\/\\\/schoenstatt.com\\\/pt-pt\\\/#organization\"},\"image\":{\"@id\":\"https:\\\/\\\/schoenstatt.com\\\/pt-pt\\\/alianca-de-amor-presente-em-meio-as-dificuldades\\\/#primaryimage\"},\"thumbnailUrl\":\"https:\\\/\\\/schoenstatt.com\\\/wp-content\\\/uploads\\\/2022\\\/08\\\/SA-001-scaled-1.jpg\",\"articleSection\":[\"Espiritualidade\"],\"inLanguage\":\"pt-PT\"},{\"@type\":\"WebPage\",\"@id\":\"https:\\\/\\\/schoenstatt.com\\\/pt-pt\\\/alianca-de-amor-presente-em-meio-as-dificuldades\\\/\",\"url\":\"https:\\\/\\\/schoenstatt.com\\\/pt-pt\\\/alianca-de-amor-presente-em-meio-as-dificuldades\\\/\",\"name\":\"Alian\u00e7a de Amor - presente em meio \u00e0s dificuldades - Schoenstatt\",\"isPartOf\":{\"@id\":\"https:\\\/\\\/schoenstatt.com\\\/pt-pt\\\/#website\"},\"primaryImageOfPage\":{\"@id\":\"https:\\\/\\\/schoenstatt.com\\\/pt-pt\\\/alianca-de-amor-presente-em-meio-as-dificuldades\\\/#primaryimage\"},\"image\":{\"@id\":\"https:\\\/\\\/schoenstatt.com\\\/pt-pt\\\/alianca-de-amor-presente-em-meio-as-dificuldades\\\/#primaryimage\"},\"thumbnailUrl\":\"https:\\\/\\\/schoenstatt.com\\\/wp-content\\\/uploads\\\/2022\\\/08\\\/SA-001-scaled-1.jpg\",\"datePublished\":\"2023-10-06T04:00:55+00:00\",\"dateModified\":\"2025-05-15T22:29:17+00:00\",\"description\":\"Alian\u00e7a de Amor - a cada 18 do m\u00eas, no Santu\u00e1rio Original, para renov\u00e1-lo - para colaborar com uma nova ordem social - para ganhar gra\u00e7as...\",\"breadcrumb\":{\"@id\":\"https:\\\/\\\/schoenstatt.com\\\/pt-pt\\\/alianca-de-amor-presente-em-meio-as-dificuldades\\\/#breadcrumb\"},\"inLanguage\":\"pt-PT\",\"potentialAction\":[{\"@type\":\"ReadAction\",\"target\":[\"https:\\\/\\\/schoenstatt.com\\\/pt-pt\\\/alianca-de-amor-presente-em-meio-as-dificuldades\\\/\"]}]},{\"@type\":\"ImageObject\",\"inLanguage\":\"pt-PT\",\"@id\":\"https:\\\/\\\/schoenstatt.com\\\/pt-pt\\\/alianca-de-amor-presente-em-meio-as-dificuldades\\\/#primaryimage\",\"url\":\"https:\\\/\\\/schoenstatt.com\\\/wp-content\\\/uploads\\\/2022\\\/08\\\/SA-001-scaled-1.jpg\",\"contentUrl\":\"https:\\\/\\\/schoenstatt.com\\\/wp-content\\\/uploads\\\/2022\\\/08\\\/SA-001-scaled-1.jpg\",\"width\":2560,\"height\":1788,\"caption\":\"Das Liebesb\u00fcndnis\"},{\"@type\":\"BreadcrumbList\",\"@id\":\"https:\\\/\\\/schoenstatt.com\\\/pt-pt\\\/alianca-de-amor-presente-em-meio-as-dificuldades\\\/#breadcrumb\",\"itemListElement\":[{\"@type\":\"ListItem\",\"position\":1,\"name\":\"Portada\",\"item\":\"https:\\\/\\\/schoenstatt.com\\\/pt-pt\\\/home\\\/\"},{\"@type\":\"ListItem\",\"position\":2,\"name\":\"Alian\u00e7a de Amor &#8211; presente em meio \u00e0s dificuldades\"}]},{\"@type\":\"WebSite\",\"@id\":\"https:\\\/\\\/schoenstatt.com\\\/pt-pt\\\/#website\",\"url\":\"https:\\\/\\\/schoenstatt.com\\\/pt-pt\\\/\",\"name\":\"Schoenstatt\",\"description\":\"Apostolic Movement\",\"publisher\":{\"@id\":\"https:\\\/\\\/schoenstatt.com\\\/pt-pt\\\/#organization\"},\"potentialAction\":[{\"@type\":\"SearchAction\",\"target\":{\"@type\":\"EntryPoint\",\"urlTemplate\":\"https:\\\/\\\/schoenstatt.com\\\/pt-pt\\\/?s={search_term_string}\"},\"query-input\":{\"@type\":\"PropertyValueSpecification\",\"valueRequired\":true,\"valueName\":\"search_term_string\"}}],\"inLanguage\":\"pt-PT\"},{\"@type\":\"Organization\",\"@id\":\"https:\\\/\\\/schoenstatt.com\\\/pt-pt\\\/#organization\",\"name\":\"Schoenstatt\",\"url\":\"https:\\\/\\\/schoenstatt.com\\\/pt-pt\\\/\",\"logo\":{\"@type\":\"ImageObject\",\"inLanguage\":\"pt-PT\",\"@id\":\"https:\\\/\\\/schoenstatt.com\\\/pt-pt\\\/#\\\/schema\\\/logo\\\/image\\\/\",\"url\":\"https:\\\/\\\/schoenstatt.com\\\/wp-content\\\/uploads\\\/2025\\\/04\\\/logo-schoenstatt-white-696x696-1.png\",\"contentUrl\":\"https:\\\/\\\/schoenstatt.com\\\/wp-content\\\/uploads\\\/2025\\\/04\\\/logo-schoenstatt-white-696x696-1.png\",\"width\":696,\"height\":694,\"caption\":\"Schoenstatt\"},\"image\":{\"@id\":\"https:\\\/\\\/schoenstatt.com\\\/pt-pt\\\/#\\\/schema\\\/logo\\\/image\\\/\"}},{\"@type\":\"Person\",\"@id\":\"https:\\\/\\\/schoenstatt.com\\\/pt-pt\\\/#\\\/schema\\\/person\\\/489465b1850e7b216fe2c10dfc262551\",\"name\":\"admin\",\"image\":{\"@type\":\"ImageObject\",\"inLanguage\":\"pt-PT\",\"@id\":\"https:\\\/\\\/secure.gravatar.com\\\/avatar\\\/02e8345e1ec40ab0e0a2a98fdde64a684bbaf994cddcb778b25b8b024ee9dfe6?s=96&d=mm&r=g\",\"url\":\"https:\\\/\\\/secure.gravatar.com\\\/avatar\\\/02e8345e1ec40ab0e0a2a98fdde64a684bbaf994cddcb778b25b8b024ee9dfe6?s=96&d=mm&r=g\",\"contentUrl\":\"https:\\\/\\\/secure.gravatar.com\\\/avatar\\\/02e8345e1ec40ab0e0a2a98fdde64a684bbaf994cddcb778b25b8b024ee9dfe6?s=96&d=mm&r=g\",\"caption\":\"admin\"},\"sameAs\":[\"https:\\\/\\\/schoenstatt.com\"],\"url\":\"https:\\\/\\\/schoenstatt.com\\\/pt-pt\\\/author\\\/admin\\\/\"}]}<\/script>\n<!-- \/ Yoast SEO Premium plugin. -->","yoast_head_json":{"title":"Alian\u00e7a de Amor - presente em meio \u00e0s dificuldades - Schoenstatt","description":"Alian\u00e7a de Amor - a cada 18 do m\u00eas, no Santu\u00e1rio Original, para renov\u00e1-lo - para colaborar com uma nova ordem social - para ganhar gra\u00e7as...","robots":{"index":"index","follow":"follow","max-snippet":"max-snippet:-1","max-image-preview":"max-image-preview:large","max-video-preview":"max-video-preview:-1"},"canonical":"https:\/\/schoenstatt.com\/pt-pt\/alianca-de-amor-presente-em-meio-as-dificuldades\/","og_locale":"pt_PT","og_type":"article","og_title":"Alian\u00e7a de Amor - presente em meio \u00e0s dificuldades","og_description":"Alian\u00e7a de Amor - a cada 18 do m\u00eas, no Santu\u00e1rio Original, para renov\u00e1-lo - para colaborar com uma nova ordem social - para ganhar gra\u00e7as...","og_url":"https:\/\/schoenstatt.com\/pt-pt\/alianca-de-amor-presente-em-meio-as-dificuldades\/","og_site_name":"Schoenstatt","article_published_time":"2023-10-06T04:00:55+00:00","article_modified_time":"2025-05-15T22:29:17+00:00","og_image":[{"width":2560,"height":1788,"url":"https:\/\/schoenstatt.com\/wp-content\/uploads\/2022\/08\/SA-001-scaled-1.jpg","type":"image\/jpeg"}],"author":"admin","twitter_card":"summary_large_image","twitter_misc":{"Escrito por":"admin","Tempo estimado de leitura":"3 minutos"},"schema":{"@context":"https:\/\/schema.org","@graph":[{"@type":"Article","@id":"https:\/\/schoenstatt.com\/pt-pt\/alianca-de-amor-presente-em-meio-as-dificuldades\/#article","isPartOf":{"@id":"https:\/\/schoenstatt.com\/pt-pt\/alianca-de-amor-presente-em-meio-as-dificuldades\/"},"author":{"name":"admin","@id":"https:\/\/schoenstatt.com\/pt-pt\/#\/schema\/person\/489465b1850e7b216fe2c10dfc262551"},"headline":"Alian\u00e7a de Amor &#8211; presente em meio \u00e0s dificuldades","datePublished":"2023-10-06T04:00:55+00:00","dateModified":"2025-05-15T22:29:17+00:00","mainEntityOfPage":{"@id":"https:\/\/schoenstatt.com\/pt-pt\/alianca-de-amor-presente-em-meio-as-dificuldades\/"},"wordCount":479,"publisher":{"@id":"https:\/\/schoenstatt.com\/pt-pt\/#organization"},"image":{"@id":"https:\/\/schoenstatt.com\/pt-pt\/alianca-de-amor-presente-em-meio-as-dificuldades\/#primaryimage"},"thumbnailUrl":"https:\/\/schoenstatt.com\/wp-content\/uploads\/2022\/08\/SA-001-scaled-1.jpg","articleSection":["Espiritualidade"],"inLanguage":"pt-PT"},{"@type":"WebPage","@id":"https:\/\/schoenstatt.com\/pt-pt\/alianca-de-amor-presente-em-meio-as-dificuldades\/","url":"https:\/\/schoenstatt.com\/pt-pt\/alianca-de-amor-presente-em-meio-as-dificuldades\/","name":"Alian\u00e7a de Amor - presente em meio \u00e0s dificuldades - Schoenstatt","isPartOf":{"@id":"https:\/\/schoenstatt.com\/pt-pt\/#website"},"primaryImageOfPage":{"@id":"https:\/\/schoenstatt.com\/pt-pt\/alianca-de-amor-presente-em-meio-as-dificuldades\/#primaryimage"},"image":{"@id":"https:\/\/schoenstatt.com\/pt-pt\/alianca-de-amor-presente-em-meio-as-dificuldades\/#primaryimage"},"thumbnailUrl":"https:\/\/schoenstatt.com\/wp-content\/uploads\/2022\/08\/SA-001-scaled-1.jpg","datePublished":"2023-10-06T04:00:55+00:00","dateModified":"2025-05-15T22:29:17+00:00","description":"Alian\u00e7a de Amor - a cada 18 do m\u00eas, no Santu\u00e1rio Original, para renov\u00e1-lo - para colaborar com uma nova ordem social - para ganhar gra\u00e7as...","breadcrumb":{"@id":"https:\/\/schoenstatt.com\/pt-pt\/alianca-de-amor-presente-em-meio-as-dificuldades\/#breadcrumb"},"inLanguage":"pt-PT","potentialAction":[{"@type":"ReadAction","target":["https:\/\/schoenstatt.com\/pt-pt\/alianca-de-amor-presente-em-meio-as-dificuldades\/"]}]},{"@type":"ImageObject","inLanguage":"pt-PT","@id":"https:\/\/schoenstatt.com\/pt-pt\/alianca-de-amor-presente-em-meio-as-dificuldades\/#primaryimage","url":"https:\/\/schoenstatt.com\/wp-content\/uploads\/2022\/08\/SA-001-scaled-1.jpg","contentUrl":"https:\/\/schoenstatt.com\/wp-content\/uploads\/2022\/08\/SA-001-scaled-1.jpg","width":2560,"height":1788,"caption":"Das Liebesb\u00fcndnis"},{"@type":"BreadcrumbList","@id":"https:\/\/schoenstatt.com\/pt-pt\/alianca-de-amor-presente-em-meio-as-dificuldades\/#breadcrumb","itemListElement":[{"@type":"ListItem","position":1,"name":"Portada","item":"https:\/\/schoenstatt.com\/pt-pt\/home\/"},{"@type":"ListItem","position":2,"name":"Alian\u00e7a de Amor &#8211; presente em meio \u00e0s dificuldades"}]},{"@type":"WebSite","@id":"https:\/\/schoenstatt.com\/pt-pt\/#website","url":"https:\/\/schoenstatt.com\/pt-pt\/","name":"Schoenstatt","description":"Apostolic Movement","publisher":{"@id":"https:\/\/schoenstatt.com\/pt-pt\/#organization"},"potentialAction":[{"@type":"SearchAction","target":{"@type":"EntryPoint","urlTemplate":"https:\/\/schoenstatt.com\/pt-pt\/?s={search_term_string}"},"query-input":{"@type":"PropertyValueSpecification","valueRequired":true,"valueName":"search_term_string"}}],"inLanguage":"pt-PT"},{"@type":"Organization","@id":"https:\/\/schoenstatt.com\/pt-pt\/#organization","name":"Schoenstatt","url":"https:\/\/schoenstatt.com\/pt-pt\/","logo":{"@type":"ImageObject","inLanguage":"pt-PT","@id":"https:\/\/schoenstatt.com\/pt-pt\/#\/schema\/logo\/image\/","url":"https:\/\/schoenstatt.com\/wp-content\/uploads\/2025\/04\/logo-schoenstatt-white-696x696-1.png","contentUrl":"https:\/\/schoenstatt.com\/wp-content\/uploads\/2025\/04\/logo-schoenstatt-white-696x696-1.png","width":696,"height":694,"caption":"Schoenstatt"},"image":{"@id":"https:\/\/schoenstatt.com\/pt-pt\/#\/schema\/logo\/image\/"}},{"@type":"Person","@id":"https:\/\/schoenstatt.com\/pt-pt\/#\/schema\/person\/489465b1850e7b216fe2c10dfc262551","name":"admin","image":{"@type":"ImageObject","inLanguage":"pt-PT","@id":"https:\/\/secure.gravatar.com\/avatar\/02e8345e1ec40ab0e0a2a98fdde64a684bbaf994cddcb778b25b8b024ee9dfe6?s=96&d=mm&r=g","url":"https:\/\/secure.gravatar.com\/avatar\/02e8345e1ec40ab0e0a2a98fdde64a684bbaf994cddcb778b25b8b024ee9dfe6?s=96&d=mm&r=g","contentUrl":"https:\/\/secure.gravatar.com\/avatar\/02e8345e1ec40ab0e0a2a98fdde64a684bbaf994cddcb778b25b8b024ee9dfe6?s=96&d=mm&r=g","caption":"admin"},"sameAs":["https:\/\/schoenstatt.com"],"url":"https:\/\/schoenstatt.com\/pt-pt\/author\/admin\/"}]}},"_links":{"self":[{"href":"https:\/\/schoenstatt.com\/pt-pt\/wp-json\/wp\/v2\/posts\/48982","targetHints":{"allow":["GET"]}}],"collection":[{"href":"https:\/\/schoenstatt.com\/pt-pt\/wp-json\/wp\/v2\/posts"}],"about":[{"href":"https:\/\/schoenstatt.com\/pt-pt\/wp-json\/wp\/v2\/types\/post"}],"author":[{"embeddable":true,"href":"https:\/\/schoenstatt.com\/pt-pt\/wp-json\/wp\/v2\/users\/1"}],"replies":[{"embeddable":true,"href":"https:\/\/schoenstatt.com\/pt-pt\/wp-json\/wp\/v2\/comments?post=48982"}],"version-history":[{"count":1,"href":"https:\/\/schoenstatt.com\/pt-pt\/wp-json\/wp\/v2\/posts\/48982\/revisions"}],"predecessor-version":[{"id":48997,"href":"https:\/\/schoenstatt.com\/pt-pt\/wp-json\/wp\/v2\/posts\/48982\/revisions\/48997"}],"wp:featuredmedia":[{"embeddable":true,"href":"https:\/\/schoenstatt.com\/pt-pt\/wp-json\/wp\/v2\/media\/26338"}],"wp:attachment":[{"href":"https:\/\/schoenstatt.com\/pt-pt\/wp-json\/wp\/v2\/media?parent=48982"}],"wp:term":[{"taxonomy":"category","embeddable":true,"href":"https:\/\/schoenstatt.com\/pt-pt\/wp-json\/wp\/v2\/categories?post=48982"},{"taxonomy":"post_tag","embeddable":true,"href":"https:\/\/schoenstatt.com\/pt-pt\/wp-json\/wp\/v2\/tags?post=48982"}],"curies":[{"name":"wp","href":"https:\/\/api.w.org\/{rel}","templated":true}]}}