{"id":48921,"date":"2025-04-27T17:56:39","date_gmt":"2025-04-27T15:56:39","guid":{"rendered":"https:\/\/schoenstatt.com\/?p=48921"},"modified":"2025-08-21T04:04:13","modified_gmt":"2025-08-21T02:04:13","slug":"schoenstatt-se-despede-do-papa-francisco","status":"publish","type":"post","link":"https:\/\/schoenstatt.com\/pt-pt\/schoenstatt-se-despede-do-papa-francisco\/","title":{"rendered":"Schoenstatt se despede do Papa Francisco"},"content":{"rendered":"\n<p>O t\u00edtulo desta mat\u00e9ria traz a palavra <strong>\u201cdespedida\u201d<\/strong>, mas ela certamente n\u00e3o \u00e9 a melhor express\u00e3o para definir a presen\u00e7a dos schoenstattianos nas celebra\u00e7\u00f5es lit\u00fargicas de sepultamento do Papa Francisco. Com o adeus ao Santo Padre, surge um novo <strong>ENTUSIASMO <\/strong>para levar adiante seu legado e a heran\u00e7a que ele deixou ao Movimento e \u00e0 toda Igreja.<\/p>\n\n\n\n<p>Diversos membros do Movimento Apost\u00f3lico de Schoenstatt estiveram em Roma e participaram da solenidade de sepultamento do Papa neste s\u00e1bado, dia 26 de abril. <strong>O arcebispo Dom Ignazio Sanna<\/strong>, presidente da Pontif\u00edcia Academia de Teologia e membro do Instituto dos Sacerdotes Diocesanos de Schoenstatt, comenta sobre os \u00faltimos dias vividos: <em>\u201cA mensagem de Francisco \u00e9 muito rica. Entre suas muitas palavras, as que ouvimos com mais frequ\u00eancia, nesses dias, foram: Igreja em miss\u00e3o, miseric\u00f3rdia infinita de Deus, bem supremo da paz, testemunhas da esperan\u00e7a.\u201d<\/em><\/p>\n\n\n\n<p>Para Dom Sanna, a partir do falecimento do Papa, renasce o sentimento de fidelidade e amor \u00e0 Igreja: <em>\u201cPenso que Schoenstatt deve permanecer fiel ao seu programa de amor \u00e0 Igreja. Igreja em sa\u00edda, Igreja como hospital de campanha, Igreja aberta a todos. Esta \u00e9 a Igreja p\u00f3s-conciliar das novas margens.\u201d<\/em><\/p>\n\n\n\n<figure class=\"wp-block-image size-full\"><img fetchpriority=\"high\" decoding=\"async\" width=\"592\" height=\"790\" src=\"https:\/\/schoenstatt.com\/wp-content\/uploads\/2025\/04\/padres-de-schoenstatt.jpg\" alt=\"\" class=\"wp-image-48930\" \/><figcaption class=\"wp-element-caption\">Padres de Schoenstatt<\/figcaption><\/figure>\n\n\n\n<h3 class=\"wp-block-heading\" id=\"h-um-momento-de-tristeza-e-de-gratidao\">Um momento de tristeza e de gratid\u00e3o<\/h3>\n\n\n\n<p>O <strong>Pe. Alexandre Awi Mello<\/strong>, presidente da Presid\u00eancia Internacional de Schoenstatt, disse que esses dias foram vividos <em>&#8220;com muita gratid\u00e3o no cora\u00e7\u00e3o e tamb\u00e9m com tristeza pela sua partida&#8221;.<\/em><\/p>\n\n\n\n<p>Em entrevista ao <a href=\"https:\/\/www.vaticannews.va\/pt\/igreja\/news\/2025-04\/papa-francisco-morte-21-abril-2025-depoimento-pe-alexandre-awi.html\" target=\"_blank\" rel=\"noreferrer noopener\">Vatican News (reda\u00e7\u00e3o de l\u00edngua portuguesa)<\/a>, ele menciona suas \u00faltimas palavras ao Papa:<\/p>\n\n\n\n<p><em>\u201c\u00c9 dif\u00edcil. Simplesmente muito obrigado. E acho que isso a Igreja inteira diz. E n\u00e3o s\u00f3 a Igreja: esse \u2018muito obrigado\u2019 \u00e9 de toda a humanidade. Estes dias me escreveu um amigo ateu e me disse assim: &#8216;voc\u00ea sabe que eu sou ateu, mas eu estou triste, porque o mundo precisa de pessoas como o Papa Francisco&#8217;. E, de fato, o mundo inteiro neste momento agradece. Obrigado, Papa Francisco, por acreditar na humanidade\u201d<\/em>.<\/p>\n\n\n\n<figure class=\"wp-block-image size-full\"><img decoding=\"async\" width=\"2048\" height=\"1422\" src=\"https:\/\/schoenstatt.com\/wp-content\/uploads\/2025\/04\/Schoenstatt-Sisters-of-Mary-in-Rome.jpg\" alt=\"\" class=\"wp-image-48925\" srcset=\"https:\/\/schoenstatt.com\/wp-content\/uploads\/2025\/04\/Schoenstatt-Sisters-of-Mary-in-Rome.jpg 2048w, https:\/\/schoenstatt.com\/wp-content\/uploads\/2025\/04\/Schoenstatt-Sisters-of-Mary-in-Rome-768x533.jpg 768w, https:\/\/schoenstatt.com\/wp-content\/uploads\/2025\/04\/Schoenstatt-Sisters-of-Mary-in-Rome-1536x1067.jpg 1536w\" sizes=\"(max-width: 2048px) 100vw, 2048px\" \/><figcaption class=\"wp-element-caption\">Irm\u00e3s de Maria<\/figcaption><\/figure>\n\n\n\n<h3 class=\"wp-block-heading\" id=\"h-vimos-uma-igreja-jovem-e-viva-em-roma\">Vimos uma Igreja jovem e viva em Roma<\/h3>\n\n\n\n<p>A <strong>Ir. M. Lisianne Braunbeck<\/strong>, membro da Dire\u00e7\u00e3o Geral das Irm\u00e3s de Maria, comenta suas impress\u00f5es sobre a viv\u00eancia em Roma:<em> \u201cFoi impressionante ver tantos jovens presentes e participando desse evento. Vimos uma Igreja jovem e viva. E, apesar da grande multid\u00e3o, havia uma palp\u00e1vel atmosfera religiosa. Os diferentes gestos foram muito expressivos, por exemplo, o fato de todos os chefes de Estado terem se despedido diante do caix\u00e3o, os cardeais terem formado uma guarda de honra ao final, na Bas\u00edlica de S\u00e3o Pedro\u2026 Em uma faixa que alguns jovens levavam, podia-se ler: \u2018Obrigado, Papa Francisco! N\u00e3o vamos deixar roubar nossa esperan\u00e7a!\u2019 Acho que isso resume bem o clima.\u201d<\/em><\/p>\n\n\n\n<h3 class=\"wp-block-heading\" id=\"h-as-comunidades-representadas\">As comunidades representadas<\/h3>\n\n\n\n<p>\u00c9 imposs\u00edvel mencionar todos os schoenstattianos que participaram da solenidade na Pra\u00e7a de S\u00e3o Pedro, mas aqui reunimos os nomes dos representantes que algumas comunidades enviaram. Al\u00e9m desses, v\u00e1rios integrantes da Liga Apost\u00f3lica e dos Peregrinos de Schoenstatt estiveram em Roma.<\/p>\n\n\n\n<figure class=\"wp-block-image size-full\"><img decoding=\"async\" width=\"2048\" height=\"1536\" src=\"https:\/\/schoenstatt.com\/wp-content\/uploads\/2025\/04\/schoenstatters-in-rome-italy.jpg\" alt=\"\" class=\"wp-image-48935\" srcset=\"https:\/\/schoenstatt.com\/wp-content\/uploads\/2025\/04\/schoenstatters-in-rome-italy.jpg 2048w, https:\/\/schoenstatt.com\/wp-content\/uploads\/2025\/04\/schoenstatters-in-rome-italy-768x576.jpg 768w, https:\/\/schoenstatt.com\/wp-content\/uploads\/2025\/04\/schoenstatters-in-rome-italy-1536x1152.jpg 1536w\" sizes=\"(max-width: 2048px) 100vw, 2048px\" \/><\/figure>\n\n\n\n<p>Os<strong> Padres de Schoenstatt<\/strong> se fizeram presentes com seu superior geral, Pe. Alexandre Awi Mello, tamb\u00e9m os sacerdotes que atualmente vivem na It\u00e1lia: Pe. Pablo Perez, Pe. Pablo Martinez, Pe. Beltr\u00e1n Gomez, P. Andr\u00e9s Rodrigues, e dois sacerdotes que est\u00e3o estudando em Roma: Pe. Felipe Perez e Pe. Miguel Rocha.<\/p>\n\n\n\n<p>O<strong> Instituto dos Sacerdotes Diocesanos<\/strong> foi representado por Dom Ignazio Sanna, arcebispo em\u00e9rito de Oristano.<\/p>\n\n\n\n<p>Pela <strong>Uni\u00e3o dos Sacerdotes<\/strong>, participou o bispo auxiliar da Arquidiocese de La Plata, Dom Jorge Gonz\u00e1lez.<\/p>\n\n\n\n<p>As <strong>Irm\u00e3s de Maria<\/strong> enviaram duas integrantes da Dire\u00e7\u00e3o Geral: a Ir. Andra-Maria Lingscheid e a Ir. M. Lisianne Braunbeck. Tamb\u00e9m duas Irm\u00e3s de Maria da Argentina foram a Roma para a celebra\u00e7\u00e3o: Ir. Mar\u00eda del Milagro Figueroa e Ir. Mar\u00eda de los \u00c1ngeles. Junto delas estavam todas as Irm\u00e3s de Maria que vivem em Roma.<\/p>\n\n\n\n<p>O<strong> Instituto de Fam\u00edlias de Schoenstatt<\/strong> foi representado pela fam\u00edlia de Arnulf e Mariette Rausch, da Alemanha, e duas fam\u00edlias da Espanha: Jordi e Casilda Pares, I\u00f1aqui e Macarena Laguna.<\/p>\n\n\n\n<p>Diversos membros do Movimento de Schoenstatt da It\u00e1lia tamb\u00e9m estiveram presentes. Nesse dia de despedida, espalhados por diferentes locais de Roma, em todos ecoava o mesmo sentimento de gratid\u00e3o e o desejo de fazer vivo o esp\u00edrito do Papa Francisco para incendiar o mundo nos pr\u00f3ximos anos.<\/p>\n","protected":false},"excerpt":{"rendered":"<p>Diversos schoenstattianos estiveram em Roma para o sepultamento do Papa Francisco e nos contam suas impress\u00f5es.<\/p>\n","protected":false},"author":3,"featured_media":48925,"comment_status":"closed","ping_status":"closed","sticky":false,"template":"","format":"standard","meta":{"footnotes":""},"categories":[908,608,906],"tags":[1295,1301,1107],"class_list":["post-48921","post","type-post","status-publish","format-standard","has-post-thumbnail","hentry","category-comunidades-de-schoenstatt-pt-pt","category-igreja-pt-pt","category-papa-francisco-pt-pt","tag-igreja-pt-pt","tag-papa-francisco-pt-pt","tag-roma-pt-pt"],"yoast_head":"<!-- This site is optimized with the Yoast SEO Premium plugin v27.4 (Yoast SEO v27.5) - https:\/\/yoast.com\/product\/yoast-seo-premium-wordpress\/ -->\n<title>Schoenstatt se despede do Papa Francisco - Schoenstatt<\/title>\n<meta name=\"description\" content=\"Diversos schoenstattianos estiveram em Roma para o sepultamento do Papa Francisco e nos contam suas impress\u00f5es.\" \/>\n<meta name=\"robots\" content=\"index, follow, max-snippet:-1, max-image-preview:large, max-video-preview:-1\" \/>\n<link rel=\"canonical\" href=\"https:\/\/schoenstatt.com\/pt-pt\/schoenstatt-se-despede-do-papa-francisco\/\" \/>\n<meta property=\"og:locale\" content=\"pt_PT\" \/>\n<meta property=\"og:type\" content=\"article\" \/>\n<meta property=\"og:title\" content=\"Schoenstatt se despede do Papa Francisco\" \/>\n<meta property=\"og:description\" content=\"Diversos schoenstattianos estiveram em Roma para o sepultamento do Papa Francisco e nos contam suas impress\u00f5es.\" \/>\n<meta property=\"og:url\" content=\"https:\/\/schoenstatt.com\/pt-pt\/schoenstatt-se-despede-do-papa-francisco\/\" \/>\n<meta property=\"og:site_name\" content=\"Schoenstatt\" \/>\n<meta property=\"article:published_time\" content=\"2025-04-27T15:56:39+00:00\" \/>\n<meta property=\"article:modified_time\" content=\"2025-08-21T02:04:13+00:00\" \/>\n<meta property=\"og:image\" content=\"https:\/\/schoenstatt.com\/wp-content\/uploads\/2025\/04\/Schoenstatt-Sisters-of-Mary-in-Rome.jpg\" \/>\n\t<meta property=\"og:image:width\" content=\"2048\" \/>\n\t<meta property=\"og:image:height\" content=\"1422\" \/>\n\t<meta property=\"og:image:type\" content=\"image\/jpeg\" \/>\n<meta name=\"author\" content=\"Karen Bueno\" \/>\n<meta name=\"twitter:card\" content=\"summary_large_image\" \/>\n<meta name=\"twitter:label1\" content=\"Escrito por\" \/>\n\t<meta name=\"twitter:data1\" content=\"Karen Bueno\" \/>\n\t<meta name=\"twitter:label2\" content=\"Tempo estimado de leitura\" \/>\n\t<meta name=\"twitter:data2\" content=\"5 minutos\" \/>\n<script type=\"application\/ld+json\" class=\"yoast-schema-graph\">{\"@context\":\"https:\\\/\\\/schema.org\",\"@graph\":[{\"@type\":\"Article\",\"@id\":\"https:\\\/\\\/schoenstatt.com\\\/pt-pt\\\/schoenstatt-se-despede-do-papa-francisco\\\/#article\",\"isPartOf\":{\"@id\":\"https:\\\/\\\/schoenstatt.com\\\/pt-pt\\\/schoenstatt-se-despede-do-papa-francisco\\\/\"},\"author\":{\"name\":\"Karen Bueno\",\"@id\":\"https:\\\/\\\/schoenstatt.com\\\/pt-pt\\\/#\\\/schema\\\/person\\\/5158877ad4acae98b34daaeef2a1ce6e\"},\"headline\":\"Schoenstatt se despede do Papa Francisco\",\"datePublished\":\"2025-04-27T15:56:39+00:00\",\"dateModified\":\"2025-08-21T02:04:13+00:00\",\"mainEntityOfPage\":{\"@id\":\"https:\\\/\\\/schoenstatt.com\\\/pt-pt\\\/schoenstatt-se-despede-do-papa-francisco\\\/\"},\"wordCount\":763,\"publisher\":{\"@id\":\"https:\\\/\\\/schoenstatt.com\\\/pt-pt\\\/#organization\"},\"image\":{\"@id\":\"https:\\\/\\\/schoenstatt.com\\\/pt-pt\\\/schoenstatt-se-despede-do-papa-francisco\\\/#primaryimage\"},\"thumbnailUrl\":\"https:\\\/\\\/schoenstatt.com\\\/wp-content\\\/uploads\\\/2025\\\/04\\\/Schoenstatt-Sisters-of-Mary-in-Rome.jpg\",\"keywords\":[\"Igreja\",\"Papa Francisco\",\"Roma\"],\"articleSection\":[\"Comunidades de Schoenstatt\",\"Igreja\",\"Papa Francisco\"],\"inLanguage\":\"pt-PT\"},{\"@type\":\"WebPage\",\"@id\":\"https:\\\/\\\/schoenstatt.com\\\/pt-pt\\\/schoenstatt-se-despede-do-papa-francisco\\\/\",\"url\":\"https:\\\/\\\/schoenstatt.com\\\/pt-pt\\\/schoenstatt-se-despede-do-papa-francisco\\\/\",\"name\":\"Schoenstatt se despede do Papa Francisco - Schoenstatt\",\"isPartOf\":{\"@id\":\"https:\\\/\\\/schoenstatt.com\\\/pt-pt\\\/#website\"},\"primaryImageOfPage\":{\"@id\":\"https:\\\/\\\/schoenstatt.com\\\/pt-pt\\\/schoenstatt-se-despede-do-papa-francisco\\\/#primaryimage\"},\"image\":{\"@id\":\"https:\\\/\\\/schoenstatt.com\\\/pt-pt\\\/schoenstatt-se-despede-do-papa-francisco\\\/#primaryimage\"},\"thumbnailUrl\":\"https:\\\/\\\/schoenstatt.com\\\/wp-content\\\/uploads\\\/2025\\\/04\\\/Schoenstatt-Sisters-of-Mary-in-Rome.jpg\",\"datePublished\":\"2025-04-27T15:56:39+00:00\",\"dateModified\":\"2025-08-21T02:04:13+00:00\",\"description\":\"Diversos schoenstattianos estiveram em Roma para o sepultamento do Papa Francisco e nos contam suas impress\u00f5es.\",\"breadcrumb\":{\"@id\":\"https:\\\/\\\/schoenstatt.com\\\/pt-pt\\\/schoenstatt-se-despede-do-papa-francisco\\\/#breadcrumb\"},\"inLanguage\":\"pt-PT\",\"potentialAction\":[{\"@type\":\"ReadAction\",\"target\":[\"https:\\\/\\\/schoenstatt.com\\\/pt-pt\\\/schoenstatt-se-despede-do-papa-francisco\\\/\"]}]},{\"@type\":\"ImageObject\",\"inLanguage\":\"pt-PT\",\"@id\":\"https:\\\/\\\/schoenstatt.com\\\/pt-pt\\\/schoenstatt-se-despede-do-papa-francisco\\\/#primaryimage\",\"url\":\"https:\\\/\\\/schoenstatt.com\\\/wp-content\\\/uploads\\\/2025\\\/04\\\/Schoenstatt-Sisters-of-Mary-in-Rome.jpg\",\"contentUrl\":\"https:\\\/\\\/schoenstatt.com\\\/wp-content\\\/uploads\\\/2025\\\/04\\\/Schoenstatt-Sisters-of-Mary-in-Rome.jpg\",\"width\":2048,\"height\":1422},{\"@type\":\"BreadcrumbList\",\"@id\":\"https:\\\/\\\/schoenstatt.com\\\/pt-pt\\\/schoenstatt-se-despede-do-papa-francisco\\\/#breadcrumb\",\"itemListElement\":[{\"@type\":\"ListItem\",\"position\":1,\"name\":\"Portada\",\"item\":\"https:\\\/\\\/schoenstatt.com\\\/pt-pt\\\/home\\\/\"},{\"@type\":\"ListItem\",\"position\":2,\"name\":\"Schoenstatt se despede do Papa Francisco\"}]},{\"@type\":\"WebSite\",\"@id\":\"https:\\\/\\\/schoenstatt.com\\\/pt-pt\\\/#website\",\"url\":\"https:\\\/\\\/schoenstatt.com\\\/pt-pt\\\/\",\"name\":\"Schoenstatt\",\"description\":\"Apostolic Movement\",\"publisher\":{\"@id\":\"https:\\\/\\\/schoenstatt.com\\\/pt-pt\\\/#organization\"},\"potentialAction\":[{\"@type\":\"SearchAction\",\"target\":{\"@type\":\"EntryPoint\",\"urlTemplate\":\"https:\\\/\\\/schoenstatt.com\\\/pt-pt\\\/?s={search_term_string}\"},\"query-input\":{\"@type\":\"PropertyValueSpecification\",\"valueRequired\":true,\"valueName\":\"search_term_string\"}}],\"inLanguage\":\"pt-PT\"},{\"@type\":\"Organization\",\"@id\":\"https:\\\/\\\/schoenstatt.com\\\/pt-pt\\\/#organization\",\"name\":\"Schoenstatt\",\"url\":\"https:\\\/\\\/schoenstatt.com\\\/pt-pt\\\/\",\"logo\":{\"@type\":\"ImageObject\",\"inLanguage\":\"pt-PT\",\"@id\":\"https:\\\/\\\/schoenstatt.com\\\/pt-pt\\\/#\\\/schema\\\/logo\\\/image\\\/\",\"url\":\"https:\\\/\\\/schoenstatt.com\\\/wp-content\\\/uploads\\\/2025\\\/04\\\/logo-schoenstatt-white-696x696-1.png\",\"contentUrl\":\"https:\\\/\\\/schoenstatt.com\\\/wp-content\\\/uploads\\\/2025\\\/04\\\/logo-schoenstatt-white-696x696-1.png\",\"width\":696,\"height\":694,\"caption\":\"Schoenstatt\"},\"image\":{\"@id\":\"https:\\\/\\\/schoenstatt.com\\\/pt-pt\\\/#\\\/schema\\\/logo\\\/image\\\/\"}},{\"@type\":\"Person\",\"@id\":\"https:\\\/\\\/schoenstatt.com\\\/pt-pt\\\/#\\\/schema\\\/person\\\/5158877ad4acae98b34daaeef2a1ce6e\",\"name\":\"Karen Bueno\",\"image\":{\"@type\":\"ImageObject\",\"inLanguage\":\"pt-PT\",\"@id\":\"https:\\\/\\\/secure.gravatar.com\\\/avatar\\\/f9f4b823873154269d2b2130f195f6d41037dd0d7fc5f3cacb5c846bae70d66b?s=96&d=mm&r=g\",\"url\":\"https:\\\/\\\/secure.gravatar.com\\\/avatar\\\/f9f4b823873154269d2b2130f195f6d41037dd0d7fc5f3cacb5c846bae70d66b?s=96&d=mm&r=g\",\"contentUrl\":\"https:\\\/\\\/secure.gravatar.com\\\/avatar\\\/f9f4b823873154269d2b2130f195f6d41037dd0d7fc5f3cacb5c846bae70d66b?s=96&d=mm&r=g\",\"caption\":\"Karen Bueno\"},\"url\":\"https:\\\/\\\/schoenstatt.com\\\/pt-pt\\\/author\\\/karen-bueno\\\/\"}]}<\/script>\n<!-- \/ Yoast SEO Premium plugin. -->","yoast_head_json":{"title":"Schoenstatt se despede do Papa Francisco - Schoenstatt","description":"Diversos schoenstattianos estiveram em Roma para o sepultamento do Papa Francisco e nos contam suas impress\u00f5es.","robots":{"index":"index","follow":"follow","max-snippet":"max-snippet:-1","max-image-preview":"max-image-preview:large","max-video-preview":"max-video-preview:-1"},"canonical":"https:\/\/schoenstatt.com\/pt-pt\/schoenstatt-se-despede-do-papa-francisco\/","og_locale":"pt_PT","og_type":"article","og_title":"Schoenstatt se despede do Papa Francisco","og_description":"Diversos schoenstattianos estiveram em Roma para o sepultamento do Papa Francisco e nos contam suas impress\u00f5es.","og_url":"https:\/\/schoenstatt.com\/pt-pt\/schoenstatt-se-despede-do-papa-francisco\/","og_site_name":"Schoenstatt","article_published_time":"2025-04-27T15:56:39+00:00","article_modified_time":"2025-08-21T02:04:13+00:00","og_image":[{"width":2048,"height":1422,"url":"https:\/\/schoenstatt.com\/wp-content\/uploads\/2025\/04\/Schoenstatt-Sisters-of-Mary-in-Rome.jpg","type":"image\/jpeg"}],"author":"Karen Bueno","twitter_card":"summary_large_image","twitter_misc":{"Escrito por":"Karen Bueno","Tempo estimado de leitura":"5 minutos"},"schema":{"@context":"https:\/\/schema.org","@graph":[{"@type":"Article","@id":"https:\/\/schoenstatt.com\/pt-pt\/schoenstatt-se-despede-do-papa-francisco\/#article","isPartOf":{"@id":"https:\/\/schoenstatt.com\/pt-pt\/schoenstatt-se-despede-do-papa-francisco\/"},"author":{"name":"Karen Bueno","@id":"https:\/\/schoenstatt.com\/pt-pt\/#\/schema\/person\/5158877ad4acae98b34daaeef2a1ce6e"},"headline":"Schoenstatt se despede do Papa Francisco","datePublished":"2025-04-27T15:56:39+00:00","dateModified":"2025-08-21T02:04:13+00:00","mainEntityOfPage":{"@id":"https:\/\/schoenstatt.com\/pt-pt\/schoenstatt-se-despede-do-papa-francisco\/"},"wordCount":763,"publisher":{"@id":"https:\/\/schoenstatt.com\/pt-pt\/#organization"},"image":{"@id":"https:\/\/schoenstatt.com\/pt-pt\/schoenstatt-se-despede-do-papa-francisco\/#primaryimage"},"thumbnailUrl":"https:\/\/schoenstatt.com\/wp-content\/uploads\/2025\/04\/Schoenstatt-Sisters-of-Mary-in-Rome.jpg","keywords":["Igreja","Papa Francisco","Roma"],"articleSection":["Comunidades de Schoenstatt","Igreja","Papa Francisco"],"inLanguage":"pt-PT"},{"@type":"WebPage","@id":"https:\/\/schoenstatt.com\/pt-pt\/schoenstatt-se-despede-do-papa-francisco\/","url":"https:\/\/schoenstatt.com\/pt-pt\/schoenstatt-se-despede-do-papa-francisco\/","name":"Schoenstatt se despede do Papa Francisco - Schoenstatt","isPartOf":{"@id":"https:\/\/schoenstatt.com\/pt-pt\/#website"},"primaryImageOfPage":{"@id":"https:\/\/schoenstatt.com\/pt-pt\/schoenstatt-se-despede-do-papa-francisco\/#primaryimage"},"image":{"@id":"https:\/\/schoenstatt.com\/pt-pt\/schoenstatt-se-despede-do-papa-francisco\/#primaryimage"},"thumbnailUrl":"https:\/\/schoenstatt.com\/wp-content\/uploads\/2025\/04\/Schoenstatt-Sisters-of-Mary-in-Rome.jpg","datePublished":"2025-04-27T15:56:39+00:00","dateModified":"2025-08-21T02:04:13+00:00","description":"Diversos schoenstattianos estiveram em Roma para o sepultamento do Papa Francisco e nos contam suas impress\u00f5es.","breadcrumb":{"@id":"https:\/\/schoenstatt.com\/pt-pt\/schoenstatt-se-despede-do-papa-francisco\/#breadcrumb"},"inLanguage":"pt-PT","potentialAction":[{"@type":"ReadAction","target":["https:\/\/schoenstatt.com\/pt-pt\/schoenstatt-se-despede-do-papa-francisco\/"]}]},{"@type":"ImageObject","inLanguage":"pt-PT","@id":"https:\/\/schoenstatt.com\/pt-pt\/schoenstatt-se-despede-do-papa-francisco\/#primaryimage","url":"https:\/\/schoenstatt.com\/wp-content\/uploads\/2025\/04\/Schoenstatt-Sisters-of-Mary-in-Rome.jpg","contentUrl":"https:\/\/schoenstatt.com\/wp-content\/uploads\/2025\/04\/Schoenstatt-Sisters-of-Mary-in-Rome.jpg","width":2048,"height":1422},{"@type":"BreadcrumbList","@id":"https:\/\/schoenstatt.com\/pt-pt\/schoenstatt-se-despede-do-papa-francisco\/#breadcrumb","itemListElement":[{"@type":"ListItem","position":1,"name":"Portada","item":"https:\/\/schoenstatt.com\/pt-pt\/home\/"},{"@type":"ListItem","position":2,"name":"Schoenstatt se despede do Papa Francisco"}]},{"@type":"WebSite","@id":"https:\/\/schoenstatt.com\/pt-pt\/#website","url":"https:\/\/schoenstatt.com\/pt-pt\/","name":"Schoenstatt","description":"Apostolic Movement","publisher":{"@id":"https:\/\/schoenstatt.com\/pt-pt\/#organization"},"potentialAction":[{"@type":"SearchAction","target":{"@type":"EntryPoint","urlTemplate":"https:\/\/schoenstatt.com\/pt-pt\/?s={search_term_string}"},"query-input":{"@type":"PropertyValueSpecification","valueRequired":true,"valueName":"search_term_string"}}],"inLanguage":"pt-PT"},{"@type":"Organization","@id":"https:\/\/schoenstatt.com\/pt-pt\/#organization","name":"Schoenstatt","url":"https:\/\/schoenstatt.com\/pt-pt\/","logo":{"@type":"ImageObject","inLanguage":"pt-PT","@id":"https:\/\/schoenstatt.com\/pt-pt\/#\/schema\/logo\/image\/","url":"https:\/\/schoenstatt.com\/wp-content\/uploads\/2025\/04\/logo-schoenstatt-white-696x696-1.png","contentUrl":"https:\/\/schoenstatt.com\/wp-content\/uploads\/2025\/04\/logo-schoenstatt-white-696x696-1.png","width":696,"height":694,"caption":"Schoenstatt"},"image":{"@id":"https:\/\/schoenstatt.com\/pt-pt\/#\/schema\/logo\/image\/"}},{"@type":"Person","@id":"https:\/\/schoenstatt.com\/pt-pt\/#\/schema\/person\/5158877ad4acae98b34daaeef2a1ce6e","name":"Karen Bueno","image":{"@type":"ImageObject","inLanguage":"pt-PT","@id":"https:\/\/secure.gravatar.com\/avatar\/f9f4b823873154269d2b2130f195f6d41037dd0d7fc5f3cacb5c846bae70d66b?s=96&d=mm&r=g","url":"https:\/\/secure.gravatar.com\/avatar\/f9f4b823873154269d2b2130f195f6d41037dd0d7fc5f3cacb5c846bae70d66b?s=96&d=mm&r=g","contentUrl":"https:\/\/secure.gravatar.com\/avatar\/f9f4b823873154269d2b2130f195f6d41037dd0d7fc5f3cacb5c846bae70d66b?s=96&d=mm&r=g","caption":"Karen Bueno"},"url":"https:\/\/schoenstatt.com\/pt-pt\/author\/karen-bueno\/"}]}},"_links":{"self":[{"href":"https:\/\/schoenstatt.com\/pt-pt\/wp-json\/wp\/v2\/posts\/48921","targetHints":{"allow":["GET"]}}],"collection":[{"href":"https:\/\/schoenstatt.com\/pt-pt\/wp-json\/wp\/v2\/posts"}],"about":[{"href":"https:\/\/schoenstatt.com\/pt-pt\/wp-json\/wp\/v2\/types\/post"}],"author":[{"embeddable":true,"href":"https:\/\/schoenstatt.com\/pt-pt\/wp-json\/wp\/v2\/users\/3"}],"replies":[{"embeddable":true,"href":"https:\/\/schoenstatt.com\/pt-pt\/wp-json\/wp\/v2\/comments?post=48921"}],"version-history":[{"count":3,"href":"https:\/\/schoenstatt.com\/pt-pt\/wp-json\/wp\/v2\/posts\/48921\/revisions"}],"predecessor-version":[{"id":53126,"href":"https:\/\/schoenstatt.com\/pt-pt\/wp-json\/wp\/v2\/posts\/48921\/revisions\/53126"}],"wp:featuredmedia":[{"embeddable":true,"href":"https:\/\/schoenstatt.com\/pt-pt\/wp-json\/wp\/v2\/media\/48925"}],"wp:attachment":[{"href":"https:\/\/schoenstatt.com\/pt-pt\/wp-json\/wp\/v2\/media?parent=48921"}],"wp:term":[{"taxonomy":"category","embeddable":true,"href":"https:\/\/schoenstatt.com\/pt-pt\/wp-json\/wp\/v2\/categories?post=48921"},{"taxonomy":"post_tag","embeddable":true,"href":"https:\/\/schoenstatt.com\/pt-pt\/wp-json\/wp\/v2\/tags?post=48921"}],"curies":[{"name":"wp","href":"https:\/\/api.w.org\/{rel}","templated":true}]}}