{"id":44510,"date":"2025-04-15T19:58:20","date_gmt":"2025-04-15T17:58:20","guid":{"rendered":"https:\/\/schoenstatt.com\/?p=44510"},"modified":"2025-08-22T00:53:21","modified_gmt":"2025-08-21T22:53:21","slug":"peregrinos-da-alegria-jubileu-de-75-anos-da-uniao-de-familias","status":"publish","type":"post","link":"https:\/\/schoenstatt.com\/pt-pt\/peregrinos-da-alegria-jubileu-de-75-anos-da-uniao-de-familias\/","title":{"rendered":"Peregrinos da Alegria: Jubileu de 75 anos da Uni\u00e3o de Fam\u00edlias"},"content":{"rendered":"\n<p>Em 2025, a <a href=\"https:\/\/schoenstatt.com\/pt-pt\/em-comunidade\/familias\/uniao-apostolica-internacional-de-familias-de-schoenstatt\/\"><mark style=\"background-color:rgba(0, 0, 0, 0);color:#ea7212\" class=\"has-inline-color\">Uni\u00e3o Apost\u00f3lica de Fam\u00edlias de Schoenstatt<\/mark><\/a> celebrar\u00e1 seus 75 anos. Para marcar esse tempo de gra\u00e7as, ser\u00e1 realizado um encontro internacional em Schoenstatt e casais de todo o mundo celebrar\u00e3o o jubileu.<\/p>\n\n\n\n<p>A funda\u00e7\u00e3o da <a href=\"https:\/\/fafis.org\/pt\/home-1-portugues\/\" target=\"_blank\" rel=\"noreferrer noopener\"><mark style=\"background-color:rgba(0, 0, 0, 0);color:#ea7212\" class=\"has-inline-color\">Uni\u00e3o de Fam\u00edlias<\/mark><\/a> ocorreu no Domingo da Sant\u00edssima Trindade, em 4 de junho de 1950, com a acolhida das fam\u00edlias do Primeiro Curso na Alemanha, durante a primeira consagra\u00e7\u00e3o, junto ao Pai e Fundador, Pe. Jos\u00e9 Kentenich, no Santu\u00e1rio Original.<\/p>\n\n\n\n<p>Esse acontecimento, que em breve completar\u00e1 75 anos, marcou o in\u00edcio de uma nova comunidade \u201cpars motrix\u201d pertencente \u00e0 Obra de Fam\u00edlias do Movimento. D\u00e9cadas depois, novas funda\u00e7\u00f5es foram acrescentadas em diferentes pa\u00edses da \u00c1frica, Am\u00e9rica e Europa, at\u00e9 chegar ao n\u00famero de 20 territ\u00f3rios que comp\u00f5em atualmente a Uni\u00e3o de Fam\u00edlias.<\/p>\n\n\n\n<h3 class=\"wp-block-heading\" id=\"h-um-encontro-internacional\"><strong><strong>Um encontro internacional<\/strong><\/strong><\/h3>\n\n\n\n<p>Por esta raz\u00e3o e satisfazendo um desejo comum expresso no \u00faltimo Cap\u00edtulo Geral de 2022, <strong>de 13 a 15 de junho<\/strong>, sob o lema \u201cPeregrinos da Alegria, vamos Fam\u00edlia\u201d, realizaremos um Encontro Internacional em Schoenstatt.<\/p>\n\n\n\n<figure class=\"wp-block-image size-full\"><img decoding=\"async\" src=\"https:\/\/schoenstatt.com\/wp-content\/uploads\/2025\/04\/Logo-Schoenstatt-Family-Federation.png\" alt=\"\" class=\"wp-image-44504\"\/><\/figure>\n\n\n\n<p>No marco do Ano Jubilar da Esperan\u00e7a, ao qual a Igreja nos chama, e a partir da celebra\u00e7\u00e3o de um acontecimento hist\u00f3rico que marca nossa identidade, aspiramos que este Encontro nos permita alcan\u00e7ar um triplo objetivo:<\/p>\n\n\n\n<ul class=\"wp-block-list\">\n<li>recordar e agradecer ao nosso Pai e Fundador e \u00e0 gera\u00e7\u00e3o fundadora por sua entrega e aud\u00e1cia,<\/li>\n\n\n\n<li>estimular o conhecimento e a vincula\u00e7\u00e3o entre os diferentes territ\u00f3rios e<\/li>\n\n\n\n<li>reacender-nos mutuamente na consci\u00eancia de miss\u00e3o e refletir sobre o chamado \u00e0 nossa voca\u00e7\u00e3o apost\u00f3lica a servi\u00e7o da Igreja, em meio aos desafios da sociedade e do mundo.<\/li>\n<\/ul>\n\n\n\n<p><\/p>\n\n\n\n<p>A Uni\u00e3o de Fam\u00edlias da Alemanha, na qualidade de anfitri\u00e3, constituiu uma Equipe Organizadora que, em estreito contato com a Dire\u00e7\u00e3o Internacional, vem preparando um programa de atividades variado e atraente, al\u00e9m de levar em conta todas as provid\u00eancias log\u00edsticas que um encontro dessa magnitude implica.<\/p>\n\n\n\n<p>Mais de 400 pessoas, vindas de diferentes territ\u00f3rios, se reunir\u00e3o em Schoenstatt durante tr\u00eas dias, hospedando-se nas diferentes casas do Vale e frequentando a Igreja dos Peregrinos, o Santu\u00e1rio Original, a Casa da Alian\u00e7a e outras instala\u00e7\u00f5es, onde ser\u00e3o realizadas as diferentes atividades.<\/p>\n\n\n\n<p>O programa foi concebido com base em um fio condutor: &#8220;Passado, presente e futuro\u201d sobre a vida de nossa Uni\u00e3o de Fam\u00edlias. Ele incluir\u00e1 celebra\u00e7\u00f5es lit\u00fargicas, espa\u00e7os tem\u00e1ticos com testemunhos, v\u00eddeos, entrevistas, exposi\u00e7\u00f5es, oficinas e uma fogueira noturna com entretenimento musical.<\/p>\n\n\n\n<p>Um dos momentos culminantes ser\u00e1 a renova\u00e7\u00e3o da Consagra\u00e7\u00e3o como fam\u00edlias unionistas, em frente ao Santu\u00e1rio Original, na tarde de s\u00e1bado, dia 14.<\/p>\n\n\n\n<h3 class=\"wp-block-heading\" id=\"h-missa-de-envio\"><strong><strong>Missa de Envio<\/strong><\/strong><\/h3>\n\n\n\n<p>No domingo, dia 15, visitaremos a \u201cFazenda Jos\u00e9 Kentenich\u201d em Hillscheid (sede da Uni\u00e3o de Fam\u00edlias na Alemanha) que fica a pouca dist\u00e2ncia de Schoenstatt, e depois participaremos da \u201cMissa de Envio\u201d em frente ao Santu\u00e1rio Internacional da Uni\u00e3o de Fam\u00edlias, que ser\u00e1 presidida por Dom Michael Gerber, bispo de Fulda e membro do Instituto dos Sacerdotes Diocesanos de Schoenstatt.<\/p>\n\n\n\n<p>Com a participa\u00e7\u00e3o de todas as fam\u00edlias que j\u00e1 se comprometeram a comparecer e gra\u00e7as ao trabalho \u00e1rduo da equipe organizadora, estamos confiantes de que teremos uma experi\u00eancia fraterna muito gratificante e inspiradora.<\/p>\n\n\n\n<p>Como em toda peregrina\u00e7\u00e3o, a prepara\u00e7\u00e3o espiritual e a atitude com que partimos ser\u00e3o muito importantes. Para esse fim, parece apropriado recordar uma das frases da ora\u00e7\u00e3o preparat\u00f3ria para este Jubileu:<\/p>\n\n\n\n<blockquote class=\"wp-block-quote is-layout-flow wp-block-quote-is-layout-flow\">\n<p class=\"has-text-color has-link-color wp-elements-3fa83502d120b3739cc8718cb5ffbd9e\" style=\"color:#ea7212;margin-top:0;margin-right:0;margin-bottom:0;margin-left:0\"><em>&#8230; \u201cpor meio de Maria, imploramos ao Esp\u00edrito Santo que nos renove neste tempo de gra\u00e7a, para que saibamos interpretar corretamente os sinais dos tempos, que nos coloquemos a caminho corajosamente com o cajado de peregrino em nossas m\u00e3os e para que nos comprometamos com um \u2018cora\u00e7\u00e3o ardente\u2019, onde quer que o Senhor precise de n\u00f3s como seus instrumentos\u201d.<\/em><\/p>\n<\/blockquote>\n\n\n\n<p>Ficamos nisto, permanecemos fi\u00e9is!<\/p>\n\n\n\n<p><strong>Tradu\u00e7\u00e3o: <\/strong>Karen Bueno<\/p>\n","protected":false},"excerpt":{"rendered":"<p>Mais de 400 pessoas se reunir\u00e3o em Schoenstatt para celebrar os 75 anos da Uni\u00e3o Apost\u00f3lica de Fam\u00edlias, como peregrinos da alegria. <\/p>\n","protected":false},"author":3,"featured_media":39560,"comment_status":"closed","ping_status":"closed","sticky":false,"template":"","format":"standard","meta":{"footnotes":""},"categories":[908,876],"tags":[801,1044,942,1148],"class_list":["post-44510","post","type-post","status-publish","format-standard","has-post-thumbnail","hentry","category-comunidades-de-schoenstatt-pt-pt","category-familia-pt-pt","tag-familia-pt-pt","tag-jubileu-pt-pt","tag-uniao-apostolica-pt-pt","tag-uniao-de-familias-de-schoenstatt-pt-pt"],"yoast_head":"<!-- This site is optimized with the Yoast SEO Premium plugin v27.4 (Yoast SEO v27.4) - https:\/\/yoast.com\/product\/yoast-seo-premium-wordpress\/ -->\n<title>Peregrinos da Alegria: Jubileu de 75 anos da Uni\u00e3o de Fam\u00edlias - Schoenstatt<\/title>\n<meta name=\"description\" content=\"Mais de 400 pessoas se reunir\u00e3o em Schoenstatt para celebrar os 75 anos da Uni\u00e3o Apost\u00f3lica de Fam\u00edlias, como peregrinos da alegria.\" \/>\n<meta name=\"robots\" content=\"index, follow, max-snippet:-1, max-image-preview:large, max-video-preview:-1\" \/>\n<link rel=\"canonical\" href=\"https:\/\/schoenstatt.com\/pt-pt\/peregrinos-da-alegria-jubileu-de-75-anos-da-uniao-de-familias\/\" \/>\n<meta property=\"og:locale\" content=\"pt_PT\" \/>\n<meta property=\"og:type\" content=\"article\" \/>\n<meta property=\"og:title\" content=\"Peregrinos da Alegria: Jubileu de 75 anos da Uni\u00e3o de Fam\u00edlias\" \/>\n<meta property=\"og:description\" content=\"Mais de 400 pessoas se reunir\u00e3o em Schoenstatt para celebrar os 75 anos da Uni\u00e3o Apost\u00f3lica de Fam\u00edlias, como peregrinos da alegria.\" \/>\n<meta property=\"og:url\" content=\"https:\/\/schoenstatt.com\/pt-pt\/peregrinos-da-alegria-jubileu-de-75-anos-da-uniao-de-familias\/\" \/>\n<meta property=\"og:site_name\" content=\"Schoenstatt\" \/>\n<meta property=\"article:published_time\" content=\"2025-04-15T17:58:20+00:00\" \/>\n<meta property=\"article:modified_time\" content=\"2025-08-21T22:53:21+00:00\" \/>\n<meta property=\"og:image\" content=\"https:\/\/schoenstatt.com\/wp-content\/uploads\/2024\/06\/federacion-de-familias-family-federation-1-1.jpg\" \/>\n\t<meta property=\"og:image:width\" content=\"1252\" \/>\n\t<meta property=\"og:image:height\" content=\"960\" \/>\n\t<meta property=\"og:image:type\" content=\"image\/jpeg\" \/>\n<meta name=\"author\" content=\"Karen Bueno\" \/>\n<meta name=\"twitter:card\" content=\"summary_large_image\" \/>\n<meta name=\"twitter:label1\" content=\"Escrito por\" \/>\n\t<meta name=\"twitter:data1\" content=\"Karen Bueno\" \/>\n\t<meta name=\"twitter:label2\" content=\"Tempo estimado de leitura\" \/>\n\t<meta name=\"twitter:data2\" content=\"3 minutos\" \/>\n<script type=\"application\/ld+json\" class=\"yoast-schema-graph\">{\"@context\":\"https:\\\/\\\/schema.org\",\"@graph\":[{\"@type\":\"Article\",\"@id\":\"https:\\\/\\\/schoenstatt.com\\\/pt-pt\\\/peregrinos-da-alegria-jubileu-de-75-anos-da-uniao-de-familias\\\/#article\",\"isPartOf\":{\"@id\":\"https:\\\/\\\/schoenstatt.com\\\/pt-pt\\\/peregrinos-da-alegria-jubileu-de-75-anos-da-uniao-de-familias\\\/\"},\"author\":{\"name\":\"Karen Bueno\",\"@id\":\"https:\\\/\\\/schoenstatt.com\\\/pt-pt\\\/#\\\/schema\\\/person\\\/5158877ad4acae98b34daaeef2a1ce6e\"},\"headline\":\"Peregrinos da Alegria: Jubileu de 75 anos da Uni\u00e3o de Fam\u00edlias\",\"datePublished\":\"2025-04-15T17:58:20+00:00\",\"dateModified\":\"2025-08-21T22:53:21+00:00\",\"mainEntityOfPage\":{\"@id\":\"https:\\\/\\\/schoenstatt.com\\\/pt-pt\\\/peregrinos-da-alegria-jubileu-de-75-anos-da-uniao-de-familias\\\/\"},\"wordCount\":689,\"publisher\":{\"@id\":\"https:\\\/\\\/schoenstatt.com\\\/pt-pt\\\/#organization\"},\"image\":{\"@id\":\"https:\\\/\\\/schoenstatt.com\\\/pt-pt\\\/peregrinos-da-alegria-jubileu-de-75-anos-da-uniao-de-familias\\\/#primaryimage\"},\"thumbnailUrl\":\"https:\\\/\\\/schoenstatt.com\\\/wp-content\\\/uploads\\\/2024\\\/06\\\/federacion-de-familias-family-federation-1-1.jpg\",\"keywords\":[\"Fam\u00edlia\",\"Jubileu\",\"Uni\u00e3o Apost\u00f3lica\",\"Uni\u00e3o de Fam\u00edlias de Schoenstatt\"],\"articleSection\":[\"Comunidades de Schoenstatt\",\"Fam\u00edlia\"],\"inLanguage\":\"pt-PT\"},{\"@type\":\"WebPage\",\"@id\":\"https:\\\/\\\/schoenstatt.com\\\/pt-pt\\\/peregrinos-da-alegria-jubileu-de-75-anos-da-uniao-de-familias\\\/\",\"url\":\"https:\\\/\\\/schoenstatt.com\\\/pt-pt\\\/peregrinos-da-alegria-jubileu-de-75-anos-da-uniao-de-familias\\\/\",\"name\":\"Peregrinos da Alegria: Jubileu de 75 anos da Uni\u00e3o de Fam\u00edlias - Schoenstatt\",\"isPartOf\":{\"@id\":\"https:\\\/\\\/schoenstatt.com\\\/pt-pt\\\/#website\"},\"primaryImageOfPage\":{\"@id\":\"https:\\\/\\\/schoenstatt.com\\\/pt-pt\\\/peregrinos-da-alegria-jubileu-de-75-anos-da-uniao-de-familias\\\/#primaryimage\"},\"image\":{\"@id\":\"https:\\\/\\\/schoenstatt.com\\\/pt-pt\\\/peregrinos-da-alegria-jubileu-de-75-anos-da-uniao-de-familias\\\/#primaryimage\"},\"thumbnailUrl\":\"https:\\\/\\\/schoenstatt.com\\\/wp-content\\\/uploads\\\/2024\\\/06\\\/federacion-de-familias-family-federation-1-1.jpg\",\"datePublished\":\"2025-04-15T17:58:20+00:00\",\"dateModified\":\"2025-08-21T22:53:21+00:00\",\"description\":\"Mais de 400 pessoas se reunir\u00e3o em Schoenstatt para celebrar os 75 anos da Uni\u00e3o Apost\u00f3lica de Fam\u00edlias, como peregrinos da alegria.\",\"breadcrumb\":{\"@id\":\"https:\\\/\\\/schoenstatt.com\\\/pt-pt\\\/peregrinos-da-alegria-jubileu-de-75-anos-da-uniao-de-familias\\\/#breadcrumb\"},\"inLanguage\":\"pt-PT\",\"potentialAction\":[{\"@type\":\"ReadAction\",\"target\":[\"https:\\\/\\\/schoenstatt.com\\\/pt-pt\\\/peregrinos-da-alegria-jubileu-de-75-anos-da-uniao-de-familias\\\/\"]}]},{\"@type\":\"ImageObject\",\"inLanguage\":\"pt-PT\",\"@id\":\"https:\\\/\\\/schoenstatt.com\\\/pt-pt\\\/peregrinos-da-alegria-jubileu-de-75-anos-da-uniao-de-familias\\\/#primaryimage\",\"url\":\"https:\\\/\\\/schoenstatt.com\\\/wp-content\\\/uploads\\\/2024\\\/06\\\/federacion-de-familias-family-federation-1-1.jpg\",\"contentUrl\":\"https:\\\/\\\/schoenstatt.com\\\/wp-content\\\/uploads\\\/2024\\\/06\\\/federacion-de-familias-family-federation-1-1.jpg\",\"width\":1252,\"height\":960},{\"@type\":\"BreadcrumbList\",\"@id\":\"https:\\\/\\\/schoenstatt.com\\\/pt-pt\\\/peregrinos-da-alegria-jubileu-de-75-anos-da-uniao-de-familias\\\/#breadcrumb\",\"itemListElement\":[{\"@type\":\"ListItem\",\"position\":1,\"name\":\"Portada\",\"item\":\"https:\\\/\\\/schoenstatt.com\\\/pt-pt\\\/home\\\/\"},{\"@type\":\"ListItem\",\"position\":2,\"name\":\"Peregrinos da Alegria: Jubileu de 75 anos da Uni\u00e3o de Fam\u00edlias\"}]},{\"@type\":\"WebSite\",\"@id\":\"https:\\\/\\\/schoenstatt.com\\\/pt-pt\\\/#website\",\"url\":\"https:\\\/\\\/schoenstatt.com\\\/pt-pt\\\/\",\"name\":\"Schoenstatt\",\"description\":\"Apostolic Movement\",\"publisher\":{\"@id\":\"https:\\\/\\\/schoenstatt.com\\\/pt-pt\\\/#organization\"},\"potentialAction\":[{\"@type\":\"SearchAction\",\"target\":{\"@type\":\"EntryPoint\",\"urlTemplate\":\"https:\\\/\\\/schoenstatt.com\\\/pt-pt\\\/?s={search_term_string}\"},\"query-input\":{\"@type\":\"PropertyValueSpecification\",\"valueRequired\":true,\"valueName\":\"search_term_string\"}}],\"inLanguage\":\"pt-PT\"},{\"@type\":\"Organization\",\"@id\":\"https:\\\/\\\/schoenstatt.com\\\/pt-pt\\\/#organization\",\"name\":\"Schoenstatt\",\"url\":\"https:\\\/\\\/schoenstatt.com\\\/pt-pt\\\/\",\"logo\":{\"@type\":\"ImageObject\",\"inLanguage\":\"pt-PT\",\"@id\":\"https:\\\/\\\/schoenstatt.com\\\/pt-pt\\\/#\\\/schema\\\/logo\\\/image\\\/\",\"url\":\"https:\\\/\\\/schoenstatt.com\\\/wp-content\\\/uploads\\\/2025\\\/04\\\/logo-schoenstatt-white-696x696-1.png\",\"contentUrl\":\"https:\\\/\\\/schoenstatt.com\\\/wp-content\\\/uploads\\\/2025\\\/04\\\/logo-schoenstatt-white-696x696-1.png\",\"width\":696,\"height\":694,\"caption\":\"Schoenstatt\"},\"image\":{\"@id\":\"https:\\\/\\\/schoenstatt.com\\\/pt-pt\\\/#\\\/schema\\\/logo\\\/image\\\/\"}},{\"@type\":\"Person\",\"@id\":\"https:\\\/\\\/schoenstatt.com\\\/pt-pt\\\/#\\\/schema\\\/person\\\/5158877ad4acae98b34daaeef2a1ce6e\",\"name\":\"Karen Bueno\",\"image\":{\"@type\":\"ImageObject\",\"inLanguage\":\"pt-PT\",\"@id\":\"https:\\\/\\\/secure.gravatar.com\\\/avatar\\\/f9f4b823873154269d2b2130f195f6d41037dd0d7fc5f3cacb5c846bae70d66b?s=96&d=mm&r=g\",\"url\":\"https:\\\/\\\/secure.gravatar.com\\\/avatar\\\/f9f4b823873154269d2b2130f195f6d41037dd0d7fc5f3cacb5c846bae70d66b?s=96&d=mm&r=g\",\"contentUrl\":\"https:\\\/\\\/secure.gravatar.com\\\/avatar\\\/f9f4b823873154269d2b2130f195f6d41037dd0d7fc5f3cacb5c846bae70d66b?s=96&d=mm&r=g\",\"caption\":\"Karen Bueno\"},\"url\":\"https:\\\/\\\/schoenstatt.com\\\/pt-pt\\\/author\\\/karen-bueno\\\/\"}]}<\/script>\n<!-- \/ Yoast SEO Premium plugin. -->","yoast_head_json":{"title":"Peregrinos da Alegria: Jubileu de 75 anos da Uni\u00e3o de Fam\u00edlias - Schoenstatt","description":"Mais de 400 pessoas se reunir\u00e3o em Schoenstatt para celebrar os 75 anos da Uni\u00e3o Apost\u00f3lica de Fam\u00edlias, como peregrinos da alegria.","robots":{"index":"index","follow":"follow","max-snippet":"max-snippet:-1","max-image-preview":"max-image-preview:large","max-video-preview":"max-video-preview:-1"},"canonical":"https:\/\/schoenstatt.com\/pt-pt\/peregrinos-da-alegria-jubileu-de-75-anos-da-uniao-de-familias\/","og_locale":"pt_PT","og_type":"article","og_title":"Peregrinos da Alegria: Jubileu de 75 anos da Uni\u00e3o de Fam\u00edlias","og_description":"Mais de 400 pessoas se reunir\u00e3o em Schoenstatt para celebrar os 75 anos da Uni\u00e3o Apost\u00f3lica de Fam\u00edlias, como peregrinos da alegria.","og_url":"https:\/\/schoenstatt.com\/pt-pt\/peregrinos-da-alegria-jubileu-de-75-anos-da-uniao-de-familias\/","og_site_name":"Schoenstatt","article_published_time":"2025-04-15T17:58:20+00:00","article_modified_time":"2025-08-21T22:53:21+00:00","og_image":[{"width":1252,"height":960,"url":"https:\/\/schoenstatt.com\/wp-content\/uploads\/2024\/06\/federacion-de-familias-family-federation-1-1.jpg","type":"image\/jpeg"}],"author":"Karen Bueno","twitter_card":"summary_large_image","twitter_misc":{"Escrito por":"Karen Bueno","Tempo estimado de leitura":"3 minutos"},"schema":{"@context":"https:\/\/schema.org","@graph":[{"@type":"Article","@id":"https:\/\/schoenstatt.com\/pt-pt\/peregrinos-da-alegria-jubileu-de-75-anos-da-uniao-de-familias\/#article","isPartOf":{"@id":"https:\/\/schoenstatt.com\/pt-pt\/peregrinos-da-alegria-jubileu-de-75-anos-da-uniao-de-familias\/"},"author":{"name":"Karen Bueno","@id":"https:\/\/schoenstatt.com\/pt-pt\/#\/schema\/person\/5158877ad4acae98b34daaeef2a1ce6e"},"headline":"Peregrinos da Alegria: Jubileu de 75 anos da Uni\u00e3o de Fam\u00edlias","datePublished":"2025-04-15T17:58:20+00:00","dateModified":"2025-08-21T22:53:21+00:00","mainEntityOfPage":{"@id":"https:\/\/schoenstatt.com\/pt-pt\/peregrinos-da-alegria-jubileu-de-75-anos-da-uniao-de-familias\/"},"wordCount":689,"publisher":{"@id":"https:\/\/schoenstatt.com\/pt-pt\/#organization"},"image":{"@id":"https:\/\/schoenstatt.com\/pt-pt\/peregrinos-da-alegria-jubileu-de-75-anos-da-uniao-de-familias\/#primaryimage"},"thumbnailUrl":"https:\/\/schoenstatt.com\/wp-content\/uploads\/2024\/06\/federacion-de-familias-family-federation-1-1.jpg","keywords":["Fam\u00edlia","Jubileu","Uni\u00e3o Apost\u00f3lica","Uni\u00e3o de Fam\u00edlias de Schoenstatt"],"articleSection":["Comunidades de Schoenstatt","Fam\u00edlia"],"inLanguage":"pt-PT"},{"@type":"WebPage","@id":"https:\/\/schoenstatt.com\/pt-pt\/peregrinos-da-alegria-jubileu-de-75-anos-da-uniao-de-familias\/","url":"https:\/\/schoenstatt.com\/pt-pt\/peregrinos-da-alegria-jubileu-de-75-anos-da-uniao-de-familias\/","name":"Peregrinos da Alegria: Jubileu de 75 anos da Uni\u00e3o de Fam\u00edlias - Schoenstatt","isPartOf":{"@id":"https:\/\/schoenstatt.com\/pt-pt\/#website"},"primaryImageOfPage":{"@id":"https:\/\/schoenstatt.com\/pt-pt\/peregrinos-da-alegria-jubileu-de-75-anos-da-uniao-de-familias\/#primaryimage"},"image":{"@id":"https:\/\/schoenstatt.com\/pt-pt\/peregrinos-da-alegria-jubileu-de-75-anos-da-uniao-de-familias\/#primaryimage"},"thumbnailUrl":"https:\/\/schoenstatt.com\/wp-content\/uploads\/2024\/06\/federacion-de-familias-family-federation-1-1.jpg","datePublished":"2025-04-15T17:58:20+00:00","dateModified":"2025-08-21T22:53:21+00:00","description":"Mais de 400 pessoas se reunir\u00e3o em Schoenstatt para celebrar os 75 anos da Uni\u00e3o Apost\u00f3lica de Fam\u00edlias, como peregrinos da alegria.","breadcrumb":{"@id":"https:\/\/schoenstatt.com\/pt-pt\/peregrinos-da-alegria-jubileu-de-75-anos-da-uniao-de-familias\/#breadcrumb"},"inLanguage":"pt-PT","potentialAction":[{"@type":"ReadAction","target":["https:\/\/schoenstatt.com\/pt-pt\/peregrinos-da-alegria-jubileu-de-75-anos-da-uniao-de-familias\/"]}]},{"@type":"ImageObject","inLanguage":"pt-PT","@id":"https:\/\/schoenstatt.com\/pt-pt\/peregrinos-da-alegria-jubileu-de-75-anos-da-uniao-de-familias\/#primaryimage","url":"https:\/\/schoenstatt.com\/wp-content\/uploads\/2024\/06\/federacion-de-familias-family-federation-1-1.jpg","contentUrl":"https:\/\/schoenstatt.com\/wp-content\/uploads\/2024\/06\/federacion-de-familias-family-federation-1-1.jpg","width":1252,"height":960},{"@type":"BreadcrumbList","@id":"https:\/\/schoenstatt.com\/pt-pt\/peregrinos-da-alegria-jubileu-de-75-anos-da-uniao-de-familias\/#breadcrumb","itemListElement":[{"@type":"ListItem","position":1,"name":"Portada","item":"https:\/\/schoenstatt.com\/pt-pt\/home\/"},{"@type":"ListItem","position":2,"name":"Peregrinos da Alegria: Jubileu de 75 anos da Uni\u00e3o de Fam\u00edlias"}]},{"@type":"WebSite","@id":"https:\/\/schoenstatt.com\/pt-pt\/#website","url":"https:\/\/schoenstatt.com\/pt-pt\/","name":"Schoenstatt","description":"Apostolic Movement","publisher":{"@id":"https:\/\/schoenstatt.com\/pt-pt\/#organization"},"potentialAction":[{"@type":"SearchAction","target":{"@type":"EntryPoint","urlTemplate":"https:\/\/schoenstatt.com\/pt-pt\/?s={search_term_string}"},"query-input":{"@type":"PropertyValueSpecification","valueRequired":true,"valueName":"search_term_string"}}],"inLanguage":"pt-PT"},{"@type":"Organization","@id":"https:\/\/schoenstatt.com\/pt-pt\/#organization","name":"Schoenstatt","url":"https:\/\/schoenstatt.com\/pt-pt\/","logo":{"@type":"ImageObject","inLanguage":"pt-PT","@id":"https:\/\/schoenstatt.com\/pt-pt\/#\/schema\/logo\/image\/","url":"https:\/\/schoenstatt.com\/wp-content\/uploads\/2025\/04\/logo-schoenstatt-white-696x696-1.png","contentUrl":"https:\/\/schoenstatt.com\/wp-content\/uploads\/2025\/04\/logo-schoenstatt-white-696x696-1.png","width":696,"height":694,"caption":"Schoenstatt"},"image":{"@id":"https:\/\/schoenstatt.com\/pt-pt\/#\/schema\/logo\/image\/"}},{"@type":"Person","@id":"https:\/\/schoenstatt.com\/pt-pt\/#\/schema\/person\/5158877ad4acae98b34daaeef2a1ce6e","name":"Karen Bueno","image":{"@type":"ImageObject","inLanguage":"pt-PT","@id":"https:\/\/secure.gravatar.com\/avatar\/f9f4b823873154269d2b2130f195f6d41037dd0d7fc5f3cacb5c846bae70d66b?s=96&d=mm&r=g","url":"https:\/\/secure.gravatar.com\/avatar\/f9f4b823873154269d2b2130f195f6d41037dd0d7fc5f3cacb5c846bae70d66b?s=96&d=mm&r=g","contentUrl":"https:\/\/secure.gravatar.com\/avatar\/f9f4b823873154269d2b2130f195f6d41037dd0d7fc5f3cacb5c846bae70d66b?s=96&d=mm&r=g","caption":"Karen Bueno"},"url":"https:\/\/schoenstatt.com\/pt-pt\/author\/karen-bueno\/"}]}},"_links":{"self":[{"href":"https:\/\/schoenstatt.com\/pt-pt\/wp-json\/wp\/v2\/posts\/44510","targetHints":{"allow":["GET"]}}],"collection":[{"href":"https:\/\/schoenstatt.com\/pt-pt\/wp-json\/wp\/v2\/posts"}],"about":[{"href":"https:\/\/schoenstatt.com\/pt-pt\/wp-json\/wp\/v2\/types\/post"}],"author":[{"embeddable":true,"href":"https:\/\/schoenstatt.com\/pt-pt\/wp-json\/wp\/v2\/users\/3"}],"replies":[{"embeddable":true,"href":"https:\/\/schoenstatt.com\/pt-pt\/wp-json\/wp\/v2\/comments?post=44510"}],"version-history":[{"count":6,"href":"https:\/\/schoenstatt.com\/pt-pt\/wp-json\/wp\/v2\/posts\/44510\/revisions"}],"predecessor-version":[{"id":63178,"href":"https:\/\/schoenstatt.com\/pt-pt\/wp-json\/wp\/v2\/posts\/44510\/revisions\/63178"}],"wp:featuredmedia":[{"embeddable":true,"href":"https:\/\/schoenstatt.com\/pt-pt\/wp-json\/wp\/v2\/media\/39560"}],"wp:attachment":[{"href":"https:\/\/schoenstatt.com\/pt-pt\/wp-json\/wp\/v2\/media?parent=44510"}],"wp:term":[{"taxonomy":"category","embeddable":true,"href":"https:\/\/schoenstatt.com\/pt-pt\/wp-json\/wp\/v2\/categories?post=44510"},{"taxonomy":"post_tag","embeddable":true,"href":"https:\/\/schoenstatt.com\/pt-pt\/wp-json\/wp\/v2\/tags?post=44510"}],"curies":[{"name":"wp","href":"https:\/\/api.w.org\/{rel}","templated":true}]}}