{"id":44242,"date":"2025-04-03T13:18:42","date_gmt":"2025-04-03T11:18:42","guid":{"rendered":"https:\/\/schoenstatt.com\/?p=44242"},"modified":"2025-08-21T16:48:40","modified_gmt":"2025-08-21T14:48:40","slug":"um-novo-passo-na-construcao-do-novo-santuario-de-santa-catarina-no-brasil","status":"publish","type":"post","link":"https:\/\/schoenstatt.com\/pt-pt\/um-novo-passo-na-construcao-do-novo-santuario-de-santa-catarina-no-brasil\/","title":{"rendered":"Um novo passo na constru\u00e7\u00e3o do novo Santu\u00e1rio de Santa Catarina, no Brasil"},"content":{"rendered":"\n<p>A constru\u00e7\u00e3o de um novo Santu\u00e1rio da M\u00e3e e Rainha toca de modo especial o cora\u00e7\u00e3o da Fam\u00edlia de Schoenstatt. O largo sorriso ilumina a face dos schoenstattianos, de toda parte do Brasil, quando se fala sobre o futuro<strong> Santu\u00e1rio Tabor da Miseric\u00f3rdia<\/strong>. Constru\u00eddo na diocese de Florian\u00f3polis, ele ser\u00e1 o primeiro Santu\u00e1rio Filial de Schoenstatt do Estado de Santa Catarina, com inaugura\u00e7\u00e3o marcada para o dia 20 de julho de 2025.<\/p>\n\n\n\n<p>No \u00faltimo dia 15 de mar\u00e7o, 700 pessoas participavam pessoalmente da b\u00ean\u00e7\u00e3o da Pedra Fundamental, no munic\u00edpio de Bigua\u00e7u.<\/p>\n\n\n<p><iframe src=\"https:\/\/www.google.com\/maps\/embed?pb=!1m18!1m12!1m3!1d23825.43360847215!2d-48.62806198844746!3d-27.417163771738213!2m3!1f0!2f0!3f0!3m2!1i1024!2i768!4f13.1!3m3!1m2!1s0x952751859476fe59%3A0x5a6671cd12d6384e!2sSchoenstatt%20-%20M%C3%A3e%20Peregrina!5e0!3m2!1sen!2sbr!4v1743679117191!5m2!1sen!2sbr\" width=\"400\" height=\"300\" style=\"border:0;\" allowfullscreen=\"\" loading=\"lazy\" referrerpolicy=\"no-referrer-when-downgrade\"><\/iframe><\/p>\n\n\n\n<h3 class=\"wp-block-heading\" id=\"h-jornada-estadual-da-campanha-da-mae-peregrina\"><strong><strong>Jornada estadual da Campanha da M\u00e3e Peregrina<\/strong><\/strong><\/h3>\n\n\n\n<p>Ir. M. Vera Debald, assessora da <a href=\"https:\/\/schoenstatt.com\/pt-pt\/em-missao\/igreja\/mae-peregrina\/\"><mark style=\"background-color:rgba(0, 0, 0, 0);color:#eb8010\" class=\"has-inline-color\">Campanha da M\u00e3e Peregrina (CMPS)<\/mark><\/a> no estado, partilha conosco que, nesse dia da b\u00ean\u00e7\u00e3o da Pedra Fundamental, aconteceu tamb\u00e9m a Jornada Estadual de Coordenadores. Havia representantes de todo o estado de Santa Catarina, \u201ccheios de expectativas\u201d, narra a Irm\u00e3. Na programa\u00e7\u00e3o consta a Adora\u00e7\u00e3o ao Sant\u00edssimo e forma\u00e7\u00e3o na espiritualidade, com o Pe. Vitor Possetti, vice-postulador da Causa de Beatifica\u00e7\u00e3o de <a href=\"https:\/\/schoenstatt.com\/pt-pt\/comissao-teologica-avalia-de-forma-positiva-o-processo-de-joao-pozzobon\/\"><mark style=\"background-color:rgba(0, 0, 0, 0);color:#eb8010\" class=\"has-inline-color\">Jo\u00e3o Luiz Pozzobon<\/mark><\/a>.<\/p>\n\n\n\n<p>\u201cEm sua palestra, o Pe. Vitor exaltou o testemunho de vida do Servo de Deus, sua dedica\u00e7\u00e3o e amor a tantas fam\u00edlias, como pai e amigo dos pobres, seu grande ardor mission\u00e1rio e seu v\u00ednculo ao Santu\u00e1rio, pela Alian\u00e7a de Amor com a M\u00e3e e Rainha,\u201d lembra Ir. M. Vera.<\/p>\n\n\n\n<h3 class=\"wp-block-heading\" id=\"h-infanto-juvenil-e-o-chamado-para-testemunhar-a-esperanca\"><strong><strong>Infanto Juvenil e o chamado para testemunhar a esperan\u00e7a<\/strong><\/strong><\/h3>\n\n\n\n<p>Os coordenadores, agrupados por dioceses, avaliaram a vida da Campanha, neste Ano Santo, e como est\u00e1 a conquista dos presentes para a M\u00e3e e Rainha, para o jubileu de 75 anos. A Irm\u00e3 diz que o destaque, em todas as dioceses, \u00e9 \u201co empenho pela implanta\u00e7\u00e3o da imagem da M\u00e3e Peregrina Infanto-juvenil nas catequeses, grupos de coroinhas e de jovens e nas escolas.\u201d Alguns, que j\u00e1 a tem implantada, trazem as experi\u00eancias positivas de suas par\u00f3quias.<\/p>\n\n\n\n<figure class=\"wp-block-image size-large\"><img decoding=\"async\" src=\"https:\/\/schoenstatt.com\/wp-content\/uploads\/2025\/04\/Schoenstatt-Shrine-of-Santa-Catarina-Biguacu-Brazil-1024x529.jpg\" alt=\"Schoenstatt Shrine of Santa Catarina Bigua\u00e7u Brazil\" class=\"wp-image-44230\"\/><\/figure>\n\n\n\n<h3 class=\"wp-block-heading\" id=\"h-dom-onecimo-partilha-sua-experiencia\"><strong><strong>Dom On\u00e9cimo partilha sua experi\u00eancia<\/strong><\/strong><\/h3>\n\n\n\n<p>O momento mais esperado foi a Santa Missa, com a b\u00ean\u00e7\u00e3o da pedra fundamental do Santu\u00e1rio, que j\u00e1 est\u00e1 com a constru\u00e7\u00e3o das paredes, bem altas. Ela \u00e9 presidida por Dom On\u00e9cimo Alberton, Bispo Auxiliar da Arquidiocese de Florian\u00f3polis, que durante a celebra\u00e7\u00e3o e na homilia partilha a sua experi\u00eancia com a M\u00e3e e Rainha de Schoenstatt, quando era p\u00e1roco.<\/p>\n\n\n\n<p>O bispo conta que, nas missas de renova\u00e7\u00e3o da Alian\u00e7a de Amor, sempre precisava aumentar o espa\u00e7o, tanto para as pessoas, como para se colocar as imagens da M\u00e3e Peregrina. Ele anima a todos os presentes a continuarem na conquista e no v\u00ednculo ao Santu\u00e1rio.<\/p>\n\n\n\n<p>Nesta celebra\u00e7\u00e3o, estiveram presentes tamb\u00e9m algumas autoridades pol\u00edticas, o prefeito Salmir da Silva e o vice-prefeito Alexandre Martins de Souza, tamb\u00e9m alguns vereadores. O Sr. Ant\u00f4nio Luiz Fuchter, doador do terreno, estava representado por sua filha, Adriana Fuchter. Tamb\u00e9m estavam presentes os representantes da empresa construtora do Santu\u00e1rio e outros que colaboram para que a M\u00e3e, Rainha e Vencedora Tr\u00eas Vezes Admir\u00e1vel de Schoenstatt tenha a sua morada e escola de santifica\u00e7\u00e3o.<\/p>\n\n\n\n<h3 class=\"wp-block-heading\" id=\"h-a-bencao-da-pedra-fundamental\"><strong><strong>A b\u00ean\u00e7\u00e3o da Pedra Fundamental<\/strong><\/strong><\/h3>\n\n\n\n<figure class=\"wp-block-image size-full\"><img decoding=\"async\" src=\"https:\/\/schoenstatt.com\/wp-content\/uploads\/2025\/04\/Schoenstatt-Shrine-of-Santa-Catarina-Biguacu-Brazil-2.jpg\" alt=\"Schoenstatt Shrine of Santa Catarina Bigua\u00e7u Brazil\" class=\"wp-image-44235\"\/><\/figure>\n\n\n\n<p>Ao final da celebra\u00e7\u00e3o, todos seguem em prociss\u00e3o para o local de constru\u00e7\u00e3o, levando o documento assinado pelas autoridades e representantes do Movimento Apost\u00f3lico de Schoenstatt e lacrado pelo bispo.<\/p>\n\n\n\n<p>Ir. M. Vera descreve: \u201cAo som da Ave Maria e com os anjinhos acolhendo, todos se aproximam e entram no canteiro de obras da constru\u00e7\u00e3o do Santu\u00e1rio, para acompanharem de perto a ben\u00e7\u00e3o e coloca\u00e7\u00e3o da pedra fundamental\u201d. Ent\u00e3o, Dom On\u00e9cimo aben\u00e7oa a pedra fundamental e a todos os presentes. \u201cForam momentos de muita emo\u00e7\u00e3o e gratid\u00e3o por ver acontecendo o milagre da constru\u00e7\u00e3o do Santu\u00e1rio depois de tantos anos de espera.\u201d<\/p>\n\n\n\n<p>Para finalizar, as pessoas colocam entre os tijolos, nas paredes do Santu\u00e1rio, bilhetes com seus nomes e inten\u00e7\u00f5es, e recebem como lembran\u00e7a desse dia um tijolinho, com a logo do Santu\u00e1rio Tabor da Miseric\u00f3rdia.<\/p>\n\n\n\n<p><strong>Fonte: <\/strong>Schoenstatt Brasil \u2013 <a href=\"https:\/\/schoenstatt.org.br\/2025\/04\/02\/bencao-da-pedra-fundamental-do-santuario\/\" target=\"_blank\" rel=\"noreferrer noopener\"><mark style=\"background-color:rgba(0, 0, 0, 0);color:#eb8010\" class=\"has-inline-color\">schoenstatt.org.br<\/mark><\/a><\/p>\n","protected":false},"excerpt":{"rendered":"<p>A Fam\u00edlia de Schoenstatt acompanha a ben\u00e7\u00e3o da Pedra Fundamental do primeiro Santu\u00e1rio de Schoenstatt do estado de Santa Catarina. <\/p>\n","protected":false},"author":3,"featured_media":44230,"comment_status":"closed","ping_status":"closed","sticky":false,"template":"","format":"standard","meta":{"footnotes":""},"categories":[625,869],"tags":[1198,1135],"class_list":["post-44242","post","type-post","status-publish","format-standard","has-post-thumbnail","hentry","category-america-pt-pt","category-paises-pt-pt","tag-santuario-de-schoenstatt-pt-pt","tag-schoenstatt-brasil-pt-pt"],"yoast_head":"<!-- This site is optimized with the Yoast SEO Premium plugin v27.4 (Yoast SEO v27.5) - https:\/\/yoast.com\/product\/yoast-seo-premium-wordpress\/ -->\n<title>Um novo passo na constru\u00e7\u00e3o do novo Santu\u00e1rio de Santa Catarina, no Brasil<\/title>\n<meta name=\"description\" content=\"A Fam\u00edlia de Schoenstatt acompanha a ben\u00e7\u00e3o da Pedra Fundamental do primeiro Santu\u00e1rio de Schoenstatt do estado de Santa Catarina.\" \/>\n<meta name=\"robots\" content=\"index, follow, max-snippet:-1, max-image-preview:large, max-video-preview:-1\" \/>\n<link rel=\"canonical\" href=\"https:\/\/schoenstatt.com\/pt-pt\/um-novo-passo-na-construcao-do-novo-santuario-de-santa-catarina-no-brasil\/\" \/>\n<meta property=\"og:locale\" content=\"pt_PT\" \/>\n<meta property=\"og:type\" content=\"article\" \/>\n<meta property=\"og:title\" content=\"Um novo passo na constru\u00e7\u00e3o do novo Santu\u00e1rio de Santa Catarina, no Brasil\" \/>\n<meta property=\"og:description\" content=\"A Fam\u00edlia de Schoenstatt acompanha a ben\u00e7\u00e3o da Pedra Fundamental do primeiro Santu\u00e1rio de Schoenstatt do estado de Santa Catarina.\" \/>\n<meta property=\"og:url\" content=\"https:\/\/schoenstatt.com\/pt-pt\/um-novo-passo-na-construcao-do-novo-santuario-de-santa-catarina-no-brasil\/\" \/>\n<meta property=\"og:site_name\" content=\"Schoenstatt\" \/>\n<meta property=\"article:published_time\" content=\"2025-04-03T11:18:42+00:00\" \/>\n<meta property=\"article:modified_time\" content=\"2025-08-21T14:48:40+00:00\" \/>\n<meta property=\"og:image\" content=\"https:\/\/schoenstatt.com\/wp-content\/uploads\/2025\/04\/Schoenstatt-Shrine-of-Santa-Catarina-Biguacu-Brazil-1.webp\" \/>\n\t<meta property=\"og:image:width\" content=\"1920\" \/>\n\t<meta property=\"og:image:height\" content=\"991\" \/>\n\t<meta property=\"og:image:type\" content=\"image\/webp\" \/>\n<meta name=\"author\" content=\"Karen Bueno\" \/>\n<meta name=\"twitter:card\" content=\"summary_large_image\" \/>\n<meta name=\"twitter:label1\" content=\"Escrito por\" \/>\n\t<meta name=\"twitter:data1\" content=\"Karen Bueno\" \/>\n\t<meta name=\"twitter:label2\" content=\"Tempo estimado de leitura\" \/>\n\t<meta name=\"twitter:data2\" content=\"4 minutos\" \/>\n<script type=\"application\/ld+json\" class=\"yoast-schema-graph\">{\"@context\":\"https:\\\/\\\/schema.org\",\"@graph\":[{\"@type\":\"Article\",\"@id\":\"https:\\\/\\\/schoenstatt.com\\\/pt-pt\\\/um-novo-passo-na-construcao-do-novo-santuario-de-santa-catarina-no-brasil\\\/#article\",\"isPartOf\":{\"@id\":\"https:\\\/\\\/schoenstatt.com\\\/pt-pt\\\/um-novo-passo-na-construcao-do-novo-santuario-de-santa-catarina-no-brasil\\\/\"},\"author\":{\"name\":\"Karen Bueno\",\"@id\":\"https:\\\/\\\/schoenstatt.com\\\/pt-pt\\\/#\\\/schema\\\/person\\\/5158877ad4acae98b34daaeef2a1ce6e\"},\"headline\":\"Um novo passo na constru\u00e7\u00e3o do novo Santu\u00e1rio de Santa Catarina, no Brasil\",\"datePublished\":\"2025-04-03T11:18:42+00:00\",\"dateModified\":\"2025-08-21T14:48:40+00:00\",\"mainEntityOfPage\":{\"@id\":\"https:\\\/\\\/schoenstatt.com\\\/pt-pt\\\/um-novo-passo-na-construcao-do-novo-santuario-de-santa-catarina-no-brasil\\\/\"},\"wordCount\":731,\"publisher\":{\"@id\":\"https:\\\/\\\/schoenstatt.com\\\/pt-pt\\\/#organization\"},\"image\":{\"@id\":\"https:\\\/\\\/schoenstatt.com\\\/pt-pt\\\/um-novo-passo-na-construcao-do-novo-santuario-de-santa-catarina-no-brasil\\\/#primaryimage\"},\"thumbnailUrl\":\"https:\\\/\\\/schoenstatt.com\\\/wp-content\\\/uploads\\\/2025\\\/04\\\/Schoenstatt-Shrine-of-Santa-Catarina-Biguacu-Brazil-1.webp\",\"keywords\":[\"Santu\u00e1rio de Schoenstatt\",\"Schoenstatt Brasil\"],\"articleSection\":[\"Am\u00e9rica\",\"Pa\u00edses\"],\"inLanguage\":\"pt-PT\"},{\"@type\":\"WebPage\",\"@id\":\"https:\\\/\\\/schoenstatt.com\\\/pt-pt\\\/um-novo-passo-na-construcao-do-novo-santuario-de-santa-catarina-no-brasil\\\/\",\"url\":\"https:\\\/\\\/schoenstatt.com\\\/pt-pt\\\/um-novo-passo-na-construcao-do-novo-santuario-de-santa-catarina-no-brasil\\\/\",\"name\":\"Um novo passo na constru\u00e7\u00e3o do novo Santu\u00e1rio de Santa Catarina, no Brasil\",\"isPartOf\":{\"@id\":\"https:\\\/\\\/schoenstatt.com\\\/pt-pt\\\/#website\"},\"primaryImageOfPage\":{\"@id\":\"https:\\\/\\\/schoenstatt.com\\\/pt-pt\\\/um-novo-passo-na-construcao-do-novo-santuario-de-santa-catarina-no-brasil\\\/#primaryimage\"},\"image\":{\"@id\":\"https:\\\/\\\/schoenstatt.com\\\/pt-pt\\\/um-novo-passo-na-construcao-do-novo-santuario-de-santa-catarina-no-brasil\\\/#primaryimage\"},\"thumbnailUrl\":\"https:\\\/\\\/schoenstatt.com\\\/wp-content\\\/uploads\\\/2025\\\/04\\\/Schoenstatt-Shrine-of-Santa-Catarina-Biguacu-Brazil-1.webp\",\"datePublished\":\"2025-04-03T11:18:42+00:00\",\"dateModified\":\"2025-08-21T14:48:40+00:00\",\"description\":\"A Fam\u00edlia de Schoenstatt acompanha a ben\u00e7\u00e3o da Pedra Fundamental do primeiro Santu\u00e1rio de Schoenstatt do estado de Santa Catarina.\",\"breadcrumb\":{\"@id\":\"https:\\\/\\\/schoenstatt.com\\\/pt-pt\\\/um-novo-passo-na-construcao-do-novo-santuario-de-santa-catarina-no-brasil\\\/#breadcrumb\"},\"inLanguage\":\"pt-PT\",\"potentialAction\":[{\"@type\":\"ReadAction\",\"target\":[\"https:\\\/\\\/schoenstatt.com\\\/pt-pt\\\/um-novo-passo-na-construcao-do-novo-santuario-de-santa-catarina-no-brasil\\\/\"]}]},{\"@type\":\"ImageObject\",\"inLanguage\":\"pt-PT\",\"@id\":\"https:\\\/\\\/schoenstatt.com\\\/pt-pt\\\/um-novo-passo-na-construcao-do-novo-santuario-de-santa-catarina-no-brasil\\\/#primaryimage\",\"url\":\"https:\\\/\\\/schoenstatt.com\\\/wp-content\\\/uploads\\\/2025\\\/04\\\/Schoenstatt-Shrine-of-Santa-Catarina-Biguacu-Brazil-1.webp\",\"contentUrl\":\"https:\\\/\\\/schoenstatt.com\\\/wp-content\\\/uploads\\\/2025\\\/04\\\/Schoenstatt-Shrine-of-Santa-Catarina-Biguacu-Brazil-1.webp\",\"width\":1920,\"height\":991,\"caption\":\"Schoenstatt Shrine of Santa Catarina Bigua\u00e7u Brazil\"},{\"@type\":\"BreadcrumbList\",\"@id\":\"https:\\\/\\\/schoenstatt.com\\\/pt-pt\\\/um-novo-passo-na-construcao-do-novo-santuario-de-santa-catarina-no-brasil\\\/#breadcrumb\",\"itemListElement\":[{\"@type\":\"ListItem\",\"position\":1,\"name\":\"Portada\",\"item\":\"https:\\\/\\\/schoenstatt.com\\\/pt-pt\\\/home\\\/\"},{\"@type\":\"ListItem\",\"position\":2,\"name\":\"Um novo passo na constru\u00e7\u00e3o do novo Santu\u00e1rio de Santa Catarina, no Brasil\"}]},{\"@type\":\"WebSite\",\"@id\":\"https:\\\/\\\/schoenstatt.com\\\/pt-pt\\\/#website\",\"url\":\"https:\\\/\\\/schoenstatt.com\\\/pt-pt\\\/\",\"name\":\"Schoenstatt\",\"description\":\"Apostolic Movement\",\"publisher\":{\"@id\":\"https:\\\/\\\/schoenstatt.com\\\/pt-pt\\\/#organization\"},\"potentialAction\":[{\"@type\":\"SearchAction\",\"target\":{\"@type\":\"EntryPoint\",\"urlTemplate\":\"https:\\\/\\\/schoenstatt.com\\\/pt-pt\\\/?s={search_term_string}\"},\"query-input\":{\"@type\":\"PropertyValueSpecification\",\"valueRequired\":true,\"valueName\":\"search_term_string\"}}],\"inLanguage\":\"pt-PT\"},{\"@type\":\"Organization\",\"@id\":\"https:\\\/\\\/schoenstatt.com\\\/pt-pt\\\/#organization\",\"name\":\"Schoenstatt\",\"url\":\"https:\\\/\\\/schoenstatt.com\\\/pt-pt\\\/\",\"logo\":{\"@type\":\"ImageObject\",\"inLanguage\":\"pt-PT\",\"@id\":\"https:\\\/\\\/schoenstatt.com\\\/pt-pt\\\/#\\\/schema\\\/logo\\\/image\\\/\",\"url\":\"https:\\\/\\\/schoenstatt.com\\\/wp-content\\\/uploads\\\/2025\\\/04\\\/logo-schoenstatt-white-696x696-1.png\",\"contentUrl\":\"https:\\\/\\\/schoenstatt.com\\\/wp-content\\\/uploads\\\/2025\\\/04\\\/logo-schoenstatt-white-696x696-1.png\",\"width\":696,\"height\":694,\"caption\":\"Schoenstatt\"},\"image\":{\"@id\":\"https:\\\/\\\/schoenstatt.com\\\/pt-pt\\\/#\\\/schema\\\/logo\\\/image\\\/\"}},{\"@type\":\"Person\",\"@id\":\"https:\\\/\\\/schoenstatt.com\\\/pt-pt\\\/#\\\/schema\\\/person\\\/5158877ad4acae98b34daaeef2a1ce6e\",\"name\":\"Karen Bueno\",\"image\":{\"@type\":\"ImageObject\",\"inLanguage\":\"pt-PT\",\"@id\":\"https:\\\/\\\/secure.gravatar.com\\\/avatar\\\/f9f4b823873154269d2b2130f195f6d41037dd0d7fc5f3cacb5c846bae70d66b?s=96&d=mm&r=g\",\"url\":\"https:\\\/\\\/secure.gravatar.com\\\/avatar\\\/f9f4b823873154269d2b2130f195f6d41037dd0d7fc5f3cacb5c846bae70d66b?s=96&d=mm&r=g\",\"contentUrl\":\"https:\\\/\\\/secure.gravatar.com\\\/avatar\\\/f9f4b823873154269d2b2130f195f6d41037dd0d7fc5f3cacb5c846bae70d66b?s=96&d=mm&r=g\",\"caption\":\"Karen Bueno\"},\"url\":\"https:\\\/\\\/schoenstatt.com\\\/pt-pt\\\/author\\\/karen-bueno\\\/\"}]}<\/script>\n<!-- \/ Yoast SEO Premium plugin. -->","yoast_head_json":{"title":"Um novo passo na constru\u00e7\u00e3o do novo Santu\u00e1rio de Santa Catarina, no Brasil","description":"A Fam\u00edlia de Schoenstatt acompanha a ben\u00e7\u00e3o da Pedra Fundamental do primeiro Santu\u00e1rio de Schoenstatt do estado de Santa Catarina.","robots":{"index":"index","follow":"follow","max-snippet":"max-snippet:-1","max-image-preview":"max-image-preview:large","max-video-preview":"max-video-preview:-1"},"canonical":"https:\/\/schoenstatt.com\/pt-pt\/um-novo-passo-na-construcao-do-novo-santuario-de-santa-catarina-no-brasil\/","og_locale":"pt_PT","og_type":"article","og_title":"Um novo passo na constru\u00e7\u00e3o do novo Santu\u00e1rio de Santa Catarina, no Brasil","og_description":"A Fam\u00edlia de Schoenstatt acompanha a ben\u00e7\u00e3o da Pedra Fundamental do primeiro Santu\u00e1rio de Schoenstatt do estado de Santa Catarina.","og_url":"https:\/\/schoenstatt.com\/pt-pt\/um-novo-passo-na-construcao-do-novo-santuario-de-santa-catarina-no-brasil\/","og_site_name":"Schoenstatt","article_published_time":"2025-04-03T11:18:42+00:00","article_modified_time":"2025-08-21T14:48:40+00:00","og_image":[{"width":1920,"height":991,"url":"https:\/\/schoenstatt.com\/wp-content\/uploads\/2025\/04\/Schoenstatt-Shrine-of-Santa-Catarina-Biguacu-Brazil-1.webp","type":"image\/webp"}],"author":"Karen Bueno","twitter_card":"summary_large_image","twitter_misc":{"Escrito por":"Karen Bueno","Tempo estimado de leitura":"4 minutos"},"schema":{"@context":"https:\/\/schema.org","@graph":[{"@type":"Article","@id":"https:\/\/schoenstatt.com\/pt-pt\/um-novo-passo-na-construcao-do-novo-santuario-de-santa-catarina-no-brasil\/#article","isPartOf":{"@id":"https:\/\/schoenstatt.com\/pt-pt\/um-novo-passo-na-construcao-do-novo-santuario-de-santa-catarina-no-brasil\/"},"author":{"name":"Karen Bueno","@id":"https:\/\/schoenstatt.com\/pt-pt\/#\/schema\/person\/5158877ad4acae98b34daaeef2a1ce6e"},"headline":"Um novo passo na constru\u00e7\u00e3o do novo Santu\u00e1rio de Santa Catarina, no Brasil","datePublished":"2025-04-03T11:18:42+00:00","dateModified":"2025-08-21T14:48:40+00:00","mainEntityOfPage":{"@id":"https:\/\/schoenstatt.com\/pt-pt\/um-novo-passo-na-construcao-do-novo-santuario-de-santa-catarina-no-brasil\/"},"wordCount":731,"publisher":{"@id":"https:\/\/schoenstatt.com\/pt-pt\/#organization"},"image":{"@id":"https:\/\/schoenstatt.com\/pt-pt\/um-novo-passo-na-construcao-do-novo-santuario-de-santa-catarina-no-brasil\/#primaryimage"},"thumbnailUrl":"https:\/\/schoenstatt.com\/wp-content\/uploads\/2025\/04\/Schoenstatt-Shrine-of-Santa-Catarina-Biguacu-Brazil-1.webp","keywords":["Santu\u00e1rio de Schoenstatt","Schoenstatt Brasil"],"articleSection":["Am\u00e9rica","Pa\u00edses"],"inLanguage":"pt-PT"},{"@type":"WebPage","@id":"https:\/\/schoenstatt.com\/pt-pt\/um-novo-passo-na-construcao-do-novo-santuario-de-santa-catarina-no-brasil\/","url":"https:\/\/schoenstatt.com\/pt-pt\/um-novo-passo-na-construcao-do-novo-santuario-de-santa-catarina-no-brasil\/","name":"Um novo passo na constru\u00e7\u00e3o do novo Santu\u00e1rio de Santa Catarina, no Brasil","isPartOf":{"@id":"https:\/\/schoenstatt.com\/pt-pt\/#website"},"primaryImageOfPage":{"@id":"https:\/\/schoenstatt.com\/pt-pt\/um-novo-passo-na-construcao-do-novo-santuario-de-santa-catarina-no-brasil\/#primaryimage"},"image":{"@id":"https:\/\/schoenstatt.com\/pt-pt\/um-novo-passo-na-construcao-do-novo-santuario-de-santa-catarina-no-brasil\/#primaryimage"},"thumbnailUrl":"https:\/\/schoenstatt.com\/wp-content\/uploads\/2025\/04\/Schoenstatt-Shrine-of-Santa-Catarina-Biguacu-Brazil-1.webp","datePublished":"2025-04-03T11:18:42+00:00","dateModified":"2025-08-21T14:48:40+00:00","description":"A Fam\u00edlia de Schoenstatt acompanha a ben\u00e7\u00e3o da Pedra Fundamental do primeiro Santu\u00e1rio de Schoenstatt do estado de Santa Catarina.","breadcrumb":{"@id":"https:\/\/schoenstatt.com\/pt-pt\/um-novo-passo-na-construcao-do-novo-santuario-de-santa-catarina-no-brasil\/#breadcrumb"},"inLanguage":"pt-PT","potentialAction":[{"@type":"ReadAction","target":["https:\/\/schoenstatt.com\/pt-pt\/um-novo-passo-na-construcao-do-novo-santuario-de-santa-catarina-no-brasil\/"]}]},{"@type":"ImageObject","inLanguage":"pt-PT","@id":"https:\/\/schoenstatt.com\/pt-pt\/um-novo-passo-na-construcao-do-novo-santuario-de-santa-catarina-no-brasil\/#primaryimage","url":"https:\/\/schoenstatt.com\/wp-content\/uploads\/2025\/04\/Schoenstatt-Shrine-of-Santa-Catarina-Biguacu-Brazil-1.webp","contentUrl":"https:\/\/schoenstatt.com\/wp-content\/uploads\/2025\/04\/Schoenstatt-Shrine-of-Santa-Catarina-Biguacu-Brazil-1.webp","width":1920,"height":991,"caption":"Schoenstatt Shrine of Santa Catarina Bigua\u00e7u Brazil"},{"@type":"BreadcrumbList","@id":"https:\/\/schoenstatt.com\/pt-pt\/um-novo-passo-na-construcao-do-novo-santuario-de-santa-catarina-no-brasil\/#breadcrumb","itemListElement":[{"@type":"ListItem","position":1,"name":"Portada","item":"https:\/\/schoenstatt.com\/pt-pt\/home\/"},{"@type":"ListItem","position":2,"name":"Um novo passo na constru\u00e7\u00e3o do novo Santu\u00e1rio de Santa Catarina, no Brasil"}]},{"@type":"WebSite","@id":"https:\/\/schoenstatt.com\/pt-pt\/#website","url":"https:\/\/schoenstatt.com\/pt-pt\/","name":"Schoenstatt","description":"Apostolic Movement","publisher":{"@id":"https:\/\/schoenstatt.com\/pt-pt\/#organization"},"potentialAction":[{"@type":"SearchAction","target":{"@type":"EntryPoint","urlTemplate":"https:\/\/schoenstatt.com\/pt-pt\/?s={search_term_string}"},"query-input":{"@type":"PropertyValueSpecification","valueRequired":true,"valueName":"search_term_string"}}],"inLanguage":"pt-PT"},{"@type":"Organization","@id":"https:\/\/schoenstatt.com\/pt-pt\/#organization","name":"Schoenstatt","url":"https:\/\/schoenstatt.com\/pt-pt\/","logo":{"@type":"ImageObject","inLanguage":"pt-PT","@id":"https:\/\/schoenstatt.com\/pt-pt\/#\/schema\/logo\/image\/","url":"https:\/\/schoenstatt.com\/wp-content\/uploads\/2025\/04\/logo-schoenstatt-white-696x696-1.png","contentUrl":"https:\/\/schoenstatt.com\/wp-content\/uploads\/2025\/04\/logo-schoenstatt-white-696x696-1.png","width":696,"height":694,"caption":"Schoenstatt"},"image":{"@id":"https:\/\/schoenstatt.com\/pt-pt\/#\/schema\/logo\/image\/"}},{"@type":"Person","@id":"https:\/\/schoenstatt.com\/pt-pt\/#\/schema\/person\/5158877ad4acae98b34daaeef2a1ce6e","name":"Karen Bueno","image":{"@type":"ImageObject","inLanguage":"pt-PT","@id":"https:\/\/secure.gravatar.com\/avatar\/f9f4b823873154269d2b2130f195f6d41037dd0d7fc5f3cacb5c846bae70d66b?s=96&d=mm&r=g","url":"https:\/\/secure.gravatar.com\/avatar\/f9f4b823873154269d2b2130f195f6d41037dd0d7fc5f3cacb5c846bae70d66b?s=96&d=mm&r=g","contentUrl":"https:\/\/secure.gravatar.com\/avatar\/f9f4b823873154269d2b2130f195f6d41037dd0d7fc5f3cacb5c846bae70d66b?s=96&d=mm&r=g","caption":"Karen Bueno"},"url":"https:\/\/schoenstatt.com\/pt-pt\/author\/karen-bueno\/"}]}},"_links":{"self":[{"href":"https:\/\/schoenstatt.com\/pt-pt\/wp-json\/wp\/v2\/posts\/44242","targetHints":{"allow":["GET"]}}],"collection":[{"href":"https:\/\/schoenstatt.com\/pt-pt\/wp-json\/wp\/v2\/posts"}],"about":[{"href":"https:\/\/schoenstatt.com\/pt-pt\/wp-json\/wp\/v2\/types\/post"}],"author":[{"embeddable":true,"href":"https:\/\/schoenstatt.com\/pt-pt\/wp-json\/wp\/v2\/users\/3"}],"replies":[{"embeddable":true,"href":"https:\/\/schoenstatt.com\/pt-pt\/wp-json\/wp\/v2\/comments?post=44242"}],"version-history":[{"count":4,"href":"https:\/\/schoenstatt.com\/pt-pt\/wp-json\/wp\/v2\/posts\/44242\/revisions"}],"predecessor-version":[{"id":63079,"href":"https:\/\/schoenstatt.com\/pt-pt\/wp-json\/wp\/v2\/posts\/44242\/revisions\/63079"}],"wp:featuredmedia":[{"embeddable":true,"href":"https:\/\/schoenstatt.com\/pt-pt\/wp-json\/wp\/v2\/media\/44230"}],"wp:attachment":[{"href":"https:\/\/schoenstatt.com\/pt-pt\/wp-json\/wp\/v2\/media?parent=44242"}],"wp:term":[{"taxonomy":"category","embeddable":true,"href":"https:\/\/schoenstatt.com\/pt-pt\/wp-json\/wp\/v2\/categories?post=44242"},{"taxonomy":"post_tag","embeddable":true,"href":"https:\/\/schoenstatt.com\/pt-pt\/wp-json\/wp\/v2\/tags?post=44242"}],"curies":[{"name":"wp","href":"https:\/\/api.w.org\/{rel}","templated":true}]}}