{"id":44178,"date":"2021-09-27T16:51:21","date_gmt":"2021-09-27T14:51:21","guid":{"rendered":"https:\/\/schoenstatt.com\/?p=44178"},"modified":"2025-08-21T17:49:44","modified_gmt":"2025-08-21T15:49:44","slug":"uma-missionaria-que-retorna-a-sua-patria","status":"publish","type":"post","link":"https:\/\/schoenstatt.com\/pt-pt\/uma-missionaria-que-retorna-a-sua-patria\/","title":{"rendered":"Uma mission\u00e1ria que retorna \u00e0 sua p\u00e1tria"},"content":{"rendered":"<h3>\u201cEnriquecei a vida da Igreja com o vosso carisma!\u201d<\/h3>\n<p>Esse pedido do Papa Jo\u00e3o Paulo II ao nosso Instituto nos impulsionou nossa prov\u00edncia brasileira, Prov\u00edncia Schoenstatt-Tabor, com sede em Atibaia\/SP, na d\u00e9cada de 90, a enviar Irm\u00e3s para levar o carisma de Schoenstatt para a It\u00e1lia, enriquecer a vida da Igreja no pa\u00eds e colaborar em sua miss\u00e3o evangelizadora. \u00c9 tamb\u00e9m uma forma de retribuirmos as ra\u00edzes da f\u00e9 que nosso pa\u00eds recebeu com a imigra\u00e7\u00e3o italiana.<\/p>\n<h3>Em seu retorno ao Brasil, ap\u00f3s atuar durante 22 anos na It\u00e1lia, Ir. M. Ivone Zenovelo fala-nos de sua experi\u00eancia mission\u00e1ria:<\/h3>\n<p>\u201cEsses 22 anos de vida na It\u00e1lia me enriqueceram muito. Quando cheguei \u00e0 It\u00e1lia, n\u00e3o encontrei Schoenstatt como Movimento. Isso, no entanto, n\u00e3o foi para mim uma desilus\u00e3o, mas um chamado direto para dedicar inteiramente as minhas for\u00e7as a servi\u00e7o de uma grande miss\u00e3o. Aprendi que \u00e9 na doa\u00e7\u00e3o total, quando nos colocamos como instrumentos pequenos, mas, inteiramente dispon\u00edveis, Deus pode atuar e realizar seus planos. Tamb\u00e9m, pedi sempre ajuda e a companhia de J\u00f5ao Luiz Pozzobon. Creio que ele fez que eu pudesse experimentar o que \u00e9 ser Maria, levando Jesus para muitas pessoas.\u201d<\/p>\n<h3>Para quantas quantas cidades, voc\u00ea levou o carisma de Schoenstatt, por meio da Campanha da M\u00e3e Peregrina?<\/h3>\n<p>\u00c9 imposs\u00edvel agora contar o n\u00famero de cidades, pois foram tantas. Mas, estou certa que nas 14 Regi\u00f5es da It\u00e1lia a M\u00e3e Peregrina est\u00e1 presente e, com isso, o carisma de Schoenstatt \u00e9 tamb\u00e9m conhecido.<\/p>\n<h3>Qual foi o seu maior desafio nesses anos?<\/h3>\n<p>O maior desafio foi chegar at\u00e9 o clero italiano, que n\u00e3o entendia o que Schoenstatt tem a oferecer para a Igreja e ajud\u00e1-lo a entender que a Campanha da M\u00e3e Peregrina \u00e9 uma grande ajuda e, porque n\u00e3o dizer, \u00e9 a resposta aos grandes desafios e problemas que as fam\u00edlias atuais enfrentam. Muitas vezes diante de algumas dificuldades, pensei: Se pudesse mudar o nome, em vez de Campanha da M\u00e3e Peregrina, eu colocaria: Batalha da M\u00e3e Peregrina!<\/p>\n<p><img fetchpriority=\"high\" decoding=\"async\" class=\"aligncenter size-large wp-image-18804\" src=\"https:\/\/schoenstatt.com\/wp-content\/uploads\/2021\/10\/Web-Sr.-M.-Ivone-Italien-1-1024x745.jpg\" alt=\"Sister M. Ivone\" width=\"840\" height=\"611\" \/><\/p>\n<h3>E qual a sua maior alegria?<\/h3>\n<p>A minha maior alegria sempre foi poder n\u00e3o s\u00f3 peregrinar levando a M\u00e3e de Deus para todas as fam\u00edias, mas poder sentir como as pessoas realmente encontraram o sentido da vida e da viv\u00eancia de f\u00e9, por meio da espiritualidade de Schoenstatt. Muitos selaram a Alian\u00e7a de Amor e instituiram seus Santu\u00e1rios Lares.<\/p>\n<h3>Voc\u00ea teve a oportunidade de viver pr\u00f3xima a tr\u00eas papas. Foi poss\u00edvel v\u00ea-los pessoalmente com frequ\u00eancia?<\/h3>\n<p>No decorrer desses anos na It\u00e1lia, vivi na proximidade de tr\u00eas papas. Com Jo\u00e3o Paulo II tive o privil\u00e9gio de um encontro muito especial com ele, no nosso Santu\u00e1rio Cor Ecclesiae, em Roma, no dia 29 de dezembro de 2000. Ajoelhei-me diante dele e o cumprimentei; ele me deu a b\u00ean\u00e7\u00e3o e me presenteou um ter\u00e7o que trago at\u00e9 hoje como um dom precioso. Hoje posso dizer: estive ajoelhada diante de um santo!<\/p>\n<p>Com Papa Bento XVI pude me encontrar diversas vezes, sempre na Bas\u00edlica de S\u00e3o Pedro, e uma vez pude receber a santa Comunh\u00e3o de suas m\u00e3os.<\/p>\n<p>Com o Papa Francisco, bem no in\u00edcio do seu pontificado, pude participar uma vez da Santa Missa na capela da Casa Santa Marta. E, com as Irm\u00e3s da Filial Cor Ecclesiae, tivemos um encontro com ele e nesta ocasi\u00e3o eu lhe presenteei uma pequena imagem da M\u00e3e Peregrina com o livro guia da Campanha; eu lhe disse que trabalhava no apostolado da M\u00e3e Peregrina de Schoenstatt e pedi a sua b\u00ean\u00e7\u00e3o para todas as fam\u00edlias que recebem a imagem nas suas casas. Ele recebeu com carinho a pequena imagem, me olhou e aben\u00e7oou.<\/p>\n<p>Naturalmente, durante esses anos participei com esses tr\u00eas Papas de diversas Santas Missas e tantas cerim\u00f4nias lit\u00fargicas nas Bas\u00edlicas de Roma. \u00c0s vezes em lugares privilegiados, \u00e0s vezes em meio \u00e0 multid\u00e3o de gente. Participei tamb\u00e9m da audi\u00eancia no jubileu de 100 anos de Schoenstatt, organizando a participa\u00e7\u00e3o de mais de 700 italianos vindos de todas as regi\u00f5es da It\u00e1lia.<\/p>\n<p><img decoding=\"async\" class=\"aligncenter size-full wp-image-18808\" src=\"https:\/\/schoenstatt.com\/wp-content\/uploads\/2021\/10\/Web-Sr.-M.-Ivone-Italien-2-768x510-1.jpg\" alt=\"Sister M. Ivone\" width=\"768\" height=\"510\" \/><\/p>\n<h3>Qual o maior presente que esses anos na It\u00e1lia trouxeram para voc\u00ea?<\/h3>\n<p>\u00c9 muito dif\u00edcil dizer qual foi o maior presente que esses anos me trouxe, pois tudo foi um grande e \u00fanico presente. Por exemplo, poder dedicar esta etapa da minha vida a servi\u00e7o da miss\u00e3o de Schoenstatt. Senti-me muito recompensada quando, agora nas despedidas da It\u00e1lia, todos manifestaram em tantas formas o agradecimento pelo que fiz e confesso que eu nem estava consciente de tudo o que tinha feito. Tantos sacerdotes me escreveram agradecendo a minha coragem e a convic\u00e7\u00e3o com que enfrentei as diversas circust\u00e2ncias. Um sacerdote diocesano de Schoenstatt me escreveu: A senhora foi uma \u201capari\u00e7\u00e3o\u201d de Maria entre n\u00f3s.<\/p>\n<p>\u00c9 de fato um grande presente, ap\u00f3s 22 anos, poder ver j\u00e1 muitos frutos das sementes lan\u00e7adas por Deus por meio de mim.<\/p>\n<h3>Quais s\u00e3o os seus sentimentos, ao deixar essa terra de miss\u00e3o ap\u00f3s 22 anos?<\/h3>\n<p>Os sentimentos s\u00e3o tantos. Talvez eu possa resumir em 4:<\/p>\n<p><strong>Gratid\u00e3o<\/strong> pela fidelidade, em meio a tantas provas. De meus 44 anos de Irm\u00e3 de Maria, vivi 22 anos no Brasil e 22 anos na It\u00e1lia;<\/p>\n<p><strong>Alegria<\/strong> em poder voltar para minha p\u00e1tria e continuar aqui a miss\u00e3o que o Pai me confia;<\/p>\n<p><strong>Tristeza<\/strong> por deixar a minha segunda p\u00e1tria \u2013 a It\u00e1lia \u2013 justamente em meio a pandemia.<\/p>\n<p><strong>Prontid\u00e3o<\/strong> para continuar a lutar com for\u00e7a e coragem pela miss\u00e3o. E se, um dia, tiver que voltar para a It\u00e1lia, ser\u00e1 uma grande alegria tamb\u00e9m!<\/p>\n<p>No momento, como faz poucos anos que cheguei no Brasil, estou tentando colocar estes 4 sentimentos e outros, todos juntos, para oferecer ao Pai e dar minha resposta livremente: Pai, eu vou contigo!<\/p>\n<h3>O que voc\u00ea espera para os pr\u00f3ximos anos no Brasil?<\/h3>\n<p>Espero continuar levando o \u201ccarro de triunfos\u201d da MTA, onde Deus me espera com suas gra\u00e7as. Que o Pai me d\u00ea sempre for\u00e7as para lutar com perseveran\u00e7a e jamais desanimar diante das dificuldades.<\/p>\n<p>Fonte: <a href=\"https:\/\/www.s-ms.org\/pt-br\/2021\/09\/26\/uma-missionaria-que-retorna-a-sua-patria\/\" target=\"_blank\" rel=\"noopener\">s-ms.org<\/a><\/p>\n","protected":false},"excerpt":{"rendered":"<p>\u201cEnriquecei a vida da Igreja com o vosso carisma!\u201d Esse pedido do Papa Jo\u00e3o Paulo II ao nosso Instituto nos impulsionou nossa prov\u00edncia brasileira, Prov\u00edncia Schoenstatt-Tabor, com sede em Atibaia\/SP, na d\u00e9cada de 90, a enviar Irm\u00e3s para levar o carisma de Schoenstatt para a It\u00e1lia, enriquecer a vida da Igreja no pa\u00eds e colaborar [&hellip;]<\/p>\n","protected":false},"author":3,"featured_media":18801,"comment_status":"closed","ping_status":"open","sticky":false,"template":"","format":"standard","meta":{"footnotes":""},"categories":[908],"tags":[950,1201,1107,1135,1183],"class_list":["post-44178","post","type-post","status-publish","format-standard","has-post-thumbnail","hentry","category-comunidades-de-schoenstatt-pt-pt","tag-atibaia-brasil-pt-pt","tag-irmas-de-maria-de-schoenstatt-pt-pt","tag-roma-pt-pt","tag-schoenstatt-brasil-pt-pt","tag-schoenstatt-italia-pt-pt"],"yoast_head":"<!-- This site is optimized with the Yoast SEO Premium plugin v27.4 (Yoast SEO v27.4) - https:\/\/yoast.com\/product\/yoast-seo-premium-wordpress\/ -->\n<title>Uma mission\u00e1ria que retorna \u00e0 sua p\u00e1tria - Schoenstatt<\/title>\n<meta name=\"description\" content=\"Ir. M. Ivone Zenovelo retorna ao Brasil, ap\u00f3s anos de miss\u00e3o servindo a Fam\u00edlia de Schoenstatt da It\u00e1lia, vivendo em Roma.\" \/>\n<meta name=\"robots\" content=\"index, follow, max-snippet:-1, max-image-preview:large, max-video-preview:-1\" \/>\n<link rel=\"canonical\" href=\"https:\/\/schoenstatt.com\/pt-pt\/uma-missionaria-que-retorna-a-sua-patria\/\" \/>\n<meta property=\"og:locale\" content=\"pt_PT\" \/>\n<meta property=\"og:type\" content=\"article\" \/>\n<meta property=\"og:title\" content=\"Uma mission\u00e1ria que retorna \u00e0 sua p\u00e1tria\" \/>\n<meta property=\"og:description\" content=\"Ir. M. Ivone Zenovelo retorna ao Brasil, ap\u00f3s anos de miss\u00e3o servindo a Fam\u00edlia de Schoenstatt da It\u00e1lia, vivendo em Roma.\" \/>\n<meta property=\"og:url\" content=\"https:\/\/schoenstatt.com\/pt-pt\/uma-missionaria-que-retorna-a-sua-patria\/\" \/>\n<meta property=\"og:site_name\" content=\"Schoenstatt\" \/>\n<meta property=\"article:published_time\" content=\"2021-09-27T14:51:21+00:00\" \/>\n<meta property=\"article:modified_time\" content=\"2025-08-21T15:49:44+00:00\" \/>\n<meta property=\"og:image\" content=\"https:\/\/schoenstatt.com\/wp-content\/uploads\/2021\/10\/Web-Sr.-M.-Ivone-2.jpg\" \/>\n\t<meta property=\"og:image:width\" content=\"2400\" \/>\n\t<meta property=\"og:image:height\" content=\"1800\" \/>\n\t<meta property=\"og:image:type\" content=\"image\/jpeg\" \/>\n<meta name=\"author\" content=\"Karen Bueno\" \/>\n<meta name=\"twitter:card\" content=\"summary_large_image\" \/>\n<meta name=\"twitter:label1\" content=\"Escrito por\" \/>\n\t<meta name=\"twitter:data1\" content=\"Karen Bueno\" \/>\n\t<meta name=\"twitter:label2\" content=\"Tempo estimado de leitura\" \/>\n\t<meta name=\"twitter:data2\" content=\"6 minutos\" \/>\n<script type=\"application\/ld+json\" class=\"yoast-schema-graph\">{\"@context\":\"https:\\\/\\\/schema.org\",\"@graph\":[{\"@type\":\"Article\",\"@id\":\"https:\\\/\\\/schoenstatt.com\\\/pt-pt\\\/uma-missionaria-que-retorna-a-sua-patria\\\/#article\",\"isPartOf\":{\"@id\":\"https:\\\/\\\/schoenstatt.com\\\/pt-pt\\\/uma-missionaria-que-retorna-a-sua-patria\\\/\"},\"author\":{\"name\":\"Karen Bueno\",\"@id\":\"https:\\\/\\\/schoenstatt.com\\\/pt-pt\\\/#\\\/schema\\\/person\\\/5158877ad4acae98b34daaeef2a1ce6e\"},\"headline\":\"Uma mission\u00e1ria que retorna \u00e0 sua p\u00e1tria\",\"datePublished\":\"2021-09-27T14:51:21+00:00\",\"dateModified\":\"2025-08-21T15:49:44+00:00\",\"mainEntityOfPage\":{\"@id\":\"https:\\\/\\\/schoenstatt.com\\\/pt-pt\\\/uma-missionaria-que-retorna-a-sua-patria\\\/\"},\"wordCount\":1077,\"publisher\":{\"@id\":\"https:\\\/\\\/schoenstatt.com\\\/pt-pt\\\/#organization\"},\"image\":{\"@id\":\"https:\\\/\\\/schoenstatt.com\\\/pt-pt\\\/uma-missionaria-que-retorna-a-sua-patria\\\/#primaryimage\"},\"thumbnailUrl\":\"https:\\\/\\\/schoenstatt.com\\\/wp-content\\\/uploads\\\/2021\\\/10\\\/Web-Sr.-M.-Ivone-2.jpg\",\"keywords\":[\"Atibaia - Brasil\",\"Irm\u00e3s de Maria de Schoenstatt\",\"Roma\",\"Schoenstatt Brasil\",\"Schoenstatt It\u00e1lia\"],\"articleSection\":[\"Comunidades de Schoenstatt\"],\"inLanguage\":\"pt-PT\"},{\"@type\":\"WebPage\",\"@id\":\"https:\\\/\\\/schoenstatt.com\\\/pt-pt\\\/uma-missionaria-que-retorna-a-sua-patria\\\/\",\"url\":\"https:\\\/\\\/schoenstatt.com\\\/pt-pt\\\/uma-missionaria-que-retorna-a-sua-patria\\\/\",\"name\":\"Uma mission\u00e1ria que retorna \u00e0 sua p\u00e1tria - Schoenstatt\",\"isPartOf\":{\"@id\":\"https:\\\/\\\/schoenstatt.com\\\/pt-pt\\\/#website\"},\"primaryImageOfPage\":{\"@id\":\"https:\\\/\\\/schoenstatt.com\\\/pt-pt\\\/uma-missionaria-que-retorna-a-sua-patria\\\/#primaryimage\"},\"image\":{\"@id\":\"https:\\\/\\\/schoenstatt.com\\\/pt-pt\\\/uma-missionaria-que-retorna-a-sua-patria\\\/#primaryimage\"},\"thumbnailUrl\":\"https:\\\/\\\/schoenstatt.com\\\/wp-content\\\/uploads\\\/2021\\\/10\\\/Web-Sr.-M.-Ivone-2.jpg\",\"datePublished\":\"2021-09-27T14:51:21+00:00\",\"dateModified\":\"2025-08-21T15:49:44+00:00\",\"description\":\"Ir. M. Ivone Zenovelo retorna ao Brasil, ap\u00f3s anos de miss\u00e3o servindo a Fam\u00edlia de Schoenstatt da It\u00e1lia, vivendo em Roma.\",\"breadcrumb\":{\"@id\":\"https:\\\/\\\/schoenstatt.com\\\/pt-pt\\\/uma-missionaria-que-retorna-a-sua-patria\\\/#breadcrumb\"},\"inLanguage\":\"pt-PT\",\"potentialAction\":[{\"@type\":\"ReadAction\",\"target\":[\"https:\\\/\\\/schoenstatt.com\\\/pt-pt\\\/uma-missionaria-que-retorna-a-sua-patria\\\/\"]}]},{\"@type\":\"ImageObject\",\"inLanguage\":\"pt-PT\",\"@id\":\"https:\\\/\\\/schoenstatt.com\\\/pt-pt\\\/uma-missionaria-que-retorna-a-sua-patria\\\/#primaryimage\",\"url\":\"https:\\\/\\\/schoenstatt.com\\\/wp-content\\\/uploads\\\/2021\\\/10\\\/Web-Sr.-M.-Ivone-2.jpg\",\"contentUrl\":\"https:\\\/\\\/schoenstatt.com\\\/wp-content\\\/uploads\\\/2021\\\/10\\\/Web-Sr.-M.-Ivone-2.jpg\",\"width\":2400,\"height\":1800,\"caption\":\"Sister M. Ivone\"},{\"@type\":\"BreadcrumbList\",\"@id\":\"https:\\\/\\\/schoenstatt.com\\\/pt-pt\\\/uma-missionaria-que-retorna-a-sua-patria\\\/#breadcrumb\",\"itemListElement\":[{\"@type\":\"ListItem\",\"position\":1,\"name\":\"Portada\",\"item\":\"https:\\\/\\\/schoenstatt.com\\\/pt-pt\\\/home\\\/\"},{\"@type\":\"ListItem\",\"position\":2,\"name\":\"Uma mission\u00e1ria que retorna \u00e0 sua p\u00e1tria\"}]},{\"@type\":\"WebSite\",\"@id\":\"https:\\\/\\\/schoenstatt.com\\\/pt-pt\\\/#website\",\"url\":\"https:\\\/\\\/schoenstatt.com\\\/pt-pt\\\/\",\"name\":\"Schoenstatt\",\"description\":\"Apostolic Movement\",\"publisher\":{\"@id\":\"https:\\\/\\\/schoenstatt.com\\\/pt-pt\\\/#organization\"},\"potentialAction\":[{\"@type\":\"SearchAction\",\"target\":{\"@type\":\"EntryPoint\",\"urlTemplate\":\"https:\\\/\\\/schoenstatt.com\\\/pt-pt\\\/?s={search_term_string}\"},\"query-input\":{\"@type\":\"PropertyValueSpecification\",\"valueRequired\":true,\"valueName\":\"search_term_string\"}}],\"inLanguage\":\"pt-PT\"},{\"@type\":\"Organization\",\"@id\":\"https:\\\/\\\/schoenstatt.com\\\/pt-pt\\\/#organization\",\"name\":\"Schoenstatt\",\"url\":\"https:\\\/\\\/schoenstatt.com\\\/pt-pt\\\/\",\"logo\":{\"@type\":\"ImageObject\",\"inLanguage\":\"pt-PT\",\"@id\":\"https:\\\/\\\/schoenstatt.com\\\/pt-pt\\\/#\\\/schema\\\/logo\\\/image\\\/\",\"url\":\"https:\\\/\\\/schoenstatt.com\\\/wp-content\\\/uploads\\\/2025\\\/04\\\/logo-schoenstatt-white-696x696-1.png\",\"contentUrl\":\"https:\\\/\\\/schoenstatt.com\\\/wp-content\\\/uploads\\\/2025\\\/04\\\/logo-schoenstatt-white-696x696-1.png\",\"width\":696,\"height\":694,\"caption\":\"Schoenstatt\"},\"image\":{\"@id\":\"https:\\\/\\\/schoenstatt.com\\\/pt-pt\\\/#\\\/schema\\\/logo\\\/image\\\/\"}},{\"@type\":\"Person\",\"@id\":\"https:\\\/\\\/schoenstatt.com\\\/pt-pt\\\/#\\\/schema\\\/person\\\/5158877ad4acae98b34daaeef2a1ce6e\",\"name\":\"Karen Bueno\",\"image\":{\"@type\":\"ImageObject\",\"inLanguage\":\"pt-PT\",\"@id\":\"https:\\\/\\\/secure.gravatar.com\\\/avatar\\\/f9f4b823873154269d2b2130f195f6d41037dd0d7fc5f3cacb5c846bae70d66b?s=96&d=mm&r=g\",\"url\":\"https:\\\/\\\/secure.gravatar.com\\\/avatar\\\/f9f4b823873154269d2b2130f195f6d41037dd0d7fc5f3cacb5c846bae70d66b?s=96&d=mm&r=g\",\"contentUrl\":\"https:\\\/\\\/secure.gravatar.com\\\/avatar\\\/f9f4b823873154269d2b2130f195f6d41037dd0d7fc5f3cacb5c846bae70d66b?s=96&d=mm&r=g\",\"caption\":\"Karen Bueno\"},\"url\":\"https:\\\/\\\/schoenstatt.com\\\/pt-pt\\\/author\\\/karen-bueno\\\/\"}]}<\/script>\n<!-- \/ Yoast SEO Premium plugin. -->","yoast_head_json":{"title":"Uma mission\u00e1ria que retorna \u00e0 sua p\u00e1tria - Schoenstatt","description":"Ir. M. Ivone Zenovelo retorna ao Brasil, ap\u00f3s anos de miss\u00e3o servindo a Fam\u00edlia de Schoenstatt da It\u00e1lia, vivendo em Roma.","robots":{"index":"index","follow":"follow","max-snippet":"max-snippet:-1","max-image-preview":"max-image-preview:large","max-video-preview":"max-video-preview:-1"},"canonical":"https:\/\/schoenstatt.com\/pt-pt\/uma-missionaria-que-retorna-a-sua-patria\/","og_locale":"pt_PT","og_type":"article","og_title":"Uma mission\u00e1ria que retorna \u00e0 sua p\u00e1tria","og_description":"Ir. M. Ivone Zenovelo retorna ao Brasil, ap\u00f3s anos de miss\u00e3o servindo a Fam\u00edlia de Schoenstatt da It\u00e1lia, vivendo em Roma.","og_url":"https:\/\/schoenstatt.com\/pt-pt\/uma-missionaria-que-retorna-a-sua-patria\/","og_site_name":"Schoenstatt","article_published_time":"2021-09-27T14:51:21+00:00","article_modified_time":"2025-08-21T15:49:44+00:00","og_image":[{"width":2400,"height":1800,"url":"https:\/\/schoenstatt.com\/wp-content\/uploads\/2021\/10\/Web-Sr.-M.-Ivone-2.jpg","type":"image\/jpeg"}],"author":"Karen Bueno","twitter_card":"summary_large_image","twitter_misc":{"Escrito por":"Karen Bueno","Tempo estimado de leitura":"6 minutos"},"schema":{"@context":"https:\/\/schema.org","@graph":[{"@type":"Article","@id":"https:\/\/schoenstatt.com\/pt-pt\/uma-missionaria-que-retorna-a-sua-patria\/#article","isPartOf":{"@id":"https:\/\/schoenstatt.com\/pt-pt\/uma-missionaria-que-retorna-a-sua-patria\/"},"author":{"name":"Karen Bueno","@id":"https:\/\/schoenstatt.com\/pt-pt\/#\/schema\/person\/5158877ad4acae98b34daaeef2a1ce6e"},"headline":"Uma mission\u00e1ria que retorna \u00e0 sua p\u00e1tria","datePublished":"2021-09-27T14:51:21+00:00","dateModified":"2025-08-21T15:49:44+00:00","mainEntityOfPage":{"@id":"https:\/\/schoenstatt.com\/pt-pt\/uma-missionaria-que-retorna-a-sua-patria\/"},"wordCount":1077,"publisher":{"@id":"https:\/\/schoenstatt.com\/pt-pt\/#organization"},"image":{"@id":"https:\/\/schoenstatt.com\/pt-pt\/uma-missionaria-que-retorna-a-sua-patria\/#primaryimage"},"thumbnailUrl":"https:\/\/schoenstatt.com\/wp-content\/uploads\/2021\/10\/Web-Sr.-M.-Ivone-2.jpg","keywords":["Atibaia - Brasil","Irm\u00e3s de Maria de Schoenstatt","Roma","Schoenstatt Brasil","Schoenstatt It\u00e1lia"],"articleSection":["Comunidades de Schoenstatt"],"inLanguage":"pt-PT"},{"@type":"WebPage","@id":"https:\/\/schoenstatt.com\/pt-pt\/uma-missionaria-que-retorna-a-sua-patria\/","url":"https:\/\/schoenstatt.com\/pt-pt\/uma-missionaria-que-retorna-a-sua-patria\/","name":"Uma mission\u00e1ria que retorna \u00e0 sua p\u00e1tria - Schoenstatt","isPartOf":{"@id":"https:\/\/schoenstatt.com\/pt-pt\/#website"},"primaryImageOfPage":{"@id":"https:\/\/schoenstatt.com\/pt-pt\/uma-missionaria-que-retorna-a-sua-patria\/#primaryimage"},"image":{"@id":"https:\/\/schoenstatt.com\/pt-pt\/uma-missionaria-que-retorna-a-sua-patria\/#primaryimage"},"thumbnailUrl":"https:\/\/schoenstatt.com\/wp-content\/uploads\/2021\/10\/Web-Sr.-M.-Ivone-2.jpg","datePublished":"2021-09-27T14:51:21+00:00","dateModified":"2025-08-21T15:49:44+00:00","description":"Ir. M. Ivone Zenovelo retorna ao Brasil, ap\u00f3s anos de miss\u00e3o servindo a Fam\u00edlia de Schoenstatt da It\u00e1lia, vivendo em Roma.","breadcrumb":{"@id":"https:\/\/schoenstatt.com\/pt-pt\/uma-missionaria-que-retorna-a-sua-patria\/#breadcrumb"},"inLanguage":"pt-PT","potentialAction":[{"@type":"ReadAction","target":["https:\/\/schoenstatt.com\/pt-pt\/uma-missionaria-que-retorna-a-sua-patria\/"]}]},{"@type":"ImageObject","inLanguage":"pt-PT","@id":"https:\/\/schoenstatt.com\/pt-pt\/uma-missionaria-que-retorna-a-sua-patria\/#primaryimage","url":"https:\/\/schoenstatt.com\/wp-content\/uploads\/2021\/10\/Web-Sr.-M.-Ivone-2.jpg","contentUrl":"https:\/\/schoenstatt.com\/wp-content\/uploads\/2021\/10\/Web-Sr.-M.-Ivone-2.jpg","width":2400,"height":1800,"caption":"Sister M. Ivone"},{"@type":"BreadcrumbList","@id":"https:\/\/schoenstatt.com\/pt-pt\/uma-missionaria-que-retorna-a-sua-patria\/#breadcrumb","itemListElement":[{"@type":"ListItem","position":1,"name":"Portada","item":"https:\/\/schoenstatt.com\/pt-pt\/home\/"},{"@type":"ListItem","position":2,"name":"Uma mission\u00e1ria que retorna \u00e0 sua p\u00e1tria"}]},{"@type":"WebSite","@id":"https:\/\/schoenstatt.com\/pt-pt\/#website","url":"https:\/\/schoenstatt.com\/pt-pt\/","name":"Schoenstatt","description":"Apostolic Movement","publisher":{"@id":"https:\/\/schoenstatt.com\/pt-pt\/#organization"},"potentialAction":[{"@type":"SearchAction","target":{"@type":"EntryPoint","urlTemplate":"https:\/\/schoenstatt.com\/pt-pt\/?s={search_term_string}"},"query-input":{"@type":"PropertyValueSpecification","valueRequired":true,"valueName":"search_term_string"}}],"inLanguage":"pt-PT"},{"@type":"Organization","@id":"https:\/\/schoenstatt.com\/pt-pt\/#organization","name":"Schoenstatt","url":"https:\/\/schoenstatt.com\/pt-pt\/","logo":{"@type":"ImageObject","inLanguage":"pt-PT","@id":"https:\/\/schoenstatt.com\/pt-pt\/#\/schema\/logo\/image\/","url":"https:\/\/schoenstatt.com\/wp-content\/uploads\/2025\/04\/logo-schoenstatt-white-696x696-1.png","contentUrl":"https:\/\/schoenstatt.com\/wp-content\/uploads\/2025\/04\/logo-schoenstatt-white-696x696-1.png","width":696,"height":694,"caption":"Schoenstatt"},"image":{"@id":"https:\/\/schoenstatt.com\/pt-pt\/#\/schema\/logo\/image\/"}},{"@type":"Person","@id":"https:\/\/schoenstatt.com\/pt-pt\/#\/schema\/person\/5158877ad4acae98b34daaeef2a1ce6e","name":"Karen Bueno","image":{"@type":"ImageObject","inLanguage":"pt-PT","@id":"https:\/\/secure.gravatar.com\/avatar\/f9f4b823873154269d2b2130f195f6d41037dd0d7fc5f3cacb5c846bae70d66b?s=96&d=mm&r=g","url":"https:\/\/secure.gravatar.com\/avatar\/f9f4b823873154269d2b2130f195f6d41037dd0d7fc5f3cacb5c846bae70d66b?s=96&d=mm&r=g","contentUrl":"https:\/\/secure.gravatar.com\/avatar\/f9f4b823873154269d2b2130f195f6d41037dd0d7fc5f3cacb5c846bae70d66b?s=96&d=mm&r=g","caption":"Karen Bueno"},"url":"https:\/\/schoenstatt.com\/pt-pt\/author\/karen-bueno\/"}]}},"_links":{"self":[{"href":"https:\/\/schoenstatt.com\/pt-pt\/wp-json\/wp\/v2\/posts\/44178","targetHints":{"allow":["GET"]}}],"collection":[{"href":"https:\/\/schoenstatt.com\/pt-pt\/wp-json\/wp\/v2\/posts"}],"about":[{"href":"https:\/\/schoenstatt.com\/pt-pt\/wp-json\/wp\/v2\/types\/post"}],"author":[{"embeddable":true,"href":"https:\/\/schoenstatt.com\/pt-pt\/wp-json\/wp\/v2\/users\/3"}],"replies":[{"embeddable":true,"href":"https:\/\/schoenstatt.com\/pt-pt\/wp-json\/wp\/v2\/comments?post=44178"}],"version-history":[{"count":1,"href":"https:\/\/schoenstatt.com\/pt-pt\/wp-json\/wp\/v2\/posts\/44178\/revisions"}],"predecessor-version":[{"id":44703,"href":"https:\/\/schoenstatt.com\/pt-pt\/wp-json\/wp\/v2\/posts\/44178\/revisions\/44703"}],"wp:featuredmedia":[{"embeddable":true,"href":"https:\/\/schoenstatt.com\/pt-pt\/wp-json\/wp\/v2\/media\/18801"}],"wp:attachment":[{"href":"https:\/\/schoenstatt.com\/pt-pt\/wp-json\/wp\/v2\/media?parent=44178"}],"wp:term":[{"taxonomy":"category","embeddable":true,"href":"https:\/\/schoenstatt.com\/pt-pt\/wp-json\/wp\/v2\/categories?post=44178"},{"taxonomy":"post_tag","embeddable":true,"href":"https:\/\/schoenstatt.com\/pt-pt\/wp-json\/wp\/v2\/tags?post=44178"}],"curies":[{"name":"wp","href":"https:\/\/api.w.org\/{rel}","templated":true}]}}