{"id":43969,"date":"2025-03-21T12:47:40","date_gmt":"2025-03-21T11:47:40","guid":{"rendered":"https:\/\/schoenstatt.com\/?p=43969"},"modified":"2025-08-15T19:51:37","modified_gmt":"2025-08-15T17:51:37","slug":"retiro-anual-fortalece-missionarios-da-campanha-da-mae-peregrina-na-europa","status":"publish","type":"post","link":"https:\/\/schoenstatt.com\/pt-pt\/retiro-anual-fortalece-missionarios-da-campanha-da-mae-peregrina-na-europa\/","title":{"rendered":"Retiro anual fortalece mission\u00e1rios da Campanha da M\u00e3e Peregrina na Europa"},"content":{"rendered":"\n<p>Todos os anos, \u00e9 organizado um retiro especial para mission\u00e1rios da Campanha da M\u00e3e Peregrina de Schoenstatt, de l\u00edngua portuguesa, que vivem na Europa. O objetivo desse evento \u00e9 fortalecer e reanimar os mission\u00e1rios, seguindo o h\u00e1bito do pr\u00f3prio Di\u00e1c. Jo\u00e3o Pozzobon, que anualmente refletia sobre seu lema e suas metas. O encontro \u00e9 visto como um momento de reflex\u00e3o sobre o ano que passou, al\u00e9m de uma oportunidade para renovar o compromisso com a miss\u00e3o.<\/p>\n\n\n\n<p>No \u00faltimo fim de semana, nos dias 15 e 16 de mar\u00e7o, os coordenadores e mission\u00e1rios tiveram a alegria de se reunir \u00e0 sombra do Santu\u00e1rio Original, em Schoenstatt, para reavivar a chama da miss\u00e3o.<\/p>\n\n\n\n<h3 class=\"wp-block-heading\" id=\"h-planejamento-e-lema-do-retiro\"><strong><strong>Planejamento e lema do retiro<\/strong><\/strong><\/h3>\n\n\n\n<p>Organizado por uma equipe formada por coordenadores de v\u00e1rios setores e pa\u00edses, o retiro \u00e9 planejado coletivamente, considerando os temas mais relevantes para os mission\u00e1rios. Para este ano, escolheu-se o lema &#8220;Mission\u00e1rios da Esperan\u00e7a&#8221;, inspirado no <a href=\"https:\/\/schoenstatt.com\/pt-pt\/75-anos-da-campanha-da-mae-peregrina\/\"><mark style=\"background-color:rgba(0, 0, 0, 0);color:#f49006\" class=\"has-inline-color\">Encontro Internacional<\/mark><\/a> que ocorrer\u00e1 em setembro, no Brasil.<\/p>\n\n\n\n<p>Para muitos, o retiro \u00e9 um momento marcante de renova\u00e7\u00e3o espiritual. O encontro \u00e9 uma oportunidade para testemunhar a a\u00e7\u00e3o de Deus nos cora\u00e7\u00f5es e sentir o acompanhamento de Maria na caminhada mission\u00e1ria.<\/p>\n\n\n\n<h3 class=\"wp-block-heading\" id=\"h-o-simbolo-do-barco\"><strong><strong>O s\u00edmbolo do barco<\/strong><\/strong><\/h3>\n\n\n\n<p>O s\u00edmbolo que guiou o retiro deste ano foi o barco, inspirado no Ano Santo dos Peregrinos da Esperan\u00e7a. O barco, com sua \u00e2ncora que remete \u00e0 Cruz de Cristo, representa a nossa esperan\u00e7a, enquanto os tripulantes simbolizam os mission\u00e1rios.<\/p>\n\n\n\n<figure class=\"wp-block-image size-large\"><img decoding=\"async\" src=\"https:\/\/schoenstatt.com\/wp-content\/uploads\/2025\/03\/Pilgrim-Mother-Apostolate-Europe-Portuguese-2-1024x683.jpg\" alt=\"\" class=\"wp-image-43962\"\/><\/figure>\n\n\n\n<h3 class=\"wp-block-heading\" id=\"h-unidade-e-compromisso\"><strong><strong>Unidade e Compromisso<\/strong><\/strong><\/h3>\n\n\n\n<p>A mensagem central do retiro \u00e9 a uni\u00e3o e o compromisso dos mission\u00e1rios. Unidos nessa jornada, trocando ideias, ouvindo testemunhos de outros pa\u00edses e fortalecendo-se mutuamente, todos se sentem acompanhados e encorajados a continuar levando a imagem da M\u00e3e Peregrina e oferecendo suas ofertas ao Capital de Gra\u00e7as.<\/p>\n\n\n\n<p>O encontro foi coordenado pela Ir. M. J\u00e9ssica Dombrovski, assessora da Campanha da M\u00e3e Peregrina para os imigrantes de l\u00edngua portuguesa.<\/p>\n\n\n\n<p>Segundo ela, a expectativa desse encontro era proporcionar um momento especial de uni\u00e3o entre os mission\u00e1rios, mas principalmente um encontro com a M\u00e3e de Deus e com Jesus.<em> \u201cConsidero que essa expectativa foi totalmente alcan\u00e7ada e at\u00e9 superada. N\u00f3s, mission\u00e1rios e coordenadores, somos como burrinhos que se colocam a servi\u00e7o da M\u00e3e de Deus. Foi a M\u00e3e quem realmente atuou. Sem a interven\u00e7\u00e3o divina, n\u00e3o ter\u00edamos obtido tantos frutos e testemunhos. Este foi, sem d\u00favida, um momento de gra\u00e7a.\u201d<\/em><\/p>\n\n\n\n<h3 class=\"wp-block-heading\" id=\"h-precisamos-levar-nossa-mae-aos-lares\"><strong><strong>Precisamos levar nossa M\u00e3e aos lares<\/strong><\/strong><\/h3>\n\n\n\n<p><strong>Roselene Cordeiro Feld<\/strong>, que mora na Alemanha, descreve esse encontro como um momento verdadeiramente especial e gratificante.<em> \u201cOs testemunhos emocionantes fizeram-me chorar e me trouxeram a certeza de que precisamos levar nossa M\u00e3e aos lares, pois o mundo necessita de transforma\u00e7\u00e3o. Os momentos de Adora\u00e7\u00e3o foram particularmente tocantes, onde pude descarregar todo o meu cansa\u00e7o emocional, tristezas, medos e d\u00favidas. Senti a presen\u00e7a do Esp\u00edrito Santo e fui acolhida nos bra\u00e7os da M\u00e3e, que me dizia: \u2018Confia, pois eu estou com voc\u00ea, fique calma\u2019.\u201d<\/em><\/p>\n\n\n\n<figure class=\"wp-block-gallery has-nested-images columns-default is-cropped wp-block-gallery-1 is-layout-flex wp-block-gallery-is-layout-flex\">\n<figure class=\"wp-block-image size-large\"><img decoding=\"async\" data-id=\"43943\" src=\"https:\/\/schoenstatt.com\/wp-content\/uploads\/2025\/03\/pilgrim-mother-2.jpg\" alt=\"\" class=\"wp-image-43943\"\/><\/figure>\n\n\n\n<figure class=\"wp-block-image size-large\"><img decoding=\"async\" data-id=\"43942\" src=\"https:\/\/schoenstatt.com\/wp-content\/uploads\/2025\/03\/pilgrim-mother.jpg\" alt=\"\" class=\"wp-image-43942\"\/><\/figure>\n<\/figure>\n\n\n\n<h3 class=\"wp-block-heading\" id=\"h-meu-coracao-queria-permanecer-no-santuario\"><strong><strong>Meu cora\u00e7\u00e3o queria permanecer no Santu\u00e1rio<\/strong><\/strong><\/h3>\n\n\n\n<p><strong>Jos\u00e9 Manuel Alves<\/strong>, que mora na Su\u00ed\u00e7a, diz emocionado que nos dias 15 e 16 de mar\u00e7o viveu uma experi\u00eancia inesquec\u00edvel que ficar\u00e1 gravada no seu cora\u00e7\u00e3o.<\/p>\n\n\n\n<p><em>\u201cAo chegar ao Santu\u00e1rio, em Schoenstatt, fui tomado por uma emo\u00e7\u00e3o indescrit\u00edvel. Pisar aquele ch\u00e3o sagrado foi como receber um abra\u00e7o acolhedor cheio de paz. O encontro com tantos portugueses, vindos de diferentes partes do mundo, tocou-me profundamente. Percebi como a nossa f\u00e9 nos une, independentemente da dist\u00e2ncia, formando uma grande fam\u00edlia reunida por Deus. Deixar aquele lugar sagrado foi dif\u00edcil. Meu cora\u00e7\u00e3o queria permanecer naquele ambiente de paz e proximidade com Deus. Contudo, sa\u00ed com uma certeza renovada: o caminho para Deus passa, sem d\u00favida, por Maria.\u201d<\/em><\/p>\n\n\n\n<h3 class=\"wp-block-heading\" id=\"h-a-presenca-do-espirito-santo-tocou-todos-nos\"><strong><strong>A presen\u00e7a do Esp\u00edrito Santo tocou todos n\u00f3s<\/strong><\/strong><\/h3>\n\n\n\n<p>Testemunho de<strong> Ana Maria Alves<\/strong>, que mora na Su\u00ed\u00e7a:<em> \u201cAs emo\u00e7\u00f5es vivenciadas foram indescrit\u00edveis. Fomos acolhidos com muito carinho e amor, como uma verdadeira fam\u00edlia. O sentimento de uni\u00e3o foi intenso. O acolhimento foi maravilhoso, repleto de emo\u00e7\u00f5es diversas. A presen\u00e7a do Esp\u00edrito Santo tocou profundamente todos n\u00f3s. Este evento deixou-nos com muitas emo\u00e7\u00f5es e refor\u00e7ou nosso compromisso de levar a imagem da nossa M\u00e3ezinha \u00e0s fam\u00edlias.\u201d<\/em><\/p>\n\n\n\n<figure class=\"wp-block-gallery has-nested-images columns-default is-cropped wp-block-gallery-2 is-layout-flex wp-block-gallery-is-layout-flex\">\n<figure class=\"wp-block-image size-large\"><img decoding=\"async\" data-id=\"43952\" src=\"https:\/\/schoenstatt.com\/wp-content\/uploads\/2025\/03\/pilgrim-mother-3.jpg\" alt=\"\" class=\"wp-image-43952\"\/><\/figure>\n\n\n\n<figure class=\"wp-block-image size-large\"><img decoding=\"async\" data-id=\"43957\" src=\"https:\/\/schoenstatt.com\/wp-content\/uploads\/2025\/03\/pilgrim-mother-Lima-Family-1024x768.jpg\" alt=\"\" class=\"wp-image-43957\"\/><\/figure>\n<\/figure>\n\n\n\n<h3 class=\"wp-block-heading\" id=\"h-encontro-de-missionarios-uma-experiencia-transformadora\"><strong><strong>Encontro de mission\u00e1rios: Uma experi\u00eancia transformadora<\/strong><\/strong><\/h3>\n\n\n\n<p><strong>Natalia Dias<\/strong>, que mora em Luxemburgo, explica que o encontro de mission\u00e1rios foi marcado por momentos de profunda espiritualidade e descobertas pessoais.<\/p>\n\n\n\n<p><em>\u201cEm suma, este encontro foi uma experi\u00eancia enriquecedora que aprofundou a minha compreens\u00e3o do que significa ser mission\u00e1ria. Sa\u00ed do evento mais rica espiritualmente, com uma vis\u00e3o mais clara do meu papel e da import\u00e2ncia de ouvir e seguir a orienta\u00e7\u00e3o de Maria. A experi\u00eancia ainda est\u00e1 muito presente em mim e acredito que este encontro marcou um ponto de viragem na minha jornada espiritual.\u201d<\/em><\/p>\n\n\n\n<p><strong>Fernando Machado<\/strong>, que mora na Alemanha, ficou muito emocionado ao receber o pr\u00eamio da rifa. Ele comentou que o encontro foi muito profundo, os momentos de adora\u00e7\u00e3o e a missa foram muito marcantes. Ele saiu deste encontro com o profundo desejo de um dia ajudar a construir mais um Santu\u00e1rio de Schoenstatt em Portugal.<\/p>\n\n\n\n<p>Os novos coordenadores deste grupo de l\u00edngua portuguesa s\u00e3o os brasileiros <strong>Kellyta e Felipe Lima Souza<\/strong>. Eles atuar\u00e3o junto a mission\u00e1rios de Alemanha, B\u00e9lgica, Holanda e Dinamarca. Ao final do retiro, testemunham:<\/p>\n\n\n\n<p><em>\u201cComo novos coordenadores, estamos muito felizes nesta fun\u00e7\u00e3o dentro do Movimento de Schoenstatt. Cumpriremos essa miss\u00e3o com muito amor, pois, ao refletirmos sobretudo o que o Senhor Jo\u00e3o e a M\u00e3e de Deus fizeram, sentimos nossa pequenez, mas tamb\u00e9m uma grande responsabilidade em seguir seus passos e sermos \u2018burrinhos\u2019 de Nossa Senhora. Buscaremos servir da melhor forma nossos irm\u00e3os, especialmente os mission\u00e1rios e fam\u00edlias, para que possam receber a M\u00e3e com carinho. Durante nosso tempo no Brasil, tamb\u00e9m atuamos como mission\u00e1rios l\u00e1. Carregamos em nossos cora\u00e7\u00f5es todas as fam\u00edlias brasileiras que n\u00e3o t\u00eam a oportunidade de estar aqui no Santu\u00e1rio Original, proporcionando-lhes uma visita espiritual com muito carinho.\u201d<\/em><\/p>\n\n\n\n<p>Para conhecer mais sobre o trabalho da Campanha da M\u00e3e Peregrina na Europa visite nosso site <a href=\"https:\/\/www.maeperegrinaeuropa.org\/\" target=\"_blank\" rel=\"noreferrer noopener\"><mark style=\"background-color:rgba(0, 0, 0, 0);color:#f49006\" class=\"has-inline-color\">maeperegrinaeuropa.org<\/mark><\/a> e acesse nosso perfil no Instagram @campanhamaeperegrina<\/p>\n\n\n\n<div class=\"wp-block-buttons is-content-justification-center is-layout-flex wp-container-core-buttons-is-layout-a89b3969 wp-block-buttons-is-layout-flex\">\n<div class=\"wp-block-button\"><a class=\"wp-block-button__link has-white-color has-text-color has-background has-link-color wp-element-button\" href=\"https:\/\/flic.kr\/s\/aHBqjC6chJ\" style=\"background-color:#e48f08\" target=\"_blank\" rel=\"noreferrer noopener\"><strong>Mais Fotos<\/strong><\/a><\/div>\n<\/div>\n\n\n\n<div style=\"height:22px\" aria-hidden=\"true\" class=\"wp-block-spacer\"><\/div>\n\n\n<p><a data-flickr-embed=\"true\" href=\"https:\/\/www.flickr.com\/photos\/schoenstattinternational\/albums\/72177720324557598\" title=\"Retreat of Portuguese-speaking Missionaries of the Pilgrim Mother Apostolate in Europe\"><img fetchpriority=\"high\" decoding=\"async\" src=\"https:\/\/live.staticflickr.com\/65535\/54398397967_e06852c880_c.jpg\" width=\"800\" height=\"600\" alt=\"Retreat of Portuguese-speaking Missionaries of the Pilgrim Mother Apostolate in Europe\"\/><\/a><script async src=\"\/\/embedr.flickr.com\/assets\/client-code.js\" charset=\"utf-8\"><\/script><\/p>\n","protected":false},"excerpt":{"rendered":"<p>No \u00faltimo fim de semana, nos dias 15 e 16 de mar\u00e7o, os coordenadores e mission\u00e1rios tiveram a alegria de se reunir \u00e0 sombra do Santu\u00e1rio Original.<\/p>\n","protected":false},"author":3,"featured_media":43937,"comment_status":"closed","ping_status":"closed","sticky":false,"template":"","format":"standard","meta":{"footnotes":""},"categories":[872,425],"tags":[1088,998],"class_list":["post-43969","post","type-post","status-publish","format-standard","has-post-thumbnail","hentry","category-europa-pt-pt","category-mae-peregrina-pt-pt","tag-campanha-da-mae-peregrina-pt-pt","tag-europa-pt-pt"],"yoast_head":"<!-- This site is optimized with the Yoast SEO Premium plugin v27.4 (Yoast SEO v27.4) - https:\/\/yoast.com\/product\/yoast-seo-premium-wordpress\/ -->\n<title>Retiro anual fortalece mission\u00e1rios da Campanha da M\u00e3e Peregrina na Europa<\/title>\n<meta name=\"description\" content=\"No \u00faltimo fim de semana, nos dias 15 e 16 de mar\u00e7o, os coordenadores e mission\u00e1rios tiveram a alegria de se reunir \u00e0 sombra do Santu\u00e1rio Original.\" \/>\n<meta name=\"robots\" content=\"index, follow, max-snippet:-1, max-image-preview:large, max-video-preview:-1\" \/>\n<link rel=\"canonical\" href=\"https:\/\/schoenstatt.com\/pt-pt\/retiro-anual-fortalece-missionarios-da-campanha-da-mae-peregrina-na-europa\/\" \/>\n<meta property=\"og:locale\" content=\"pt_PT\" \/>\n<meta property=\"og:type\" content=\"article\" \/>\n<meta property=\"og:title\" content=\"Retiro anual fortalece mission\u00e1rios da Campanha da M\u00e3e Peregrina na Europa\" \/>\n<meta property=\"og:description\" content=\"No \u00faltimo fim de semana, nos dias 15 e 16 de mar\u00e7o, os coordenadores e mission\u00e1rios tiveram a alegria de se reunir \u00e0 sombra do Santu\u00e1rio Original.\" \/>\n<meta property=\"og:url\" content=\"https:\/\/schoenstatt.com\/pt-pt\/retiro-anual-fortalece-missionarios-da-campanha-da-mae-peregrina-na-europa\/\" \/>\n<meta property=\"og:site_name\" content=\"Schoenstatt\" \/>\n<meta property=\"article:published_time\" content=\"2025-03-21T11:47:40+00:00\" \/>\n<meta property=\"article:modified_time\" content=\"2025-08-15T17:51:37+00:00\" \/>\n<meta property=\"og:image\" content=\"https:\/\/schoenstatt.com\/wp-content\/uploads\/2025\/03\/Pilgrim-Mother-Apostolate-Europe-Portuguese-1.webp\" \/>\n\t<meta property=\"og:image:width\" content=\"1600\" \/>\n\t<meta property=\"og:image:height\" content=\"1200\" \/>\n\t<meta property=\"og:image:type\" content=\"image\/webp\" \/>\n<meta name=\"author\" content=\"Karen Bueno\" \/>\n<meta name=\"twitter:card\" content=\"summary_large_image\" \/>\n<meta name=\"twitter:label1\" content=\"Escrito por\" \/>\n\t<meta name=\"twitter:data1\" content=\"Karen Bueno\" \/>\n\t<meta name=\"twitter:label2\" content=\"Tempo estimado de leitura\" \/>\n\t<meta name=\"twitter:data2\" content=\"6 minutos\" \/>\n<script type=\"application\/ld+json\" class=\"yoast-schema-graph\">{\"@context\":\"https:\\\/\\\/schema.org\",\"@graph\":[{\"@type\":\"Article\",\"@id\":\"https:\\\/\\\/schoenstatt.com\\\/pt-pt\\\/retiro-anual-fortalece-missionarios-da-campanha-da-mae-peregrina-na-europa\\\/#article\",\"isPartOf\":{\"@id\":\"https:\\\/\\\/schoenstatt.com\\\/pt-pt\\\/retiro-anual-fortalece-missionarios-da-campanha-da-mae-peregrina-na-europa\\\/\"},\"author\":{\"name\":\"Karen Bueno\",\"@id\":\"https:\\\/\\\/schoenstatt.com\\\/pt-pt\\\/#\\\/schema\\\/person\\\/5158877ad4acae98b34daaeef2a1ce6e\"},\"headline\":\"Retiro anual fortalece mission\u00e1rios da Campanha da M\u00e3e Peregrina na Europa\",\"datePublished\":\"2025-03-21T11:47:40+00:00\",\"dateModified\":\"2025-08-15T17:51:37+00:00\",\"mainEntityOfPage\":{\"@id\":\"https:\\\/\\\/schoenstatt.com\\\/pt-pt\\\/retiro-anual-fortalece-missionarios-da-campanha-da-mae-peregrina-na-europa\\\/\"},\"wordCount\":1117,\"publisher\":{\"@id\":\"https:\\\/\\\/schoenstatt.com\\\/pt-pt\\\/#organization\"},\"image\":{\"@id\":\"https:\\\/\\\/schoenstatt.com\\\/pt-pt\\\/retiro-anual-fortalece-missionarios-da-campanha-da-mae-peregrina-na-europa\\\/#primaryimage\"},\"thumbnailUrl\":\"https:\\\/\\\/schoenstatt.com\\\/wp-content\\\/uploads\\\/2025\\\/03\\\/Pilgrim-Mother-Apostolate-Europe-Portuguese-1.webp\",\"keywords\":[\"Campanha da M\u00e3e Peregrina\",\"Europa\"],\"articleSection\":[\"Europa\",\"M\u00e3e Peregrina\"],\"inLanguage\":\"pt-PT\"},{\"@type\":\"WebPage\",\"@id\":\"https:\\\/\\\/schoenstatt.com\\\/pt-pt\\\/retiro-anual-fortalece-missionarios-da-campanha-da-mae-peregrina-na-europa\\\/\",\"url\":\"https:\\\/\\\/schoenstatt.com\\\/pt-pt\\\/retiro-anual-fortalece-missionarios-da-campanha-da-mae-peregrina-na-europa\\\/\",\"name\":\"Retiro anual fortalece mission\u00e1rios da Campanha da M\u00e3e Peregrina na Europa\",\"isPartOf\":{\"@id\":\"https:\\\/\\\/schoenstatt.com\\\/pt-pt\\\/#website\"},\"primaryImageOfPage\":{\"@id\":\"https:\\\/\\\/schoenstatt.com\\\/pt-pt\\\/retiro-anual-fortalece-missionarios-da-campanha-da-mae-peregrina-na-europa\\\/#primaryimage\"},\"image\":{\"@id\":\"https:\\\/\\\/schoenstatt.com\\\/pt-pt\\\/retiro-anual-fortalece-missionarios-da-campanha-da-mae-peregrina-na-europa\\\/#primaryimage\"},\"thumbnailUrl\":\"https:\\\/\\\/schoenstatt.com\\\/wp-content\\\/uploads\\\/2025\\\/03\\\/Pilgrim-Mother-Apostolate-Europe-Portuguese-1.webp\",\"datePublished\":\"2025-03-21T11:47:40+00:00\",\"dateModified\":\"2025-08-15T17:51:37+00:00\",\"description\":\"No \u00faltimo fim de semana, nos dias 15 e 16 de mar\u00e7o, os coordenadores e mission\u00e1rios tiveram a alegria de se reunir \u00e0 sombra do Santu\u00e1rio Original.\",\"breadcrumb\":{\"@id\":\"https:\\\/\\\/schoenstatt.com\\\/pt-pt\\\/retiro-anual-fortalece-missionarios-da-campanha-da-mae-peregrina-na-europa\\\/#breadcrumb\"},\"inLanguage\":\"pt-PT\",\"potentialAction\":[{\"@type\":\"ReadAction\",\"target\":[\"https:\\\/\\\/schoenstatt.com\\\/pt-pt\\\/retiro-anual-fortalece-missionarios-da-campanha-da-mae-peregrina-na-europa\\\/\"]}]},{\"@type\":\"ImageObject\",\"inLanguage\":\"pt-PT\",\"@id\":\"https:\\\/\\\/schoenstatt.com\\\/pt-pt\\\/retiro-anual-fortalece-missionarios-da-campanha-da-mae-peregrina-na-europa\\\/#primaryimage\",\"url\":\"https:\\\/\\\/schoenstatt.com\\\/wp-content\\\/uploads\\\/2025\\\/03\\\/Pilgrim-Mother-Apostolate-Europe-Portuguese-1.webp\",\"contentUrl\":\"https:\\\/\\\/schoenstatt.com\\\/wp-content\\\/uploads\\\/2025\\\/03\\\/Pilgrim-Mother-Apostolate-Europe-Portuguese-1.webp\",\"width\":1600,\"height\":1200},{\"@type\":\"BreadcrumbList\",\"@id\":\"https:\\\/\\\/schoenstatt.com\\\/pt-pt\\\/retiro-anual-fortalece-missionarios-da-campanha-da-mae-peregrina-na-europa\\\/#breadcrumb\",\"itemListElement\":[{\"@type\":\"ListItem\",\"position\":1,\"name\":\"Portada\",\"item\":\"https:\\\/\\\/schoenstatt.com\\\/pt-pt\\\/home\\\/\"},{\"@type\":\"ListItem\",\"position\":2,\"name\":\"Retiro anual fortalece mission\u00e1rios da Campanha da M\u00e3e Peregrina na Europa\"}]},{\"@type\":\"WebSite\",\"@id\":\"https:\\\/\\\/schoenstatt.com\\\/pt-pt\\\/#website\",\"url\":\"https:\\\/\\\/schoenstatt.com\\\/pt-pt\\\/\",\"name\":\"Schoenstatt\",\"description\":\"Apostolic Movement\",\"publisher\":{\"@id\":\"https:\\\/\\\/schoenstatt.com\\\/pt-pt\\\/#organization\"},\"potentialAction\":[{\"@type\":\"SearchAction\",\"target\":{\"@type\":\"EntryPoint\",\"urlTemplate\":\"https:\\\/\\\/schoenstatt.com\\\/pt-pt\\\/?s={search_term_string}\"},\"query-input\":{\"@type\":\"PropertyValueSpecification\",\"valueRequired\":true,\"valueName\":\"search_term_string\"}}],\"inLanguage\":\"pt-PT\"},{\"@type\":\"Organization\",\"@id\":\"https:\\\/\\\/schoenstatt.com\\\/pt-pt\\\/#organization\",\"name\":\"Schoenstatt\",\"url\":\"https:\\\/\\\/schoenstatt.com\\\/pt-pt\\\/\",\"logo\":{\"@type\":\"ImageObject\",\"inLanguage\":\"pt-PT\",\"@id\":\"https:\\\/\\\/schoenstatt.com\\\/pt-pt\\\/#\\\/schema\\\/logo\\\/image\\\/\",\"url\":\"https:\\\/\\\/schoenstatt.com\\\/wp-content\\\/uploads\\\/2025\\\/04\\\/logo-schoenstatt-white-696x696-1.png\",\"contentUrl\":\"https:\\\/\\\/schoenstatt.com\\\/wp-content\\\/uploads\\\/2025\\\/04\\\/logo-schoenstatt-white-696x696-1.png\",\"width\":696,\"height\":694,\"caption\":\"Schoenstatt\"},\"image\":{\"@id\":\"https:\\\/\\\/schoenstatt.com\\\/pt-pt\\\/#\\\/schema\\\/logo\\\/image\\\/\"}},{\"@type\":\"Person\",\"@id\":\"https:\\\/\\\/schoenstatt.com\\\/pt-pt\\\/#\\\/schema\\\/person\\\/5158877ad4acae98b34daaeef2a1ce6e\",\"name\":\"Karen Bueno\",\"image\":{\"@type\":\"ImageObject\",\"inLanguage\":\"pt-PT\",\"@id\":\"https:\\\/\\\/secure.gravatar.com\\\/avatar\\\/f9f4b823873154269d2b2130f195f6d41037dd0d7fc5f3cacb5c846bae70d66b?s=96&d=mm&r=g\",\"url\":\"https:\\\/\\\/secure.gravatar.com\\\/avatar\\\/f9f4b823873154269d2b2130f195f6d41037dd0d7fc5f3cacb5c846bae70d66b?s=96&d=mm&r=g\",\"contentUrl\":\"https:\\\/\\\/secure.gravatar.com\\\/avatar\\\/f9f4b823873154269d2b2130f195f6d41037dd0d7fc5f3cacb5c846bae70d66b?s=96&d=mm&r=g\",\"caption\":\"Karen Bueno\"},\"url\":\"https:\\\/\\\/schoenstatt.com\\\/pt-pt\\\/author\\\/karen-bueno\\\/\"}]}<\/script>\n<!-- \/ Yoast SEO Premium plugin. -->","yoast_head_json":{"title":"Retiro anual fortalece mission\u00e1rios da Campanha da M\u00e3e Peregrina na Europa","description":"No \u00faltimo fim de semana, nos dias 15 e 16 de mar\u00e7o, os coordenadores e mission\u00e1rios tiveram a alegria de se reunir \u00e0 sombra do Santu\u00e1rio Original.","robots":{"index":"index","follow":"follow","max-snippet":"max-snippet:-1","max-image-preview":"max-image-preview:large","max-video-preview":"max-video-preview:-1"},"canonical":"https:\/\/schoenstatt.com\/pt-pt\/retiro-anual-fortalece-missionarios-da-campanha-da-mae-peregrina-na-europa\/","og_locale":"pt_PT","og_type":"article","og_title":"Retiro anual fortalece mission\u00e1rios da Campanha da M\u00e3e Peregrina na Europa","og_description":"No \u00faltimo fim de semana, nos dias 15 e 16 de mar\u00e7o, os coordenadores e mission\u00e1rios tiveram a alegria de se reunir \u00e0 sombra do Santu\u00e1rio Original.","og_url":"https:\/\/schoenstatt.com\/pt-pt\/retiro-anual-fortalece-missionarios-da-campanha-da-mae-peregrina-na-europa\/","og_site_name":"Schoenstatt","article_published_time":"2025-03-21T11:47:40+00:00","article_modified_time":"2025-08-15T17:51:37+00:00","og_image":[{"width":1600,"height":1200,"url":"https:\/\/schoenstatt.com\/wp-content\/uploads\/2025\/03\/Pilgrim-Mother-Apostolate-Europe-Portuguese-1.webp","type":"image\/webp"}],"author":"Karen Bueno","twitter_card":"summary_large_image","twitter_misc":{"Escrito por":"Karen Bueno","Tempo estimado de leitura":"6 minutos"},"schema":{"@context":"https:\/\/schema.org","@graph":[{"@type":"Article","@id":"https:\/\/schoenstatt.com\/pt-pt\/retiro-anual-fortalece-missionarios-da-campanha-da-mae-peregrina-na-europa\/#article","isPartOf":{"@id":"https:\/\/schoenstatt.com\/pt-pt\/retiro-anual-fortalece-missionarios-da-campanha-da-mae-peregrina-na-europa\/"},"author":{"name":"Karen Bueno","@id":"https:\/\/schoenstatt.com\/pt-pt\/#\/schema\/person\/5158877ad4acae98b34daaeef2a1ce6e"},"headline":"Retiro anual fortalece mission\u00e1rios da Campanha da M\u00e3e Peregrina na Europa","datePublished":"2025-03-21T11:47:40+00:00","dateModified":"2025-08-15T17:51:37+00:00","mainEntityOfPage":{"@id":"https:\/\/schoenstatt.com\/pt-pt\/retiro-anual-fortalece-missionarios-da-campanha-da-mae-peregrina-na-europa\/"},"wordCount":1117,"publisher":{"@id":"https:\/\/schoenstatt.com\/pt-pt\/#organization"},"image":{"@id":"https:\/\/schoenstatt.com\/pt-pt\/retiro-anual-fortalece-missionarios-da-campanha-da-mae-peregrina-na-europa\/#primaryimage"},"thumbnailUrl":"https:\/\/schoenstatt.com\/wp-content\/uploads\/2025\/03\/Pilgrim-Mother-Apostolate-Europe-Portuguese-1.webp","keywords":["Campanha da M\u00e3e Peregrina","Europa"],"articleSection":["Europa","M\u00e3e Peregrina"],"inLanguage":"pt-PT"},{"@type":"WebPage","@id":"https:\/\/schoenstatt.com\/pt-pt\/retiro-anual-fortalece-missionarios-da-campanha-da-mae-peregrina-na-europa\/","url":"https:\/\/schoenstatt.com\/pt-pt\/retiro-anual-fortalece-missionarios-da-campanha-da-mae-peregrina-na-europa\/","name":"Retiro anual fortalece mission\u00e1rios da Campanha da M\u00e3e Peregrina na Europa","isPartOf":{"@id":"https:\/\/schoenstatt.com\/pt-pt\/#website"},"primaryImageOfPage":{"@id":"https:\/\/schoenstatt.com\/pt-pt\/retiro-anual-fortalece-missionarios-da-campanha-da-mae-peregrina-na-europa\/#primaryimage"},"image":{"@id":"https:\/\/schoenstatt.com\/pt-pt\/retiro-anual-fortalece-missionarios-da-campanha-da-mae-peregrina-na-europa\/#primaryimage"},"thumbnailUrl":"https:\/\/schoenstatt.com\/wp-content\/uploads\/2025\/03\/Pilgrim-Mother-Apostolate-Europe-Portuguese-1.webp","datePublished":"2025-03-21T11:47:40+00:00","dateModified":"2025-08-15T17:51:37+00:00","description":"No \u00faltimo fim de semana, nos dias 15 e 16 de mar\u00e7o, os coordenadores e mission\u00e1rios tiveram a alegria de se reunir \u00e0 sombra do Santu\u00e1rio Original.","breadcrumb":{"@id":"https:\/\/schoenstatt.com\/pt-pt\/retiro-anual-fortalece-missionarios-da-campanha-da-mae-peregrina-na-europa\/#breadcrumb"},"inLanguage":"pt-PT","potentialAction":[{"@type":"ReadAction","target":["https:\/\/schoenstatt.com\/pt-pt\/retiro-anual-fortalece-missionarios-da-campanha-da-mae-peregrina-na-europa\/"]}]},{"@type":"ImageObject","inLanguage":"pt-PT","@id":"https:\/\/schoenstatt.com\/pt-pt\/retiro-anual-fortalece-missionarios-da-campanha-da-mae-peregrina-na-europa\/#primaryimage","url":"https:\/\/schoenstatt.com\/wp-content\/uploads\/2025\/03\/Pilgrim-Mother-Apostolate-Europe-Portuguese-1.webp","contentUrl":"https:\/\/schoenstatt.com\/wp-content\/uploads\/2025\/03\/Pilgrim-Mother-Apostolate-Europe-Portuguese-1.webp","width":1600,"height":1200},{"@type":"BreadcrumbList","@id":"https:\/\/schoenstatt.com\/pt-pt\/retiro-anual-fortalece-missionarios-da-campanha-da-mae-peregrina-na-europa\/#breadcrumb","itemListElement":[{"@type":"ListItem","position":1,"name":"Portada","item":"https:\/\/schoenstatt.com\/pt-pt\/home\/"},{"@type":"ListItem","position":2,"name":"Retiro anual fortalece mission\u00e1rios da Campanha da M\u00e3e Peregrina na Europa"}]},{"@type":"WebSite","@id":"https:\/\/schoenstatt.com\/pt-pt\/#website","url":"https:\/\/schoenstatt.com\/pt-pt\/","name":"Schoenstatt","description":"Apostolic Movement","publisher":{"@id":"https:\/\/schoenstatt.com\/pt-pt\/#organization"},"potentialAction":[{"@type":"SearchAction","target":{"@type":"EntryPoint","urlTemplate":"https:\/\/schoenstatt.com\/pt-pt\/?s={search_term_string}"},"query-input":{"@type":"PropertyValueSpecification","valueRequired":true,"valueName":"search_term_string"}}],"inLanguage":"pt-PT"},{"@type":"Organization","@id":"https:\/\/schoenstatt.com\/pt-pt\/#organization","name":"Schoenstatt","url":"https:\/\/schoenstatt.com\/pt-pt\/","logo":{"@type":"ImageObject","inLanguage":"pt-PT","@id":"https:\/\/schoenstatt.com\/pt-pt\/#\/schema\/logo\/image\/","url":"https:\/\/schoenstatt.com\/wp-content\/uploads\/2025\/04\/logo-schoenstatt-white-696x696-1.png","contentUrl":"https:\/\/schoenstatt.com\/wp-content\/uploads\/2025\/04\/logo-schoenstatt-white-696x696-1.png","width":696,"height":694,"caption":"Schoenstatt"},"image":{"@id":"https:\/\/schoenstatt.com\/pt-pt\/#\/schema\/logo\/image\/"}},{"@type":"Person","@id":"https:\/\/schoenstatt.com\/pt-pt\/#\/schema\/person\/5158877ad4acae98b34daaeef2a1ce6e","name":"Karen Bueno","image":{"@type":"ImageObject","inLanguage":"pt-PT","@id":"https:\/\/secure.gravatar.com\/avatar\/f9f4b823873154269d2b2130f195f6d41037dd0d7fc5f3cacb5c846bae70d66b?s=96&d=mm&r=g","url":"https:\/\/secure.gravatar.com\/avatar\/f9f4b823873154269d2b2130f195f6d41037dd0d7fc5f3cacb5c846bae70d66b?s=96&d=mm&r=g","contentUrl":"https:\/\/secure.gravatar.com\/avatar\/f9f4b823873154269d2b2130f195f6d41037dd0d7fc5f3cacb5c846bae70d66b?s=96&d=mm&r=g","caption":"Karen Bueno"},"url":"https:\/\/schoenstatt.com\/pt-pt\/author\/karen-bueno\/"}]}},"_links":{"self":[{"href":"https:\/\/schoenstatt.com\/pt-pt\/wp-json\/wp\/v2\/posts\/43969","targetHints":{"allow":["GET"]}}],"collection":[{"href":"https:\/\/schoenstatt.com\/pt-pt\/wp-json\/wp\/v2\/posts"}],"about":[{"href":"https:\/\/schoenstatt.com\/pt-pt\/wp-json\/wp\/v2\/types\/post"}],"author":[{"embeddable":true,"href":"https:\/\/schoenstatt.com\/pt-pt\/wp-json\/wp\/v2\/users\/3"}],"replies":[{"embeddable":true,"href":"https:\/\/schoenstatt.com\/pt-pt\/wp-json\/wp\/v2\/comments?post=43969"}],"version-history":[{"count":4,"href":"https:\/\/schoenstatt.com\/pt-pt\/wp-json\/wp\/v2\/posts\/43969\/revisions"}],"predecessor-version":[{"id":61934,"href":"https:\/\/schoenstatt.com\/pt-pt\/wp-json\/wp\/v2\/posts\/43969\/revisions\/61934"}],"wp:featuredmedia":[{"embeddable":true,"href":"https:\/\/schoenstatt.com\/pt-pt\/wp-json\/wp\/v2\/media\/43937"}],"wp:attachment":[{"href":"https:\/\/schoenstatt.com\/pt-pt\/wp-json\/wp\/v2\/media?parent=43969"}],"wp:term":[{"taxonomy":"category","embeddable":true,"href":"https:\/\/schoenstatt.com\/pt-pt\/wp-json\/wp\/v2\/categories?post=43969"},{"taxonomy":"post_tag","embeddable":true,"href":"https:\/\/schoenstatt.com\/pt-pt\/wp-json\/wp\/v2\/tags?post=43969"}],"curies":[{"name":"wp","href":"https:\/\/api.w.org\/{rel}","templated":true}]}}