{"id":43933,"date":"2025-03-19T03:00:00","date_gmt":"2025-03-19T02:00:00","guid":{"rendered":"https:\/\/schoenstatt.com\/?p=43933"},"modified":"2026-03-19T13:19:47","modified_gmt":"2026-03-19T12:19:47","slug":"onomastico-do-pe-jose-kentenich-trechos-e-curiosidades-de-sua-vida","status":"publish","type":"post","link":"https:\/\/schoenstatt.com\/pt-pt\/onomastico-do-pe-jose-kentenich-trechos-e-curiosidades-de-sua-vida\/","title":{"rendered":"Onom\u00e1stico do Pe. Jos\u00e9 Kentenich &#8211; Trechos e curiosidades de sua vida"},"content":{"rendered":"\n<p>19 de mar\u00e7o \u00e9 dia de S\u00e3o Jos\u00e9 e tamb\u00e9m o dia em que recordamos o onom\u00e1stico nosso <a href=\"https:\/\/schoenstatt.com\/pt-pt\/sobre-schoenstatt\/fundador\/\">Pai e Fundador<\/a>, Pe. Jos\u00e9 Kentenich. A maioria de n\u00f3s conhece a hist\u00f3ria de vida de nosso Pai e Fundador, mas esperamos que esses pequenos trechos de sua trajet\u00f3ria possam nos ajudar a entender melhor ainda sua pessoa, por meio da maneira como ele interagiu com muitos durante sua vida.<\/p>\n\n\n\n<div style=\"height:17px\" aria-hidden=\"true\" class=\"wp-block-spacer\"><\/div>\n\n\n\n<p class=\"has-text-align-center\"><strong>TRECHOS DA VIDA DO PADRE KENTENICH<\/strong><\/p>\n\n\n\n<div style=\"height:29px\" aria-hidden=\"true\" class=\"wp-block-spacer\"><\/div>\n\n\n\n<ol class=\"wp-block-list\">\n<li><strong>SEUS PRIMEIROS ANOS<\/strong><\/li>\n<\/ol>\n\n\n\n<div style=\"height:21px\" aria-hidden=\"true\" class=\"wp-block-spacer\"><\/div>\n\n\n\n<p><strong>O caso da torre da igreja<\/strong><\/p>\n\n\n\n<p>Um dos fatos que marcaram sua inf\u00e2ncia foi uma brincadeira na igreja local: Jos\u00e9, seu primo Peter e o filho do sacrist\u00e3o decidiram que seria uma \u00f3tima aventura escalar a torre Igreja de S\u00e3o Cuniberto. Eles notaram uma pequena porta no topo da igreja que lhes permitiria subir pelo telhado de cobre. Durante a brincadeira, o p\u00e1roco avistou os tr\u00eas aventureiros. Ele trancou discretamente a porta, atr\u00e1s deles, e foi chamar o sacrist\u00e3o! Enquanto ele estava fora, os tr\u00eas garotos perceberam que tinham ficado presos e estavam em apuros, ent\u00e3o procuraram outra maneira de descer rapidamente! Eles encontraram um lugar onde podiam entrar na igreja por uma abertura no teto, perto do altar. De l\u00e1, eles poderiam pular e deslizar pelos pilares at\u00e9 um lugar seguro. Quando o p\u00e1roco voltou com o sacrist\u00e3o, os meninos escaparam e o bom padre ficou se perguntando como eles haviam escapado.<\/p>\n\n\n\n<div style=\"height:24px\" aria-hidden=\"true\" class=\"wp-block-spacer\"><\/div>\n\n\n\n<ol start=\"2\" class=\"wp-block-list\">\n<li><strong>DIRETOR ESPIRITUAL EM SCHOENSTATT<\/strong><\/li>\n<\/ol>\n\n\n\n<div style=\"height:27px\" aria-hidden=\"true\" class=\"wp-block-spacer\"><\/div>\n\n\n\n<p><strong>Cora\u00e7\u00e3o paternal<\/strong><\/p>\n\n\n\n<p>O exemplo a seguir, contado muitos anos depois por um dos meninos que mais tarde se tornou sacerdote, mostra um toque \u201cmaternal\u201d do Pe. Kentenich: Um menino pequeno e t\u00edmido estava no corredor, com as m\u00e3os enfaixadas. Ele tinha uma esp\u00e9cie de eczema. Por causa disso, seus colegas de classe o evitavam. Nosso Pai e Fundador observou o menino, que ainda n\u00e3o conhecia, parou e perguntou o que ele tinha nas m\u00e3os. O menino respondeu, deixou que o Pe. Kentenich lhe tirasse a bandagem e olhasse suas m\u00e3os. Ainda hoje, como padre maduro, ele recorda com alegria e gratid\u00e3o a preocupa\u00e7\u00e3o paternal demonstrada naquela \u00e9poca.<\/p>\n\n\n\n<p><strong>O cobertor<\/strong><\/p>\n\n\n\n<p>Durante os mesmos anos, o Pe. Kentenich muitas vezes teve que voltar sua aten\u00e7\u00e3o paternal para as necessidades f\u00edsicas dos meninos do semin\u00e1rio. A priva\u00e7\u00e3o era muitas vezes extrema.<\/p>\n\n\n\n<p>Uma dificuldade relativamente pequena \u2013 no in\u00edcio \u2013 foi ter de deixar sua escola bem aquecida na colina (que se tornou um hospital militar) e mudar-se para a \u201cCasa Velha\u201d em frente ao Santu\u00e1rio. Esse pr\u00e9dio antigo n\u00e3o era bem isolado contra o frio e, quando o carv\u00e3o come\u00e7ou a ser racionado, os invernos se tornaram uma \u00e9poca de muito sofrimento por causa do frio. \u2026. Uma fonte nos conta: As coisas ficaram especialmente dif\u00edceis no inverno rigoroso de 1916-17 \u2013 o inverno em que o Reno congelou.<\/p>\n\n\n\n<p>Nesse inverno terrivelmente frio, ele soube que um menino estava sofrendo muito com o frio intenso. Por meio de um dos l\u00edderes da Congrega\u00e7\u00e3o Mariana, ele lhe enviou seu pr\u00f3prio cobertor e pediu que o menino o devolvesse na primavera.<\/p>\n\n\n\n<p>(De: Pinceladas de um Pai, Vol. 2, Pe. Jonathan Niehaus)<\/p>\n\n\n\n<div style=\"height:27px\" aria-hidden=\"true\" class=\"wp-block-spacer\"><\/div>\n\n\n\n<ol start=\"3\" class=\"wp-block-list\">\n<li><strong>DACHAU<\/strong><\/li>\n<\/ol>\n\n\n\n<div style=\"height:23px\" aria-hidden=\"true\" class=\"wp-block-spacer\"><\/div>\n\n\n\n<p><strong>Ele me ouviu<\/strong><\/p>\n\n\n\n<p>O Pe. Heinz Dresbach, que esteve em Dachau com o Pe. Kentenich, relata:<\/p>\n\n\n\n<p>Eu j\u00e1 havia conhecido o Pe. Kentenich antes de ir para Dachau. Em 1940, participei de um de seus retiros para sacerdotes.<\/p>\n\n\n\n<p>O Pe. Kentenich esteve no bloco de admiss\u00e3o por sete meses quando chegou a Dachau. Em outubro de 1942, ele finalmente veio at\u00e9 n\u00f3s no Bloco 26, dos padres alem\u00e3es. Tentei me encontrar com ele. A maneira mais f\u00e1cil de fazer isso era pedir para me confessar com ele.<\/p>\n\n\n\n<p>Nunca me esquecerei da maneira especial como ele me ouviu. Foi a primeira vez que tive um contato pessoal um pouco mais pr\u00f3ximo com algu\u00e9m. Foi um evento e uma experi\u00eancia inesquec\u00edveis para mim.<\/p>\n\n\n\n<p>Eu me perguntei por muito tempo: \u201cPor que isso \u00e9 t\u00e3o diferente de tudo o que j\u00e1 vivi?\u201d A maneira como ele escutou quase me pegou desprevenido por dentro. Tentei encontrar maneiras de formular isso para mim mesmo, a fim de ter um melhor controle sobre o assunto. Por exemplo, disse a mim mesmo que nunca tinha tido uma \u201csess\u00e3o de escuta\u201d como essa em minha vida, em que algu\u00e9m me escutava com tanto interesse que praticamente absorvia tudo o que eu dizia, fazendo com que eu revelasse ainda mais\u2026<\/p>\n\n\n\n<p>Sempre que ele sugeria algo, fazia-o com grande respeito por minha liberdade: \u201cPode ser uma boa ideia se voc\u00ea trabalhar especialmente nisso nos pr\u00f3ximos tempos\u2026 Isso poderia ajud\u00e1-lo de tal forma, poderia lhe dar essa ou aquela vantagem etc.\u201d<\/p>\n\n\n\n<p>Ele me empurrava um pouco em uma determinada dire\u00e7\u00e3o. A maneira como ele falava, formulava e enfatizava as coisas era t\u00e3o positiva que nunca se tinha a impress\u00e3o de estar sendo criticado nem mesmo no menor ponto \u2013 muito pelo contr\u00e1rio. Seu interesse era palp\u00e1vel.<\/p>\n\n\n\n<p>(De: Pinceladas de um Pai, Vol.3)<\/p>\n\n\n\n<div style=\"height:25px\" aria-hidden=\"true\" class=\"wp-block-spacer\"><\/div>\n\n\n\n<ol start=\"4\" class=\"wp-block-list\">\n<li><strong>MILWAUKEE<\/strong><\/li>\n<\/ol>\n\n\n\n<div style=\"height:22px\" aria-hidden=\"true\" class=\"wp-block-spacer\"><\/div>\n\n\n\n<p><strong>O Pai e a sopa<\/strong><\/p>\n\n\n\n<p>O casal Gilbert e Joanna Schimmel tinha uma cabana em um belo lago no centro de Wisconsin. Certa vez, eles convidaram o Padre Kentenich para visitar esse lugar especial. Outro padre tamb\u00e9m foi visitar os Schimmel. A Sra. Schimmel lembrou-se de um pequeno epis\u00f3dio que significou muito para ela. Ela fez uma sopa para todos comerem e a serviu na cabana. Mas ela n\u00e3o se sentia digna de comer com tais convidados, ent\u00e3o serviu os padres e os homens e depois foi para a cozinha comer sozinha.<\/p>\n\n\n\n<p>Nesse momento, o Pe. Kentenich disse a Gilbert que ele deveria buscar sua esposa e que ela tamb\u00e9m deveria comer com os convidados. Mas ela n\u00e3o quis participar. Finalmente, o Padre Kentenich pediu a Gilbert que lhe dissesse: \u201cO Padre n\u00e3o vai come\u00e7ar a comer at\u00e9 que voc\u00ea saia e se junte a n\u00f3s\u201d. Ent\u00e3o, ela saiu e se juntou ao grupo. Ela apreciou muito esse sinal de respeito do Pai e Fundador.<\/p>\n\n\n\n<p>\u201cReceber com uma m\u00e3o, dar com a outra\u201d. Hist\u00f3ria de Joanna Schimmel<\/p>\n\n\n\n<p>O grande amor do Padre Kentenich por presentear n\u00e3o apenas nos impressionou, mas tamb\u00e9m nos tocou profundamente. Em uma ocasi\u00e3o, eu lhe dei um presente. Ele o aceitou graciosamente com uma das m\u00e3os. Em seguida, estendeu a m\u00e3o e deu o presente a outra pessoa que estava na sala.<\/p>\n\n\n\n<p>No in\u00edcio, era dif\u00edcil entender essa tend\u00eancia de dar presentes, mas aos poucos fui compreendendo. Fiquei feliz em saber que dei a ele a oportunidade de poder dar um presente a outra pessoa. Foi isso que o deixou feliz. Outra ideia me veio \u00e0 mente: \u201cO Padre Kentenich n\u00e3o tem nada seu, mas suas m\u00e3os est\u00e3o sempre cheias para que ele possa dar aos outros.\u201d<\/p>\n\n\n\n<p>(De: \u201cPinceladas de um Pai\u201d. Vol.5)<\/p>\n\n\n\n<p><strong>Fonte: <\/strong><a href=\"https:\/\/mcusercontent.com\/71b50815c8caf96260a27976a\/files\/e886f073-cf6c-e53f-a2cc-608fcac6385c\/Schoenstatt_Newsletter_March_2025.pdf\">Newsletter Nacional Schoenstatt Austr\u00e1lia, 18 de mar\u00e7o de 2025 l Volume 6, N\u00famero 3<\/a><\/p>\n\n\n\n<p><strong>Tradu\u00e7\u00e3o: <\/strong>Karen Bueno<\/p>\n","protected":false},"excerpt":{"rendered":"<p>19 de mar\u00e7o: onom\u00e1stico do Pe. Kentenich. Descubra hist\u00f3rias e curiosidades sobre a vida do Fundador, contadas por pessoas que o conheceram.<\/p>\n","protected":false},"author":3,"featured_media":39792,"comment_status":"closed","ping_status":"closed","sticky":false,"template":"","format":"standard","meta":{"footnotes":""},"categories":[880],"tags":[409],"class_list":["post-43933","post","type-post","status-publish","format-standard","has-post-thumbnail","hentry","category-pe-jose-kentenich-pt-pt","tag-padre-jose-kentenich-pt-pt"],"yoast_head":"<!-- This site is optimized with the Yoast SEO Premium plugin v27.4 (Yoast SEO v27.4) - https:\/\/yoast.com\/product\/yoast-seo-premium-wordpress\/ -->\n<title>Onom\u00e1stico do Pe. Jos\u00e9 Kentenich - Trechos e curiosidades de sua vida<\/title>\n<meta name=\"description\" content=\"19 de mar\u00e7o: onom\u00e1stico do Pe. Kentenich. Descubra hist\u00f3rias e curiosidades sobre a vida do Fundador, contadas por pessoas que o conheceram.\" \/>\n<meta name=\"robots\" content=\"index, follow, max-snippet:-1, max-image-preview:large, max-video-preview:-1\" \/>\n<link rel=\"canonical\" href=\"https:\/\/schoenstatt.com\/pt-pt\/onomastico-do-pe-jose-kentenich-trechos-e-curiosidades-de-sua-vida\/\" \/>\n<meta property=\"og:locale\" content=\"pt_PT\" \/>\n<meta property=\"og:type\" content=\"article\" \/>\n<meta property=\"og:title\" content=\"Onom\u00e1stico do Pe. Jos\u00e9 Kentenich - Trechos e curiosidades de sua vida\" \/>\n<meta property=\"og:description\" content=\"19 de mar\u00e7o: onom\u00e1stico do Pe. Kentenich. Descubra hist\u00f3rias e curiosidades sobre a vida do Fundador, contadas por pessoas que o conheceram.\" \/>\n<meta property=\"og:url\" content=\"https:\/\/schoenstatt.com\/pt-pt\/onomastico-do-pe-jose-kentenich-trechos-e-curiosidades-de-sua-vida\/\" \/>\n<meta property=\"og:site_name\" content=\"Schoenstatt\" \/>\n<meta property=\"article:published_time\" content=\"2025-03-19T02:00:00+00:00\" \/>\n<meta property=\"article:modified_time\" content=\"2026-03-19T12:19:47+00:00\" \/>\n<meta property=\"og:image\" content=\"https:\/\/schoenstatt.com\/wp-content\/uploads\/2024\/06\/kentenich-jk-1.jpg\" \/>\n\t<meta property=\"og:image:width\" content=\"1000\" \/>\n\t<meta property=\"og:image:height\" content=\"567\" \/>\n\t<meta property=\"og:image:type\" content=\"image\/jpeg\" \/>\n<meta name=\"author\" content=\"Karen Bueno\" \/>\n<meta name=\"twitter:card\" content=\"summary_large_image\" \/>\n<meta name=\"twitter:label1\" content=\"Escrito por\" \/>\n\t<meta name=\"twitter:data1\" content=\"Karen Bueno\" \/>\n\t<meta name=\"twitter:label2\" content=\"Tempo estimado de leitura\" \/>\n\t<meta name=\"twitter:data2\" content=\"1 minuto\" \/>\n<script type=\"application\/ld+json\" class=\"yoast-schema-graph\">{\"@context\":\"https:\\\/\\\/schema.org\",\"@graph\":[{\"@type\":\"Article\",\"@id\":\"https:\\\/\\\/schoenstatt.com\\\/pt-pt\\\/onomastico-do-pe-jose-kentenich-trechos-e-curiosidades-de-sua-vida\\\/#article\",\"isPartOf\":{\"@id\":\"https:\\\/\\\/schoenstatt.com\\\/pt-pt\\\/onomastico-do-pe-jose-kentenich-trechos-e-curiosidades-de-sua-vida\\\/\"},\"author\":{\"name\":\"Karen Bueno\",\"@id\":\"https:\\\/\\\/schoenstatt.com\\\/pt-pt\\\/#\\\/schema\\\/person\\\/5158877ad4acae98b34daaeef2a1ce6e\"},\"headline\":\"Onom\u00e1stico do Pe. Jos\u00e9 Kentenich &#8211; Trechos e curiosidades de sua vida\",\"datePublished\":\"2025-03-19T02:00:00+00:00\",\"dateModified\":\"2026-03-19T12:19:47+00:00\",\"mainEntityOfPage\":{\"@id\":\"https:\\\/\\\/schoenstatt.com\\\/pt-pt\\\/onomastico-do-pe-jose-kentenich-trechos-e-curiosidades-de-sua-vida\\\/\"},\"wordCount\":1210,\"publisher\":{\"@id\":\"https:\\\/\\\/schoenstatt.com\\\/pt-pt\\\/#organization\"},\"image\":{\"@id\":\"https:\\\/\\\/schoenstatt.com\\\/pt-pt\\\/onomastico-do-pe-jose-kentenich-trechos-e-curiosidades-de-sua-vida\\\/#primaryimage\"},\"thumbnailUrl\":\"https:\\\/\\\/schoenstatt.com\\\/wp-content\\\/uploads\\\/2024\\\/06\\\/kentenich-jk-1.jpg\",\"keywords\":[\"Padre Jos\u00e9 Kentenich\"],\"articleSection\":[\"Pe. Jos\u00e9 Kentenich\"],\"inLanguage\":\"pt-PT\"},{\"@type\":\"WebPage\",\"@id\":\"https:\\\/\\\/schoenstatt.com\\\/pt-pt\\\/onomastico-do-pe-jose-kentenich-trechos-e-curiosidades-de-sua-vida\\\/\",\"url\":\"https:\\\/\\\/schoenstatt.com\\\/pt-pt\\\/onomastico-do-pe-jose-kentenich-trechos-e-curiosidades-de-sua-vida\\\/\",\"name\":\"Onom\u00e1stico do Pe. Jos\u00e9 Kentenich - Trechos e curiosidades de sua vida\",\"isPartOf\":{\"@id\":\"https:\\\/\\\/schoenstatt.com\\\/pt-pt\\\/#website\"},\"primaryImageOfPage\":{\"@id\":\"https:\\\/\\\/schoenstatt.com\\\/pt-pt\\\/onomastico-do-pe-jose-kentenich-trechos-e-curiosidades-de-sua-vida\\\/#primaryimage\"},\"image\":{\"@id\":\"https:\\\/\\\/schoenstatt.com\\\/pt-pt\\\/onomastico-do-pe-jose-kentenich-trechos-e-curiosidades-de-sua-vida\\\/#primaryimage\"},\"thumbnailUrl\":\"https:\\\/\\\/schoenstatt.com\\\/wp-content\\\/uploads\\\/2024\\\/06\\\/kentenich-jk-1.jpg\",\"datePublished\":\"2025-03-19T02:00:00+00:00\",\"dateModified\":\"2026-03-19T12:19:47+00:00\",\"description\":\"19 de mar\u00e7o: onom\u00e1stico do Pe. Kentenich. Descubra hist\u00f3rias e curiosidades sobre a vida do Fundador, contadas por pessoas que o conheceram.\",\"breadcrumb\":{\"@id\":\"https:\\\/\\\/schoenstatt.com\\\/pt-pt\\\/onomastico-do-pe-jose-kentenich-trechos-e-curiosidades-de-sua-vida\\\/#breadcrumb\"},\"inLanguage\":\"pt-PT\",\"potentialAction\":[{\"@type\":\"ReadAction\",\"target\":[\"https:\\\/\\\/schoenstatt.com\\\/pt-pt\\\/onomastico-do-pe-jose-kentenich-trechos-e-curiosidades-de-sua-vida\\\/\"]}]},{\"@type\":\"ImageObject\",\"inLanguage\":\"pt-PT\",\"@id\":\"https:\\\/\\\/schoenstatt.com\\\/pt-pt\\\/onomastico-do-pe-jose-kentenich-trechos-e-curiosidades-de-sua-vida\\\/#primaryimage\",\"url\":\"https:\\\/\\\/schoenstatt.com\\\/wp-content\\\/uploads\\\/2024\\\/06\\\/kentenich-jk-1.jpg\",\"contentUrl\":\"https:\\\/\\\/schoenstatt.com\\\/wp-content\\\/uploads\\\/2024\\\/06\\\/kentenich-jk-1.jpg\",\"width\":1000,\"height\":567},{\"@type\":\"BreadcrumbList\",\"@id\":\"https:\\\/\\\/schoenstatt.com\\\/pt-pt\\\/onomastico-do-pe-jose-kentenich-trechos-e-curiosidades-de-sua-vida\\\/#breadcrumb\",\"itemListElement\":[{\"@type\":\"ListItem\",\"position\":1,\"name\":\"Portada\",\"item\":\"https:\\\/\\\/schoenstatt.com\\\/pt-pt\\\/home\\\/\"},{\"@type\":\"ListItem\",\"position\":2,\"name\":\"Onom\u00e1stico do Pe. Jos\u00e9 Kentenich &#8211; Trechos e curiosidades de sua vida\"}]},{\"@type\":\"WebSite\",\"@id\":\"https:\\\/\\\/schoenstatt.com\\\/pt-pt\\\/#website\",\"url\":\"https:\\\/\\\/schoenstatt.com\\\/pt-pt\\\/\",\"name\":\"Schoenstatt\",\"description\":\"Apostolic Movement\",\"publisher\":{\"@id\":\"https:\\\/\\\/schoenstatt.com\\\/pt-pt\\\/#organization\"},\"potentialAction\":[{\"@type\":\"SearchAction\",\"target\":{\"@type\":\"EntryPoint\",\"urlTemplate\":\"https:\\\/\\\/schoenstatt.com\\\/pt-pt\\\/?s={search_term_string}\"},\"query-input\":{\"@type\":\"PropertyValueSpecification\",\"valueRequired\":true,\"valueName\":\"search_term_string\"}}],\"inLanguage\":\"pt-PT\"},{\"@type\":\"Organization\",\"@id\":\"https:\\\/\\\/schoenstatt.com\\\/pt-pt\\\/#organization\",\"name\":\"Schoenstatt\",\"url\":\"https:\\\/\\\/schoenstatt.com\\\/pt-pt\\\/\",\"logo\":{\"@type\":\"ImageObject\",\"inLanguage\":\"pt-PT\",\"@id\":\"https:\\\/\\\/schoenstatt.com\\\/pt-pt\\\/#\\\/schema\\\/logo\\\/image\\\/\",\"url\":\"https:\\\/\\\/schoenstatt.com\\\/wp-content\\\/uploads\\\/2025\\\/04\\\/logo-schoenstatt-white-696x696-1.png\",\"contentUrl\":\"https:\\\/\\\/schoenstatt.com\\\/wp-content\\\/uploads\\\/2025\\\/04\\\/logo-schoenstatt-white-696x696-1.png\",\"width\":696,\"height\":694,\"caption\":\"Schoenstatt\"},\"image\":{\"@id\":\"https:\\\/\\\/schoenstatt.com\\\/pt-pt\\\/#\\\/schema\\\/logo\\\/image\\\/\"}},{\"@type\":\"Person\",\"@id\":\"https:\\\/\\\/schoenstatt.com\\\/pt-pt\\\/#\\\/schema\\\/person\\\/5158877ad4acae98b34daaeef2a1ce6e\",\"name\":\"Karen Bueno\",\"image\":{\"@type\":\"ImageObject\",\"inLanguage\":\"pt-PT\",\"@id\":\"https:\\\/\\\/secure.gravatar.com\\\/avatar\\\/f9f4b823873154269d2b2130f195f6d41037dd0d7fc5f3cacb5c846bae70d66b?s=96&d=mm&r=g\",\"url\":\"https:\\\/\\\/secure.gravatar.com\\\/avatar\\\/f9f4b823873154269d2b2130f195f6d41037dd0d7fc5f3cacb5c846bae70d66b?s=96&d=mm&r=g\",\"contentUrl\":\"https:\\\/\\\/secure.gravatar.com\\\/avatar\\\/f9f4b823873154269d2b2130f195f6d41037dd0d7fc5f3cacb5c846bae70d66b?s=96&d=mm&r=g\",\"caption\":\"Karen Bueno\"},\"url\":\"https:\\\/\\\/schoenstatt.com\\\/pt-pt\\\/author\\\/karen-bueno\\\/\"}]}<\/script>\n<!-- \/ Yoast SEO Premium plugin. -->","yoast_head_json":{"title":"Onom\u00e1stico do Pe. Jos\u00e9 Kentenich - Trechos e curiosidades de sua vida","description":"19 de mar\u00e7o: onom\u00e1stico do Pe. Kentenich. Descubra hist\u00f3rias e curiosidades sobre a vida do Fundador, contadas por pessoas que o conheceram.","robots":{"index":"index","follow":"follow","max-snippet":"max-snippet:-1","max-image-preview":"max-image-preview:large","max-video-preview":"max-video-preview:-1"},"canonical":"https:\/\/schoenstatt.com\/pt-pt\/onomastico-do-pe-jose-kentenich-trechos-e-curiosidades-de-sua-vida\/","og_locale":"pt_PT","og_type":"article","og_title":"Onom\u00e1stico do Pe. Jos\u00e9 Kentenich - Trechos e curiosidades de sua vida","og_description":"19 de mar\u00e7o: onom\u00e1stico do Pe. Kentenich. Descubra hist\u00f3rias e curiosidades sobre a vida do Fundador, contadas por pessoas que o conheceram.","og_url":"https:\/\/schoenstatt.com\/pt-pt\/onomastico-do-pe-jose-kentenich-trechos-e-curiosidades-de-sua-vida\/","og_site_name":"Schoenstatt","article_published_time":"2025-03-19T02:00:00+00:00","article_modified_time":"2026-03-19T12:19:47+00:00","og_image":[{"width":1000,"height":567,"url":"https:\/\/schoenstatt.com\/wp-content\/uploads\/2024\/06\/kentenich-jk-1.jpg","type":"image\/jpeg"}],"author":"Karen Bueno","twitter_card":"summary_large_image","twitter_misc":{"Escrito por":"Karen Bueno","Tempo estimado de leitura":"1 minuto"},"schema":{"@context":"https:\/\/schema.org","@graph":[{"@type":"Article","@id":"https:\/\/schoenstatt.com\/pt-pt\/onomastico-do-pe-jose-kentenich-trechos-e-curiosidades-de-sua-vida\/#article","isPartOf":{"@id":"https:\/\/schoenstatt.com\/pt-pt\/onomastico-do-pe-jose-kentenich-trechos-e-curiosidades-de-sua-vida\/"},"author":{"name":"Karen Bueno","@id":"https:\/\/schoenstatt.com\/pt-pt\/#\/schema\/person\/5158877ad4acae98b34daaeef2a1ce6e"},"headline":"Onom\u00e1stico do Pe. Jos\u00e9 Kentenich &#8211; Trechos e curiosidades de sua vida","datePublished":"2025-03-19T02:00:00+00:00","dateModified":"2026-03-19T12:19:47+00:00","mainEntityOfPage":{"@id":"https:\/\/schoenstatt.com\/pt-pt\/onomastico-do-pe-jose-kentenich-trechos-e-curiosidades-de-sua-vida\/"},"wordCount":1210,"publisher":{"@id":"https:\/\/schoenstatt.com\/pt-pt\/#organization"},"image":{"@id":"https:\/\/schoenstatt.com\/pt-pt\/onomastico-do-pe-jose-kentenich-trechos-e-curiosidades-de-sua-vida\/#primaryimage"},"thumbnailUrl":"https:\/\/schoenstatt.com\/wp-content\/uploads\/2024\/06\/kentenich-jk-1.jpg","keywords":["Padre Jos\u00e9 Kentenich"],"articleSection":["Pe. Jos\u00e9 Kentenich"],"inLanguage":"pt-PT"},{"@type":"WebPage","@id":"https:\/\/schoenstatt.com\/pt-pt\/onomastico-do-pe-jose-kentenich-trechos-e-curiosidades-de-sua-vida\/","url":"https:\/\/schoenstatt.com\/pt-pt\/onomastico-do-pe-jose-kentenich-trechos-e-curiosidades-de-sua-vida\/","name":"Onom\u00e1stico do Pe. Jos\u00e9 Kentenich - Trechos e curiosidades de sua vida","isPartOf":{"@id":"https:\/\/schoenstatt.com\/pt-pt\/#website"},"primaryImageOfPage":{"@id":"https:\/\/schoenstatt.com\/pt-pt\/onomastico-do-pe-jose-kentenich-trechos-e-curiosidades-de-sua-vida\/#primaryimage"},"image":{"@id":"https:\/\/schoenstatt.com\/pt-pt\/onomastico-do-pe-jose-kentenich-trechos-e-curiosidades-de-sua-vida\/#primaryimage"},"thumbnailUrl":"https:\/\/schoenstatt.com\/wp-content\/uploads\/2024\/06\/kentenich-jk-1.jpg","datePublished":"2025-03-19T02:00:00+00:00","dateModified":"2026-03-19T12:19:47+00:00","description":"19 de mar\u00e7o: onom\u00e1stico do Pe. Kentenich. Descubra hist\u00f3rias e curiosidades sobre a vida do Fundador, contadas por pessoas que o conheceram.","breadcrumb":{"@id":"https:\/\/schoenstatt.com\/pt-pt\/onomastico-do-pe-jose-kentenich-trechos-e-curiosidades-de-sua-vida\/#breadcrumb"},"inLanguage":"pt-PT","potentialAction":[{"@type":"ReadAction","target":["https:\/\/schoenstatt.com\/pt-pt\/onomastico-do-pe-jose-kentenich-trechos-e-curiosidades-de-sua-vida\/"]}]},{"@type":"ImageObject","inLanguage":"pt-PT","@id":"https:\/\/schoenstatt.com\/pt-pt\/onomastico-do-pe-jose-kentenich-trechos-e-curiosidades-de-sua-vida\/#primaryimage","url":"https:\/\/schoenstatt.com\/wp-content\/uploads\/2024\/06\/kentenich-jk-1.jpg","contentUrl":"https:\/\/schoenstatt.com\/wp-content\/uploads\/2024\/06\/kentenich-jk-1.jpg","width":1000,"height":567},{"@type":"BreadcrumbList","@id":"https:\/\/schoenstatt.com\/pt-pt\/onomastico-do-pe-jose-kentenich-trechos-e-curiosidades-de-sua-vida\/#breadcrumb","itemListElement":[{"@type":"ListItem","position":1,"name":"Portada","item":"https:\/\/schoenstatt.com\/pt-pt\/home\/"},{"@type":"ListItem","position":2,"name":"Onom\u00e1stico do Pe. Jos\u00e9 Kentenich &#8211; Trechos e curiosidades de sua vida"}]},{"@type":"WebSite","@id":"https:\/\/schoenstatt.com\/pt-pt\/#website","url":"https:\/\/schoenstatt.com\/pt-pt\/","name":"Schoenstatt","description":"Apostolic Movement","publisher":{"@id":"https:\/\/schoenstatt.com\/pt-pt\/#organization"},"potentialAction":[{"@type":"SearchAction","target":{"@type":"EntryPoint","urlTemplate":"https:\/\/schoenstatt.com\/pt-pt\/?s={search_term_string}"},"query-input":{"@type":"PropertyValueSpecification","valueRequired":true,"valueName":"search_term_string"}}],"inLanguage":"pt-PT"},{"@type":"Organization","@id":"https:\/\/schoenstatt.com\/pt-pt\/#organization","name":"Schoenstatt","url":"https:\/\/schoenstatt.com\/pt-pt\/","logo":{"@type":"ImageObject","inLanguage":"pt-PT","@id":"https:\/\/schoenstatt.com\/pt-pt\/#\/schema\/logo\/image\/","url":"https:\/\/schoenstatt.com\/wp-content\/uploads\/2025\/04\/logo-schoenstatt-white-696x696-1.png","contentUrl":"https:\/\/schoenstatt.com\/wp-content\/uploads\/2025\/04\/logo-schoenstatt-white-696x696-1.png","width":696,"height":694,"caption":"Schoenstatt"},"image":{"@id":"https:\/\/schoenstatt.com\/pt-pt\/#\/schema\/logo\/image\/"}},{"@type":"Person","@id":"https:\/\/schoenstatt.com\/pt-pt\/#\/schema\/person\/5158877ad4acae98b34daaeef2a1ce6e","name":"Karen Bueno","image":{"@type":"ImageObject","inLanguage":"pt-PT","@id":"https:\/\/secure.gravatar.com\/avatar\/f9f4b823873154269d2b2130f195f6d41037dd0d7fc5f3cacb5c846bae70d66b?s=96&d=mm&r=g","url":"https:\/\/secure.gravatar.com\/avatar\/f9f4b823873154269d2b2130f195f6d41037dd0d7fc5f3cacb5c846bae70d66b?s=96&d=mm&r=g","contentUrl":"https:\/\/secure.gravatar.com\/avatar\/f9f4b823873154269d2b2130f195f6d41037dd0d7fc5f3cacb5c846bae70d66b?s=96&d=mm&r=g","caption":"Karen Bueno"},"url":"https:\/\/schoenstatt.com\/pt-pt\/author\/karen-bueno\/"}]}},"_links":{"self":[{"href":"https:\/\/schoenstatt.com\/pt-pt\/wp-json\/wp\/v2\/posts\/43933","targetHints":{"allow":["GET"]}}],"collection":[{"href":"https:\/\/schoenstatt.com\/pt-pt\/wp-json\/wp\/v2\/posts"}],"about":[{"href":"https:\/\/schoenstatt.com\/pt-pt\/wp-json\/wp\/v2\/types\/post"}],"author":[{"embeddable":true,"href":"https:\/\/schoenstatt.com\/pt-pt\/wp-json\/wp\/v2\/users\/3"}],"replies":[{"embeddable":true,"href":"https:\/\/schoenstatt.com\/pt-pt\/wp-json\/wp\/v2\/comments?post=43933"}],"version-history":[{"count":7,"href":"https:\/\/schoenstatt.com\/pt-pt\/wp-json\/wp\/v2\/posts\/43933\/revisions"}],"predecessor-version":[{"id":69072,"href":"https:\/\/schoenstatt.com\/pt-pt\/wp-json\/wp\/v2\/posts\/43933\/revisions\/69072"}],"wp:featuredmedia":[{"embeddable":true,"href":"https:\/\/schoenstatt.com\/pt-pt\/wp-json\/wp\/v2\/media\/39792"}],"wp:attachment":[{"href":"https:\/\/schoenstatt.com\/pt-pt\/wp-json\/wp\/v2\/media?parent=43933"}],"wp:term":[{"taxonomy":"category","embeddable":true,"href":"https:\/\/schoenstatt.com\/pt-pt\/wp-json\/wp\/v2\/categories?post=43933"},{"taxonomy":"post_tag","embeddable":true,"href":"https:\/\/schoenstatt.com\/pt-pt\/wp-json\/wp\/v2\/tags?post=43933"}],"curies":[{"name":"wp","href":"https:\/\/api.w.org\/{rel}","templated":true}]}}