{"id":43823,"date":"2025-03-12T12:45:00","date_gmt":"2025-03-12T11:45:00","guid":{"rendered":"https:\/\/schoenstatt.com\/?p=43823"},"modified":"2025-08-19T02:26:49","modified_gmt":"2025-08-19T00:26:49","slug":"bencao-da-casinha-sagrada-nossa-terra-de-esperanca","status":"publish","type":"post","link":"https:\/\/schoenstatt.com\/pt-pt\/bencao-da-casinha-sagrada-nossa-terra-de-esperanca\/","title":{"rendered":"B\u00ean\u00e7\u00e3o da Casinha Sagrada, nossa Terra de Esperan\u00e7a"},"content":{"rendered":"\n<p>S\u00e3o poucas as vezes na vida em que algu\u00e9m pode escolher conscientemente fazer parte de um marco, decidir construir e vivenciar um momento hist\u00f3rico tanto para si mesmo quanto para a sua cidade. E no dia 1\u00ba de mar\u00e7o, pudemos vivenciar o presente de participar da B\u00ean\u00e7\u00e3o de um <a href=\"https:\/\/schoenstatt.com\/pt-pt\/novo-santuario-em-monterrey-conheca-seu-nome-e-a-data-da-bencao\/\"><mark style=\"background-color:rgba(0, 0, 0, 0);color:#f19606\" class=\"has-inline-color\">novo Santu\u00e1rio de Schoenstatt em nossa cidade de Monterrey<\/mark><\/a>, no M\u00e9xico, uma casinha Sagrada que, assim como para San Juan Diego, h\u00e1 mais de quatro anos decidimos construir para a M\u00e3e de Deus no centro de nossa cidade.<\/p>\n\n\n\n<p>O tr\u00edduo de celebra\u00e7\u00f5es come\u00e7ou na sexta-feira, 28 de fevereiro, com uma cantata a Maria, que reuniu o talento de v\u00e1rios Padres de Schoenstatt e Irm\u00e3s de Maria que fizeram uma viagem para estarem presentes, bem como todos os membros da Fam\u00edlia de Schoenstatt, em um ambiente de ora\u00e7\u00e3o por meio da m\u00fasica \u00e0 sombra do nosso novo Santu\u00e1rio.<\/p>\n\n\n\n<p>No final da cantata, v\u00e1rios jovens corajosos decidiram passar a noite em vig\u00edlia no Santu\u00e1rio, para ver como, desde muito cedo pela manh\u00e3, come\u00e7ou a se preparar tudo para abrir portas aos peregrinos, que bem cedo se reuniram para garantir o seu lugar e estar presentes nesse momento hist\u00f3rico, e pelas 8h30 teve in\u00edcio o programa oficial.<\/p>\n\n\n\n<h3 class=\"wp-block-heading\" id=\"h-a-corrida-do-fogo\"><strong><strong>A corrida do fogo<\/strong><\/strong><\/h3>\n\n\n\n<figure class=\"wp-block-gallery has-nested-images columns-default is-cropped wp-block-gallery-1 is-layout-flex wp-block-gallery-is-layout-flex\">\n<figure class=\"wp-block-image size-large\"><img decoding=\"async\" data-id=\"43786\" src=\"https:\/\/schoenstatt.com\/wp-content\/uploads\/2025\/03\/Monterrey-Schoenstatt-Shrine-4-1024x682.jpg\" alt=\"\" class=\"wp-image-43786\"\/><\/figure>\n\n\n\n<figure class=\"wp-block-image size-large\"><img decoding=\"async\" data-id=\"43781\" src=\"https:\/\/schoenstatt.com\/wp-content\/uploads\/2025\/03\/Monterrey-Schoenstatt-Shrine-5-1024x682.jpg\" alt=\"\" class=\"wp-image-43781\"\/><\/figure>\n<\/figure>\n\n\n\n<p>No s\u00e1bado, 1\u00ba de mar\u00e7o, a cidade de Monterrey, uma cidade industrial no norte do M\u00e9xico, onde a Fam\u00edlia de Schoenstatt vem crescendo desde a chegada da MTA, em 1986, viveu um daqueles momentos em que o c\u00e9u toca a terra. Para o evento, se reuniram pouco mais de 1.200 pessoas que, enquanto esperavam pela celebra\u00e7\u00e3o da B\u00ean\u00e7\u00e3o, viveram uma viagem pela hist\u00f3ria de Schoenstatt Monterrey, a hist\u00f3ria da constru\u00e7\u00e3o do Santu\u00e1rio, a ora\u00e7\u00e3o do Santo Ros\u00e1rio, a conex\u00e3o ao vivo com os dois postulantes \u00e0 Comunidade dos Padres de Schoenstatt, as sauda\u00e7\u00f5es da Fam\u00edlia de Schoenstatt de alguns locais do mundo e um dos muitos momentos inesquec\u00edveis deste dia, a corrida do fogo.<\/p>\n\n\n\n<p>A Juventude Masculina, assessorada pelo Padre Rodrigo Correa e ancorada na conquista do s\u00edmbolo do Ver Sacrum para o Santu\u00e1rio, decidiu completar seu caminho at\u00e9 o novo Santu\u00e1rio unindo alguns dos principais templos marianos da cidade atrav\u00e9s do fogo. Come\u00e7aram o percurso de madrugada, passando pelos diferentes templos, iniciando sua trajet\u00f3ria de mais de 45 km no primeiro Santu\u00e1rio de Schoenstatt de Monterrey, o Santu\u00e1rio \u201cMaria, Caminho para o C\u00e9u\u201d. O fogo chegou, com parte do percurso sendo transmitido ao vivo e a corrida do fogo terminando enquanto 1200 pessoas cantavam o hino de Franz Reinisch, e os l\u00edderes do ramo acendiam a grande tocha, indicando que a Fam\u00edlia estava pronta. A corrida havia cumprido seu destino: incendiar Monterrey com o fogo da M\u00e3e e entreg\u00e1-lo ao cora\u00e7\u00e3o da cidade.<\/p>\n\n\n\n<figure class=\"wp-block-gallery has-nested-images columns-default is-cropped wp-block-gallery-2 is-layout-flex wp-block-gallery-is-layout-flex\">\n<figure class=\"wp-block-image size-large\"><img decoding=\"async\" data-id=\"43801\" src=\"https:\/\/schoenstatt.com\/wp-content\/uploads\/2025\/03\/Monterrey-Schoenstatt-Shrine-6-1024x683.jpg\" alt=\"\" class=\"wp-image-43801\"\/><\/figure>\n\n\n\n<figure class=\"wp-block-image size-large\"><img decoding=\"async\" data-id=\"43811\" src=\"https:\/\/schoenstatt.com\/wp-content\/uploads\/2025\/03\/Monterrey-Schoenstatt-Shrine-7-1024x680.jpg\" alt=\"\" class=\"wp-image-43811\"\/><\/figure>\n\n\n\n<figure class=\"wp-block-image size-large\"><img decoding=\"async\" data-id=\"43806\" src=\"https:\/\/schoenstatt.com\/wp-content\/uploads\/2025\/03\/Monterrey-Schoenstatt-Shrine-8-1024x683.jpg\" alt=\"\" class=\"wp-image-43806\"\/><\/figure>\n<\/figure>\n\n\n\n<h3 class=\"wp-block-heading\" id=\"h-expressoes-de-fe\"><strong><strong>Express\u00f5es de f\u00e9<\/strong><\/strong><\/h3>\n\n\n\n<p>E pontualmente \u00e0s 11 horas, o selo do nosso M\u00e9xico estava presente. A dan\u00e7a das <a href=\"https:\/\/rotasdeviagem.com.br\/dancas-tipicas-mexicanas\/\" target=\"_blank\" rel=\"noreferrer noopener\"><mark style=\"background-color:rgba(0, 0, 0, 0);color:#f19606\" class=\"has-inline-color\">Matlachinas<\/mark><\/a> (dan\u00e7a t\u00edpica mexicana), que para nossa tradi\u00e7\u00e3o representam toda a devo\u00e7\u00e3o do nosso povo Guadalupano, abriu o caminho para que mais de 25 apostolados e ramos da Fam\u00edlia desfilassem, dando lugar ao Arcebispo de Monterrey, Dom Rogelio Cabrera, que, junto com muitos dos Padres de Schoenstatt que trabalharam em Monterrey ao longo da hist\u00f3ria e alguns outros concelebrantes convidados, deram in\u00edcio \u00e0 Missa e \u00e0 cerim\u00f4nia de B\u00ean\u00e7\u00e3o.<\/p>\n\n\n\n<p>O Pe. Carlos Padilla, diretor nacional do Movimento no M\u00e9xico, iniciou a celebra\u00e7\u00e3o entregando esta Casa Sagrada que foi constru\u00edda para a M\u00e3e ao nosso Arcebispo, para depois come\u00e7ar a liturgia. A alegria do povo, em um dia ensolarado e lindo que nos presenteou a M\u00e3e de Deus, foi combinada com emo\u00e7\u00e3o, l\u00e1grimas e as palavras do bispo na homilia, onde ele convidou que esta casinha constru\u00edda para a M\u00e3e, no centro da cidade, seria tarefa de todos n\u00f3s para mantermos sempre viva a Esperan\u00e7a, tal como havia sido formulado no nome do novo Santu\u00e1rio.<\/p>\n\n\n\n<figure class=\"wp-block-gallery has-nested-images columns-default is-cropped wp-block-gallery-3 is-layout-flex wp-block-gallery-is-layout-flex\">\n<figure class=\"wp-block-image size-large\"><img decoding=\"async\" data-id=\"43791\" src=\"https:\/\/schoenstatt.com\/wp-content\/uploads\/2025\/03\/Monterrey-Schoenstatt-Shrine-3-1024x683.jpg\" alt=\"\" class=\"wp-image-43791\"\/><\/figure>\n\n\n\n<figure class=\"wp-block-image size-large\"><img decoding=\"async\" data-id=\"43796\" src=\"https:\/\/schoenstatt.com\/wp-content\/uploads\/2025\/03\/Monterrey-Schoenstatt-Shrine-2-1024x683.jpg\" alt=\"\" class=\"wp-image-43796\"\/><\/figure>\n<\/figure>\n\n\n\n<h3 class=\"wp-block-heading\" id=\"h-uma-mensagem-em-video-do-papa\"><strong><strong>Uma mensagem em v\u00eddeo do Papa<\/strong><\/strong><\/h3>\n\n\n\n<p>O rito de b\u00ean\u00e7\u00e3o foi, sem d\u00favida, muito emocionante desde o in\u00edcio, mas a emo\u00e7\u00e3o transbordou quando a imagem da M\u00e3e iniciou seu percurso por todo o local, conduzida por representantes de diferentes ramos. Era o mesmo quadro da MTA que j\u00e1 havia viajado por centenas de lares por mais de tr\u00eas anos em toda a cidade, culminando em sua entroniza\u00e7\u00e3o no altar do novo Santu\u00e1rio.<\/p>\n\n\n\n<p>As emo\u00e7\u00f5es e as l\u00e1grimas j\u00e1 estavam no auge, por\u00e9m, uma \u00faltima surpresa nos esperava. Um v\u00eddeo do Santo Padre, o Papa Francisco, que saudava a todos, parabenizando a Fam\u00edlia e, sem pensar duas vezes, deixando a todos os presentes um convite: continuar nos \u201csantuarizando\u201d, a ser santu\u00e1rios vivos desde o cora\u00e7\u00e3o de cada um e continuar rezando por ele.<\/p>\n\n\n<blockquote class=\"instagram-media\" data-instgrm-permalink=\"https:\/\/www.instagram.com\/reel\/DGtpuR0h2av\/?utm_source=ig_embed&amp;utm_campaign=loading\" data-instgrm-version=\"14\" style=\" background:#FFF; border:0; border-radius:3px; box-shadow:0 0 1px 0 rgba(0,0,0,0.5),0 1px 10px 0 rgba(0,0,0,0.15); margin: 1px; max-width:540px; min-width:326px; padding:0; width:99.375%; width:-webkit-calc(100% - 2px); width:calc(100% - 2px);\">\n<div style=\"padding:16px;\"> <a href=\"https:\/\/www.instagram.com\/reel\/DGtpuR0h2av\/?utm_source=ig_embed&amp;utm_campaign=loading\" style=\" background:#FFFFFF; line-height:0; padding:0 0; text-align:center; text-decoration:none; width:100%;\" target=\"_blank\"> <\/p>\n<div style=\" display: flex; flex-direction: row; align-items: center;\">\n<div style=\"background-color: #F4F4F4; border-radius: 50%; flex-grow: 0; height: 40px; margin-right: 14px; width: 40px;\"><\/div>\n<div style=\"display: flex; flex-direction: column; flex-grow: 1; justify-content: center;\">\n<div style=\" background-color: #F4F4F4; border-radius: 4px; flex-grow: 0; height: 14px; margin-bottom: 6px; width: 100px;\"><\/div>\n<div style=\" background-color: #F4F4F4; border-radius: 4px; flex-grow: 0; height: 14px; width: 60px;\"><\/div>\n<\/div>\n<\/div>\n<div style=\"padding: 19% 0;\"><\/div>\n<div style=\"display:block; height:50px; margin:0 auto 12px; width:50px;\"><svg width=\"50px\" height=\"50px\" viewBox=\"0 0 60 60\" version=\"1.1\" xmlns=\"https:\/\/www.w3.org\/2000\/svg\" xmlns:xlink=\"https:\/\/www.w3.org\/1999\/xlink\"><g stroke=\"none\" stroke-width=\"1\" fill=\"none\" fill-rule=\"evenodd\"><g transform=\"translate(-511.000000, -20.000000)\" fill=\"#000000\"><g><path d=\"M556.869,30.41 C554.814,30.41 553.148,32.076 553.148,34.131 C553.148,36.186 554.814,37.852 556.869,37.852 C558.924,37.852 560.59,36.186 560.59,34.131 C560.59,32.076 558.924,30.41 556.869,30.41 M541,60.657 C535.114,60.657 530.342,55.887 530.342,50 C530.342,44.114 535.114,39.342 541,39.342 C546.887,39.342 551.658,44.114 551.658,50 C551.658,55.887 546.887,60.657 541,60.657 M541,33.886 C532.1,33.886 524.886,41.1 524.886,50 C524.886,58.899 532.1,66.113 541,66.113 C549.9,66.113 557.115,58.899 557.115,50 C557.115,41.1 549.9,33.886 541,33.886 M565.378,62.101 C565.244,65.022 564.756,66.606 564.346,67.663 C563.803,69.06 563.154,70.057 562.106,71.106 C561.058,72.155 560.06,72.803 558.662,73.347 C557.607,73.757 556.021,74.244 553.102,74.378 C549.944,74.521 548.997,74.552 541,74.552 C533.003,74.552 532.056,74.521 528.898,74.378 C525.979,74.244 524.393,73.757 523.338,73.347 C521.94,72.803 520.942,72.155 519.894,71.106 C518.846,70.057 518.197,69.06 517.654,67.663 C517.244,66.606 516.755,65.022 516.623,62.101 C516.479,58.943 516.448,57.996 516.448,50 C516.448,42.003 516.479,41.056 516.623,37.899 C516.755,34.978 517.244,33.391 517.654,32.338 C518.197,30.938 518.846,29.942 519.894,28.894 C520.942,27.846 521.94,27.196 523.338,26.654 C524.393,26.244 525.979,25.756 528.898,25.623 C532.057,25.479 533.004,25.448 541,25.448 C548.997,25.448 549.943,25.479 553.102,25.623 C556.021,25.756 557.607,26.244 558.662,26.654 C560.06,27.196 561.058,27.846 562.106,28.894 C563.154,29.942 563.803,30.938 564.346,32.338 C564.756,33.391 565.244,34.978 565.378,37.899 C565.522,41.056 565.552,42.003 565.552,50 C565.552,57.996 565.522,58.943 565.378,62.101 M570.82,37.631 C570.674,34.438 570.167,32.258 569.425,30.349 C568.659,28.377 567.633,26.702 565.965,25.035 C564.297,23.368 562.623,22.342 560.652,21.575 C558.743,20.834 556.562,20.326 553.369,20.18 C550.169,20.033 549.148,20 541,20 C532.853,20 531.831,20.033 528.631,20.18 C525.438,20.326 523.257,20.834 521.349,21.575 C519.376,22.342 517.703,23.368 516.035,25.035 C514.368,26.702 513.342,28.377 512.574,30.349 C511.834,32.258 511.326,34.438 511.181,37.631 C511.035,40.831 511,41.851 511,50 C511,58.147 511.035,59.17 511.181,62.369 C511.326,65.562 511.834,67.743 512.574,69.651 C513.342,71.625 514.368,73.296 516.035,74.965 C517.703,76.634 519.376,77.658 521.349,78.425 C523.257,79.167 525.438,79.673 528.631,79.82 C531.831,79.965 532.853,80.001 541,80.001 C549.148,80.001 550.169,79.965 553.369,79.82 C556.562,79.673 558.743,79.167 560.652,78.425 C562.623,77.658 564.297,76.634 565.965,74.965 C567.633,73.296 568.659,71.625 569.425,69.651 C570.167,67.743 570.674,65.562 570.82,62.369 C570.966,59.17 571,58.147 571,50 C571,41.851 570.966,40.831 570.82,37.631\"><\/path><\/g><\/g><\/g><\/svg><\/div>\n<div style=\"padding-top: 8px;\">\n<div style=\" color:#3897f0; font-family:Arial,sans-serif; font-size:14px; font-style:normal; font-weight:550; line-height:18px;\">Ver essa foto no Instagram<\/div>\n<\/div>\n<div style=\"padding: 12.5% 0;\"><\/div>\n<div style=\"display: flex; flex-direction: row; margin-bottom: 14px; align-items: center;\">\n<div>\n<div style=\"background-color: #F4F4F4; border-radius: 50%; height: 12.5px; width: 12.5px; transform: translateX(0px) translateY(7px);\"><\/div>\n<div style=\"background-color: #F4F4F4; height: 12.5px; transform: rotate(-45deg) translateX(3px) translateY(1px); width: 12.5px; flex-grow: 0; margin-right: 14px; margin-left: 2px;\"><\/div>\n<div style=\"background-color: #F4F4F4; border-radius: 50%; height: 12.5px; width: 12.5px; transform: translateX(9px) translateY(-18px);\"><\/div>\n<\/div>\n<div style=\"margin-left: 8px;\">\n<div style=\" background-color: #F4F4F4; border-radius: 50%; flex-grow: 0; height: 20px; width: 20px;\"><\/div>\n<div style=\" width: 0; height: 0; border-top: 2px solid transparent; border-left: 6px solid #f4f4f4; border-bottom: 2px solid transparent; transform: translateX(16px) translateY(-4px) rotate(30deg)\"><\/div>\n<\/div>\n<div style=\"margin-left: auto;\">\n<div style=\" width: 0px; border-top: 8px solid #F4F4F4; border-right: 8px solid transparent; transform: translateY(16px);\"><\/div>\n<div style=\" background-color: #F4F4F4; flex-grow: 0; height: 12px; width: 16px; transform: translateY(-4px);\"><\/div>\n<div style=\" width: 0; height: 0; border-top: 8px solid #F4F4F4; border-left: 8px solid transparent; transform: translateY(-4px) translateX(8px);\"><\/div>\n<\/div>\n<\/div>\n<div style=\"display: flex; flex-direction: column; flex-grow: 1; justify-content: center; margin-bottom: 24px;\">\n<div style=\" background-color: #F4F4F4; border-radius: 4px; flex-grow: 0; height: 14px; margin-bottom: 6px; width: 224px;\"><\/div>\n<div style=\" background-color: #F4F4F4; border-radius: 4px; flex-grow: 0; height: 14px; width: 144px;\"><\/div>\n<\/div>\n<p><\/a><\/p>\n<p style=\" color:#c9c8cd; font-family:Arial,sans-serif; font-size:14px; line-height:17px; margin-bottom:0; margin-top:8px; overflow:hidden; padding:8px 0 7px; text-align:center; text-overflow:ellipsis; white-space:nowrap;\"><a href=\"https:\/\/www.instagram.com\/reel\/DGtpuR0h2av\/?utm_source=ig_embed&amp;utm_campaign=loading\" style=\" color:#c9c8cd; font-family:Arial,sans-serif; font-size:14px; font-style:normal; font-weight:normal; line-height:17px; text-decoration:none;\" target=\"_blank\">Uma publica\u00e7\u00e3o compartilhada por Schoenstatt Movement (@schoenstattinternational)<\/a><\/p>\n<\/div>\n<\/blockquote>\n<p> <script async src=\"\/\/www.instagram.com\/embed.js\"><\/script><\/p>\n\n\n\n<p>A emo\u00e7\u00e3o e as l\u00e1grimas foram imediatas, ao visitar este novo Santu\u00e1rio, t\u00ednhamos agora uma tarefa, uma miss\u00e3o de vida: santuarizar cora\u00e7\u00f5es a partir de Maria, Terra da Esperan\u00e7a, para Monterrey e para o mundo inteiro. E com essa emo\u00e7\u00e3o, as pessoas visitaram pela primeira vez o Santu\u00e1rio no final da cerim\u00f4nia, onde as filas eram t\u00e3o longas quanto os sorrisos.<\/p>\n\n\n\n<h3 class=\"wp-block-heading\" id=\"h-a-vida-comeca-a-florescer\"><strong><strong>A vida come\u00e7a a florescer<\/strong><\/strong><\/h3>\n\n\n\n<p>\u00c0 tarde, se celebrou no Santu\u00e1rio a primeira missa da Fam\u00edlia de Schoenstatt de Monterrey, presidida pelo Pe. Carlos \u2013 mais de 800 pessoas participaram deste encontro.<\/p>\n\n\n\n<p>Mas a festa n\u00e3o terminou a\u00ed. Ap\u00f3s a missa da Fam\u00edlia, iniciou uma vig\u00edlia que durou a noite toda, onde centenas de jovens e fam\u00edlias foram chegando em v\u00e1rios hor\u00e1rios da madrugada para rezar e visitar a M\u00e3e neste novo local. No domingo, foram celebradas seis missas por diferentes padres e o fluxo n\u00e3o diminuiu ao longo do dia, sem d\u00favida algo despertou em Monterrey, algo come\u00e7ou a gerar e como foi repetido v\u00e1rias vezes durante o fim de semana: Isso est\u00e1 apenas come\u00e7ando.<\/p>\n\n\n\n<p>O primeiro fim de semana de mar\u00e7o trouxe um presente para Monterrey que nos encheu de alegria, mas, acima de tudo, de uma consci\u00eancia de miss\u00e3o. A M\u00e3e agora tem um novo lar, um cantinho sagrado no centro de uma grande cidade, onde todos podem visit\u00e1-la. Agora, a miss\u00e3o \u00e9 construir, a partir desse lugar sagrado, essa nova terra, uma Terra de Esperan\u00e7a.<\/p>\n\n\n\n<div class=\"wp-block-buttons is-content-justification-center is-layout-flex wp-container-core-buttons-is-layout-a89b3969 wp-block-buttons-is-layout-flex\">\n<div class=\"wp-block-button\"><a class=\"wp-block-button__link has-white-color has-text-color has-background has-link-color wp-element-button\" href=\"https:\/\/www.smugmug.com\/gallery\/n-LfVPrF\" style=\"border-radius:15px;background-color:#e48117\" target=\"_blank\" rel=\"noreferrer noopener\"><strong>Mais Fotos<\/strong><\/a><\/div>\n<\/div>\n\n\n\n<p><strong>Tradu\u00e7\u00e3o: <\/strong>Audrey Markutis<\/p>\n","protected":false},"excerpt":{"rendered":"<p>Sobre a b\u00ean\u00e7\u00e3o do Santu\u00e1rio Maria, Terra de Esperan\u00e7a, em Monterrey, M\u00e9xico: Um dia de grande alegria e emo\u00e7\u00e3o. <\/p>\n","protected":false},"author":3,"featured_media":43816,"comment_status":"closed","ping_status":"closed","sticky":false,"template":"","format":"standard","meta":{"footnotes":""},"categories":[625,869],"tags":[1289,1198,1187],"class_list":["post-43823","post","type-post","status-publish","format-standard","has-post-thumbnail","hentry","category-america-pt-pt","category-paises-pt-pt","tag-america-pt-pt","tag-santuario-de-schoenstatt-pt-pt","tag-schoenstatt-mexico-pt-pt"],"yoast_head":"<!-- This site is optimized with the Yoast SEO Premium plugin v27.4 (Yoast SEO v27.4) - https:\/\/yoast.com\/product\/yoast-seo-premium-wordpress\/ -->\n<title>B\u00ean\u00e7\u00e3o da Casinha Sagrada, nossa Terra de Esperan\u00e7a - Schoenstatt<\/title>\n<meta name=\"description\" content=\"Sobre a b\u00ean\u00e7\u00e3o do Santu\u00e1rio Maria, Terra de Esperan\u00e7a, em Monterrey, M\u00e9xico: Um dia de grande alegria e emo\u00e7\u00e3o.\" \/>\n<meta name=\"robots\" content=\"index, follow, max-snippet:-1, max-image-preview:large, max-video-preview:-1\" \/>\n<link rel=\"canonical\" href=\"https:\/\/schoenstatt.com\/pt-pt\/bencao-da-casinha-sagrada-nossa-terra-de-esperanca\/\" \/>\n<meta property=\"og:locale\" content=\"pt_PT\" \/>\n<meta property=\"og:type\" content=\"article\" \/>\n<meta property=\"og:title\" content=\"B\u00ean\u00e7\u00e3o da Casinha Sagrada, nossa Terra de Esperan\u00e7a\" \/>\n<meta property=\"og:description\" content=\"Sobre a b\u00ean\u00e7\u00e3o do Santu\u00e1rio Maria, Terra de Esperan\u00e7a, em Monterrey, M\u00e9xico: Um dia de grande alegria e emo\u00e7\u00e3o.\" \/>\n<meta property=\"og:url\" content=\"https:\/\/schoenstatt.com\/pt-pt\/bencao-da-casinha-sagrada-nossa-terra-de-esperanca\/\" \/>\n<meta property=\"og:site_name\" content=\"Schoenstatt\" \/>\n<meta property=\"article:published_time\" content=\"2025-03-12T11:45:00+00:00\" \/>\n<meta property=\"article:modified_time\" content=\"2025-08-19T00:26:49+00:00\" \/>\n<meta property=\"og:image\" content=\"https:\/\/schoenstatt.com\/wp-content\/uploads\/2025\/03\/Monterrey-Schoenstatt-Shrine-1.webp\" \/>\n\t<meta property=\"og:image:width\" content=\"1920\" \/>\n\t<meta property=\"og:image:height\" content=\"1314\" \/>\n\t<meta property=\"og:image:type\" content=\"image\/webp\" \/>\n<meta name=\"author\" content=\"Karen Bueno\" \/>\n<meta name=\"twitter:card\" content=\"summary_large_image\" \/>\n<meta name=\"twitter:label1\" content=\"Escrito por\" \/>\n\t<meta name=\"twitter:data1\" content=\"Karen Bueno\" \/>\n\t<meta name=\"twitter:label2\" content=\"Tempo estimado de leitura\" \/>\n\t<meta name=\"twitter:data2\" content=\"7 minutos\" \/>\n<script type=\"application\/ld+json\" class=\"yoast-schema-graph\">{\"@context\":\"https:\\\/\\\/schema.org\",\"@graph\":[{\"@type\":\"Article\",\"@id\":\"https:\\\/\\\/schoenstatt.com\\\/pt-pt\\\/bencao-da-casinha-sagrada-nossa-terra-de-esperanca\\\/#article\",\"isPartOf\":{\"@id\":\"https:\\\/\\\/schoenstatt.com\\\/pt-pt\\\/bencao-da-casinha-sagrada-nossa-terra-de-esperanca\\\/\"},\"author\":{\"name\":\"Karen Bueno\",\"@id\":\"https:\\\/\\\/schoenstatt.com\\\/pt-pt\\\/#\\\/schema\\\/person\\\/5158877ad4acae98b34daaeef2a1ce6e\"},\"headline\":\"B\u00ean\u00e7\u00e3o da Casinha Sagrada, nossa Terra de Esperan\u00e7a\",\"datePublished\":\"2025-03-12T11:45:00+00:00\",\"dateModified\":\"2025-08-19T00:26:49+00:00\",\"mainEntityOfPage\":{\"@id\":\"https:\\\/\\\/schoenstatt.com\\\/pt-pt\\\/bencao-da-casinha-sagrada-nossa-terra-de-esperanca\\\/\"},\"wordCount\":1151,\"publisher\":{\"@id\":\"https:\\\/\\\/schoenstatt.com\\\/pt-pt\\\/#organization\"},\"image\":{\"@id\":\"https:\\\/\\\/schoenstatt.com\\\/pt-pt\\\/bencao-da-casinha-sagrada-nossa-terra-de-esperanca\\\/#primaryimage\"},\"thumbnailUrl\":\"https:\\\/\\\/schoenstatt.com\\\/wp-content\\\/uploads\\\/2025\\\/03\\\/Monterrey-Schoenstatt-Shrine-1.webp\",\"keywords\":[\"Am\u00e9rica\",\"Santu\u00e1rio de Schoenstatt\",\"Schoenstatt M\u00e9xico\"],\"articleSection\":[\"Am\u00e9rica\",\"Pa\u00edses\"],\"inLanguage\":\"pt-PT\"},{\"@type\":\"WebPage\",\"@id\":\"https:\\\/\\\/schoenstatt.com\\\/pt-pt\\\/bencao-da-casinha-sagrada-nossa-terra-de-esperanca\\\/\",\"url\":\"https:\\\/\\\/schoenstatt.com\\\/pt-pt\\\/bencao-da-casinha-sagrada-nossa-terra-de-esperanca\\\/\",\"name\":\"B\u00ean\u00e7\u00e3o da Casinha Sagrada, nossa Terra de Esperan\u00e7a - Schoenstatt\",\"isPartOf\":{\"@id\":\"https:\\\/\\\/schoenstatt.com\\\/pt-pt\\\/#website\"},\"primaryImageOfPage\":{\"@id\":\"https:\\\/\\\/schoenstatt.com\\\/pt-pt\\\/bencao-da-casinha-sagrada-nossa-terra-de-esperanca\\\/#primaryimage\"},\"image\":{\"@id\":\"https:\\\/\\\/schoenstatt.com\\\/pt-pt\\\/bencao-da-casinha-sagrada-nossa-terra-de-esperanca\\\/#primaryimage\"},\"thumbnailUrl\":\"https:\\\/\\\/schoenstatt.com\\\/wp-content\\\/uploads\\\/2025\\\/03\\\/Monterrey-Schoenstatt-Shrine-1.webp\",\"datePublished\":\"2025-03-12T11:45:00+00:00\",\"dateModified\":\"2025-08-19T00:26:49+00:00\",\"description\":\"Sobre a b\u00ean\u00e7\u00e3o do Santu\u00e1rio Maria, Terra de Esperan\u00e7a, em Monterrey, M\u00e9xico: Um dia de grande alegria e emo\u00e7\u00e3o.\",\"breadcrumb\":{\"@id\":\"https:\\\/\\\/schoenstatt.com\\\/pt-pt\\\/bencao-da-casinha-sagrada-nossa-terra-de-esperanca\\\/#breadcrumb\"},\"inLanguage\":\"pt-PT\",\"potentialAction\":[{\"@type\":\"ReadAction\",\"target\":[\"https:\\\/\\\/schoenstatt.com\\\/pt-pt\\\/bencao-da-casinha-sagrada-nossa-terra-de-esperanca\\\/\"]}]},{\"@type\":\"ImageObject\",\"inLanguage\":\"pt-PT\",\"@id\":\"https:\\\/\\\/schoenstatt.com\\\/pt-pt\\\/bencao-da-casinha-sagrada-nossa-terra-de-esperanca\\\/#primaryimage\",\"url\":\"https:\\\/\\\/schoenstatt.com\\\/wp-content\\\/uploads\\\/2025\\\/03\\\/Monterrey-Schoenstatt-Shrine-1.webp\",\"contentUrl\":\"https:\\\/\\\/schoenstatt.com\\\/wp-content\\\/uploads\\\/2025\\\/03\\\/Monterrey-Schoenstatt-Shrine-1.webp\",\"width\":1920,\"height\":1314},{\"@type\":\"BreadcrumbList\",\"@id\":\"https:\\\/\\\/schoenstatt.com\\\/pt-pt\\\/bencao-da-casinha-sagrada-nossa-terra-de-esperanca\\\/#breadcrumb\",\"itemListElement\":[{\"@type\":\"ListItem\",\"position\":1,\"name\":\"Portada\",\"item\":\"https:\\\/\\\/schoenstatt.com\\\/pt-pt\\\/home\\\/\"},{\"@type\":\"ListItem\",\"position\":2,\"name\":\"B\u00ean\u00e7\u00e3o da Casinha Sagrada, nossa Terra de Esperan\u00e7a\"}]},{\"@type\":\"WebSite\",\"@id\":\"https:\\\/\\\/schoenstatt.com\\\/pt-pt\\\/#website\",\"url\":\"https:\\\/\\\/schoenstatt.com\\\/pt-pt\\\/\",\"name\":\"Schoenstatt\",\"description\":\"Apostolic Movement\",\"publisher\":{\"@id\":\"https:\\\/\\\/schoenstatt.com\\\/pt-pt\\\/#organization\"},\"potentialAction\":[{\"@type\":\"SearchAction\",\"target\":{\"@type\":\"EntryPoint\",\"urlTemplate\":\"https:\\\/\\\/schoenstatt.com\\\/pt-pt\\\/?s={search_term_string}\"},\"query-input\":{\"@type\":\"PropertyValueSpecification\",\"valueRequired\":true,\"valueName\":\"search_term_string\"}}],\"inLanguage\":\"pt-PT\"},{\"@type\":\"Organization\",\"@id\":\"https:\\\/\\\/schoenstatt.com\\\/pt-pt\\\/#organization\",\"name\":\"Schoenstatt\",\"url\":\"https:\\\/\\\/schoenstatt.com\\\/pt-pt\\\/\",\"logo\":{\"@type\":\"ImageObject\",\"inLanguage\":\"pt-PT\",\"@id\":\"https:\\\/\\\/schoenstatt.com\\\/pt-pt\\\/#\\\/schema\\\/logo\\\/image\\\/\",\"url\":\"https:\\\/\\\/schoenstatt.com\\\/wp-content\\\/uploads\\\/2025\\\/04\\\/logo-schoenstatt-white-696x696-1.png\",\"contentUrl\":\"https:\\\/\\\/schoenstatt.com\\\/wp-content\\\/uploads\\\/2025\\\/04\\\/logo-schoenstatt-white-696x696-1.png\",\"width\":696,\"height\":694,\"caption\":\"Schoenstatt\"},\"image\":{\"@id\":\"https:\\\/\\\/schoenstatt.com\\\/pt-pt\\\/#\\\/schema\\\/logo\\\/image\\\/\"}},{\"@type\":\"Person\",\"@id\":\"https:\\\/\\\/schoenstatt.com\\\/pt-pt\\\/#\\\/schema\\\/person\\\/5158877ad4acae98b34daaeef2a1ce6e\",\"name\":\"Karen Bueno\",\"image\":{\"@type\":\"ImageObject\",\"inLanguage\":\"pt-PT\",\"@id\":\"https:\\\/\\\/secure.gravatar.com\\\/avatar\\\/f9f4b823873154269d2b2130f195f6d41037dd0d7fc5f3cacb5c846bae70d66b?s=96&d=mm&r=g\",\"url\":\"https:\\\/\\\/secure.gravatar.com\\\/avatar\\\/f9f4b823873154269d2b2130f195f6d41037dd0d7fc5f3cacb5c846bae70d66b?s=96&d=mm&r=g\",\"contentUrl\":\"https:\\\/\\\/secure.gravatar.com\\\/avatar\\\/f9f4b823873154269d2b2130f195f6d41037dd0d7fc5f3cacb5c846bae70d66b?s=96&d=mm&r=g\",\"caption\":\"Karen Bueno\"},\"url\":\"https:\\\/\\\/schoenstatt.com\\\/pt-pt\\\/author\\\/karen-bueno\\\/\"}]}<\/script>\n<!-- \/ Yoast SEO Premium plugin. -->","yoast_head_json":{"title":"B\u00ean\u00e7\u00e3o da Casinha Sagrada, nossa Terra de Esperan\u00e7a - Schoenstatt","description":"Sobre a b\u00ean\u00e7\u00e3o do Santu\u00e1rio Maria, Terra de Esperan\u00e7a, em Monterrey, M\u00e9xico: Um dia de grande alegria e emo\u00e7\u00e3o.","robots":{"index":"index","follow":"follow","max-snippet":"max-snippet:-1","max-image-preview":"max-image-preview:large","max-video-preview":"max-video-preview:-1"},"canonical":"https:\/\/schoenstatt.com\/pt-pt\/bencao-da-casinha-sagrada-nossa-terra-de-esperanca\/","og_locale":"pt_PT","og_type":"article","og_title":"B\u00ean\u00e7\u00e3o da Casinha Sagrada, nossa Terra de Esperan\u00e7a","og_description":"Sobre a b\u00ean\u00e7\u00e3o do Santu\u00e1rio Maria, Terra de Esperan\u00e7a, em Monterrey, M\u00e9xico: Um dia de grande alegria e emo\u00e7\u00e3o.","og_url":"https:\/\/schoenstatt.com\/pt-pt\/bencao-da-casinha-sagrada-nossa-terra-de-esperanca\/","og_site_name":"Schoenstatt","article_published_time":"2025-03-12T11:45:00+00:00","article_modified_time":"2025-08-19T00:26:49+00:00","og_image":[{"width":1920,"height":1314,"url":"https:\/\/schoenstatt.com\/wp-content\/uploads\/2025\/03\/Monterrey-Schoenstatt-Shrine-1.webp","type":"image\/webp"}],"author":"Karen Bueno","twitter_card":"summary_large_image","twitter_misc":{"Escrito por":"Karen Bueno","Tempo estimado de leitura":"7 minutos"},"schema":{"@context":"https:\/\/schema.org","@graph":[{"@type":"Article","@id":"https:\/\/schoenstatt.com\/pt-pt\/bencao-da-casinha-sagrada-nossa-terra-de-esperanca\/#article","isPartOf":{"@id":"https:\/\/schoenstatt.com\/pt-pt\/bencao-da-casinha-sagrada-nossa-terra-de-esperanca\/"},"author":{"name":"Karen Bueno","@id":"https:\/\/schoenstatt.com\/pt-pt\/#\/schema\/person\/5158877ad4acae98b34daaeef2a1ce6e"},"headline":"B\u00ean\u00e7\u00e3o da Casinha Sagrada, nossa Terra de Esperan\u00e7a","datePublished":"2025-03-12T11:45:00+00:00","dateModified":"2025-08-19T00:26:49+00:00","mainEntityOfPage":{"@id":"https:\/\/schoenstatt.com\/pt-pt\/bencao-da-casinha-sagrada-nossa-terra-de-esperanca\/"},"wordCount":1151,"publisher":{"@id":"https:\/\/schoenstatt.com\/pt-pt\/#organization"},"image":{"@id":"https:\/\/schoenstatt.com\/pt-pt\/bencao-da-casinha-sagrada-nossa-terra-de-esperanca\/#primaryimage"},"thumbnailUrl":"https:\/\/schoenstatt.com\/wp-content\/uploads\/2025\/03\/Monterrey-Schoenstatt-Shrine-1.webp","keywords":["Am\u00e9rica","Santu\u00e1rio de Schoenstatt","Schoenstatt M\u00e9xico"],"articleSection":["Am\u00e9rica","Pa\u00edses"],"inLanguage":"pt-PT"},{"@type":"WebPage","@id":"https:\/\/schoenstatt.com\/pt-pt\/bencao-da-casinha-sagrada-nossa-terra-de-esperanca\/","url":"https:\/\/schoenstatt.com\/pt-pt\/bencao-da-casinha-sagrada-nossa-terra-de-esperanca\/","name":"B\u00ean\u00e7\u00e3o da Casinha Sagrada, nossa Terra de Esperan\u00e7a - Schoenstatt","isPartOf":{"@id":"https:\/\/schoenstatt.com\/pt-pt\/#website"},"primaryImageOfPage":{"@id":"https:\/\/schoenstatt.com\/pt-pt\/bencao-da-casinha-sagrada-nossa-terra-de-esperanca\/#primaryimage"},"image":{"@id":"https:\/\/schoenstatt.com\/pt-pt\/bencao-da-casinha-sagrada-nossa-terra-de-esperanca\/#primaryimage"},"thumbnailUrl":"https:\/\/schoenstatt.com\/wp-content\/uploads\/2025\/03\/Monterrey-Schoenstatt-Shrine-1.webp","datePublished":"2025-03-12T11:45:00+00:00","dateModified":"2025-08-19T00:26:49+00:00","description":"Sobre a b\u00ean\u00e7\u00e3o do Santu\u00e1rio Maria, Terra de Esperan\u00e7a, em Monterrey, M\u00e9xico: Um dia de grande alegria e emo\u00e7\u00e3o.","breadcrumb":{"@id":"https:\/\/schoenstatt.com\/pt-pt\/bencao-da-casinha-sagrada-nossa-terra-de-esperanca\/#breadcrumb"},"inLanguage":"pt-PT","potentialAction":[{"@type":"ReadAction","target":["https:\/\/schoenstatt.com\/pt-pt\/bencao-da-casinha-sagrada-nossa-terra-de-esperanca\/"]}]},{"@type":"ImageObject","inLanguage":"pt-PT","@id":"https:\/\/schoenstatt.com\/pt-pt\/bencao-da-casinha-sagrada-nossa-terra-de-esperanca\/#primaryimage","url":"https:\/\/schoenstatt.com\/wp-content\/uploads\/2025\/03\/Monterrey-Schoenstatt-Shrine-1.webp","contentUrl":"https:\/\/schoenstatt.com\/wp-content\/uploads\/2025\/03\/Monterrey-Schoenstatt-Shrine-1.webp","width":1920,"height":1314},{"@type":"BreadcrumbList","@id":"https:\/\/schoenstatt.com\/pt-pt\/bencao-da-casinha-sagrada-nossa-terra-de-esperanca\/#breadcrumb","itemListElement":[{"@type":"ListItem","position":1,"name":"Portada","item":"https:\/\/schoenstatt.com\/pt-pt\/home\/"},{"@type":"ListItem","position":2,"name":"B\u00ean\u00e7\u00e3o da Casinha Sagrada, nossa Terra de Esperan\u00e7a"}]},{"@type":"WebSite","@id":"https:\/\/schoenstatt.com\/pt-pt\/#website","url":"https:\/\/schoenstatt.com\/pt-pt\/","name":"Schoenstatt","description":"Apostolic Movement","publisher":{"@id":"https:\/\/schoenstatt.com\/pt-pt\/#organization"},"potentialAction":[{"@type":"SearchAction","target":{"@type":"EntryPoint","urlTemplate":"https:\/\/schoenstatt.com\/pt-pt\/?s={search_term_string}"},"query-input":{"@type":"PropertyValueSpecification","valueRequired":true,"valueName":"search_term_string"}}],"inLanguage":"pt-PT"},{"@type":"Organization","@id":"https:\/\/schoenstatt.com\/pt-pt\/#organization","name":"Schoenstatt","url":"https:\/\/schoenstatt.com\/pt-pt\/","logo":{"@type":"ImageObject","inLanguage":"pt-PT","@id":"https:\/\/schoenstatt.com\/pt-pt\/#\/schema\/logo\/image\/","url":"https:\/\/schoenstatt.com\/wp-content\/uploads\/2025\/04\/logo-schoenstatt-white-696x696-1.png","contentUrl":"https:\/\/schoenstatt.com\/wp-content\/uploads\/2025\/04\/logo-schoenstatt-white-696x696-1.png","width":696,"height":694,"caption":"Schoenstatt"},"image":{"@id":"https:\/\/schoenstatt.com\/pt-pt\/#\/schema\/logo\/image\/"}},{"@type":"Person","@id":"https:\/\/schoenstatt.com\/pt-pt\/#\/schema\/person\/5158877ad4acae98b34daaeef2a1ce6e","name":"Karen Bueno","image":{"@type":"ImageObject","inLanguage":"pt-PT","@id":"https:\/\/secure.gravatar.com\/avatar\/f9f4b823873154269d2b2130f195f6d41037dd0d7fc5f3cacb5c846bae70d66b?s=96&d=mm&r=g","url":"https:\/\/secure.gravatar.com\/avatar\/f9f4b823873154269d2b2130f195f6d41037dd0d7fc5f3cacb5c846bae70d66b?s=96&d=mm&r=g","contentUrl":"https:\/\/secure.gravatar.com\/avatar\/f9f4b823873154269d2b2130f195f6d41037dd0d7fc5f3cacb5c846bae70d66b?s=96&d=mm&r=g","caption":"Karen Bueno"},"url":"https:\/\/schoenstatt.com\/pt-pt\/author\/karen-bueno\/"}]}},"_links":{"self":[{"href":"https:\/\/schoenstatt.com\/pt-pt\/wp-json\/wp\/v2\/posts\/43823","targetHints":{"allow":["GET"]}}],"collection":[{"href":"https:\/\/schoenstatt.com\/pt-pt\/wp-json\/wp\/v2\/posts"}],"about":[{"href":"https:\/\/schoenstatt.com\/pt-pt\/wp-json\/wp\/v2\/types\/post"}],"author":[{"embeddable":true,"href":"https:\/\/schoenstatt.com\/pt-pt\/wp-json\/wp\/v2\/users\/3"}],"replies":[{"embeddable":true,"href":"https:\/\/schoenstatt.com\/pt-pt\/wp-json\/wp\/v2\/comments?post=43823"}],"version-history":[{"count":6,"href":"https:\/\/schoenstatt.com\/pt-pt\/wp-json\/wp\/v2\/posts\/43823\/revisions"}],"predecessor-version":[{"id":62485,"href":"https:\/\/schoenstatt.com\/pt-pt\/wp-json\/wp\/v2\/posts\/43823\/revisions\/62485"}],"wp:featuredmedia":[{"embeddable":true,"href":"https:\/\/schoenstatt.com\/pt-pt\/wp-json\/wp\/v2\/media\/43816"}],"wp:attachment":[{"href":"https:\/\/schoenstatt.com\/pt-pt\/wp-json\/wp\/v2\/media?parent=43823"}],"wp:term":[{"taxonomy":"category","embeddable":true,"href":"https:\/\/schoenstatt.com\/pt-pt\/wp-json\/wp\/v2\/categories?post=43823"},{"taxonomy":"post_tag","embeddable":true,"href":"https:\/\/schoenstatt.com\/pt-pt\/wp-json\/wp\/v2\/tags?post=43823"}],"curies":[{"name":"wp","href":"https:\/\/api.w.org\/{rel}","templated":true}]}}