{"id":43723,"date":"2025-03-06T21:45:12","date_gmt":"2025-03-06T20:45:12","guid":{"rendered":"https:\/\/schoenstatt.com\/?p=43723"},"modified":"2025-08-21T16:48:58","modified_gmt":"2025-08-21T14:48:58","slug":"comissao-teologica-avalia-de-forma-positiva-o-processo-de-joao-pozzobon","status":"publish","type":"post","link":"https:\/\/schoenstatt.com\/pt-pt\/comissao-teologica-avalia-de-forma-positiva-o-processo-de-joao-pozzobon\/","title":{"rendered":"Comiss\u00e3o Teol\u00f3gica avalia de forma positiva o Processo de Jo\u00e3o Pozzobon"},"content":{"rendered":"\n<p>A Comiss\u00e3o teol\u00f3gica do Dicast\u00e9rio da Causa dos Santos analisou os documentos (Positio) \u2013 cerca de 800 p\u00e1ginas \u2013 sobre a vida, as virtudes heroicas e a fama de santidade de Jo\u00e3o Luiz Pozzobon e deram seu parecer.<\/p>\n\n\n\n<p><em>\u201cA Comiss\u00e3o Teol\u00f3gica reunida na ter\u00e7a-feira, 4 de mar\u00e7o, se expressou positivamente sobre o exerc\u00edcio heroico das virtudes, a fama de santidade e de intercess\u00e3o do Servo de Deus Di\u00e1cono Jo\u00e3o Luiz Pozzobon\u201d<\/em>, disse a Dra. Silvia Correale, postuladora da causa em Roma. Ou seja, pela an\u00e1lise dessa comiss\u00e3o, Jo\u00e3o Luiz Pozzobon viveu de modo extraordin\u00e1rio a f\u00e9, a esperan\u00e7a e a caridade. Podemos agradecer muito por mais esse passo adiante no processo de beatifica\u00e7\u00e3o. Mas, para que isso seja oficial e p\u00fablico, ainda s\u00e3o necess\u00e1rios mais dois passos.<\/p>\n\n\n\n<h3 class=\"wp-block-heading\" id=\"h-sao-necessarios-mais-dois-passos\"><strong>S\u00e3o necess\u00e1rios mais dois passos<\/strong><\/h3>\n\n\n\n<p>O pr\u00f3ximo passo \u00e9 a an\u00e1lise do relat\u00f3rio (da reuni\u00e3o do dia 4) pelos Bispos e Cardeais, membros do Dicast\u00e9rio para a Causa dos Santos. <em>\u201cSeguimos unidos em ora\u00e7\u00e3o para que o Senhor, pela a\u00e7\u00e3o do Esp\u00edrito Santo, guie os Cardeais e Bispos membros do Dicast\u00e9rio, chamados a dar seu julgamento em uma Sess\u00e3o Ordin\u00e1ria, cuja data ainda n\u00e3o foi definida, mas que se prev\u00ea para os pr\u00f3ximos meses\u201d<\/em>, motiva a postuladora.<\/p>\n\n\n\n<p>Se o ju\u00edzo for favor\u00e1vel, tamb\u00e9m nessa nova etapa, a causa ser\u00e1, ent\u00e3o, apresentada ao Santo Padre, o Papa, que pode autorizar a publica\u00e7\u00e3o do decreto reconhecendo a heroicidade das virtudes, que torna Jo\u00e3o Pozzobon VENER\u00c1VEL, isto \u00e9, digno de ser imitado e venerado publicamente, em toda a Igreja.<\/p>\n\n\n\n<p><strong>Podemos j\u00e1 declarar que Pozzobon \u00e9 vener\u00e1vel?<\/strong> Ainda n\u00e3o. Faltam dois passos: O parecer dos Cardeais e a aprova\u00e7\u00e3o pelo Papa. Por isso, com o cora\u00e7\u00e3o em j\u00fabilo, continuemos em ora\u00e7\u00e3o.<\/p>\n\n\n\n<h3 class=\"wp-block-heading\" id=\"h-as-etapas-do-reconhecimento-das-virtudes-heroicas\"><strong>As etapas do reconhecimento das Virtudes Heroicas<\/strong><\/h3>\n\n\n\n<p>1 \u2013 Abertura da fase Diocesana \u2013 1994<\/p>\n\n\n\n<p>2 \u2013 Abertura da fase Romana \u2013 2009<\/p>\n\n\n\n<p>3 \u2013 Te\u00f3logos e consultores analisam a Positio \u2013 4 de mar\u00e7o de 2025<\/p>\n\n\n\n<p>4 \u2013 Sess\u00e3o Ordin\u00e1ria dos Bispos e Cardeais (Pr\u00f3xima Etapa)<\/p>\n\n\n\n<p>5 \u2013 Reconhecimento das Virtudes Heroicas e Decreto de Vener\u00e1vel pelo Papa<\/p>\n\n\n\n<h3 class=\"wp-block-heading\" id=\"h-iniciativas-de-oracao\"><strong>Iniciativas de ora\u00e7\u00e3o<\/strong><\/h3>\n\n\n\n<p>Al\u00e9m das v\u00e1rias iniciativas particulares, h\u00e1 tamb\u00e9m outras iniciativas oficiais. Em Schoenstatt, na Alemanha, todos os dias 27 est\u00e1 sendo celebrada a Santa Missa em portugu\u00eas no Santu\u00e1rio Original, na inten\u00e7\u00e3o da causa de beatifica\u00e7\u00e3o e pelo jubileu dos 75 anos da Campanha da M\u00e3e Peregrina. Em v\u00e1rias partes do Brasil e do mundo est\u00e3o sendo tomadas iniciativas de ora\u00e7\u00e3o e forma\u00e7\u00e3o entorno a Jo\u00e3o Pozzobon e sua causa.<\/p>\n\n\n\n<p><em>\u201cVem se formando cada vez mais uma rede mundial de ora\u00e7\u00e3o pela beatifica\u00e7\u00e3o do Sevo de Deus. Recebemos nesses dias relatos de muitas pessoas e comunidades unidas em ora\u00e7\u00e3o e interessadas em conhecer mais sobre a vida do Pobre Di\u00e1cono, de Santa Maria, que buscou viver a f\u00e9, com a gra\u00e7a de Deus, de modo profundo e heroico\u201d<\/em>, relata Pe. Vitor Possetti, vice postulador da causa. <em>\u201cO mais importante \u00e9 que esse processo nos una ainda mais em ora\u00e7\u00e3o e nos inspire a tamb\u00e9m buscar viver nossa vida de f\u00e9 de modo heroico como o Di\u00e1cono Jo\u00e3o Pozzobon. Ent\u00e3o o est\u00edmulo \u00e9 a seguirmos rezando e nos aproximando mais de sua vida e legado\u201d<\/em>, complementa.<\/p>\n\n\n\n<p><strong>Saiba mais aqui: <\/strong><a href=\"https:\/\/schoenstatt.com\/pt-pt\/vaticano-marca-a-data-para-analisar-o-processo-de-beatificacao-de-joao-pozzobon\/\"><mark style=\"background-color:rgba(0, 0, 0, 0);color:#e38f1b\" class=\"has-inline-color\">Vaticano marca a data para analisar o Processo de Beatifica\u00e7\u00e3o de Jo\u00e3o Pozzobon<\/mark><\/a><\/p>\n\n\n\n<p><strong>Informa\u00e7\u00e3o: <\/strong><a href=\"https:\/\/www.instagram.com\/joaoluizpozzobon\/\" target=\"_blank\" rel=\"noreferrer noopener\">Secretaria do Processo de Beatifica\u00e7\u00e3o de Jo\u00e3o Luiz Pozzobon<\/a><\/p>\n","protected":false},"excerpt":{"rendered":"<p>O processo de beatifica\u00e7\u00e3o de Jo\u00e3o Pozzobon avan\u00e7a mais um passo. Ainda s\u00e3o necess\u00e1rias duas etapas para o t\u00edtulo de Vener\u00e1vel.  <\/p>\n","protected":false},"author":3,"featured_media":42181,"comment_status":"closed","ping_status":"closed","sticky":false,"template":"","format":"standard","meta":{"footnotes":""},"categories":[888,425],"tags":[1088,1041,954,1135],"class_list":["post-43723","post","type-post","status-publish","format-standard","has-post-thumbnail","hentry","category-herois-de-schoenstatt-pt-pt","category-mae-peregrina-pt-pt","tag-campanha-da-mae-peregrina-pt-pt","tag-joao-luiz-pozzobon-pt-pt","tag-processo-de-beatificacao-pt-pt","tag-schoenstatt-brasil-pt-pt"],"yoast_head":"<!-- This site is optimized with the Yoast SEO Premium plugin v27.4 (Yoast SEO v27.4) - https:\/\/yoast.com\/product\/yoast-seo-premium-wordpress\/ -->\n<title>Comiss\u00e3o Teol\u00f3gica avalia de forma positiva o Processo de Jo\u00e3o Pozzobon<\/title>\n<meta name=\"description\" content=\"O processo de beatifica\u00e7\u00e3o de Jo\u00e3o Pozzobon avan\u00e7a mais um passo. Ainda s\u00e3o necess\u00e1rias duas etapas para o t\u00edtulo de Vener\u00e1vel.\" \/>\n<meta name=\"robots\" content=\"index, follow, max-snippet:-1, max-image-preview:large, max-video-preview:-1\" \/>\n<link rel=\"canonical\" href=\"https:\/\/schoenstatt.com\/pt-pt\/comissao-teologica-avalia-de-forma-positiva-o-processo-de-joao-pozzobon\/\" \/>\n<meta property=\"og:locale\" content=\"pt_PT\" \/>\n<meta property=\"og:type\" content=\"article\" \/>\n<meta property=\"og:title\" content=\"Comiss\u00e3o Teol\u00f3gica avalia de forma positiva o Processo de Jo\u00e3o Pozzobon\" \/>\n<meta property=\"og:description\" content=\"O processo de beatifica\u00e7\u00e3o de Jo\u00e3o Pozzobon avan\u00e7a mais um passo. Ainda s\u00e3o necess\u00e1rias duas etapas para o t\u00edtulo de Vener\u00e1vel.\" \/>\n<meta property=\"og:url\" content=\"https:\/\/schoenstatt.com\/pt-pt\/comissao-teologica-avalia-de-forma-positiva-o-processo-de-joao-pozzobon\/\" \/>\n<meta property=\"og:site_name\" content=\"Schoenstatt\" \/>\n<meta property=\"article:published_time\" content=\"2025-03-06T20:45:12+00:00\" \/>\n<meta property=\"article:modified_time\" content=\"2025-08-21T14:48:58+00:00\" \/>\n<meta property=\"og:image\" content=\"https:\/\/schoenstatt.com\/wp-content\/uploads\/2024\/11\/joao-pozzobon-roma-1.jpg\" \/>\n\t<meta property=\"og:image:width\" content=\"2048\" \/>\n\t<meta property=\"og:image:height\" content=\"1511\" \/>\n\t<meta property=\"og:image:type\" content=\"image\/jpeg\" \/>\n<meta name=\"author\" content=\"Karen Bueno\" \/>\n<meta name=\"twitter:card\" content=\"summary_large_image\" \/>\n<meta name=\"twitter:label1\" content=\"Escrito por\" \/>\n\t<meta name=\"twitter:data1\" content=\"Karen Bueno\" \/>\n\t<meta name=\"twitter:label2\" content=\"Tempo estimado de leitura\" \/>\n\t<meta name=\"twitter:data2\" content=\"3 minutos\" \/>\n<script type=\"application\/ld+json\" class=\"yoast-schema-graph\">{\"@context\":\"https:\\\/\\\/schema.org\",\"@graph\":[{\"@type\":\"Article\",\"@id\":\"https:\\\/\\\/schoenstatt.com\\\/pt-pt\\\/comissao-teologica-avalia-de-forma-positiva-o-processo-de-joao-pozzobon\\\/#article\",\"isPartOf\":{\"@id\":\"https:\\\/\\\/schoenstatt.com\\\/pt-pt\\\/comissao-teologica-avalia-de-forma-positiva-o-processo-de-joao-pozzobon\\\/\"},\"author\":{\"name\":\"Karen Bueno\",\"@id\":\"https:\\\/\\\/schoenstatt.com\\\/pt-pt\\\/#\\\/schema\\\/person\\\/5158877ad4acae98b34daaeef2a1ce6e\"},\"headline\":\"Comiss\u00e3o Teol\u00f3gica avalia de forma positiva o Processo de Jo\u00e3o Pozzobon\",\"datePublished\":\"2025-03-06T20:45:12+00:00\",\"dateModified\":\"2025-08-21T14:48:58+00:00\",\"mainEntityOfPage\":{\"@id\":\"https:\\\/\\\/schoenstatt.com\\\/pt-pt\\\/comissao-teologica-avalia-de-forma-positiva-o-processo-de-joao-pozzobon\\\/\"},\"wordCount\":627,\"publisher\":{\"@id\":\"https:\\\/\\\/schoenstatt.com\\\/pt-pt\\\/#organization\"},\"image\":{\"@id\":\"https:\\\/\\\/schoenstatt.com\\\/pt-pt\\\/comissao-teologica-avalia-de-forma-positiva-o-processo-de-joao-pozzobon\\\/#primaryimage\"},\"thumbnailUrl\":\"https:\\\/\\\/schoenstatt.com\\\/wp-content\\\/uploads\\\/2024\\\/11\\\/joao-pozzobon-roma-1.jpg\",\"keywords\":[\"Campanha da M\u00e3e Peregrina\",\"Jo\u00e3o Luiz Pozzobon\",\"Processo de Beatifica\u00e7\u00e3o\",\"Schoenstatt Brasil\"],\"articleSection\":[\"Her\u00f3is de Schoenstatt\",\"M\u00e3e Peregrina\"],\"inLanguage\":\"pt-PT\"},{\"@type\":\"WebPage\",\"@id\":\"https:\\\/\\\/schoenstatt.com\\\/pt-pt\\\/comissao-teologica-avalia-de-forma-positiva-o-processo-de-joao-pozzobon\\\/\",\"url\":\"https:\\\/\\\/schoenstatt.com\\\/pt-pt\\\/comissao-teologica-avalia-de-forma-positiva-o-processo-de-joao-pozzobon\\\/\",\"name\":\"Comiss\u00e3o Teol\u00f3gica avalia de forma positiva o Processo de Jo\u00e3o Pozzobon\",\"isPartOf\":{\"@id\":\"https:\\\/\\\/schoenstatt.com\\\/pt-pt\\\/#website\"},\"primaryImageOfPage\":{\"@id\":\"https:\\\/\\\/schoenstatt.com\\\/pt-pt\\\/comissao-teologica-avalia-de-forma-positiva-o-processo-de-joao-pozzobon\\\/#primaryimage\"},\"image\":{\"@id\":\"https:\\\/\\\/schoenstatt.com\\\/pt-pt\\\/comissao-teologica-avalia-de-forma-positiva-o-processo-de-joao-pozzobon\\\/#primaryimage\"},\"thumbnailUrl\":\"https:\\\/\\\/schoenstatt.com\\\/wp-content\\\/uploads\\\/2024\\\/11\\\/joao-pozzobon-roma-1.jpg\",\"datePublished\":\"2025-03-06T20:45:12+00:00\",\"dateModified\":\"2025-08-21T14:48:58+00:00\",\"description\":\"O processo de beatifica\u00e7\u00e3o de Jo\u00e3o Pozzobon avan\u00e7a mais um passo. Ainda s\u00e3o necess\u00e1rias duas etapas para o t\u00edtulo de Vener\u00e1vel.\",\"breadcrumb\":{\"@id\":\"https:\\\/\\\/schoenstatt.com\\\/pt-pt\\\/comissao-teologica-avalia-de-forma-positiva-o-processo-de-joao-pozzobon\\\/#breadcrumb\"},\"inLanguage\":\"pt-PT\",\"potentialAction\":[{\"@type\":\"ReadAction\",\"target\":[\"https:\\\/\\\/schoenstatt.com\\\/pt-pt\\\/comissao-teologica-avalia-de-forma-positiva-o-processo-de-joao-pozzobon\\\/\"]}]},{\"@type\":\"ImageObject\",\"inLanguage\":\"pt-PT\",\"@id\":\"https:\\\/\\\/schoenstatt.com\\\/pt-pt\\\/comissao-teologica-avalia-de-forma-positiva-o-processo-de-joao-pozzobon\\\/#primaryimage\",\"url\":\"https:\\\/\\\/schoenstatt.com\\\/wp-content\\\/uploads\\\/2024\\\/11\\\/joao-pozzobon-roma-1.jpg\",\"contentUrl\":\"https:\\\/\\\/schoenstatt.com\\\/wp-content\\\/uploads\\\/2024\\\/11\\\/joao-pozzobon-roma-1.jpg\",\"width\":2048,\"height\":1511},{\"@type\":\"BreadcrumbList\",\"@id\":\"https:\\\/\\\/schoenstatt.com\\\/pt-pt\\\/comissao-teologica-avalia-de-forma-positiva-o-processo-de-joao-pozzobon\\\/#breadcrumb\",\"itemListElement\":[{\"@type\":\"ListItem\",\"position\":1,\"name\":\"Portada\",\"item\":\"https:\\\/\\\/schoenstatt.com\\\/pt-pt\\\/home\\\/\"},{\"@type\":\"ListItem\",\"position\":2,\"name\":\"Comiss\u00e3o Teol\u00f3gica avalia de forma positiva o Processo de Jo\u00e3o Pozzobon\"}]},{\"@type\":\"WebSite\",\"@id\":\"https:\\\/\\\/schoenstatt.com\\\/pt-pt\\\/#website\",\"url\":\"https:\\\/\\\/schoenstatt.com\\\/pt-pt\\\/\",\"name\":\"Schoenstatt\",\"description\":\"Apostolic Movement\",\"publisher\":{\"@id\":\"https:\\\/\\\/schoenstatt.com\\\/pt-pt\\\/#organization\"},\"potentialAction\":[{\"@type\":\"SearchAction\",\"target\":{\"@type\":\"EntryPoint\",\"urlTemplate\":\"https:\\\/\\\/schoenstatt.com\\\/pt-pt\\\/?s={search_term_string}\"},\"query-input\":{\"@type\":\"PropertyValueSpecification\",\"valueRequired\":true,\"valueName\":\"search_term_string\"}}],\"inLanguage\":\"pt-PT\"},{\"@type\":\"Organization\",\"@id\":\"https:\\\/\\\/schoenstatt.com\\\/pt-pt\\\/#organization\",\"name\":\"Schoenstatt\",\"url\":\"https:\\\/\\\/schoenstatt.com\\\/pt-pt\\\/\",\"logo\":{\"@type\":\"ImageObject\",\"inLanguage\":\"pt-PT\",\"@id\":\"https:\\\/\\\/schoenstatt.com\\\/pt-pt\\\/#\\\/schema\\\/logo\\\/image\\\/\",\"url\":\"https:\\\/\\\/schoenstatt.com\\\/wp-content\\\/uploads\\\/2025\\\/04\\\/logo-schoenstatt-white-696x696-1.png\",\"contentUrl\":\"https:\\\/\\\/schoenstatt.com\\\/wp-content\\\/uploads\\\/2025\\\/04\\\/logo-schoenstatt-white-696x696-1.png\",\"width\":696,\"height\":694,\"caption\":\"Schoenstatt\"},\"image\":{\"@id\":\"https:\\\/\\\/schoenstatt.com\\\/pt-pt\\\/#\\\/schema\\\/logo\\\/image\\\/\"}},{\"@type\":\"Person\",\"@id\":\"https:\\\/\\\/schoenstatt.com\\\/pt-pt\\\/#\\\/schema\\\/person\\\/5158877ad4acae98b34daaeef2a1ce6e\",\"name\":\"Karen Bueno\",\"image\":{\"@type\":\"ImageObject\",\"inLanguage\":\"pt-PT\",\"@id\":\"https:\\\/\\\/secure.gravatar.com\\\/avatar\\\/f9f4b823873154269d2b2130f195f6d41037dd0d7fc5f3cacb5c846bae70d66b?s=96&d=mm&r=g\",\"url\":\"https:\\\/\\\/secure.gravatar.com\\\/avatar\\\/f9f4b823873154269d2b2130f195f6d41037dd0d7fc5f3cacb5c846bae70d66b?s=96&d=mm&r=g\",\"contentUrl\":\"https:\\\/\\\/secure.gravatar.com\\\/avatar\\\/f9f4b823873154269d2b2130f195f6d41037dd0d7fc5f3cacb5c846bae70d66b?s=96&d=mm&r=g\",\"caption\":\"Karen Bueno\"},\"url\":\"https:\\\/\\\/schoenstatt.com\\\/pt-pt\\\/author\\\/karen-bueno\\\/\"}]}<\/script>\n<!-- \/ Yoast SEO Premium plugin. -->","yoast_head_json":{"title":"Comiss\u00e3o Teol\u00f3gica avalia de forma positiva o Processo de Jo\u00e3o Pozzobon","description":"O processo de beatifica\u00e7\u00e3o de Jo\u00e3o Pozzobon avan\u00e7a mais um passo. Ainda s\u00e3o necess\u00e1rias duas etapas para o t\u00edtulo de Vener\u00e1vel.","robots":{"index":"index","follow":"follow","max-snippet":"max-snippet:-1","max-image-preview":"max-image-preview:large","max-video-preview":"max-video-preview:-1"},"canonical":"https:\/\/schoenstatt.com\/pt-pt\/comissao-teologica-avalia-de-forma-positiva-o-processo-de-joao-pozzobon\/","og_locale":"pt_PT","og_type":"article","og_title":"Comiss\u00e3o Teol\u00f3gica avalia de forma positiva o Processo de Jo\u00e3o Pozzobon","og_description":"O processo de beatifica\u00e7\u00e3o de Jo\u00e3o Pozzobon avan\u00e7a mais um passo. Ainda s\u00e3o necess\u00e1rias duas etapas para o t\u00edtulo de Vener\u00e1vel.","og_url":"https:\/\/schoenstatt.com\/pt-pt\/comissao-teologica-avalia-de-forma-positiva-o-processo-de-joao-pozzobon\/","og_site_name":"Schoenstatt","article_published_time":"2025-03-06T20:45:12+00:00","article_modified_time":"2025-08-21T14:48:58+00:00","og_image":[{"width":2048,"height":1511,"url":"https:\/\/schoenstatt.com\/wp-content\/uploads\/2024\/11\/joao-pozzobon-roma-1.jpg","type":"image\/jpeg"}],"author":"Karen Bueno","twitter_card":"summary_large_image","twitter_misc":{"Escrito por":"Karen Bueno","Tempo estimado de leitura":"3 minutos"},"schema":{"@context":"https:\/\/schema.org","@graph":[{"@type":"Article","@id":"https:\/\/schoenstatt.com\/pt-pt\/comissao-teologica-avalia-de-forma-positiva-o-processo-de-joao-pozzobon\/#article","isPartOf":{"@id":"https:\/\/schoenstatt.com\/pt-pt\/comissao-teologica-avalia-de-forma-positiva-o-processo-de-joao-pozzobon\/"},"author":{"name":"Karen Bueno","@id":"https:\/\/schoenstatt.com\/pt-pt\/#\/schema\/person\/5158877ad4acae98b34daaeef2a1ce6e"},"headline":"Comiss\u00e3o Teol\u00f3gica avalia de forma positiva o Processo de Jo\u00e3o Pozzobon","datePublished":"2025-03-06T20:45:12+00:00","dateModified":"2025-08-21T14:48:58+00:00","mainEntityOfPage":{"@id":"https:\/\/schoenstatt.com\/pt-pt\/comissao-teologica-avalia-de-forma-positiva-o-processo-de-joao-pozzobon\/"},"wordCount":627,"publisher":{"@id":"https:\/\/schoenstatt.com\/pt-pt\/#organization"},"image":{"@id":"https:\/\/schoenstatt.com\/pt-pt\/comissao-teologica-avalia-de-forma-positiva-o-processo-de-joao-pozzobon\/#primaryimage"},"thumbnailUrl":"https:\/\/schoenstatt.com\/wp-content\/uploads\/2024\/11\/joao-pozzobon-roma-1.jpg","keywords":["Campanha da M\u00e3e Peregrina","Jo\u00e3o Luiz Pozzobon","Processo de Beatifica\u00e7\u00e3o","Schoenstatt Brasil"],"articleSection":["Her\u00f3is de Schoenstatt","M\u00e3e Peregrina"],"inLanguage":"pt-PT"},{"@type":"WebPage","@id":"https:\/\/schoenstatt.com\/pt-pt\/comissao-teologica-avalia-de-forma-positiva-o-processo-de-joao-pozzobon\/","url":"https:\/\/schoenstatt.com\/pt-pt\/comissao-teologica-avalia-de-forma-positiva-o-processo-de-joao-pozzobon\/","name":"Comiss\u00e3o Teol\u00f3gica avalia de forma positiva o Processo de Jo\u00e3o Pozzobon","isPartOf":{"@id":"https:\/\/schoenstatt.com\/pt-pt\/#website"},"primaryImageOfPage":{"@id":"https:\/\/schoenstatt.com\/pt-pt\/comissao-teologica-avalia-de-forma-positiva-o-processo-de-joao-pozzobon\/#primaryimage"},"image":{"@id":"https:\/\/schoenstatt.com\/pt-pt\/comissao-teologica-avalia-de-forma-positiva-o-processo-de-joao-pozzobon\/#primaryimage"},"thumbnailUrl":"https:\/\/schoenstatt.com\/wp-content\/uploads\/2024\/11\/joao-pozzobon-roma-1.jpg","datePublished":"2025-03-06T20:45:12+00:00","dateModified":"2025-08-21T14:48:58+00:00","description":"O processo de beatifica\u00e7\u00e3o de Jo\u00e3o Pozzobon avan\u00e7a mais um passo. Ainda s\u00e3o necess\u00e1rias duas etapas para o t\u00edtulo de Vener\u00e1vel.","breadcrumb":{"@id":"https:\/\/schoenstatt.com\/pt-pt\/comissao-teologica-avalia-de-forma-positiva-o-processo-de-joao-pozzobon\/#breadcrumb"},"inLanguage":"pt-PT","potentialAction":[{"@type":"ReadAction","target":["https:\/\/schoenstatt.com\/pt-pt\/comissao-teologica-avalia-de-forma-positiva-o-processo-de-joao-pozzobon\/"]}]},{"@type":"ImageObject","inLanguage":"pt-PT","@id":"https:\/\/schoenstatt.com\/pt-pt\/comissao-teologica-avalia-de-forma-positiva-o-processo-de-joao-pozzobon\/#primaryimage","url":"https:\/\/schoenstatt.com\/wp-content\/uploads\/2024\/11\/joao-pozzobon-roma-1.jpg","contentUrl":"https:\/\/schoenstatt.com\/wp-content\/uploads\/2024\/11\/joao-pozzobon-roma-1.jpg","width":2048,"height":1511},{"@type":"BreadcrumbList","@id":"https:\/\/schoenstatt.com\/pt-pt\/comissao-teologica-avalia-de-forma-positiva-o-processo-de-joao-pozzobon\/#breadcrumb","itemListElement":[{"@type":"ListItem","position":1,"name":"Portada","item":"https:\/\/schoenstatt.com\/pt-pt\/home\/"},{"@type":"ListItem","position":2,"name":"Comiss\u00e3o Teol\u00f3gica avalia de forma positiva o Processo de Jo\u00e3o Pozzobon"}]},{"@type":"WebSite","@id":"https:\/\/schoenstatt.com\/pt-pt\/#website","url":"https:\/\/schoenstatt.com\/pt-pt\/","name":"Schoenstatt","description":"Apostolic Movement","publisher":{"@id":"https:\/\/schoenstatt.com\/pt-pt\/#organization"},"potentialAction":[{"@type":"SearchAction","target":{"@type":"EntryPoint","urlTemplate":"https:\/\/schoenstatt.com\/pt-pt\/?s={search_term_string}"},"query-input":{"@type":"PropertyValueSpecification","valueRequired":true,"valueName":"search_term_string"}}],"inLanguage":"pt-PT"},{"@type":"Organization","@id":"https:\/\/schoenstatt.com\/pt-pt\/#organization","name":"Schoenstatt","url":"https:\/\/schoenstatt.com\/pt-pt\/","logo":{"@type":"ImageObject","inLanguage":"pt-PT","@id":"https:\/\/schoenstatt.com\/pt-pt\/#\/schema\/logo\/image\/","url":"https:\/\/schoenstatt.com\/wp-content\/uploads\/2025\/04\/logo-schoenstatt-white-696x696-1.png","contentUrl":"https:\/\/schoenstatt.com\/wp-content\/uploads\/2025\/04\/logo-schoenstatt-white-696x696-1.png","width":696,"height":694,"caption":"Schoenstatt"},"image":{"@id":"https:\/\/schoenstatt.com\/pt-pt\/#\/schema\/logo\/image\/"}},{"@type":"Person","@id":"https:\/\/schoenstatt.com\/pt-pt\/#\/schema\/person\/5158877ad4acae98b34daaeef2a1ce6e","name":"Karen Bueno","image":{"@type":"ImageObject","inLanguage":"pt-PT","@id":"https:\/\/secure.gravatar.com\/avatar\/f9f4b823873154269d2b2130f195f6d41037dd0d7fc5f3cacb5c846bae70d66b?s=96&d=mm&r=g","url":"https:\/\/secure.gravatar.com\/avatar\/f9f4b823873154269d2b2130f195f6d41037dd0d7fc5f3cacb5c846bae70d66b?s=96&d=mm&r=g","contentUrl":"https:\/\/secure.gravatar.com\/avatar\/f9f4b823873154269d2b2130f195f6d41037dd0d7fc5f3cacb5c846bae70d66b?s=96&d=mm&r=g","caption":"Karen Bueno"},"url":"https:\/\/schoenstatt.com\/pt-pt\/author\/karen-bueno\/"}]}},"_links":{"self":[{"href":"https:\/\/schoenstatt.com\/pt-pt\/wp-json\/wp\/v2\/posts\/43723","targetHints":{"allow":["GET"]}}],"collection":[{"href":"https:\/\/schoenstatt.com\/pt-pt\/wp-json\/wp\/v2\/posts"}],"about":[{"href":"https:\/\/schoenstatt.com\/pt-pt\/wp-json\/wp\/v2\/types\/post"}],"author":[{"embeddable":true,"href":"https:\/\/schoenstatt.com\/pt-pt\/wp-json\/wp\/v2\/users\/3"}],"replies":[{"embeddable":true,"href":"https:\/\/schoenstatt.com\/pt-pt\/wp-json\/wp\/v2\/comments?post=43723"}],"version-history":[{"count":8,"href":"https:\/\/schoenstatt.com\/pt-pt\/wp-json\/wp\/v2\/posts\/43723\/revisions"}],"predecessor-version":[{"id":63083,"href":"https:\/\/schoenstatt.com\/pt-pt\/wp-json\/wp\/v2\/posts\/43723\/revisions\/63083"}],"wp:featuredmedia":[{"embeddable":true,"href":"https:\/\/schoenstatt.com\/pt-pt\/wp-json\/wp\/v2\/media\/42181"}],"wp:attachment":[{"href":"https:\/\/schoenstatt.com\/pt-pt\/wp-json\/wp\/v2\/media?parent=43723"}],"wp:term":[{"taxonomy":"category","embeddable":true,"href":"https:\/\/schoenstatt.com\/pt-pt\/wp-json\/wp\/v2\/categories?post=43723"},{"taxonomy":"post_tag","embeddable":true,"href":"https:\/\/schoenstatt.com\/pt-pt\/wp-json\/wp\/v2\/tags?post=43723"}],"curies":[{"name":"wp","href":"https:\/\/api.w.org\/{rel}","templated":true}]}}