{"id":43719,"date":"2025-03-06T03:03:00","date_gmt":"2025-03-06T02:03:00","guid":{"rendered":"https:\/\/schoenstatt.com\/?p=43719"},"modified":"2025-08-15T19:33:56","modified_gmt":"2025-08-15T17:33:56","slug":"jantar-a-luz-de-velas-uma-noite-para-casais-em-madurai-india","status":"publish","type":"post","link":"https:\/\/schoenstatt.com\/pt-pt\/jantar-a-luz-de-velas-uma-noite-para-casais-em-madurai-india\/","title":{"rendered":"Jantar \u00e0 luz de velas &#8211; Uma noite para casais em Madurai, \u00cdndia"},"content":{"rendered":"\n<p>Os <a href=\"https:\/\/schoenstatt.com\/pt-pt\/em-comunidade\/sacerdotes\/padres-de-schoenstatt\/\"><mark style=\"background-color:rgba(0, 0, 0, 0);color:#ec8203\" class=\"has-inline-color\">Padres de Schoenstatt<\/mark><\/a> da Prov\u00edncia MTA, na \u00cdndia, organizaram um jantar \u00e0 luz de velas para casais no Madha Maiyam, em <a href=\"https:\/\/pt.wikipedia.org\/wiki\/Madurai\" target=\"_blank\" rel=\"noreferrer noopener\"><mark style=\"background-color:rgba(0, 0, 0, 0);color:#ec8203\" class=\"has-inline-color\">Madurai<\/mark><\/a>, no s\u00e1bado, 1\u00ba de mar\u00e7o de 2025. Madurai, uma antiga cidade-templo* no sul da \u00cdndia, tem um significado hist\u00f3rico, pois, em 2000, ali foi estabelecido o primeiro Santu\u00e1rio de Schoenstatt vinculado ao Instituto Secular dos Padres de Schoenstatt nesse pa\u00eds. Para comemorar o Jubileu de Prata deste Santu\u00e1rio, os Padres de Schoenstatt t\u00eam organizado v\u00e1rios eventos \u2013 e um dos mais emocionantes foi o jantar \u00e0 luz de velas para casais.<\/p>\n\n\n\n<p>17 casais participaram desse encontro, desde os mais idosos at\u00e9 os mais jovens. O evento foi realizado no p\u00e1tio lindamente iluminado do Kentenich Kalloori. A noite come\u00e7ou \u00e0s 18h30 com uma recep\u00e7\u00e3o tradicional indiana, onde os participantes foram saudados com a aplica\u00e7\u00e3o de \u201cSanthanam\u201d e \u201ckumkum\u201d em suas testas. As mulheres indianas t\u00eam a tradi\u00e7\u00e3o de usar flores em seus cabelos e, assim, os homens foram convidados a colocar flores na cabe\u00e7a de suas esposas \u2013 um gesto que era novo para muitos e que eles apreciaram bastante.<\/p>\n\n\n\n<figure class=\"wp-block-gallery has-nested-images columns-default is-cropped wp-block-gallery-1 is-layout-flex wp-block-gallery-is-layout-flex\">\n<figure class=\"wp-block-image size-large\"><img decoding=\"async\" data-id=\"43686\" src=\"https:\/\/schoenstatt.com\/wp-content\/uploads\/2025\/03\/schoenstatt-shrine-madurai-india-1-1024x682.jpeg\" alt=\"\" class=\"wp-image-43686\"\/><\/figure>\n\n\n\n<figure class=\"wp-block-image size-large\"><img decoding=\"async\" data-id=\"43691\" src=\"https:\/\/schoenstatt.com\/wp-content\/uploads\/2025\/03\/schoenstatt-shrine-madurai-india-5-1024x682.jpg\" alt=\"\" class=\"wp-image-43691\"\/><\/figure>\n<\/figure>\n\n\n\n<p>Ap\u00f3s as calorosas boas-vindas, o programa teve in\u00edcio com uma ora\u00e7\u00e3o e a leitura de uma passagem b\u00edblica. O tema da noite, \u201cPreenchendo a lacuna\u201d, foi apresentado, dando o tom do evento. A noite foi dividida em tr\u00eas momentos\u2026<\/p>\n\n\n\n<h3 class=\"wp-block-heading\" id=\"h-primeiro-momento\"><strong><strong>Primeiro momento<\/strong><\/strong><\/h3>\n\n\n\n<p>A primeira parte come\u00e7ou com uma pergunta instigante: &#8220;O que seu parceiro faz para transformar sua casa em um lar?&#8221; Cada casal recebeu a foto de uma casa e foi solicitado a refletir e escrever os aspectos positivos de seu parceiro que transformam sua casa em um lar. Esse exerc\u00edcio criou uma atmosfera positiva desde o in\u00edcio. As cinco dimens\u00f5es da intimidade \u2013 f\u00edsica, emocional, social, espiritual e intelectual \u2013 foram elaboradas durante essa etapa. Uma tigela de sopa quente foi servida aos participantes, permitindo a reflex\u00e3o e a conex\u00e3o.<\/p>\n\n\n\n<figure class=\"wp-block-image size-large\"><img decoding=\"async\" src=\"https:\/\/schoenstatt.com\/wp-content\/uploads\/2025\/03\/schoenstatt-shrine-madurai-india-2-1024x682.jpeg\" alt=\"\" class=\"wp-image-43696\"\/><\/figure>\n\n\n\n<h3 class=\"wp-block-heading\" id=\"h-segundo-momento\"><strong><strong>Segundo momento<\/strong><\/strong><\/h3>\n\n\n\n<p>Os casais foram convidados a avaliar seu relacionamento na segunda parte, pontuando as cinco dimens\u00f5es da intimidade. Eles discutiram com seus parceiros o que estava funcionando bem em seu relacionamento e as \u00e1reas que poderiam crescer e melhorar. O Pe. Celestine Irudayaraj orientou a discuss\u00e3o, explicando por que as lacunas de intimidade podem ocorrer nos relacionamentos. Enquanto os casais refletiam sobre suas pontua\u00e7\u00f5es, foram servidos aperitivos, oferecendo uma oportunidade para criar mais v\u00ednculos e conversas.<\/p>\n\n\n\n<h3 class=\"wp-block-heading\" id=\"h-terceiro-momento\"><strong><strong>Terceiro momento<\/strong><\/strong><\/h3>\n\n\n\n<p>\u00c0 medida que a noite prosseguia, foi servido o prato principal da refei\u00e7\u00e3o. Ap\u00f3s o jantar, os casais participaram de um exerc\u00edcio criado para ajudar a preencher as lacunas na intimidade. Cada casal recebeu bast\u00f5es para simbolizar a cria\u00e7\u00e3o de uma \u201cponte\u201d at\u00e9 o seu parceiro. Eles foram solicitados a refletir sobre medidas pr\u00e1ticas para fortalecer seu relacionamento. Os casais escreveram seus pensamentos nos palitos, que serviram como lembretes tang\u00edveis de seu compromisso um com o outro.<\/p>\n\n\n\n<figure class=\"wp-block-image size-large\"><img decoding=\"async\" src=\"https:\/\/schoenstatt.com\/wp-content\/uploads\/2025\/03\/schoenstatt-shrine-madurai-india-8-1024x682.jpg\" alt=\"\" class=\"wp-image-43701\"\/><\/figure>\n\n\n\n<h3 class=\"wp-block-heading\" id=\"h-amor-renovado\"><strong><strong>Amor renovado<\/strong><\/strong><\/h3>\n\n\n\n<p>A noite foi encerrada com uma ora\u00e7\u00e3o, na qual os casais se deram as m\u00e3os e rezaram um pelo outro. A Ora\u00e7\u00e3o da Alian\u00e7a foi recitada em conjunto. O feedback dos participantes demonstrou imenso apre\u00e7o pelo evento, com muitos expressando o desejo de mais programas como esse para ajudar os casais a se entenderem melhor. Essa foi a primeira vez que um evento desse tipo foi organizado em Madurai e proporcionou uma oportunidade inestim\u00e1vel para os casais passarem um tempo pessoal e de qualidade juntos \u2013 algo que geralmente \u00e9 raro em nossa cultura e nos ritmos agitados da vida.<\/p>\n\n\n\n<div class=\"wp-block-buttons is-content-justification-center is-layout-flex wp-container-core-buttons-is-layout-a89b3969 wp-block-buttons-is-layout-flex\">\n<div class=\"wp-block-button\"><a class=\"wp-block-button__link has-white-color has-text-color has-background has-link-color has-text-align-center wp-element-button\" href=\"https:\/\/flic.kr\/s\/aHBqjC4w2F\" style=\"border-radius:13px;background-color:#e58a1c\" target=\"_blank\" rel=\"noreferrer noopener\"><strong>Mais fotos<\/strong><\/a><\/div>\n<\/div>\n\n\n\n<div style=\"height:25px\" aria-hidden=\"true\" class=\"wp-block-spacer\"><\/div>\n\n\n<p><a data-flickr-embed=\"true\" href=\"https:\/\/www.flickr.com\/photos\/schoenstattinternational\/albums\/72177720324230417\" title=\"Candlelight dinner for couples in Madurai, India\"><img fetchpriority=\"high\" decoding=\"async\" src=\"https:\/\/live.staticflickr.com\/65535\/54367550204_dcdc2753cb_c.jpg\" width=\"800\" height=\"600\" alt=\"Candlelight dinner for couples in Madurai, India\"\/><\/a><script async src=\"\/\/embedr.flickr.com\/assets\/client-code.js\" charset=\"utf-8\"><\/script><\/p>\n\n\n\n<p>*Cidade-templo: Cidade caracterizada por um grande n\u00famero de templos hindus<\/p>\n\n\n\n<p><strong>Tradu\u00e7\u00e3o: <\/strong>Karen Bueno<\/p>\n","protected":false},"excerpt":{"rendered":"<p>Com muitas luzes e um jantar rom\u00e2ntico, os casais participaram de um encontro especial no Santu\u00e1rio de Schoenstatt em Madurai, \u00cdndia.<\/p>\n","protected":false},"author":3,"featured_media":43712,"comment_status":"closed","ping_status":"closed","sticky":false,"template":"","format":"standard","meta":{"footnotes":""},"categories":[876],"tags":[946,801,1160,1179],"class_list":["post-43719","post","type-post","status-publish","format-standard","has-post-thumbnail","hentry","category-familia-pt-pt","tag-asia-pt-pt","tag-familia-pt-pt","tag-padres-de-schoenstatt-pt-pt","tag-schoenstatt-india-pt-pt"],"yoast_head":"<!-- This site is optimized with the Yoast SEO Premium plugin v27.4 (Yoast SEO v27.5) - https:\/\/yoast.com\/product\/yoast-seo-premium-wordpress\/ -->\n<title>Jantar \u00e0 luz de velas - Uma noite para casais em Madurai, \u00cdndia - Schoenstatt<\/title>\n<meta name=\"description\" content=\"Com muitas luzes e um jantar rom\u00e2ntico, os casais participaram de um encontro especial no Santu\u00e1rio de Schoenstatt em Madurai, \u00cdndia.\" \/>\n<meta name=\"robots\" content=\"index, follow, max-snippet:-1, max-image-preview:large, max-video-preview:-1\" \/>\n<link rel=\"canonical\" href=\"https:\/\/schoenstatt.com\/pt-pt\/jantar-a-luz-de-velas-uma-noite-para-casais-em-madurai-india\/\" \/>\n<meta property=\"og:locale\" content=\"pt_PT\" \/>\n<meta property=\"og:type\" content=\"article\" \/>\n<meta property=\"og:title\" content=\"Jantar \u00e0 luz de velas - Uma noite para casais em Madurai, \u00cdndia\" \/>\n<meta property=\"og:description\" content=\"Com muitas luzes e um jantar rom\u00e2ntico, os casais participaram de um encontro especial no Santu\u00e1rio de Schoenstatt em Madurai, \u00cdndia.\" \/>\n<meta property=\"og:url\" content=\"https:\/\/schoenstatt.com\/pt-pt\/jantar-a-luz-de-velas-uma-noite-para-casais-em-madurai-india\/\" \/>\n<meta property=\"og:site_name\" content=\"Schoenstatt\" \/>\n<meta property=\"article:published_time\" content=\"2025-03-06T02:03:00+00:00\" \/>\n<meta property=\"article:modified_time\" content=\"2025-08-15T17:33:56+00:00\" \/>\n<meta property=\"og:image\" content=\"https:\/\/schoenstatt.com\/wp-content\/uploads\/2025\/03\/schoenstatt-shrine-madurai-india-couples-1.webp\" \/>\n\t<meta property=\"og:image:width\" content=\"1280\" \/>\n\t<meta property=\"og:image:height\" content=\"670\" \/>\n\t<meta property=\"og:image:type\" content=\"image\/webp\" \/>\n<meta name=\"author\" content=\"Karen Bueno\" \/>\n<meta name=\"twitter:card\" content=\"summary_large_image\" \/>\n<meta name=\"twitter:label1\" content=\"Escrito por\" \/>\n\t<meta name=\"twitter:data1\" content=\"Karen Bueno\" \/>\n\t<meta name=\"twitter:label2\" content=\"Tempo estimado de leitura\" \/>\n\t<meta name=\"twitter:data2\" content=\"4 minutos\" \/>\n<script type=\"application\/ld+json\" class=\"yoast-schema-graph\">{\"@context\":\"https:\\\/\\\/schema.org\",\"@graph\":[{\"@type\":\"Article\",\"@id\":\"https:\\\/\\\/schoenstatt.com\\\/pt-pt\\\/jantar-a-luz-de-velas-uma-noite-para-casais-em-madurai-india\\\/#article\",\"isPartOf\":{\"@id\":\"https:\\\/\\\/schoenstatt.com\\\/pt-pt\\\/jantar-a-luz-de-velas-uma-noite-para-casais-em-madurai-india\\\/\"},\"author\":{\"name\":\"Karen Bueno\",\"@id\":\"https:\\\/\\\/schoenstatt.com\\\/pt-pt\\\/#\\\/schema\\\/person\\\/5158877ad4acae98b34daaeef2a1ce6e\"},\"headline\":\"Jantar \u00e0 luz de velas &#8211; Uma noite para casais em Madurai, \u00cdndia\",\"datePublished\":\"2025-03-06T02:03:00+00:00\",\"dateModified\":\"2025-08-15T17:33:56+00:00\",\"mainEntityOfPage\":{\"@id\":\"https:\\\/\\\/schoenstatt.com\\\/pt-pt\\\/jantar-a-luz-de-velas-uma-noite-para-casais-em-madurai-india\\\/\"},\"wordCount\":632,\"publisher\":{\"@id\":\"https:\\\/\\\/schoenstatt.com\\\/pt-pt\\\/#organization\"},\"image\":{\"@id\":\"https:\\\/\\\/schoenstatt.com\\\/pt-pt\\\/jantar-a-luz-de-velas-uma-noite-para-casais-em-madurai-india\\\/#primaryimage\"},\"thumbnailUrl\":\"https:\\\/\\\/schoenstatt.com\\\/wp-content\\\/uploads\\\/2025\\\/03\\\/schoenstatt-shrine-madurai-india-couples-1.webp\",\"keywords\":[\"\u00c1sia\",\"Fam\u00edlia\",\"Padres de Schoenstatt\",\"Schoenstatt \u00cdndia\"],\"articleSection\":[\"Fam\u00edlia\"],\"inLanguage\":\"pt-PT\"},{\"@type\":\"WebPage\",\"@id\":\"https:\\\/\\\/schoenstatt.com\\\/pt-pt\\\/jantar-a-luz-de-velas-uma-noite-para-casais-em-madurai-india\\\/\",\"url\":\"https:\\\/\\\/schoenstatt.com\\\/pt-pt\\\/jantar-a-luz-de-velas-uma-noite-para-casais-em-madurai-india\\\/\",\"name\":\"Jantar \u00e0 luz de velas - Uma noite para casais em Madurai, \u00cdndia - Schoenstatt\",\"isPartOf\":{\"@id\":\"https:\\\/\\\/schoenstatt.com\\\/pt-pt\\\/#website\"},\"primaryImageOfPage\":{\"@id\":\"https:\\\/\\\/schoenstatt.com\\\/pt-pt\\\/jantar-a-luz-de-velas-uma-noite-para-casais-em-madurai-india\\\/#primaryimage\"},\"image\":{\"@id\":\"https:\\\/\\\/schoenstatt.com\\\/pt-pt\\\/jantar-a-luz-de-velas-uma-noite-para-casais-em-madurai-india\\\/#primaryimage\"},\"thumbnailUrl\":\"https:\\\/\\\/schoenstatt.com\\\/wp-content\\\/uploads\\\/2025\\\/03\\\/schoenstatt-shrine-madurai-india-couples-1.webp\",\"datePublished\":\"2025-03-06T02:03:00+00:00\",\"dateModified\":\"2025-08-15T17:33:56+00:00\",\"description\":\"Com muitas luzes e um jantar rom\u00e2ntico, os casais participaram de um encontro especial no Santu\u00e1rio de Schoenstatt em Madurai, \u00cdndia.\",\"breadcrumb\":{\"@id\":\"https:\\\/\\\/schoenstatt.com\\\/pt-pt\\\/jantar-a-luz-de-velas-uma-noite-para-casais-em-madurai-india\\\/#breadcrumb\"},\"inLanguage\":\"pt-PT\",\"potentialAction\":[{\"@type\":\"ReadAction\",\"target\":[\"https:\\\/\\\/schoenstatt.com\\\/pt-pt\\\/jantar-a-luz-de-velas-uma-noite-para-casais-em-madurai-india\\\/\"]}]},{\"@type\":\"ImageObject\",\"inLanguage\":\"pt-PT\",\"@id\":\"https:\\\/\\\/schoenstatt.com\\\/pt-pt\\\/jantar-a-luz-de-velas-uma-noite-para-casais-em-madurai-india\\\/#primaryimage\",\"url\":\"https:\\\/\\\/schoenstatt.com\\\/wp-content\\\/uploads\\\/2025\\\/03\\\/schoenstatt-shrine-madurai-india-couples-1.webp\",\"contentUrl\":\"https:\\\/\\\/schoenstatt.com\\\/wp-content\\\/uploads\\\/2025\\\/03\\\/schoenstatt-shrine-madurai-india-couples-1.webp\",\"width\":1280,\"height\":670},{\"@type\":\"BreadcrumbList\",\"@id\":\"https:\\\/\\\/schoenstatt.com\\\/pt-pt\\\/jantar-a-luz-de-velas-uma-noite-para-casais-em-madurai-india\\\/#breadcrumb\",\"itemListElement\":[{\"@type\":\"ListItem\",\"position\":1,\"name\":\"Portada\",\"item\":\"https:\\\/\\\/schoenstatt.com\\\/pt-pt\\\/home\\\/\"},{\"@type\":\"ListItem\",\"position\":2,\"name\":\"Jantar \u00e0 luz de velas &#8211; Uma noite para casais em Madurai, \u00cdndia\"}]},{\"@type\":\"WebSite\",\"@id\":\"https:\\\/\\\/schoenstatt.com\\\/pt-pt\\\/#website\",\"url\":\"https:\\\/\\\/schoenstatt.com\\\/pt-pt\\\/\",\"name\":\"Schoenstatt\",\"description\":\"Apostolic Movement\",\"publisher\":{\"@id\":\"https:\\\/\\\/schoenstatt.com\\\/pt-pt\\\/#organization\"},\"potentialAction\":[{\"@type\":\"SearchAction\",\"target\":{\"@type\":\"EntryPoint\",\"urlTemplate\":\"https:\\\/\\\/schoenstatt.com\\\/pt-pt\\\/?s={search_term_string}\"},\"query-input\":{\"@type\":\"PropertyValueSpecification\",\"valueRequired\":true,\"valueName\":\"search_term_string\"}}],\"inLanguage\":\"pt-PT\"},{\"@type\":\"Organization\",\"@id\":\"https:\\\/\\\/schoenstatt.com\\\/pt-pt\\\/#organization\",\"name\":\"Schoenstatt\",\"url\":\"https:\\\/\\\/schoenstatt.com\\\/pt-pt\\\/\",\"logo\":{\"@type\":\"ImageObject\",\"inLanguage\":\"pt-PT\",\"@id\":\"https:\\\/\\\/schoenstatt.com\\\/pt-pt\\\/#\\\/schema\\\/logo\\\/image\\\/\",\"url\":\"https:\\\/\\\/schoenstatt.com\\\/wp-content\\\/uploads\\\/2025\\\/04\\\/logo-schoenstatt-white-696x696-1.png\",\"contentUrl\":\"https:\\\/\\\/schoenstatt.com\\\/wp-content\\\/uploads\\\/2025\\\/04\\\/logo-schoenstatt-white-696x696-1.png\",\"width\":696,\"height\":694,\"caption\":\"Schoenstatt\"},\"image\":{\"@id\":\"https:\\\/\\\/schoenstatt.com\\\/pt-pt\\\/#\\\/schema\\\/logo\\\/image\\\/\"}},{\"@type\":\"Person\",\"@id\":\"https:\\\/\\\/schoenstatt.com\\\/pt-pt\\\/#\\\/schema\\\/person\\\/5158877ad4acae98b34daaeef2a1ce6e\",\"name\":\"Karen Bueno\",\"image\":{\"@type\":\"ImageObject\",\"inLanguage\":\"pt-PT\",\"@id\":\"https:\\\/\\\/secure.gravatar.com\\\/avatar\\\/f9f4b823873154269d2b2130f195f6d41037dd0d7fc5f3cacb5c846bae70d66b?s=96&d=mm&r=g\",\"url\":\"https:\\\/\\\/secure.gravatar.com\\\/avatar\\\/f9f4b823873154269d2b2130f195f6d41037dd0d7fc5f3cacb5c846bae70d66b?s=96&d=mm&r=g\",\"contentUrl\":\"https:\\\/\\\/secure.gravatar.com\\\/avatar\\\/f9f4b823873154269d2b2130f195f6d41037dd0d7fc5f3cacb5c846bae70d66b?s=96&d=mm&r=g\",\"caption\":\"Karen Bueno\"},\"url\":\"https:\\\/\\\/schoenstatt.com\\\/pt-pt\\\/author\\\/karen-bueno\\\/\"}]}<\/script>\n<!-- \/ Yoast SEO Premium plugin. -->","yoast_head_json":{"title":"Jantar \u00e0 luz de velas - Uma noite para casais em Madurai, \u00cdndia - Schoenstatt","description":"Com muitas luzes e um jantar rom\u00e2ntico, os casais participaram de um encontro especial no Santu\u00e1rio de Schoenstatt em Madurai, \u00cdndia.","robots":{"index":"index","follow":"follow","max-snippet":"max-snippet:-1","max-image-preview":"max-image-preview:large","max-video-preview":"max-video-preview:-1"},"canonical":"https:\/\/schoenstatt.com\/pt-pt\/jantar-a-luz-de-velas-uma-noite-para-casais-em-madurai-india\/","og_locale":"pt_PT","og_type":"article","og_title":"Jantar \u00e0 luz de velas - Uma noite para casais em Madurai, \u00cdndia","og_description":"Com muitas luzes e um jantar rom\u00e2ntico, os casais participaram de um encontro especial no Santu\u00e1rio de Schoenstatt em Madurai, \u00cdndia.","og_url":"https:\/\/schoenstatt.com\/pt-pt\/jantar-a-luz-de-velas-uma-noite-para-casais-em-madurai-india\/","og_site_name":"Schoenstatt","article_published_time":"2025-03-06T02:03:00+00:00","article_modified_time":"2025-08-15T17:33:56+00:00","og_image":[{"width":1280,"height":670,"url":"https:\/\/schoenstatt.com\/wp-content\/uploads\/2025\/03\/schoenstatt-shrine-madurai-india-couples-1.webp","type":"image\/webp"}],"author":"Karen Bueno","twitter_card":"summary_large_image","twitter_misc":{"Escrito por":"Karen Bueno","Tempo estimado de leitura":"4 minutos"},"schema":{"@context":"https:\/\/schema.org","@graph":[{"@type":"Article","@id":"https:\/\/schoenstatt.com\/pt-pt\/jantar-a-luz-de-velas-uma-noite-para-casais-em-madurai-india\/#article","isPartOf":{"@id":"https:\/\/schoenstatt.com\/pt-pt\/jantar-a-luz-de-velas-uma-noite-para-casais-em-madurai-india\/"},"author":{"name":"Karen Bueno","@id":"https:\/\/schoenstatt.com\/pt-pt\/#\/schema\/person\/5158877ad4acae98b34daaeef2a1ce6e"},"headline":"Jantar \u00e0 luz de velas &#8211; Uma noite para casais em Madurai, \u00cdndia","datePublished":"2025-03-06T02:03:00+00:00","dateModified":"2025-08-15T17:33:56+00:00","mainEntityOfPage":{"@id":"https:\/\/schoenstatt.com\/pt-pt\/jantar-a-luz-de-velas-uma-noite-para-casais-em-madurai-india\/"},"wordCount":632,"publisher":{"@id":"https:\/\/schoenstatt.com\/pt-pt\/#organization"},"image":{"@id":"https:\/\/schoenstatt.com\/pt-pt\/jantar-a-luz-de-velas-uma-noite-para-casais-em-madurai-india\/#primaryimage"},"thumbnailUrl":"https:\/\/schoenstatt.com\/wp-content\/uploads\/2025\/03\/schoenstatt-shrine-madurai-india-couples-1.webp","keywords":["\u00c1sia","Fam\u00edlia","Padres de Schoenstatt","Schoenstatt \u00cdndia"],"articleSection":["Fam\u00edlia"],"inLanguage":"pt-PT"},{"@type":"WebPage","@id":"https:\/\/schoenstatt.com\/pt-pt\/jantar-a-luz-de-velas-uma-noite-para-casais-em-madurai-india\/","url":"https:\/\/schoenstatt.com\/pt-pt\/jantar-a-luz-de-velas-uma-noite-para-casais-em-madurai-india\/","name":"Jantar \u00e0 luz de velas - Uma noite para casais em Madurai, \u00cdndia - Schoenstatt","isPartOf":{"@id":"https:\/\/schoenstatt.com\/pt-pt\/#website"},"primaryImageOfPage":{"@id":"https:\/\/schoenstatt.com\/pt-pt\/jantar-a-luz-de-velas-uma-noite-para-casais-em-madurai-india\/#primaryimage"},"image":{"@id":"https:\/\/schoenstatt.com\/pt-pt\/jantar-a-luz-de-velas-uma-noite-para-casais-em-madurai-india\/#primaryimage"},"thumbnailUrl":"https:\/\/schoenstatt.com\/wp-content\/uploads\/2025\/03\/schoenstatt-shrine-madurai-india-couples-1.webp","datePublished":"2025-03-06T02:03:00+00:00","dateModified":"2025-08-15T17:33:56+00:00","description":"Com muitas luzes e um jantar rom\u00e2ntico, os casais participaram de um encontro especial no Santu\u00e1rio de Schoenstatt em Madurai, \u00cdndia.","breadcrumb":{"@id":"https:\/\/schoenstatt.com\/pt-pt\/jantar-a-luz-de-velas-uma-noite-para-casais-em-madurai-india\/#breadcrumb"},"inLanguage":"pt-PT","potentialAction":[{"@type":"ReadAction","target":["https:\/\/schoenstatt.com\/pt-pt\/jantar-a-luz-de-velas-uma-noite-para-casais-em-madurai-india\/"]}]},{"@type":"ImageObject","inLanguage":"pt-PT","@id":"https:\/\/schoenstatt.com\/pt-pt\/jantar-a-luz-de-velas-uma-noite-para-casais-em-madurai-india\/#primaryimage","url":"https:\/\/schoenstatt.com\/wp-content\/uploads\/2025\/03\/schoenstatt-shrine-madurai-india-couples-1.webp","contentUrl":"https:\/\/schoenstatt.com\/wp-content\/uploads\/2025\/03\/schoenstatt-shrine-madurai-india-couples-1.webp","width":1280,"height":670},{"@type":"BreadcrumbList","@id":"https:\/\/schoenstatt.com\/pt-pt\/jantar-a-luz-de-velas-uma-noite-para-casais-em-madurai-india\/#breadcrumb","itemListElement":[{"@type":"ListItem","position":1,"name":"Portada","item":"https:\/\/schoenstatt.com\/pt-pt\/home\/"},{"@type":"ListItem","position":2,"name":"Jantar \u00e0 luz de velas &#8211; Uma noite para casais em Madurai, \u00cdndia"}]},{"@type":"WebSite","@id":"https:\/\/schoenstatt.com\/pt-pt\/#website","url":"https:\/\/schoenstatt.com\/pt-pt\/","name":"Schoenstatt","description":"Apostolic Movement","publisher":{"@id":"https:\/\/schoenstatt.com\/pt-pt\/#organization"},"potentialAction":[{"@type":"SearchAction","target":{"@type":"EntryPoint","urlTemplate":"https:\/\/schoenstatt.com\/pt-pt\/?s={search_term_string}"},"query-input":{"@type":"PropertyValueSpecification","valueRequired":true,"valueName":"search_term_string"}}],"inLanguage":"pt-PT"},{"@type":"Organization","@id":"https:\/\/schoenstatt.com\/pt-pt\/#organization","name":"Schoenstatt","url":"https:\/\/schoenstatt.com\/pt-pt\/","logo":{"@type":"ImageObject","inLanguage":"pt-PT","@id":"https:\/\/schoenstatt.com\/pt-pt\/#\/schema\/logo\/image\/","url":"https:\/\/schoenstatt.com\/wp-content\/uploads\/2025\/04\/logo-schoenstatt-white-696x696-1.png","contentUrl":"https:\/\/schoenstatt.com\/wp-content\/uploads\/2025\/04\/logo-schoenstatt-white-696x696-1.png","width":696,"height":694,"caption":"Schoenstatt"},"image":{"@id":"https:\/\/schoenstatt.com\/pt-pt\/#\/schema\/logo\/image\/"}},{"@type":"Person","@id":"https:\/\/schoenstatt.com\/pt-pt\/#\/schema\/person\/5158877ad4acae98b34daaeef2a1ce6e","name":"Karen Bueno","image":{"@type":"ImageObject","inLanguage":"pt-PT","@id":"https:\/\/secure.gravatar.com\/avatar\/f9f4b823873154269d2b2130f195f6d41037dd0d7fc5f3cacb5c846bae70d66b?s=96&d=mm&r=g","url":"https:\/\/secure.gravatar.com\/avatar\/f9f4b823873154269d2b2130f195f6d41037dd0d7fc5f3cacb5c846bae70d66b?s=96&d=mm&r=g","contentUrl":"https:\/\/secure.gravatar.com\/avatar\/f9f4b823873154269d2b2130f195f6d41037dd0d7fc5f3cacb5c846bae70d66b?s=96&d=mm&r=g","caption":"Karen Bueno"},"url":"https:\/\/schoenstatt.com\/pt-pt\/author\/karen-bueno\/"}]}},"_links":{"self":[{"href":"https:\/\/schoenstatt.com\/pt-pt\/wp-json\/wp\/v2\/posts\/43719","targetHints":{"allow":["GET"]}}],"collection":[{"href":"https:\/\/schoenstatt.com\/pt-pt\/wp-json\/wp\/v2\/posts"}],"about":[{"href":"https:\/\/schoenstatt.com\/pt-pt\/wp-json\/wp\/v2\/types\/post"}],"author":[{"embeddable":true,"href":"https:\/\/schoenstatt.com\/pt-pt\/wp-json\/wp\/v2\/users\/3"}],"replies":[{"embeddable":true,"href":"https:\/\/schoenstatt.com\/pt-pt\/wp-json\/wp\/v2\/comments?post=43719"}],"version-history":[{"count":4,"href":"https:\/\/schoenstatt.com\/pt-pt\/wp-json\/wp\/v2\/posts\/43719\/revisions"}],"predecessor-version":[{"id":61892,"href":"https:\/\/schoenstatt.com\/pt-pt\/wp-json\/wp\/v2\/posts\/43719\/revisions\/61892"}],"wp:featuredmedia":[{"embeddable":true,"href":"https:\/\/schoenstatt.com\/pt-pt\/wp-json\/wp\/v2\/media\/43712"}],"wp:attachment":[{"href":"https:\/\/schoenstatt.com\/pt-pt\/wp-json\/wp\/v2\/media?parent=43719"}],"wp:term":[{"taxonomy":"category","embeddable":true,"href":"https:\/\/schoenstatt.com\/pt-pt\/wp-json\/wp\/v2\/categories?post=43719"},{"taxonomy":"post_tag","embeddable":true,"href":"https:\/\/schoenstatt.com\/pt-pt\/wp-json\/wp\/v2\/tags?post=43719"}],"curies":[{"name":"wp","href":"https:\/\/api.w.org\/{rel}","templated":true}]}}