{"id":43673,"date":"2025-02-28T03:03:00","date_gmt":"2025-02-28T02:03:00","guid":{"rendered":"https:\/\/schoenstatt.com\/?p=43673"},"modified":"2025-08-21T04:04:22","modified_gmt":"2025-08-21T02:04:22","slug":"em-2025-congresso-internacional-da-juventude-de-schoenstatt-em-roma","status":"publish","type":"post","link":"https:\/\/schoenstatt.com\/pt-pt\/em-2025-congresso-internacional-da-juventude-de-schoenstatt-em-roma\/","title":{"rendered":"Em 2025: Congresso Internacional da Juventude de Schoenstatt em Roma"},"content":{"rendered":"\n<p><em>\u201cPrefiro o cansa\u00e7o daqueles que est\u00e3o a caminho do que o cansa\u00e7o daqueles que permanecem parados e n\u00e3o t\u00eam vontade de caminhar\u201d (\u2026) \u201cA solu\u00e7\u00e3o para o cansa\u00e7o, paradoxalmente, n\u00e3o \u00e9 parar e descansar. \u00c9, antes, p\u00f4r-se a caminho e tornar-se peregrino da esperan\u00e7a. Esta \u00e9 a minha exorta\u00e7\u00e3o: caminhem na esperan\u00e7a! A esperan\u00e7a supera todo cansa\u00e7o, toda crise e toda ansiedade, dando-nos uma forte motiva\u00e7\u00e3o para continuar, porque essa esperan\u00e7a \u00e9 um presente que recebemos do pr\u00f3prio Deus. Ele preenche de sentido todo o nosso tempo, nos ilumina no caminho, nos mostra a dire\u00e7\u00e3o e a meta de nossa vida\u201d.<\/em><\/p>\n\n\n\n<p>Estas s\u00e3o algumas das palavras finais do Papa Francisco durante a \u00faltima Jornada Mundial da Juventude, palavras que ainda ecoam no cora\u00e7\u00e3o da juventude de Schoenstatt e que, neste 2025, come\u00e7am a nos desafiar profundamente.<\/p>\n\n\n\n<h3 class=\"wp-block-heading\" id=\"h-representantes-de-cada-pais-se-reunirao-em-roma\"><strong><strong>Representantes de cada pa\u00eds se reunir\u00e3o em Roma<\/strong><\/strong><\/h3>\n\n\n\n<p>Estamos vivendo um novo Jubileu da Igreja. Queremos<strong> nos reunir como Juventude de Schoenstatt, por meio de alguns representantes<\/strong>, em resposta ao anseio que surgiu no Congresso de Pentecostes de 2022. Queremos tornar a nos ver, nos reencontrar\u2026 redescobrir que nossa juventude n\u00e3o s\u00e3o \u201cramos\u201d iguais, mas sim santu\u00e1rios vivos, cada um com sua originalidade pr\u00f3pria, mas com a consci\u00eancia de que irradiamos o mesmo fogo.<\/p>\n\n\n\n<p>Representantes da <a href=\"https:\/\/schoenstatt.com\/pt-pt\/em-comunidade\/men\/juventude-masculina-de-schoenstatt\/\">Juventude Masculina<\/a> e <a href=\"https:\/\/schoenstatt.com\/pt-pt\/em-comunidade\/woman\/juventude-feminina\/\">Feminina de Schoenstatt<\/a> de todo o mundo se reunir\u00e3o no Santu\u00e1rio de Belmonte nos dias 29, 30 e 31 de julho, no marco do Jubileu em Roma.<\/p>\n\n\n\n<figure class=\"wp-block-image size-large\"><img decoding=\"async\" src=\"https:\/\/schoenstatt.com\/wp-content\/uploads\/2025\/02\/Pentecost-Congress-2022-1024x768.jpg\" alt=\"\" class=\"wp-image-43661\"\/><figcaption class=\"wp-element-caption\">Congresso de Pentecostes 2022<\/figcaption><\/figure>\n\n\n\n<h3 class=\"wp-block-heading\" id=\"h-para-que-nos-reunimos\"><strong><strong>Para que nos reunimos?<\/strong><\/strong><\/h3>\n\n\n\n<p><em>Queremos reconhecer as pegadas de Deus na vida de nossa juventude, discernir seu chamado nos desafios que enfrentamos e responder, a partir de nosso carisma, como instrumentos de Maria em nossa sociedade.<\/em><\/p>\n\n\n\n<p>Ser\u00e3o dias em que, ouvindo as vozes da alma, do ser e do tempo, queremos descobrir a originalidade de cada juventude e o que nos une, o que nos torna um s\u00f3 cora\u00e7\u00e3o.<\/p>\n\n\n\n<p>Trabalharemos com temas que desafiam os jovens de hoje: seu v\u00ednculo a Jesus, sua maneira de viver o amor, o desafio de viver a Alian\u00e7a de Amor na lideran\u00e7a e no servi\u00e7o aos demais.<\/p>\n\n\n\n<h3 class=\"wp-block-heading\" id=\"h-unidos-sob-o-lema-vozes-de-esperanca\"><strong><strong>Unidos sob o lema \u201cVozes de Esperan\u00e7a\u201d<\/strong><\/strong><\/h3>\n\n\n\n<p>A juventude \u00e9 essa voz, essa voz cheia de alegria, cheia de esp\u00edrito, cheia de esperan\u00e7a. E essa \u00e9 a voz que queremos que ressoe mais fortemente em nosso encontro. Cada pa\u00eds poder\u00e1 contar com representantes, que devem levar n\u00e3o apenas seus pr\u00f3prios desejos, mas tamb\u00e9m os sonhos da juventude que representam.<\/p>\n\n\n\n<p>Em nosso logo, quisemos expressar grande parte da identidade de nossos jovens.<\/p>\n\n\n\n<figure class=\"wp-block-image aligncenter size-full is-resized\"><img decoding=\"async\" src=\"https:\/\/schoenstatt.com\/wp-content\/uploads\/2025\/02\/voces-de-esperanza-Congress-of-Schoenstatt-Youth.png\" alt=\"\" class=\"wp-image-43671\" style=\"width:546px;height:auto\"\/><\/figure>\n\n\n\n<p>Somos esse <strong>fogo <\/strong>que busca se irradiar pelo mundo. Um mundo que podemos ver simbolizado na base do logotipo. As cores s\u00e3o vivas, como nossa juventude sempre busca ser. <strong>A Cruz da Unidade <\/strong>nos inspira, pois nos lembra que, por meio de Maria, chegamos a Jesus e ao dom rec\u00edproco da mulher e do homem, que somos chamados a descobrir e testemunhar&#8230;<\/p>\n\n\n\n<h3 class=\"wp-block-heading\" id=\"h-familia-de-schoenstatt-contamos-com-suas-oracoes\"><strong>Fam\u00edlia de Schoenstatt, contamos com suas ora\u00e7\u00f5es<\/strong><\/h3>\n\n\n\n<p>Jovens e assessores de diferentes pa\u00edses fazem parte da equipe de prepara\u00e7\u00e3o para esse Congresso. Estamos a servi\u00e7o dessa miss\u00e3o que nos foi confiada.<\/p>\n\n\n\n<p>A equipe organizadora \u00e9 composta por<\/p>\n\n\n\n<p><strong>Jovens<\/strong><\/p>\n\n\n\n<ul class=\"wp-block-list\">\n<li>Benjam\u00edn Mar\u00eda Biagosch &#8211; Jumas Argentina<\/li>\n\n\n\n<li>Ana Mar\u00eda Wahl Gonz\u00e1lez- Jufem Chile<\/li>\n\n\n\n<li>Maria Leonor Gavilanes Sanchez &#8211; Jufem Equador<\/li>\n\n\n\n<li>Mat\u00edas Sebasti\u00e1n Estigarribia Lima &#8211; Jumas Paraguai<\/li>\n<\/ul>\n\n\n\n<div style=\"height:26px\" aria-hidden=\"true\" class=\"wp-block-spacer\"><\/div>\n\n\n\n<p><strong>Assessores<\/strong><\/p>\n\n\n\n<ul class=\"wp-block-list\">\n<li>Sra. Ana Christina Melquiades &#8211; Senhora de Schoenstatt &#8211; Assessora local da Jufem no Brasil<\/li>\n\n\n\n<li>Padre Pablo Gerardo P\u00e9rez &#8211; Padre de Schoenstatt \u2013 Diretor Nacional do Movimento na It\u00e1lia<\/li>\n\n\n\n<li>Ir. M. Jimena Persia \u2013 Irm\u00e3 de Maria de Schoenstatt \u2013 Assessora Nacional da Jufem Paraguai<\/li>\n<\/ul>\n\n\n\n<div style=\"height:25px\" aria-hidden=\"true\" class=\"wp-block-spacer\"><\/div>\n\n\n\n<p>Contamos desde j\u00e1 com as ora\u00e7\u00f5es e contribui\u00e7\u00f5es ao Capital de Gra\u00e7as de toda a Fam\u00edlia de Schoenstatt para que cada um dos jovens participantes deste Congresso chegue com o cora\u00e7\u00e3o preparado e disposto a descobrir novamente o Deus da Vida que enche nossas vidas de sentido e esperan\u00e7a.<\/p>\n\n\n\n<p>E \u00e0 nossa Juventude de Schoenstatt, fiquem atentos, pois haver\u00e1 novidades muito em breve.<\/p>\n\n\n\n<p><strong>Mat\u00edas Estigarribia &#8211; Juventude Masculina do Paraguai<\/strong><br>Membro da equipe do Congresso Internacional da Juventude de Schoenstatt &#8211; Roma 2025<\/p>\n\n\n\n<p><strong>Tradu\u00e7\u00e3o: <\/strong>Karen Bueno<\/p>\n","protected":false},"excerpt":{"rendered":"<p>A Voz de Esperan\u00e7a, que arde em nossa Juventude de Schoenstatt, conduz os jovens a um Congresso Internacional.<\/p>\n","protected":false},"author":3,"featured_media":43651,"comment_status":"closed","ping_status":"closed","sticky":false,"template":"","format":"standard","meta":{"footnotes":""},"categories":[665],"tags":[448,1266,569,1168,1131,1107],"class_list":["post-43673","post","type-post","status-publish","format-standard","has-post-thumbnail","hentry","category-juventude-pt-pt","tag-belmonte-roma-pt-pt","tag-juventude-pt-pt","tag-juventude-de-schoenstatt-pt-pt","tag-juventude-feminina-jufem-pt-pt","tag-juventude-masculina-jumas-pt-pt","tag-roma-pt-pt"],"yoast_head":"<!-- This site is optimized with the Yoast SEO Premium plugin v27.4 (Yoast SEO v27.4) - https:\/\/yoast.com\/product\/yoast-seo-premium-wordpress\/ -->\n<title>Em 2025: Congresso Internacional da Juventude de Schoenstatt em Roma<\/title>\n<meta name=\"description\" content=\"A Voz de Esperan\u00e7a, que arde em nossa Juventude de Schoenstatt, conduz os jovens a um Congresso Internacional.\" \/>\n<meta name=\"robots\" content=\"index, follow, max-snippet:-1, max-image-preview:large, max-video-preview:-1\" \/>\n<link rel=\"canonical\" href=\"https:\/\/schoenstatt.com\/pt-pt\/em-2025-congresso-internacional-da-juventude-de-schoenstatt-em-roma\/\" \/>\n<meta property=\"og:locale\" content=\"pt_PT\" \/>\n<meta property=\"og:type\" content=\"article\" \/>\n<meta property=\"og:title\" content=\"Em 2025: Congresso Internacional da Juventude de Schoenstatt em Roma\" \/>\n<meta property=\"og:description\" content=\"A Voz de Esperan\u00e7a, que arde em nossa Juventude de Schoenstatt, conduz os jovens a um Congresso Internacional.\" \/>\n<meta property=\"og:url\" content=\"https:\/\/schoenstatt.com\/pt-pt\/em-2025-congresso-internacional-da-juventude-de-schoenstatt-em-roma\/\" \/>\n<meta property=\"og:site_name\" content=\"Schoenstatt\" \/>\n<meta property=\"article:published_time\" content=\"2025-02-28T02:03:00+00:00\" \/>\n<meta property=\"article:modified_time\" content=\"2025-08-21T02:04:22+00:00\" \/>\n<meta property=\"og:image\" content=\"https:\/\/schoenstatt.com\/wp-content\/uploads\/2025\/02\/schoenstatt-youth-1.jpg\" \/>\n\t<meta property=\"og:image:width\" content=\"2048\" \/>\n\t<meta property=\"og:image:height\" content=\"979\" \/>\n\t<meta property=\"og:image:type\" content=\"image\/jpeg\" \/>\n<meta name=\"author\" content=\"Karen Bueno\" \/>\n<meta name=\"twitter:card\" content=\"summary_large_image\" \/>\n<meta name=\"twitter:label1\" content=\"Escrito por\" \/>\n\t<meta name=\"twitter:data1\" content=\"Karen Bueno\" \/>\n\t<meta name=\"twitter:label2\" content=\"Tempo estimado de leitura\" \/>\n\t<meta name=\"twitter:data2\" content=\"4 minutos\" \/>\n<script type=\"application\/ld+json\" class=\"yoast-schema-graph\">{\"@context\":\"https:\\\/\\\/schema.org\",\"@graph\":[{\"@type\":\"Article\",\"@id\":\"https:\\\/\\\/schoenstatt.com\\\/pt-pt\\\/em-2025-congresso-internacional-da-juventude-de-schoenstatt-em-roma\\\/#article\",\"isPartOf\":{\"@id\":\"https:\\\/\\\/schoenstatt.com\\\/pt-pt\\\/em-2025-congresso-internacional-da-juventude-de-schoenstatt-em-roma\\\/\"},\"author\":{\"name\":\"Karen Bueno\",\"@id\":\"https:\\\/\\\/schoenstatt.com\\\/pt-pt\\\/#\\\/schema\\\/person\\\/5158877ad4acae98b34daaeef2a1ce6e\"},\"headline\":\"Em 2025: Congresso Internacional da Juventude de Schoenstatt em Roma\",\"datePublished\":\"2025-02-28T02:03:00+00:00\",\"dateModified\":\"2025-08-21T02:04:22+00:00\",\"mainEntityOfPage\":{\"@id\":\"https:\\\/\\\/schoenstatt.com\\\/pt-pt\\\/em-2025-congresso-internacional-da-juventude-de-schoenstatt-em-roma\\\/\"},\"wordCount\":736,\"publisher\":{\"@id\":\"https:\\\/\\\/schoenstatt.com\\\/pt-pt\\\/#organization\"},\"image\":{\"@id\":\"https:\\\/\\\/schoenstatt.com\\\/pt-pt\\\/em-2025-congresso-internacional-da-juventude-de-schoenstatt-em-roma\\\/#primaryimage\"},\"thumbnailUrl\":\"https:\\\/\\\/schoenstatt.com\\\/wp-content\\\/uploads\\\/2025\\\/02\\\/schoenstatt-youth-1.jpg\",\"keywords\":[\"Belmonte - Roma\",\"Juventude\",\"Juventude de Schoenstatt\",\"Juventude Feminina - Jufem\",\"Juventude Masculina - Jumas\",\"Roma\"],\"articleSection\":[\"Juventude\"],\"inLanguage\":\"pt-PT\"},{\"@type\":\"WebPage\",\"@id\":\"https:\\\/\\\/schoenstatt.com\\\/pt-pt\\\/em-2025-congresso-internacional-da-juventude-de-schoenstatt-em-roma\\\/\",\"url\":\"https:\\\/\\\/schoenstatt.com\\\/pt-pt\\\/em-2025-congresso-internacional-da-juventude-de-schoenstatt-em-roma\\\/\",\"name\":\"Em 2025: Congresso Internacional da Juventude de Schoenstatt em Roma\",\"isPartOf\":{\"@id\":\"https:\\\/\\\/schoenstatt.com\\\/pt-pt\\\/#website\"},\"primaryImageOfPage\":{\"@id\":\"https:\\\/\\\/schoenstatt.com\\\/pt-pt\\\/em-2025-congresso-internacional-da-juventude-de-schoenstatt-em-roma\\\/#primaryimage\"},\"image\":{\"@id\":\"https:\\\/\\\/schoenstatt.com\\\/pt-pt\\\/em-2025-congresso-internacional-da-juventude-de-schoenstatt-em-roma\\\/#primaryimage\"},\"thumbnailUrl\":\"https:\\\/\\\/schoenstatt.com\\\/wp-content\\\/uploads\\\/2025\\\/02\\\/schoenstatt-youth-1.jpg\",\"datePublished\":\"2025-02-28T02:03:00+00:00\",\"dateModified\":\"2025-08-21T02:04:22+00:00\",\"description\":\"A Voz de Esperan\u00e7a, que arde em nossa Juventude de Schoenstatt, conduz os jovens a um Congresso Internacional.\",\"breadcrumb\":{\"@id\":\"https:\\\/\\\/schoenstatt.com\\\/pt-pt\\\/em-2025-congresso-internacional-da-juventude-de-schoenstatt-em-roma\\\/#breadcrumb\"},\"inLanguage\":\"pt-PT\",\"potentialAction\":[{\"@type\":\"ReadAction\",\"target\":[\"https:\\\/\\\/schoenstatt.com\\\/pt-pt\\\/em-2025-congresso-internacional-da-juventude-de-schoenstatt-em-roma\\\/\"]}]},{\"@type\":\"ImageObject\",\"inLanguage\":\"pt-PT\",\"@id\":\"https:\\\/\\\/schoenstatt.com\\\/pt-pt\\\/em-2025-congresso-internacional-da-juventude-de-schoenstatt-em-roma\\\/#primaryimage\",\"url\":\"https:\\\/\\\/schoenstatt.com\\\/wp-content\\\/uploads\\\/2025\\\/02\\\/schoenstatt-youth-1.jpg\",\"contentUrl\":\"https:\\\/\\\/schoenstatt.com\\\/wp-content\\\/uploads\\\/2025\\\/02\\\/schoenstatt-youth-1.jpg\",\"width\":2048,\"height\":979},{\"@type\":\"BreadcrumbList\",\"@id\":\"https:\\\/\\\/schoenstatt.com\\\/pt-pt\\\/em-2025-congresso-internacional-da-juventude-de-schoenstatt-em-roma\\\/#breadcrumb\",\"itemListElement\":[{\"@type\":\"ListItem\",\"position\":1,\"name\":\"Portada\",\"item\":\"https:\\\/\\\/schoenstatt.com\\\/pt-pt\\\/home\\\/\"},{\"@type\":\"ListItem\",\"position\":2,\"name\":\"Em 2025: Congresso Internacional da Juventude de Schoenstatt em Roma\"}]},{\"@type\":\"WebSite\",\"@id\":\"https:\\\/\\\/schoenstatt.com\\\/pt-pt\\\/#website\",\"url\":\"https:\\\/\\\/schoenstatt.com\\\/pt-pt\\\/\",\"name\":\"Schoenstatt\",\"description\":\"Apostolic Movement\",\"publisher\":{\"@id\":\"https:\\\/\\\/schoenstatt.com\\\/pt-pt\\\/#organization\"},\"potentialAction\":[{\"@type\":\"SearchAction\",\"target\":{\"@type\":\"EntryPoint\",\"urlTemplate\":\"https:\\\/\\\/schoenstatt.com\\\/pt-pt\\\/?s={search_term_string}\"},\"query-input\":{\"@type\":\"PropertyValueSpecification\",\"valueRequired\":true,\"valueName\":\"search_term_string\"}}],\"inLanguage\":\"pt-PT\"},{\"@type\":\"Organization\",\"@id\":\"https:\\\/\\\/schoenstatt.com\\\/pt-pt\\\/#organization\",\"name\":\"Schoenstatt\",\"url\":\"https:\\\/\\\/schoenstatt.com\\\/pt-pt\\\/\",\"logo\":{\"@type\":\"ImageObject\",\"inLanguage\":\"pt-PT\",\"@id\":\"https:\\\/\\\/schoenstatt.com\\\/pt-pt\\\/#\\\/schema\\\/logo\\\/image\\\/\",\"url\":\"https:\\\/\\\/schoenstatt.com\\\/wp-content\\\/uploads\\\/2025\\\/04\\\/logo-schoenstatt-white-696x696-1.png\",\"contentUrl\":\"https:\\\/\\\/schoenstatt.com\\\/wp-content\\\/uploads\\\/2025\\\/04\\\/logo-schoenstatt-white-696x696-1.png\",\"width\":696,\"height\":694,\"caption\":\"Schoenstatt\"},\"image\":{\"@id\":\"https:\\\/\\\/schoenstatt.com\\\/pt-pt\\\/#\\\/schema\\\/logo\\\/image\\\/\"}},{\"@type\":\"Person\",\"@id\":\"https:\\\/\\\/schoenstatt.com\\\/pt-pt\\\/#\\\/schema\\\/person\\\/5158877ad4acae98b34daaeef2a1ce6e\",\"name\":\"Karen Bueno\",\"image\":{\"@type\":\"ImageObject\",\"inLanguage\":\"pt-PT\",\"@id\":\"https:\\\/\\\/secure.gravatar.com\\\/avatar\\\/f9f4b823873154269d2b2130f195f6d41037dd0d7fc5f3cacb5c846bae70d66b?s=96&d=mm&r=g\",\"url\":\"https:\\\/\\\/secure.gravatar.com\\\/avatar\\\/f9f4b823873154269d2b2130f195f6d41037dd0d7fc5f3cacb5c846bae70d66b?s=96&d=mm&r=g\",\"contentUrl\":\"https:\\\/\\\/secure.gravatar.com\\\/avatar\\\/f9f4b823873154269d2b2130f195f6d41037dd0d7fc5f3cacb5c846bae70d66b?s=96&d=mm&r=g\",\"caption\":\"Karen Bueno\"},\"url\":\"https:\\\/\\\/schoenstatt.com\\\/pt-pt\\\/author\\\/karen-bueno\\\/\"}]}<\/script>\n<!-- \/ Yoast SEO Premium plugin. -->","yoast_head_json":{"title":"Em 2025: Congresso Internacional da Juventude de Schoenstatt em Roma","description":"A Voz de Esperan\u00e7a, que arde em nossa Juventude de Schoenstatt, conduz os jovens a um Congresso Internacional.","robots":{"index":"index","follow":"follow","max-snippet":"max-snippet:-1","max-image-preview":"max-image-preview:large","max-video-preview":"max-video-preview:-1"},"canonical":"https:\/\/schoenstatt.com\/pt-pt\/em-2025-congresso-internacional-da-juventude-de-schoenstatt-em-roma\/","og_locale":"pt_PT","og_type":"article","og_title":"Em 2025: Congresso Internacional da Juventude de Schoenstatt em Roma","og_description":"A Voz de Esperan\u00e7a, que arde em nossa Juventude de Schoenstatt, conduz os jovens a um Congresso Internacional.","og_url":"https:\/\/schoenstatt.com\/pt-pt\/em-2025-congresso-internacional-da-juventude-de-schoenstatt-em-roma\/","og_site_name":"Schoenstatt","article_published_time":"2025-02-28T02:03:00+00:00","article_modified_time":"2025-08-21T02:04:22+00:00","og_image":[{"width":2048,"height":979,"url":"https:\/\/schoenstatt.com\/wp-content\/uploads\/2025\/02\/schoenstatt-youth-1.jpg","type":"image\/jpeg"}],"author":"Karen Bueno","twitter_card":"summary_large_image","twitter_misc":{"Escrito por":"Karen Bueno","Tempo estimado de leitura":"4 minutos"},"schema":{"@context":"https:\/\/schema.org","@graph":[{"@type":"Article","@id":"https:\/\/schoenstatt.com\/pt-pt\/em-2025-congresso-internacional-da-juventude-de-schoenstatt-em-roma\/#article","isPartOf":{"@id":"https:\/\/schoenstatt.com\/pt-pt\/em-2025-congresso-internacional-da-juventude-de-schoenstatt-em-roma\/"},"author":{"name":"Karen Bueno","@id":"https:\/\/schoenstatt.com\/pt-pt\/#\/schema\/person\/5158877ad4acae98b34daaeef2a1ce6e"},"headline":"Em 2025: Congresso Internacional da Juventude de Schoenstatt em Roma","datePublished":"2025-02-28T02:03:00+00:00","dateModified":"2025-08-21T02:04:22+00:00","mainEntityOfPage":{"@id":"https:\/\/schoenstatt.com\/pt-pt\/em-2025-congresso-internacional-da-juventude-de-schoenstatt-em-roma\/"},"wordCount":736,"publisher":{"@id":"https:\/\/schoenstatt.com\/pt-pt\/#organization"},"image":{"@id":"https:\/\/schoenstatt.com\/pt-pt\/em-2025-congresso-internacional-da-juventude-de-schoenstatt-em-roma\/#primaryimage"},"thumbnailUrl":"https:\/\/schoenstatt.com\/wp-content\/uploads\/2025\/02\/schoenstatt-youth-1.jpg","keywords":["Belmonte - Roma","Juventude","Juventude de Schoenstatt","Juventude Feminina - Jufem","Juventude Masculina - Jumas","Roma"],"articleSection":["Juventude"],"inLanguage":"pt-PT"},{"@type":"WebPage","@id":"https:\/\/schoenstatt.com\/pt-pt\/em-2025-congresso-internacional-da-juventude-de-schoenstatt-em-roma\/","url":"https:\/\/schoenstatt.com\/pt-pt\/em-2025-congresso-internacional-da-juventude-de-schoenstatt-em-roma\/","name":"Em 2025: Congresso Internacional da Juventude de Schoenstatt em Roma","isPartOf":{"@id":"https:\/\/schoenstatt.com\/pt-pt\/#website"},"primaryImageOfPage":{"@id":"https:\/\/schoenstatt.com\/pt-pt\/em-2025-congresso-internacional-da-juventude-de-schoenstatt-em-roma\/#primaryimage"},"image":{"@id":"https:\/\/schoenstatt.com\/pt-pt\/em-2025-congresso-internacional-da-juventude-de-schoenstatt-em-roma\/#primaryimage"},"thumbnailUrl":"https:\/\/schoenstatt.com\/wp-content\/uploads\/2025\/02\/schoenstatt-youth-1.jpg","datePublished":"2025-02-28T02:03:00+00:00","dateModified":"2025-08-21T02:04:22+00:00","description":"A Voz de Esperan\u00e7a, que arde em nossa Juventude de Schoenstatt, conduz os jovens a um Congresso Internacional.","breadcrumb":{"@id":"https:\/\/schoenstatt.com\/pt-pt\/em-2025-congresso-internacional-da-juventude-de-schoenstatt-em-roma\/#breadcrumb"},"inLanguage":"pt-PT","potentialAction":[{"@type":"ReadAction","target":["https:\/\/schoenstatt.com\/pt-pt\/em-2025-congresso-internacional-da-juventude-de-schoenstatt-em-roma\/"]}]},{"@type":"ImageObject","inLanguage":"pt-PT","@id":"https:\/\/schoenstatt.com\/pt-pt\/em-2025-congresso-internacional-da-juventude-de-schoenstatt-em-roma\/#primaryimage","url":"https:\/\/schoenstatt.com\/wp-content\/uploads\/2025\/02\/schoenstatt-youth-1.jpg","contentUrl":"https:\/\/schoenstatt.com\/wp-content\/uploads\/2025\/02\/schoenstatt-youth-1.jpg","width":2048,"height":979},{"@type":"BreadcrumbList","@id":"https:\/\/schoenstatt.com\/pt-pt\/em-2025-congresso-internacional-da-juventude-de-schoenstatt-em-roma\/#breadcrumb","itemListElement":[{"@type":"ListItem","position":1,"name":"Portada","item":"https:\/\/schoenstatt.com\/pt-pt\/home\/"},{"@type":"ListItem","position":2,"name":"Em 2025: Congresso Internacional da Juventude de Schoenstatt em Roma"}]},{"@type":"WebSite","@id":"https:\/\/schoenstatt.com\/pt-pt\/#website","url":"https:\/\/schoenstatt.com\/pt-pt\/","name":"Schoenstatt","description":"Apostolic Movement","publisher":{"@id":"https:\/\/schoenstatt.com\/pt-pt\/#organization"},"potentialAction":[{"@type":"SearchAction","target":{"@type":"EntryPoint","urlTemplate":"https:\/\/schoenstatt.com\/pt-pt\/?s={search_term_string}"},"query-input":{"@type":"PropertyValueSpecification","valueRequired":true,"valueName":"search_term_string"}}],"inLanguage":"pt-PT"},{"@type":"Organization","@id":"https:\/\/schoenstatt.com\/pt-pt\/#organization","name":"Schoenstatt","url":"https:\/\/schoenstatt.com\/pt-pt\/","logo":{"@type":"ImageObject","inLanguage":"pt-PT","@id":"https:\/\/schoenstatt.com\/pt-pt\/#\/schema\/logo\/image\/","url":"https:\/\/schoenstatt.com\/wp-content\/uploads\/2025\/04\/logo-schoenstatt-white-696x696-1.png","contentUrl":"https:\/\/schoenstatt.com\/wp-content\/uploads\/2025\/04\/logo-schoenstatt-white-696x696-1.png","width":696,"height":694,"caption":"Schoenstatt"},"image":{"@id":"https:\/\/schoenstatt.com\/pt-pt\/#\/schema\/logo\/image\/"}},{"@type":"Person","@id":"https:\/\/schoenstatt.com\/pt-pt\/#\/schema\/person\/5158877ad4acae98b34daaeef2a1ce6e","name":"Karen Bueno","image":{"@type":"ImageObject","inLanguage":"pt-PT","@id":"https:\/\/secure.gravatar.com\/avatar\/f9f4b823873154269d2b2130f195f6d41037dd0d7fc5f3cacb5c846bae70d66b?s=96&d=mm&r=g","url":"https:\/\/secure.gravatar.com\/avatar\/f9f4b823873154269d2b2130f195f6d41037dd0d7fc5f3cacb5c846bae70d66b?s=96&d=mm&r=g","contentUrl":"https:\/\/secure.gravatar.com\/avatar\/f9f4b823873154269d2b2130f195f6d41037dd0d7fc5f3cacb5c846bae70d66b?s=96&d=mm&r=g","caption":"Karen Bueno"},"url":"https:\/\/schoenstatt.com\/pt-pt\/author\/karen-bueno\/"}]}},"_links":{"self":[{"href":"https:\/\/schoenstatt.com\/pt-pt\/wp-json\/wp\/v2\/posts\/43673","targetHints":{"allow":["GET"]}}],"collection":[{"href":"https:\/\/schoenstatt.com\/pt-pt\/wp-json\/wp\/v2\/posts"}],"about":[{"href":"https:\/\/schoenstatt.com\/pt-pt\/wp-json\/wp\/v2\/types\/post"}],"author":[{"embeddable":true,"href":"https:\/\/schoenstatt.com\/pt-pt\/wp-json\/wp\/v2\/users\/3"}],"replies":[{"embeddable":true,"href":"https:\/\/schoenstatt.com\/pt-pt\/wp-json\/wp\/v2\/comments?post=43673"}],"version-history":[{"count":10,"href":"https:\/\/schoenstatt.com\/pt-pt\/wp-json\/wp\/v2\/posts\/43673\/revisions"}],"predecessor-version":[{"id":63004,"href":"https:\/\/schoenstatt.com\/pt-pt\/wp-json\/wp\/v2\/posts\/43673\/revisions\/63004"}],"wp:featuredmedia":[{"embeddable":true,"href":"https:\/\/schoenstatt.com\/pt-pt\/wp-json\/wp\/v2\/media\/43651"}],"wp:attachment":[{"href":"https:\/\/schoenstatt.com\/pt-pt\/wp-json\/wp\/v2\/media?parent=43673"}],"wp:term":[{"taxonomy":"category","embeddable":true,"href":"https:\/\/schoenstatt.com\/pt-pt\/wp-json\/wp\/v2\/categories?post=43673"},{"taxonomy":"post_tag","embeddable":true,"href":"https:\/\/schoenstatt.com\/pt-pt\/wp-json\/wp\/v2\/tags?post=43673"}],"curies":[{"name":"wp","href":"https:\/\/api.w.org\/{rel}","templated":true}]}}