{"id":43599,"date":"2025-02-25T03:03:00","date_gmt":"2025-02-25T02:03:00","guid":{"rendered":"https:\/\/schoenstatt.com\/?p=43599"},"modified":"2025-08-19T02:19:38","modified_gmt":"2025-08-19T00:19:38","slug":"coroadas-em-graca-vesticao-das-novicas-das-irmas-de-maria-em-burundi","status":"publish","type":"post","link":"https:\/\/schoenstatt.com\/pt-pt\/coroadas-em-graca-vesticao-das-novicas-das-irmas-de-maria-em-burundi\/","title":{"rendered":"Coroadas em gra\u00e7a: Vesti\u00e7\u00e3o das Novi\u00e7as das Irm\u00e3s de Maria em Burundi"},"content":{"rendered":"\n<p>Uma aura de solenidade e alegria tomou conta do ar quando pessoas, de perto e de longe, se reuniram para celebrar a solene cerim\u00f4nia de Vesti\u00e7\u00e3o das novi\u00e7as das <a href=\"https:\/\/schoenstatt.com\/pt-pt\/em-comunidade\/woman\/irmas-de-maria\/\">Irm\u00e3s de Maria de Schoenstatt<\/a> neste \u00faltimo domingo, dia 23 de fevereiro de 2025, em Burundi, \u00c1frica. O Santu\u00e1rio da Confian\u00e7a, em Mutumba, adornado com flores e velas, tornou-se um farol do amor divino, atraindo familiares, amigos e conhecidos para participar dessa importante ocasi\u00e3o. Os rostos estavam radiantes de felicidade, os olhos brilhavam de emo\u00e7\u00e3o e os ecos dos hinos ressoavam nos cora\u00e7\u00f5es de todos os presentes.<\/p>\n\n\n\n<p>As sete novi\u00e7as ingressaram no limiar de uma jornada transformadora, com express\u00f5es que misturavam serenidade e expectativa. Vestidas de branco, elas encarnavam a pureza e a piedade, cada passo em dire\u00e7\u00e3o ao altar, simbolizando um compromisso mais profundo com Cristo e com a M\u00e3e de Deus. O peso de sua decis\u00e3o foi recebido com um brilho radiante de esperan\u00e7a \u2013 esperan\u00e7a pelas gra\u00e7as que est\u00e3o por vir, pelos desafios que moldar\u00e3o suas almas e pela miss\u00e3o que as aguarda para al\u00e9m dos muros do noviciado.<\/p>\n\n\n\n<figure class=\"wp-block-image size-large\"><img decoding=\"async\" src=\"https:\/\/schoenstatt.com\/wp-content\/uploads\/2025\/02\/sisters-of-mary-burundi-2-1024x768.jpg\" alt=\"\" class=\"wp-image-43581\"\/><\/figure>\n\n\n\n<p>As novi\u00e7as partiram da casa do noviciado at\u00e9 o Santu\u00e1rio. L\u00e1 receberam a b\u00ean\u00e7\u00e3o do Arcebispo da Diocese de Bujumbura, Dom Gervais Banshimiyubusa, acompanhado por quatro sacerdotes. Em seguida, seguiram em prociss\u00e3o at\u00e9 a igreja paroquial de Mutumba, onde a cerim\u00f4nia aconteceu. 14 sacerdotes e um di\u00e1cono concelebraram a missa junto ao arcebispo.<\/p>\n\n\n\n<figure class=\"wp-block-image size-large\"><img decoding=\"async\" src=\"https:\/\/schoenstatt.com\/wp-content\/uploads\/2025\/02\/vesticion-Einkleidung-Burundi-2-768x1024.jpg\" alt=\"\" class=\"wp-image-43566\"\/><\/figure>\n\n\n\n<h3 class=\"wp-block-heading\" id=\"h-um-sim-para-a-vida-consagrada\"><strong><strong>Um \u201csim\u201d para a vida consagrada<\/strong><\/strong><\/h3>\n\n\n\n<p>Para muitos, essa n\u00e3o foi apenas uma celebra\u00e7\u00e3o, mas um poderoso testemunho de f\u00e9 e entrega. Os pais, embora cheios de um orgulho sofrido por entregar suas filhas, encontraram consolo na alegria que irradiava de cada uma delas. Membros da Fam\u00edlia de Schoenstatt se maravilhavam com a beleza desse chamado sagrado, relembrando seus pr\u00f3prios caminhos de consagra\u00e7\u00e3o e renova\u00e7\u00e3o.<\/p>\n\n\n\n<p>A presen\u00e7a do Arcebispo de Bujumbura, dos sacerdotes e das consagradas aumentou a grandiosidade do dia, suas ora\u00e7\u00f5es e b\u00ean\u00e7\u00e3os selaram a entrada das novi\u00e7as em uma vida de servi\u00e7o e amor. Durante a Santa Missa, o arcebispo expressou a necessidade de nos tornarmos verdadeiros crist\u00e3os, n\u00e3o apenas em palavras, mas em nossas vidas di\u00e1rias. Ele tamb\u00e9m falou \u00e0s novi\u00e7as sobre a import\u00e2ncia da obedi\u00eancia e como ela \u00e9 necess\u00e1ria na miss\u00e3o que escolheram.<\/p>\n\n\n\n<p>\u00c0 medida que a cerim\u00f4nia avan\u00e7ava, chegava o momento da vesti\u00e7\u00e3o. Cada novi\u00e7a recebeu seu v\u00e9u e as vestes de Irm\u00e3 de Maria, significando sua consagra\u00e7\u00e3o a Deus. O hino da dedica\u00e7\u00e3o ecoou na igreja e um sil\u00eancio profundo se seguiu, um sil\u00eancio cheio de admira\u00e7\u00e3o, gratid\u00e3o e o sussurro da presen\u00e7a divina. As irm\u00e3s rec\u00e9m-investidas, agora revestidas da identidade de sua voca\u00e7\u00e3o, ergueram os olhos para o futuro, abra\u00e7ando o desconhecido com confian\u00e7a e coragem.<\/p>\n\n\n\n<p>No final da missa, todos foram em prociss\u00e3o at\u00e9 o Santu\u00e1rio, onde as novi\u00e7as rezaram sua ora\u00e7\u00e3o de consagra\u00e7\u00e3o \u00e0 M\u00e3e de Deus e o arcebispo deu a b\u00ean\u00e7\u00e3o de envio.<\/p>\n\n\n\n<figure class=\"wp-block-gallery has-nested-images columns-default is-cropped wp-block-gallery-1 is-layout-flex wp-block-gallery-is-layout-flex\">\n<figure class=\"wp-block-image size-large\"><img decoding=\"async\" data-id=\"43592\" src=\"https:\/\/schoenstatt.com\/wp-content\/uploads\/2025\/02\/vesticion-Einkleidung-Burundi-3.jpg\" alt=\"\" class=\"wp-image-43592\"\/><\/figure>\n\n\n\n<figure class=\"wp-block-image size-large\"><img decoding=\"async\" data-id=\"43587\" src=\"https:\/\/schoenstatt.com\/wp-content\/uploads\/2025\/02\/vesticion-Einkleidung-Burundi-4.jpg\" alt=\"\" class=\"wp-image-43587\"\/><\/figure>\n<\/figure>\n\n\n\n<h3 class=\"wp-block-heading\" id=\"h-novicas-de-burundi-e-do-quenia\"><strong><strong>Novi\u00e7as de Burundi e do Qu\u00eania<\/strong><\/strong><\/h3>\n\n\n\n<p>Esse dia ficar\u00e1 gravado no cora\u00e7\u00e3o de muitos, um lembrete de que, em um mundo que anseia por amor e significado, Deus continua a chamar e ungir. Para essas novi\u00e7as, esse \u00e9 o in\u00edcio de uma jornada. Uma jornada de f\u00e9, sacrif\u00edcio e gra\u00e7a sem limites. E, ao darem seus primeiros passos para se tornarem <a href=\"https:\/\/www.s-ms.org\/pt-br\/\" target=\"_blank\" rel=\"noreferrer noopener\">Irm\u00e3s de Maria de Schoenstatt<\/a>, elas n\u00e3o o fazem sozinhas, mas com as ora\u00e7\u00f5es e o apoio de uma comunidade que se alegra com seu \u201csim\u201d a Deus.<\/p>\n\n\n\n<p><strong>As novas novi\u00e7as da comunidade s\u00e3o:<\/strong><\/p>\n\n\n\n<p>Ir. M. Yvette Akimana, Burundi<br>Ir. M. Pascasie Nduwayezu, Burundi<br>Ir. M. Jeanne Nishishikare, Burundi<br>Ir. M. Eliane Niyokwizera, Burundi<br>Ir. M. Esperance Niyongere, Burundi<br>Ir. M. Irene Niyontore, Burundi<br>Ir. M. Damaris Kanini Nzomo, Qu\u00eania<\/p>\n\n\n\n<figure class=\"wp-block-image size-large\"><img decoding=\"async\" src=\"https:\/\/schoenstatt.com\/wp-content\/uploads\/2025\/02\/sisters-of-mary-burundi-novices-1024x768.jpg\" alt=\"\" class=\"wp-image-43576\"\/><\/figure>\n","protected":false},"excerpt":{"rendered":"<p>Solenidade de Vesti\u00e7\u00e3o: Sete jovens da \u00c1frica se tornaram Irm\u00e3s de Maria de Schoenstatt neste \u00faltimo domingo em Burundi.<\/p>\n","protected":false},"author":3,"featured_media":43561,"comment_status":"closed","ping_status":"closed","sticky":false,"template":"","format":"standard","meta":{"footnotes":""},"categories":[862,908],"tags":[1286,1201,1276,1100],"class_list":["post-43599","post","type-post","status-publish","format-standard","has-post-thumbnail","hentry","category-africa-pt-pt","category-comunidades-de-schoenstatt-pt-pt","tag-africa-pt-pt","tag-irmas-de-maria-de-schoenstatt-pt-pt","tag-schoenstatt-burundi-pt-pt","tag-vesticao-pt-pt"],"yoast_head":"<!-- This site is optimized with the Yoast SEO Premium plugin v27.4 (Yoast SEO v27.4) - https:\/\/yoast.com\/product\/yoast-seo-premium-wordpress\/ -->\n<title>Coroadas em gra\u00e7a: Vesti\u00e7\u00e3o das Novi\u00e7as das Irm\u00e3s de Maria em Burundi<\/title>\n<meta name=\"description\" content=\"Solenidade de Vesti\u00e7\u00e3o: Sete jovens da \u00c1frica se tornaram Irm\u00e3s de Maria de Schoenstatt neste \u00faltimo domingo em Burundi.\" \/>\n<meta name=\"robots\" content=\"index, follow, max-snippet:-1, max-image-preview:large, max-video-preview:-1\" \/>\n<link rel=\"canonical\" href=\"https:\/\/schoenstatt.com\/pt-pt\/coroadas-em-graca-vesticao-das-novicas-das-irmas-de-maria-em-burundi\/\" \/>\n<meta property=\"og:locale\" content=\"pt_PT\" \/>\n<meta property=\"og:type\" content=\"article\" \/>\n<meta property=\"og:title\" content=\"Coroadas em gra\u00e7a: Vesti\u00e7\u00e3o das Novi\u00e7as das Irm\u00e3s de Maria em Burundi\" \/>\n<meta property=\"og:description\" content=\"Solenidade de Vesti\u00e7\u00e3o: Sete jovens da \u00c1frica se tornaram Irm\u00e3s de Maria de Schoenstatt neste \u00faltimo domingo em Burundi.\" \/>\n<meta property=\"og:url\" content=\"https:\/\/schoenstatt.com\/pt-pt\/coroadas-em-graca-vesticao-das-novicas-das-irmas-de-maria-em-burundi\/\" \/>\n<meta property=\"og:site_name\" content=\"Schoenstatt\" \/>\n<meta property=\"article:published_time\" content=\"2025-02-25T02:03:00+00:00\" \/>\n<meta property=\"article:modified_time\" content=\"2025-08-19T00:19:38+00:00\" \/>\n<meta property=\"og:image\" content=\"https:\/\/schoenstatt.com\/wp-content\/uploads\/2025\/02\/sisters-of-mary-burundi-1.webp\" \/>\n\t<meta property=\"og:image:width\" content=\"1920\" \/>\n\t<meta property=\"og:image:height\" content=\"1021\" \/>\n\t<meta property=\"og:image:type\" content=\"image\/webp\" \/>\n<meta name=\"author\" content=\"Karen Bueno\" \/>\n<meta name=\"twitter:card\" content=\"summary_large_image\" \/>\n<meta name=\"twitter:label1\" content=\"Escrito por\" \/>\n\t<meta name=\"twitter:data1\" content=\"Karen Bueno\" \/>\n\t<meta name=\"twitter:label2\" content=\"Tempo estimado de leitura\" \/>\n\t<meta name=\"twitter:data2\" content=\"4 minutos\" \/>\n<script type=\"application\/ld+json\" class=\"yoast-schema-graph\">{\"@context\":\"https:\\\/\\\/schema.org\",\"@graph\":[{\"@type\":\"Article\",\"@id\":\"https:\\\/\\\/schoenstatt.com\\\/pt-pt\\\/coroadas-em-graca-vesticao-das-novicas-das-irmas-de-maria-em-burundi\\\/#article\",\"isPartOf\":{\"@id\":\"https:\\\/\\\/schoenstatt.com\\\/pt-pt\\\/coroadas-em-graca-vesticao-das-novicas-das-irmas-de-maria-em-burundi\\\/\"},\"author\":{\"name\":\"Karen Bueno\",\"@id\":\"https:\\\/\\\/schoenstatt.com\\\/pt-pt\\\/#\\\/schema\\\/person\\\/5158877ad4acae98b34daaeef2a1ce6e\"},\"headline\":\"Coroadas em gra\u00e7a: Vesti\u00e7\u00e3o das Novi\u00e7as das Irm\u00e3s de Maria em Burundi\",\"datePublished\":\"2025-02-25T02:03:00+00:00\",\"dateModified\":\"2025-08-19T00:19:38+00:00\",\"mainEntityOfPage\":{\"@id\":\"https:\\\/\\\/schoenstatt.com\\\/pt-pt\\\/coroadas-em-graca-vesticao-das-novicas-das-irmas-de-maria-em-burundi\\\/\"},\"wordCount\":700,\"publisher\":{\"@id\":\"https:\\\/\\\/schoenstatt.com\\\/pt-pt\\\/#organization\"},\"image\":{\"@id\":\"https:\\\/\\\/schoenstatt.com\\\/pt-pt\\\/coroadas-em-graca-vesticao-das-novicas-das-irmas-de-maria-em-burundi\\\/#primaryimage\"},\"thumbnailUrl\":\"https:\\\/\\\/schoenstatt.com\\\/wp-content\\\/uploads\\\/2025\\\/02\\\/sisters-of-mary-burundi-1.webp\",\"keywords\":[\"\u00c1frica\",\"Irm\u00e3s de Maria de Schoenstatt\",\"Schoenstatt Burundi\",\"Vesti\u00e7\u00e3o\"],\"articleSection\":[\"\u00c1frica\",\"Comunidades de Schoenstatt\"],\"inLanguage\":\"pt-PT\"},{\"@type\":\"WebPage\",\"@id\":\"https:\\\/\\\/schoenstatt.com\\\/pt-pt\\\/coroadas-em-graca-vesticao-das-novicas-das-irmas-de-maria-em-burundi\\\/\",\"url\":\"https:\\\/\\\/schoenstatt.com\\\/pt-pt\\\/coroadas-em-graca-vesticao-das-novicas-das-irmas-de-maria-em-burundi\\\/\",\"name\":\"Coroadas em gra\u00e7a: Vesti\u00e7\u00e3o das Novi\u00e7as das Irm\u00e3s de Maria em Burundi\",\"isPartOf\":{\"@id\":\"https:\\\/\\\/schoenstatt.com\\\/pt-pt\\\/#website\"},\"primaryImageOfPage\":{\"@id\":\"https:\\\/\\\/schoenstatt.com\\\/pt-pt\\\/coroadas-em-graca-vesticao-das-novicas-das-irmas-de-maria-em-burundi\\\/#primaryimage\"},\"image\":{\"@id\":\"https:\\\/\\\/schoenstatt.com\\\/pt-pt\\\/coroadas-em-graca-vesticao-das-novicas-das-irmas-de-maria-em-burundi\\\/#primaryimage\"},\"thumbnailUrl\":\"https:\\\/\\\/schoenstatt.com\\\/wp-content\\\/uploads\\\/2025\\\/02\\\/sisters-of-mary-burundi-1.webp\",\"datePublished\":\"2025-02-25T02:03:00+00:00\",\"dateModified\":\"2025-08-19T00:19:38+00:00\",\"description\":\"Solenidade de Vesti\u00e7\u00e3o: Sete jovens da \u00c1frica se tornaram Irm\u00e3s de Maria de Schoenstatt neste \u00faltimo domingo em Burundi.\",\"breadcrumb\":{\"@id\":\"https:\\\/\\\/schoenstatt.com\\\/pt-pt\\\/coroadas-em-graca-vesticao-das-novicas-das-irmas-de-maria-em-burundi\\\/#breadcrumb\"},\"inLanguage\":\"pt-PT\",\"potentialAction\":[{\"@type\":\"ReadAction\",\"target\":[\"https:\\\/\\\/schoenstatt.com\\\/pt-pt\\\/coroadas-em-graca-vesticao-das-novicas-das-irmas-de-maria-em-burundi\\\/\"]}]},{\"@type\":\"ImageObject\",\"inLanguage\":\"pt-PT\",\"@id\":\"https:\\\/\\\/schoenstatt.com\\\/pt-pt\\\/coroadas-em-graca-vesticao-das-novicas-das-irmas-de-maria-em-burundi\\\/#primaryimage\",\"url\":\"https:\\\/\\\/schoenstatt.com\\\/wp-content\\\/uploads\\\/2025\\\/02\\\/sisters-of-mary-burundi-1.webp\",\"contentUrl\":\"https:\\\/\\\/schoenstatt.com\\\/wp-content\\\/uploads\\\/2025\\\/02\\\/sisters-of-mary-burundi-1.webp\",\"width\":1920,\"height\":1021},{\"@type\":\"BreadcrumbList\",\"@id\":\"https:\\\/\\\/schoenstatt.com\\\/pt-pt\\\/coroadas-em-graca-vesticao-das-novicas-das-irmas-de-maria-em-burundi\\\/#breadcrumb\",\"itemListElement\":[{\"@type\":\"ListItem\",\"position\":1,\"name\":\"Portada\",\"item\":\"https:\\\/\\\/schoenstatt.com\\\/pt-pt\\\/home\\\/\"},{\"@type\":\"ListItem\",\"position\":2,\"name\":\"Coroadas em gra\u00e7a: Vesti\u00e7\u00e3o das Novi\u00e7as das Irm\u00e3s de Maria em Burundi\"}]},{\"@type\":\"WebSite\",\"@id\":\"https:\\\/\\\/schoenstatt.com\\\/pt-pt\\\/#website\",\"url\":\"https:\\\/\\\/schoenstatt.com\\\/pt-pt\\\/\",\"name\":\"Schoenstatt\",\"description\":\"Apostolic Movement\",\"publisher\":{\"@id\":\"https:\\\/\\\/schoenstatt.com\\\/pt-pt\\\/#organization\"},\"potentialAction\":[{\"@type\":\"SearchAction\",\"target\":{\"@type\":\"EntryPoint\",\"urlTemplate\":\"https:\\\/\\\/schoenstatt.com\\\/pt-pt\\\/?s={search_term_string}\"},\"query-input\":{\"@type\":\"PropertyValueSpecification\",\"valueRequired\":true,\"valueName\":\"search_term_string\"}}],\"inLanguage\":\"pt-PT\"},{\"@type\":\"Organization\",\"@id\":\"https:\\\/\\\/schoenstatt.com\\\/pt-pt\\\/#organization\",\"name\":\"Schoenstatt\",\"url\":\"https:\\\/\\\/schoenstatt.com\\\/pt-pt\\\/\",\"logo\":{\"@type\":\"ImageObject\",\"inLanguage\":\"pt-PT\",\"@id\":\"https:\\\/\\\/schoenstatt.com\\\/pt-pt\\\/#\\\/schema\\\/logo\\\/image\\\/\",\"url\":\"https:\\\/\\\/schoenstatt.com\\\/wp-content\\\/uploads\\\/2025\\\/04\\\/logo-schoenstatt-white-696x696-1.png\",\"contentUrl\":\"https:\\\/\\\/schoenstatt.com\\\/wp-content\\\/uploads\\\/2025\\\/04\\\/logo-schoenstatt-white-696x696-1.png\",\"width\":696,\"height\":694,\"caption\":\"Schoenstatt\"},\"image\":{\"@id\":\"https:\\\/\\\/schoenstatt.com\\\/pt-pt\\\/#\\\/schema\\\/logo\\\/image\\\/\"}},{\"@type\":\"Person\",\"@id\":\"https:\\\/\\\/schoenstatt.com\\\/pt-pt\\\/#\\\/schema\\\/person\\\/5158877ad4acae98b34daaeef2a1ce6e\",\"name\":\"Karen Bueno\",\"image\":{\"@type\":\"ImageObject\",\"inLanguage\":\"pt-PT\",\"@id\":\"https:\\\/\\\/secure.gravatar.com\\\/avatar\\\/f9f4b823873154269d2b2130f195f6d41037dd0d7fc5f3cacb5c846bae70d66b?s=96&d=mm&r=g\",\"url\":\"https:\\\/\\\/secure.gravatar.com\\\/avatar\\\/f9f4b823873154269d2b2130f195f6d41037dd0d7fc5f3cacb5c846bae70d66b?s=96&d=mm&r=g\",\"contentUrl\":\"https:\\\/\\\/secure.gravatar.com\\\/avatar\\\/f9f4b823873154269d2b2130f195f6d41037dd0d7fc5f3cacb5c846bae70d66b?s=96&d=mm&r=g\",\"caption\":\"Karen Bueno\"},\"url\":\"https:\\\/\\\/schoenstatt.com\\\/pt-pt\\\/author\\\/karen-bueno\\\/\"}]}<\/script>\n<!-- \/ Yoast SEO Premium plugin. -->","yoast_head_json":{"title":"Coroadas em gra\u00e7a: Vesti\u00e7\u00e3o das Novi\u00e7as das Irm\u00e3s de Maria em Burundi","description":"Solenidade de Vesti\u00e7\u00e3o: Sete jovens da \u00c1frica se tornaram Irm\u00e3s de Maria de Schoenstatt neste \u00faltimo domingo em Burundi.","robots":{"index":"index","follow":"follow","max-snippet":"max-snippet:-1","max-image-preview":"max-image-preview:large","max-video-preview":"max-video-preview:-1"},"canonical":"https:\/\/schoenstatt.com\/pt-pt\/coroadas-em-graca-vesticao-das-novicas-das-irmas-de-maria-em-burundi\/","og_locale":"pt_PT","og_type":"article","og_title":"Coroadas em gra\u00e7a: Vesti\u00e7\u00e3o das Novi\u00e7as das Irm\u00e3s de Maria em Burundi","og_description":"Solenidade de Vesti\u00e7\u00e3o: Sete jovens da \u00c1frica se tornaram Irm\u00e3s de Maria de Schoenstatt neste \u00faltimo domingo em Burundi.","og_url":"https:\/\/schoenstatt.com\/pt-pt\/coroadas-em-graca-vesticao-das-novicas-das-irmas-de-maria-em-burundi\/","og_site_name":"Schoenstatt","article_published_time":"2025-02-25T02:03:00+00:00","article_modified_time":"2025-08-19T00:19:38+00:00","og_image":[{"width":1920,"height":1021,"url":"https:\/\/schoenstatt.com\/wp-content\/uploads\/2025\/02\/sisters-of-mary-burundi-1.webp","type":"image\/webp"}],"author":"Karen Bueno","twitter_card":"summary_large_image","twitter_misc":{"Escrito por":"Karen Bueno","Tempo estimado de leitura":"4 minutos"},"schema":{"@context":"https:\/\/schema.org","@graph":[{"@type":"Article","@id":"https:\/\/schoenstatt.com\/pt-pt\/coroadas-em-graca-vesticao-das-novicas-das-irmas-de-maria-em-burundi\/#article","isPartOf":{"@id":"https:\/\/schoenstatt.com\/pt-pt\/coroadas-em-graca-vesticao-das-novicas-das-irmas-de-maria-em-burundi\/"},"author":{"name":"Karen Bueno","@id":"https:\/\/schoenstatt.com\/pt-pt\/#\/schema\/person\/5158877ad4acae98b34daaeef2a1ce6e"},"headline":"Coroadas em gra\u00e7a: Vesti\u00e7\u00e3o das Novi\u00e7as das Irm\u00e3s de Maria em Burundi","datePublished":"2025-02-25T02:03:00+00:00","dateModified":"2025-08-19T00:19:38+00:00","mainEntityOfPage":{"@id":"https:\/\/schoenstatt.com\/pt-pt\/coroadas-em-graca-vesticao-das-novicas-das-irmas-de-maria-em-burundi\/"},"wordCount":700,"publisher":{"@id":"https:\/\/schoenstatt.com\/pt-pt\/#organization"},"image":{"@id":"https:\/\/schoenstatt.com\/pt-pt\/coroadas-em-graca-vesticao-das-novicas-das-irmas-de-maria-em-burundi\/#primaryimage"},"thumbnailUrl":"https:\/\/schoenstatt.com\/wp-content\/uploads\/2025\/02\/sisters-of-mary-burundi-1.webp","keywords":["\u00c1frica","Irm\u00e3s de Maria de Schoenstatt","Schoenstatt Burundi","Vesti\u00e7\u00e3o"],"articleSection":["\u00c1frica","Comunidades de Schoenstatt"],"inLanguage":"pt-PT"},{"@type":"WebPage","@id":"https:\/\/schoenstatt.com\/pt-pt\/coroadas-em-graca-vesticao-das-novicas-das-irmas-de-maria-em-burundi\/","url":"https:\/\/schoenstatt.com\/pt-pt\/coroadas-em-graca-vesticao-das-novicas-das-irmas-de-maria-em-burundi\/","name":"Coroadas em gra\u00e7a: Vesti\u00e7\u00e3o das Novi\u00e7as das Irm\u00e3s de Maria em Burundi","isPartOf":{"@id":"https:\/\/schoenstatt.com\/pt-pt\/#website"},"primaryImageOfPage":{"@id":"https:\/\/schoenstatt.com\/pt-pt\/coroadas-em-graca-vesticao-das-novicas-das-irmas-de-maria-em-burundi\/#primaryimage"},"image":{"@id":"https:\/\/schoenstatt.com\/pt-pt\/coroadas-em-graca-vesticao-das-novicas-das-irmas-de-maria-em-burundi\/#primaryimage"},"thumbnailUrl":"https:\/\/schoenstatt.com\/wp-content\/uploads\/2025\/02\/sisters-of-mary-burundi-1.webp","datePublished":"2025-02-25T02:03:00+00:00","dateModified":"2025-08-19T00:19:38+00:00","description":"Solenidade de Vesti\u00e7\u00e3o: Sete jovens da \u00c1frica se tornaram Irm\u00e3s de Maria de Schoenstatt neste \u00faltimo domingo em Burundi.","breadcrumb":{"@id":"https:\/\/schoenstatt.com\/pt-pt\/coroadas-em-graca-vesticao-das-novicas-das-irmas-de-maria-em-burundi\/#breadcrumb"},"inLanguage":"pt-PT","potentialAction":[{"@type":"ReadAction","target":["https:\/\/schoenstatt.com\/pt-pt\/coroadas-em-graca-vesticao-das-novicas-das-irmas-de-maria-em-burundi\/"]}]},{"@type":"ImageObject","inLanguage":"pt-PT","@id":"https:\/\/schoenstatt.com\/pt-pt\/coroadas-em-graca-vesticao-das-novicas-das-irmas-de-maria-em-burundi\/#primaryimage","url":"https:\/\/schoenstatt.com\/wp-content\/uploads\/2025\/02\/sisters-of-mary-burundi-1.webp","contentUrl":"https:\/\/schoenstatt.com\/wp-content\/uploads\/2025\/02\/sisters-of-mary-burundi-1.webp","width":1920,"height":1021},{"@type":"BreadcrumbList","@id":"https:\/\/schoenstatt.com\/pt-pt\/coroadas-em-graca-vesticao-das-novicas-das-irmas-de-maria-em-burundi\/#breadcrumb","itemListElement":[{"@type":"ListItem","position":1,"name":"Portada","item":"https:\/\/schoenstatt.com\/pt-pt\/home\/"},{"@type":"ListItem","position":2,"name":"Coroadas em gra\u00e7a: Vesti\u00e7\u00e3o das Novi\u00e7as das Irm\u00e3s de Maria em Burundi"}]},{"@type":"WebSite","@id":"https:\/\/schoenstatt.com\/pt-pt\/#website","url":"https:\/\/schoenstatt.com\/pt-pt\/","name":"Schoenstatt","description":"Apostolic Movement","publisher":{"@id":"https:\/\/schoenstatt.com\/pt-pt\/#organization"},"potentialAction":[{"@type":"SearchAction","target":{"@type":"EntryPoint","urlTemplate":"https:\/\/schoenstatt.com\/pt-pt\/?s={search_term_string}"},"query-input":{"@type":"PropertyValueSpecification","valueRequired":true,"valueName":"search_term_string"}}],"inLanguage":"pt-PT"},{"@type":"Organization","@id":"https:\/\/schoenstatt.com\/pt-pt\/#organization","name":"Schoenstatt","url":"https:\/\/schoenstatt.com\/pt-pt\/","logo":{"@type":"ImageObject","inLanguage":"pt-PT","@id":"https:\/\/schoenstatt.com\/pt-pt\/#\/schema\/logo\/image\/","url":"https:\/\/schoenstatt.com\/wp-content\/uploads\/2025\/04\/logo-schoenstatt-white-696x696-1.png","contentUrl":"https:\/\/schoenstatt.com\/wp-content\/uploads\/2025\/04\/logo-schoenstatt-white-696x696-1.png","width":696,"height":694,"caption":"Schoenstatt"},"image":{"@id":"https:\/\/schoenstatt.com\/pt-pt\/#\/schema\/logo\/image\/"}},{"@type":"Person","@id":"https:\/\/schoenstatt.com\/pt-pt\/#\/schema\/person\/5158877ad4acae98b34daaeef2a1ce6e","name":"Karen Bueno","image":{"@type":"ImageObject","inLanguage":"pt-PT","@id":"https:\/\/secure.gravatar.com\/avatar\/f9f4b823873154269d2b2130f195f6d41037dd0d7fc5f3cacb5c846bae70d66b?s=96&d=mm&r=g","url":"https:\/\/secure.gravatar.com\/avatar\/f9f4b823873154269d2b2130f195f6d41037dd0d7fc5f3cacb5c846bae70d66b?s=96&d=mm&r=g","contentUrl":"https:\/\/secure.gravatar.com\/avatar\/f9f4b823873154269d2b2130f195f6d41037dd0d7fc5f3cacb5c846bae70d66b?s=96&d=mm&r=g","caption":"Karen Bueno"},"url":"https:\/\/schoenstatt.com\/pt-pt\/author\/karen-bueno\/"}]}},"_links":{"self":[{"href":"https:\/\/schoenstatt.com\/pt-pt\/wp-json\/wp\/v2\/posts\/43599","targetHints":{"allow":["GET"]}}],"collection":[{"href":"https:\/\/schoenstatt.com\/pt-pt\/wp-json\/wp\/v2\/posts"}],"about":[{"href":"https:\/\/schoenstatt.com\/pt-pt\/wp-json\/wp\/v2\/types\/post"}],"author":[{"embeddable":true,"href":"https:\/\/schoenstatt.com\/pt-pt\/wp-json\/wp\/v2\/users\/3"}],"replies":[{"embeddable":true,"href":"https:\/\/schoenstatt.com\/pt-pt\/wp-json\/wp\/v2\/comments?post=43599"}],"version-history":[{"count":6,"href":"https:\/\/schoenstatt.com\/pt-pt\/wp-json\/wp\/v2\/posts\/43599\/revisions"}],"predecessor-version":[{"id":62483,"href":"https:\/\/schoenstatt.com\/pt-pt\/wp-json\/wp\/v2\/posts\/43599\/revisions\/62483"}],"wp:featuredmedia":[{"embeddable":true,"href":"https:\/\/schoenstatt.com\/pt-pt\/wp-json\/wp\/v2\/media\/43561"}],"wp:attachment":[{"href":"https:\/\/schoenstatt.com\/pt-pt\/wp-json\/wp\/v2\/media?parent=43599"}],"wp:term":[{"taxonomy":"category","embeddable":true,"href":"https:\/\/schoenstatt.com\/pt-pt\/wp-json\/wp\/v2\/categories?post=43599"},{"taxonomy":"post_tag","embeddable":true,"href":"https:\/\/schoenstatt.com\/pt-pt\/wp-json\/wp\/v2\/tags?post=43599"}],"curies":[{"name":"wp","href":"https:\/\/api.w.org\/{rel}","templated":true}]}}