{"id":43501,"date":"2025-02-21T13:41:30","date_gmt":"2025-02-21T12:41:30","guid":{"rendered":"https:\/\/schoenstatt.com\/?p=43501"},"modified":"2025-08-15T19:09:30","modified_gmt":"2025-08-15T17:09:30","slug":"programacao-oficial-da-coroacao-em-belmonte-veja-aqui","status":"publish","type":"post","link":"https:\/\/schoenstatt.com\/pt-pt\/programacao-oficial-da-coroacao-em-belmonte-veja-aqui\/","title":{"rendered":"Programa\u00e7\u00e3o oficial da coroa\u00e7\u00e3o em Belmonte: Veja aqui"},"content":{"rendered":"\n<p>O <a href=\"https:\/\/www.roma-belmonte.info\/pt\/\" target=\"_blank\" rel=\"noreferrer noopener\">Centro Internacional de Schoenstatt de Belmonte<\/a> divulga as atividades que acontecer\u00e3o no contexto da coroa\u00e7\u00e3o, incluindo a novena e os eventos dos dias 7 a 9 de junho de 2025. Acompanhe abaixo:<\/p>\n\n\n\n<div style=\"height:56px\" aria-hidden=\"true\" class=\"wp-block-spacer\"><\/div>\n\n\n\n<p class=\"has-text-align-center\"><strong>COROA\u00c7\u00c3O INTERNACIONAL DA MTA COMO \u201cREGINA MATER ECCLESIAE\u201d (Rainha M\u00e3e da Igreja)<\/strong><\/p>\n\n\n\n<p class=\"has-text-align-center\"><strong>Santu\u00e1rio Matri Ecclesiae, Roma, 09 de junho de 2025<\/strong><\/p>\n\n\n\n<div style=\"height:51px\" aria-hidden=\"true\" class=\"wp-block-spacer\"><\/div>\n\n\n\n<p><strong>De 29\/05 a 06\/06\/2025<\/strong><\/p>\n\n\n\n<p>18h (hora italiana), Santa Missa e novena de prepara\u00e7\u00e3o. Transmiss\u00e3o pelo canal de Belmonte no YouTube<\/p>\n\n\n\n<hr class=\"wp-block-separator has-text-color has-alpha-channel-opacity has-background is-style-default\" style=\"margin-top:41;margin-bottom:41;background-color:#ed910f;color:#ed910f\"\/>\n\n\n\n<div style=\"height:26px\" aria-hidden=\"true\" class=\"wp-block-spacer\"><\/div>\n\n\n\n<p><strong>S\u00e1bado, 07\/06\/2025, Vig\u00edlia de Pentecostes<\/strong><\/p>\n\n\n\n<p>Durante o dia, possibilidade de visitar o Santu\u00e1rio e receber a indulg\u00eancia plen\u00e1ria<br>Das 9h \u00e0s 13h e das 16h \u00e0s 18h &#8211; Confessores dispon\u00edveis (em italiano, espanhol, portugu\u00eas, ingl\u00eas, franc\u00eas)<br>18h &#8211; Ros\u00e1rio e Santa Missa na v\u00e9spera de Pentecostes (em italiano)<\/p>\n\n\n\n<hr class=\"wp-block-separator has-text-color has-alpha-channel-opacity has-background is-style-default\" style=\"margin-top:41;margin-bottom:41;background-color:#ed910f;color:#ed910f\"\/>\n\n\n\n<div style=\"height:26px\" aria-hidden=\"true\" class=\"wp-block-spacer\"><\/div>\n\n\n\n<p><strong>Domingo, 08\/06\/2025, SOLENIDADE DE PENTECOSTES<\/strong><\/p>\n\n\n\n<p>Durante o dia, possibilidade de visitar o Santu\u00e1rio e receber a indulg\u00eancia plen\u00e1ria<br>Das 9h \u00e0s 13h e das 16h \u00e0s 18h &#8211; Confessores dispon\u00edveis (em italiano, espanhol, portugu\u00eas, ingl\u00eas, franc\u00eas)<br>18h30 &#8211; Ros\u00e1rio e Santa Missa de Pentecostes (em italiano) transmitidos no canal do YouTube do Santu\u00e1rio. Em seguida, a coroa ser\u00e1 levada at\u00e9 o Santu\u00e1rio, partindo da Domus Pater Kentenich, passando pela ermida hist\u00f3rica e pela est\u00e1tua do Pe. Kentenich<br>20h30 &#8211; Pizza = \u00e9 necess\u00e1rio fazer reserva enviando uma mensagem escrita (n\u00e3o vocal), em qualquer l\u00edngua, ao n\u00famero +39 338 817 3324<\/p>\n\n\n\n<hr class=\"wp-block-separator has-text-color has-alpha-channel-opacity has-background is-style-default\" style=\"margin-top:41;margin-bottom:41;background-color:#ed910f;color:#ed910f\"\/>\n\n\n\n<div style=\"height:26px\" aria-hidden=\"true\" class=\"wp-block-spacer\"><\/div>\n\n\n\n<p><strong>Segunda-feira, 06\/09\/2025, Mem\u00f3ria Lit\u00fargica de Maria M\u00e3e da Igreja<\/strong><\/p>\n\n\n\n<p>Pedimos \u00e0s pessoas que vierem individualmente, aos Cursos, Grupos e delega\u00e7\u00f5es de pa\u00edses que vierem a Belmonte para a Coroa\u00e7\u00e3o que nos informem at\u00e9 o dia 15 de maio de 2025, enviando-nos um e-mail, a fim de receber &#8211; em uma data mais pr\u00f3xima do evento &#8211; informa\u00e7\u00f5es \u00fateis e necess\u00e1rias para a chegada e participa\u00e7\u00e3o da Missa e das atividades do dia. Endere\u00e7o eletr\u00f4nico: schoenstattromabelmonte@gmail.com<\/p>\n\n\n\n<p>A partir das 9h30 (hora da It\u00e1lia) &#8211; Programa transmitido pelo canal do YouTube do Santu\u00e1rio<br>a) Acolhida dos grupos. Apresenta\u00e7\u00e3o das coroas oferecidas \u00e0 MTA por parte de Cursos, Grupos, peregrinos individuais e das delega\u00e7\u00f5es dos pa\u00edses.<br>b) Mem\u00f3ria hist\u00f3rica e testemunhos<br>c) Santa Missa (em italiano, com leituras e cantos em v\u00e1rios idiomas)<br>d) Rito da Coroa\u00e7\u00e3o<br>\u2026<br>Durante o dia, possibilidade de visitar o Santu\u00e1rio e obter a indulg\u00eancia plen\u00e1ria<br>Das 9h \u00e0s 13h e das 17h \u00e0s 19h &#8211; Confessores dispon\u00edveis (em italiano, espanhol, portugu\u00eas, alem\u00e3o, ingl\u00eas, franc\u00eas)<br>\u2026<br>13h &#8211; Almo\u00e7o = \u00e9 necess\u00e1rio fazer reserva enviando uma mensagem escrita (n\u00e3o vocal), em qualquer l\u00edngua, ao n\u00famero +39 338 817 3324<br>\u2026<br>15h30 &#8211; Workshops:<br>In IT = 75\u00ba anniversario della Campagna della Madonna Pellegrina<br>Auf DE = 60. Jahrestag der R\u00fcckkehr Pater Kentenichs: vom Exil nach Rom!<br>Em PT = Carismas dos batizados e renova\u00e7\u00e3o da Igreja: contribui\u00e7\u00e3o de Schoenstatt<br>\u2026<br>19h &#8211; V\u00e9speras solenes de Pentecostes na Domus Pater Kentenich (em alem\u00e3o, com salmos e c\u00e2nticos em v\u00e1rios idiomas). Sauda\u00e7\u00e3o a Nossa Senhora no Santu\u00e1rio. Celebra\u00e7\u00e3o do \u201cadeus\u201d<\/p>\n\n\n\n<div class=\"wp-block-buttons is-content-justification-center is-layout-flex wp-container-core-buttons-is-layout-a89b3969 wp-block-buttons-is-layout-flex\">\n<div class=\"wp-block-button\"><a class=\"wp-block-button__link has-white-color has-text-color has-background has-link-color wp-element-button\" href=\"https:\/\/schoenstatt.com\/wp-content\/uploads\/2025\/02\/@PT-Programa-coroacao-09-06-2025.pdf\" style=\"border-radius:14px;background-color:#d77f05\" target=\"_blank\" rel=\"noreferrer noopener\"><strong>Programa\u00e7\u00e3o em PDF<\/strong><\/a><\/div>\n<\/div>\n\n\n\n<p><strong>Lembrete: <\/strong>Amanh\u00e3, dia 22 de fevereiro, rezamos o terceiro dia da novena \u2013 <a href=\"https:\/\/schoenstatt.com\/pt-pt\/coroacao-internacional-em-belmonte\/\"><mark style=\"background-color:rgba(0, 0, 0, 0);color:#d77f05\" class=\"has-inline-color\">clique aqui para acessar o conte\u00fado.<\/mark><\/a><\/p>\n","protected":false},"excerpt":{"rendered":"<p>Descubra quais ser\u00e3o as principais atividades em Belmonte durante a coroa\u00e7\u00e3o internacional da MTA como \u201cRainha M\u00e3e da Igreja\u201d.<\/p>\n","protected":false},"author":3,"featured_media":43526,"comment_status":"closed","ping_status":"closed","sticky":false,"template":"","format":"standard","meta":{"footnotes":""},"categories":[636],"tags":[448,979],"class_list":["post-43501","post","type-post","status-publish","format-standard","has-post-thumbnail","hentry","category-eventos-pt-pt","tag-belmonte-roma-pt-pt","tag-coroacao-pt-pt"],"yoast_head":"<!-- This site is optimized with the Yoast SEO Premium plugin v27.4 (Yoast SEO v27.4) - https:\/\/yoast.com\/product\/yoast-seo-premium-wordpress\/ -->\n<title>Programa\u00e7\u00e3o oficial da coroa\u00e7\u00e3o em Belmonte: Veja aqui - Schoenstatt<\/title>\n<meta name=\"description\" content=\"Descubra quais ser\u00e3o as principais atividades em Belmonte durante a coroa\u00e7\u00e3o internacional da MTA como \u201cRainha M\u00e3e da Igreja\u201d.\" \/>\n<meta name=\"robots\" content=\"index, follow, max-snippet:-1, max-image-preview:large, max-video-preview:-1\" \/>\n<link rel=\"canonical\" href=\"https:\/\/schoenstatt.com\/pt-pt\/programacao-oficial-da-coroacao-em-belmonte-veja-aqui\/\" \/>\n<meta property=\"og:locale\" content=\"pt_PT\" \/>\n<meta property=\"og:type\" content=\"article\" \/>\n<meta property=\"og:title\" content=\"Programa\u00e7\u00e3o oficial da coroa\u00e7\u00e3o em Belmonte: Veja aqui\" \/>\n<meta property=\"og:description\" content=\"Descubra quais ser\u00e3o as principais atividades em Belmonte durante a coroa\u00e7\u00e3o internacional da MTA como \u201cRainha M\u00e3e da Igreja\u201d.\" \/>\n<meta property=\"og:url\" content=\"https:\/\/schoenstatt.com\/pt-pt\/programacao-oficial-da-coroacao-em-belmonte-veja-aqui\/\" \/>\n<meta property=\"og:site_name\" content=\"Schoenstatt\" \/>\n<meta property=\"article:published_time\" content=\"2025-02-21T12:41:30+00:00\" \/>\n<meta property=\"article:modified_time\" content=\"2025-08-15T17:09:30+00:00\" \/>\n<meta property=\"og:image\" content=\"https:\/\/schoenstatt.com\/wp-content\/uploads\/2023\/09\/matri-ecclesiae-belmonte-2-1.jpg\" \/>\n\t<meta property=\"og:image:width\" content=\"2000\" \/>\n\t<meta property=\"og:image:height\" content=\"1416\" \/>\n\t<meta property=\"og:image:type\" content=\"image\/jpeg\" \/>\n<meta name=\"author\" content=\"Karen Bueno\" \/>\n<meta name=\"twitter:card\" content=\"summary_large_image\" \/>\n<meta name=\"twitter:label1\" content=\"Escrito por\" \/>\n\t<meta name=\"twitter:data1\" content=\"Karen Bueno\" \/>\n\t<meta name=\"twitter:label2\" content=\"Tempo estimado de leitura\" \/>\n\t<meta name=\"twitter:data2\" content=\"3 minutos\" \/>\n<script type=\"application\/ld+json\" class=\"yoast-schema-graph\">{\"@context\":\"https:\\\/\\\/schema.org\",\"@graph\":[{\"@type\":\"Article\",\"@id\":\"https:\\\/\\\/schoenstatt.com\\\/pt-pt\\\/programacao-oficial-da-coroacao-em-belmonte-veja-aqui\\\/#article\",\"isPartOf\":{\"@id\":\"https:\\\/\\\/schoenstatt.com\\\/pt-pt\\\/programacao-oficial-da-coroacao-em-belmonte-veja-aqui\\\/\"},\"author\":{\"name\":\"Karen Bueno\",\"@id\":\"https:\\\/\\\/schoenstatt.com\\\/pt-pt\\\/#\\\/schema\\\/person\\\/5158877ad4acae98b34daaeef2a1ce6e\"},\"headline\":\"Programa\u00e7\u00e3o oficial da coroa\u00e7\u00e3o em Belmonte: Veja aqui\",\"datePublished\":\"2025-02-21T12:41:30+00:00\",\"dateModified\":\"2025-08-15T17:09:30+00:00\",\"mainEntityOfPage\":{\"@id\":\"https:\\\/\\\/schoenstatt.com\\\/pt-pt\\\/programacao-oficial-da-coroacao-em-belmonte-veja-aqui\\\/\"},\"wordCount\":554,\"publisher\":{\"@id\":\"https:\\\/\\\/schoenstatt.com\\\/pt-pt\\\/#organization\"},\"image\":{\"@id\":\"https:\\\/\\\/schoenstatt.com\\\/pt-pt\\\/programacao-oficial-da-coroacao-em-belmonte-veja-aqui\\\/#primaryimage\"},\"thumbnailUrl\":\"https:\\\/\\\/schoenstatt.com\\\/wp-content\\\/uploads\\\/2023\\\/09\\\/matri-ecclesiae-belmonte-2-1.jpg\",\"keywords\":[\"Belmonte - Roma\",\"Coroa\u00e7\u00e3o\"],\"articleSection\":[\"Eventos\"],\"inLanguage\":\"pt-PT\"},{\"@type\":\"WebPage\",\"@id\":\"https:\\\/\\\/schoenstatt.com\\\/pt-pt\\\/programacao-oficial-da-coroacao-em-belmonte-veja-aqui\\\/\",\"url\":\"https:\\\/\\\/schoenstatt.com\\\/pt-pt\\\/programacao-oficial-da-coroacao-em-belmonte-veja-aqui\\\/\",\"name\":\"Programa\u00e7\u00e3o oficial da coroa\u00e7\u00e3o em Belmonte: Veja aqui - Schoenstatt\",\"isPartOf\":{\"@id\":\"https:\\\/\\\/schoenstatt.com\\\/pt-pt\\\/#website\"},\"primaryImageOfPage\":{\"@id\":\"https:\\\/\\\/schoenstatt.com\\\/pt-pt\\\/programacao-oficial-da-coroacao-em-belmonte-veja-aqui\\\/#primaryimage\"},\"image\":{\"@id\":\"https:\\\/\\\/schoenstatt.com\\\/pt-pt\\\/programacao-oficial-da-coroacao-em-belmonte-veja-aqui\\\/#primaryimage\"},\"thumbnailUrl\":\"https:\\\/\\\/schoenstatt.com\\\/wp-content\\\/uploads\\\/2023\\\/09\\\/matri-ecclesiae-belmonte-2-1.jpg\",\"datePublished\":\"2025-02-21T12:41:30+00:00\",\"dateModified\":\"2025-08-15T17:09:30+00:00\",\"description\":\"Descubra quais ser\u00e3o as principais atividades em Belmonte durante a coroa\u00e7\u00e3o internacional da MTA como \u201cRainha M\u00e3e da Igreja\u201d.\",\"breadcrumb\":{\"@id\":\"https:\\\/\\\/schoenstatt.com\\\/pt-pt\\\/programacao-oficial-da-coroacao-em-belmonte-veja-aqui\\\/#breadcrumb\"},\"inLanguage\":\"pt-PT\",\"potentialAction\":[{\"@type\":\"ReadAction\",\"target\":[\"https:\\\/\\\/schoenstatt.com\\\/pt-pt\\\/programacao-oficial-da-coroacao-em-belmonte-veja-aqui\\\/\"]}]},{\"@type\":\"ImageObject\",\"inLanguage\":\"pt-PT\",\"@id\":\"https:\\\/\\\/schoenstatt.com\\\/pt-pt\\\/programacao-oficial-da-coroacao-em-belmonte-veja-aqui\\\/#primaryimage\",\"url\":\"https:\\\/\\\/schoenstatt.com\\\/wp-content\\\/uploads\\\/2023\\\/09\\\/matri-ecclesiae-belmonte-2-1.jpg\",\"contentUrl\":\"https:\\\/\\\/schoenstatt.com\\\/wp-content\\\/uploads\\\/2023\\\/09\\\/matri-ecclesiae-belmonte-2-1.jpg\",\"width\":2000,\"height\":1416},{\"@type\":\"BreadcrumbList\",\"@id\":\"https:\\\/\\\/schoenstatt.com\\\/pt-pt\\\/programacao-oficial-da-coroacao-em-belmonte-veja-aqui\\\/#breadcrumb\",\"itemListElement\":[{\"@type\":\"ListItem\",\"position\":1,\"name\":\"Portada\",\"item\":\"https:\\\/\\\/schoenstatt.com\\\/pt-pt\\\/home\\\/\"},{\"@type\":\"ListItem\",\"position\":2,\"name\":\"Programa\u00e7\u00e3o oficial da coroa\u00e7\u00e3o em Belmonte: Veja aqui\"}]},{\"@type\":\"WebSite\",\"@id\":\"https:\\\/\\\/schoenstatt.com\\\/pt-pt\\\/#website\",\"url\":\"https:\\\/\\\/schoenstatt.com\\\/pt-pt\\\/\",\"name\":\"Schoenstatt\",\"description\":\"Apostolic Movement\",\"publisher\":{\"@id\":\"https:\\\/\\\/schoenstatt.com\\\/pt-pt\\\/#organization\"},\"potentialAction\":[{\"@type\":\"SearchAction\",\"target\":{\"@type\":\"EntryPoint\",\"urlTemplate\":\"https:\\\/\\\/schoenstatt.com\\\/pt-pt\\\/?s={search_term_string}\"},\"query-input\":{\"@type\":\"PropertyValueSpecification\",\"valueRequired\":true,\"valueName\":\"search_term_string\"}}],\"inLanguage\":\"pt-PT\"},{\"@type\":\"Organization\",\"@id\":\"https:\\\/\\\/schoenstatt.com\\\/pt-pt\\\/#organization\",\"name\":\"Schoenstatt\",\"url\":\"https:\\\/\\\/schoenstatt.com\\\/pt-pt\\\/\",\"logo\":{\"@type\":\"ImageObject\",\"inLanguage\":\"pt-PT\",\"@id\":\"https:\\\/\\\/schoenstatt.com\\\/pt-pt\\\/#\\\/schema\\\/logo\\\/image\\\/\",\"url\":\"https:\\\/\\\/schoenstatt.com\\\/wp-content\\\/uploads\\\/2025\\\/04\\\/logo-schoenstatt-white-696x696-1.png\",\"contentUrl\":\"https:\\\/\\\/schoenstatt.com\\\/wp-content\\\/uploads\\\/2025\\\/04\\\/logo-schoenstatt-white-696x696-1.png\",\"width\":696,\"height\":694,\"caption\":\"Schoenstatt\"},\"image\":{\"@id\":\"https:\\\/\\\/schoenstatt.com\\\/pt-pt\\\/#\\\/schema\\\/logo\\\/image\\\/\"}},{\"@type\":\"Person\",\"@id\":\"https:\\\/\\\/schoenstatt.com\\\/pt-pt\\\/#\\\/schema\\\/person\\\/5158877ad4acae98b34daaeef2a1ce6e\",\"name\":\"Karen Bueno\",\"image\":{\"@type\":\"ImageObject\",\"inLanguage\":\"pt-PT\",\"@id\":\"https:\\\/\\\/secure.gravatar.com\\\/avatar\\\/f9f4b823873154269d2b2130f195f6d41037dd0d7fc5f3cacb5c846bae70d66b?s=96&d=mm&r=g\",\"url\":\"https:\\\/\\\/secure.gravatar.com\\\/avatar\\\/f9f4b823873154269d2b2130f195f6d41037dd0d7fc5f3cacb5c846bae70d66b?s=96&d=mm&r=g\",\"contentUrl\":\"https:\\\/\\\/secure.gravatar.com\\\/avatar\\\/f9f4b823873154269d2b2130f195f6d41037dd0d7fc5f3cacb5c846bae70d66b?s=96&d=mm&r=g\",\"caption\":\"Karen Bueno\"},\"url\":\"https:\\\/\\\/schoenstatt.com\\\/pt-pt\\\/author\\\/karen-bueno\\\/\"}]}<\/script>\n<!-- \/ Yoast SEO Premium plugin. -->","yoast_head_json":{"title":"Programa\u00e7\u00e3o oficial da coroa\u00e7\u00e3o em Belmonte: Veja aqui - Schoenstatt","description":"Descubra quais ser\u00e3o as principais atividades em Belmonte durante a coroa\u00e7\u00e3o internacional da MTA como \u201cRainha M\u00e3e da Igreja\u201d.","robots":{"index":"index","follow":"follow","max-snippet":"max-snippet:-1","max-image-preview":"max-image-preview:large","max-video-preview":"max-video-preview:-1"},"canonical":"https:\/\/schoenstatt.com\/pt-pt\/programacao-oficial-da-coroacao-em-belmonte-veja-aqui\/","og_locale":"pt_PT","og_type":"article","og_title":"Programa\u00e7\u00e3o oficial da coroa\u00e7\u00e3o em Belmonte: Veja aqui","og_description":"Descubra quais ser\u00e3o as principais atividades em Belmonte durante a coroa\u00e7\u00e3o internacional da MTA como \u201cRainha M\u00e3e da Igreja\u201d.","og_url":"https:\/\/schoenstatt.com\/pt-pt\/programacao-oficial-da-coroacao-em-belmonte-veja-aqui\/","og_site_name":"Schoenstatt","article_published_time":"2025-02-21T12:41:30+00:00","article_modified_time":"2025-08-15T17:09:30+00:00","og_image":[{"width":2000,"height":1416,"url":"https:\/\/schoenstatt.com\/wp-content\/uploads\/2023\/09\/matri-ecclesiae-belmonte-2-1.jpg","type":"image\/jpeg"}],"author":"Karen Bueno","twitter_card":"summary_large_image","twitter_misc":{"Escrito por":"Karen Bueno","Tempo estimado de leitura":"3 minutos"},"schema":{"@context":"https:\/\/schema.org","@graph":[{"@type":"Article","@id":"https:\/\/schoenstatt.com\/pt-pt\/programacao-oficial-da-coroacao-em-belmonte-veja-aqui\/#article","isPartOf":{"@id":"https:\/\/schoenstatt.com\/pt-pt\/programacao-oficial-da-coroacao-em-belmonte-veja-aqui\/"},"author":{"name":"Karen Bueno","@id":"https:\/\/schoenstatt.com\/pt-pt\/#\/schema\/person\/5158877ad4acae98b34daaeef2a1ce6e"},"headline":"Programa\u00e7\u00e3o oficial da coroa\u00e7\u00e3o em Belmonte: Veja aqui","datePublished":"2025-02-21T12:41:30+00:00","dateModified":"2025-08-15T17:09:30+00:00","mainEntityOfPage":{"@id":"https:\/\/schoenstatt.com\/pt-pt\/programacao-oficial-da-coroacao-em-belmonte-veja-aqui\/"},"wordCount":554,"publisher":{"@id":"https:\/\/schoenstatt.com\/pt-pt\/#organization"},"image":{"@id":"https:\/\/schoenstatt.com\/pt-pt\/programacao-oficial-da-coroacao-em-belmonte-veja-aqui\/#primaryimage"},"thumbnailUrl":"https:\/\/schoenstatt.com\/wp-content\/uploads\/2023\/09\/matri-ecclesiae-belmonte-2-1.jpg","keywords":["Belmonte - Roma","Coroa\u00e7\u00e3o"],"articleSection":["Eventos"],"inLanguage":"pt-PT"},{"@type":"WebPage","@id":"https:\/\/schoenstatt.com\/pt-pt\/programacao-oficial-da-coroacao-em-belmonte-veja-aqui\/","url":"https:\/\/schoenstatt.com\/pt-pt\/programacao-oficial-da-coroacao-em-belmonte-veja-aqui\/","name":"Programa\u00e7\u00e3o oficial da coroa\u00e7\u00e3o em Belmonte: Veja aqui - Schoenstatt","isPartOf":{"@id":"https:\/\/schoenstatt.com\/pt-pt\/#website"},"primaryImageOfPage":{"@id":"https:\/\/schoenstatt.com\/pt-pt\/programacao-oficial-da-coroacao-em-belmonte-veja-aqui\/#primaryimage"},"image":{"@id":"https:\/\/schoenstatt.com\/pt-pt\/programacao-oficial-da-coroacao-em-belmonte-veja-aqui\/#primaryimage"},"thumbnailUrl":"https:\/\/schoenstatt.com\/wp-content\/uploads\/2023\/09\/matri-ecclesiae-belmonte-2-1.jpg","datePublished":"2025-02-21T12:41:30+00:00","dateModified":"2025-08-15T17:09:30+00:00","description":"Descubra quais ser\u00e3o as principais atividades em Belmonte durante a coroa\u00e7\u00e3o internacional da MTA como \u201cRainha M\u00e3e da Igreja\u201d.","breadcrumb":{"@id":"https:\/\/schoenstatt.com\/pt-pt\/programacao-oficial-da-coroacao-em-belmonte-veja-aqui\/#breadcrumb"},"inLanguage":"pt-PT","potentialAction":[{"@type":"ReadAction","target":["https:\/\/schoenstatt.com\/pt-pt\/programacao-oficial-da-coroacao-em-belmonte-veja-aqui\/"]}]},{"@type":"ImageObject","inLanguage":"pt-PT","@id":"https:\/\/schoenstatt.com\/pt-pt\/programacao-oficial-da-coroacao-em-belmonte-veja-aqui\/#primaryimage","url":"https:\/\/schoenstatt.com\/wp-content\/uploads\/2023\/09\/matri-ecclesiae-belmonte-2-1.jpg","contentUrl":"https:\/\/schoenstatt.com\/wp-content\/uploads\/2023\/09\/matri-ecclesiae-belmonte-2-1.jpg","width":2000,"height":1416},{"@type":"BreadcrumbList","@id":"https:\/\/schoenstatt.com\/pt-pt\/programacao-oficial-da-coroacao-em-belmonte-veja-aqui\/#breadcrumb","itemListElement":[{"@type":"ListItem","position":1,"name":"Portada","item":"https:\/\/schoenstatt.com\/pt-pt\/home\/"},{"@type":"ListItem","position":2,"name":"Programa\u00e7\u00e3o oficial da coroa\u00e7\u00e3o em Belmonte: Veja aqui"}]},{"@type":"WebSite","@id":"https:\/\/schoenstatt.com\/pt-pt\/#website","url":"https:\/\/schoenstatt.com\/pt-pt\/","name":"Schoenstatt","description":"Apostolic Movement","publisher":{"@id":"https:\/\/schoenstatt.com\/pt-pt\/#organization"},"potentialAction":[{"@type":"SearchAction","target":{"@type":"EntryPoint","urlTemplate":"https:\/\/schoenstatt.com\/pt-pt\/?s={search_term_string}"},"query-input":{"@type":"PropertyValueSpecification","valueRequired":true,"valueName":"search_term_string"}}],"inLanguage":"pt-PT"},{"@type":"Organization","@id":"https:\/\/schoenstatt.com\/pt-pt\/#organization","name":"Schoenstatt","url":"https:\/\/schoenstatt.com\/pt-pt\/","logo":{"@type":"ImageObject","inLanguage":"pt-PT","@id":"https:\/\/schoenstatt.com\/pt-pt\/#\/schema\/logo\/image\/","url":"https:\/\/schoenstatt.com\/wp-content\/uploads\/2025\/04\/logo-schoenstatt-white-696x696-1.png","contentUrl":"https:\/\/schoenstatt.com\/wp-content\/uploads\/2025\/04\/logo-schoenstatt-white-696x696-1.png","width":696,"height":694,"caption":"Schoenstatt"},"image":{"@id":"https:\/\/schoenstatt.com\/pt-pt\/#\/schema\/logo\/image\/"}},{"@type":"Person","@id":"https:\/\/schoenstatt.com\/pt-pt\/#\/schema\/person\/5158877ad4acae98b34daaeef2a1ce6e","name":"Karen Bueno","image":{"@type":"ImageObject","inLanguage":"pt-PT","@id":"https:\/\/secure.gravatar.com\/avatar\/f9f4b823873154269d2b2130f195f6d41037dd0d7fc5f3cacb5c846bae70d66b?s=96&d=mm&r=g","url":"https:\/\/secure.gravatar.com\/avatar\/f9f4b823873154269d2b2130f195f6d41037dd0d7fc5f3cacb5c846bae70d66b?s=96&d=mm&r=g","contentUrl":"https:\/\/secure.gravatar.com\/avatar\/f9f4b823873154269d2b2130f195f6d41037dd0d7fc5f3cacb5c846bae70d66b?s=96&d=mm&r=g","caption":"Karen Bueno"},"url":"https:\/\/schoenstatt.com\/pt-pt\/author\/karen-bueno\/"}]}},"_links":{"self":[{"href":"https:\/\/schoenstatt.com\/pt-pt\/wp-json\/wp\/v2\/posts\/43501","targetHints":{"allow":["GET"]}}],"collection":[{"href":"https:\/\/schoenstatt.com\/pt-pt\/wp-json\/wp\/v2\/posts"}],"about":[{"href":"https:\/\/schoenstatt.com\/pt-pt\/wp-json\/wp\/v2\/types\/post"}],"author":[{"embeddable":true,"href":"https:\/\/schoenstatt.com\/pt-pt\/wp-json\/wp\/v2\/users\/3"}],"replies":[{"embeddable":true,"href":"https:\/\/schoenstatt.com\/pt-pt\/wp-json\/wp\/v2\/comments?post=43501"}],"version-history":[{"count":6,"href":"https:\/\/schoenstatt.com\/pt-pt\/wp-json\/wp\/v2\/posts\/43501\/revisions"}],"predecessor-version":[{"id":61872,"href":"https:\/\/schoenstatt.com\/pt-pt\/wp-json\/wp\/v2\/posts\/43501\/revisions\/61872"}],"wp:featuredmedia":[{"embeddable":true,"href":"https:\/\/schoenstatt.com\/pt-pt\/wp-json\/wp\/v2\/media\/43526"}],"wp:attachment":[{"href":"https:\/\/schoenstatt.com\/pt-pt\/wp-json\/wp\/v2\/media?parent=43501"}],"wp:term":[{"taxonomy":"category","embeddable":true,"href":"https:\/\/schoenstatt.com\/pt-pt\/wp-json\/wp\/v2\/categories?post=43501"},{"taxonomy":"post_tag","embeddable":true,"href":"https:\/\/schoenstatt.com\/pt-pt\/wp-json\/wp\/v2\/tags?post=43501"}],"curies":[{"name":"wp","href":"https:\/\/api.w.org\/{rel}","templated":true}]}}